{"id":235680,"date":"2024-04-15T13:50:12","date_gmt":"2024-04-15T11:50:12","guid":{"rendered":"https:\/\/tuzlainfo.ba\/?p=235680"},"modified":"2024-04-15T19:55:09","modified_gmt":"2024-04-15T17:55:09","slug":"novi-direktor-ukc-a-tuzla-pozvao-schmidta-da-izmjeni-zakon-zbog-onkoloskih-pacijenata","status":"publish","type":"post","link":"https:\/\/tuzlainfo.ba\/index.php\/istaknuto\/item\/235680-novi-direktor-ukc-a-tuzla-pozvao-schmidta-da-izmjeni-zakon-zbog-onkoloskih-pacijenata\/","title":{"rendered":"Novi direktor UKC-a Tuzla pozvao Schmidta da izmjeni Zakon zbog onkolo\u0161kih pacijenata"},"content":{"rendered":"<p>Direktor Univerzitetskog klini\u010dkog centra Tuzla \u0160ekib Umihani\u0107 pozvao je danas visokog predstavnika za BiH Christiana Schmidta da izmjeni Zakon o javnim nabavkama na jedan dan.<\/p>\n<p>Nakon \u0161to su iscrpljene sve pravne mogu\u0107nosti, Umihani\u0107 je istakao kako je ovo jedno od najbr\u017eih rje\u0161enja kojim bi se otko\u010dila nabavka linearnog akceleratora koji slu\u017ei za tretman pacijenata s najte\u017eim oboljenjima.<\/p>\n<p>&#8211; Imamo 100 pacijenata za radioterapiju. Dvije tenderske procedure su oborene i zato pozivam visokog predstavnika da izmijeni Zakon o javnim nabavkama. Imamo sporazume sa Zenicom za 20 pacijenata, Mostarom 15 pacijenata i Banjom Lukom 20 pacijenata za radioterapiju, dok sa Sarajevom nemamo sporazum jer je kod njih u toku instalacija opreme. Ponavljam imamo 100 pacijenata i ako ova situacija potraje, na\u017ealost, neki od njih ne\u0107e do\u010dekati radioterapiju &#8211; rekao je Umihani\u0107.<\/p>\n<p>Umihani\u0107 je istakao da \u0107e se\u00a0 ovaj broj svakodnevno pove\u0107avati, jer se na sedmi\u010dnom nivou imamo oko 20 novih pacijenta kojima je indicirana radioterapija, te naveo<\/p>\n<p>&#8211; S obzirom na prijetnju po zdravlje i \u017eivote velikog broja pacijenta, kao i \u010dinjenicu da je finansiranje radioterapije isklju\u010divo u domenu institucija FBiH, a zbog nepostojanja uslova za sprovo\u0111enje radiotretmana u UKC Tuzla:<\/p>\n<p>-Pozivam Visokog predstavnika (OHR) da razmotri mogu\u0107nost da izmijeni propise na jedan dan i da svojom odlukom omogu\u0107i Vladi FBiH ili Vladi TK-a da izvr\u0161i nabavku opreme i ure\u0111aja za radioterapiju za potrebe UKC Tuzla po, uslovno re\u010deno, odre\u0111enom vidu skra\u0107enog i hitnog postupka nabavke.\u2019<\/p>\n<p>-Zahtjevam od Predsjedateljice Vije\u0107a Ministara BiH, Premijera FBiH, Ministra zdravstava FBiH, Direktora ZZOR FBiH da se aktivno uklju\u010de u rje\u0161avanje zdravstvenog problema i iznala\u017eenju rje\u0161enja za lije\u010denje 100 onkolo\u0161kih bolesnika Tuzlanskog kantona. Broj se svakodnevno pove\u0107ava. -S obzirom da postoji prijetnja po zdravlje i \u017eivote velikog broja pacijenta, predla\u017eiti \u0107u nadle\u017enim da se izme\u0111u ostalog proglasi vanredna situacija ukoliko postoji i minimum zakonskih mogu\u0107nosti za takvu odluku.<\/p>\n<p>-Mole se sve humanitarne organizacije koje djeluju u Bosni i Hercegovini kao i sve druge prijateljske organizacije, mole se Ujedinjene nacije i Ured Svjetske zdravstvene organizacije u Sarajevu za pomo\u0107 u iznala\u017eenju rje\u0161enja i osiguranja adekvatnog lije\u010denju onkolo\u0161kih bolesnika Tuzlanskog kantona.<\/p>\n<p>-Tra\u017ei se od Tu\u017eiteljstva Tuzlanskog kantona da istra\u017ei sve okolnosti koje su dovele do ugro\u017eavanja zdravlja i \u017eivota onkolo\u0161kih bolesnika kojima je odre\u0111ena radioterapija a u vezi ne sprovo\u0111enja iste u periodu mart 2023. &#8211; april 2024. godina.<\/p>\n<p>Ja, novoimenovani v.d. Direktor UKC Tuzla \u0107u koordinirati aktivnosti institucija Tuzlanskog kantona, koje u narednom periodu moraju dati svoj maksimum kako bi se rije\u0161io problem lije\u010denja onkolo\u0161kih pacijenata i kako bi se na UKC Tuzla op\u0107enito znatno popravili uslovi za lije\u010denje svih pacijenata.<\/p>\n<p>Pozivi su upu\u0107eni i Vije\u0107u ministara BiH, Vladi Federacije BiH, resornim ministarstvima i humanitarnim organizacijama da pomognu u rje\u0161avanju tog problema. Novac je, podsje\u0107anja radi, obezbije\u0111en, ali kupovina nije realizovana zbog \u017ealbi i obaranja tendera u Uredu za \u017ealbe.<\/p>\n<p>Tenderi za kupovinu novog aparata poni\u0161tavani su vi\u0161e puta, a rje\u0161enje novi menad\u017ement UKC -a Tuzla vidi u izmjeni Zakona o javnim nabavkama, te poziva Schmidta da nametne njegove izmjene koje bi va\u017eile jedan dan, po uzoru na njegovu odluku da suspenduje Ustav Federacije BiH na jedan dan.<\/p>\n","protected":false},"excerpt":{"rendered":"<p>Direktor Univerzitetskog klini\u010dkog centra Tuzla \u0160ekib Umihani\u0107 pozvao je danas visokog predstavnika za BiH Christiana&hellip;<\/p>\n","protected":false},"author":4,"featured_media":208741,"comment_status":"closed","ping_status":"closed","sticky":false,"template":"","format":"standard","meta":{"_acf_changed":false,"footnotes":""},"categories":[304,12,306],"tags":[1374,6810,458],"acf":[],"yoast_head":"<!-- This site is optimized with the Yoast SEO plugin v23.5 - https:\/\/yoast.com\/wordpress\/plugins\/seo\/ -->\n<title>Novi direktor UKC-a Tuzla pozvao Schmidta da izmjeni Zakon zbog onkolo\u0161kih pacijenata - TuzlaInfo.ba<\/title>\n<meta name=\"robots\" content=\"index, follow, max-snippet:-1, max-image-preview:large, max-video-preview:-1\" \/>\n<link rel=\"canonical\" href=\"https:\/\/tuzlainfo.ba\/index.php\/novosti\/item\/235680-novi-direktor-ukc-a-tuzla-pozvao-schmidta-da-izmjeni-zakon-zbog-onkoloskih-pacijenata\/\" \/>\n<meta property=\"og:locale\" content=\"bs_BA\" \/>\n<meta property=\"og:type\" content=\"article\" \/>\n<meta property=\"og:title\" content=\"Novi direktor UKC-a Tuzla pozvao Schmidta da izmjeni Zakon zbog onkolo\u0161kih pacijenata - TuzlaInfo.ba\" \/>\n<meta property=\"og:description\" content=\"Direktor Univerzitetskog klini\u010dkog centra Tuzla \u0160ekib Umihani\u0107 pozvao je danas visokog predstavnika za BiH Christiana&hellip;\" \/>\n<meta property=\"og:url\" content=\"https:\/\/tuzlainfo.ba\/index.php\/novosti\/item\/235680-novi-direktor-ukc-a-tuzla-pozvao-schmidta-da-izmjeni-zakon-zbog-onkoloskih-pacijenata\/\" \/>\n<meta property=\"og:site_name\" content=\"TuzlaInfo.ba\" \/>\n<meta property=\"article:publisher\" content=\"https:\/\/www.facebook.com\/tuzlainfo.ba\/\" \/>\n<meta property=\"article:published_time\" content=\"2024-04-15T11:50:12+00:00\" \/>\n<meta property=\"article:modified_time\" content=\"2024-04-15T17:55:09+00:00\" \/>\n<meta property=\"og:image\" content=\"https:\/\/tuzlainfo.ba\/wp-content\/uploads\/2023\/06\/2706_sekib_umihanic.jpg\" \/>\n\t<meta property=\"og:image:width\" content=\"800\" \/>\n\t<meta property=\"og:image:height\" content=\"564\" \/>\n\t<meta property=\"og:image:type\" content=\"image\/jpeg\" \/>\n<meta name=\"author\" content=\"Tuzla Info\" \/>\n<meta name=\"twitter:card\" content=\"summary_large_image\" \/>\n<meta name=\"twitter:label1\" content=\"Written by\" \/>\n\t<meta name=\"twitter:data1\" content=\"Tuzla Info\" \/>\n\t<meta name=\"twitter:label2\" content=\"Est. reading time\" \/>\n\t<meta name=\"twitter:data2\" content=\"3 minute\" \/>\n<script type=\"application\/ld+json\" class=\"yoast-schema-graph\">{\"@context\":\"https:\/\/schema.org\",\"@graph\":[{\"@type\":\"Article\",\"@id\":\"https:\/\/tuzlainfo.ba\/index.php\/novosti\/item\/235680-novi-direktor-ukc-a-tuzla-pozvao-schmidta-da-izmjeni-zakon-zbog-onkoloskih-pacijenata\/#article\",\"isPartOf\":{\"@id\":\"https:\/\/tuzlainfo.ba\/index.php\/novosti\/item\/235680-novi-direktor-ukc-a-tuzla-pozvao-schmidta-da-izmjeni-zakon-zbog-onkoloskih-pacijenata\/\"},\"author\":{\"name\":\"Tuzla Info\",\"@id\":\"https:\/\/tuzlainfo.ba\/#\/schema\/person\/46cad4c57790cbc50781edd14870825a\"},\"headline\":\"Novi direktor UKC-a Tuzla pozvao Schmidta da izmjeni Zakon zbog onkolo\u0161kih pacijenata\",\"datePublished\":\"2024-04-15T11:50:12+00:00\",\"dateModified\":\"2024-04-15T17:55:09+00:00\",\"mainEntityOfPage\":{\"@id\":\"https:\/\/tuzlainfo.ba\/index.php\/novosti\/item\/235680-novi-direktor-ukc-a-tuzla-pozvao-schmidta-da-izmjeni-zakon-zbog-onkoloskih-pacijenata\/\"},\"wordCount\":574,\"publisher\":{\"@id\":\"https:\/\/tuzlainfo.ba\/#organization\"},\"image\":{\"@id\":\"https:\/\/tuzlainfo.ba\/index.php\/novosti\/item\/235680-novi-direktor-ukc-a-tuzla-pozvao-schmidta-da-izmjeni-zakon-zbog-onkoloskih-pacijenata\/#primaryimage\"},\"thumbnailUrl\":\"https:\/\/tuzlainfo.ba\/wp-content\/uploads\/2023\/06\/2706_sekib_umihanic.jpg\",\"keywords\":[\"Christian Schmidt\",\"Onkolo\u0161ki pacijenti\",\"ukc tuzla\"],\"articleSection\":[\"Istaknuto\",\"Novosti\",\"Preporu\u010dujemo\"],\"inLanguage\":\"bs-BA\"},{\"@type\":\"WebPage\",\"@id\":\"https:\/\/tuzlainfo.ba\/index.php\/novosti\/item\/235680-novi-direktor-ukc-a-tuzla-pozvao-schmidta-da-izmjeni-zakon-zbog-onkoloskih-pacijenata\/\",\"url\":\"https:\/\/tuzlainfo.ba\/index.php\/novosti\/item\/235680-novi-direktor-ukc-a-tuzla-pozvao-schmidta-da-izmjeni-zakon-zbog-onkoloskih-pacijenata\/\",\"name\":\"Novi direktor UKC-a Tuzla pozvao Schmidta da izmjeni Zakon zbog onkolo\u0161kih pacijenata - TuzlaInfo.ba\",\"isPartOf\":{\"@id\":\"https:\/\/tuzlainfo.ba\/#website\"},\"primaryImageOfPage\":{\"@id\":\"https:\/\/tuzlainfo.ba\/index.php\/novosti\/item\/235680-novi-direktor-ukc-a-tuzla-pozvao-schmidta-da-izmjeni-zakon-zbog-onkoloskih-pacijenata\/#primaryimage\"},\"image\":{\"@id\":\"https:\/\/tuzlainfo.ba\/index.php\/novosti\/item\/235680-novi-direktor-ukc-a-tuzla-pozvao-schmidta-da-izmjeni-zakon-zbog-onkoloskih-pacijenata\/#primaryimage\"},\"thumbnailUrl\":\"https:\/\/tuzlainfo.ba\/wp-content\/uploads\/2023\/06\/2706_sekib_umihanic.jpg\",\"datePublished\":\"2024-04-15T11:50:12+00:00\",\"dateModified\":\"2024-04-15T17:55:09+00:00\",\"breadcrumb\":{\"@id\":\"https:\/\/tuzlainfo.ba\/index.php\/novosti\/item\/235680-novi-direktor-ukc-a-tuzla-pozvao-schmidta-da-izmjeni-zakon-zbog-onkoloskih-pacijenata\/#breadcrumb\"},\"inLanguage\":\"bs-BA\",\"potentialAction\":[{\"@type\":\"ReadAction\",\"target\":[\"https:\/\/tuzlainfo.ba\/index.php\/novosti\/item\/235680-novi-direktor-ukc-a-tuzla-pozvao-schmidta-da-izmjeni-zakon-zbog-onkoloskih-pacijenata\/\"]}]},{\"@type\":\"ImageObject\",\"inLanguage\":\"bs-BA\",\"@id\":\"https:\/\/tuzlainfo.ba\/index.php\/novosti\/item\/235680-novi-direktor-ukc-a-tuzla-pozvao-schmidta-da-izmjeni-zakon-zbog-onkoloskih-pacijenata\/#primaryimage\",\"url\":\"https:\/\/tuzlainfo.ba\/wp-content\/uploads\/2023\/06\/2706_sekib_umihanic.jpg\",\"contentUrl\":\"https:\/\/tuzlainfo.ba\/wp-content\/uploads\/2023\/06\/2706_sekib_umihanic.jpg\",\"width\":800,\"height\":564},{\"@type\":\"BreadcrumbList\",\"@id\":\"https:\/\/tuzlainfo.ba\/index.php\/novosti\/item\/235680-novi-direktor-ukc-a-tuzla-pozvao-schmidta-da-izmjeni-zakon-zbog-onkoloskih-pacijenata\/#breadcrumb\",\"itemListElement\":[{\"@type\":\"ListItem\",\"position\":1,\"name\":\"Home\",\"item\":\"https:\/\/tuzlainfo.ba\/\"},{\"@type\":\"ListItem\",\"position\":2,\"name\":\"Novi direktor UKC-a Tuzla pozvao Schmidta da izmjeni Zakon zbog onkolo\u0161kih pacijenata\"}]},{\"@type\":\"WebSite\",\"@id\":\"https:\/\/tuzlainfo.ba\/#website\",\"url\":\"https:\/\/tuzlainfo.ba\/\",\"name\":\"TuzlaInfo.ba\",\"description\":\"Tuzla info, gradski informator - Tuzla na dlanu\",\"publisher\":{\"@id\":\"https:\/\/tuzlainfo.ba\/#organization\"},\"potentialAction\":[{\"@type\":\"SearchAction\",\"target\":{\"@type\":\"EntryPoint\",\"urlTemplate\":\"https:\/\/tuzlainfo.ba\/?s={search_term_string}\"},\"query-input\":{\"@type\":\"PropertyValueSpecification\",\"valueRequired\":true,\"valueName\":\"search_term_string\"}}],\"inLanguage\":\"bs-BA\"},{\"@type\":\"Organization\",\"@id\":\"https:\/\/tuzlainfo.ba\/#organization\",\"name\":\"TuzlaInfo.ba\",\"url\":\"https:\/\/tuzlainfo.ba\/\",\"logo\":{\"@type\":\"ImageObject\",\"inLanguage\":\"bs-BA\",\"@id\":\"https:\/\/tuzlainfo.ba\/#\/schema\/logo\/image\/\",\"url\":\"https:\/\/tuzlainfo.ba\/wp-content\/uploads\/2021\/03\/logo-ver-3-1.png\",\"contentUrl\":\"https:\/\/tuzlainfo.ba\/wp-content\/uploads\/2021\/03\/logo-ver-3-1.png\",\"width\":350,\"height\":95,\"caption\":\"TuzlaInfo.ba\"},\"image\":{\"@id\":\"https:\/\/tuzlainfo.ba\/#\/schema\/logo\/image\/\"},\"sameAs\":[\"https:\/\/www.facebook.com\/tuzlainfo.ba\/\"]},{\"@type\":\"Person\",\"@id\":\"https:\/\/tuzlainfo.ba\/#\/schema\/person\/46cad4c57790cbc50781edd14870825a\",\"name\":\"Tuzla Info\",\"image\":{\"@type\":\"ImageObject\",\"inLanguage\":\"bs-BA\",\"@id\":\"https:\/\/tuzlainfo.ba\/#\/schema\/person\/image\/\",\"url\":\"https:\/\/tuzlainfo.ba\/wp-content\/litespeed\/avatar\/b6c453a6c38e3654f2e4416c643fc25c.jpg?ver=1777051911\",\"contentUrl\":\"https:\/\/tuzlainfo.ba\/wp-content\/litespeed\/avatar\/b6c453a6c38e3654f2e4416c643fc25c.jpg?ver=1777051911\",\"caption\":\"Tuzla Info\"}}]}<\/script>\n<!-- \/ Yoast SEO plugin. -->","yoast_head_json":{"title":"Novi direktor UKC-a Tuzla pozvao Schmidta da izmjeni Zakon zbog onkolo\u0161kih pacijenata - TuzlaInfo.ba","robots":{"index":"index","follow":"follow","max-snippet":"max-snippet:-1","max-image-preview":"max-image-preview:large","max-video-preview":"max-video-preview:-1"},"canonical":"https:\/\/tuzlainfo.ba\/index.php\/novosti\/item\/235680-novi-direktor-ukc-a-tuzla-pozvao-schmidta-da-izmjeni-zakon-zbog-onkoloskih-pacijenata\/","og_locale":"bs_BA","og_type":"article","og_title":"Novi direktor UKC-a Tuzla pozvao Schmidta da izmjeni Zakon zbog onkolo\u0161kih pacijenata - TuzlaInfo.ba","og_description":"Direktor Univerzitetskog klini\u010dkog centra Tuzla \u0160ekib Umihani\u0107 pozvao je danas visokog predstavnika za BiH Christiana&hellip;","og_url":"https:\/\/tuzlainfo.ba\/index.php\/novosti\/item\/235680-novi-direktor-ukc-a-tuzla-pozvao-schmidta-da-izmjeni-zakon-zbog-onkoloskih-pacijenata\/","og_site_name":"TuzlaInfo.ba","article_publisher":"https:\/\/www.facebook.com\/tuzlainfo.ba\/","article_published_time":"2024-04-15T11:50:12+00:00","article_modified_time":"2024-04-15T17:55:09+00:00","og_image":[{"width":800,"height":564,"url":"https:\/\/tuzlainfo.ba\/wp-content\/uploads\/2023\/06\/2706_sekib_umihanic.jpg","type":"image\/jpeg"}],"author":"Tuzla Info","twitter_card":"summary_large_image","twitter_misc":{"Written by":"Tuzla Info","Est. reading time":"3 minute"},"schema":{"@context":"https:\/\/schema.org","@graph":[{"@type":"Article","@id":"https:\/\/tuzlainfo.ba\/index.php\/novosti\/item\/235680-novi-direktor-ukc-a-tuzla-pozvao-schmidta-da-izmjeni-zakon-zbog-onkoloskih-pacijenata\/#article","isPartOf":{"@id":"https:\/\/tuzlainfo.ba\/index.php\/novosti\/item\/235680-novi-direktor-ukc-a-tuzla-pozvao-schmidta-da-izmjeni-zakon-zbog-onkoloskih-pacijenata\/"},"author":{"name":"Tuzla Info","@id":"https:\/\/tuzlainfo.ba\/#\/schema\/person\/46cad4c57790cbc50781edd14870825a"},"headline":"Novi direktor UKC-a Tuzla pozvao Schmidta da izmjeni Zakon zbog onkolo\u0161kih pacijenata","datePublished":"2024-04-15T11:50:12+00:00","dateModified":"2024-04-15T17:55:09+00:00","mainEntityOfPage":{"@id":"https:\/\/tuzlainfo.ba\/index.php\/novosti\/item\/235680-novi-direktor-ukc-a-tuzla-pozvao-schmidta-da-izmjeni-zakon-zbog-onkoloskih-pacijenata\/"},"wordCount":574,"publisher":{"@id":"https:\/\/tuzlainfo.ba\/#organization"},"image":{"@id":"https:\/\/tuzlainfo.ba\/index.php\/novosti\/item\/235680-novi-direktor-ukc-a-tuzla-pozvao-schmidta-da-izmjeni-zakon-zbog-onkoloskih-pacijenata\/#primaryimage"},"thumbnailUrl":"https:\/\/tuzlainfo.ba\/wp-content\/uploads\/2023\/06\/2706_sekib_umihanic.jpg","keywords":["Christian Schmidt","Onkolo\u0161ki pacijenti","ukc tuzla"],"articleSection":["Istaknuto","Novosti","Preporu\u010dujemo"],"inLanguage":"bs-BA"},{"@type":"WebPage","@id":"https:\/\/tuzlainfo.ba\/index.php\/novosti\/item\/235680-novi-direktor-ukc-a-tuzla-pozvao-schmidta-da-izmjeni-zakon-zbog-onkoloskih-pacijenata\/","url":"https:\/\/tuzlainfo.ba\/index.php\/novosti\/item\/235680-novi-direktor-ukc-a-tuzla-pozvao-schmidta-da-izmjeni-zakon-zbog-onkoloskih-pacijenata\/","name":"Novi direktor UKC-a Tuzla pozvao Schmidta da izmjeni Zakon zbog onkolo\u0161kih pacijenata - TuzlaInfo.ba","isPartOf":{"@id":"https:\/\/tuzlainfo.ba\/#website"},"primaryImageOfPage":{"@id":"https:\/\/tuzlainfo.ba\/index.php\/novosti\/item\/235680-novi-direktor-ukc-a-tuzla-pozvao-schmidta-da-izmjeni-zakon-zbog-onkoloskih-pacijenata\/#primaryimage"},"image":{"@id":"https:\/\/tuzlainfo.ba\/index.php\/novosti\/item\/235680-novi-direktor-ukc-a-tuzla-pozvao-schmidta-da-izmjeni-zakon-zbog-onkoloskih-pacijenata\/#primaryimage"},"thumbnailUrl":"https:\/\/tuzlainfo.ba\/wp-content\/uploads\/2023\/06\/2706_sekib_umihanic.jpg","datePublished":"2024-04-15T11:50:12+00:00","dateModified":"2024-04-15T17:55:09+00:00","breadcrumb":{"@id":"https:\/\/tuzlainfo.ba\/index.php\/novosti\/item\/235680-novi-direktor-ukc-a-tuzla-pozvao-schmidta-da-izmjeni-zakon-zbog-onkoloskih-pacijenata\/#breadcrumb"},"inLanguage":"bs-BA","potentialAction":[{"@type":"ReadAction","target":["https:\/\/tuzlainfo.ba\/index.php\/novosti\/item\/235680-novi-direktor-ukc-a-tuzla-pozvao-schmidta-da-izmjeni-zakon-zbog-onkoloskih-pacijenata\/"]}]},{"@type":"ImageObject","inLanguage":"bs-BA","@id":"https:\/\/tuzlainfo.ba\/index.php\/novosti\/item\/235680-novi-direktor-ukc-a-tuzla-pozvao-schmidta-da-izmjeni-zakon-zbog-onkoloskih-pacijenata\/#primaryimage","url":"https:\/\/tuzlainfo.ba\/wp-content\/uploads\/2023\/06\/2706_sekib_umihanic.jpg","contentUrl":"https:\/\/tuzlainfo.ba\/wp-content\/uploads\/2023\/06\/2706_sekib_umihanic.jpg","width":800,"height":564},{"@type":"BreadcrumbList","@id":"https:\/\/tuzlainfo.ba\/index.php\/novosti\/item\/235680-novi-direktor-ukc-a-tuzla-pozvao-schmidta-da-izmjeni-zakon-zbog-onkoloskih-pacijenata\/#breadcrumb","itemListElement":[{"@type":"ListItem","position":1,"name":"Home","item":"https:\/\/tuzlainfo.ba\/"},{"@type":"ListItem","position":2,"name":"Novi direktor UKC-a Tuzla pozvao Schmidta da izmjeni Zakon zbog onkolo\u0161kih pacijenata"}]},{"@type":"WebSite","@id":"https:\/\/tuzlainfo.ba\/#website","url":"https:\/\/tuzlainfo.ba\/","name":"TuzlaInfo.ba","description":"Tuzla info, gradski informator - Tuzla na dlanu","publisher":{"@id":"https:\/\/tuzlainfo.ba\/#organization"},"potentialAction":[{"@type":"SearchAction","target":{"@type":"EntryPoint","urlTemplate":"https:\/\/tuzlainfo.ba\/?s={search_term_string}"},"query-input":{"@type":"PropertyValueSpecification","valueRequired":true,"valueName":"search_term_string"}}],"inLanguage":"bs-BA"},{"@type":"Organization","@id":"https:\/\/tuzlainfo.ba\/#organization","name":"TuzlaInfo.ba","url":"https:\/\/tuzlainfo.ba\/","logo":{"@type":"ImageObject","inLanguage":"bs-BA","@id":"https:\/\/tuzlainfo.ba\/#\/schema\/logo\/image\/","url":"https:\/\/tuzlainfo.ba\/wp-content\/uploads\/2021\/03\/logo-ver-3-1.png","contentUrl":"https:\/\/tuzlainfo.ba\/wp-content\/uploads\/2021\/03\/logo-ver-3-1.png","width":350,"height":95,"caption":"TuzlaInfo.ba"},"image":{"@id":"https:\/\/tuzlainfo.ba\/#\/schema\/logo\/image\/"},"sameAs":["https:\/\/www.facebook.com\/tuzlainfo.ba\/"]},{"@type":"Person","@id":"https:\/\/tuzlainfo.ba\/#\/schema\/person\/46cad4c57790cbc50781edd14870825a","name":"Tuzla Info","image":{"@type":"ImageObject","inLanguage":"bs-BA","@id":"https:\/\/tuzlainfo.ba\/#\/schema\/person\/image\/","url":"https:\/\/tuzlainfo.ba\/wp-content\/litespeed\/avatar\/b6c453a6c38e3654f2e4416c643fc25c.jpg?ver=1777051911","contentUrl":"https:\/\/tuzlainfo.ba\/wp-content\/litespeed\/avatar\/b6c453a6c38e3654f2e4416c643fc25c.jpg?ver=1777051911","caption":"Tuzla Info"}}]}},"_links":{"self":[{"href":"https:\/\/tuzlainfo.ba\/index.php\/wp-json\/wp\/v2\/posts\/235680"}],"collection":[{"href":"https:\/\/tuzlainfo.ba\/index.php\/wp-json\/wp\/v2\/posts"}],"about":[{"href":"https:\/\/tuzlainfo.ba\/index.php\/wp-json\/wp\/v2\/types\/post"}],"author":[{"embeddable":true,"href":"https:\/\/tuzlainfo.ba\/index.php\/wp-json\/wp\/v2\/users\/4"}],"replies":[{"embeddable":true,"href":"https:\/\/tuzlainfo.ba\/index.php\/wp-json\/wp\/v2\/comments?post=235680"}],"version-history":[{"count":3,"href":"https:\/\/tuzlainfo.ba\/index.php\/wp-json\/wp\/v2\/posts\/235680\/revisions"}],"predecessor-version":[{"id":235712,"href":"https:\/\/tuzlainfo.ba\/index.php\/wp-json\/wp\/v2\/posts\/235680\/revisions\/235712"}],"wp:featuredmedia":[{"embeddable":true,"href":"https:\/\/tuzlainfo.ba\/index.php\/wp-json\/wp\/v2\/media\/208741"}],"wp:attachment":[{"href":"https:\/\/tuzlainfo.ba\/index.php\/wp-json\/wp\/v2\/media?parent=235680"}],"wp:term":[{"taxonomy":"category","embeddable":true,"href":"https:\/\/tuzlainfo.ba\/index.php\/wp-json\/wp\/v2\/categories?post=235680"},{"taxonomy":"post_tag","embeddable":true,"href":"https:\/\/tuzlainfo.ba\/index.php\/wp-json\/wp\/v2\/tags?post=235680"}],"curies":[{"name":"wp","href":"https:\/\/api.w.org\/{rel}","templated":true}]}}