{"id":235263,"date":"2024-04-09T19:01:58","date_gmt":"2024-04-09T17:01:58","guid":{"rendered":"https:\/\/tuzlainfo.ba\/?p=235263"},"modified":"2024-04-09T17:00:17","modified_gmt":"2024-04-09T15:00:17","slug":"bajramska-poruka-muftije-fazlovica-sjetimo-se-onih-kojima-mozemo-pomoci","status":"publish","type":"post","link":"https:\/\/tuzlainfo.ba\/index.php\/novosti\/item\/235263-bajramska-poruka-muftije-fazlovica-sjetimo-se-onih-kojima-mozemo-pomoci\/","title":{"rendered":"Bajramska poruka muftije Fazlovi\u0107a: Sjetimo se onih kojima mo\u017eemo pomo\u0107i"},"content":{"rendered":"<p>Muftija tuzlanski Vahid ef. Fazlovi\u0107 uputio je danas \u010destitku vjernicima povodom nastupaju\u0107eg Ramazanskog bajrama u kojoj navodi:<\/p>\n<p>Draga bra\u0107o i po\u0161tovane sestre!<\/p>\n<p>Na kraju smo ramazani-\u0161erifa, blagoslovljenog mjeseca ispunjenog mnogostrukim prilikama za postizanje velikih i trajnih blagodati. Ramazan je, zaista, vrijeme svekolikog dobra.<\/p>\n<p>Ramazanski ibadeti su nas duhovno oja\u010dali. U namazu i postu smo pronalazili svakodnevni mir i zadovoljstvo. No\u0107ima smo neumorno bdjeli u obavljanju teravih-namaza i upu\u0107ivanju iskrenih i najljep\u0161ih dova Gospodaru svjetova. Osje\u0107ali smo neiscrpnu snagu i bili ustrajni. Na\u0161e intenzivno dru\u017eenje s Kur'ani-kerimom okrijepilo nas je ljepotom njegove rije\u010di i pomoglo nam da sveobuhvatnije razmi\u0161ljamo o istinitoj i spasiteljskoj poruci ove jedinstvene Knjige. U velikoj smo nadi da smo ostvarili vi\u0161e razine bogobojaznosti i plemenitosti i da smo Uzvi\u0161enom Bogu bli\u017ei i miliji.<\/p>\n<p>U ovom \u010dasnom mjesecu smo iznova u\u010dili, ali i znatno uve\u0107ali spoznaje da su ibadeti na\u0161a su\u0161tinska potreba. Pokre\u0107u nas na kvalitetno poimanje dobra i ja\u010daju svijest o njegovoj neophodnosti. Ibadeti zahtijevaju i omogu\u0107avaju da na\u0161a djela budu oplemenjena vjerom u Jednog Boga i iskrenim nijetom, odnosno da na\u0161e vjerovanje ima konkretizaciju u dobrim djelima i lijepom pona\u0161anju. Zato se upravo s ostvarenom cjelinom ramazanskih pregnu\u0107a mo\u017ee najbolje osjetiti kako vjerovanje i dobro\u010dinstvo uzdi\u017eu ljudsku du\u0161u na prijestolje \u010dasti i dostojanstva. A kada je uzdignuta na tu dered\u017eu, du\u0161a je za\u0161ti\u0107ena od pada u provaliju nemara i raskala\u0161enosti i od poni\u017eenja na oba svijeta.<\/p>\n<p><iframe title=\"Muftija tuzlanski Vahid-ef. Fazlovic - Cestitka u povodu Ramazanskog bajrama\" width=\"800\" height=\"450\" src=\"https:\/\/www.youtube.com\/embed\/XAvKru1fm8s?feature=oembed\" frameborder=\"0\" allow=\"accelerometer; autoplay; clipboard-write; encrypted-media; gyroscope; picture-in-picture; web-share\" referrerpolicy=\"strict-origin-when-cross-origin\" allowfullscreen><\/iframe><\/p>\n<p>Bra\u0107o i sestre!<\/p>\n<p>Svi koji su bili istrajni na blistavom ramazanskom putu zaslu\u017eni su za preporod na\u0161eg zajedni\u010dkog duhovnog stanja i za ja\u010danje na\u0161eg plemenitog d\u017eemata. Allahu Uzvi\u0161enom se zahvaljujemo na uputi koju smo u proteklom mjesecu slijedili i na blagodatima kojima nas je opskrbio. Iska\u017eimo tu svoju zahvalnost rije\u010dima i djelima i potvrdimo je srcem.<\/p>\n<p>Molimo Svemogu\u0107eg da nam podari mudrost i snagu da se dostojno brinemo o svojoj zajednici i domovini. Sa \u010dvrstom vjerom i iskrenom dovom, sa spremno\u0161u na samoprijegoran rad i zajedni\u0161tvo, muslimani u ovoj zemlji nikada ne\u0107e izgubiti nadu. I bit \u0107e postojani \u010duvari onoga \u0161to im pripada. \u010cuvat \u0107e svoje vrijednosti i njegovati lijep odnos prema svim ljudima.<\/p>\n<p>U danima na\u0161e najve\u0107e radosti, a to bajramski dani zaista jesu, sjetimo se onih kojima mo\u017eemo pomo\u0107i i olak\u0161ati im lijepom rije\u010dju i dobrim djelom.<\/p>\n<p>Svim muslimanima, vjernicima u ovom dijelu na\u0161e domovine Bosne i Hercegovine, svim d\u017eematlijama Muftiluka tuzlanskog, upu\u0107ujem srda\u010dne \u010destitke povodom Ramazanskog bajrama.<\/p>\n<p>Bajram \u0161erif mubarek olsun!<\/p>\n","protected":false},"excerpt":{"rendered":"<p>Muftija tuzlanski Vahid ef. Fazlovi\u0107 uputio je danas \u010destitku vjernicima povodom nastupaju\u0107eg Ramazanskog bajrama u kojoj navodi: Draga bra\u0107o i po\u0161tovane sestre! Na kraju smo ramazani-\u0161erifa, blagoslovljenog mjeseca ispunjenog mnogostrukim prilikama za postizanje velikih i trajnih blagodati. Ramazan je, zaista, vrijeme svekolikog dobra. Ramazanski ibadeti su nas duhovno oja\u010dali. U namazu i postu smo pronalazili [&hellip;]<\/p>\n","protected":false},"author":2,"featured_media":135373,"comment_status":"closed","ping_status":"closed","sticky":false,"template":"","format":"standard","meta":{"footnotes":""},"categories":[304,12],"tags":[2018,507],"class_list":["post-235263","post","type-post","status-publish","format-standard","has-post-thumbnail","hentry","category-istaknuto","category-novosti","tag-muftija-tuzlanski","tag-vahid-ef-fazlovic"],"yoast_head":"<!-- This site is optimized with the Yoast SEO plugin v28.4 - https:\/\/yoast.com\/product\/yoast-seo-wordpress\/ -->\n<title>Bajramska poruka muftije Fazlovi\u0107a: Sjetimo se onih kojima mo\u017eemo pomo\u0107i<\/title>\n<meta name=\"robots\" content=\"index, follow, max-snippet:-1, max-image-preview:large, max-video-preview:-1\" \/>\n<link rel=\"canonical\" href=\"https:\/\/tuzlainfo.ba\/index.php\/novosti\/item\/235263-bajramska-poruka-muftije-fazlovica-sjetimo-se-onih-kojima-mozemo-pomoci\/\" \/>\n<meta property=\"og:locale\" content=\"bs_BA\" \/>\n<meta property=\"og:type\" content=\"article\" \/>\n<meta property=\"og:title\" content=\"Bajramska poruka muftije Fazlovi\u0107a: Sjetimo se onih kojima mo\u017eemo pomo\u0107i\" \/>\n<meta property=\"og:description\" content=\"Muftija tuzlanski Vahid ef. Fazlovi\u0107 uputio je danas \u010destitku vjernicima povodom nastupaju\u0107eg Ramazanskog bajrama u kojoj navodi: Draga bra\u0107o i po\u0161tovane sestre! Na kraju smo ramazani-\u0161erifa, blagoslovljenog mjeseca ispunjenog mnogostrukim prilikama za postizanje velikih i trajnih blagodati. Ramazan je, zaista, vrijeme svekolikog dobra. Ramazanski ibadeti su nas duhovno oja\u010dali. U namazu i postu smo pronalazili [&hellip;]\" \/>\n<meta property=\"og:url\" content=\"https:\/\/tuzlainfo.ba\/index.php\/novosti\/item\/235263-bajramska-poruka-muftije-fazlovica-sjetimo-se-onih-kojima-mozemo-pomoci\/\" \/>\n<meta property=\"og:site_name\" content=\"TuzlaInfo.ba\" \/>\n<meta property=\"article:publisher\" content=\"https:\/\/www.facebook.com\/tuzlainfo.ba\/\" \/>\n<meta property=\"article:published_time\" content=\"2024-04-09T17:01:58+00:00\" \/>\n<meta property=\"og:image\" content=\"https:\/\/tuzlainfo.ba\/wp-content\/uploads\/2021\/04\/1204_muftija_fazlovic.jpg\" \/>\n\t<meta property=\"og:image:width\" content=\"1100\" \/>\n\t<meta property=\"og:image:height\" content=\"733\" \/>\n\t<meta property=\"og:image:type\" content=\"image\/jpeg\" \/>\n<meta name=\"author\" content=\"nedim\" \/>\n<meta name=\"twitter:card\" content=\"summary_large_image\" \/>\n<meta name=\"twitter:label1\" content=\"Written by\" \/>\n\t<meta name=\"twitter:data1\" content=\"nedim\" \/>\n\t<meta name=\"twitter:label2\" content=\"Est. reading time\" \/>\n\t<meta name=\"twitter:data2\" content=\"3 minute\" \/>\n<script type=\"application\/ld+json\" class=\"yoast-schema-graph\">{\"@context\":\"https:\\\/\\\/schema.org\",\"@graph\":[{\"@type\":\"Article\",\"@id\":\"https:\\\/\\\/tuzlainfo.ba\\\/index.php\\\/novosti\\\/item\\\/235263-bajramska-poruka-muftije-fazlovica-sjetimo-se-onih-kojima-mozemo-pomoci\\\/#article\",\"isPartOf\":{\"@id\":\"https:\\\/\\\/tuzlainfo.ba\\\/index.php\\\/novosti\\\/item\\\/235263-bajramska-poruka-muftije-fazlovica-sjetimo-se-onih-kojima-mozemo-pomoci\\\/\"},\"author\":{\"name\":\"nedim\",\"@id\":\"https:\\\/\\\/tuzlainfo.ba\\\/#\\\/schema\\\/person\\\/f434e20dc27ea133923aab08451b7f7f\"},\"headline\":\"Bajramska poruka muftije Fazlovi\u0107a: Sjetimo se onih kojima mo\u017eemo pomo\u0107i\",\"datePublished\":\"2024-04-09T17:01:58+00:00\",\"mainEntityOfPage\":{\"@id\":\"https:\\\/\\\/tuzlainfo.ba\\\/index.php\\\/novosti\\\/item\\\/235263-bajramska-poruka-muftije-fazlovica-sjetimo-se-onih-kojima-mozemo-pomoci\\\/\"},\"wordCount\":479,\"publisher\":{\"@id\":\"https:\\\/\\\/tuzlainfo.ba\\\/#organization\"},\"image\":{\"@id\":\"https:\\\/\\\/tuzlainfo.ba\\\/index.php\\\/novosti\\\/item\\\/235263-bajramska-poruka-muftije-fazlovica-sjetimo-se-onih-kojima-mozemo-pomoci\\\/#primaryimage\"},\"thumbnailUrl\":\"https:\\\/\\\/tuzlainfo.ba\\\/wp-content\\\/uploads\\\/2021\\\/04\\\/1204_muftija_fazlovic.jpg\",\"keywords\":[\"muftija tuzlanski\",\"Vahid-ef. Fazlovi\u0107\"],\"articleSection\":[\"Istaknuto\",\"Novosti\"],\"inLanguage\":\"bs-BA\",\"copyrightYear\":\"2024\",\"copyrightHolder\":{\"@id\":\"https:\\\/\\\/tuzlainfo.ba\\\/#organization\"}},{\"@type\":\"WebPage\",\"@id\":\"https:\\\/\\\/tuzlainfo.ba\\\/index.php\\\/novosti\\\/item\\\/235263-bajramska-poruka-muftije-fazlovica-sjetimo-se-onih-kojima-mozemo-pomoci\\\/\",\"url\":\"https:\\\/\\\/tuzlainfo.ba\\\/index.php\\\/novosti\\\/item\\\/235263-bajramska-poruka-muftije-fazlovica-sjetimo-se-onih-kojima-mozemo-pomoci\\\/\",\"name\":\"Bajramska poruka muftije Fazlovi\u0107a: Sjetimo se onih kojima mo\u017eemo pomo\u0107i\",\"isPartOf\":{\"@id\":\"https:\\\/\\\/tuzlainfo.ba\\\/#website\"},\"primaryImageOfPage\":{\"@id\":\"https:\\\/\\\/tuzlainfo.ba\\\/index.php\\\/novosti\\\/item\\\/235263-bajramska-poruka-muftije-fazlovica-sjetimo-se-onih-kojima-mozemo-pomoci\\\/#primaryimage\"},\"image\":{\"@id\":\"https:\\\/\\\/tuzlainfo.ba\\\/index.php\\\/novosti\\\/item\\\/235263-bajramska-poruka-muftije-fazlovica-sjetimo-se-onih-kojima-mozemo-pomoci\\\/#primaryimage\"},\"thumbnailUrl\":\"https:\\\/\\\/tuzlainfo.ba\\\/wp-content\\\/uploads\\\/2021\\\/04\\\/1204_muftija_fazlovic.jpg\",\"datePublished\":\"2024-04-09T17:01:58+00:00\",\"breadcrumb\":{\"@id\":\"https:\\\/\\\/tuzlainfo.ba\\\/index.php\\\/novosti\\\/item\\\/235263-bajramska-poruka-muftije-fazlovica-sjetimo-se-onih-kojima-mozemo-pomoci\\\/#breadcrumb\"},\"inLanguage\":\"bs-BA\",\"potentialAction\":[{\"@type\":\"ReadAction\",\"target\":[\"https:\\\/\\\/tuzlainfo.ba\\\/index.php\\\/novosti\\\/item\\\/235263-bajramska-poruka-muftije-fazlovica-sjetimo-se-onih-kojima-mozemo-pomoci\\\/\"]}]},{\"@type\":\"ImageObject\",\"inLanguage\":\"bs-BA\",\"@id\":\"https:\\\/\\\/tuzlainfo.ba\\\/index.php\\\/novosti\\\/item\\\/235263-bajramska-poruka-muftije-fazlovica-sjetimo-se-onih-kojima-mozemo-pomoci\\\/#primaryimage\",\"url\":\"https:\\\/\\\/tuzlainfo.ba\\\/wp-content\\\/uploads\\\/2021\\\/04\\\/1204_muftija_fazlovic.jpg\",\"contentUrl\":\"https:\\\/\\\/tuzlainfo.ba\\\/wp-content\\\/uploads\\\/2021\\\/04\\\/1204_muftija_fazlovic.jpg\",\"width\":1100,\"height\":733},{\"@type\":\"BreadcrumbList\",\"@id\":\"https:\\\/\\\/tuzlainfo.ba\\\/index.php\\\/novosti\\\/item\\\/235263-bajramska-poruka-muftije-fazlovica-sjetimo-se-onih-kojima-mozemo-pomoci\\\/#breadcrumb\",\"itemListElement\":[{\"@type\":\"ListItem\",\"position\":1,\"name\":\"Home\",\"item\":\"https:\\\/\\\/tuzlainfo.ba\\\/\"},{\"@type\":\"ListItem\",\"position\":2,\"name\":\"Bajramska poruka muftije Fazlovi\u0107a: Sjetimo se onih kojima mo\u017eemo pomo\u0107i\"}]},{\"@type\":\"WebSite\",\"@id\":\"https:\\\/\\\/tuzlainfo.ba\\\/#website\",\"url\":\"https:\\\/\\\/tuzlainfo.ba\\\/\",\"name\":\"TuzlaInfo.ba\",\"description\":\"Tuzla info, gradski informator - Tuzla na dlanu\",\"publisher\":{\"@id\":\"https:\\\/\\\/tuzlainfo.ba\\\/#organization\"},\"potentialAction\":[{\"@type\":\"SearchAction\",\"target\":{\"@type\":\"EntryPoint\",\"urlTemplate\":\"https:\\\/\\\/tuzlainfo.ba\\\/?s={search_term_string}\"},\"query-input\":{\"@type\":\"PropertyValueSpecification\",\"valueRequired\":true,\"valueName\":\"search_term_string\"}}],\"inLanguage\":\"bs-BA\"},{\"@type\":\"Organization\",\"@id\":\"https:\\\/\\\/tuzlainfo.ba\\\/#organization\",\"name\":\"TuzlaInfo.ba\",\"url\":\"https:\\\/\\\/tuzlainfo.ba\\\/\",\"logo\":{\"@type\":\"ImageObject\",\"inLanguage\":\"bs-BA\",\"@id\":\"https:\\\/\\\/tuzlainfo.ba\\\/#\\\/schema\\\/logo\\\/image\\\/\",\"url\":\"https:\\\/\\\/tuzlainfo.ba\\\/wp-content\\\/uploads\\\/2021\\\/03\\\/logo-ver-3-1.png\",\"contentUrl\":\"https:\\\/\\\/tuzlainfo.ba\\\/wp-content\\\/uploads\\\/2021\\\/03\\\/logo-ver-3-1.png\",\"width\":350,\"height\":95,\"caption\":\"TuzlaInfo.ba\"},\"image\":{\"@id\":\"https:\\\/\\\/tuzlainfo.ba\\\/#\\\/schema\\\/logo\\\/image\\\/\"},\"sameAs\":[\"https:\\\/\\\/www.facebook.com\\\/tuzlainfo.ba\\\/\"]},{\"@type\":\"Person\",\"@id\":\"https:\\\/\\\/tuzlainfo.ba\\\/#\\\/schema\\\/person\\\/f434e20dc27ea133923aab08451b7f7f\",\"name\":\"nedim\",\"image\":{\"@type\":\"ImageObject\",\"inLanguage\":\"bs-BA\",\"@id\":\"https:\\\/\\\/secure.gravatar.com\\\/avatar\\\/5b928a2e7e70a54208d2eb6c1edcb75a5350d6ae97d5f0a701203d456823f6f3?s=96&d=mm&r=g\",\"url\":\"https:\\\/\\\/secure.gravatar.com\\\/avatar\\\/5b928a2e7e70a54208d2eb6c1edcb75a5350d6ae97d5f0a701203d456823f6f3?s=96&d=mm&r=g\",\"contentUrl\":\"https:\\\/\\\/secure.gravatar.com\\\/avatar\\\/5b928a2e7e70a54208d2eb6c1edcb75a5350d6ae97d5f0a701203d456823f6f3?s=96&d=mm&r=g\",\"caption\":\"nedim\"},\"description\":\"Tuzlainfo.ba pratite na dru\u0161tvenim mre\u017eama: Facebook, Instagram i Youtube. Svoje pri\u010de, upite i fotografije \u0161aljite na na\u0161u e-mail adresu.\"}]}<\/script>\n<!-- \/ Yoast SEO plugin. -->","yoast_head_json":{"title":"Bajramska poruka muftije Fazlovi\u0107a: Sjetimo se onih kojima mo\u017eemo pomo\u0107i","robots":{"index":"index","follow":"follow","max-snippet":"max-snippet:-1","max-image-preview":"max-image-preview:large","max-video-preview":"max-video-preview:-1"},"canonical":"https:\/\/tuzlainfo.ba\/index.php\/novosti\/item\/235263-bajramska-poruka-muftije-fazlovica-sjetimo-se-onih-kojima-mozemo-pomoci\/","og_locale":"bs_BA","og_type":"article","og_title":"Bajramska poruka muftije Fazlovi\u0107a: Sjetimo se onih kojima mo\u017eemo pomo\u0107i","og_description":"Muftija tuzlanski Vahid ef. Fazlovi\u0107 uputio je danas \u010destitku vjernicima povodom nastupaju\u0107eg Ramazanskog bajrama u kojoj navodi: Draga bra\u0107o i po\u0161tovane sestre! Na kraju smo ramazani-\u0161erifa, blagoslovljenog mjeseca ispunjenog mnogostrukim prilikama za postizanje velikih i trajnih blagodati. Ramazan je, zaista, vrijeme svekolikog dobra. Ramazanski ibadeti su nas duhovno oja\u010dali. U namazu i postu smo pronalazili [&hellip;]","og_url":"https:\/\/tuzlainfo.ba\/index.php\/novosti\/item\/235263-bajramska-poruka-muftije-fazlovica-sjetimo-se-onih-kojima-mozemo-pomoci\/","og_site_name":"TuzlaInfo.ba","article_publisher":"https:\/\/www.facebook.com\/tuzlainfo.ba\/","article_published_time":"2024-04-09T17:01:58+00:00","og_image":[{"width":1100,"height":733,"url":"https:\/\/tuzlainfo.ba\/wp-content\/uploads\/2021\/04\/1204_muftija_fazlovic.jpg","type":"image\/jpeg"}],"author":"nedim","twitter_card":"summary_large_image","twitter_misc":{"Written by":"nedim","Est. reading time":"3 minute"},"schema":{"@context":"https:\/\/schema.org","@graph":[{"@type":"Article","@id":"https:\/\/tuzlainfo.ba\/index.php\/novosti\/item\/235263-bajramska-poruka-muftije-fazlovica-sjetimo-se-onih-kojima-mozemo-pomoci\/#article","isPartOf":{"@id":"https:\/\/tuzlainfo.ba\/index.php\/novosti\/item\/235263-bajramska-poruka-muftije-fazlovica-sjetimo-se-onih-kojima-mozemo-pomoci\/"},"author":{"name":"nedim","@id":"https:\/\/tuzlainfo.ba\/#\/schema\/person\/f434e20dc27ea133923aab08451b7f7f"},"headline":"Bajramska poruka muftije Fazlovi\u0107a: Sjetimo se onih kojima mo\u017eemo pomo\u0107i","datePublished":"2024-04-09T17:01:58+00:00","mainEntityOfPage":{"@id":"https:\/\/tuzlainfo.ba\/index.php\/novosti\/item\/235263-bajramska-poruka-muftije-fazlovica-sjetimo-se-onih-kojima-mozemo-pomoci\/"},"wordCount":479,"publisher":{"@id":"https:\/\/tuzlainfo.ba\/#organization"},"image":{"@id":"https:\/\/tuzlainfo.ba\/index.php\/novosti\/item\/235263-bajramska-poruka-muftije-fazlovica-sjetimo-se-onih-kojima-mozemo-pomoci\/#primaryimage"},"thumbnailUrl":"https:\/\/tuzlainfo.ba\/wp-content\/uploads\/2021\/04\/1204_muftija_fazlovic.jpg","keywords":["muftija tuzlanski","Vahid-ef. Fazlovi\u0107"],"articleSection":["Istaknuto","Novosti"],"inLanguage":"bs-BA","copyrightYear":"2024","copyrightHolder":{"@id":"https:\/\/tuzlainfo.ba\/#organization"}},{"@type":"WebPage","@id":"https:\/\/tuzlainfo.ba\/index.php\/novosti\/item\/235263-bajramska-poruka-muftije-fazlovica-sjetimo-se-onih-kojima-mozemo-pomoci\/","url":"https:\/\/tuzlainfo.ba\/index.php\/novosti\/item\/235263-bajramska-poruka-muftije-fazlovica-sjetimo-se-onih-kojima-mozemo-pomoci\/","name":"Bajramska poruka muftije Fazlovi\u0107a: Sjetimo se onih kojima mo\u017eemo pomo\u0107i","isPartOf":{"@id":"https:\/\/tuzlainfo.ba\/#website"},"primaryImageOfPage":{"@id":"https:\/\/tuzlainfo.ba\/index.php\/novosti\/item\/235263-bajramska-poruka-muftije-fazlovica-sjetimo-se-onih-kojima-mozemo-pomoci\/#primaryimage"},"image":{"@id":"https:\/\/tuzlainfo.ba\/index.php\/novosti\/item\/235263-bajramska-poruka-muftije-fazlovica-sjetimo-se-onih-kojima-mozemo-pomoci\/#primaryimage"},"thumbnailUrl":"https:\/\/tuzlainfo.ba\/wp-content\/uploads\/2021\/04\/1204_muftija_fazlovic.jpg","datePublished":"2024-04-09T17:01:58+00:00","breadcrumb":{"@id":"https:\/\/tuzlainfo.ba\/index.php\/novosti\/item\/235263-bajramska-poruka-muftije-fazlovica-sjetimo-se-onih-kojima-mozemo-pomoci\/#breadcrumb"},"inLanguage":"bs-BA","potentialAction":[{"@type":"ReadAction","target":["https:\/\/tuzlainfo.ba\/index.php\/novosti\/item\/235263-bajramska-poruka-muftije-fazlovica-sjetimo-se-onih-kojima-mozemo-pomoci\/"]}]},{"@type":"ImageObject","inLanguage":"bs-BA","@id":"https:\/\/tuzlainfo.ba\/index.php\/novosti\/item\/235263-bajramska-poruka-muftije-fazlovica-sjetimo-se-onih-kojima-mozemo-pomoci\/#primaryimage","url":"https:\/\/tuzlainfo.ba\/wp-content\/uploads\/2021\/04\/1204_muftija_fazlovic.jpg","contentUrl":"https:\/\/tuzlainfo.ba\/wp-content\/uploads\/2021\/04\/1204_muftija_fazlovic.jpg","width":1100,"height":733},{"@type":"BreadcrumbList","@id":"https:\/\/tuzlainfo.ba\/index.php\/novosti\/item\/235263-bajramska-poruka-muftije-fazlovica-sjetimo-se-onih-kojima-mozemo-pomoci\/#breadcrumb","itemListElement":[{"@type":"ListItem","position":1,"name":"Home","item":"https:\/\/tuzlainfo.ba\/"},{"@type":"ListItem","position":2,"name":"Bajramska poruka muftije Fazlovi\u0107a: Sjetimo se onih kojima mo\u017eemo pomo\u0107i"}]},{"@type":"WebSite","@id":"https:\/\/tuzlainfo.ba\/#website","url":"https:\/\/tuzlainfo.ba\/","name":"TuzlaInfo.ba","description":"Tuzla info, gradski informator - Tuzla na dlanu","publisher":{"@id":"https:\/\/tuzlainfo.ba\/#organization"},"potentialAction":[{"@type":"SearchAction","target":{"@type":"EntryPoint","urlTemplate":"https:\/\/tuzlainfo.ba\/?s={search_term_string}"},"query-input":{"@type":"PropertyValueSpecification","valueRequired":true,"valueName":"search_term_string"}}],"inLanguage":"bs-BA"},{"@type":"Organization","@id":"https:\/\/tuzlainfo.ba\/#organization","name":"TuzlaInfo.ba","url":"https:\/\/tuzlainfo.ba\/","logo":{"@type":"ImageObject","inLanguage":"bs-BA","@id":"https:\/\/tuzlainfo.ba\/#\/schema\/logo\/image\/","url":"https:\/\/tuzlainfo.ba\/wp-content\/uploads\/2021\/03\/logo-ver-3-1.png","contentUrl":"https:\/\/tuzlainfo.ba\/wp-content\/uploads\/2021\/03\/logo-ver-3-1.png","width":350,"height":95,"caption":"TuzlaInfo.ba"},"image":{"@id":"https:\/\/tuzlainfo.ba\/#\/schema\/logo\/image\/"},"sameAs":["https:\/\/www.facebook.com\/tuzlainfo.ba\/"]},{"@type":"Person","@id":"https:\/\/tuzlainfo.ba\/#\/schema\/person\/f434e20dc27ea133923aab08451b7f7f","name":"nedim","image":{"@type":"ImageObject","inLanguage":"bs-BA","@id":"https:\/\/secure.gravatar.com\/avatar\/5b928a2e7e70a54208d2eb6c1edcb75a5350d6ae97d5f0a701203d456823f6f3?s=96&d=mm&r=g","url":"https:\/\/secure.gravatar.com\/avatar\/5b928a2e7e70a54208d2eb6c1edcb75a5350d6ae97d5f0a701203d456823f6f3?s=96&d=mm&r=g","contentUrl":"https:\/\/secure.gravatar.com\/avatar\/5b928a2e7e70a54208d2eb6c1edcb75a5350d6ae97d5f0a701203d456823f6f3?s=96&d=mm&r=g","caption":"nedim"},"description":"Tuzlainfo.ba pratite na dru\u0161tvenim mre\u017eama: Facebook, Instagram i Youtube. Svoje pri\u010de, upite i fotografije \u0161aljite na na\u0161u e-mail adresu."}]}},"_links":{"self":[{"href":"https:\/\/tuzlainfo.ba\/index.php\/wp-json\/wp\/v2\/posts\/235263","targetHints":{"allow":["GET"]}}],"collection":[{"href":"https:\/\/tuzlainfo.ba\/index.php\/wp-json\/wp\/v2\/posts"}],"about":[{"href":"https:\/\/tuzlainfo.ba\/index.php\/wp-json\/wp\/v2\/types\/post"}],"author":[{"embeddable":true,"href":"https:\/\/tuzlainfo.ba\/index.php\/wp-json\/wp\/v2\/users\/2"}],"replies":[{"embeddable":true,"href":"https:\/\/tuzlainfo.ba\/index.php\/wp-json\/wp\/v2\/comments?post=235263"}],"version-history":[{"count":3,"href":"https:\/\/tuzlainfo.ba\/index.php\/wp-json\/wp\/v2\/posts\/235263\/revisions"}],"predecessor-version":[{"id":235291,"href":"https:\/\/tuzlainfo.ba\/index.php\/wp-json\/wp\/v2\/posts\/235263\/revisions\/235291"}],"wp:featuredmedia":[{"embeddable":true,"href":"https:\/\/tuzlainfo.ba\/index.php\/wp-json\/wp\/v2\/media\/135373"}],"wp:attachment":[{"href":"https:\/\/tuzlainfo.ba\/index.php\/wp-json\/wp\/v2\/media?parent=235263"}],"wp:term":[{"taxonomy":"category","embeddable":true,"href":"https:\/\/tuzlainfo.ba\/index.php\/wp-json\/wp\/v2\/categories?post=235263"},{"taxonomy":"post_tag","embeddable":true,"href":"https:\/\/tuzlainfo.ba\/index.php\/wp-json\/wp\/v2\/tags?post=235263"}],"curies":[{"name":"wp","href":"https:\/\/api.w.org\/{rel}","templated":true}]}}