{"id":235179,"date":"2024-04-09T09:00:26","date_gmt":"2024-04-09T07:00:26","guid":{"rendered":"https:\/\/tuzlainfo.ba\/?p=235179"},"modified":"2024-04-09T07:55:50","modified_gmt":"2024-04-09T05:55:50","slug":"planirano-sirenje-zona-toplifikacije-u-tuzli-na-12-novih-zona","status":"publish","type":"post","link":"https:\/\/tuzlainfo.ba\/index.php\/istaknuto\/item\/235179-planirano-sirenje-zona-toplifikacije-u-tuzli-na-12-novih-zona\/","title":{"rendered":"Planirano \u0161irenje zona toplifikacije u Tuzli na 12 novih zona"},"content":{"rendered":"<p>Na 26. sjednici Kolegija gradona\u010delnika Tuzle razmatran je \u201cPlan pro\u0161irenja zona toplifikacije daljinskog sistema grijanja grada Tuzle\u201d.<\/p>\n<p>JKP Centralno grijanje, u koordinaciji sa Slu\u017ebom za komunalne poslove, izgradnju i poslove mjesnih zajednica, pripremilo je dokument pod nazivom \u201cPlan pro\u0161irenja zona toplifikacije daljinskog sistema grijanja grada Tuzle\u201d, kojim je predvi\u0111eno pro\u0161irenje na 12 novih zona. Ovo obuhvata pet zona koje zahtijevaju rekonstrukciju magistralnog vrelovoda (Miladije \u2013 Dr. Milice Kosori\u0107a, Solana II, Siporeks + Industrijska zona, Batva II i Be\u0107arevac) i sedam zona koje ne zahtijevaju rekonstrukciju magistralnog vrelovoda (Plane, Hude\u010d, Mosnik II, Mejdan \u2013 Donje brdo, D\u017eindi\u0107 mahala, Dragodol II i \u0160i\u0107i).<\/p>\n<p>Plan je podijeljen u dvije faze, prva faza obuhvata toplifikaciju prije rekonstrukcije vrelovoda, dok druga faza obuhvata toplifikaciju nakon rekonstrukcije. Pro\u0161irenje zona predvi\u0111eno je u razli\u010ditim dijelovima grada, a prioritet je data toplifikaciji naselja Plane i \u0160i\u0107i.<\/p>\n<p>U cilju stvaranja uslova za \u0161irenje sistema daljinskog grijanja u skladu sa raspolo\u017eivim kapacitetima, potrebno je da Gradsko vije\u0107e Grada Tuzla u skladu sa propisima, donese Odluku o davanju saglasnosti na Plan pro\u0161irenja zona toplifikacije daljinskog sistema grijanja grada Tuzle, a koji \u0107e biti upu\u0107en na narednu sjednicu Gradskog vije\u0107a Tuzle.<\/p>\n","protected":false},"excerpt":{"rendered":"<p>Na 26. sjednici Kolegija gradona\u010delnika Tuzle razmatran je \u201cPlan pro\u0161irenja zona toplifikacije daljinskog sistema grijanja&hellip;<\/p>\n","protected":false},"author":4,"featured_media":211263,"comment_status":"closed","ping_status":"closed","sticky":false,"template":"","format":"standard","meta":{"_acf_changed":false,"footnotes":""},"categories":[304,12],"tags":[2957,1267,1827],"acf":[],"yoast_head":"<!-- This site is optimized with the Yoast SEO plugin v23.5 - https:\/\/yoast.com\/wordpress\/plugins\/seo\/ -->\n<title>Planirano \u0161irenje zona toplifikacije u Tuzli na 12 novih zona - TuzlaInfo.ba<\/title>\n<meta name=\"robots\" content=\"index, follow, max-snippet:-1, max-image-preview:large, max-video-preview:-1\" \/>\n<link rel=\"canonical\" href=\"https:\/\/tuzlainfo.ba\/index.php\/istaknuto\/item\/235179-planirano-sirenje-zona-toplifikacije-u-tuzli-na-12-novih-zona\/\" \/>\n<meta property=\"og:locale\" content=\"bs_BA\" \/>\n<meta property=\"og:type\" content=\"article\" \/>\n<meta property=\"og:title\" content=\"Planirano \u0161irenje zona toplifikacije u Tuzli na 12 novih zona - TuzlaInfo.ba\" \/>\n<meta property=\"og:description\" content=\"Na 26. sjednici Kolegija gradona\u010delnika Tuzle razmatran je \u201cPlan pro\u0161irenja zona toplifikacije daljinskog sistema grijanja&hellip;\" \/>\n<meta property=\"og:url\" content=\"https:\/\/tuzlainfo.ba\/index.php\/istaknuto\/item\/235179-planirano-sirenje-zona-toplifikacije-u-tuzli-na-12-novih-zona\/\" \/>\n<meta property=\"og:site_name\" content=\"TuzlaInfo.ba\" \/>\n<meta property=\"article:publisher\" content=\"https:\/\/www.facebook.com\/tuzlainfo.ba\/\" \/>\n<meta property=\"article:published_time\" content=\"2024-04-09T07:00:26+00:00\" \/>\n<meta property=\"article:modified_time\" content=\"2024-04-09T05:55:50+00:00\" \/>\n<meta property=\"og:image\" content=\"https:\/\/tuzlainfo.ba\/wp-content\/uploads\/2023\/07\/radovi_grijanje_2.jpg\" \/>\n\t<meta property=\"og:image:width\" content=\"1000\" \/>\n\t<meta property=\"og:image:height\" content=\"750\" \/>\n\t<meta property=\"og:image:type\" content=\"image\/jpeg\" \/>\n<meta name=\"author\" content=\"Tuzla Info\" \/>\n<meta name=\"twitter:card\" content=\"summary_large_image\" \/>\n<meta name=\"twitter:label1\" content=\"Written by\" \/>\n\t<meta name=\"twitter:data1\" content=\"Tuzla Info\" \/>\n\t<meta name=\"twitter:label2\" content=\"Est. reading time\" \/>\n\t<meta name=\"twitter:data2\" content=\"2 minute\" \/>\n<script type=\"application\/ld+json\" class=\"yoast-schema-graph\">{\"@context\":\"https:\/\/schema.org\",\"@graph\":[{\"@type\":\"Article\",\"@id\":\"https:\/\/tuzlainfo.ba\/index.php\/istaknuto\/item\/235179-planirano-sirenje-zona-toplifikacije-u-tuzli-na-12-novih-zona\/#article\",\"isPartOf\":{\"@id\":\"https:\/\/tuzlainfo.ba\/index.php\/istaknuto\/item\/235179-planirano-sirenje-zona-toplifikacije-u-tuzli-na-12-novih-zona\/\"},\"author\":{\"name\":\"Tuzla Info\",\"@id\":\"https:\/\/tuzlainfo.ba\/#\/schema\/person\/46cad4c57790cbc50781edd14870825a\"},\"headline\":\"Planirano \u0161irenje zona toplifikacije u Tuzli na 12 novih zona\",\"datePublished\":\"2024-04-09T07:00:26+00:00\",\"dateModified\":\"2024-04-09T05:55:50+00:00\",\"mainEntityOfPage\":{\"@id\":\"https:\/\/tuzlainfo.ba\/index.php\/istaknuto\/item\/235179-planirano-sirenje-zona-toplifikacije-u-tuzli-na-12-novih-zona\/\"},\"wordCount\":212,\"publisher\":{\"@id\":\"https:\/\/tuzlainfo.ba\/#organization\"},\"image\":{\"@id\":\"https:\/\/tuzlainfo.ba\/index.php\/istaknuto\/item\/235179-planirano-sirenje-zona-toplifikacije-u-tuzli-na-12-novih-zona\/#primaryimage\"},\"thumbnailUrl\":\"https:\/\/tuzlainfo.ba\/wp-content\/uploads\/2023\/07\/radovi_grijanje_2.jpg\",\"keywords\":[\"Centralno grijanje Tuzla\",\"kolegij gradona\u010delnika\",\"toplifikacija\"],\"articleSection\":[\"Istaknuto\",\"Novosti\"],\"inLanguage\":\"bs-BA\"},{\"@type\":\"WebPage\",\"@id\":\"https:\/\/tuzlainfo.ba\/index.php\/istaknuto\/item\/235179-planirano-sirenje-zona-toplifikacije-u-tuzli-na-12-novih-zona\/\",\"url\":\"https:\/\/tuzlainfo.ba\/index.php\/istaknuto\/item\/235179-planirano-sirenje-zona-toplifikacije-u-tuzli-na-12-novih-zona\/\",\"name\":\"Planirano \u0161irenje zona toplifikacije u Tuzli na 12 novih zona - TuzlaInfo.ba\",\"isPartOf\":{\"@id\":\"https:\/\/tuzlainfo.ba\/#website\"},\"primaryImageOfPage\":{\"@id\":\"https:\/\/tuzlainfo.ba\/index.php\/istaknuto\/item\/235179-planirano-sirenje-zona-toplifikacije-u-tuzli-na-12-novih-zona\/#primaryimage\"},\"image\":{\"@id\":\"https:\/\/tuzlainfo.ba\/index.php\/istaknuto\/item\/235179-planirano-sirenje-zona-toplifikacije-u-tuzli-na-12-novih-zona\/#primaryimage\"},\"thumbnailUrl\":\"https:\/\/tuzlainfo.ba\/wp-content\/uploads\/2023\/07\/radovi_grijanje_2.jpg\",\"datePublished\":\"2024-04-09T07:00:26+00:00\",\"dateModified\":\"2024-04-09T05:55:50+00:00\",\"breadcrumb\":{\"@id\":\"https:\/\/tuzlainfo.ba\/index.php\/istaknuto\/item\/235179-planirano-sirenje-zona-toplifikacije-u-tuzli-na-12-novih-zona\/#breadcrumb\"},\"inLanguage\":\"bs-BA\",\"potentialAction\":[{\"@type\":\"ReadAction\",\"target\":[\"https:\/\/tuzlainfo.ba\/index.php\/istaknuto\/item\/235179-planirano-sirenje-zona-toplifikacije-u-tuzli-na-12-novih-zona\/\"]}]},{\"@type\":\"ImageObject\",\"inLanguage\":\"bs-BA\",\"@id\":\"https:\/\/tuzlainfo.ba\/index.php\/istaknuto\/item\/235179-planirano-sirenje-zona-toplifikacije-u-tuzli-na-12-novih-zona\/#primaryimage\",\"url\":\"https:\/\/tuzlainfo.ba\/wp-content\/uploads\/2023\/07\/radovi_grijanje_2.jpg\",\"contentUrl\":\"https:\/\/tuzlainfo.ba\/wp-content\/uploads\/2023\/07\/radovi_grijanje_2.jpg\",\"width\":1000,\"height\":750},{\"@type\":\"BreadcrumbList\",\"@id\":\"https:\/\/tuzlainfo.ba\/index.php\/istaknuto\/item\/235179-planirano-sirenje-zona-toplifikacije-u-tuzli-na-12-novih-zona\/#breadcrumb\",\"itemListElement\":[{\"@type\":\"ListItem\",\"position\":1,\"name\":\"Home\",\"item\":\"https:\/\/tuzlainfo.ba\/\"},{\"@type\":\"ListItem\",\"position\":2,\"name\":\"Planirano \u0161irenje zona toplifikacije u Tuzli na 12 novih zona\"}]},{\"@type\":\"WebSite\",\"@id\":\"https:\/\/tuzlainfo.ba\/#website\",\"url\":\"https:\/\/tuzlainfo.ba\/\",\"name\":\"TuzlaInfo.ba\",\"description\":\"Tuzla info, gradski informator - Tuzla na dlanu\",\"publisher\":{\"@id\":\"https:\/\/tuzlainfo.ba\/#organization\"},\"potentialAction\":[{\"@type\":\"SearchAction\",\"target\":{\"@type\":\"EntryPoint\",\"urlTemplate\":\"https:\/\/tuzlainfo.ba\/?s={search_term_string}\"},\"query-input\":{\"@type\":\"PropertyValueSpecification\",\"valueRequired\":true,\"valueName\":\"search_term_string\"}}],\"inLanguage\":\"bs-BA\"},{\"@type\":\"Organization\",\"@id\":\"https:\/\/tuzlainfo.ba\/#organization\",\"name\":\"TuzlaInfo.ba\",\"url\":\"https:\/\/tuzlainfo.ba\/\",\"logo\":{\"@type\":\"ImageObject\",\"inLanguage\":\"bs-BA\",\"@id\":\"https:\/\/tuzlainfo.ba\/#\/schema\/logo\/image\/\",\"url\":\"https:\/\/tuzlainfo.ba\/wp-content\/uploads\/2021\/03\/logo-ver-3-1.png\",\"contentUrl\":\"https:\/\/tuzlainfo.ba\/wp-content\/uploads\/2021\/03\/logo-ver-3-1.png\",\"width\":350,\"height\":95,\"caption\":\"TuzlaInfo.ba\"},\"image\":{\"@id\":\"https:\/\/tuzlainfo.ba\/#\/schema\/logo\/image\/\"},\"sameAs\":[\"https:\/\/www.facebook.com\/tuzlainfo.ba\/\"]},{\"@type\":\"Person\",\"@id\":\"https:\/\/tuzlainfo.ba\/#\/schema\/person\/46cad4c57790cbc50781edd14870825a\",\"name\":\"Tuzla Info\",\"image\":{\"@type\":\"ImageObject\",\"inLanguage\":\"bs-BA\",\"@id\":\"https:\/\/tuzlainfo.ba\/#\/schema\/person\/image\/\",\"url\":\"https:\/\/tuzlainfo.ba\/wp-content\/litespeed\/avatar\/b6c453a6c38e3654f2e4416c643fc25c.jpg?ver=1777051911\",\"contentUrl\":\"https:\/\/tuzlainfo.ba\/wp-content\/litespeed\/avatar\/b6c453a6c38e3654f2e4416c643fc25c.jpg?ver=1777051911\",\"caption\":\"Tuzla Info\"}}]}<\/script>\n<!-- \/ Yoast SEO plugin. -->","yoast_head_json":{"title":"Planirano \u0161irenje zona toplifikacije u Tuzli na 12 novih zona - TuzlaInfo.ba","robots":{"index":"index","follow":"follow","max-snippet":"max-snippet:-1","max-image-preview":"max-image-preview:large","max-video-preview":"max-video-preview:-1"},"canonical":"https:\/\/tuzlainfo.ba\/index.php\/istaknuto\/item\/235179-planirano-sirenje-zona-toplifikacije-u-tuzli-na-12-novih-zona\/","og_locale":"bs_BA","og_type":"article","og_title":"Planirano \u0161irenje zona toplifikacije u Tuzli na 12 novih zona - TuzlaInfo.ba","og_description":"Na 26. sjednici Kolegija gradona\u010delnika Tuzle razmatran je \u201cPlan pro\u0161irenja zona toplifikacije daljinskog sistema grijanja&hellip;","og_url":"https:\/\/tuzlainfo.ba\/index.php\/istaknuto\/item\/235179-planirano-sirenje-zona-toplifikacije-u-tuzli-na-12-novih-zona\/","og_site_name":"TuzlaInfo.ba","article_publisher":"https:\/\/www.facebook.com\/tuzlainfo.ba\/","article_published_time":"2024-04-09T07:00:26+00:00","article_modified_time":"2024-04-09T05:55:50+00:00","og_image":[{"width":1000,"height":750,"url":"https:\/\/tuzlainfo.ba\/wp-content\/uploads\/2023\/07\/radovi_grijanje_2.jpg","type":"image\/jpeg"}],"author":"Tuzla Info","twitter_card":"summary_large_image","twitter_misc":{"Written by":"Tuzla Info","Est. reading time":"2 minute"},"schema":{"@context":"https:\/\/schema.org","@graph":[{"@type":"Article","@id":"https:\/\/tuzlainfo.ba\/index.php\/istaknuto\/item\/235179-planirano-sirenje-zona-toplifikacije-u-tuzli-na-12-novih-zona\/#article","isPartOf":{"@id":"https:\/\/tuzlainfo.ba\/index.php\/istaknuto\/item\/235179-planirano-sirenje-zona-toplifikacije-u-tuzli-na-12-novih-zona\/"},"author":{"name":"Tuzla Info","@id":"https:\/\/tuzlainfo.ba\/#\/schema\/person\/46cad4c57790cbc50781edd14870825a"},"headline":"Planirano \u0161irenje zona toplifikacije u Tuzli na 12 novih zona","datePublished":"2024-04-09T07:00:26+00:00","dateModified":"2024-04-09T05:55:50+00:00","mainEntityOfPage":{"@id":"https:\/\/tuzlainfo.ba\/index.php\/istaknuto\/item\/235179-planirano-sirenje-zona-toplifikacije-u-tuzli-na-12-novih-zona\/"},"wordCount":212,"publisher":{"@id":"https:\/\/tuzlainfo.ba\/#organization"},"image":{"@id":"https:\/\/tuzlainfo.ba\/index.php\/istaknuto\/item\/235179-planirano-sirenje-zona-toplifikacije-u-tuzli-na-12-novih-zona\/#primaryimage"},"thumbnailUrl":"https:\/\/tuzlainfo.ba\/wp-content\/uploads\/2023\/07\/radovi_grijanje_2.jpg","keywords":["Centralno grijanje Tuzla","kolegij gradona\u010delnika","toplifikacija"],"articleSection":["Istaknuto","Novosti"],"inLanguage":"bs-BA"},{"@type":"WebPage","@id":"https:\/\/tuzlainfo.ba\/index.php\/istaknuto\/item\/235179-planirano-sirenje-zona-toplifikacije-u-tuzli-na-12-novih-zona\/","url":"https:\/\/tuzlainfo.ba\/index.php\/istaknuto\/item\/235179-planirano-sirenje-zona-toplifikacije-u-tuzli-na-12-novih-zona\/","name":"Planirano \u0161irenje zona toplifikacije u Tuzli na 12 novih zona - TuzlaInfo.ba","isPartOf":{"@id":"https:\/\/tuzlainfo.ba\/#website"},"primaryImageOfPage":{"@id":"https:\/\/tuzlainfo.ba\/index.php\/istaknuto\/item\/235179-planirano-sirenje-zona-toplifikacije-u-tuzli-na-12-novih-zona\/#primaryimage"},"image":{"@id":"https:\/\/tuzlainfo.ba\/index.php\/istaknuto\/item\/235179-planirano-sirenje-zona-toplifikacije-u-tuzli-na-12-novih-zona\/#primaryimage"},"thumbnailUrl":"https:\/\/tuzlainfo.ba\/wp-content\/uploads\/2023\/07\/radovi_grijanje_2.jpg","datePublished":"2024-04-09T07:00:26+00:00","dateModified":"2024-04-09T05:55:50+00:00","breadcrumb":{"@id":"https:\/\/tuzlainfo.ba\/index.php\/istaknuto\/item\/235179-planirano-sirenje-zona-toplifikacije-u-tuzli-na-12-novih-zona\/#breadcrumb"},"inLanguage":"bs-BA","potentialAction":[{"@type":"ReadAction","target":["https:\/\/tuzlainfo.ba\/index.php\/istaknuto\/item\/235179-planirano-sirenje-zona-toplifikacije-u-tuzli-na-12-novih-zona\/"]}]},{"@type":"ImageObject","inLanguage":"bs-BA","@id":"https:\/\/tuzlainfo.ba\/index.php\/istaknuto\/item\/235179-planirano-sirenje-zona-toplifikacije-u-tuzli-na-12-novih-zona\/#primaryimage","url":"https:\/\/tuzlainfo.ba\/wp-content\/uploads\/2023\/07\/radovi_grijanje_2.jpg","contentUrl":"https:\/\/tuzlainfo.ba\/wp-content\/uploads\/2023\/07\/radovi_grijanje_2.jpg","width":1000,"height":750},{"@type":"BreadcrumbList","@id":"https:\/\/tuzlainfo.ba\/index.php\/istaknuto\/item\/235179-planirano-sirenje-zona-toplifikacije-u-tuzli-na-12-novih-zona\/#breadcrumb","itemListElement":[{"@type":"ListItem","position":1,"name":"Home","item":"https:\/\/tuzlainfo.ba\/"},{"@type":"ListItem","position":2,"name":"Planirano \u0161irenje zona toplifikacije u Tuzli na 12 novih zona"}]},{"@type":"WebSite","@id":"https:\/\/tuzlainfo.ba\/#website","url":"https:\/\/tuzlainfo.ba\/","name":"TuzlaInfo.ba","description":"Tuzla info, gradski informator - Tuzla na dlanu","publisher":{"@id":"https:\/\/tuzlainfo.ba\/#organization"},"potentialAction":[{"@type":"SearchAction","target":{"@type":"EntryPoint","urlTemplate":"https:\/\/tuzlainfo.ba\/?s={search_term_string}"},"query-input":{"@type":"PropertyValueSpecification","valueRequired":true,"valueName":"search_term_string"}}],"inLanguage":"bs-BA"},{"@type":"Organization","@id":"https:\/\/tuzlainfo.ba\/#organization","name":"TuzlaInfo.ba","url":"https:\/\/tuzlainfo.ba\/","logo":{"@type":"ImageObject","inLanguage":"bs-BA","@id":"https:\/\/tuzlainfo.ba\/#\/schema\/logo\/image\/","url":"https:\/\/tuzlainfo.ba\/wp-content\/uploads\/2021\/03\/logo-ver-3-1.png","contentUrl":"https:\/\/tuzlainfo.ba\/wp-content\/uploads\/2021\/03\/logo-ver-3-1.png","width":350,"height":95,"caption":"TuzlaInfo.ba"},"image":{"@id":"https:\/\/tuzlainfo.ba\/#\/schema\/logo\/image\/"},"sameAs":["https:\/\/www.facebook.com\/tuzlainfo.ba\/"]},{"@type":"Person","@id":"https:\/\/tuzlainfo.ba\/#\/schema\/person\/46cad4c57790cbc50781edd14870825a","name":"Tuzla Info","image":{"@type":"ImageObject","inLanguage":"bs-BA","@id":"https:\/\/tuzlainfo.ba\/#\/schema\/person\/image\/","url":"https:\/\/tuzlainfo.ba\/wp-content\/litespeed\/avatar\/b6c453a6c38e3654f2e4416c643fc25c.jpg?ver=1777051911","contentUrl":"https:\/\/tuzlainfo.ba\/wp-content\/litespeed\/avatar\/b6c453a6c38e3654f2e4416c643fc25c.jpg?ver=1777051911","caption":"Tuzla Info"}}]}},"_links":{"self":[{"href":"https:\/\/tuzlainfo.ba\/index.php\/wp-json\/wp\/v2\/posts\/235179"}],"collection":[{"href":"https:\/\/tuzlainfo.ba\/index.php\/wp-json\/wp\/v2\/posts"}],"about":[{"href":"https:\/\/tuzlainfo.ba\/index.php\/wp-json\/wp\/v2\/types\/post"}],"author":[{"embeddable":true,"href":"https:\/\/tuzlainfo.ba\/index.php\/wp-json\/wp\/v2\/users\/4"}],"replies":[{"embeddable":true,"href":"https:\/\/tuzlainfo.ba\/index.php\/wp-json\/wp\/v2\/comments?post=235179"}],"version-history":[{"count":1,"href":"https:\/\/tuzlainfo.ba\/index.php\/wp-json\/wp\/v2\/posts\/235179\/revisions"}],"predecessor-version":[{"id":235180,"href":"https:\/\/tuzlainfo.ba\/index.php\/wp-json\/wp\/v2\/posts\/235179\/revisions\/235180"}],"wp:featuredmedia":[{"embeddable":true,"href":"https:\/\/tuzlainfo.ba\/index.php\/wp-json\/wp\/v2\/media\/211263"}],"wp:attachment":[{"href":"https:\/\/tuzlainfo.ba\/index.php\/wp-json\/wp\/v2\/media?parent=235179"}],"wp:term":[{"taxonomy":"category","embeddable":true,"href":"https:\/\/tuzlainfo.ba\/index.php\/wp-json\/wp\/v2\/categories?post=235179"},{"taxonomy":"post_tag","embeddable":true,"href":"https:\/\/tuzlainfo.ba\/index.php\/wp-json\/wp\/v2\/tags?post=235179"}],"curies":[{"name":"wp","href":"https:\/\/api.w.org\/{rel}","templated":true}]}}