{"id":235097,"date":"2024-04-08T11:08:08","date_gmt":"2024-04-08T09:08:08","guid":{"rendered":"https:\/\/tuzlainfo.ba\/?p=235097"},"modified":"2024-04-08T09:29:30","modified_gmt":"2024-04-08T07:29:30","slug":"na-sajmu-kafe-i-cokolade-u-tuzli-najavljen-kviz-sa-deanom-kotigom","status":"publish","type":"post","link":"https:\/\/tuzlainfo.ba\/index.php\/najava-dogadaja-2\/item\/235097-na-sajmu-kafe-i-cokolade-u-tuzli-najavljen-kviz-sa-deanom-kotigom\/","title":{"rendered":"Na Sajmu kafe i \u010dokolade u Tuzli najavljen &#8220;Kviz sa Deanom Kotigom&#8221;"},"content":{"rendered":"<p>U okviru manifestacije \u2018Sajam kafe i \u010dokolade\u2019 u Tuzli, u petak, 17.05.2024. godine bit \u0107e organizovan \u2018Kviz sa Deanom Kotigom\u2019.<\/p>\n<p>Svi zainteresirani se mogu prijaviti na e-mail:\u00a0<a href=\"mailto:kviz@sajam.ba\">kviz@sajam.ba<\/a>.<\/p>\n<p>Prijave se primaju do 20.04.2024. godine.<\/p>\n<p>Broj ekipa je ograni\u010den.<\/p>\n<p>Podaci potrebni za prijavu:<\/p>\n<ul>\n<li>Naziv ekipe<\/li>\n<li>Broja \u010dlanova ekipe ( max 5 \u010dlanova )<\/li>\n<li>Kontakt predstavnika ekipe<\/li>\n<\/ul>\n<p>Vi\u0161e informacija na:\u00a0<a href=\"https:\/\/www.facebook.com\/kafaicokolada\">https:\/\/www.facebook.com\/kafaicokolada<\/a><\/p>\n<p>Podsje\u0107amo, Kotiga je magistar komparativne knji\u017eevnosti. Osvojio je prvo mjesto na Me\u0111unarodnom natjecanju u kvizu u \u0160paniji u novembru 2023. godine. Kotiga je hrvatski je kvizoman, enigmati\u010dar. Trenutno je lovac u kvizovima \u2018Potjera\u2019 i \u2018Superpotjera\u2019.<\/p>\n<p>\u02ddOd 16. do 18. maja, posjetioci Sajma kafe i \u010dokolade u Tuzli ima\u0107e priliku da u\u017eivaju u nezaboravnom iskustvu u dru\u0161tvu Deana Kotige. Sa svojim \u0161armom, bogatim znanjem i neizostavnim smislom za humor, Dean \u0107e doprinijeti ne samo zabavnom aspektu doga\u0111aja, ve\u0107 i oboga\u0107ivanju posjetilaca kroz interaktivne kvizove i edukativne aktivnosti\u02dd, saop\u0161teno je.<\/p>\n","protected":false},"excerpt":{"rendered":"<p>U okviru manifestacije \u2018Sajam kafe i \u010dokolade\u2019 u Tuzli, u petak, 17.05.2024. godine bit \u0107e&hellip;<\/p>\n","protected":false},"author":4,"featured_media":235098,"comment_status":"closed","ping_status":"closed","sticky":false,"template":"","format":"standard","meta":{"_acf_changed":false,"footnotes":""},"categories":[304,11],"tags":[9928],"acf":[],"yoast_head":"<!-- This site is optimized with the Yoast SEO plugin v23.5 - https:\/\/yoast.com\/wordpress\/plugins\/seo\/ -->\n<title>Na Sajmu kafe i \u010dokolade u Tuzli najavljen &quot;Kviz sa Deanom Kotigom&quot; - TuzlaInfo.ba<\/title>\n<meta name=\"robots\" content=\"index, follow, max-snippet:-1, max-image-preview:large, max-video-preview:-1\" \/>\n<link rel=\"canonical\" href=\"https:\/\/tuzlainfo.ba\/index.php\/najava-dogadaja-2\/item\/235097-na-sajmu-kafe-i-cokolade-u-tuzli-najavljen-kviz-sa-deanom-kotigom\/\" \/>\n<meta property=\"og:locale\" content=\"bs_BA\" \/>\n<meta property=\"og:type\" content=\"article\" \/>\n<meta property=\"og:title\" content=\"Na Sajmu kafe i \u010dokolade u Tuzli najavljen &quot;Kviz sa Deanom Kotigom&quot; - TuzlaInfo.ba\" \/>\n<meta property=\"og:description\" content=\"U okviru manifestacije \u2018Sajam kafe i \u010dokolade\u2019 u Tuzli, u petak, 17.05.2024. godine bit \u0107e&hellip;\" \/>\n<meta property=\"og:url\" content=\"https:\/\/tuzlainfo.ba\/index.php\/najava-dogadaja-2\/item\/235097-na-sajmu-kafe-i-cokolade-u-tuzli-najavljen-kviz-sa-deanom-kotigom\/\" \/>\n<meta property=\"og:site_name\" content=\"TuzlaInfo.ba\" \/>\n<meta property=\"article:publisher\" content=\"https:\/\/www.facebook.com\/tuzlainfo.ba\/\" \/>\n<meta property=\"article:published_time\" content=\"2024-04-08T09:08:08+00:00\" \/>\n<meta property=\"article:modified_time\" content=\"2024-04-08T07:29:30+00:00\" \/>\n<meta property=\"og:image\" content=\"https:\/\/tuzlainfo.ba\/wp-content\/uploads\/2024\/04\/Dejan-kotiga-1024x1024-1.jpg\" \/>\n\t<meta property=\"og:image:width\" content=\"1012\" \/>\n\t<meta property=\"og:image:height\" content=\"882\" \/>\n\t<meta property=\"og:image:type\" content=\"image\/jpeg\" \/>\n<meta name=\"author\" content=\"Tuzla Info\" \/>\n<meta name=\"twitter:card\" content=\"summary_large_image\" \/>\n<meta name=\"twitter:label1\" content=\"Written by\" \/>\n\t<meta name=\"twitter:data1\" content=\"Tuzla Info\" \/>\n\t<meta name=\"twitter:label2\" content=\"Est. reading time\" \/>\n\t<meta name=\"twitter:data2\" content=\"1 minuta\" \/>\n<script type=\"application\/ld+json\" class=\"yoast-schema-graph\">{\"@context\":\"https:\/\/schema.org\",\"@graph\":[{\"@type\":\"Article\",\"@id\":\"https:\/\/tuzlainfo.ba\/index.php\/najava-dogadaja-2\/item\/235097-na-sajmu-kafe-i-cokolade-u-tuzli-najavljen-kviz-sa-deanom-kotigom\/#article\",\"isPartOf\":{\"@id\":\"https:\/\/tuzlainfo.ba\/index.php\/najava-dogadaja-2\/item\/235097-na-sajmu-kafe-i-cokolade-u-tuzli-najavljen-kviz-sa-deanom-kotigom\/\"},\"author\":{\"name\":\"Tuzla Info\",\"@id\":\"https:\/\/tuzlainfo.ba\/#\/schema\/person\/46cad4c57790cbc50781edd14870825a\"},\"headline\":\"Na Sajmu kafe i \u010dokolade u Tuzli najavljen &#8220;Kviz sa Deanom Kotigom&#8221;\",\"datePublished\":\"2024-04-08T09:08:08+00:00\",\"dateModified\":\"2024-04-08T07:29:30+00:00\",\"mainEntityOfPage\":{\"@id\":\"https:\/\/tuzlainfo.ba\/index.php\/najava-dogadaja-2\/item\/235097-na-sajmu-kafe-i-cokolade-u-tuzli-najavljen-kviz-sa-deanom-kotigom\/\"},\"wordCount\":169,\"publisher\":{\"@id\":\"https:\/\/tuzlainfo.ba\/#organization\"},\"image\":{\"@id\":\"https:\/\/tuzlainfo.ba\/index.php\/najava-dogadaja-2\/item\/235097-na-sajmu-kafe-i-cokolade-u-tuzli-najavljen-kviz-sa-deanom-kotigom\/#primaryimage\"},\"thumbnailUrl\":\"https:\/\/tuzlainfo.ba\/wp-content\/uploads\/2024\/04\/Dejan-kotiga-1024x1024-1.jpg\",\"keywords\":[\"sajam kafe i \u010dokolade\"],\"articleSection\":[\"Istaknuto\",\"Najave i doga\u0111aji\"],\"inLanguage\":\"bs-BA\"},{\"@type\":\"WebPage\",\"@id\":\"https:\/\/tuzlainfo.ba\/index.php\/najava-dogadaja-2\/item\/235097-na-sajmu-kafe-i-cokolade-u-tuzli-najavljen-kviz-sa-deanom-kotigom\/\",\"url\":\"https:\/\/tuzlainfo.ba\/index.php\/najava-dogadaja-2\/item\/235097-na-sajmu-kafe-i-cokolade-u-tuzli-najavljen-kviz-sa-deanom-kotigom\/\",\"name\":\"Na Sajmu kafe i \u010dokolade u Tuzli najavljen \\\"Kviz sa Deanom Kotigom\\\" - TuzlaInfo.ba\",\"isPartOf\":{\"@id\":\"https:\/\/tuzlainfo.ba\/#website\"},\"primaryImageOfPage\":{\"@id\":\"https:\/\/tuzlainfo.ba\/index.php\/najava-dogadaja-2\/item\/235097-na-sajmu-kafe-i-cokolade-u-tuzli-najavljen-kviz-sa-deanom-kotigom\/#primaryimage\"},\"image\":{\"@id\":\"https:\/\/tuzlainfo.ba\/index.php\/najava-dogadaja-2\/item\/235097-na-sajmu-kafe-i-cokolade-u-tuzli-najavljen-kviz-sa-deanom-kotigom\/#primaryimage\"},\"thumbnailUrl\":\"https:\/\/tuzlainfo.ba\/wp-content\/uploads\/2024\/04\/Dejan-kotiga-1024x1024-1.jpg\",\"datePublished\":\"2024-04-08T09:08:08+00:00\",\"dateModified\":\"2024-04-08T07:29:30+00:00\",\"breadcrumb\":{\"@id\":\"https:\/\/tuzlainfo.ba\/index.php\/najava-dogadaja-2\/item\/235097-na-sajmu-kafe-i-cokolade-u-tuzli-najavljen-kviz-sa-deanom-kotigom\/#breadcrumb\"},\"inLanguage\":\"bs-BA\",\"potentialAction\":[{\"@type\":\"ReadAction\",\"target\":[\"https:\/\/tuzlainfo.ba\/index.php\/najava-dogadaja-2\/item\/235097-na-sajmu-kafe-i-cokolade-u-tuzli-najavljen-kviz-sa-deanom-kotigom\/\"]}]},{\"@type\":\"ImageObject\",\"inLanguage\":\"bs-BA\",\"@id\":\"https:\/\/tuzlainfo.ba\/index.php\/najava-dogadaja-2\/item\/235097-na-sajmu-kafe-i-cokolade-u-tuzli-najavljen-kviz-sa-deanom-kotigom\/#primaryimage\",\"url\":\"https:\/\/tuzlainfo.ba\/wp-content\/uploads\/2024\/04\/Dejan-kotiga-1024x1024-1.jpg\",\"contentUrl\":\"https:\/\/tuzlainfo.ba\/wp-content\/uploads\/2024\/04\/Dejan-kotiga-1024x1024-1.jpg\",\"width\":1012,\"height\":882},{\"@type\":\"BreadcrumbList\",\"@id\":\"https:\/\/tuzlainfo.ba\/index.php\/najava-dogadaja-2\/item\/235097-na-sajmu-kafe-i-cokolade-u-tuzli-najavljen-kviz-sa-deanom-kotigom\/#breadcrumb\",\"itemListElement\":[{\"@type\":\"ListItem\",\"position\":1,\"name\":\"Home\",\"item\":\"https:\/\/tuzlainfo.ba\/\"},{\"@type\":\"ListItem\",\"position\":2,\"name\":\"Na Sajmu kafe i \u010dokolade u Tuzli najavljen &#8220;Kviz sa Deanom Kotigom&#8221;\"}]},{\"@type\":\"WebSite\",\"@id\":\"https:\/\/tuzlainfo.ba\/#website\",\"url\":\"https:\/\/tuzlainfo.ba\/\",\"name\":\"TuzlaInfo.ba\",\"description\":\"Tuzla info, gradski informator - Tuzla na dlanu\",\"publisher\":{\"@id\":\"https:\/\/tuzlainfo.ba\/#organization\"},\"potentialAction\":[{\"@type\":\"SearchAction\",\"target\":{\"@type\":\"EntryPoint\",\"urlTemplate\":\"https:\/\/tuzlainfo.ba\/?s={search_term_string}\"},\"query-input\":{\"@type\":\"PropertyValueSpecification\",\"valueRequired\":true,\"valueName\":\"search_term_string\"}}],\"inLanguage\":\"bs-BA\"},{\"@type\":\"Organization\",\"@id\":\"https:\/\/tuzlainfo.ba\/#organization\",\"name\":\"TuzlaInfo.ba\",\"url\":\"https:\/\/tuzlainfo.ba\/\",\"logo\":{\"@type\":\"ImageObject\",\"inLanguage\":\"bs-BA\",\"@id\":\"https:\/\/tuzlainfo.ba\/#\/schema\/logo\/image\/\",\"url\":\"https:\/\/tuzlainfo.ba\/wp-content\/uploads\/2021\/03\/logo-ver-3-1.png\",\"contentUrl\":\"https:\/\/tuzlainfo.ba\/wp-content\/uploads\/2021\/03\/logo-ver-3-1.png\",\"width\":350,\"height\":95,\"caption\":\"TuzlaInfo.ba\"},\"image\":{\"@id\":\"https:\/\/tuzlainfo.ba\/#\/schema\/logo\/image\/\"},\"sameAs\":[\"https:\/\/www.facebook.com\/tuzlainfo.ba\/\"]},{\"@type\":\"Person\",\"@id\":\"https:\/\/tuzlainfo.ba\/#\/schema\/person\/46cad4c57790cbc50781edd14870825a\",\"name\":\"Tuzla Info\",\"image\":{\"@type\":\"ImageObject\",\"inLanguage\":\"bs-BA\",\"@id\":\"https:\/\/tuzlainfo.ba\/#\/schema\/person\/image\/\",\"url\":\"https:\/\/tuzlainfo.ba\/wp-content\/litespeed\/avatar\/b6c453a6c38e3654f2e4416c643fc25c.jpg?ver=1777051911\",\"contentUrl\":\"https:\/\/tuzlainfo.ba\/wp-content\/litespeed\/avatar\/b6c453a6c38e3654f2e4416c643fc25c.jpg?ver=1777051911\",\"caption\":\"Tuzla Info\"}}]}<\/script>\n<!-- \/ Yoast SEO plugin. -->","yoast_head_json":{"title":"Na Sajmu kafe i \u010dokolade u Tuzli najavljen \"Kviz sa Deanom Kotigom\" - TuzlaInfo.ba","robots":{"index":"index","follow":"follow","max-snippet":"max-snippet:-1","max-image-preview":"max-image-preview:large","max-video-preview":"max-video-preview:-1"},"canonical":"https:\/\/tuzlainfo.ba\/index.php\/najava-dogadaja-2\/item\/235097-na-sajmu-kafe-i-cokolade-u-tuzli-najavljen-kviz-sa-deanom-kotigom\/","og_locale":"bs_BA","og_type":"article","og_title":"Na Sajmu kafe i \u010dokolade u Tuzli najavljen \"Kviz sa Deanom Kotigom\" - TuzlaInfo.ba","og_description":"U okviru manifestacije \u2018Sajam kafe i \u010dokolade\u2019 u Tuzli, u petak, 17.05.2024. godine bit \u0107e&hellip;","og_url":"https:\/\/tuzlainfo.ba\/index.php\/najava-dogadaja-2\/item\/235097-na-sajmu-kafe-i-cokolade-u-tuzli-najavljen-kviz-sa-deanom-kotigom\/","og_site_name":"TuzlaInfo.ba","article_publisher":"https:\/\/www.facebook.com\/tuzlainfo.ba\/","article_published_time":"2024-04-08T09:08:08+00:00","article_modified_time":"2024-04-08T07:29:30+00:00","og_image":[{"width":1012,"height":882,"url":"https:\/\/tuzlainfo.ba\/wp-content\/uploads\/2024\/04\/Dejan-kotiga-1024x1024-1.jpg","type":"image\/jpeg"}],"author":"Tuzla Info","twitter_card":"summary_large_image","twitter_misc":{"Written by":"Tuzla Info","Est. reading time":"1 minuta"},"schema":{"@context":"https:\/\/schema.org","@graph":[{"@type":"Article","@id":"https:\/\/tuzlainfo.ba\/index.php\/najava-dogadaja-2\/item\/235097-na-sajmu-kafe-i-cokolade-u-tuzli-najavljen-kviz-sa-deanom-kotigom\/#article","isPartOf":{"@id":"https:\/\/tuzlainfo.ba\/index.php\/najava-dogadaja-2\/item\/235097-na-sajmu-kafe-i-cokolade-u-tuzli-najavljen-kviz-sa-deanom-kotigom\/"},"author":{"name":"Tuzla Info","@id":"https:\/\/tuzlainfo.ba\/#\/schema\/person\/46cad4c57790cbc50781edd14870825a"},"headline":"Na Sajmu kafe i \u010dokolade u Tuzli najavljen &#8220;Kviz sa Deanom Kotigom&#8221;","datePublished":"2024-04-08T09:08:08+00:00","dateModified":"2024-04-08T07:29:30+00:00","mainEntityOfPage":{"@id":"https:\/\/tuzlainfo.ba\/index.php\/najava-dogadaja-2\/item\/235097-na-sajmu-kafe-i-cokolade-u-tuzli-najavljen-kviz-sa-deanom-kotigom\/"},"wordCount":169,"publisher":{"@id":"https:\/\/tuzlainfo.ba\/#organization"},"image":{"@id":"https:\/\/tuzlainfo.ba\/index.php\/najava-dogadaja-2\/item\/235097-na-sajmu-kafe-i-cokolade-u-tuzli-najavljen-kviz-sa-deanom-kotigom\/#primaryimage"},"thumbnailUrl":"https:\/\/tuzlainfo.ba\/wp-content\/uploads\/2024\/04\/Dejan-kotiga-1024x1024-1.jpg","keywords":["sajam kafe i \u010dokolade"],"articleSection":["Istaknuto","Najave i doga\u0111aji"],"inLanguage":"bs-BA"},{"@type":"WebPage","@id":"https:\/\/tuzlainfo.ba\/index.php\/najava-dogadaja-2\/item\/235097-na-sajmu-kafe-i-cokolade-u-tuzli-najavljen-kviz-sa-deanom-kotigom\/","url":"https:\/\/tuzlainfo.ba\/index.php\/najava-dogadaja-2\/item\/235097-na-sajmu-kafe-i-cokolade-u-tuzli-najavljen-kviz-sa-deanom-kotigom\/","name":"Na Sajmu kafe i \u010dokolade u Tuzli najavljen \"Kviz sa Deanom Kotigom\" - TuzlaInfo.ba","isPartOf":{"@id":"https:\/\/tuzlainfo.ba\/#website"},"primaryImageOfPage":{"@id":"https:\/\/tuzlainfo.ba\/index.php\/najava-dogadaja-2\/item\/235097-na-sajmu-kafe-i-cokolade-u-tuzli-najavljen-kviz-sa-deanom-kotigom\/#primaryimage"},"image":{"@id":"https:\/\/tuzlainfo.ba\/index.php\/najava-dogadaja-2\/item\/235097-na-sajmu-kafe-i-cokolade-u-tuzli-najavljen-kviz-sa-deanom-kotigom\/#primaryimage"},"thumbnailUrl":"https:\/\/tuzlainfo.ba\/wp-content\/uploads\/2024\/04\/Dejan-kotiga-1024x1024-1.jpg","datePublished":"2024-04-08T09:08:08+00:00","dateModified":"2024-04-08T07:29:30+00:00","breadcrumb":{"@id":"https:\/\/tuzlainfo.ba\/index.php\/najava-dogadaja-2\/item\/235097-na-sajmu-kafe-i-cokolade-u-tuzli-najavljen-kviz-sa-deanom-kotigom\/#breadcrumb"},"inLanguage":"bs-BA","potentialAction":[{"@type":"ReadAction","target":["https:\/\/tuzlainfo.ba\/index.php\/najava-dogadaja-2\/item\/235097-na-sajmu-kafe-i-cokolade-u-tuzli-najavljen-kviz-sa-deanom-kotigom\/"]}]},{"@type":"ImageObject","inLanguage":"bs-BA","@id":"https:\/\/tuzlainfo.ba\/index.php\/najava-dogadaja-2\/item\/235097-na-sajmu-kafe-i-cokolade-u-tuzli-najavljen-kviz-sa-deanom-kotigom\/#primaryimage","url":"https:\/\/tuzlainfo.ba\/wp-content\/uploads\/2024\/04\/Dejan-kotiga-1024x1024-1.jpg","contentUrl":"https:\/\/tuzlainfo.ba\/wp-content\/uploads\/2024\/04\/Dejan-kotiga-1024x1024-1.jpg","width":1012,"height":882},{"@type":"BreadcrumbList","@id":"https:\/\/tuzlainfo.ba\/index.php\/najava-dogadaja-2\/item\/235097-na-sajmu-kafe-i-cokolade-u-tuzli-najavljen-kviz-sa-deanom-kotigom\/#breadcrumb","itemListElement":[{"@type":"ListItem","position":1,"name":"Home","item":"https:\/\/tuzlainfo.ba\/"},{"@type":"ListItem","position":2,"name":"Na Sajmu kafe i \u010dokolade u Tuzli najavljen &#8220;Kviz sa Deanom Kotigom&#8221;"}]},{"@type":"WebSite","@id":"https:\/\/tuzlainfo.ba\/#website","url":"https:\/\/tuzlainfo.ba\/","name":"TuzlaInfo.ba","description":"Tuzla info, gradski informator - Tuzla na dlanu","publisher":{"@id":"https:\/\/tuzlainfo.ba\/#organization"},"potentialAction":[{"@type":"SearchAction","target":{"@type":"EntryPoint","urlTemplate":"https:\/\/tuzlainfo.ba\/?s={search_term_string}"},"query-input":{"@type":"PropertyValueSpecification","valueRequired":true,"valueName":"search_term_string"}}],"inLanguage":"bs-BA"},{"@type":"Organization","@id":"https:\/\/tuzlainfo.ba\/#organization","name":"TuzlaInfo.ba","url":"https:\/\/tuzlainfo.ba\/","logo":{"@type":"ImageObject","inLanguage":"bs-BA","@id":"https:\/\/tuzlainfo.ba\/#\/schema\/logo\/image\/","url":"https:\/\/tuzlainfo.ba\/wp-content\/uploads\/2021\/03\/logo-ver-3-1.png","contentUrl":"https:\/\/tuzlainfo.ba\/wp-content\/uploads\/2021\/03\/logo-ver-3-1.png","width":350,"height":95,"caption":"TuzlaInfo.ba"},"image":{"@id":"https:\/\/tuzlainfo.ba\/#\/schema\/logo\/image\/"},"sameAs":["https:\/\/www.facebook.com\/tuzlainfo.ba\/"]},{"@type":"Person","@id":"https:\/\/tuzlainfo.ba\/#\/schema\/person\/46cad4c57790cbc50781edd14870825a","name":"Tuzla Info","image":{"@type":"ImageObject","inLanguage":"bs-BA","@id":"https:\/\/tuzlainfo.ba\/#\/schema\/person\/image\/","url":"https:\/\/tuzlainfo.ba\/wp-content\/litespeed\/avatar\/b6c453a6c38e3654f2e4416c643fc25c.jpg?ver=1777051911","contentUrl":"https:\/\/tuzlainfo.ba\/wp-content\/litespeed\/avatar\/b6c453a6c38e3654f2e4416c643fc25c.jpg?ver=1777051911","caption":"Tuzla Info"}}]}},"_links":{"self":[{"href":"https:\/\/tuzlainfo.ba\/index.php\/wp-json\/wp\/v2\/posts\/235097"}],"collection":[{"href":"https:\/\/tuzlainfo.ba\/index.php\/wp-json\/wp\/v2\/posts"}],"about":[{"href":"https:\/\/tuzlainfo.ba\/index.php\/wp-json\/wp\/v2\/types\/post"}],"author":[{"embeddable":true,"href":"https:\/\/tuzlainfo.ba\/index.php\/wp-json\/wp\/v2\/users\/4"}],"replies":[{"embeddable":true,"href":"https:\/\/tuzlainfo.ba\/index.php\/wp-json\/wp\/v2\/comments?post=235097"}],"version-history":[{"count":1,"href":"https:\/\/tuzlainfo.ba\/index.php\/wp-json\/wp\/v2\/posts\/235097\/revisions"}],"predecessor-version":[{"id":235099,"href":"https:\/\/tuzlainfo.ba\/index.php\/wp-json\/wp\/v2\/posts\/235097\/revisions\/235099"}],"wp:featuredmedia":[{"embeddable":true,"href":"https:\/\/tuzlainfo.ba\/index.php\/wp-json\/wp\/v2\/media\/235098"}],"wp:attachment":[{"href":"https:\/\/tuzlainfo.ba\/index.php\/wp-json\/wp\/v2\/media?parent=235097"}],"wp:term":[{"taxonomy":"category","embeddable":true,"href":"https:\/\/tuzlainfo.ba\/index.php\/wp-json\/wp\/v2\/categories?post=235097"},{"taxonomy":"post_tag","embeddable":true,"href":"https:\/\/tuzlainfo.ba\/index.php\/wp-json\/wp\/v2\/tags?post=235097"}],"curies":[{"name":"wp","href":"https:\/\/api.w.org\/{rel}","templated":true}]}}