{"id":234864,"date":"2024-04-04T22:00:19","date_gmt":"2024-04-04T20:00:19","guid":{"rendered":"https:\/\/tuzlainfo.ba\/?p=234864"},"modified":"2024-04-04T20:12:57","modified_gmt":"2024-04-04T18:12:57","slug":"odrzan-okrugli-sto-uloga-i-znacaj-policije-u-odbrani-tuzle-i-bih-1991-1995-godina","status":"publish","type":"post","link":"https:\/\/tuzlainfo.ba\/index.php\/istaknuto\/item\/234864-odrzan-okrugli-sto-uloga-i-znacaj-policije-u-odbrani-tuzle-i-bih-1991-1995-godina\/","title":{"rendered":"Odr\u017ean okrugli sto &#8220;Uloga i zna\u010daj policije u odbrani Tuzle i BiH 1991-1995. godina&#8221;"},"content":{"rendered":"<p>Povodom 4. aprila, datuma od posebnog zna\u010daja za noviju historiju Tuzle u sali Doma penzionera, obilje\u017eena je 32. godi\u0161njica od osnivanja ratnih stanica milicije na podru\u010dju Grada Tuzle, kojom prilikom je uprili\u010den i Okrugli sto na temu: \u201eUloga i zna\u010daj policije u odbrani Tuzle i Bosne i Hercegovine 1991-1995. godina\u201c.<\/p>\n<p>Na okruglom stolu o zna\u010daju i ulozi ratnih stanica milicije te njenim transformacijama u manevarske \u010dete a zatim i Teritorijalnu odbranu i jedinice Armije RBiH, govorili su svjedoci tog vremena i bez sumnje li\u010dnosti koje su dale nemjerljiv doprinos da Tuzla danas izgleda kao \u201egrad primjer\u201c, su\u017eivota, tolerancije, jedinstva.<\/p>\n<p>Prisutne je na samom po\u010detku pozdravio aktuelni gradona\u010delnik Tuzle Zijad Lugavi\u0107 koji se izme\u0111u ostalog zahvalio na\u0161oj ratnoj miliciji koja je stala u odbranu najvi\u0161ih ljudskih vrijednosti, te posebno onih koje su Tuzlu krasile stolje\u0107ima a to su mir, su\u017eivot i zajedni\u0161tvo.<\/p>\n<p>Na samom po\u010detku tematskog dijela okruglog stola prisutne je pozdravio Zahid Selimba\u0161i\u0107, predsjednik udru\u017eenja policajaca \u201e4. april 1992-1995. godina\u201c koji je izme\u0111u ostalog kazao da je danas, sa ove vremenske distance, ponosan na sve ono \u0161to su uradili pripadnici SJB Tuzla, njegove kolege policajci i tada\u0161nji na\u010delnik SJB Tuzla Mehmed Me\u0161a Bajri\u0107.<br \/>\n\u017delja nam je da kroz odr\u017eavanje ovakvih skupova sa\u010duvamo neke doga\u0111aje iz tog vremena od zaborava. Mnogi ne znaju ali to jedinstvo Tuzle nakon \u0161to je preko tada\u0161nje Radio Tuzle, na\u010delnik SJB Tuzla Me\u0161a Bajri\u0107 pozvao dobrovoljce da se brani grad i domovina, ve\u0107 sutradan na\u0161e stanice po mjesnim zajednicama su bile prepune raznih profila ljudi koji su se do\u0161li prijaviti a zajedno u isti stroj su i\u0161li doktori, profesori, lovci, poljoprivrednici, omladinci. Bio sam i danas sam ponosan na takvo jedinstvo Tuzle jer je tu bilo ljudi razli\u010ditih profesija ali i vjeroispovijesti,- kazao je Selimba\u0161i\u0107.<\/p>\n<p>Posebna zanimljiva i kao i uvijek izlaganja puna novih momenata iz odbrane Tuzle bila su ona izre\u010dena od strane u\u010desnika Okruglog stola, tada\u0161njeg \u010dlana ratnog predsjedni\u0161tva i odbornika Skup\u0161tine Op\u0161tine Tuzla Zlatka Duki\u0107a, zatim ratnog na\u010delnika Tuzle Selima Be\u0161lagi\u0107a te na samom kraju i na\u010delnika SJB Tuzla Mehmeda Me\u0161e Bajri\u0107a.<\/p>\n<p>Ponosan sam na to \u0161to sam bio odbornik Skup\u0161tine op\u0161tine Tuzla izabran u novembru 1990., da sam jo\u0161 ponosniji bio 4 aprila &#8216;92 godine kad sam glasao za jedini na\u010din odbrane Tuzle, a da sam najponosniji danas kada vidim koliko je to bilo ispravno i da imamo razloga da se ponosimo onim \u0161to smo bili, &#8211; kazao je izme\u0111u ostalog u svom obra\u0107anju clan ratnog Predsjedni\u0161tva Op\u0161tine Tuzla Zlatko Duki\u0107.<\/p>\n<p>&#8211; Na sjednici Skup\u0161tine op\u0161tine Tuzla 4. aprila 1992. godine donijeli smo jedinu mogu\u0107u zakonsku odluku koja \u0107e nam omogu\u0107iti da se naoru\u017eamo. Na prijedlog Me\u0161e Bajri\u0107a usvojili smo odluku da se formira rezervni sastav policije. To je od gra\u0111ana prihva\u0107eno i odziv je bio veoma veliki. Tako\u0111er, jo\u0161 dvije zna\u010dajne odluke bile su da Radio &#8220;Tuzla&#8221; po\u010dne raditi 24 sata da bi saop\u0107avali informacije koje su ta\u010dne te da sva industrija po\u010dne raditi u slu\u017ebu odbrane od agresije. U tom momentu vi\u0161e nije bilo politi\u010dkih partija, nego samo mi koji se branimo i koji smo na istoj strani, &#8211; rekao je Selim Be\u0161lagi\u0107, tada\u0161nji na\u010delnik op\u0161tine Tuzla.<br \/>\nNa\u010delnik Stanice javne bezbjednosti Tuzla u to vrijeme bio je Me\u0161a Bajri\u0107 koji je ovom prilikom kazao da je bio impresioniran velikim brojem ljekara, akademskih gra\u0111ana Tuzle I omladine koja je ve\u0107 sutradan do\u0161la da se prijavi kako bi branili Tuzlu i BiH.<\/p>\n<p>&#8211; Nismo smjeli dopustiti da se gra\u0111ani samoorganiziraju na nacionalnoj osnovi. To bi bilo pogubno za Tuzlu, sjeveroisto\u010dnu Bosnu i BiH u cjelini. Mi smo, mo\u017eda jedini, uspjeli spasiti naoru\u017eanje Teritorijalne odbrane Tuzle, Srebrenika i Lukavca, \u0161to je obezbijedilo da se formira Drugi korpus armije RBiH, kao najja\u010di korpus, koji je branio najve\u0107u teritoriju i imao najvi\u0161e ljudi &#8211; poja\u0161njava Bajri\u0107.<\/p>\n<p>On isti\u010de da je upravo 4. aprila dat podgovor kako realizirati koncept odbrane, da se MUP nacionalno ne podijeli, a da se realizira da svi gra\u0111ani imaju jednaka prava na \u017eivot i imovinu.<\/p>\n<p>Ovaj Okrugli sto je u cijelosti zabilje\u017een, kako tonski tako i u video formatu a organizatori su kazali da se ova autenti\u010dna izlaganja imaju namjeru ukori\u010diti u prigodnu knjigu kao i digitalizovati u vidu dokumentarnog filma, kao neprocjenjiva arhivska gra\u0111a koja \u0107e svakako biti od koristi budu\u0107im generacijama.<br \/>\nNakon odr\u017eanog okruglog stola uprili\u010dena je i izlo\u017eba ratnih fotografija pripadnika ratne policije kao i pripadnika i komandnog kadra SJB Tuzla a \u010diji su autori Muzej Isto\u010dne Bosne i istori\u010dar Nermin Ibri\u0107<\/p>\n","protected":false},"excerpt":{"rendered":"<p>Povodom 4. aprila, datuma od posebnog zna\u010daja za noviju historiju Tuzle u sali Doma penzionera, obilje\u017eena je 32. godi\u0161njica od osnivanja ratnih stanica milicije na podru\u010dju Grada Tuzle, kojom prilikom je uprili\u010den i Okrugli sto na temu: \u201eUloga i zna\u010daj policije u odbrani Tuzle i Bosne i Hercegovine 1991-1995. godina\u201c. Na okruglom stolu o zna\u010daju [&hellip;]<\/p>\n","protected":false},"author":4,"featured_media":234866,"comment_status":"closed","ping_status":"closed","sticky":false,"template":"","format":"standard","meta":{"footnotes":""},"categories":[304,12],"tags":[6614,5649,42],"class_list":["post-234864","post","type-post","status-publish","format-standard","has-post-thumbnail","hentry","category-istaknuto","category-novosti","tag-4-april","tag-okrugli-sto","tag-tuzla"],"yoast_head":"<!-- This site is optimized with the Yoast SEO plugin v28.4 - https:\/\/yoast.com\/product\/yoast-seo-wordpress\/ -->\n<title>Odr\u017ean okrugli sto &quot;Uloga i zna\u010daj policije u odbrani Tuzle i BiH 1991-1995. godina&quot;<\/title>\n<meta name=\"robots\" content=\"index, follow, max-snippet:-1, max-image-preview:large, max-video-preview:-1\" \/>\n<link rel=\"canonical\" href=\"https:\/\/tuzlainfo.ba\/index.php\/istaknuto\/item\/234864-odrzan-okrugli-sto-uloga-i-znacaj-policije-u-odbrani-tuzle-i-bih-1991-1995-godina\/\" \/>\n<meta property=\"og:locale\" content=\"bs_BA\" \/>\n<meta property=\"og:type\" content=\"article\" \/>\n<meta property=\"og:title\" content=\"Odr\u017ean okrugli sto &quot;Uloga i zna\u010daj policije u odbrani Tuzle i BiH 1991-1995. godina&quot;\" \/>\n<meta property=\"og:description\" content=\"Povodom 4. aprila, datuma od posebnog zna\u010daja za noviju historiju Tuzle u sali Doma penzionera, obilje\u017eena je 32. godi\u0161njica od osnivanja ratnih stanica milicije na podru\u010dju Grada Tuzle, kojom prilikom je uprili\u010den i Okrugli sto na temu: \u201eUloga i zna\u010daj policije u odbrani Tuzle i Bosne i Hercegovine 1991-1995. godina\u201c. Na okruglom stolu o zna\u010daju [&hellip;]\" \/>\n<meta property=\"og:url\" content=\"https:\/\/tuzlainfo.ba\/index.php\/istaknuto\/item\/234864-odrzan-okrugli-sto-uloga-i-znacaj-policije-u-odbrani-tuzle-i-bih-1991-1995-godina\/\" \/>\n<meta property=\"og:site_name\" content=\"TuzlaInfo.ba\" \/>\n<meta property=\"article:publisher\" content=\"https:\/\/www.facebook.com\/tuzlainfo.ba\/\" \/>\n<meta property=\"article:published_time\" content=\"2024-04-04T20:00:19+00:00\" \/>\n<meta property=\"og:image\" content=\"https:\/\/tuzlainfo.ba\/wp-content\/uploads\/2024\/04\/4.-april_okrugli-sot.jpg\" \/>\n\t<meta property=\"og:image:width\" content=\"1600\" \/>\n\t<meta property=\"og:image:height\" content=\"1070\" \/>\n\t<meta property=\"og:image:type\" content=\"image\/jpeg\" \/>\n<meta name=\"author\" content=\"Tuzla Info\" \/>\n<meta name=\"twitter:card\" content=\"summary_large_image\" \/>\n<meta name=\"twitter:label1\" content=\"Written by\" \/>\n\t<meta name=\"twitter:data1\" content=\"Tuzla Info\" \/>\n\t<meta name=\"twitter:label2\" content=\"Est. reading time\" \/>\n\t<meta name=\"twitter:data2\" content=\"4 minute\" \/>\n<script type=\"application\/ld+json\" class=\"yoast-schema-graph\">{\"@context\":\"https:\\\/\\\/schema.org\",\"@graph\":[{\"@type\":\"Article\",\"@id\":\"https:\\\/\\\/tuzlainfo.ba\\\/index.php\\\/istaknuto\\\/item\\\/234864-odrzan-okrugli-sto-uloga-i-znacaj-policije-u-odbrani-tuzle-i-bih-1991-1995-godina\\\/#article\",\"isPartOf\":{\"@id\":\"https:\\\/\\\/tuzlainfo.ba\\\/index.php\\\/istaknuto\\\/item\\\/234864-odrzan-okrugli-sto-uloga-i-znacaj-policije-u-odbrani-tuzle-i-bih-1991-1995-godina\\\/\"},\"author\":{\"name\":\"Tuzla Info\",\"@id\":\"https:\\\/\\\/tuzlainfo.ba\\\/#\\\/schema\\\/person\\\/46cad4c57790cbc50781edd14870825a\"},\"headline\":\"Odr\u017ean okrugli sto &#8220;Uloga i zna\u010daj policije u odbrani Tuzle i BiH 1991-1995. godina&#8221;\",\"datePublished\":\"2024-04-04T20:00:19+00:00\",\"mainEntityOfPage\":{\"@id\":\"https:\\\/\\\/tuzlainfo.ba\\\/index.php\\\/istaknuto\\\/item\\\/234864-odrzan-okrugli-sto-uloga-i-znacaj-policije-u-odbrani-tuzle-i-bih-1991-1995-godina\\\/\"},\"wordCount\":842,\"publisher\":{\"@id\":\"https:\\\/\\\/tuzlainfo.ba\\\/#organization\"},\"image\":{\"@id\":\"https:\\\/\\\/tuzlainfo.ba\\\/index.php\\\/istaknuto\\\/item\\\/234864-odrzan-okrugli-sto-uloga-i-znacaj-policije-u-odbrani-tuzle-i-bih-1991-1995-godina\\\/#primaryimage\"},\"thumbnailUrl\":\"https:\\\/\\\/tuzlainfo.ba\\\/wp-content\\\/uploads\\\/2024\\\/04\\\/4.-april_okrugli-sot.jpg\",\"keywords\":[\"4. april\",\"okrugli sto\",\"tuzla\"],\"articleSection\":[\"Istaknuto\",\"Novosti\"],\"inLanguage\":\"bs-BA\",\"copyrightYear\":\"2024\",\"copyrightHolder\":{\"@id\":\"https:\\\/\\\/tuzlainfo.ba\\\/#organization\"}},{\"@type\":\"WebPage\",\"@id\":\"https:\\\/\\\/tuzlainfo.ba\\\/index.php\\\/istaknuto\\\/item\\\/234864-odrzan-okrugli-sto-uloga-i-znacaj-policije-u-odbrani-tuzle-i-bih-1991-1995-godina\\\/\",\"url\":\"https:\\\/\\\/tuzlainfo.ba\\\/index.php\\\/istaknuto\\\/item\\\/234864-odrzan-okrugli-sto-uloga-i-znacaj-policije-u-odbrani-tuzle-i-bih-1991-1995-godina\\\/\",\"name\":\"Odr\u017ean okrugli sto \\\"Uloga i zna\u010daj policije u odbrani Tuzle i BiH 1991-1995. godina\\\"\",\"isPartOf\":{\"@id\":\"https:\\\/\\\/tuzlainfo.ba\\\/#website\"},\"primaryImageOfPage\":{\"@id\":\"https:\\\/\\\/tuzlainfo.ba\\\/index.php\\\/istaknuto\\\/item\\\/234864-odrzan-okrugli-sto-uloga-i-znacaj-policije-u-odbrani-tuzle-i-bih-1991-1995-godina\\\/#primaryimage\"},\"image\":{\"@id\":\"https:\\\/\\\/tuzlainfo.ba\\\/index.php\\\/istaknuto\\\/item\\\/234864-odrzan-okrugli-sto-uloga-i-znacaj-policije-u-odbrani-tuzle-i-bih-1991-1995-godina\\\/#primaryimage\"},\"thumbnailUrl\":\"https:\\\/\\\/tuzlainfo.ba\\\/wp-content\\\/uploads\\\/2024\\\/04\\\/4.-april_okrugli-sot.jpg\",\"datePublished\":\"2024-04-04T20:00:19+00:00\",\"breadcrumb\":{\"@id\":\"https:\\\/\\\/tuzlainfo.ba\\\/index.php\\\/istaknuto\\\/item\\\/234864-odrzan-okrugli-sto-uloga-i-znacaj-policije-u-odbrani-tuzle-i-bih-1991-1995-godina\\\/#breadcrumb\"},\"inLanguage\":\"bs-BA\",\"potentialAction\":[{\"@type\":\"ReadAction\",\"target\":[\"https:\\\/\\\/tuzlainfo.ba\\\/index.php\\\/istaknuto\\\/item\\\/234864-odrzan-okrugli-sto-uloga-i-znacaj-policije-u-odbrani-tuzle-i-bih-1991-1995-godina\\\/\"]}]},{\"@type\":\"ImageObject\",\"inLanguage\":\"bs-BA\",\"@id\":\"https:\\\/\\\/tuzlainfo.ba\\\/index.php\\\/istaknuto\\\/item\\\/234864-odrzan-okrugli-sto-uloga-i-znacaj-policije-u-odbrani-tuzle-i-bih-1991-1995-godina\\\/#primaryimage\",\"url\":\"https:\\\/\\\/tuzlainfo.ba\\\/wp-content\\\/uploads\\\/2024\\\/04\\\/4.-april_okrugli-sot.jpg\",\"contentUrl\":\"https:\\\/\\\/tuzlainfo.ba\\\/wp-content\\\/uploads\\\/2024\\\/04\\\/4.-april_okrugli-sot.jpg\",\"width\":1600,\"height\":1070},{\"@type\":\"BreadcrumbList\",\"@id\":\"https:\\\/\\\/tuzlainfo.ba\\\/index.php\\\/istaknuto\\\/item\\\/234864-odrzan-okrugli-sto-uloga-i-znacaj-policije-u-odbrani-tuzle-i-bih-1991-1995-godina\\\/#breadcrumb\",\"itemListElement\":[{\"@type\":\"ListItem\",\"position\":1,\"name\":\"Home\",\"item\":\"https:\\\/\\\/tuzlainfo.ba\\\/\"},{\"@type\":\"ListItem\",\"position\":2,\"name\":\"Odr\u017ean okrugli sto &#8220;Uloga i zna\u010daj policije u odbrani Tuzle i BiH 1991-1995. godina&#8221;\"}]},{\"@type\":\"WebSite\",\"@id\":\"https:\\\/\\\/tuzlainfo.ba\\\/#website\",\"url\":\"https:\\\/\\\/tuzlainfo.ba\\\/\",\"name\":\"TuzlaInfo.ba\",\"description\":\"Tuzla info, gradski informator - Tuzla na dlanu\",\"publisher\":{\"@id\":\"https:\\\/\\\/tuzlainfo.ba\\\/#organization\"},\"potentialAction\":[{\"@type\":\"SearchAction\",\"target\":{\"@type\":\"EntryPoint\",\"urlTemplate\":\"https:\\\/\\\/tuzlainfo.ba\\\/?s={search_term_string}\"},\"query-input\":{\"@type\":\"PropertyValueSpecification\",\"valueRequired\":true,\"valueName\":\"search_term_string\"}}],\"inLanguage\":\"bs-BA\"},{\"@type\":\"Organization\",\"@id\":\"https:\\\/\\\/tuzlainfo.ba\\\/#organization\",\"name\":\"TuzlaInfo.ba\",\"url\":\"https:\\\/\\\/tuzlainfo.ba\\\/\",\"logo\":{\"@type\":\"ImageObject\",\"inLanguage\":\"bs-BA\",\"@id\":\"https:\\\/\\\/tuzlainfo.ba\\\/#\\\/schema\\\/logo\\\/image\\\/\",\"url\":\"https:\\\/\\\/tuzlainfo.ba\\\/wp-content\\\/uploads\\\/2021\\\/03\\\/logo-ver-3-1.png\",\"contentUrl\":\"https:\\\/\\\/tuzlainfo.ba\\\/wp-content\\\/uploads\\\/2021\\\/03\\\/logo-ver-3-1.png\",\"width\":350,\"height\":95,\"caption\":\"TuzlaInfo.ba\"},\"image\":{\"@id\":\"https:\\\/\\\/tuzlainfo.ba\\\/#\\\/schema\\\/logo\\\/image\\\/\"},\"sameAs\":[\"https:\\\/\\\/www.facebook.com\\\/tuzlainfo.ba\\\/\"]},{\"@type\":\"Person\",\"@id\":\"https:\\\/\\\/tuzlainfo.ba\\\/#\\\/schema\\\/person\\\/46cad4c57790cbc50781edd14870825a\",\"name\":\"Tuzla Info\",\"image\":{\"@type\":\"ImageObject\",\"inLanguage\":\"bs-BA\",\"@id\":\"https:\\\/\\\/secure.gravatar.com\\\/avatar\\\/e980921b00fa2e552723a2386544734ce6885d2b2304ccca3f45186f9ca4031d?s=96&d=mm&r=g\",\"url\":\"https:\\\/\\\/secure.gravatar.com\\\/avatar\\\/e980921b00fa2e552723a2386544734ce6885d2b2304ccca3f45186f9ca4031d?s=96&d=mm&r=g\",\"contentUrl\":\"https:\\\/\\\/secure.gravatar.com\\\/avatar\\\/e980921b00fa2e552723a2386544734ce6885d2b2304ccca3f45186f9ca4031d?s=96&d=mm&r=g\",\"caption\":\"Tuzla Info\"}}]}<\/script>\n<!-- \/ Yoast SEO plugin. -->","yoast_head_json":{"title":"Odr\u017ean okrugli sto \"Uloga i zna\u010daj policije u odbrani Tuzle i BiH 1991-1995. godina\"","robots":{"index":"index","follow":"follow","max-snippet":"max-snippet:-1","max-image-preview":"max-image-preview:large","max-video-preview":"max-video-preview:-1"},"canonical":"https:\/\/tuzlainfo.ba\/index.php\/istaknuto\/item\/234864-odrzan-okrugli-sto-uloga-i-znacaj-policije-u-odbrani-tuzle-i-bih-1991-1995-godina\/","og_locale":"bs_BA","og_type":"article","og_title":"Odr\u017ean okrugli sto \"Uloga i zna\u010daj policije u odbrani Tuzle i BiH 1991-1995. godina\"","og_description":"Povodom 4. aprila, datuma od posebnog zna\u010daja za noviju historiju Tuzle u sali Doma penzionera, obilje\u017eena je 32. godi\u0161njica od osnivanja ratnih stanica milicije na podru\u010dju Grada Tuzle, kojom prilikom je uprili\u010den i Okrugli sto na temu: \u201eUloga i zna\u010daj policije u odbrani Tuzle i Bosne i Hercegovine 1991-1995. godina\u201c. Na okruglom stolu o zna\u010daju [&hellip;]","og_url":"https:\/\/tuzlainfo.ba\/index.php\/istaknuto\/item\/234864-odrzan-okrugli-sto-uloga-i-znacaj-policije-u-odbrani-tuzle-i-bih-1991-1995-godina\/","og_site_name":"TuzlaInfo.ba","article_publisher":"https:\/\/www.facebook.com\/tuzlainfo.ba\/","article_published_time":"2024-04-04T20:00:19+00:00","og_image":[{"width":1600,"height":1070,"url":"https:\/\/tuzlainfo.ba\/wp-content\/uploads\/2024\/04\/4.-april_okrugli-sot.jpg","type":"image\/jpeg"}],"author":"Tuzla Info","twitter_card":"summary_large_image","twitter_misc":{"Written by":"Tuzla Info","Est. reading time":"4 minute"},"schema":{"@context":"https:\/\/schema.org","@graph":[{"@type":"Article","@id":"https:\/\/tuzlainfo.ba\/index.php\/istaknuto\/item\/234864-odrzan-okrugli-sto-uloga-i-znacaj-policije-u-odbrani-tuzle-i-bih-1991-1995-godina\/#article","isPartOf":{"@id":"https:\/\/tuzlainfo.ba\/index.php\/istaknuto\/item\/234864-odrzan-okrugli-sto-uloga-i-znacaj-policije-u-odbrani-tuzle-i-bih-1991-1995-godina\/"},"author":{"name":"Tuzla Info","@id":"https:\/\/tuzlainfo.ba\/#\/schema\/person\/46cad4c57790cbc50781edd14870825a"},"headline":"Odr\u017ean okrugli sto &#8220;Uloga i zna\u010daj policije u odbrani Tuzle i BiH 1991-1995. godina&#8221;","datePublished":"2024-04-04T20:00:19+00:00","mainEntityOfPage":{"@id":"https:\/\/tuzlainfo.ba\/index.php\/istaknuto\/item\/234864-odrzan-okrugli-sto-uloga-i-znacaj-policije-u-odbrani-tuzle-i-bih-1991-1995-godina\/"},"wordCount":842,"publisher":{"@id":"https:\/\/tuzlainfo.ba\/#organization"},"image":{"@id":"https:\/\/tuzlainfo.ba\/index.php\/istaknuto\/item\/234864-odrzan-okrugli-sto-uloga-i-znacaj-policije-u-odbrani-tuzle-i-bih-1991-1995-godina\/#primaryimage"},"thumbnailUrl":"https:\/\/tuzlainfo.ba\/wp-content\/uploads\/2024\/04\/4.-april_okrugli-sot.jpg","keywords":["4. april","okrugli sto","tuzla"],"articleSection":["Istaknuto","Novosti"],"inLanguage":"bs-BA","copyrightYear":"2024","copyrightHolder":{"@id":"https:\/\/tuzlainfo.ba\/#organization"}},{"@type":"WebPage","@id":"https:\/\/tuzlainfo.ba\/index.php\/istaknuto\/item\/234864-odrzan-okrugli-sto-uloga-i-znacaj-policije-u-odbrani-tuzle-i-bih-1991-1995-godina\/","url":"https:\/\/tuzlainfo.ba\/index.php\/istaknuto\/item\/234864-odrzan-okrugli-sto-uloga-i-znacaj-policije-u-odbrani-tuzle-i-bih-1991-1995-godina\/","name":"Odr\u017ean okrugli sto \"Uloga i zna\u010daj policije u odbrani Tuzle i BiH 1991-1995. godina\"","isPartOf":{"@id":"https:\/\/tuzlainfo.ba\/#website"},"primaryImageOfPage":{"@id":"https:\/\/tuzlainfo.ba\/index.php\/istaknuto\/item\/234864-odrzan-okrugli-sto-uloga-i-znacaj-policije-u-odbrani-tuzle-i-bih-1991-1995-godina\/#primaryimage"},"image":{"@id":"https:\/\/tuzlainfo.ba\/index.php\/istaknuto\/item\/234864-odrzan-okrugli-sto-uloga-i-znacaj-policije-u-odbrani-tuzle-i-bih-1991-1995-godina\/#primaryimage"},"thumbnailUrl":"https:\/\/tuzlainfo.ba\/wp-content\/uploads\/2024\/04\/4.-april_okrugli-sot.jpg","datePublished":"2024-04-04T20:00:19+00:00","breadcrumb":{"@id":"https:\/\/tuzlainfo.ba\/index.php\/istaknuto\/item\/234864-odrzan-okrugli-sto-uloga-i-znacaj-policije-u-odbrani-tuzle-i-bih-1991-1995-godina\/#breadcrumb"},"inLanguage":"bs-BA","potentialAction":[{"@type":"ReadAction","target":["https:\/\/tuzlainfo.ba\/index.php\/istaknuto\/item\/234864-odrzan-okrugli-sto-uloga-i-znacaj-policije-u-odbrani-tuzle-i-bih-1991-1995-godina\/"]}]},{"@type":"ImageObject","inLanguage":"bs-BA","@id":"https:\/\/tuzlainfo.ba\/index.php\/istaknuto\/item\/234864-odrzan-okrugli-sto-uloga-i-znacaj-policije-u-odbrani-tuzle-i-bih-1991-1995-godina\/#primaryimage","url":"https:\/\/tuzlainfo.ba\/wp-content\/uploads\/2024\/04\/4.-april_okrugli-sot.jpg","contentUrl":"https:\/\/tuzlainfo.ba\/wp-content\/uploads\/2024\/04\/4.-april_okrugli-sot.jpg","width":1600,"height":1070},{"@type":"BreadcrumbList","@id":"https:\/\/tuzlainfo.ba\/index.php\/istaknuto\/item\/234864-odrzan-okrugli-sto-uloga-i-znacaj-policije-u-odbrani-tuzle-i-bih-1991-1995-godina\/#breadcrumb","itemListElement":[{"@type":"ListItem","position":1,"name":"Home","item":"https:\/\/tuzlainfo.ba\/"},{"@type":"ListItem","position":2,"name":"Odr\u017ean okrugli sto &#8220;Uloga i zna\u010daj policije u odbrani Tuzle i BiH 1991-1995. godina&#8221;"}]},{"@type":"WebSite","@id":"https:\/\/tuzlainfo.ba\/#website","url":"https:\/\/tuzlainfo.ba\/","name":"TuzlaInfo.ba","description":"Tuzla info, gradski informator - Tuzla na dlanu","publisher":{"@id":"https:\/\/tuzlainfo.ba\/#organization"},"potentialAction":[{"@type":"SearchAction","target":{"@type":"EntryPoint","urlTemplate":"https:\/\/tuzlainfo.ba\/?s={search_term_string}"},"query-input":{"@type":"PropertyValueSpecification","valueRequired":true,"valueName":"search_term_string"}}],"inLanguage":"bs-BA"},{"@type":"Organization","@id":"https:\/\/tuzlainfo.ba\/#organization","name":"TuzlaInfo.ba","url":"https:\/\/tuzlainfo.ba\/","logo":{"@type":"ImageObject","inLanguage":"bs-BA","@id":"https:\/\/tuzlainfo.ba\/#\/schema\/logo\/image\/","url":"https:\/\/tuzlainfo.ba\/wp-content\/uploads\/2021\/03\/logo-ver-3-1.png","contentUrl":"https:\/\/tuzlainfo.ba\/wp-content\/uploads\/2021\/03\/logo-ver-3-1.png","width":350,"height":95,"caption":"TuzlaInfo.ba"},"image":{"@id":"https:\/\/tuzlainfo.ba\/#\/schema\/logo\/image\/"},"sameAs":["https:\/\/www.facebook.com\/tuzlainfo.ba\/"]},{"@type":"Person","@id":"https:\/\/tuzlainfo.ba\/#\/schema\/person\/46cad4c57790cbc50781edd14870825a","name":"Tuzla Info","image":{"@type":"ImageObject","inLanguage":"bs-BA","@id":"https:\/\/secure.gravatar.com\/avatar\/e980921b00fa2e552723a2386544734ce6885d2b2304ccca3f45186f9ca4031d?s=96&d=mm&r=g","url":"https:\/\/secure.gravatar.com\/avatar\/e980921b00fa2e552723a2386544734ce6885d2b2304ccca3f45186f9ca4031d?s=96&d=mm&r=g","contentUrl":"https:\/\/secure.gravatar.com\/avatar\/e980921b00fa2e552723a2386544734ce6885d2b2304ccca3f45186f9ca4031d?s=96&d=mm&r=g","caption":"Tuzla Info"}}]}},"_links":{"self":[{"href":"https:\/\/tuzlainfo.ba\/index.php\/wp-json\/wp\/v2\/posts\/234864","targetHints":{"allow":["GET"]}}],"collection":[{"href":"https:\/\/tuzlainfo.ba\/index.php\/wp-json\/wp\/v2\/posts"}],"about":[{"href":"https:\/\/tuzlainfo.ba\/index.php\/wp-json\/wp\/v2\/types\/post"}],"author":[{"embeddable":true,"href":"https:\/\/tuzlainfo.ba\/index.php\/wp-json\/wp\/v2\/users\/4"}],"replies":[{"embeddable":true,"href":"https:\/\/tuzlainfo.ba\/index.php\/wp-json\/wp\/v2\/comments?post=234864"}],"version-history":[{"count":1,"href":"https:\/\/tuzlainfo.ba\/index.php\/wp-json\/wp\/v2\/posts\/234864\/revisions"}],"predecessor-version":[{"id":234867,"href":"https:\/\/tuzlainfo.ba\/index.php\/wp-json\/wp\/v2\/posts\/234864\/revisions\/234867"}],"wp:featuredmedia":[{"embeddable":true,"href":"https:\/\/tuzlainfo.ba\/index.php\/wp-json\/wp\/v2\/media\/234866"}],"wp:attachment":[{"href":"https:\/\/tuzlainfo.ba\/index.php\/wp-json\/wp\/v2\/media?parent=234864"}],"wp:term":[{"taxonomy":"category","embeddable":true,"href":"https:\/\/tuzlainfo.ba\/index.php\/wp-json\/wp\/v2\/categories?post=234864"},{"taxonomy":"post_tag","embeddable":true,"href":"https:\/\/tuzlainfo.ba\/index.php\/wp-json\/wp\/v2\/tags?post=234864"}],"curies":[{"name":"wp","href":"https:\/\/api.w.org\/{rel}","templated":true}]}}