{"id":234573,"date":"2024-04-01T21:14:34","date_gmt":"2024-04-01T19:14:34","guid":{"rendered":"https:\/\/tuzlainfo.ba\/?p=234573"},"modified":"2024-04-01T21:19:15","modified_gmt":"2024-04-01T19:19:15","slug":"znate-li-gdje-je-bih-na-listi-drzava-s-najvecim-odljevom-stanovnistva","status":"publish","type":"post","link":"https:\/\/tuzlainfo.ba\/index.php\/bosna-i-hercegovina\/item\/234573-znate-li-gdje-je-bih-na-listi-drzava-s-najvecim-odljevom-stanovnistva\/","title":{"rendered":"Znate li gdje je BiH na listi dr\u017eava s najve\u0107im odljevom stanovni\u0161tva"},"content":{"rendered":"<p>Bosna i Hercegovina suo\u010dava se s kontinuiranim odljevom visokokvalificiranih i visokoobrazovanih pojedinaca, \u0161to je trend koji nije stran mnogim zemljama u svijetu. Iako je situacija zabrinjavaju\u0107a, novi podaci sugeriraju da Bosna i Hercegovina ipak nije na dnu liste kada je rije\u010d o ovom globalnom fenomenu, pi\u0161e Ve\u010dernji.ba.<\/p>\n<p>Prema istra\u017eivanju stranice World Population za 2024. godinu, na prvom mjestu nalazi se dr\u017eava Samoa, iz koje odlazi najve\u0107i broj stanovnika, \u0161to je dovelo do njezina visokog rangiranja uz ocjenu 10, a \u0161to je najgora ocjena prema ovom kriteriju. Sljede\u0107i na listi su Jamajka, Palestina, Somalija, Mikronezija, Eritreja, El Salvador, Albanija, Haiti i Sirija, koji su tako\u0111er ocijenjeni kao zemlje s visokom razinom emigracije visokoobrazovanih osoba. Bosna i Hercegovina nalazi se na 40. mjestu na ovoj listi, sa solidnom ocjenom od 6,8.<\/p>\n<p>Iako je ova ocjena znatno ni\u017ea u usporedbi s drugim zemljama, situacija u Bosni i Hercegovini nije tako alarmantna kao u nekim drugim dijelovima svijeta. Me\u0111u zemljama u okru\u017eenju Albanija se isti\u010de kao zemlja s najve\u0107im problemom odljeva visokoobrazovanih pojedinaca, nalaze\u0107i se me\u0111u prvih deset na ovoj listi, dok je Bosna i Hercegovina na 40. mjestu.<\/p>\n<p>Slijedi je Sjeverna Makedonija s ocjenom od 6,3, zatim Srbija s ocjenom od 6, Republika Hrvatska s ocjenom od 5,8, dok Crna Gora ima ocjenu od 4,9, a Slovenija se nalazi na dnu s ocjenom od 3,7. Iako se ova istra\u017eivanja ne mogu tuma\u010diti kao potpuna slika migracijskih tokova i uzroka koji dovode do njih, pru\u017eaju uvid u globalni trend odljeva visokoobrazovanih pojedinaca, koji mo\u017ee imati zna\u010dajan utjecaj na ekonomiju, dru\u0161tvo i razvoj zemlje.<\/p>\n<p>Mnogi mladi ljudi u BiH koji zavr\u0161e fakultet \u010desto se suo\u010davaju s pote\u0161ko\u0107ama u pronala\u017eenju stalnog zaposlenja u svojoj struci. \u010cak i kada prona\u0111u posao, pla\u0107e su obi\u010dno niske u usporedbi s drugim zemljama. To sve \u010de\u0161\u0107e dovodi do odlaska mladih stru\u010dnjaka u inozemstvo u potrazi za boljim ekonomskim uvjetima. \u2022<\/p>\n","protected":false},"excerpt":{"rendered":"<p>Bosna i Hercegovina suo\u010dava se s kontinuiranim odljevom visokokvalificiranih i visokoobrazovanih pojedinaca, \u0161to je trend koji nije stran mnogim zemljama u svijetu. Iako je situacija zabrinjavaju\u0107a, novi podaci sugeriraju da Bosna i Hercegovina ipak nije na dnu liste kada je rije\u010d o ovom globalnom fenomenu, pi\u0161e Ve\u010dernji.ba. Prema istra\u017eivanju stranice World Population za 2024. godinu, [&hellip;]<\/p>\n","protected":false},"author":2,"featured_media":72364,"comment_status":"closed","ping_status":"closed","sticky":false,"template":"","format":"standard","meta":{"footnotes":""},"categories":[291],"tags":[9887,5302],"class_list":["post-234573","post","type-post","status-publish","format-standard","has-post-thumbnail","hentry","category-bosna-i-hercegovina","tag-migracije","tag-odlazak-stanovnistva"],"yoast_head":"<!-- This site is optimized with the Yoast SEO plugin v28.3 - https:\/\/yoast.com\/product\/yoast-seo-wordpress\/ -->\n<title>Znate li gdje je BiH na listi dr\u017eava s najve\u0107im odljevom stanovni\u0161tva<\/title>\n<meta name=\"robots\" content=\"index, follow, max-snippet:-1, max-image-preview:large, max-video-preview:-1\" \/>\n<link rel=\"canonical\" href=\"https:\/\/tuzlainfo.ba\/index.php\/bosna-i-hercegovina\/item\/234573-znate-li-gdje-je-bih-na-listi-drzava-s-najvecim-odljevom-stanovnistva\/\" \/>\n<meta property=\"og:locale\" content=\"bs_BA\" \/>\n<meta property=\"og:type\" content=\"article\" \/>\n<meta property=\"og:title\" content=\"Znate li gdje je BiH na listi dr\u017eava s najve\u0107im odljevom stanovni\u0161tva\" \/>\n<meta property=\"og:description\" content=\"Bosna i Hercegovina suo\u010dava se s kontinuiranim odljevom visokokvalificiranih i visokoobrazovanih pojedinaca, \u0161to je trend koji nije stran mnogim zemljama u svijetu. Iako je situacija zabrinjavaju\u0107a, novi podaci sugeriraju da Bosna i Hercegovina ipak nije na dnu liste kada je rije\u010d o ovom globalnom fenomenu, pi\u0161e Ve\u010dernji.ba. Prema istra\u017eivanju stranice World Population za 2024. godinu, [&hellip;]\" \/>\n<meta property=\"og:url\" content=\"https:\/\/tuzlainfo.ba\/index.php\/bosna-i-hercegovina\/item\/234573-znate-li-gdje-je-bih-na-listi-drzava-s-najvecim-odljevom-stanovnistva\/\" \/>\n<meta property=\"og:site_name\" content=\"TuzlaInfo.ba\" \/>\n<meta property=\"article:publisher\" content=\"https:\/\/www.facebook.com\/tuzlainfo.ba\/\" \/>\n<meta property=\"article:published_time\" content=\"2024-04-01T19:14:34+00:00\" \/>\n<meta property=\"article:modified_time\" content=\"2024-04-01T19:19:15+00:00\" \/>\n<meta property=\"og:image\" content=\"https:\/\/tuzlainfo.ba\/wp-content\/uploads\/2019\/08\/sadrzaj_2019_20190801_1208_odlazak_mladih.jpg\" \/>\n\t<meta property=\"og:image:width\" content=\"770\" \/>\n\t<meta property=\"og:image:height\" content=\"459\" \/>\n\t<meta property=\"og:image:type\" content=\"image\/jpeg\" \/>\n<meta name=\"author\" content=\"nedim\" \/>\n<meta name=\"twitter:card\" content=\"summary_large_image\" \/>\n<meta name=\"twitter:label1\" content=\"Written by\" \/>\n\t<meta name=\"twitter:data1\" content=\"nedim\" \/>\n\t<meta name=\"twitter:label2\" content=\"Est. reading time\" \/>\n\t<meta name=\"twitter:data2\" content=\"2 minute\" \/>\n<script type=\"application\/ld+json\" class=\"yoast-schema-graph\">{\"@context\":\"https:\\\/\\\/schema.org\",\"@graph\":[{\"@type\":\"Article\",\"@id\":\"https:\\\/\\\/tuzlainfo.ba\\\/index.php\\\/bosna-i-hercegovina\\\/item\\\/234573-znate-li-gdje-je-bih-na-listi-drzava-s-najvecim-odljevom-stanovnistva\\\/#article\",\"isPartOf\":{\"@id\":\"https:\\\/\\\/tuzlainfo.ba\\\/index.php\\\/bosna-i-hercegovina\\\/item\\\/234573-znate-li-gdje-je-bih-na-listi-drzava-s-najvecim-odljevom-stanovnistva\\\/\"},\"author\":{\"name\":\"nedim\",\"@id\":\"https:\\\/\\\/tuzlainfo.ba\\\/#\\\/schema\\\/person\\\/f434e20dc27ea133923aab08451b7f7f\"},\"headline\":\"Znate li gdje je BiH na listi dr\u017eava s najve\u0107im odljevom stanovni\u0161tva\",\"datePublished\":\"2024-04-01T19:14:34+00:00\",\"dateModified\":\"2024-04-01T19:19:15+00:00\",\"mainEntityOfPage\":{\"@id\":\"https:\\\/\\\/tuzlainfo.ba\\\/index.php\\\/bosna-i-hercegovina\\\/item\\\/234573-znate-li-gdje-je-bih-na-listi-drzava-s-najvecim-odljevom-stanovnistva\\\/\"},\"wordCount\":347,\"publisher\":{\"@id\":\"https:\\\/\\\/tuzlainfo.ba\\\/#organization\"},\"image\":{\"@id\":\"https:\\\/\\\/tuzlainfo.ba\\\/index.php\\\/bosna-i-hercegovina\\\/item\\\/234573-znate-li-gdje-je-bih-na-listi-drzava-s-najvecim-odljevom-stanovnistva\\\/#primaryimage\"},\"thumbnailUrl\":\"https:\\\/\\\/tuzlainfo.ba\\\/wp-content\\\/uploads\\\/2019\\\/08\\\/sadrzaj_2019_20190801_1208_odlazak_mladih.jpg\",\"keywords\":[\"migracije\",\"odlazak stanovni\u0161tva\"],\"articleSection\":[\"Bosna i Hercegovina\"],\"inLanguage\":\"bs-BA\",\"copyrightYear\":\"2024\",\"copyrightHolder\":{\"@id\":\"https:\\\/\\\/tuzlainfo.ba\\\/#organization\"}},{\"@type\":\"WebPage\",\"@id\":\"https:\\\/\\\/tuzlainfo.ba\\\/index.php\\\/bosna-i-hercegovina\\\/item\\\/234573-znate-li-gdje-je-bih-na-listi-drzava-s-najvecim-odljevom-stanovnistva\\\/\",\"url\":\"https:\\\/\\\/tuzlainfo.ba\\\/index.php\\\/bosna-i-hercegovina\\\/item\\\/234573-znate-li-gdje-je-bih-na-listi-drzava-s-najvecim-odljevom-stanovnistva\\\/\",\"name\":\"Znate li gdje je BiH na listi dr\u017eava s najve\u0107im odljevom stanovni\u0161tva\",\"isPartOf\":{\"@id\":\"https:\\\/\\\/tuzlainfo.ba\\\/#website\"},\"primaryImageOfPage\":{\"@id\":\"https:\\\/\\\/tuzlainfo.ba\\\/index.php\\\/bosna-i-hercegovina\\\/item\\\/234573-znate-li-gdje-je-bih-na-listi-drzava-s-najvecim-odljevom-stanovnistva\\\/#primaryimage\"},\"image\":{\"@id\":\"https:\\\/\\\/tuzlainfo.ba\\\/index.php\\\/bosna-i-hercegovina\\\/item\\\/234573-znate-li-gdje-je-bih-na-listi-drzava-s-najvecim-odljevom-stanovnistva\\\/#primaryimage\"},\"thumbnailUrl\":\"https:\\\/\\\/tuzlainfo.ba\\\/wp-content\\\/uploads\\\/2019\\\/08\\\/sadrzaj_2019_20190801_1208_odlazak_mladih.jpg\",\"datePublished\":\"2024-04-01T19:14:34+00:00\",\"dateModified\":\"2024-04-01T19:19:15+00:00\",\"breadcrumb\":{\"@id\":\"https:\\\/\\\/tuzlainfo.ba\\\/index.php\\\/bosna-i-hercegovina\\\/item\\\/234573-znate-li-gdje-je-bih-na-listi-drzava-s-najvecim-odljevom-stanovnistva\\\/#breadcrumb\"},\"inLanguage\":\"bs-BA\",\"potentialAction\":[{\"@type\":\"ReadAction\",\"target\":[\"https:\\\/\\\/tuzlainfo.ba\\\/index.php\\\/bosna-i-hercegovina\\\/item\\\/234573-znate-li-gdje-je-bih-na-listi-drzava-s-najvecim-odljevom-stanovnistva\\\/\"]}]},{\"@type\":\"ImageObject\",\"inLanguage\":\"bs-BA\",\"@id\":\"https:\\\/\\\/tuzlainfo.ba\\\/index.php\\\/bosna-i-hercegovina\\\/item\\\/234573-znate-li-gdje-je-bih-na-listi-drzava-s-najvecim-odljevom-stanovnistva\\\/#primaryimage\",\"url\":\"https:\\\/\\\/tuzlainfo.ba\\\/wp-content\\\/uploads\\\/2019\\\/08\\\/sadrzaj_2019_20190801_1208_odlazak_mladih.jpg\",\"contentUrl\":\"https:\\\/\\\/tuzlainfo.ba\\\/wp-content\\\/uploads\\\/2019\\\/08\\\/sadrzaj_2019_20190801_1208_odlazak_mladih.jpg\",\"width\":770,\"height\":459,\"caption\":\"1208 odlazak mladih\"},{\"@type\":\"BreadcrumbList\",\"@id\":\"https:\\\/\\\/tuzlainfo.ba\\\/index.php\\\/bosna-i-hercegovina\\\/item\\\/234573-znate-li-gdje-je-bih-na-listi-drzava-s-najvecim-odljevom-stanovnistva\\\/#breadcrumb\",\"itemListElement\":[{\"@type\":\"ListItem\",\"position\":1,\"name\":\"Home\",\"item\":\"https:\\\/\\\/tuzlainfo.ba\\\/\"},{\"@type\":\"ListItem\",\"position\":2,\"name\":\"Znate li gdje je BiH na listi dr\u017eava s najve\u0107im odljevom stanovni\u0161tva\"}]},{\"@type\":\"WebSite\",\"@id\":\"https:\\\/\\\/tuzlainfo.ba\\\/#website\",\"url\":\"https:\\\/\\\/tuzlainfo.ba\\\/\",\"name\":\"TuzlaInfo.ba\",\"description\":\"Tuzla info, gradski informator - Tuzla na dlanu\",\"publisher\":{\"@id\":\"https:\\\/\\\/tuzlainfo.ba\\\/#organization\"},\"potentialAction\":[{\"@type\":\"SearchAction\",\"target\":{\"@type\":\"EntryPoint\",\"urlTemplate\":\"https:\\\/\\\/tuzlainfo.ba\\\/?s={search_term_string}\"},\"query-input\":{\"@type\":\"PropertyValueSpecification\",\"valueRequired\":true,\"valueName\":\"search_term_string\"}}],\"inLanguage\":\"bs-BA\"},{\"@type\":\"Organization\",\"@id\":\"https:\\\/\\\/tuzlainfo.ba\\\/#organization\",\"name\":\"TuzlaInfo.ba\",\"url\":\"https:\\\/\\\/tuzlainfo.ba\\\/\",\"logo\":{\"@type\":\"ImageObject\",\"inLanguage\":\"bs-BA\",\"@id\":\"https:\\\/\\\/tuzlainfo.ba\\\/#\\\/schema\\\/logo\\\/image\\\/\",\"url\":\"https:\\\/\\\/tuzlainfo.ba\\\/wp-content\\\/uploads\\\/2021\\\/03\\\/logo-ver-3-1.png\",\"contentUrl\":\"https:\\\/\\\/tuzlainfo.ba\\\/wp-content\\\/uploads\\\/2021\\\/03\\\/logo-ver-3-1.png\",\"width\":350,\"height\":95,\"caption\":\"TuzlaInfo.ba\"},\"image\":{\"@id\":\"https:\\\/\\\/tuzlainfo.ba\\\/#\\\/schema\\\/logo\\\/image\\\/\"},\"sameAs\":[\"https:\\\/\\\/www.facebook.com\\\/tuzlainfo.ba\\\/\"]},{\"@type\":\"Person\",\"@id\":\"https:\\\/\\\/tuzlainfo.ba\\\/#\\\/schema\\\/person\\\/f434e20dc27ea133923aab08451b7f7f\",\"name\":\"nedim\",\"image\":{\"@type\":\"ImageObject\",\"inLanguage\":\"bs-BA\",\"@id\":\"https:\\\/\\\/secure.gravatar.com\\\/avatar\\\/5b928a2e7e70a54208d2eb6c1edcb75a5350d6ae97d5f0a701203d456823f6f3?s=96&d=mm&r=g\",\"url\":\"https:\\\/\\\/secure.gravatar.com\\\/avatar\\\/5b928a2e7e70a54208d2eb6c1edcb75a5350d6ae97d5f0a701203d456823f6f3?s=96&d=mm&r=g\",\"contentUrl\":\"https:\\\/\\\/secure.gravatar.com\\\/avatar\\\/5b928a2e7e70a54208d2eb6c1edcb75a5350d6ae97d5f0a701203d456823f6f3?s=96&d=mm&r=g\",\"caption\":\"nedim\"},\"description\":\"Tuzlainfo.ba pratite na dru\u0161tvenim mre\u017eama: Facebook, Instagram i Youtube. Svoje pri\u010de, upite i fotografije \u0161aljite na na\u0161u e-mail adresu.\"}]}<\/script>\n<!-- \/ Yoast SEO plugin. -->","yoast_head_json":{"title":"Znate li gdje je BiH na listi dr\u017eava s najve\u0107im odljevom stanovni\u0161tva","robots":{"index":"index","follow":"follow","max-snippet":"max-snippet:-1","max-image-preview":"max-image-preview:large","max-video-preview":"max-video-preview:-1"},"canonical":"https:\/\/tuzlainfo.ba\/index.php\/bosna-i-hercegovina\/item\/234573-znate-li-gdje-je-bih-na-listi-drzava-s-najvecim-odljevom-stanovnistva\/","og_locale":"bs_BA","og_type":"article","og_title":"Znate li gdje je BiH na listi dr\u017eava s najve\u0107im odljevom stanovni\u0161tva","og_description":"Bosna i Hercegovina suo\u010dava se s kontinuiranim odljevom visokokvalificiranih i visokoobrazovanih pojedinaca, \u0161to je trend koji nije stran mnogim zemljama u svijetu. Iako je situacija zabrinjavaju\u0107a, novi podaci sugeriraju da Bosna i Hercegovina ipak nije na dnu liste kada je rije\u010d o ovom globalnom fenomenu, pi\u0161e Ve\u010dernji.ba. Prema istra\u017eivanju stranice World Population za 2024. godinu, [&hellip;]","og_url":"https:\/\/tuzlainfo.ba\/index.php\/bosna-i-hercegovina\/item\/234573-znate-li-gdje-je-bih-na-listi-drzava-s-najvecim-odljevom-stanovnistva\/","og_site_name":"TuzlaInfo.ba","article_publisher":"https:\/\/www.facebook.com\/tuzlainfo.ba\/","article_published_time":"2024-04-01T19:14:34+00:00","article_modified_time":"2024-04-01T19:19:15+00:00","og_image":[{"width":770,"height":459,"url":"https:\/\/tuzlainfo.ba\/wp-content\/uploads\/2019\/08\/sadrzaj_2019_20190801_1208_odlazak_mladih.jpg","type":"image\/jpeg"}],"author":"nedim","twitter_card":"summary_large_image","twitter_misc":{"Written by":"nedim","Est. reading time":"2 minute"},"schema":{"@context":"https:\/\/schema.org","@graph":[{"@type":"Article","@id":"https:\/\/tuzlainfo.ba\/index.php\/bosna-i-hercegovina\/item\/234573-znate-li-gdje-je-bih-na-listi-drzava-s-najvecim-odljevom-stanovnistva\/#article","isPartOf":{"@id":"https:\/\/tuzlainfo.ba\/index.php\/bosna-i-hercegovina\/item\/234573-znate-li-gdje-je-bih-na-listi-drzava-s-najvecim-odljevom-stanovnistva\/"},"author":{"name":"nedim","@id":"https:\/\/tuzlainfo.ba\/#\/schema\/person\/f434e20dc27ea133923aab08451b7f7f"},"headline":"Znate li gdje je BiH na listi dr\u017eava s najve\u0107im odljevom stanovni\u0161tva","datePublished":"2024-04-01T19:14:34+00:00","dateModified":"2024-04-01T19:19:15+00:00","mainEntityOfPage":{"@id":"https:\/\/tuzlainfo.ba\/index.php\/bosna-i-hercegovina\/item\/234573-znate-li-gdje-je-bih-na-listi-drzava-s-najvecim-odljevom-stanovnistva\/"},"wordCount":347,"publisher":{"@id":"https:\/\/tuzlainfo.ba\/#organization"},"image":{"@id":"https:\/\/tuzlainfo.ba\/index.php\/bosna-i-hercegovina\/item\/234573-znate-li-gdje-je-bih-na-listi-drzava-s-najvecim-odljevom-stanovnistva\/#primaryimage"},"thumbnailUrl":"https:\/\/tuzlainfo.ba\/wp-content\/uploads\/2019\/08\/sadrzaj_2019_20190801_1208_odlazak_mladih.jpg","keywords":["migracije","odlazak stanovni\u0161tva"],"articleSection":["Bosna i Hercegovina"],"inLanguage":"bs-BA","copyrightYear":"2024","copyrightHolder":{"@id":"https:\/\/tuzlainfo.ba\/#organization"}},{"@type":"WebPage","@id":"https:\/\/tuzlainfo.ba\/index.php\/bosna-i-hercegovina\/item\/234573-znate-li-gdje-je-bih-na-listi-drzava-s-najvecim-odljevom-stanovnistva\/","url":"https:\/\/tuzlainfo.ba\/index.php\/bosna-i-hercegovina\/item\/234573-znate-li-gdje-je-bih-na-listi-drzava-s-najvecim-odljevom-stanovnistva\/","name":"Znate li gdje je BiH na listi dr\u017eava s najve\u0107im odljevom stanovni\u0161tva","isPartOf":{"@id":"https:\/\/tuzlainfo.ba\/#website"},"primaryImageOfPage":{"@id":"https:\/\/tuzlainfo.ba\/index.php\/bosna-i-hercegovina\/item\/234573-znate-li-gdje-je-bih-na-listi-drzava-s-najvecim-odljevom-stanovnistva\/#primaryimage"},"image":{"@id":"https:\/\/tuzlainfo.ba\/index.php\/bosna-i-hercegovina\/item\/234573-znate-li-gdje-je-bih-na-listi-drzava-s-najvecim-odljevom-stanovnistva\/#primaryimage"},"thumbnailUrl":"https:\/\/tuzlainfo.ba\/wp-content\/uploads\/2019\/08\/sadrzaj_2019_20190801_1208_odlazak_mladih.jpg","datePublished":"2024-04-01T19:14:34+00:00","dateModified":"2024-04-01T19:19:15+00:00","breadcrumb":{"@id":"https:\/\/tuzlainfo.ba\/index.php\/bosna-i-hercegovina\/item\/234573-znate-li-gdje-je-bih-na-listi-drzava-s-najvecim-odljevom-stanovnistva\/#breadcrumb"},"inLanguage":"bs-BA","potentialAction":[{"@type":"ReadAction","target":["https:\/\/tuzlainfo.ba\/index.php\/bosna-i-hercegovina\/item\/234573-znate-li-gdje-je-bih-na-listi-drzava-s-najvecim-odljevom-stanovnistva\/"]}]},{"@type":"ImageObject","inLanguage":"bs-BA","@id":"https:\/\/tuzlainfo.ba\/index.php\/bosna-i-hercegovina\/item\/234573-znate-li-gdje-je-bih-na-listi-drzava-s-najvecim-odljevom-stanovnistva\/#primaryimage","url":"https:\/\/tuzlainfo.ba\/wp-content\/uploads\/2019\/08\/sadrzaj_2019_20190801_1208_odlazak_mladih.jpg","contentUrl":"https:\/\/tuzlainfo.ba\/wp-content\/uploads\/2019\/08\/sadrzaj_2019_20190801_1208_odlazak_mladih.jpg","width":770,"height":459,"caption":"1208 odlazak mladih"},{"@type":"BreadcrumbList","@id":"https:\/\/tuzlainfo.ba\/index.php\/bosna-i-hercegovina\/item\/234573-znate-li-gdje-je-bih-na-listi-drzava-s-najvecim-odljevom-stanovnistva\/#breadcrumb","itemListElement":[{"@type":"ListItem","position":1,"name":"Home","item":"https:\/\/tuzlainfo.ba\/"},{"@type":"ListItem","position":2,"name":"Znate li gdje je BiH na listi dr\u017eava s najve\u0107im odljevom stanovni\u0161tva"}]},{"@type":"WebSite","@id":"https:\/\/tuzlainfo.ba\/#website","url":"https:\/\/tuzlainfo.ba\/","name":"TuzlaInfo.ba","description":"Tuzla info, gradski informator - Tuzla na dlanu","publisher":{"@id":"https:\/\/tuzlainfo.ba\/#organization"},"potentialAction":[{"@type":"SearchAction","target":{"@type":"EntryPoint","urlTemplate":"https:\/\/tuzlainfo.ba\/?s={search_term_string}"},"query-input":{"@type":"PropertyValueSpecification","valueRequired":true,"valueName":"search_term_string"}}],"inLanguage":"bs-BA"},{"@type":"Organization","@id":"https:\/\/tuzlainfo.ba\/#organization","name":"TuzlaInfo.ba","url":"https:\/\/tuzlainfo.ba\/","logo":{"@type":"ImageObject","inLanguage":"bs-BA","@id":"https:\/\/tuzlainfo.ba\/#\/schema\/logo\/image\/","url":"https:\/\/tuzlainfo.ba\/wp-content\/uploads\/2021\/03\/logo-ver-3-1.png","contentUrl":"https:\/\/tuzlainfo.ba\/wp-content\/uploads\/2021\/03\/logo-ver-3-1.png","width":350,"height":95,"caption":"TuzlaInfo.ba"},"image":{"@id":"https:\/\/tuzlainfo.ba\/#\/schema\/logo\/image\/"},"sameAs":["https:\/\/www.facebook.com\/tuzlainfo.ba\/"]},{"@type":"Person","@id":"https:\/\/tuzlainfo.ba\/#\/schema\/person\/f434e20dc27ea133923aab08451b7f7f","name":"nedim","image":{"@type":"ImageObject","inLanguage":"bs-BA","@id":"https:\/\/secure.gravatar.com\/avatar\/5b928a2e7e70a54208d2eb6c1edcb75a5350d6ae97d5f0a701203d456823f6f3?s=96&d=mm&r=g","url":"https:\/\/secure.gravatar.com\/avatar\/5b928a2e7e70a54208d2eb6c1edcb75a5350d6ae97d5f0a701203d456823f6f3?s=96&d=mm&r=g","contentUrl":"https:\/\/secure.gravatar.com\/avatar\/5b928a2e7e70a54208d2eb6c1edcb75a5350d6ae97d5f0a701203d456823f6f3?s=96&d=mm&r=g","caption":"nedim"},"description":"Tuzlainfo.ba pratite na dru\u0161tvenim mre\u017eama: Facebook, Instagram i Youtube. Svoje pri\u010de, upite i fotografije \u0161aljite na na\u0161u e-mail adresu."}]}},"_links":{"self":[{"href":"https:\/\/tuzlainfo.ba\/index.php\/wp-json\/wp\/v2\/posts\/234573","targetHints":{"allow":["GET"]}}],"collection":[{"href":"https:\/\/tuzlainfo.ba\/index.php\/wp-json\/wp\/v2\/posts"}],"about":[{"href":"https:\/\/tuzlainfo.ba\/index.php\/wp-json\/wp\/v2\/types\/post"}],"author":[{"embeddable":true,"href":"https:\/\/tuzlainfo.ba\/index.php\/wp-json\/wp\/v2\/users\/2"}],"replies":[{"embeddable":true,"href":"https:\/\/tuzlainfo.ba\/index.php\/wp-json\/wp\/v2\/comments?post=234573"}],"version-history":[{"count":2,"href":"https:\/\/tuzlainfo.ba\/index.php\/wp-json\/wp\/v2\/posts\/234573\/revisions"}],"predecessor-version":[{"id":234575,"href":"https:\/\/tuzlainfo.ba\/index.php\/wp-json\/wp\/v2\/posts\/234573\/revisions\/234575"}],"wp:featuredmedia":[{"embeddable":true,"href":"https:\/\/tuzlainfo.ba\/index.php\/wp-json\/wp\/v2\/media\/72364"}],"wp:attachment":[{"href":"https:\/\/tuzlainfo.ba\/index.php\/wp-json\/wp\/v2\/media?parent=234573"}],"wp:term":[{"taxonomy":"category","embeddable":true,"href":"https:\/\/tuzlainfo.ba\/index.php\/wp-json\/wp\/v2\/categories?post=234573"},{"taxonomy":"post_tag","embeddable":true,"href":"https:\/\/tuzlainfo.ba\/index.php\/wp-json\/wp\/v2\/tags?post=234573"}],"curies":[{"name":"wp","href":"https:\/\/api.w.org\/{rel}","templated":true}]}}