{"id":234464,"date":"2024-03-31T19:00:06","date_gmt":"2024-03-31T17:00:06","guid":{"rendered":"https:\/\/tuzlainfo.ba\/?p=234464"},"modified":"2024-03-31T21:37:18","modified_gmt":"2024-03-31T19:37:18","slug":"selo-na-obroncima-majevice-postaje-dio-opstine-lopare","status":"publish","type":"post","link":"https:\/\/tuzlainfo.ba\/index.php\/bosna-i-hercegovina\/item\/234464-selo-na-obroncima-majevice-postaje-dio-opstine-lopare\/","title":{"rendered":"Selo na obroncima Majevice postaje dio Op\u0161tine Lopare"},"content":{"rendered":"<p>Zavr\u0161je &#8211; selo ni na nebu, ni na zemlji, kako ga mje\u0161tani zovu, smje\u0161teno na obrancima Majevice &#8211; osim po svojim prirodnim ljepotama jedinstveno je i po neobi\u010dnoj pri\u010di. Mje\u0161tani ove, nekada zvorni\u010dke zajednice, pokrenuli su jo\u0161 prije nekoliko godina inicijativu za teritorijalnu promjenu. Rezultat su kona\u010dno do\u010dekali. Vlada Republike Srpske utvrdila je Nacrt zakona o pripajanju dijela Grada Zvornika Op\u0107ini Lopare.<\/p>\n<p>Smje\u0161teno u grani\u010dnom pojasu \u010detiri lokalne zajednice: Zvornik, Lopare, Sapna i Teo\u010dak, za Zavr\u0161je \u010desto ka\u017eu da je \u201cselo ni na nebu ni na zemlji\u201d. Ova, nekada bogata i pitoma ruralna sredina, danas ima tek desetak stanovnika.<\/p>\n<p>\u201eI to sve stariji. \u017divimo malo od poljoprivrede, napravili su nam put pa nam je lak\u0161e. Ja imam i sad auto i vozim ga, a 91. mi je godina\u201d, pri\u010da Milosav Vitorovi\u0107.<\/p>\n<p>Najbli\u017ea trgovina udaljena je deset kilometara te Milosav jednom sedmi\u010dno odlazi do nje da bi svima u selu nabavio osnovne \u017eivotne namirnice. Njihove ku\u0107e nemaju broj, \u0161to im predstavlja dodatni problem prilikom zahtjeva za izdavanje li\u010dnih dokumenata. Ina\u010de, Zavr\u0161je se nalazi na obroncima Majevice i pripadalo je Op\u0107ini Zvornik. Izme\u0111u Zavr\u0161ja i Zvornika, u me\u0111uvremenu, formirana je Op\u0107ina Sapna, tako da je Zavr\u0161je sada eksklava Zvornika, ali se fizi\u010dki naslanja na op\u0161tinu Lopare.<\/p>\n<p>\u201cTreba nam, otprilike, jedan sat do Zvornika, a do Lopara pola sata, mo\u017eda ni toliko. I sve \u0161to nam treba je u Loparama, dokor, li\u010dna karta&#8230;\u201d, ka\u017ee Petra Jovanovi\u0107.<\/p>\n<p>\u201cStari smo, snalazimo se, ko ima malo bolju penziju bolje mu je. Ko nema &#8211; \u0161ta \u0107e. A slabi smo, slabog \u017eivota\u201d, dodaje Ljeposava Jovanovi\u0107.<\/p>\n<p>I tako tu, u Zavr\u0161ju, uprkos imenu, ova pri\u010da ne zavr\u0161ava, nego upravo po\u010dinje &#8211; nakon \u0161to njegovi mje\u0161tani pokre\u0107u inicijativu za teritorijalnu promjenu.<\/p>\n<p>\u201cTu njihovu inicijativu je usvojila Skup\u0161tina grada Zvornika, kao i elaborat o teritorijalnoj promjeni u skladu sa zakonima RS-a. Taj elaborat dostavljen je Ministarstvu lokalne samouprave. Ministarstvo je to dostavilo Skup\u0161tini op\u0107ine Lopare uz pitanje da li prihvataju tu inicijativu za promjenu teritorije\u201d, navodi Davor Vi\u0107i\u0107, sekretar Skup\u0161tine op\u0107ine Lopare.<\/p>\n<p>\u201cNakon inicijative do\u0161lo je do razvoja situacije nakon \u010dega \u0107e Zavr\u0161je de facto i de jure pripasti Op\u0107ini Lopare i mislim da je to dobro za stanovnike Zavr\u0161ja, jer je fizi\u010dki vezivije za Op\u0107inu Lopare\u201d, isti\u010de Rado Savi\u0107, na\u010delnik Op\u0107ine Lopare (SDS).<\/p>\n<p>\u201cNa osnovu Inicijative i Elaborata o opravdanosti teritorijalne promjene nesporno je da postoji opravdana potreba za pripajanjem navedenog podru\u010dja op\u0161tini Lopare kako bi se stvorili uslovi za upravno, saobra\u0107ajno, komunalno i ekolo\u0161ko upravljanje tim podru\u010djem od Op\u0161tine Lopare \u201c, pi\u0161e u dokumentu koji se na\u0161ao pred poslanicima u NSRS-u.<\/p>\n<p>\u201cMislim da svi ovdje smatramo da je to teritorijalno svrsishodno, da je to naseljeno mjesto bli\u017ee Loparama, ali ne mogu da shvatim da smo se toga sjetili sad &#8211; dvadeset godina nakon Dejtona\u201d, ka\u017ee \u0110or\u0111e Vu\u010dini\u0107, poslanik Kluba za pravdu i red u NSRS-u.<\/p>\n<p>\u201cPrirodno oni vi\u0161e ne pripadaju teritoriji Zvornika, a \u0161ta se \u010dekalo 30 godina, pa to niko nije ni znao od nas, nego ljudi kad su po\u010deli da se vra\u0107aju i obnavljaju svoje ku\u0107e u\u0161li su u problem, treba struju dovesti iz Zvornika, vodu vu\u0107i 10 km\u201c, navodi Zoran Stevanovi\u0107, poslanik SNSD-a u NSRS-u i biv\u0161i gradona\u010delnik Zvornika.<\/p>\n<p>Naposljetku, NSRS je usvojio odluku. S ovom teritorijalnom promjenom saglasne su obje lokalne zajednice. Rije\u010d je o podru\u010dju ukupne povr\u0161ine oko 193 hektara. Nakon zavr\u0161enih zakonskih porocedura, geodetske uprave dvije lokalne zajednice razmijeni\u0107e imovinske podatke mje\u0161tana, \u010dime \u0107e Zavr\u0161je i kona\u010dno pripasti Op\u0107ini Lopare, \u0161to \u0107e rezultovati pobolj\u0161anjem uslova \u017eivota ovih mje\u0161tana, pi\u0161e federalna.ba.<\/p>\n","protected":false},"excerpt":{"rendered":"<p>Zavr\u0161je &#8211; selo ni na nebu, ni na zemlji, kako ga mje\u0161tani zovu, smje\u0161teno na obrancima Majevice &#8211; osim po svojim prirodnim ljepotama jedinstveno je i po neobi\u010dnoj pri\u010di. Mje\u0161tani ove, nekada zvorni\u010dke zajednice, pokrenuli su jo\u0161 prije nekoliko godina inicijativu za teritorijalnu promjenu. Rezultat su kona\u010dno do\u010dekali. Vlada Republike Srpske utvrdila je Nacrt zakona [&hellip;]<\/p>\n","protected":false},"author":2,"featured_media":234465,"comment_status":"closed","ping_status":"closed","sticky":false,"template":"","format":"standard","meta":{"footnotes":""},"categories":[291,304,306],"tags":[7359,1860],"class_list":["post-234464","post","type-post","status-publish","format-standard","has-post-thumbnail","hentry","category-bosna-i-hercegovina","category-istaknuto","category-preporucujemo","tag-lopare","tag-majevica"],"yoast_head":"<!-- This site is optimized with the Yoast SEO plugin v28.4 - https:\/\/yoast.com\/product\/yoast-seo-wordpress\/ -->\n<title>Selo na obroncima Majevice postaje dio Op\u0161tine Lopare<\/title>\n<meta name=\"robots\" content=\"index, follow, max-snippet:-1, max-image-preview:large, max-video-preview:-1\" \/>\n<link rel=\"canonical\" href=\"https:\/\/tuzlainfo.ba\/index.php\/bosna-i-hercegovina\/item\/234464-selo-na-obroncima-majevice-postaje-dio-opstine-lopare\/\" \/>\n<meta property=\"og:locale\" content=\"bs_BA\" \/>\n<meta property=\"og:type\" content=\"article\" \/>\n<meta property=\"og:title\" content=\"Selo na obroncima Majevice postaje dio Op\u0161tine Lopare\" \/>\n<meta property=\"og:description\" content=\"Zavr\u0161je &#8211; selo ni na nebu, ni na zemlji, kako ga mje\u0161tani zovu, smje\u0161teno na obrancima Majevice &#8211; osim po svojim prirodnim ljepotama jedinstveno je i po neobi\u010dnoj pri\u010di. Mje\u0161tani ove, nekada zvorni\u010dke zajednice, pokrenuli su jo\u0161 prije nekoliko godina inicijativu za teritorijalnu promjenu. Rezultat su kona\u010dno do\u010dekali. Vlada Republike Srpske utvrdila je Nacrt zakona [&hellip;]\" \/>\n<meta property=\"og:url\" content=\"https:\/\/tuzlainfo.ba\/index.php\/bosna-i-hercegovina\/item\/234464-selo-na-obroncima-majevice-postaje-dio-opstine-lopare\/\" \/>\n<meta property=\"og:site_name\" content=\"TuzlaInfo.ba\" \/>\n<meta property=\"article:publisher\" content=\"https:\/\/www.facebook.com\/tuzlainfo.ba\/\" \/>\n<meta property=\"article:published_time\" content=\"2024-03-31T17:00:06+00:00\" \/>\n<meta property=\"article:modified_time\" content=\"2024-03-31T19:37:18+00:00\" \/>\n<meta property=\"og:image\" content=\"https:\/\/tuzlainfo.ba\/wp-content\/uploads\/2024\/03\/3103_lop_maj.jpg\" \/>\n\t<meta property=\"og:image:width\" content=\"800\" \/>\n\t<meta property=\"og:image:height\" content=\"450\" \/>\n\t<meta property=\"og:image:type\" content=\"image\/jpeg\" \/>\n<meta name=\"author\" content=\"nedim\" \/>\n<meta name=\"twitter:card\" content=\"summary_large_image\" \/>\n<meta name=\"twitter:label1\" content=\"Written by\" \/>\n\t<meta name=\"twitter:data1\" content=\"nedim\" \/>\n\t<meta name=\"twitter:label2\" content=\"Est. reading time\" \/>\n\t<meta name=\"twitter:data2\" content=\"4 minute\" \/>\n<script type=\"application\/ld+json\" class=\"yoast-schema-graph\">{\"@context\":\"https:\\\/\\\/schema.org\",\"@graph\":[{\"@type\":\"Article\",\"@id\":\"https:\\\/\\\/tuzlainfo.ba\\\/index.php\\\/bosna-i-hercegovina\\\/item\\\/234464-selo-na-obroncima-majevice-postaje-dio-opstine-lopare\\\/#article\",\"isPartOf\":{\"@id\":\"https:\\\/\\\/tuzlainfo.ba\\\/index.php\\\/bosna-i-hercegovina\\\/item\\\/234464-selo-na-obroncima-majevice-postaje-dio-opstine-lopare\\\/\"},\"author\":{\"name\":\"nedim\",\"@id\":\"https:\\\/\\\/tuzlainfo.ba\\\/#\\\/schema\\\/person\\\/f434e20dc27ea133923aab08451b7f7f\"},\"headline\":\"Selo na obroncima Majevice postaje dio Op\u0161tine Lopare\",\"datePublished\":\"2024-03-31T17:00:06+00:00\",\"dateModified\":\"2024-03-31T19:37:18+00:00\",\"mainEntityOfPage\":{\"@id\":\"https:\\\/\\\/tuzlainfo.ba\\\/index.php\\\/bosna-i-hercegovina\\\/item\\\/234464-selo-na-obroncima-majevice-postaje-dio-opstine-lopare\\\/\"},\"wordCount\":669,\"publisher\":{\"@id\":\"https:\\\/\\\/tuzlainfo.ba\\\/#organization\"},\"image\":{\"@id\":\"https:\\\/\\\/tuzlainfo.ba\\\/index.php\\\/bosna-i-hercegovina\\\/item\\\/234464-selo-na-obroncima-majevice-postaje-dio-opstine-lopare\\\/#primaryimage\"},\"thumbnailUrl\":\"https:\\\/\\\/tuzlainfo.ba\\\/wp-content\\\/uploads\\\/2024\\\/03\\\/3103_lop_maj.jpg\",\"keywords\":[\"lopare\",\"majevica\"],\"articleSection\":[\"Bosna i Hercegovina\",\"Istaknuto\",\"Preporu\u010dujemo\"],\"inLanguage\":\"bs-BA\",\"copyrightYear\":\"2024\",\"copyrightHolder\":{\"@id\":\"https:\\\/\\\/tuzlainfo.ba\\\/#organization\"}},{\"@type\":\"WebPage\",\"@id\":\"https:\\\/\\\/tuzlainfo.ba\\\/index.php\\\/bosna-i-hercegovina\\\/item\\\/234464-selo-na-obroncima-majevice-postaje-dio-opstine-lopare\\\/\",\"url\":\"https:\\\/\\\/tuzlainfo.ba\\\/index.php\\\/bosna-i-hercegovina\\\/item\\\/234464-selo-na-obroncima-majevice-postaje-dio-opstine-lopare\\\/\",\"name\":\"Selo na obroncima Majevice postaje dio Op\u0161tine Lopare\",\"isPartOf\":{\"@id\":\"https:\\\/\\\/tuzlainfo.ba\\\/#website\"},\"primaryImageOfPage\":{\"@id\":\"https:\\\/\\\/tuzlainfo.ba\\\/index.php\\\/bosna-i-hercegovina\\\/item\\\/234464-selo-na-obroncima-majevice-postaje-dio-opstine-lopare\\\/#primaryimage\"},\"image\":{\"@id\":\"https:\\\/\\\/tuzlainfo.ba\\\/index.php\\\/bosna-i-hercegovina\\\/item\\\/234464-selo-na-obroncima-majevice-postaje-dio-opstine-lopare\\\/#primaryimage\"},\"thumbnailUrl\":\"https:\\\/\\\/tuzlainfo.ba\\\/wp-content\\\/uploads\\\/2024\\\/03\\\/3103_lop_maj.jpg\",\"datePublished\":\"2024-03-31T17:00:06+00:00\",\"dateModified\":\"2024-03-31T19:37:18+00:00\",\"breadcrumb\":{\"@id\":\"https:\\\/\\\/tuzlainfo.ba\\\/index.php\\\/bosna-i-hercegovina\\\/item\\\/234464-selo-na-obroncima-majevice-postaje-dio-opstine-lopare\\\/#breadcrumb\"},\"inLanguage\":\"bs-BA\",\"potentialAction\":[{\"@type\":\"ReadAction\",\"target\":[\"https:\\\/\\\/tuzlainfo.ba\\\/index.php\\\/bosna-i-hercegovina\\\/item\\\/234464-selo-na-obroncima-majevice-postaje-dio-opstine-lopare\\\/\"]}]},{\"@type\":\"ImageObject\",\"inLanguage\":\"bs-BA\",\"@id\":\"https:\\\/\\\/tuzlainfo.ba\\\/index.php\\\/bosna-i-hercegovina\\\/item\\\/234464-selo-na-obroncima-majevice-postaje-dio-opstine-lopare\\\/#primaryimage\",\"url\":\"https:\\\/\\\/tuzlainfo.ba\\\/wp-content\\\/uploads\\\/2024\\\/03\\\/3103_lop_maj.jpg\",\"contentUrl\":\"https:\\\/\\\/tuzlainfo.ba\\\/wp-content\\\/uploads\\\/2024\\\/03\\\/3103_lop_maj.jpg\",\"width\":800,\"height\":450},{\"@type\":\"BreadcrumbList\",\"@id\":\"https:\\\/\\\/tuzlainfo.ba\\\/index.php\\\/bosna-i-hercegovina\\\/item\\\/234464-selo-na-obroncima-majevice-postaje-dio-opstine-lopare\\\/#breadcrumb\",\"itemListElement\":[{\"@type\":\"ListItem\",\"position\":1,\"name\":\"Home\",\"item\":\"https:\\\/\\\/tuzlainfo.ba\\\/\"},{\"@type\":\"ListItem\",\"position\":2,\"name\":\"Selo na obroncima Majevice postaje dio Op\u0161tine Lopare\"}]},{\"@type\":\"WebSite\",\"@id\":\"https:\\\/\\\/tuzlainfo.ba\\\/#website\",\"url\":\"https:\\\/\\\/tuzlainfo.ba\\\/\",\"name\":\"TuzlaInfo.ba\",\"description\":\"Tuzla info, gradski informator - Tuzla na dlanu\",\"publisher\":{\"@id\":\"https:\\\/\\\/tuzlainfo.ba\\\/#organization\"},\"potentialAction\":[{\"@type\":\"SearchAction\",\"target\":{\"@type\":\"EntryPoint\",\"urlTemplate\":\"https:\\\/\\\/tuzlainfo.ba\\\/?s={search_term_string}\"},\"query-input\":{\"@type\":\"PropertyValueSpecification\",\"valueRequired\":true,\"valueName\":\"search_term_string\"}}],\"inLanguage\":\"bs-BA\"},{\"@type\":\"Organization\",\"@id\":\"https:\\\/\\\/tuzlainfo.ba\\\/#organization\",\"name\":\"TuzlaInfo.ba\",\"url\":\"https:\\\/\\\/tuzlainfo.ba\\\/\",\"logo\":{\"@type\":\"ImageObject\",\"inLanguage\":\"bs-BA\",\"@id\":\"https:\\\/\\\/tuzlainfo.ba\\\/#\\\/schema\\\/logo\\\/image\\\/\",\"url\":\"https:\\\/\\\/tuzlainfo.ba\\\/wp-content\\\/uploads\\\/2021\\\/03\\\/logo-ver-3-1.png\",\"contentUrl\":\"https:\\\/\\\/tuzlainfo.ba\\\/wp-content\\\/uploads\\\/2021\\\/03\\\/logo-ver-3-1.png\",\"width\":350,\"height\":95,\"caption\":\"TuzlaInfo.ba\"},\"image\":{\"@id\":\"https:\\\/\\\/tuzlainfo.ba\\\/#\\\/schema\\\/logo\\\/image\\\/\"},\"sameAs\":[\"https:\\\/\\\/www.facebook.com\\\/tuzlainfo.ba\\\/\"]},{\"@type\":\"Person\",\"@id\":\"https:\\\/\\\/tuzlainfo.ba\\\/#\\\/schema\\\/person\\\/f434e20dc27ea133923aab08451b7f7f\",\"name\":\"nedim\",\"image\":{\"@type\":\"ImageObject\",\"inLanguage\":\"bs-BA\",\"@id\":\"https:\\\/\\\/secure.gravatar.com\\\/avatar\\\/5b928a2e7e70a54208d2eb6c1edcb75a5350d6ae97d5f0a701203d456823f6f3?s=96&d=mm&r=g\",\"url\":\"https:\\\/\\\/secure.gravatar.com\\\/avatar\\\/5b928a2e7e70a54208d2eb6c1edcb75a5350d6ae97d5f0a701203d456823f6f3?s=96&d=mm&r=g\",\"contentUrl\":\"https:\\\/\\\/secure.gravatar.com\\\/avatar\\\/5b928a2e7e70a54208d2eb6c1edcb75a5350d6ae97d5f0a701203d456823f6f3?s=96&d=mm&r=g\",\"caption\":\"nedim\"},\"description\":\"Tuzlainfo.ba pratite na dru\u0161tvenim mre\u017eama: Facebook, Instagram i Youtube. Svoje pri\u010de, upite i fotografije \u0161aljite na na\u0161u e-mail adresu.\"}]}<\/script>\n<!-- \/ Yoast SEO plugin. -->","yoast_head_json":{"title":"Selo na obroncima Majevice postaje dio Op\u0161tine Lopare","robots":{"index":"index","follow":"follow","max-snippet":"max-snippet:-1","max-image-preview":"max-image-preview:large","max-video-preview":"max-video-preview:-1"},"canonical":"https:\/\/tuzlainfo.ba\/index.php\/bosna-i-hercegovina\/item\/234464-selo-na-obroncima-majevice-postaje-dio-opstine-lopare\/","og_locale":"bs_BA","og_type":"article","og_title":"Selo na obroncima Majevice postaje dio Op\u0161tine Lopare","og_description":"Zavr\u0161je &#8211; selo ni na nebu, ni na zemlji, kako ga mje\u0161tani zovu, smje\u0161teno na obrancima Majevice &#8211; osim po svojim prirodnim ljepotama jedinstveno je i po neobi\u010dnoj pri\u010di. Mje\u0161tani ove, nekada zvorni\u010dke zajednice, pokrenuli su jo\u0161 prije nekoliko godina inicijativu za teritorijalnu promjenu. Rezultat su kona\u010dno do\u010dekali. Vlada Republike Srpske utvrdila je Nacrt zakona [&hellip;]","og_url":"https:\/\/tuzlainfo.ba\/index.php\/bosna-i-hercegovina\/item\/234464-selo-na-obroncima-majevice-postaje-dio-opstine-lopare\/","og_site_name":"TuzlaInfo.ba","article_publisher":"https:\/\/www.facebook.com\/tuzlainfo.ba\/","article_published_time":"2024-03-31T17:00:06+00:00","article_modified_time":"2024-03-31T19:37:18+00:00","og_image":[{"width":800,"height":450,"url":"https:\/\/tuzlainfo.ba\/wp-content\/uploads\/2024\/03\/3103_lop_maj.jpg","type":"image\/jpeg"}],"author":"nedim","twitter_card":"summary_large_image","twitter_misc":{"Written by":"nedim","Est. reading time":"4 minute"},"schema":{"@context":"https:\/\/schema.org","@graph":[{"@type":"Article","@id":"https:\/\/tuzlainfo.ba\/index.php\/bosna-i-hercegovina\/item\/234464-selo-na-obroncima-majevice-postaje-dio-opstine-lopare\/#article","isPartOf":{"@id":"https:\/\/tuzlainfo.ba\/index.php\/bosna-i-hercegovina\/item\/234464-selo-na-obroncima-majevice-postaje-dio-opstine-lopare\/"},"author":{"name":"nedim","@id":"https:\/\/tuzlainfo.ba\/#\/schema\/person\/f434e20dc27ea133923aab08451b7f7f"},"headline":"Selo na obroncima Majevice postaje dio Op\u0161tine Lopare","datePublished":"2024-03-31T17:00:06+00:00","dateModified":"2024-03-31T19:37:18+00:00","mainEntityOfPage":{"@id":"https:\/\/tuzlainfo.ba\/index.php\/bosna-i-hercegovina\/item\/234464-selo-na-obroncima-majevice-postaje-dio-opstine-lopare\/"},"wordCount":669,"publisher":{"@id":"https:\/\/tuzlainfo.ba\/#organization"},"image":{"@id":"https:\/\/tuzlainfo.ba\/index.php\/bosna-i-hercegovina\/item\/234464-selo-na-obroncima-majevice-postaje-dio-opstine-lopare\/#primaryimage"},"thumbnailUrl":"https:\/\/tuzlainfo.ba\/wp-content\/uploads\/2024\/03\/3103_lop_maj.jpg","keywords":["lopare","majevica"],"articleSection":["Bosna i Hercegovina","Istaknuto","Preporu\u010dujemo"],"inLanguage":"bs-BA","copyrightYear":"2024","copyrightHolder":{"@id":"https:\/\/tuzlainfo.ba\/#organization"}},{"@type":"WebPage","@id":"https:\/\/tuzlainfo.ba\/index.php\/bosna-i-hercegovina\/item\/234464-selo-na-obroncima-majevice-postaje-dio-opstine-lopare\/","url":"https:\/\/tuzlainfo.ba\/index.php\/bosna-i-hercegovina\/item\/234464-selo-na-obroncima-majevice-postaje-dio-opstine-lopare\/","name":"Selo na obroncima Majevice postaje dio Op\u0161tine Lopare","isPartOf":{"@id":"https:\/\/tuzlainfo.ba\/#website"},"primaryImageOfPage":{"@id":"https:\/\/tuzlainfo.ba\/index.php\/bosna-i-hercegovina\/item\/234464-selo-na-obroncima-majevice-postaje-dio-opstine-lopare\/#primaryimage"},"image":{"@id":"https:\/\/tuzlainfo.ba\/index.php\/bosna-i-hercegovina\/item\/234464-selo-na-obroncima-majevice-postaje-dio-opstine-lopare\/#primaryimage"},"thumbnailUrl":"https:\/\/tuzlainfo.ba\/wp-content\/uploads\/2024\/03\/3103_lop_maj.jpg","datePublished":"2024-03-31T17:00:06+00:00","dateModified":"2024-03-31T19:37:18+00:00","breadcrumb":{"@id":"https:\/\/tuzlainfo.ba\/index.php\/bosna-i-hercegovina\/item\/234464-selo-na-obroncima-majevice-postaje-dio-opstine-lopare\/#breadcrumb"},"inLanguage":"bs-BA","potentialAction":[{"@type":"ReadAction","target":["https:\/\/tuzlainfo.ba\/index.php\/bosna-i-hercegovina\/item\/234464-selo-na-obroncima-majevice-postaje-dio-opstine-lopare\/"]}]},{"@type":"ImageObject","inLanguage":"bs-BA","@id":"https:\/\/tuzlainfo.ba\/index.php\/bosna-i-hercegovina\/item\/234464-selo-na-obroncima-majevice-postaje-dio-opstine-lopare\/#primaryimage","url":"https:\/\/tuzlainfo.ba\/wp-content\/uploads\/2024\/03\/3103_lop_maj.jpg","contentUrl":"https:\/\/tuzlainfo.ba\/wp-content\/uploads\/2024\/03\/3103_lop_maj.jpg","width":800,"height":450},{"@type":"BreadcrumbList","@id":"https:\/\/tuzlainfo.ba\/index.php\/bosna-i-hercegovina\/item\/234464-selo-na-obroncima-majevice-postaje-dio-opstine-lopare\/#breadcrumb","itemListElement":[{"@type":"ListItem","position":1,"name":"Home","item":"https:\/\/tuzlainfo.ba\/"},{"@type":"ListItem","position":2,"name":"Selo na obroncima Majevice postaje dio Op\u0161tine Lopare"}]},{"@type":"WebSite","@id":"https:\/\/tuzlainfo.ba\/#website","url":"https:\/\/tuzlainfo.ba\/","name":"TuzlaInfo.ba","description":"Tuzla info, gradski informator - Tuzla na dlanu","publisher":{"@id":"https:\/\/tuzlainfo.ba\/#organization"},"potentialAction":[{"@type":"SearchAction","target":{"@type":"EntryPoint","urlTemplate":"https:\/\/tuzlainfo.ba\/?s={search_term_string}"},"query-input":{"@type":"PropertyValueSpecification","valueRequired":true,"valueName":"search_term_string"}}],"inLanguage":"bs-BA"},{"@type":"Organization","@id":"https:\/\/tuzlainfo.ba\/#organization","name":"TuzlaInfo.ba","url":"https:\/\/tuzlainfo.ba\/","logo":{"@type":"ImageObject","inLanguage":"bs-BA","@id":"https:\/\/tuzlainfo.ba\/#\/schema\/logo\/image\/","url":"https:\/\/tuzlainfo.ba\/wp-content\/uploads\/2021\/03\/logo-ver-3-1.png","contentUrl":"https:\/\/tuzlainfo.ba\/wp-content\/uploads\/2021\/03\/logo-ver-3-1.png","width":350,"height":95,"caption":"TuzlaInfo.ba"},"image":{"@id":"https:\/\/tuzlainfo.ba\/#\/schema\/logo\/image\/"},"sameAs":["https:\/\/www.facebook.com\/tuzlainfo.ba\/"]},{"@type":"Person","@id":"https:\/\/tuzlainfo.ba\/#\/schema\/person\/f434e20dc27ea133923aab08451b7f7f","name":"nedim","image":{"@type":"ImageObject","inLanguage":"bs-BA","@id":"https:\/\/secure.gravatar.com\/avatar\/5b928a2e7e70a54208d2eb6c1edcb75a5350d6ae97d5f0a701203d456823f6f3?s=96&d=mm&r=g","url":"https:\/\/secure.gravatar.com\/avatar\/5b928a2e7e70a54208d2eb6c1edcb75a5350d6ae97d5f0a701203d456823f6f3?s=96&d=mm&r=g","contentUrl":"https:\/\/secure.gravatar.com\/avatar\/5b928a2e7e70a54208d2eb6c1edcb75a5350d6ae97d5f0a701203d456823f6f3?s=96&d=mm&r=g","caption":"nedim"},"description":"Tuzlainfo.ba pratite na dru\u0161tvenim mre\u017eama: Facebook, Instagram i Youtube. Svoje pri\u010de, upite i fotografije \u0161aljite na na\u0161u e-mail adresu."}]}},"_links":{"self":[{"href":"https:\/\/tuzlainfo.ba\/index.php\/wp-json\/wp\/v2\/posts\/234464","targetHints":{"allow":["GET"]}}],"collection":[{"href":"https:\/\/tuzlainfo.ba\/index.php\/wp-json\/wp\/v2\/posts"}],"about":[{"href":"https:\/\/tuzlainfo.ba\/index.php\/wp-json\/wp\/v2\/types\/post"}],"author":[{"embeddable":true,"href":"https:\/\/tuzlainfo.ba\/index.php\/wp-json\/wp\/v2\/users\/2"}],"replies":[{"embeddable":true,"href":"https:\/\/tuzlainfo.ba\/index.php\/wp-json\/wp\/v2\/comments?post=234464"}],"version-history":[{"count":1,"href":"https:\/\/tuzlainfo.ba\/index.php\/wp-json\/wp\/v2\/posts\/234464\/revisions"}],"predecessor-version":[{"id":234466,"href":"https:\/\/tuzlainfo.ba\/index.php\/wp-json\/wp\/v2\/posts\/234464\/revisions\/234466"}],"wp:featuredmedia":[{"embeddable":true,"href":"https:\/\/tuzlainfo.ba\/index.php\/wp-json\/wp\/v2\/media\/234465"}],"wp:attachment":[{"href":"https:\/\/tuzlainfo.ba\/index.php\/wp-json\/wp\/v2\/media?parent=234464"}],"wp:term":[{"taxonomy":"category","embeddable":true,"href":"https:\/\/tuzlainfo.ba\/index.php\/wp-json\/wp\/v2\/categories?post=234464"},{"taxonomy":"post_tag","embeddable":true,"href":"https:\/\/tuzlainfo.ba\/index.php\/wp-json\/wp\/v2\/tags?post=234464"}],"curies":[{"name":"wp","href":"https:\/\/api.w.org\/{rel}","templated":true}]}}