{"id":234431,"date":"2024-03-30T20:59:06","date_gmt":"2024-03-30T19:59:06","guid":{"rendered":"https:\/\/tuzlainfo.ba\/?p=234431"},"modified":"2024-03-30T20:59:06","modified_gmt":"2024-03-30T19:59:06","slug":"spionica-gradjani-protiv-gradnje-kamenoloma-70-metara-od-njihovih-kuca","status":"publish","type":"post","link":"https:\/\/tuzlainfo.ba\/index.php\/novosti\/item\/234431-spionica-gradjani-protiv-gradnje-kamenoloma-70-metara-od-njihovih-kuca\/","title":{"rendered":"\u0160pionica: Gra\u0111ani protiv gradnje kamenoloma 70 metara od njihovih ku\u0107a"},"content":{"rendered":"<p>Ve\u0107 nekoliko godina stanovnici \u0160pionice u Srebreniku bore se protiv bespravne gradnje kamenoloma u njihovom mjestu koji bi, kako tvrde, mogao ozbiljno ugroziti porodi\u010dne ku\u0107e, \u017eivote ljudi, ali i \u017eivotnu sredinu. Stanovnici \u0160pionice istrajni su u borbi da ne\u0107e dozvoliti gradnju kamenoloma, iako je investitor ve\u0107 nekoliko puta zapo\u010dinjao iskopavanje kamena, iako im Federalno ministarstvo za\u0161tite okoli\u0161a jo\u0161 nije dalo okolinsku dozvolu, pi\u0161e<a href=\"https:\/\/www.bhrt.ba\/gra%C4%91ani-srebrenika-u-borbi-protiv-bespravne-gradnje-kamenoloma\"><strong> BHRT<\/strong><\/a>.<\/p>\n<p>U sredi\u0161tu naselja \u0160pionica u Gradu Srebreniku u Tuzlanskom kantonu, privatni investitor zapo\u010deo je eksploataciju kamena \u0161to, po rije\u010dima mje\u0161tana, ozbiljno ugro\u017eava ne samo obiteljske ku\u0107e i pitku vodu, nego i egzistenciju. Kamenolom, \u010diji se obrisi ve\u0107 naziru, od ku\u0107e Jakova Topalovi\u0107a udaljen je tek oko sedamdeset metara.<\/p>\n<p><em>&#8220;Mi bismo ovdje bili puno ugro\u017eeni. Ako bi oni ovo dobili. Ne samo mi ovdje. Ima jedna ulica gore, ima jedna ulica tamo. Puno je nas ovdje stanovnika. Onda to je vodoza\u0161titna zona, imamo tri na\u0161a izvora ovdje. Ovdje su ti njegovi kablovi, on je to nama pokidao. Ne\u0107e ni da napravi. Borba traje od 2021.&#8221;, pri\u010da nam Jakov.<\/em><\/p>\n<p>Sve nadle\u017ene institucije, pa i sam investitor, ni o \u010demu ne obavje\u0161tavaju mje\u0161tane, zbog \u010dega je zabrinutost me\u0111u ljudima jo\u0161 ve\u0107a.<\/p>\n<p><em>&#8220;Jo\u0161 nikakvih informacija nama ne dostavljaju kao mjesnoj zajednici, taj izvo\u0111a\u010d radova&#8221;, navodi predsjednik Mjesne zajednice \u0160pionica Centar Bajro Halilovi\u0107.\u00a0<\/em><\/p>\n<p><em>&#8220;\u0160to se ti\u010de vladaju\u0107ih struktura, ne mo\u017eemo se ba\u0161 pohvaliti da imaju sluha za nas. Od samog po\u010detka, od 2021. godine kada je\u00a0investitor tra\u017eio dozvole za geoistrage, od tada smo najmanje desetak dopisa pisali nadle\u017enima na koje nikada nismo dobili odgovor&#8221;, isti\u010de mje\u0161tanin i aktivist Omer Majstorovi\u0107.<\/em><\/p>\n<p>Njihova poruka je jasna \u2013 izgradnju kamenoloma ne\u0107e dopustiti.<\/p>\n<p><em>&#8220;Nema \u0161anse. Mi idemo prvo na fin na\u010din da zamolimo op\u0107inu, Federaciju, dr\u017eavu, da oni poduzmu mjere. Ako oni ne\u0107e, onda \u0107emo se mi\u00a0svojim sredstvima braniti i boriti se. Ne\u0107emo dozvoliti nikako&#8221;, kategori\u010dan je mje\u0161tanin Zahir Ajanovi\u0107.<\/em><\/p>\n<p>Privatna kompanija, iako je zapo\u010dela bespravnu izgradnju ovog kamenoloma, jo\u0161 uvijek \u010deka na okolinsku dozvolu. Ekipa BHRT-a bila je i u Gradskoj upravi Grada Srebrenika i postavila pitanje nadle\u017enima kako Grad i gradona\u010delnik misle za\u0161tititi svoje stanovnike \u010diji su \u017eivoti ovim kamenolomom ugro\u017eeni.<\/p>\n<p><iframe title=\"Stanovnici \u0160pionice u Srebreniku protiv bespravne gradnje kamenoloma\" width=\"800\" height=\"450\" src=\"https:\/\/www.youtube.com\/embed\/gfu-aXYBeB8?feature=oembed\" frameborder=\"0\" allow=\"accelerometer; autoplay; clipboard-write; encrypted-media; gyroscope; picture-in-picture; web-share\" referrerpolicy=\"strict-origin-when-cross-origin\" allowfullscreen><\/iframe><\/p>\n<p><em>&#8220;Mi poku\u0161avamo da se ne stavljamo ni na jednu ni na drugu stranu. Zahtijevamo od investitora da, ukoliko dobije dozvole, da radi sve u\u00a0skladu s dozvolama kako bi se za\u0161titio okoli\u0161&#8221;, ka\u017ee gradona\u010delnik Grada Srebrenika Adnan Bjeli\u0107.\u00a0<\/em><\/p>\n<p><em>&#8220;Dr\u017eim da \u0107e nadle\u017ena ministarstva, svi ti koji trebaju dati dozvole, jer sve te dozvole nisu u ingerenciji Gradskog vije\u0107a, ali da \u0107e voditi ra\u010duna o interesu gra\u0111ana koji tu \u017eive i da \u0107e im to biti prioritet broj jedan&#8221;, stava je predsjedatelj Gradskog vije\u0107a Grada Srebrenika Mato Matijevi\u0107.<\/em><\/p>\n<p>Za sada mje\u0161tani najve\u0107u podr\u0161ku dobivaju od Arhus centra BiH koji ih \u0161titi i s pravne i ljudske strane. Velika im je nada i Ministarstvo okoli\u0161a i tuzima Federacije BiH, koje, osim \u0161to nije dalo okolinsku dozvolu, utvrdilo je i neusagla\u0161enost prostorno-planskih dokumenata gradskog i kantonalnog nivoa.<\/p>\n","protected":false},"excerpt":{"rendered":"<p>Ve\u0107 nekoliko godina stanovnici \u0160pionice u Srebreniku bore se protiv bespravne gradnje kamenoloma u njihovom mjestu koji bi, kako tvrde, mogao ozbiljno ugroziti porodi\u010dne ku\u0107e, \u017eivote ljudi, ali i \u017eivotnu sredinu. Stanovnici \u0160pionice istrajni su u borbi da ne\u0107e dozvoliti gradnju kamenoloma, iako je investitor ve\u0107 nekoliko puta zapo\u010dinjao iskopavanje kamena, iako im Federalno ministarstvo [&hellip;]<\/p>\n","protected":false},"author":2,"featured_media":136795,"comment_status":"closed","ping_status":"closed","sticky":false,"template":"","format":"standard","meta":{"footnotes":""},"categories":[304,12],"tags":[9874,9873],"class_list":["post-234431","post","type-post","status-publish","format-standard","has-post-thumbnail","hentry","category-istaknuto","category-novosti","tag-kamenolom","tag-spionica"],"yoast_head":"<!-- This site is optimized with the Yoast SEO plugin v28.4 - https:\/\/yoast.com\/product\/yoast-seo-wordpress\/ -->\n<title>\u0160pionica: Gra\u0111ani protiv gradnje kamenoloma 70 metara od njihovih ku\u0107a<\/title>\n<meta name=\"robots\" content=\"index, follow, max-snippet:-1, max-image-preview:large, max-video-preview:-1\" \/>\n<link rel=\"canonical\" href=\"https:\/\/tuzlainfo.ba\/index.php\/novosti\/item\/234431-spionica-gradjani-protiv-gradnje-kamenoloma-70-metara-od-njihovih-kuca\/\" \/>\n<meta property=\"og:locale\" content=\"bs_BA\" \/>\n<meta property=\"og:type\" content=\"article\" \/>\n<meta property=\"og:title\" content=\"\u0160pionica: Gra\u0111ani protiv gradnje kamenoloma 70 metara od njihovih ku\u0107a\" \/>\n<meta property=\"og:description\" content=\"Ve\u0107 nekoliko godina stanovnici \u0160pionice u Srebreniku bore se protiv bespravne gradnje kamenoloma u njihovom mjestu koji bi, kako tvrde, mogao ozbiljno ugroziti porodi\u010dne ku\u0107e, \u017eivote ljudi, ali i \u017eivotnu sredinu. Stanovnici \u0160pionice istrajni su u borbi da ne\u0107e dozvoliti gradnju kamenoloma, iako je investitor ve\u0107 nekoliko puta zapo\u010dinjao iskopavanje kamena, iako im Federalno ministarstvo [&hellip;]\" \/>\n<meta property=\"og:url\" content=\"https:\/\/tuzlainfo.ba\/index.php\/novosti\/item\/234431-spionica-gradjani-protiv-gradnje-kamenoloma-70-metara-od-njihovih-kuca\/\" \/>\n<meta property=\"og:site_name\" content=\"TuzlaInfo.ba\" \/>\n<meta property=\"article:publisher\" content=\"https:\/\/www.facebook.com\/tuzlainfo.ba\/\" \/>\n<meta property=\"article:published_time\" content=\"2024-03-30T19:59:06+00:00\" \/>\n<meta property=\"og:image\" content=\"https:\/\/tuzlainfo.ba\/wp-content\/uploads\/2021\/05\/0505_kamenolom_koncesija_jata.jpg\" \/>\n\t<meta property=\"og:image:width\" content=\"1200\" \/>\n\t<meta property=\"og:image:height\" content=\"798\" \/>\n\t<meta property=\"og:image:type\" content=\"image\/jpeg\" \/>\n<meta name=\"author\" content=\"nedim\" \/>\n<meta name=\"twitter:card\" content=\"summary_large_image\" \/>\n<meta name=\"twitter:label1\" content=\"Written by\" \/>\n\t<meta name=\"twitter:data1\" content=\"nedim\" \/>\n\t<meta name=\"twitter:label2\" content=\"Est. reading time\" \/>\n\t<meta name=\"twitter:data2\" content=\"3 minute\" \/>\n<script type=\"application\/ld+json\" class=\"yoast-schema-graph\">{\"@context\":\"https:\\\/\\\/schema.org\",\"@graph\":[{\"@type\":\"Article\",\"@id\":\"https:\\\/\\\/tuzlainfo.ba\\\/index.php\\\/novosti\\\/item\\\/234431-spionica-gradjani-protiv-gradnje-kamenoloma-70-metara-od-njihovih-kuca\\\/#article\",\"isPartOf\":{\"@id\":\"https:\\\/\\\/tuzlainfo.ba\\\/index.php\\\/novosti\\\/item\\\/234431-spionica-gradjani-protiv-gradnje-kamenoloma-70-metara-od-njihovih-kuca\\\/\"},\"author\":{\"name\":\"nedim\",\"@id\":\"https:\\\/\\\/tuzlainfo.ba\\\/#\\\/schema\\\/person\\\/f434e20dc27ea133923aab08451b7f7f\"},\"headline\":\"\u0160pionica: Gra\u0111ani protiv gradnje kamenoloma 70 metara od njihovih ku\u0107a\",\"datePublished\":\"2024-03-30T19:59:06+00:00\",\"mainEntityOfPage\":{\"@id\":\"https:\\\/\\\/tuzlainfo.ba\\\/index.php\\\/novosti\\\/item\\\/234431-spionica-gradjani-protiv-gradnje-kamenoloma-70-metara-od-njihovih-kuca\\\/\"},\"wordCount\":558,\"publisher\":{\"@id\":\"https:\\\/\\\/tuzlainfo.ba\\\/#organization\"},\"image\":{\"@id\":\"https:\\\/\\\/tuzlainfo.ba\\\/index.php\\\/novosti\\\/item\\\/234431-spionica-gradjani-protiv-gradnje-kamenoloma-70-metara-od-njihovih-kuca\\\/#primaryimage\"},\"thumbnailUrl\":\"https:\\\/\\\/tuzlainfo.ba\\\/wp-content\\\/uploads\\\/2021\\\/05\\\/0505_kamenolom_koncesija_jata.jpg\",\"keywords\":[\"kamenolom\",\"\u0161pionica\"],\"articleSection\":[\"Istaknuto\",\"Novosti\"],\"inLanguage\":\"bs-BA\",\"copyrightYear\":\"2024\",\"copyrightHolder\":{\"@id\":\"https:\\\/\\\/tuzlainfo.ba\\\/#organization\"}},{\"@type\":\"WebPage\",\"@id\":\"https:\\\/\\\/tuzlainfo.ba\\\/index.php\\\/novosti\\\/item\\\/234431-spionica-gradjani-protiv-gradnje-kamenoloma-70-metara-od-njihovih-kuca\\\/\",\"url\":\"https:\\\/\\\/tuzlainfo.ba\\\/index.php\\\/novosti\\\/item\\\/234431-spionica-gradjani-protiv-gradnje-kamenoloma-70-metara-od-njihovih-kuca\\\/\",\"name\":\"\u0160pionica: Gra\u0111ani protiv gradnje kamenoloma 70 metara od njihovih ku\u0107a\",\"isPartOf\":{\"@id\":\"https:\\\/\\\/tuzlainfo.ba\\\/#website\"},\"primaryImageOfPage\":{\"@id\":\"https:\\\/\\\/tuzlainfo.ba\\\/index.php\\\/novosti\\\/item\\\/234431-spionica-gradjani-protiv-gradnje-kamenoloma-70-metara-od-njihovih-kuca\\\/#primaryimage\"},\"image\":{\"@id\":\"https:\\\/\\\/tuzlainfo.ba\\\/index.php\\\/novosti\\\/item\\\/234431-spionica-gradjani-protiv-gradnje-kamenoloma-70-metara-od-njihovih-kuca\\\/#primaryimage\"},\"thumbnailUrl\":\"https:\\\/\\\/tuzlainfo.ba\\\/wp-content\\\/uploads\\\/2021\\\/05\\\/0505_kamenolom_koncesija_jata.jpg\",\"datePublished\":\"2024-03-30T19:59:06+00:00\",\"breadcrumb\":{\"@id\":\"https:\\\/\\\/tuzlainfo.ba\\\/index.php\\\/novosti\\\/item\\\/234431-spionica-gradjani-protiv-gradnje-kamenoloma-70-metara-od-njihovih-kuca\\\/#breadcrumb\"},\"inLanguage\":\"bs-BA\",\"potentialAction\":[{\"@type\":\"ReadAction\",\"target\":[\"https:\\\/\\\/tuzlainfo.ba\\\/index.php\\\/novosti\\\/item\\\/234431-spionica-gradjani-protiv-gradnje-kamenoloma-70-metara-od-njihovih-kuca\\\/\"]}]},{\"@type\":\"ImageObject\",\"inLanguage\":\"bs-BA\",\"@id\":\"https:\\\/\\\/tuzlainfo.ba\\\/index.php\\\/novosti\\\/item\\\/234431-spionica-gradjani-protiv-gradnje-kamenoloma-70-metara-od-njihovih-kuca\\\/#primaryimage\",\"url\":\"https:\\\/\\\/tuzlainfo.ba\\\/wp-content\\\/uploads\\\/2021\\\/05\\\/0505_kamenolom_koncesija_jata.jpg\",\"contentUrl\":\"https:\\\/\\\/tuzlainfo.ba\\\/wp-content\\\/uploads\\\/2021\\\/05\\\/0505_kamenolom_koncesija_jata.jpg\",\"width\":1200,\"height\":798,\"caption\":\"Foto: Ilustracija\"},{\"@type\":\"BreadcrumbList\",\"@id\":\"https:\\\/\\\/tuzlainfo.ba\\\/index.php\\\/novosti\\\/item\\\/234431-spionica-gradjani-protiv-gradnje-kamenoloma-70-metara-od-njihovih-kuca\\\/#breadcrumb\",\"itemListElement\":[{\"@type\":\"ListItem\",\"position\":1,\"name\":\"Home\",\"item\":\"https:\\\/\\\/tuzlainfo.ba\\\/\"},{\"@type\":\"ListItem\",\"position\":2,\"name\":\"\u0160pionica: Gra\u0111ani protiv gradnje kamenoloma 70 metara od njihovih ku\u0107a\"}]},{\"@type\":\"WebSite\",\"@id\":\"https:\\\/\\\/tuzlainfo.ba\\\/#website\",\"url\":\"https:\\\/\\\/tuzlainfo.ba\\\/\",\"name\":\"TuzlaInfo.ba\",\"description\":\"Tuzla info, gradski informator - Tuzla na dlanu\",\"publisher\":{\"@id\":\"https:\\\/\\\/tuzlainfo.ba\\\/#organization\"},\"potentialAction\":[{\"@type\":\"SearchAction\",\"target\":{\"@type\":\"EntryPoint\",\"urlTemplate\":\"https:\\\/\\\/tuzlainfo.ba\\\/?s={search_term_string}\"},\"query-input\":{\"@type\":\"PropertyValueSpecification\",\"valueRequired\":true,\"valueName\":\"search_term_string\"}}],\"inLanguage\":\"bs-BA\"},{\"@type\":\"Organization\",\"@id\":\"https:\\\/\\\/tuzlainfo.ba\\\/#organization\",\"name\":\"TuzlaInfo.ba\",\"url\":\"https:\\\/\\\/tuzlainfo.ba\\\/\",\"logo\":{\"@type\":\"ImageObject\",\"inLanguage\":\"bs-BA\",\"@id\":\"https:\\\/\\\/tuzlainfo.ba\\\/#\\\/schema\\\/logo\\\/image\\\/\",\"url\":\"https:\\\/\\\/tuzlainfo.ba\\\/wp-content\\\/uploads\\\/2021\\\/03\\\/logo-ver-3-1.png\",\"contentUrl\":\"https:\\\/\\\/tuzlainfo.ba\\\/wp-content\\\/uploads\\\/2021\\\/03\\\/logo-ver-3-1.png\",\"width\":350,\"height\":95,\"caption\":\"TuzlaInfo.ba\"},\"image\":{\"@id\":\"https:\\\/\\\/tuzlainfo.ba\\\/#\\\/schema\\\/logo\\\/image\\\/\"},\"sameAs\":[\"https:\\\/\\\/www.facebook.com\\\/tuzlainfo.ba\\\/\"]},{\"@type\":\"Person\",\"@id\":\"https:\\\/\\\/tuzlainfo.ba\\\/#\\\/schema\\\/person\\\/f434e20dc27ea133923aab08451b7f7f\",\"name\":\"nedim\",\"image\":{\"@type\":\"ImageObject\",\"inLanguage\":\"bs-BA\",\"@id\":\"https:\\\/\\\/secure.gravatar.com\\\/avatar\\\/5b928a2e7e70a54208d2eb6c1edcb75a5350d6ae97d5f0a701203d456823f6f3?s=96&d=mm&r=g\",\"url\":\"https:\\\/\\\/secure.gravatar.com\\\/avatar\\\/5b928a2e7e70a54208d2eb6c1edcb75a5350d6ae97d5f0a701203d456823f6f3?s=96&d=mm&r=g\",\"contentUrl\":\"https:\\\/\\\/secure.gravatar.com\\\/avatar\\\/5b928a2e7e70a54208d2eb6c1edcb75a5350d6ae97d5f0a701203d456823f6f3?s=96&d=mm&r=g\",\"caption\":\"nedim\"},\"description\":\"Tuzlainfo.ba pratite na dru\u0161tvenim mre\u017eama: Facebook, Instagram i Youtube. Svoje pri\u010de, upite i fotografije \u0161aljite na na\u0161u e-mail adresu.\"}]}<\/script>\n<!-- \/ Yoast SEO plugin. -->","yoast_head_json":{"title":"\u0160pionica: Gra\u0111ani protiv gradnje kamenoloma 70 metara od njihovih ku\u0107a","robots":{"index":"index","follow":"follow","max-snippet":"max-snippet:-1","max-image-preview":"max-image-preview:large","max-video-preview":"max-video-preview:-1"},"canonical":"https:\/\/tuzlainfo.ba\/index.php\/novosti\/item\/234431-spionica-gradjani-protiv-gradnje-kamenoloma-70-metara-od-njihovih-kuca\/","og_locale":"bs_BA","og_type":"article","og_title":"\u0160pionica: Gra\u0111ani protiv gradnje kamenoloma 70 metara od njihovih ku\u0107a","og_description":"Ve\u0107 nekoliko godina stanovnici \u0160pionice u Srebreniku bore se protiv bespravne gradnje kamenoloma u njihovom mjestu koji bi, kako tvrde, mogao ozbiljno ugroziti porodi\u010dne ku\u0107e, \u017eivote ljudi, ali i \u017eivotnu sredinu. Stanovnici \u0160pionice istrajni su u borbi da ne\u0107e dozvoliti gradnju kamenoloma, iako je investitor ve\u0107 nekoliko puta zapo\u010dinjao iskopavanje kamena, iako im Federalno ministarstvo [&hellip;]","og_url":"https:\/\/tuzlainfo.ba\/index.php\/novosti\/item\/234431-spionica-gradjani-protiv-gradnje-kamenoloma-70-metara-od-njihovih-kuca\/","og_site_name":"TuzlaInfo.ba","article_publisher":"https:\/\/www.facebook.com\/tuzlainfo.ba\/","article_published_time":"2024-03-30T19:59:06+00:00","og_image":[{"width":1200,"height":798,"url":"https:\/\/tuzlainfo.ba\/wp-content\/uploads\/2021\/05\/0505_kamenolom_koncesija_jata.jpg","type":"image\/jpeg"}],"author":"nedim","twitter_card":"summary_large_image","twitter_misc":{"Written by":"nedim","Est. reading time":"3 minute"},"schema":{"@context":"https:\/\/schema.org","@graph":[{"@type":"Article","@id":"https:\/\/tuzlainfo.ba\/index.php\/novosti\/item\/234431-spionica-gradjani-protiv-gradnje-kamenoloma-70-metara-od-njihovih-kuca\/#article","isPartOf":{"@id":"https:\/\/tuzlainfo.ba\/index.php\/novosti\/item\/234431-spionica-gradjani-protiv-gradnje-kamenoloma-70-metara-od-njihovih-kuca\/"},"author":{"name":"nedim","@id":"https:\/\/tuzlainfo.ba\/#\/schema\/person\/f434e20dc27ea133923aab08451b7f7f"},"headline":"\u0160pionica: Gra\u0111ani protiv gradnje kamenoloma 70 metara od njihovih ku\u0107a","datePublished":"2024-03-30T19:59:06+00:00","mainEntityOfPage":{"@id":"https:\/\/tuzlainfo.ba\/index.php\/novosti\/item\/234431-spionica-gradjani-protiv-gradnje-kamenoloma-70-metara-od-njihovih-kuca\/"},"wordCount":558,"publisher":{"@id":"https:\/\/tuzlainfo.ba\/#organization"},"image":{"@id":"https:\/\/tuzlainfo.ba\/index.php\/novosti\/item\/234431-spionica-gradjani-protiv-gradnje-kamenoloma-70-metara-od-njihovih-kuca\/#primaryimage"},"thumbnailUrl":"https:\/\/tuzlainfo.ba\/wp-content\/uploads\/2021\/05\/0505_kamenolom_koncesija_jata.jpg","keywords":["kamenolom","\u0161pionica"],"articleSection":["Istaknuto","Novosti"],"inLanguage":"bs-BA","copyrightYear":"2024","copyrightHolder":{"@id":"https:\/\/tuzlainfo.ba\/#organization"}},{"@type":"WebPage","@id":"https:\/\/tuzlainfo.ba\/index.php\/novosti\/item\/234431-spionica-gradjani-protiv-gradnje-kamenoloma-70-metara-od-njihovih-kuca\/","url":"https:\/\/tuzlainfo.ba\/index.php\/novosti\/item\/234431-spionica-gradjani-protiv-gradnje-kamenoloma-70-metara-od-njihovih-kuca\/","name":"\u0160pionica: Gra\u0111ani protiv gradnje kamenoloma 70 metara od njihovih ku\u0107a","isPartOf":{"@id":"https:\/\/tuzlainfo.ba\/#website"},"primaryImageOfPage":{"@id":"https:\/\/tuzlainfo.ba\/index.php\/novosti\/item\/234431-spionica-gradjani-protiv-gradnje-kamenoloma-70-metara-od-njihovih-kuca\/#primaryimage"},"image":{"@id":"https:\/\/tuzlainfo.ba\/index.php\/novosti\/item\/234431-spionica-gradjani-protiv-gradnje-kamenoloma-70-metara-od-njihovih-kuca\/#primaryimage"},"thumbnailUrl":"https:\/\/tuzlainfo.ba\/wp-content\/uploads\/2021\/05\/0505_kamenolom_koncesija_jata.jpg","datePublished":"2024-03-30T19:59:06+00:00","breadcrumb":{"@id":"https:\/\/tuzlainfo.ba\/index.php\/novosti\/item\/234431-spionica-gradjani-protiv-gradnje-kamenoloma-70-metara-od-njihovih-kuca\/#breadcrumb"},"inLanguage":"bs-BA","potentialAction":[{"@type":"ReadAction","target":["https:\/\/tuzlainfo.ba\/index.php\/novosti\/item\/234431-spionica-gradjani-protiv-gradnje-kamenoloma-70-metara-od-njihovih-kuca\/"]}]},{"@type":"ImageObject","inLanguage":"bs-BA","@id":"https:\/\/tuzlainfo.ba\/index.php\/novosti\/item\/234431-spionica-gradjani-protiv-gradnje-kamenoloma-70-metara-od-njihovih-kuca\/#primaryimage","url":"https:\/\/tuzlainfo.ba\/wp-content\/uploads\/2021\/05\/0505_kamenolom_koncesija_jata.jpg","contentUrl":"https:\/\/tuzlainfo.ba\/wp-content\/uploads\/2021\/05\/0505_kamenolom_koncesija_jata.jpg","width":1200,"height":798,"caption":"Foto: Ilustracija"},{"@type":"BreadcrumbList","@id":"https:\/\/tuzlainfo.ba\/index.php\/novosti\/item\/234431-spionica-gradjani-protiv-gradnje-kamenoloma-70-metara-od-njihovih-kuca\/#breadcrumb","itemListElement":[{"@type":"ListItem","position":1,"name":"Home","item":"https:\/\/tuzlainfo.ba\/"},{"@type":"ListItem","position":2,"name":"\u0160pionica: Gra\u0111ani protiv gradnje kamenoloma 70 metara od njihovih ku\u0107a"}]},{"@type":"WebSite","@id":"https:\/\/tuzlainfo.ba\/#website","url":"https:\/\/tuzlainfo.ba\/","name":"TuzlaInfo.ba","description":"Tuzla info, gradski informator - Tuzla na dlanu","publisher":{"@id":"https:\/\/tuzlainfo.ba\/#organization"},"potentialAction":[{"@type":"SearchAction","target":{"@type":"EntryPoint","urlTemplate":"https:\/\/tuzlainfo.ba\/?s={search_term_string}"},"query-input":{"@type":"PropertyValueSpecification","valueRequired":true,"valueName":"search_term_string"}}],"inLanguage":"bs-BA"},{"@type":"Organization","@id":"https:\/\/tuzlainfo.ba\/#organization","name":"TuzlaInfo.ba","url":"https:\/\/tuzlainfo.ba\/","logo":{"@type":"ImageObject","inLanguage":"bs-BA","@id":"https:\/\/tuzlainfo.ba\/#\/schema\/logo\/image\/","url":"https:\/\/tuzlainfo.ba\/wp-content\/uploads\/2021\/03\/logo-ver-3-1.png","contentUrl":"https:\/\/tuzlainfo.ba\/wp-content\/uploads\/2021\/03\/logo-ver-3-1.png","width":350,"height":95,"caption":"TuzlaInfo.ba"},"image":{"@id":"https:\/\/tuzlainfo.ba\/#\/schema\/logo\/image\/"},"sameAs":["https:\/\/www.facebook.com\/tuzlainfo.ba\/"]},{"@type":"Person","@id":"https:\/\/tuzlainfo.ba\/#\/schema\/person\/f434e20dc27ea133923aab08451b7f7f","name":"nedim","image":{"@type":"ImageObject","inLanguage":"bs-BA","@id":"https:\/\/secure.gravatar.com\/avatar\/5b928a2e7e70a54208d2eb6c1edcb75a5350d6ae97d5f0a701203d456823f6f3?s=96&d=mm&r=g","url":"https:\/\/secure.gravatar.com\/avatar\/5b928a2e7e70a54208d2eb6c1edcb75a5350d6ae97d5f0a701203d456823f6f3?s=96&d=mm&r=g","contentUrl":"https:\/\/secure.gravatar.com\/avatar\/5b928a2e7e70a54208d2eb6c1edcb75a5350d6ae97d5f0a701203d456823f6f3?s=96&d=mm&r=g","caption":"nedim"},"description":"Tuzlainfo.ba pratite na dru\u0161tvenim mre\u017eama: Facebook, Instagram i Youtube. Svoje pri\u010de, upite i fotografije \u0161aljite na na\u0161u e-mail adresu."}]}},"_links":{"self":[{"href":"https:\/\/tuzlainfo.ba\/index.php\/wp-json\/wp\/v2\/posts\/234431","targetHints":{"allow":["GET"]}}],"collection":[{"href":"https:\/\/tuzlainfo.ba\/index.php\/wp-json\/wp\/v2\/posts"}],"about":[{"href":"https:\/\/tuzlainfo.ba\/index.php\/wp-json\/wp\/v2\/types\/post"}],"author":[{"embeddable":true,"href":"https:\/\/tuzlainfo.ba\/index.php\/wp-json\/wp\/v2\/users\/2"}],"replies":[{"embeddable":true,"href":"https:\/\/tuzlainfo.ba\/index.php\/wp-json\/wp\/v2\/comments?post=234431"}],"version-history":[{"count":1,"href":"https:\/\/tuzlainfo.ba\/index.php\/wp-json\/wp\/v2\/posts\/234431\/revisions"}],"predecessor-version":[{"id":234432,"href":"https:\/\/tuzlainfo.ba\/index.php\/wp-json\/wp\/v2\/posts\/234431\/revisions\/234432"}],"wp:featuredmedia":[{"embeddable":true,"href":"https:\/\/tuzlainfo.ba\/index.php\/wp-json\/wp\/v2\/media\/136795"}],"wp:attachment":[{"href":"https:\/\/tuzlainfo.ba\/index.php\/wp-json\/wp\/v2\/media?parent=234431"}],"wp:term":[{"taxonomy":"category","embeddable":true,"href":"https:\/\/tuzlainfo.ba\/index.php\/wp-json\/wp\/v2\/categories?post=234431"},{"taxonomy":"post_tag","embeddable":true,"href":"https:\/\/tuzlainfo.ba\/index.php\/wp-json\/wp\/v2\/tags?post=234431"}],"curies":[{"name":"wp","href":"https:\/\/api.w.org\/{rel}","templated":true}]}}