{"id":234342,"date":"2024-03-29T13:56:35","date_gmt":"2024-03-29T12:56:35","guid":{"rendered":"https:\/\/tuzlainfo.ba\/?p=234342"},"modified":"2024-03-29T13:38:51","modified_gmt":"2024-03-29T12:38:51","slug":"ljetno-racunanje-vremena-od-nedjelje-promjena-termina-tzv-jeftine-i-skupe-struje","status":"publish","type":"post","link":"https:\/\/tuzlainfo.ba\/index.php\/istaknuto\/item\/234342-ljetno-racunanje-vremena-od-nedjelje-promjena-termina-tzv-jeftine-i-skupe-struje\/","title":{"rendered":"Ljetno ra\u010dunanje vremena: Od nedjelje promjena termina tzv. jeftine i skupe struje"},"content":{"rendered":"<p class=\"western\" align=\"justify\"><span lang=\"hr-BA\">Prelaskom na ljetno ra\u010dunanje vremena,\u00a0u nedjelju 31. marta 2024. godine, nastupi\u0107e i promjena u primjeni ve\u0107ih i manjih\u00a0dnevnih tarifnih stavova<\/span> u obra\u010dunu potro\u0161enje elektri\u010dne energije.<\/p>\n<p class=\"western\" align=\"justify\"><span lang=\"hr-BA\">Za doma\u0107instva koja posjeduju dvotarifna brojila, manji dnevni tarifni stavovi primjenjiva\u0107e se <\/span><span lang=\"hr-BA\"><b>radnim danima i subotom u periodima od 14 do 17 sati i od 23 do 8 sati, a nedjeljom cijeli dan.<\/b><\/span><\/p>\n<p class=\"western\" align=\"justify\">\u00a0<span lang=\"hr-BA\">Za ostale kategorije kupaca\u00a0<\/span>JP Elektroprivreda BiH\u00a0\u00a0<span lang=\"hr-HR\">(kupci koji elektri\u010dnu energiju preuzimaju na 110 kV naponu, kupci koji elektri\u010dnu energiju preuzimaju na 35 i 10 (20) kV naponu, ostala potro\u0161nja na 0,4 kV naponu)\u00a0<\/span><span lang=\"hr-BA\">utro\u0161ena<\/span>\u00a0elektri\u010dna<span lang=\"hr-BA\">\u00a0energija obra\u010dunava\u0107e se prema manjoj tarifi (MT)\u00a0 <\/span><span lang=\"hr-BA\"><b>radnim danima u periodu od 23 do 8 sati, a subotom i nedjeljom cijeli dan.<\/b><\/span><b>\u00a0<\/b><\/p>\n<p class=\"western\" align=\"justify\"><span lang=\"en-AU\">Dodatne informacije kupci mogu prona\u0107i na web stranici JP Elektroprivreda BiH (<\/span><span style=\"color: #0000ff;\"><u><a href=\"http:\/\/www.epbih.ba\/\"><span lang=\"en-AU\">www.epbih.ba<\/span><\/a><\/u><\/span><span lang=\"hr-BA\">), dobiti\u00a0<\/span><span lang=\"en-AU\">putem besplatnih brojeva telefona u svim informativnim centrima i na \u0161alterima informacija u elektrodistributivnim dijelovima JP Elektroprivreda BiH.<\/span><\/p>\n<p class=\"western\" align=\"justify\">\n","protected":false},"excerpt":{"rendered":"<p>Prelaskom na ljetno ra\u010dunanje vremena,\u00a0u nedjelju 31. marta 2024. godine, nastupi\u0107e i promjena u primjeni&hellip;<\/p>\n","protected":false},"author":4,"featured_media":85687,"comment_status":"closed","ping_status":"closed","sticky":false,"template":"","format":"standard","meta":{"_acf_changed":false,"footnotes":""},"categories":[304,12],"tags":[1108,3155,5598],"acf":[],"yoast_head":"<!-- This site is optimized with the Yoast SEO plugin v23.5 - https:\/\/yoast.com\/wordpress\/plugins\/seo\/ -->\n<title>Ljetno ra\u010dunanje vremena: Od nedjelje promjena termina tzv. jeftine i skupe struje - TuzlaInfo.ba<\/title>\n<meta name=\"robots\" content=\"index, follow, max-snippet:-1, max-image-preview:large, max-video-preview:-1\" \/>\n<link rel=\"canonical\" href=\"https:\/\/tuzlainfo.ba\/index.php\/istaknuto\/item\/234342-ljetno-racunanje-vremena-od-nedjelje-promjena-termina-tzv-jeftine-i-skupe-struje\/\" \/>\n<meta property=\"og:locale\" content=\"bs_BA\" \/>\n<meta property=\"og:type\" content=\"article\" \/>\n<meta property=\"og:title\" content=\"Ljetno ra\u010dunanje vremena: Od nedjelje promjena termina tzv. jeftine i skupe struje - TuzlaInfo.ba\" \/>\n<meta property=\"og:description\" content=\"Prelaskom na ljetno ra\u010dunanje vremena,\u00a0u nedjelju 31. marta 2024. godine, nastupi\u0107e i promjena u primjeni&hellip;\" \/>\n<meta property=\"og:url\" content=\"https:\/\/tuzlainfo.ba\/index.php\/istaknuto\/item\/234342-ljetno-racunanje-vremena-od-nedjelje-promjena-termina-tzv-jeftine-i-skupe-struje\/\" \/>\n<meta property=\"og:site_name\" content=\"TuzlaInfo.ba\" \/>\n<meta property=\"article:publisher\" content=\"https:\/\/www.facebook.com\/tuzlainfo.ba\/\" \/>\n<meta property=\"article:published_time\" content=\"2024-03-29T12:56:35+00:00\" \/>\n<meta property=\"article:modified_time\" content=\"2024-03-29T12:38:51+00:00\" \/>\n<meta property=\"og:image\" content=\"https:\/\/tuzlainfo.ba\/wp-content\/uploads\/2021\/01\/sadrzaj_2021_20210102_1401_brojilo.jpg\" \/>\n\t<meta property=\"og:image:width\" content=\"770\" \/>\n\t<meta property=\"og:image:height\" content=\"526\" \/>\n\t<meta property=\"og:image:type\" content=\"image\/jpeg\" \/>\n<meta name=\"author\" content=\"Tuzla Info\" \/>\n<meta name=\"twitter:card\" content=\"summary_large_image\" \/>\n<meta name=\"twitter:label1\" content=\"Written by\" \/>\n\t<meta name=\"twitter:data1\" content=\"Tuzla Info\" \/>\n\t<meta name=\"twitter:label2\" content=\"Est. reading time\" \/>\n\t<meta name=\"twitter:data2\" content=\"1 minuta\" \/>\n<script type=\"application\/ld+json\" class=\"yoast-schema-graph\">{\"@context\":\"https:\/\/schema.org\",\"@graph\":[{\"@type\":\"Article\",\"@id\":\"https:\/\/tuzlainfo.ba\/index.php\/istaknuto\/item\/234342-ljetno-racunanje-vremena-od-nedjelje-promjena-termina-tzv-jeftine-i-skupe-struje\/#article\",\"isPartOf\":{\"@id\":\"https:\/\/tuzlainfo.ba\/index.php\/istaknuto\/item\/234342-ljetno-racunanje-vremena-od-nedjelje-promjena-termina-tzv-jeftine-i-skupe-struje\/\"},\"author\":{\"name\":\"Tuzla Info\",\"@id\":\"https:\/\/tuzlainfo.ba\/#\/schema\/person\/46cad4c57790cbc50781edd14870825a\"},\"headline\":\"Ljetno ra\u010dunanje vremena: Od nedjelje promjena termina tzv. jeftine i skupe struje\",\"datePublished\":\"2024-03-29T12:56:35+00:00\",\"dateModified\":\"2024-03-29T12:38:51+00:00\",\"mainEntityOfPage\":{\"@id\":\"https:\/\/tuzlainfo.ba\/index.php\/istaknuto\/item\/234342-ljetno-racunanje-vremena-od-nedjelje-promjena-termina-tzv-jeftine-i-skupe-struje\/\"},\"wordCount\":167,\"publisher\":{\"@id\":\"https:\/\/tuzlainfo.ba\/#organization\"},\"image\":{\"@id\":\"https:\/\/tuzlainfo.ba\/index.php\/istaknuto\/item\/234342-ljetno-racunanje-vremena-od-nedjelje-promjena-termina-tzv-jeftine-i-skupe-struje\/#primaryimage\"},\"thumbnailUrl\":\"https:\/\/tuzlainfo.ba\/wp-content\/uploads\/2021\/01\/sadrzaj_2021_20210102_1401_brojilo.jpg\",\"keywords\":[\"Elektroprivreda BiH\",\"Jeftina struja\",\"skupa struja\"],\"articleSection\":[\"Istaknuto\",\"Novosti\"],\"inLanguage\":\"bs-BA\"},{\"@type\":\"WebPage\",\"@id\":\"https:\/\/tuzlainfo.ba\/index.php\/istaknuto\/item\/234342-ljetno-racunanje-vremena-od-nedjelje-promjena-termina-tzv-jeftine-i-skupe-struje\/\",\"url\":\"https:\/\/tuzlainfo.ba\/index.php\/istaknuto\/item\/234342-ljetno-racunanje-vremena-od-nedjelje-promjena-termina-tzv-jeftine-i-skupe-struje\/\",\"name\":\"Ljetno ra\u010dunanje vremena: Od nedjelje promjena termina tzv. jeftine i skupe struje - TuzlaInfo.ba\",\"isPartOf\":{\"@id\":\"https:\/\/tuzlainfo.ba\/#website\"},\"primaryImageOfPage\":{\"@id\":\"https:\/\/tuzlainfo.ba\/index.php\/istaknuto\/item\/234342-ljetno-racunanje-vremena-od-nedjelje-promjena-termina-tzv-jeftine-i-skupe-struje\/#primaryimage\"},\"image\":{\"@id\":\"https:\/\/tuzlainfo.ba\/index.php\/istaknuto\/item\/234342-ljetno-racunanje-vremena-od-nedjelje-promjena-termina-tzv-jeftine-i-skupe-struje\/#primaryimage\"},\"thumbnailUrl\":\"https:\/\/tuzlainfo.ba\/wp-content\/uploads\/2021\/01\/sadrzaj_2021_20210102_1401_brojilo.jpg\",\"datePublished\":\"2024-03-29T12:56:35+00:00\",\"dateModified\":\"2024-03-29T12:38:51+00:00\",\"breadcrumb\":{\"@id\":\"https:\/\/tuzlainfo.ba\/index.php\/istaknuto\/item\/234342-ljetno-racunanje-vremena-od-nedjelje-promjena-termina-tzv-jeftine-i-skupe-struje\/#breadcrumb\"},\"inLanguage\":\"bs-BA\",\"potentialAction\":[{\"@type\":\"ReadAction\",\"target\":[\"https:\/\/tuzlainfo.ba\/index.php\/istaknuto\/item\/234342-ljetno-racunanje-vremena-od-nedjelje-promjena-termina-tzv-jeftine-i-skupe-struje\/\"]}]},{\"@type\":\"ImageObject\",\"inLanguage\":\"bs-BA\",\"@id\":\"https:\/\/tuzlainfo.ba\/index.php\/istaknuto\/item\/234342-ljetno-racunanje-vremena-od-nedjelje-promjena-termina-tzv-jeftine-i-skupe-struje\/#primaryimage\",\"url\":\"https:\/\/tuzlainfo.ba\/wp-content\/uploads\/2021\/01\/sadrzaj_2021_20210102_1401_brojilo.jpg\",\"contentUrl\":\"https:\/\/tuzlainfo.ba\/wp-content\/uploads\/2021\/01\/sadrzaj_2021_20210102_1401_brojilo.jpg\",\"width\":770,\"height\":526,\"caption\":\"1401 brojilo\"},{\"@type\":\"BreadcrumbList\",\"@id\":\"https:\/\/tuzlainfo.ba\/index.php\/istaknuto\/item\/234342-ljetno-racunanje-vremena-od-nedjelje-promjena-termina-tzv-jeftine-i-skupe-struje\/#breadcrumb\",\"itemListElement\":[{\"@type\":\"ListItem\",\"position\":1,\"name\":\"Home\",\"item\":\"https:\/\/tuzlainfo.ba\/\"},{\"@type\":\"ListItem\",\"position\":2,\"name\":\"Ljetno ra\u010dunanje vremena: Od nedjelje promjena termina tzv. jeftine i skupe struje\"}]},{\"@type\":\"WebSite\",\"@id\":\"https:\/\/tuzlainfo.ba\/#website\",\"url\":\"https:\/\/tuzlainfo.ba\/\",\"name\":\"TuzlaInfo.ba\",\"description\":\"Tuzla info, gradski informator - Tuzla na dlanu\",\"publisher\":{\"@id\":\"https:\/\/tuzlainfo.ba\/#organization\"},\"potentialAction\":[{\"@type\":\"SearchAction\",\"target\":{\"@type\":\"EntryPoint\",\"urlTemplate\":\"https:\/\/tuzlainfo.ba\/?s={search_term_string}\"},\"query-input\":{\"@type\":\"PropertyValueSpecification\",\"valueRequired\":true,\"valueName\":\"search_term_string\"}}],\"inLanguage\":\"bs-BA\"},{\"@type\":\"Organization\",\"@id\":\"https:\/\/tuzlainfo.ba\/#organization\",\"name\":\"TuzlaInfo.ba\",\"url\":\"https:\/\/tuzlainfo.ba\/\",\"logo\":{\"@type\":\"ImageObject\",\"inLanguage\":\"bs-BA\",\"@id\":\"https:\/\/tuzlainfo.ba\/#\/schema\/logo\/image\/\",\"url\":\"https:\/\/tuzlainfo.ba\/wp-content\/uploads\/2021\/03\/logo-ver-3-1.png\",\"contentUrl\":\"https:\/\/tuzlainfo.ba\/wp-content\/uploads\/2021\/03\/logo-ver-3-1.png\",\"width\":350,\"height\":95,\"caption\":\"TuzlaInfo.ba\"},\"image\":{\"@id\":\"https:\/\/tuzlainfo.ba\/#\/schema\/logo\/image\/\"},\"sameAs\":[\"https:\/\/www.facebook.com\/tuzlainfo.ba\/\"]},{\"@type\":\"Person\",\"@id\":\"https:\/\/tuzlainfo.ba\/#\/schema\/person\/46cad4c57790cbc50781edd14870825a\",\"name\":\"Tuzla Info\",\"image\":{\"@type\":\"ImageObject\",\"inLanguage\":\"bs-BA\",\"@id\":\"https:\/\/tuzlainfo.ba\/#\/schema\/person\/image\/\",\"url\":\"https:\/\/tuzlainfo.ba\/wp-content\/litespeed\/avatar\/b6c453a6c38e3654f2e4416c643fc25c.jpg?ver=1777656712\",\"contentUrl\":\"https:\/\/tuzlainfo.ba\/wp-content\/litespeed\/avatar\/b6c453a6c38e3654f2e4416c643fc25c.jpg?ver=1777656712\",\"caption\":\"Tuzla Info\"}}]}<\/script>\n<!-- \/ Yoast SEO plugin. -->","yoast_head_json":{"title":"Ljetno ra\u010dunanje vremena: Od nedjelje promjena termina tzv. jeftine i skupe struje - TuzlaInfo.ba","robots":{"index":"index","follow":"follow","max-snippet":"max-snippet:-1","max-image-preview":"max-image-preview:large","max-video-preview":"max-video-preview:-1"},"canonical":"https:\/\/tuzlainfo.ba\/index.php\/istaknuto\/item\/234342-ljetno-racunanje-vremena-od-nedjelje-promjena-termina-tzv-jeftine-i-skupe-struje\/","og_locale":"bs_BA","og_type":"article","og_title":"Ljetno ra\u010dunanje vremena: Od nedjelje promjena termina tzv. jeftine i skupe struje - TuzlaInfo.ba","og_description":"Prelaskom na ljetno ra\u010dunanje vremena,\u00a0u nedjelju 31. marta 2024. godine, nastupi\u0107e i promjena u primjeni&hellip;","og_url":"https:\/\/tuzlainfo.ba\/index.php\/istaknuto\/item\/234342-ljetno-racunanje-vremena-od-nedjelje-promjena-termina-tzv-jeftine-i-skupe-struje\/","og_site_name":"TuzlaInfo.ba","article_publisher":"https:\/\/www.facebook.com\/tuzlainfo.ba\/","article_published_time":"2024-03-29T12:56:35+00:00","article_modified_time":"2024-03-29T12:38:51+00:00","og_image":[{"width":770,"height":526,"url":"https:\/\/tuzlainfo.ba\/wp-content\/uploads\/2021\/01\/sadrzaj_2021_20210102_1401_brojilo.jpg","type":"image\/jpeg"}],"author":"Tuzla Info","twitter_card":"summary_large_image","twitter_misc":{"Written by":"Tuzla Info","Est. reading time":"1 minuta"},"schema":{"@context":"https:\/\/schema.org","@graph":[{"@type":"Article","@id":"https:\/\/tuzlainfo.ba\/index.php\/istaknuto\/item\/234342-ljetno-racunanje-vremena-od-nedjelje-promjena-termina-tzv-jeftine-i-skupe-struje\/#article","isPartOf":{"@id":"https:\/\/tuzlainfo.ba\/index.php\/istaknuto\/item\/234342-ljetno-racunanje-vremena-od-nedjelje-promjena-termina-tzv-jeftine-i-skupe-struje\/"},"author":{"name":"Tuzla Info","@id":"https:\/\/tuzlainfo.ba\/#\/schema\/person\/46cad4c57790cbc50781edd14870825a"},"headline":"Ljetno ra\u010dunanje vremena: Od nedjelje promjena termina tzv. jeftine i skupe struje","datePublished":"2024-03-29T12:56:35+00:00","dateModified":"2024-03-29T12:38:51+00:00","mainEntityOfPage":{"@id":"https:\/\/tuzlainfo.ba\/index.php\/istaknuto\/item\/234342-ljetno-racunanje-vremena-od-nedjelje-promjena-termina-tzv-jeftine-i-skupe-struje\/"},"wordCount":167,"publisher":{"@id":"https:\/\/tuzlainfo.ba\/#organization"},"image":{"@id":"https:\/\/tuzlainfo.ba\/index.php\/istaknuto\/item\/234342-ljetno-racunanje-vremena-od-nedjelje-promjena-termina-tzv-jeftine-i-skupe-struje\/#primaryimage"},"thumbnailUrl":"https:\/\/tuzlainfo.ba\/wp-content\/uploads\/2021\/01\/sadrzaj_2021_20210102_1401_brojilo.jpg","keywords":["Elektroprivreda BiH","Jeftina struja","skupa struja"],"articleSection":["Istaknuto","Novosti"],"inLanguage":"bs-BA"},{"@type":"WebPage","@id":"https:\/\/tuzlainfo.ba\/index.php\/istaknuto\/item\/234342-ljetno-racunanje-vremena-od-nedjelje-promjena-termina-tzv-jeftine-i-skupe-struje\/","url":"https:\/\/tuzlainfo.ba\/index.php\/istaknuto\/item\/234342-ljetno-racunanje-vremena-od-nedjelje-promjena-termina-tzv-jeftine-i-skupe-struje\/","name":"Ljetno ra\u010dunanje vremena: Od nedjelje promjena termina tzv. jeftine i skupe struje - TuzlaInfo.ba","isPartOf":{"@id":"https:\/\/tuzlainfo.ba\/#website"},"primaryImageOfPage":{"@id":"https:\/\/tuzlainfo.ba\/index.php\/istaknuto\/item\/234342-ljetno-racunanje-vremena-od-nedjelje-promjena-termina-tzv-jeftine-i-skupe-struje\/#primaryimage"},"image":{"@id":"https:\/\/tuzlainfo.ba\/index.php\/istaknuto\/item\/234342-ljetno-racunanje-vremena-od-nedjelje-promjena-termina-tzv-jeftine-i-skupe-struje\/#primaryimage"},"thumbnailUrl":"https:\/\/tuzlainfo.ba\/wp-content\/uploads\/2021\/01\/sadrzaj_2021_20210102_1401_brojilo.jpg","datePublished":"2024-03-29T12:56:35+00:00","dateModified":"2024-03-29T12:38:51+00:00","breadcrumb":{"@id":"https:\/\/tuzlainfo.ba\/index.php\/istaknuto\/item\/234342-ljetno-racunanje-vremena-od-nedjelje-promjena-termina-tzv-jeftine-i-skupe-struje\/#breadcrumb"},"inLanguage":"bs-BA","potentialAction":[{"@type":"ReadAction","target":["https:\/\/tuzlainfo.ba\/index.php\/istaknuto\/item\/234342-ljetno-racunanje-vremena-od-nedjelje-promjena-termina-tzv-jeftine-i-skupe-struje\/"]}]},{"@type":"ImageObject","inLanguage":"bs-BA","@id":"https:\/\/tuzlainfo.ba\/index.php\/istaknuto\/item\/234342-ljetno-racunanje-vremena-od-nedjelje-promjena-termina-tzv-jeftine-i-skupe-struje\/#primaryimage","url":"https:\/\/tuzlainfo.ba\/wp-content\/uploads\/2021\/01\/sadrzaj_2021_20210102_1401_brojilo.jpg","contentUrl":"https:\/\/tuzlainfo.ba\/wp-content\/uploads\/2021\/01\/sadrzaj_2021_20210102_1401_brojilo.jpg","width":770,"height":526,"caption":"1401 brojilo"},{"@type":"BreadcrumbList","@id":"https:\/\/tuzlainfo.ba\/index.php\/istaknuto\/item\/234342-ljetno-racunanje-vremena-od-nedjelje-promjena-termina-tzv-jeftine-i-skupe-struje\/#breadcrumb","itemListElement":[{"@type":"ListItem","position":1,"name":"Home","item":"https:\/\/tuzlainfo.ba\/"},{"@type":"ListItem","position":2,"name":"Ljetno ra\u010dunanje vremena: Od nedjelje promjena termina tzv. jeftine i skupe struje"}]},{"@type":"WebSite","@id":"https:\/\/tuzlainfo.ba\/#website","url":"https:\/\/tuzlainfo.ba\/","name":"TuzlaInfo.ba","description":"Tuzla info, gradski informator - Tuzla na dlanu","publisher":{"@id":"https:\/\/tuzlainfo.ba\/#organization"},"potentialAction":[{"@type":"SearchAction","target":{"@type":"EntryPoint","urlTemplate":"https:\/\/tuzlainfo.ba\/?s={search_term_string}"},"query-input":{"@type":"PropertyValueSpecification","valueRequired":true,"valueName":"search_term_string"}}],"inLanguage":"bs-BA"},{"@type":"Organization","@id":"https:\/\/tuzlainfo.ba\/#organization","name":"TuzlaInfo.ba","url":"https:\/\/tuzlainfo.ba\/","logo":{"@type":"ImageObject","inLanguage":"bs-BA","@id":"https:\/\/tuzlainfo.ba\/#\/schema\/logo\/image\/","url":"https:\/\/tuzlainfo.ba\/wp-content\/uploads\/2021\/03\/logo-ver-3-1.png","contentUrl":"https:\/\/tuzlainfo.ba\/wp-content\/uploads\/2021\/03\/logo-ver-3-1.png","width":350,"height":95,"caption":"TuzlaInfo.ba"},"image":{"@id":"https:\/\/tuzlainfo.ba\/#\/schema\/logo\/image\/"},"sameAs":["https:\/\/www.facebook.com\/tuzlainfo.ba\/"]},{"@type":"Person","@id":"https:\/\/tuzlainfo.ba\/#\/schema\/person\/46cad4c57790cbc50781edd14870825a","name":"Tuzla Info","image":{"@type":"ImageObject","inLanguage":"bs-BA","@id":"https:\/\/tuzlainfo.ba\/#\/schema\/person\/image\/","url":"https:\/\/tuzlainfo.ba\/wp-content\/litespeed\/avatar\/b6c453a6c38e3654f2e4416c643fc25c.jpg?ver=1777656712","contentUrl":"https:\/\/tuzlainfo.ba\/wp-content\/litespeed\/avatar\/b6c453a6c38e3654f2e4416c643fc25c.jpg?ver=1777656712","caption":"Tuzla Info"}}]}},"_links":{"self":[{"href":"https:\/\/tuzlainfo.ba\/index.php\/wp-json\/wp\/v2\/posts\/234342"}],"collection":[{"href":"https:\/\/tuzlainfo.ba\/index.php\/wp-json\/wp\/v2\/posts"}],"about":[{"href":"https:\/\/tuzlainfo.ba\/index.php\/wp-json\/wp\/v2\/types\/post"}],"author":[{"embeddable":true,"href":"https:\/\/tuzlainfo.ba\/index.php\/wp-json\/wp\/v2\/users\/4"}],"replies":[{"embeddable":true,"href":"https:\/\/tuzlainfo.ba\/index.php\/wp-json\/wp\/v2\/comments?post=234342"}],"version-history":[{"count":1,"href":"https:\/\/tuzlainfo.ba\/index.php\/wp-json\/wp\/v2\/posts\/234342\/revisions"}],"predecessor-version":[{"id":234343,"href":"https:\/\/tuzlainfo.ba\/index.php\/wp-json\/wp\/v2\/posts\/234342\/revisions\/234343"}],"wp:featuredmedia":[{"embeddable":true,"href":"https:\/\/tuzlainfo.ba\/index.php\/wp-json\/wp\/v2\/media\/85687"}],"wp:attachment":[{"href":"https:\/\/tuzlainfo.ba\/index.php\/wp-json\/wp\/v2\/media?parent=234342"}],"wp:term":[{"taxonomy":"category","embeddable":true,"href":"https:\/\/tuzlainfo.ba\/index.php\/wp-json\/wp\/v2\/categories?post=234342"},{"taxonomy":"post_tag","embeddable":true,"href":"https:\/\/tuzlainfo.ba\/index.php\/wp-json\/wp\/v2\/tags?post=234342"}],"curies":[{"name":"wp","href":"https:\/\/api.w.org\/{rel}","templated":true}]}}