{"id":234129,"date":"2024-03-27T14:09:05","date_gmt":"2024-03-27T13:09:05","guid":{"rendered":"https:\/\/tuzlainfo.ba\/?p=234129"},"modified":"2024-03-27T12:55:18","modified_gmt":"2024-03-27T11:55:18","slug":"baby-steps-trazi-hitnu-zabrana-akuserskog-nasilja-u-bih","status":"publish","type":"post","link":"https:\/\/tuzlainfo.ba\/index.php\/bosna-i-hercegovina\/item\/234129-baby-steps-trazi-hitnu-zabrana-akuserskog-nasilja-u-bih\/","title":{"rendered":"Baby Steps tra\u017ei hitnu zabrana aku\u0161erskog nasilja u BiH"},"content":{"rendered":"<p><strong>Udru\u017eenje Baby Steps uputilo je Parlamentarnoj skup\u0161tini Bosne i Hercegovine inicijativu kojom se tra\u017ei hitna zabrana aku\u0161erskog nasilja, kao i konkretno pobolj\u0161anje uslova u svim bolnicama i porodili\u0161tima u na\u0161oj zemlji.<\/strong><\/p>\n<p>Naglasili su da porodilje svjedo\u010de da medicinsko osoblje ne samo da uzima novac, nego i odla\u017ee pru\u017eanje zdravstvenih usluga dok ih ne dobije, \u0161to uzrokuje bol, patnju i zdravstvene posljedice, a ponekad se \u010dak i otvoreno ugro\u017eavaju \u017eivoti porodilje i bebe u \u010dekanju mita.<\/p>\n<p>Tvrde da takva pona\u0161anja moraju biti procesuirana te da treba biti poslata jasna poruka: porodili\u0161ta su sigurna mjesta za majke i bebe.<\/p>\n<p>Istakli su va\u017enost hitnog djelovanja u vezi klju\u010dnog pitanja koje zahtijeva pa\u017enju, za\u0161tita porodilja i borba protiv nasilja nad \u017eenama tokom poroda.<\/p>\n<p>Ovaj apel postaje jo\u0161 relevantniji, tvrde iz Udru\u017eenja, s obzirom na nedavno odobrenje za po\u010detak pregovora o pristupanju Evropskoj uniji.<\/p>\n<p><em><strong>&#8220;Na\u0161a porodili\u0161ta su daleko od standarda EU i na tome se mora po\u010deti raditi odmah, jer bez onih koji ostaju i ra\u0111aju u ovoj zemlji progresa nema ni na jednom polju&#8221;, istakli su.<\/strong><\/em><\/p>\n<p>Pored za\u0161tite porodilja, tra\u017ee i unapre\u0111enje uslova u porodili\u0161tima, i to putem omogu\u0107avanja pratnje po izboru porodilje tokom cijelog trajanja poroda.<\/p>\n<p><em><strong>&#8220;Porodilje nas trebaju, a ovo je prilika da svi zajedno radimo br\u017ee i efektnije kako bi sprije\u010dili da nam mlade porodice odlaze vani, da razmi\u0161ljaju ho\u0107e li ra\u0111ati ovdje i ono najtu\u017enije ho\u0107e li i kako pre\u017eivjeti taj porod&#8221;, saop\u0161tili su iz Udru\u017eenja &#8220;Baby Steps&#8221;.<\/strong><\/em><\/p>\n","protected":false},"excerpt":{"rendered":"<p>Udru\u017eenje Baby Steps uputilo je Parlamentarnoj skup\u0161tini Bosne i Hercegovine inicijativu kojom se tra\u017ei hitna&hellip;<\/p>\n","protected":false},"author":2,"featured_media":153875,"comment_status":"closed","ping_status":"closed","sticky":false,"template":"","format":"standard","meta":{"_acf_changed":false,"footnotes":""},"categories":[291,304],"tags":[1948,4819],"acf":[],"yoast_head":"<!-- This site is optimized with the Yoast SEO plugin v23.5 - https:\/\/yoast.com\/wordpress\/plugins\/seo\/ -->\n<title>Baby Steps tra\u017ei hitnu zabrana aku\u0161erskog nasilja u BiH - TuzlaInfo.ba<\/title>\n<meta name=\"robots\" content=\"index, follow, max-snippet:-1, max-image-preview:large, max-video-preview:-1\" \/>\n<link rel=\"canonical\" href=\"https:\/\/tuzlainfo.ba\/index.php\/bosna-i-hercegovina\/item\/234129-baby-steps-trazi-hitnu-zabrana-akuserskog-nasilja-u-bih\/\" \/>\n<meta property=\"og:locale\" content=\"bs_BA\" \/>\n<meta property=\"og:type\" content=\"article\" \/>\n<meta property=\"og:title\" content=\"Baby Steps tra\u017ei hitnu zabrana aku\u0161erskog nasilja u BiH - TuzlaInfo.ba\" \/>\n<meta property=\"og:description\" content=\"Udru\u017eenje Baby Steps uputilo je Parlamentarnoj skup\u0161tini Bosne i Hercegovine inicijativu kojom se tra\u017ei hitna&hellip;\" \/>\n<meta property=\"og:url\" content=\"https:\/\/tuzlainfo.ba\/index.php\/bosna-i-hercegovina\/item\/234129-baby-steps-trazi-hitnu-zabrana-akuserskog-nasilja-u-bih\/\" \/>\n<meta property=\"og:site_name\" content=\"TuzlaInfo.ba\" \/>\n<meta property=\"article:publisher\" content=\"https:\/\/www.facebook.com\/tuzlainfo.ba\/\" \/>\n<meta property=\"article:published_time\" content=\"2024-03-27T13:09:05+00:00\" \/>\n<meta property=\"article:modified_time\" content=\"2024-03-27T11:55:18+00:00\" \/>\n<meta property=\"og:image\" content=\"https:\/\/tuzlainfo.ba\/wp-content\/uploads\/2021\/11\/0911_beba-ruka-i-majka.jpg\" \/>\n\t<meta property=\"og:image:width\" content=\"900\" \/>\n\t<meta property=\"og:image:height\" content=\"599\" \/>\n\t<meta property=\"og:image:type\" content=\"image\/jpeg\" \/>\n<meta name=\"author\" content=\"nedim\" \/>\n<meta name=\"twitter:card\" content=\"summary_large_image\" \/>\n<meta name=\"twitter:label1\" content=\"Written by\" \/>\n\t<meta name=\"twitter:data1\" content=\"nedim\" \/>\n\t<meta name=\"twitter:label2\" content=\"Est. reading time\" \/>\n\t<meta name=\"twitter:data2\" content=\"2 minute\" \/>\n<script type=\"application\/ld+json\" class=\"yoast-schema-graph\">{\"@context\":\"https:\/\/schema.org\",\"@graph\":[{\"@type\":\"Article\",\"@id\":\"https:\/\/tuzlainfo.ba\/index.php\/bosna-i-hercegovina\/item\/234129-baby-steps-trazi-hitnu-zabrana-akuserskog-nasilja-u-bih\/#article\",\"isPartOf\":{\"@id\":\"https:\/\/tuzlainfo.ba\/index.php\/bosna-i-hercegovina\/item\/234129-baby-steps-trazi-hitnu-zabrana-akuserskog-nasilja-u-bih\/\"},\"author\":{\"name\":\"nedim\",\"@id\":\"https:\/\/tuzlainfo.ba\/#\/schema\/person\/f434e20dc27ea133923aab08451b7f7f\"},\"headline\":\"Baby Steps tra\u017ei hitnu zabrana aku\u0161erskog nasilja u BiH\",\"datePublished\":\"2024-03-27T13:09:05+00:00\",\"dateModified\":\"2024-03-27T11:55:18+00:00\",\"mainEntityOfPage\":{\"@id\":\"https:\/\/tuzlainfo.ba\/index.php\/bosna-i-hercegovina\/item\/234129-baby-steps-trazi-hitnu-zabrana-akuserskog-nasilja-u-bih\/\"},\"wordCount\":287,\"publisher\":{\"@id\":\"https:\/\/tuzlainfo.ba\/#organization\"},\"image\":{\"@id\":\"https:\/\/tuzlainfo.ba\/index.php\/bosna-i-hercegovina\/item\/234129-baby-steps-trazi-hitnu-zabrana-akuserskog-nasilja-u-bih\/#primaryimage\"},\"thumbnailUrl\":\"https:\/\/tuzlainfo.ba\/wp-content\/uploads\/2021\/11\/0911_beba-ruka-i-majka.jpg\",\"keywords\":[\"baby steps\",\"udru\u017eenje baby steps\"],\"articleSection\":[\"Bosna i Hercegovina\",\"Istaknuto\"],\"inLanguage\":\"bs-BA\"},{\"@type\":\"WebPage\",\"@id\":\"https:\/\/tuzlainfo.ba\/index.php\/bosna-i-hercegovina\/item\/234129-baby-steps-trazi-hitnu-zabrana-akuserskog-nasilja-u-bih\/\",\"url\":\"https:\/\/tuzlainfo.ba\/index.php\/bosna-i-hercegovina\/item\/234129-baby-steps-trazi-hitnu-zabrana-akuserskog-nasilja-u-bih\/\",\"name\":\"Baby Steps tra\u017ei hitnu zabrana aku\u0161erskog nasilja u BiH - TuzlaInfo.ba\",\"isPartOf\":{\"@id\":\"https:\/\/tuzlainfo.ba\/#website\"},\"primaryImageOfPage\":{\"@id\":\"https:\/\/tuzlainfo.ba\/index.php\/bosna-i-hercegovina\/item\/234129-baby-steps-trazi-hitnu-zabrana-akuserskog-nasilja-u-bih\/#primaryimage\"},\"image\":{\"@id\":\"https:\/\/tuzlainfo.ba\/index.php\/bosna-i-hercegovina\/item\/234129-baby-steps-trazi-hitnu-zabrana-akuserskog-nasilja-u-bih\/#primaryimage\"},\"thumbnailUrl\":\"https:\/\/tuzlainfo.ba\/wp-content\/uploads\/2021\/11\/0911_beba-ruka-i-majka.jpg\",\"datePublished\":\"2024-03-27T13:09:05+00:00\",\"dateModified\":\"2024-03-27T11:55:18+00:00\",\"breadcrumb\":{\"@id\":\"https:\/\/tuzlainfo.ba\/index.php\/bosna-i-hercegovina\/item\/234129-baby-steps-trazi-hitnu-zabrana-akuserskog-nasilja-u-bih\/#breadcrumb\"},\"inLanguage\":\"bs-BA\",\"potentialAction\":[{\"@type\":\"ReadAction\",\"target\":[\"https:\/\/tuzlainfo.ba\/index.php\/bosna-i-hercegovina\/item\/234129-baby-steps-trazi-hitnu-zabrana-akuserskog-nasilja-u-bih\/\"]}]},{\"@type\":\"ImageObject\",\"inLanguage\":\"bs-BA\",\"@id\":\"https:\/\/tuzlainfo.ba\/index.php\/bosna-i-hercegovina\/item\/234129-baby-steps-trazi-hitnu-zabrana-akuserskog-nasilja-u-bih\/#primaryimage\",\"url\":\"https:\/\/tuzlainfo.ba\/wp-content\/uploads\/2021\/11\/0911_beba-ruka-i-majka.jpg\",\"contentUrl\":\"https:\/\/tuzlainfo.ba\/wp-content\/uploads\/2021\/11\/0911_beba-ruka-i-majka.jpg\",\"width\":900,\"height\":599},{\"@type\":\"BreadcrumbList\",\"@id\":\"https:\/\/tuzlainfo.ba\/index.php\/bosna-i-hercegovina\/item\/234129-baby-steps-trazi-hitnu-zabrana-akuserskog-nasilja-u-bih\/#breadcrumb\",\"itemListElement\":[{\"@type\":\"ListItem\",\"position\":1,\"name\":\"Home\",\"item\":\"https:\/\/tuzlainfo.ba\/\"},{\"@type\":\"ListItem\",\"position\":2,\"name\":\"Baby Steps tra\u017ei hitnu zabrana aku\u0161erskog nasilja u BiH\"}]},{\"@type\":\"WebSite\",\"@id\":\"https:\/\/tuzlainfo.ba\/#website\",\"url\":\"https:\/\/tuzlainfo.ba\/\",\"name\":\"TuzlaInfo.ba\",\"description\":\"Tuzla info, gradski informator - Tuzla na dlanu\",\"publisher\":{\"@id\":\"https:\/\/tuzlainfo.ba\/#organization\"},\"potentialAction\":[{\"@type\":\"SearchAction\",\"target\":{\"@type\":\"EntryPoint\",\"urlTemplate\":\"https:\/\/tuzlainfo.ba\/?s={search_term_string}\"},\"query-input\":{\"@type\":\"PropertyValueSpecification\",\"valueRequired\":true,\"valueName\":\"search_term_string\"}}],\"inLanguage\":\"bs-BA\"},{\"@type\":\"Organization\",\"@id\":\"https:\/\/tuzlainfo.ba\/#organization\",\"name\":\"TuzlaInfo.ba\",\"url\":\"https:\/\/tuzlainfo.ba\/\",\"logo\":{\"@type\":\"ImageObject\",\"inLanguage\":\"bs-BA\",\"@id\":\"https:\/\/tuzlainfo.ba\/#\/schema\/logo\/image\/\",\"url\":\"https:\/\/tuzlainfo.ba\/wp-content\/uploads\/2021\/03\/logo-ver-3-1.png\",\"contentUrl\":\"https:\/\/tuzlainfo.ba\/wp-content\/uploads\/2021\/03\/logo-ver-3-1.png\",\"width\":350,\"height\":95,\"caption\":\"TuzlaInfo.ba\"},\"image\":{\"@id\":\"https:\/\/tuzlainfo.ba\/#\/schema\/logo\/image\/\"},\"sameAs\":[\"https:\/\/www.facebook.com\/tuzlainfo.ba\/\"]},{\"@type\":\"Person\",\"@id\":\"https:\/\/tuzlainfo.ba\/#\/schema\/person\/f434e20dc27ea133923aab08451b7f7f\",\"name\":\"nedim\",\"image\":{\"@type\":\"ImageObject\",\"inLanguage\":\"bs-BA\",\"@id\":\"https:\/\/tuzlainfo.ba\/#\/schema\/person\/image\/\",\"url\":\"https:\/\/tuzlainfo.ba\/wp-content\/litespeed\/avatar\/aabad687af24844af817603ac1cbdc4f.jpg?ver=1777306975\",\"contentUrl\":\"https:\/\/tuzlainfo.ba\/wp-content\/litespeed\/avatar\/aabad687af24844af817603ac1cbdc4f.jpg?ver=1777306975\",\"caption\":\"nedim\"},\"description\":\"Tuzlainfo.ba pratite na dru\u0161tvenim mre\u017eama: Facebook, Instagram i Youtube. Svoje pri\u010de, upite i fotografije \u0161aljite na na\u0161u e-mail adresu.\"}]}<\/script>\n<!-- \/ Yoast SEO plugin. -->","yoast_head_json":{"title":"Baby Steps tra\u017ei hitnu zabrana aku\u0161erskog nasilja u BiH - TuzlaInfo.ba","robots":{"index":"index","follow":"follow","max-snippet":"max-snippet:-1","max-image-preview":"max-image-preview:large","max-video-preview":"max-video-preview:-1"},"canonical":"https:\/\/tuzlainfo.ba\/index.php\/bosna-i-hercegovina\/item\/234129-baby-steps-trazi-hitnu-zabrana-akuserskog-nasilja-u-bih\/","og_locale":"bs_BA","og_type":"article","og_title":"Baby Steps tra\u017ei hitnu zabrana aku\u0161erskog nasilja u BiH - TuzlaInfo.ba","og_description":"Udru\u017eenje Baby Steps uputilo je Parlamentarnoj skup\u0161tini Bosne i Hercegovine inicijativu kojom se tra\u017ei hitna&hellip;","og_url":"https:\/\/tuzlainfo.ba\/index.php\/bosna-i-hercegovina\/item\/234129-baby-steps-trazi-hitnu-zabrana-akuserskog-nasilja-u-bih\/","og_site_name":"TuzlaInfo.ba","article_publisher":"https:\/\/www.facebook.com\/tuzlainfo.ba\/","article_published_time":"2024-03-27T13:09:05+00:00","article_modified_time":"2024-03-27T11:55:18+00:00","og_image":[{"width":900,"height":599,"url":"https:\/\/tuzlainfo.ba\/wp-content\/uploads\/2021\/11\/0911_beba-ruka-i-majka.jpg","type":"image\/jpeg"}],"author":"nedim","twitter_card":"summary_large_image","twitter_misc":{"Written by":"nedim","Est. reading time":"2 minute"},"schema":{"@context":"https:\/\/schema.org","@graph":[{"@type":"Article","@id":"https:\/\/tuzlainfo.ba\/index.php\/bosna-i-hercegovina\/item\/234129-baby-steps-trazi-hitnu-zabrana-akuserskog-nasilja-u-bih\/#article","isPartOf":{"@id":"https:\/\/tuzlainfo.ba\/index.php\/bosna-i-hercegovina\/item\/234129-baby-steps-trazi-hitnu-zabrana-akuserskog-nasilja-u-bih\/"},"author":{"name":"nedim","@id":"https:\/\/tuzlainfo.ba\/#\/schema\/person\/f434e20dc27ea133923aab08451b7f7f"},"headline":"Baby Steps tra\u017ei hitnu zabrana aku\u0161erskog nasilja u BiH","datePublished":"2024-03-27T13:09:05+00:00","dateModified":"2024-03-27T11:55:18+00:00","mainEntityOfPage":{"@id":"https:\/\/tuzlainfo.ba\/index.php\/bosna-i-hercegovina\/item\/234129-baby-steps-trazi-hitnu-zabrana-akuserskog-nasilja-u-bih\/"},"wordCount":287,"publisher":{"@id":"https:\/\/tuzlainfo.ba\/#organization"},"image":{"@id":"https:\/\/tuzlainfo.ba\/index.php\/bosna-i-hercegovina\/item\/234129-baby-steps-trazi-hitnu-zabrana-akuserskog-nasilja-u-bih\/#primaryimage"},"thumbnailUrl":"https:\/\/tuzlainfo.ba\/wp-content\/uploads\/2021\/11\/0911_beba-ruka-i-majka.jpg","keywords":["baby steps","udru\u017eenje baby steps"],"articleSection":["Bosna i Hercegovina","Istaknuto"],"inLanguage":"bs-BA"},{"@type":"WebPage","@id":"https:\/\/tuzlainfo.ba\/index.php\/bosna-i-hercegovina\/item\/234129-baby-steps-trazi-hitnu-zabrana-akuserskog-nasilja-u-bih\/","url":"https:\/\/tuzlainfo.ba\/index.php\/bosna-i-hercegovina\/item\/234129-baby-steps-trazi-hitnu-zabrana-akuserskog-nasilja-u-bih\/","name":"Baby Steps tra\u017ei hitnu zabrana aku\u0161erskog nasilja u BiH - TuzlaInfo.ba","isPartOf":{"@id":"https:\/\/tuzlainfo.ba\/#website"},"primaryImageOfPage":{"@id":"https:\/\/tuzlainfo.ba\/index.php\/bosna-i-hercegovina\/item\/234129-baby-steps-trazi-hitnu-zabrana-akuserskog-nasilja-u-bih\/#primaryimage"},"image":{"@id":"https:\/\/tuzlainfo.ba\/index.php\/bosna-i-hercegovina\/item\/234129-baby-steps-trazi-hitnu-zabrana-akuserskog-nasilja-u-bih\/#primaryimage"},"thumbnailUrl":"https:\/\/tuzlainfo.ba\/wp-content\/uploads\/2021\/11\/0911_beba-ruka-i-majka.jpg","datePublished":"2024-03-27T13:09:05+00:00","dateModified":"2024-03-27T11:55:18+00:00","breadcrumb":{"@id":"https:\/\/tuzlainfo.ba\/index.php\/bosna-i-hercegovina\/item\/234129-baby-steps-trazi-hitnu-zabrana-akuserskog-nasilja-u-bih\/#breadcrumb"},"inLanguage":"bs-BA","potentialAction":[{"@type":"ReadAction","target":["https:\/\/tuzlainfo.ba\/index.php\/bosna-i-hercegovina\/item\/234129-baby-steps-trazi-hitnu-zabrana-akuserskog-nasilja-u-bih\/"]}]},{"@type":"ImageObject","inLanguage":"bs-BA","@id":"https:\/\/tuzlainfo.ba\/index.php\/bosna-i-hercegovina\/item\/234129-baby-steps-trazi-hitnu-zabrana-akuserskog-nasilja-u-bih\/#primaryimage","url":"https:\/\/tuzlainfo.ba\/wp-content\/uploads\/2021\/11\/0911_beba-ruka-i-majka.jpg","contentUrl":"https:\/\/tuzlainfo.ba\/wp-content\/uploads\/2021\/11\/0911_beba-ruka-i-majka.jpg","width":900,"height":599},{"@type":"BreadcrumbList","@id":"https:\/\/tuzlainfo.ba\/index.php\/bosna-i-hercegovina\/item\/234129-baby-steps-trazi-hitnu-zabrana-akuserskog-nasilja-u-bih\/#breadcrumb","itemListElement":[{"@type":"ListItem","position":1,"name":"Home","item":"https:\/\/tuzlainfo.ba\/"},{"@type":"ListItem","position":2,"name":"Baby Steps tra\u017ei hitnu zabrana aku\u0161erskog nasilja u BiH"}]},{"@type":"WebSite","@id":"https:\/\/tuzlainfo.ba\/#website","url":"https:\/\/tuzlainfo.ba\/","name":"TuzlaInfo.ba","description":"Tuzla info, gradski informator - Tuzla na dlanu","publisher":{"@id":"https:\/\/tuzlainfo.ba\/#organization"},"potentialAction":[{"@type":"SearchAction","target":{"@type":"EntryPoint","urlTemplate":"https:\/\/tuzlainfo.ba\/?s={search_term_string}"},"query-input":{"@type":"PropertyValueSpecification","valueRequired":true,"valueName":"search_term_string"}}],"inLanguage":"bs-BA"},{"@type":"Organization","@id":"https:\/\/tuzlainfo.ba\/#organization","name":"TuzlaInfo.ba","url":"https:\/\/tuzlainfo.ba\/","logo":{"@type":"ImageObject","inLanguage":"bs-BA","@id":"https:\/\/tuzlainfo.ba\/#\/schema\/logo\/image\/","url":"https:\/\/tuzlainfo.ba\/wp-content\/uploads\/2021\/03\/logo-ver-3-1.png","contentUrl":"https:\/\/tuzlainfo.ba\/wp-content\/uploads\/2021\/03\/logo-ver-3-1.png","width":350,"height":95,"caption":"TuzlaInfo.ba"},"image":{"@id":"https:\/\/tuzlainfo.ba\/#\/schema\/logo\/image\/"},"sameAs":["https:\/\/www.facebook.com\/tuzlainfo.ba\/"]},{"@type":"Person","@id":"https:\/\/tuzlainfo.ba\/#\/schema\/person\/f434e20dc27ea133923aab08451b7f7f","name":"nedim","image":{"@type":"ImageObject","inLanguage":"bs-BA","@id":"https:\/\/tuzlainfo.ba\/#\/schema\/person\/image\/","url":"https:\/\/tuzlainfo.ba\/wp-content\/litespeed\/avatar\/aabad687af24844af817603ac1cbdc4f.jpg?ver=1777306975","contentUrl":"https:\/\/tuzlainfo.ba\/wp-content\/litespeed\/avatar\/aabad687af24844af817603ac1cbdc4f.jpg?ver=1777306975","caption":"nedim"},"description":"Tuzlainfo.ba pratite na dru\u0161tvenim mre\u017eama: Facebook, Instagram i Youtube. Svoje pri\u010de, upite i fotografije \u0161aljite na na\u0161u e-mail adresu."}]}},"_links":{"self":[{"href":"https:\/\/tuzlainfo.ba\/index.php\/wp-json\/wp\/v2\/posts\/234129"}],"collection":[{"href":"https:\/\/tuzlainfo.ba\/index.php\/wp-json\/wp\/v2\/posts"}],"about":[{"href":"https:\/\/tuzlainfo.ba\/index.php\/wp-json\/wp\/v2\/types\/post"}],"author":[{"embeddable":true,"href":"https:\/\/tuzlainfo.ba\/index.php\/wp-json\/wp\/v2\/users\/2"}],"replies":[{"embeddable":true,"href":"https:\/\/tuzlainfo.ba\/index.php\/wp-json\/wp\/v2\/comments?post=234129"}],"version-history":[{"count":1,"href":"https:\/\/tuzlainfo.ba\/index.php\/wp-json\/wp\/v2\/posts\/234129\/revisions"}],"predecessor-version":[{"id":234130,"href":"https:\/\/tuzlainfo.ba\/index.php\/wp-json\/wp\/v2\/posts\/234129\/revisions\/234130"}],"wp:featuredmedia":[{"embeddable":true,"href":"https:\/\/tuzlainfo.ba\/index.php\/wp-json\/wp\/v2\/media\/153875"}],"wp:attachment":[{"href":"https:\/\/tuzlainfo.ba\/index.php\/wp-json\/wp\/v2\/media?parent=234129"}],"wp:term":[{"taxonomy":"category","embeddable":true,"href":"https:\/\/tuzlainfo.ba\/index.php\/wp-json\/wp\/v2\/categories?post=234129"},{"taxonomy":"post_tag","embeddable":true,"href":"https:\/\/tuzlainfo.ba\/index.php\/wp-json\/wp\/v2\/tags?post=234129"}],"curies":[{"name":"wp","href":"https:\/\/api.w.org\/{rel}","templated":true}]}}