{"id":233562,"date":"2024-03-20T20:56:52","date_gmt":"2024-03-20T19:56:52","guid":{"rendered":"https:\/\/tuzlainfo.ba\/?p=233562"},"modified":"2024-03-20T20:56:52","modified_gmt":"2024-03-20T19:56:52","slug":"obnovljena-i-arnaudija-posljednja-od-16-porusenih-banjaluckih-dzamija","status":"publish","type":"post","link":"https:\/\/tuzlainfo.ba\/index.php\/bosna-i-hercegovina\/item\/233562-obnovljena-i-arnaudija-posljednja-od-16-porusenih-banjaluckih-dzamija\/","title":{"rendered":"Obnovljena i Arnaudija, posljednja od 16 poru\u0161enih banjalu\u010dkih d\u017eamija"},"content":{"rendered":"<div id=\"excerpt\" class=\"mt-5 md:mt-0 xl:mt-0 mb-5 font-sans font-semibold text-lg lg:text-xl leading-6 md:leading-7\"><span class=\"lead pt-0\">Arnaudija, posljednja obnovljena banjalu\u010dka d\u017eamija, bit \u0107e sve\u010dano otvorena 7. maja ove godine, na dan njenog ru\u0161enja i Dan d\u017eamija.<\/span><\/div>\n<div id=\"text\" class=\"break-words mt-3 text-lg lg:text-xl space-y-4 mb-3 leading-6 md:leading-8 dark:text-gray-200\">\n<p>Odluka je potvr\u0111ena na dana\u0161njoj prvoj sjednici Organizacionog odbora za sve\u010dano otvorenje Arnaudija d\u017eamije, odr\u017eanoj u Sarajevu, a Rijaset je prihvatio odluku Organizacionog odbora da otvorenje bude 7. maja, na dan njenog ru\u0161enja.<\/p>\n<\/div>\n<p>Jedan od potpisnika Ferhat-pa\u0161ine vakufname, ministar finansija Bosanskog pa\u0161aluka &#8211; defterdar Hasan efendija podigao je 1595. godine ovu potkupolnu d\u017eamiju poznatu pod imenom Arnaudija.<\/p>\n<p>Arnaudija d\u017eamija je jedna od 16 koje su u toku agresije poru\u0161ene u Banjoj Luci.\u00a0 2017. Kamen temeljac za njenu izgradnju je polo\u017een 2017. godine, a d\u017eamija je rekonstruirana u autenti\u010dnom stilu.<\/p>\n","protected":false},"excerpt":{"rendered":"<p>Arnaudija, posljednja obnovljena banjalu\u010dka d\u017eamija, bit \u0107e sve\u010dano otvorena 7. maja ove godine, na dan&hellip;<\/p>\n","protected":false},"author":2,"featured_media":233563,"comment_status":"closed","ping_status":"closed","sticky":false,"template":"","format":"standard","meta":{"_acf_changed":false,"footnotes":""},"categories":[291],"tags":[9811,589],"acf":[],"yoast_head":"<!-- This site is optimized with the Yoast SEO plugin v23.5 - https:\/\/yoast.com\/wordpress\/plugins\/seo\/ -->\n<title>Obnovljena i Arnaudija, posljednja od 16 poru\u0161enih banjalu\u010dkih d\u017eamija - TuzlaInfo.ba<\/title>\n<meta name=\"robots\" content=\"index, follow, max-snippet:-1, max-image-preview:large, max-video-preview:-1\" \/>\n<link rel=\"canonical\" href=\"https:\/\/tuzlainfo.ba\/index.php\/bosna-i-hercegovina\/item\/233562-obnovljena-i-arnaudija-posljednja-od-16-porusenih-banjaluckih-dzamija\/\" \/>\n<meta property=\"og:locale\" content=\"bs_BA\" \/>\n<meta property=\"og:type\" content=\"article\" \/>\n<meta property=\"og:title\" content=\"Obnovljena i Arnaudija, posljednja od 16 poru\u0161enih banjalu\u010dkih d\u017eamija - TuzlaInfo.ba\" \/>\n<meta property=\"og:description\" content=\"Arnaudija, posljednja obnovljena banjalu\u010dka d\u017eamija, bit \u0107e sve\u010dano otvorena 7. maja ove godine, na dan&hellip;\" \/>\n<meta property=\"og:url\" content=\"https:\/\/tuzlainfo.ba\/index.php\/bosna-i-hercegovina\/item\/233562-obnovljena-i-arnaudija-posljednja-od-16-porusenih-banjaluckih-dzamija\/\" \/>\n<meta property=\"og:site_name\" content=\"TuzlaInfo.ba\" \/>\n<meta property=\"article:publisher\" content=\"https:\/\/www.facebook.com\/tuzlainfo.ba\/\" \/>\n<meta property=\"article:published_time\" content=\"2024-03-20T19:56:52+00:00\" \/>\n<meta property=\"og:image\" content=\"https:\/\/tuzlainfo.ba\/wp-content\/uploads\/2024\/03\/2003_arnaudija.jpg\" \/>\n\t<meta property=\"og:image:width\" content=\"927\" \/>\n\t<meta property=\"og:image:height\" content=\"620\" \/>\n\t<meta property=\"og:image:type\" content=\"image\/jpeg\" \/>\n<meta name=\"author\" content=\"nedim\" \/>\n<meta name=\"twitter:card\" content=\"summary_large_image\" \/>\n<meta name=\"twitter:label1\" content=\"Written by\" \/>\n\t<meta name=\"twitter:data1\" content=\"nedim\" \/>\n\t<meta name=\"twitter:label2\" content=\"Est. reading time\" \/>\n\t<meta name=\"twitter:data2\" content=\"1 minuta\" \/>\n<script type=\"application\/ld+json\" class=\"yoast-schema-graph\">{\"@context\":\"https:\/\/schema.org\",\"@graph\":[{\"@type\":\"Article\",\"@id\":\"https:\/\/tuzlainfo.ba\/index.php\/bosna-i-hercegovina\/item\/233562-obnovljena-i-arnaudija-posljednja-od-16-porusenih-banjaluckih-dzamija\/#article\",\"isPartOf\":{\"@id\":\"https:\/\/tuzlainfo.ba\/index.php\/bosna-i-hercegovina\/item\/233562-obnovljena-i-arnaudija-posljednja-od-16-porusenih-banjaluckih-dzamija\/\"},\"author\":{\"name\":\"nedim\",\"@id\":\"https:\/\/tuzlainfo.ba\/#\/schema\/person\/f434e20dc27ea133923aab08451b7f7f\"},\"headline\":\"Obnovljena i Arnaudija, posljednja od 16 poru\u0161enih banjalu\u010dkih d\u017eamija\",\"datePublished\":\"2024-03-20T19:56:52+00:00\",\"dateModified\":\"2024-03-20T19:56:52+00:00\",\"mainEntityOfPage\":{\"@id\":\"https:\/\/tuzlainfo.ba\/index.php\/bosna-i-hercegovina\/item\/233562-obnovljena-i-arnaudija-posljednja-od-16-porusenih-banjaluckih-dzamija\/\"},\"wordCount\":133,\"publisher\":{\"@id\":\"https:\/\/tuzlainfo.ba\/#organization\"},\"image\":{\"@id\":\"https:\/\/tuzlainfo.ba\/index.php\/bosna-i-hercegovina\/item\/233562-obnovljena-i-arnaudija-posljednja-od-16-porusenih-banjaluckih-dzamija\/#primaryimage\"},\"thumbnailUrl\":\"https:\/\/tuzlainfo.ba\/wp-content\/uploads\/2024\/03\/2003_arnaudija.jpg\",\"keywords\":[\"arnaudija\",\"banja luka\"],\"articleSection\":[\"Bosna i Hercegovina\"],\"inLanguage\":\"bs-BA\"},{\"@type\":\"WebPage\",\"@id\":\"https:\/\/tuzlainfo.ba\/index.php\/bosna-i-hercegovina\/item\/233562-obnovljena-i-arnaudija-posljednja-od-16-porusenih-banjaluckih-dzamija\/\",\"url\":\"https:\/\/tuzlainfo.ba\/index.php\/bosna-i-hercegovina\/item\/233562-obnovljena-i-arnaudija-posljednja-od-16-porusenih-banjaluckih-dzamija\/\",\"name\":\"Obnovljena i Arnaudija, posljednja od 16 poru\u0161enih banjalu\u010dkih d\u017eamija - TuzlaInfo.ba\",\"isPartOf\":{\"@id\":\"https:\/\/tuzlainfo.ba\/#website\"},\"primaryImageOfPage\":{\"@id\":\"https:\/\/tuzlainfo.ba\/index.php\/bosna-i-hercegovina\/item\/233562-obnovljena-i-arnaudija-posljednja-od-16-porusenih-banjaluckih-dzamija\/#primaryimage\"},\"image\":{\"@id\":\"https:\/\/tuzlainfo.ba\/index.php\/bosna-i-hercegovina\/item\/233562-obnovljena-i-arnaudija-posljednja-od-16-porusenih-banjaluckih-dzamija\/#primaryimage\"},\"thumbnailUrl\":\"https:\/\/tuzlainfo.ba\/wp-content\/uploads\/2024\/03\/2003_arnaudija.jpg\",\"datePublished\":\"2024-03-20T19:56:52+00:00\",\"dateModified\":\"2024-03-20T19:56:52+00:00\",\"breadcrumb\":{\"@id\":\"https:\/\/tuzlainfo.ba\/index.php\/bosna-i-hercegovina\/item\/233562-obnovljena-i-arnaudija-posljednja-od-16-porusenih-banjaluckih-dzamija\/#breadcrumb\"},\"inLanguage\":\"bs-BA\",\"potentialAction\":[{\"@type\":\"ReadAction\",\"target\":[\"https:\/\/tuzlainfo.ba\/index.php\/bosna-i-hercegovina\/item\/233562-obnovljena-i-arnaudija-posljednja-od-16-porusenih-banjaluckih-dzamija\/\"]}]},{\"@type\":\"ImageObject\",\"inLanguage\":\"bs-BA\",\"@id\":\"https:\/\/tuzlainfo.ba\/index.php\/bosna-i-hercegovina\/item\/233562-obnovljena-i-arnaudija-posljednja-od-16-porusenih-banjaluckih-dzamija\/#primaryimage\",\"url\":\"https:\/\/tuzlainfo.ba\/wp-content\/uploads\/2024\/03\/2003_arnaudija.jpg\",\"contentUrl\":\"https:\/\/tuzlainfo.ba\/wp-content\/uploads\/2024\/03\/2003_arnaudija.jpg\",\"width\":927,\"height\":620},{\"@type\":\"BreadcrumbList\",\"@id\":\"https:\/\/tuzlainfo.ba\/index.php\/bosna-i-hercegovina\/item\/233562-obnovljena-i-arnaudija-posljednja-od-16-porusenih-banjaluckih-dzamija\/#breadcrumb\",\"itemListElement\":[{\"@type\":\"ListItem\",\"position\":1,\"name\":\"Home\",\"item\":\"https:\/\/tuzlainfo.ba\/\"},{\"@type\":\"ListItem\",\"position\":2,\"name\":\"Obnovljena i Arnaudija, posljednja od 16 poru\u0161enih banjalu\u010dkih d\u017eamija\"}]},{\"@type\":\"WebSite\",\"@id\":\"https:\/\/tuzlainfo.ba\/#website\",\"url\":\"https:\/\/tuzlainfo.ba\/\",\"name\":\"TuzlaInfo.ba\",\"description\":\"Tuzla info, gradski informator - Tuzla na dlanu\",\"publisher\":{\"@id\":\"https:\/\/tuzlainfo.ba\/#organization\"},\"potentialAction\":[{\"@type\":\"SearchAction\",\"target\":{\"@type\":\"EntryPoint\",\"urlTemplate\":\"https:\/\/tuzlainfo.ba\/?s={search_term_string}\"},\"query-input\":{\"@type\":\"PropertyValueSpecification\",\"valueRequired\":true,\"valueName\":\"search_term_string\"}}],\"inLanguage\":\"bs-BA\"},{\"@type\":\"Organization\",\"@id\":\"https:\/\/tuzlainfo.ba\/#organization\",\"name\":\"TuzlaInfo.ba\",\"url\":\"https:\/\/tuzlainfo.ba\/\",\"logo\":{\"@type\":\"ImageObject\",\"inLanguage\":\"bs-BA\",\"@id\":\"https:\/\/tuzlainfo.ba\/#\/schema\/logo\/image\/\",\"url\":\"https:\/\/tuzlainfo.ba\/wp-content\/uploads\/2021\/03\/logo-ver-3-1.png\",\"contentUrl\":\"https:\/\/tuzlainfo.ba\/wp-content\/uploads\/2021\/03\/logo-ver-3-1.png\",\"width\":350,\"height\":95,\"caption\":\"TuzlaInfo.ba\"},\"image\":{\"@id\":\"https:\/\/tuzlainfo.ba\/#\/schema\/logo\/image\/\"},\"sameAs\":[\"https:\/\/www.facebook.com\/tuzlainfo.ba\/\"]},{\"@type\":\"Person\",\"@id\":\"https:\/\/tuzlainfo.ba\/#\/schema\/person\/f434e20dc27ea133923aab08451b7f7f\",\"name\":\"nedim\",\"image\":{\"@type\":\"ImageObject\",\"inLanguage\":\"bs-BA\",\"@id\":\"https:\/\/tuzlainfo.ba\/#\/schema\/person\/image\/\",\"url\":\"https:\/\/tuzlainfo.ba\/wp-content\/litespeed\/avatar\/aabad687af24844af817603ac1cbdc4f.jpg?ver=1777306975\",\"contentUrl\":\"https:\/\/tuzlainfo.ba\/wp-content\/litespeed\/avatar\/aabad687af24844af817603ac1cbdc4f.jpg?ver=1777306975\",\"caption\":\"nedim\"},\"description\":\"Tuzlainfo.ba pratite na dru\u0161tvenim mre\u017eama: Facebook, Instagram i Youtube. Svoje pri\u010de, upite i fotografije \u0161aljite na na\u0161u e-mail adresu.\"}]}<\/script>\n<!-- \/ Yoast SEO plugin. -->","yoast_head_json":{"title":"Obnovljena i Arnaudija, posljednja od 16 poru\u0161enih banjalu\u010dkih d\u017eamija - TuzlaInfo.ba","robots":{"index":"index","follow":"follow","max-snippet":"max-snippet:-1","max-image-preview":"max-image-preview:large","max-video-preview":"max-video-preview:-1"},"canonical":"https:\/\/tuzlainfo.ba\/index.php\/bosna-i-hercegovina\/item\/233562-obnovljena-i-arnaudija-posljednja-od-16-porusenih-banjaluckih-dzamija\/","og_locale":"bs_BA","og_type":"article","og_title":"Obnovljena i Arnaudija, posljednja od 16 poru\u0161enih banjalu\u010dkih d\u017eamija - TuzlaInfo.ba","og_description":"Arnaudija, posljednja obnovljena banjalu\u010dka d\u017eamija, bit \u0107e sve\u010dano otvorena 7. maja ove godine, na dan&hellip;","og_url":"https:\/\/tuzlainfo.ba\/index.php\/bosna-i-hercegovina\/item\/233562-obnovljena-i-arnaudija-posljednja-od-16-porusenih-banjaluckih-dzamija\/","og_site_name":"TuzlaInfo.ba","article_publisher":"https:\/\/www.facebook.com\/tuzlainfo.ba\/","article_published_time":"2024-03-20T19:56:52+00:00","og_image":[{"width":927,"height":620,"url":"https:\/\/tuzlainfo.ba\/wp-content\/uploads\/2024\/03\/2003_arnaudija.jpg","type":"image\/jpeg"}],"author":"nedim","twitter_card":"summary_large_image","twitter_misc":{"Written by":"nedim","Est. reading time":"1 minuta"},"schema":{"@context":"https:\/\/schema.org","@graph":[{"@type":"Article","@id":"https:\/\/tuzlainfo.ba\/index.php\/bosna-i-hercegovina\/item\/233562-obnovljena-i-arnaudija-posljednja-od-16-porusenih-banjaluckih-dzamija\/#article","isPartOf":{"@id":"https:\/\/tuzlainfo.ba\/index.php\/bosna-i-hercegovina\/item\/233562-obnovljena-i-arnaudija-posljednja-od-16-porusenih-banjaluckih-dzamija\/"},"author":{"name":"nedim","@id":"https:\/\/tuzlainfo.ba\/#\/schema\/person\/f434e20dc27ea133923aab08451b7f7f"},"headline":"Obnovljena i Arnaudija, posljednja od 16 poru\u0161enih banjalu\u010dkih d\u017eamija","datePublished":"2024-03-20T19:56:52+00:00","dateModified":"2024-03-20T19:56:52+00:00","mainEntityOfPage":{"@id":"https:\/\/tuzlainfo.ba\/index.php\/bosna-i-hercegovina\/item\/233562-obnovljena-i-arnaudija-posljednja-od-16-porusenih-banjaluckih-dzamija\/"},"wordCount":133,"publisher":{"@id":"https:\/\/tuzlainfo.ba\/#organization"},"image":{"@id":"https:\/\/tuzlainfo.ba\/index.php\/bosna-i-hercegovina\/item\/233562-obnovljena-i-arnaudija-posljednja-od-16-porusenih-banjaluckih-dzamija\/#primaryimage"},"thumbnailUrl":"https:\/\/tuzlainfo.ba\/wp-content\/uploads\/2024\/03\/2003_arnaudija.jpg","keywords":["arnaudija","banja luka"],"articleSection":["Bosna i Hercegovina"],"inLanguage":"bs-BA"},{"@type":"WebPage","@id":"https:\/\/tuzlainfo.ba\/index.php\/bosna-i-hercegovina\/item\/233562-obnovljena-i-arnaudija-posljednja-od-16-porusenih-banjaluckih-dzamija\/","url":"https:\/\/tuzlainfo.ba\/index.php\/bosna-i-hercegovina\/item\/233562-obnovljena-i-arnaudija-posljednja-od-16-porusenih-banjaluckih-dzamija\/","name":"Obnovljena i Arnaudija, posljednja od 16 poru\u0161enih banjalu\u010dkih d\u017eamija - TuzlaInfo.ba","isPartOf":{"@id":"https:\/\/tuzlainfo.ba\/#website"},"primaryImageOfPage":{"@id":"https:\/\/tuzlainfo.ba\/index.php\/bosna-i-hercegovina\/item\/233562-obnovljena-i-arnaudija-posljednja-od-16-porusenih-banjaluckih-dzamija\/#primaryimage"},"image":{"@id":"https:\/\/tuzlainfo.ba\/index.php\/bosna-i-hercegovina\/item\/233562-obnovljena-i-arnaudija-posljednja-od-16-porusenih-banjaluckih-dzamija\/#primaryimage"},"thumbnailUrl":"https:\/\/tuzlainfo.ba\/wp-content\/uploads\/2024\/03\/2003_arnaudija.jpg","datePublished":"2024-03-20T19:56:52+00:00","dateModified":"2024-03-20T19:56:52+00:00","breadcrumb":{"@id":"https:\/\/tuzlainfo.ba\/index.php\/bosna-i-hercegovina\/item\/233562-obnovljena-i-arnaudija-posljednja-od-16-porusenih-banjaluckih-dzamija\/#breadcrumb"},"inLanguage":"bs-BA","potentialAction":[{"@type":"ReadAction","target":["https:\/\/tuzlainfo.ba\/index.php\/bosna-i-hercegovina\/item\/233562-obnovljena-i-arnaudija-posljednja-od-16-porusenih-banjaluckih-dzamija\/"]}]},{"@type":"ImageObject","inLanguage":"bs-BA","@id":"https:\/\/tuzlainfo.ba\/index.php\/bosna-i-hercegovina\/item\/233562-obnovljena-i-arnaudija-posljednja-od-16-porusenih-banjaluckih-dzamija\/#primaryimage","url":"https:\/\/tuzlainfo.ba\/wp-content\/uploads\/2024\/03\/2003_arnaudija.jpg","contentUrl":"https:\/\/tuzlainfo.ba\/wp-content\/uploads\/2024\/03\/2003_arnaudija.jpg","width":927,"height":620},{"@type":"BreadcrumbList","@id":"https:\/\/tuzlainfo.ba\/index.php\/bosna-i-hercegovina\/item\/233562-obnovljena-i-arnaudija-posljednja-od-16-porusenih-banjaluckih-dzamija\/#breadcrumb","itemListElement":[{"@type":"ListItem","position":1,"name":"Home","item":"https:\/\/tuzlainfo.ba\/"},{"@type":"ListItem","position":2,"name":"Obnovljena i Arnaudija, posljednja od 16 poru\u0161enih banjalu\u010dkih d\u017eamija"}]},{"@type":"WebSite","@id":"https:\/\/tuzlainfo.ba\/#website","url":"https:\/\/tuzlainfo.ba\/","name":"TuzlaInfo.ba","description":"Tuzla info, gradski informator - Tuzla na dlanu","publisher":{"@id":"https:\/\/tuzlainfo.ba\/#organization"},"potentialAction":[{"@type":"SearchAction","target":{"@type":"EntryPoint","urlTemplate":"https:\/\/tuzlainfo.ba\/?s={search_term_string}"},"query-input":{"@type":"PropertyValueSpecification","valueRequired":true,"valueName":"search_term_string"}}],"inLanguage":"bs-BA"},{"@type":"Organization","@id":"https:\/\/tuzlainfo.ba\/#organization","name":"TuzlaInfo.ba","url":"https:\/\/tuzlainfo.ba\/","logo":{"@type":"ImageObject","inLanguage":"bs-BA","@id":"https:\/\/tuzlainfo.ba\/#\/schema\/logo\/image\/","url":"https:\/\/tuzlainfo.ba\/wp-content\/uploads\/2021\/03\/logo-ver-3-1.png","contentUrl":"https:\/\/tuzlainfo.ba\/wp-content\/uploads\/2021\/03\/logo-ver-3-1.png","width":350,"height":95,"caption":"TuzlaInfo.ba"},"image":{"@id":"https:\/\/tuzlainfo.ba\/#\/schema\/logo\/image\/"},"sameAs":["https:\/\/www.facebook.com\/tuzlainfo.ba\/"]},{"@type":"Person","@id":"https:\/\/tuzlainfo.ba\/#\/schema\/person\/f434e20dc27ea133923aab08451b7f7f","name":"nedim","image":{"@type":"ImageObject","inLanguage":"bs-BA","@id":"https:\/\/tuzlainfo.ba\/#\/schema\/person\/image\/","url":"https:\/\/tuzlainfo.ba\/wp-content\/litespeed\/avatar\/aabad687af24844af817603ac1cbdc4f.jpg?ver=1777306975","contentUrl":"https:\/\/tuzlainfo.ba\/wp-content\/litespeed\/avatar\/aabad687af24844af817603ac1cbdc4f.jpg?ver=1777306975","caption":"nedim"},"description":"Tuzlainfo.ba pratite na dru\u0161tvenim mre\u017eama: Facebook, Instagram i Youtube. Svoje pri\u010de, upite i fotografije \u0161aljite na na\u0161u e-mail adresu."}]}},"_links":{"self":[{"href":"https:\/\/tuzlainfo.ba\/index.php\/wp-json\/wp\/v2\/posts\/233562"}],"collection":[{"href":"https:\/\/tuzlainfo.ba\/index.php\/wp-json\/wp\/v2\/posts"}],"about":[{"href":"https:\/\/tuzlainfo.ba\/index.php\/wp-json\/wp\/v2\/types\/post"}],"author":[{"embeddable":true,"href":"https:\/\/tuzlainfo.ba\/index.php\/wp-json\/wp\/v2\/users\/2"}],"replies":[{"embeddable":true,"href":"https:\/\/tuzlainfo.ba\/index.php\/wp-json\/wp\/v2\/comments?post=233562"}],"version-history":[{"count":1,"href":"https:\/\/tuzlainfo.ba\/index.php\/wp-json\/wp\/v2\/posts\/233562\/revisions"}],"predecessor-version":[{"id":233564,"href":"https:\/\/tuzlainfo.ba\/index.php\/wp-json\/wp\/v2\/posts\/233562\/revisions\/233564"}],"wp:featuredmedia":[{"embeddable":true,"href":"https:\/\/tuzlainfo.ba\/index.php\/wp-json\/wp\/v2\/media\/233563"}],"wp:attachment":[{"href":"https:\/\/tuzlainfo.ba\/index.php\/wp-json\/wp\/v2\/media?parent=233562"}],"wp:term":[{"taxonomy":"category","embeddable":true,"href":"https:\/\/tuzlainfo.ba\/index.php\/wp-json\/wp\/v2\/categories?post=233562"},{"taxonomy":"post_tag","embeddable":true,"href":"https:\/\/tuzlainfo.ba\/index.php\/wp-json\/wp\/v2\/tags?post=233562"}],"curies":[{"name":"wp","href":"https:\/\/api.w.org\/{rel}","templated":true}]}}