{"id":233474,"date":"2024-03-20T14:10:41","date_gmt":"2024-03-20T13:10:41","guid":{"rendered":"https:\/\/tuzlainfo.ba\/?p=233474"},"modified":"2024-03-20T14:33:40","modified_gmt":"2024-03-20T13:33:40","slug":"ilic-kada-je-sdp-bih-na-vlasti-tuzla-dobija-mjesto-koje-zasluzuje","status":"publish","type":"post","link":"https:\/\/tuzlainfo.ba\/index.php\/istaknuto\/item\/233474-ilic-kada-je-sdp-bih-na-vlasti-tuzla-dobija-mjesto-koje-zasluzuje\/","title":{"rendered":"Ili\u0107: Kada je SDP BiH na vlasti, Tuzla dobija mjesto koje zaslu\u017euje"},"content":{"rendered":"<p>Na sjednici je Vlada FBiH donijela je odluku o usvajanju programa utro\u0161ka sredstava \u201cKapitalni transferi javnim poduze\u0107ima-transfer za izgradnju autocesta, brzih cesta, magistralnih i drugih cesta\u201d utvr\u0111enog bud\u017eetom FBiH za 2024.godinu federalnom ministarstvu prometa i komunikacija. Navedenom odlukom planirana je izgradnja \u201cJu\u017ene saobra\u0107ajnice\u201d u Tuzli, dionica \u0160i selo \u2013 Slavinovi\u0107i, I faza (nastavak od Prin\u010deve d\u017eamije), implementator JP Ceste Federacije BiH d.o.o. Sarajevo u iznosu od 2.500.000,00 KM.<\/p>\n<p>Namjena ovih sredstava u strukturi podobnih rashoda za ovaj projekat: eksproprijacija: 2.500.000,00 KM.<\/p>\n<p>\u02ddOvom prilikom u ime GO SDP BiH Tuzla zahvaljujemo se premijeru FBiH Nerminu Nik\u0161i\u0107u (SDP) kao i federalnom ministru energije, rudarstva i industrije iz Tuzle, Vedranu Laki\u0107u (SDP) koji su jo\u0161 jednom pokazali da kada je SDP BiH na vlasti, Tuzla dobija mjesto koje zaslu\u017euje kada su u pitanju zna\u010dajni federalni projekti za bolji i kvalitetniji \u017eivot na\u0161ih sugra\u0111anki i sugra\u0111ana\u02dd, rekao je predsjednik Gradske organizacije SDP-a Tuzla Sla\u0111an Ili\u0107, stoji u saop\u0107enju.<\/p>\n","protected":false},"excerpt":{"rendered":"<p>Na sjednici je Vlada FBiH donijela je odluku o usvajanju programa utro\u0161ka sredstava \u201cKapitalni transferi&hellip;<\/p>\n","protected":false},"author":4,"featured_media":184232,"comment_status":"closed","ping_status":"closed","sticky":false,"template":"","format":"standard","meta":{"_acf_changed":false,"footnotes":""},"categories":[304,12],"tags":[1060,1627],"acf":[],"yoast_head":"<!-- This site is optimized with the Yoast SEO plugin v23.5 - https:\/\/yoast.com\/wordpress\/plugins\/seo\/ -->\n<title>Ili\u0107: Kada je SDP BiH na vlasti, Tuzla dobija mjesto koje zaslu\u017euje - TuzlaInfo.ba<\/title>\n<meta name=\"robots\" content=\"index, follow, max-snippet:-1, max-image-preview:large, max-video-preview:-1\" \/>\n<link rel=\"canonical\" href=\"https:\/\/tuzlainfo.ba\/index.php\/novosti\/item\/233474-ilic-kada-je-sdp-bih-na-vlasti-tuzla-dobija-mjesto-koje-zasluzuje\/\" \/>\n<meta property=\"og:locale\" content=\"bs_BA\" \/>\n<meta property=\"og:type\" content=\"article\" \/>\n<meta property=\"og:title\" content=\"Ili\u0107: Kada je SDP BiH na vlasti, Tuzla dobija mjesto koje zaslu\u017euje - TuzlaInfo.ba\" \/>\n<meta property=\"og:description\" content=\"Na sjednici je Vlada FBiH donijela je odluku o usvajanju programa utro\u0161ka sredstava \u201cKapitalni transferi&hellip;\" \/>\n<meta property=\"og:url\" content=\"https:\/\/tuzlainfo.ba\/index.php\/novosti\/item\/233474-ilic-kada-je-sdp-bih-na-vlasti-tuzla-dobija-mjesto-koje-zasluzuje\/\" \/>\n<meta property=\"og:site_name\" content=\"TuzlaInfo.ba\" \/>\n<meta property=\"article:publisher\" content=\"https:\/\/www.facebook.com\/tuzlainfo.ba\/\" \/>\n<meta property=\"article:published_time\" content=\"2024-03-20T13:10:41+00:00\" \/>\n<meta property=\"article:modified_time\" content=\"2024-03-20T13:33:40+00:00\" \/>\n<meta property=\"og:image\" content=\"https:\/\/tuzlainfo.ba\/wp-content\/uploads\/2022\/09\/sladjan-ilic.jpg\" \/>\n\t<meta property=\"og:image:width\" content=\"800\" \/>\n\t<meta property=\"og:image:height\" content=\"533\" \/>\n\t<meta property=\"og:image:type\" content=\"image\/jpeg\" \/>\n<meta name=\"author\" content=\"Tuzla Info\" \/>\n<meta name=\"twitter:card\" content=\"summary_large_image\" \/>\n<meta name=\"twitter:label1\" content=\"Written by\" \/>\n\t<meta name=\"twitter:data1\" content=\"Tuzla Info\" \/>\n\t<meta name=\"twitter:label2\" content=\"Est. reading time\" \/>\n\t<meta name=\"twitter:data2\" content=\"1 minuta\" \/>\n<script type=\"application\/ld+json\" class=\"yoast-schema-graph\">{\"@context\":\"https:\/\/schema.org\",\"@graph\":[{\"@type\":\"Article\",\"@id\":\"https:\/\/tuzlainfo.ba\/index.php\/novosti\/item\/233474-ilic-kada-je-sdp-bih-na-vlasti-tuzla-dobija-mjesto-koje-zasluzuje\/#article\",\"isPartOf\":{\"@id\":\"https:\/\/tuzlainfo.ba\/index.php\/novosti\/item\/233474-ilic-kada-je-sdp-bih-na-vlasti-tuzla-dobija-mjesto-koje-zasluzuje\/\"},\"author\":{\"name\":\"Tuzla Info\",\"@id\":\"https:\/\/tuzlainfo.ba\/#\/schema\/person\/46cad4c57790cbc50781edd14870825a\"},\"headline\":\"Ili\u0107: Kada je SDP BiH na vlasti, Tuzla dobija mjesto koje zaslu\u017euje\",\"datePublished\":\"2024-03-20T13:10:41+00:00\",\"dateModified\":\"2024-03-20T13:33:40+00:00\",\"mainEntityOfPage\":{\"@id\":\"https:\/\/tuzlainfo.ba\/index.php\/novosti\/item\/233474-ilic-kada-je-sdp-bih-na-vlasti-tuzla-dobija-mjesto-koje-zasluzuje\/\"},\"wordCount\":185,\"publisher\":{\"@id\":\"https:\/\/tuzlainfo.ba\/#organization\"},\"image\":{\"@id\":\"https:\/\/tuzlainfo.ba\/index.php\/novosti\/item\/233474-ilic-kada-je-sdp-bih-na-vlasti-tuzla-dobija-mjesto-koje-zasluzuje\/#primaryimage\"},\"thumbnailUrl\":\"https:\/\/tuzlainfo.ba\/wp-content\/uploads\/2022\/09\/sladjan-ilic.jpg\",\"keywords\":[\"SDP\",\"sla\u0111an ili\u0107\"],\"articleSection\":[\"Istaknuto\",\"Novosti\"],\"inLanguage\":\"bs-BA\"},{\"@type\":\"WebPage\",\"@id\":\"https:\/\/tuzlainfo.ba\/index.php\/novosti\/item\/233474-ilic-kada-je-sdp-bih-na-vlasti-tuzla-dobija-mjesto-koje-zasluzuje\/\",\"url\":\"https:\/\/tuzlainfo.ba\/index.php\/novosti\/item\/233474-ilic-kada-je-sdp-bih-na-vlasti-tuzla-dobija-mjesto-koje-zasluzuje\/\",\"name\":\"Ili\u0107: Kada je SDP BiH na vlasti, Tuzla dobija mjesto koje zaslu\u017euje - TuzlaInfo.ba\",\"isPartOf\":{\"@id\":\"https:\/\/tuzlainfo.ba\/#website\"},\"primaryImageOfPage\":{\"@id\":\"https:\/\/tuzlainfo.ba\/index.php\/novosti\/item\/233474-ilic-kada-je-sdp-bih-na-vlasti-tuzla-dobija-mjesto-koje-zasluzuje\/#primaryimage\"},\"image\":{\"@id\":\"https:\/\/tuzlainfo.ba\/index.php\/novosti\/item\/233474-ilic-kada-je-sdp-bih-na-vlasti-tuzla-dobija-mjesto-koje-zasluzuje\/#primaryimage\"},\"thumbnailUrl\":\"https:\/\/tuzlainfo.ba\/wp-content\/uploads\/2022\/09\/sladjan-ilic.jpg\",\"datePublished\":\"2024-03-20T13:10:41+00:00\",\"dateModified\":\"2024-03-20T13:33:40+00:00\",\"breadcrumb\":{\"@id\":\"https:\/\/tuzlainfo.ba\/index.php\/novosti\/item\/233474-ilic-kada-je-sdp-bih-na-vlasti-tuzla-dobija-mjesto-koje-zasluzuje\/#breadcrumb\"},\"inLanguage\":\"bs-BA\",\"potentialAction\":[{\"@type\":\"ReadAction\",\"target\":[\"https:\/\/tuzlainfo.ba\/index.php\/novosti\/item\/233474-ilic-kada-je-sdp-bih-na-vlasti-tuzla-dobija-mjesto-koje-zasluzuje\/\"]}]},{\"@type\":\"ImageObject\",\"inLanguage\":\"bs-BA\",\"@id\":\"https:\/\/tuzlainfo.ba\/index.php\/novosti\/item\/233474-ilic-kada-je-sdp-bih-na-vlasti-tuzla-dobija-mjesto-koje-zasluzuje\/#primaryimage\",\"url\":\"https:\/\/tuzlainfo.ba\/wp-content\/uploads\/2022\/09\/sladjan-ilic.jpg\",\"contentUrl\":\"https:\/\/tuzlainfo.ba\/wp-content\/uploads\/2022\/09\/sladjan-ilic.jpg\",\"width\":800,\"height\":533},{\"@type\":\"BreadcrumbList\",\"@id\":\"https:\/\/tuzlainfo.ba\/index.php\/novosti\/item\/233474-ilic-kada-je-sdp-bih-na-vlasti-tuzla-dobija-mjesto-koje-zasluzuje\/#breadcrumb\",\"itemListElement\":[{\"@type\":\"ListItem\",\"position\":1,\"name\":\"Home\",\"item\":\"https:\/\/tuzlainfo.ba\/\"},{\"@type\":\"ListItem\",\"position\":2,\"name\":\"Ili\u0107: Kada je SDP BiH na vlasti, Tuzla dobija mjesto koje zaslu\u017euje\"}]},{\"@type\":\"WebSite\",\"@id\":\"https:\/\/tuzlainfo.ba\/#website\",\"url\":\"https:\/\/tuzlainfo.ba\/\",\"name\":\"TuzlaInfo.ba\",\"description\":\"Tuzla info, gradski informator - Tuzla na dlanu\",\"publisher\":{\"@id\":\"https:\/\/tuzlainfo.ba\/#organization\"},\"potentialAction\":[{\"@type\":\"SearchAction\",\"target\":{\"@type\":\"EntryPoint\",\"urlTemplate\":\"https:\/\/tuzlainfo.ba\/?s={search_term_string}\"},\"query-input\":{\"@type\":\"PropertyValueSpecification\",\"valueRequired\":true,\"valueName\":\"search_term_string\"}}],\"inLanguage\":\"bs-BA\"},{\"@type\":\"Organization\",\"@id\":\"https:\/\/tuzlainfo.ba\/#organization\",\"name\":\"TuzlaInfo.ba\",\"url\":\"https:\/\/tuzlainfo.ba\/\",\"logo\":{\"@type\":\"ImageObject\",\"inLanguage\":\"bs-BA\",\"@id\":\"https:\/\/tuzlainfo.ba\/#\/schema\/logo\/image\/\",\"url\":\"https:\/\/tuzlainfo.ba\/wp-content\/uploads\/2021\/03\/logo-ver-3-1.png\",\"contentUrl\":\"https:\/\/tuzlainfo.ba\/wp-content\/uploads\/2021\/03\/logo-ver-3-1.png\",\"width\":350,\"height\":95,\"caption\":\"TuzlaInfo.ba\"},\"image\":{\"@id\":\"https:\/\/tuzlainfo.ba\/#\/schema\/logo\/image\/\"},\"sameAs\":[\"https:\/\/www.facebook.com\/tuzlainfo.ba\/\"]},{\"@type\":\"Person\",\"@id\":\"https:\/\/tuzlainfo.ba\/#\/schema\/person\/46cad4c57790cbc50781edd14870825a\",\"name\":\"Tuzla Info\",\"image\":{\"@type\":\"ImageObject\",\"inLanguage\":\"bs-BA\",\"@id\":\"https:\/\/tuzlainfo.ba\/#\/schema\/person\/image\/\",\"url\":\"https:\/\/tuzlainfo.ba\/wp-content\/litespeed\/avatar\/b6c453a6c38e3654f2e4416c643fc25c.jpg?ver=1777051911\",\"contentUrl\":\"https:\/\/tuzlainfo.ba\/wp-content\/litespeed\/avatar\/b6c453a6c38e3654f2e4416c643fc25c.jpg?ver=1777051911\",\"caption\":\"Tuzla Info\"}}]}<\/script>\n<!-- \/ Yoast SEO plugin. -->","yoast_head_json":{"title":"Ili\u0107: Kada je SDP BiH na vlasti, Tuzla dobija mjesto koje zaslu\u017euje - TuzlaInfo.ba","robots":{"index":"index","follow":"follow","max-snippet":"max-snippet:-1","max-image-preview":"max-image-preview:large","max-video-preview":"max-video-preview:-1"},"canonical":"https:\/\/tuzlainfo.ba\/index.php\/novosti\/item\/233474-ilic-kada-je-sdp-bih-na-vlasti-tuzla-dobija-mjesto-koje-zasluzuje\/","og_locale":"bs_BA","og_type":"article","og_title":"Ili\u0107: Kada je SDP BiH na vlasti, Tuzla dobija mjesto koje zaslu\u017euje - TuzlaInfo.ba","og_description":"Na sjednici je Vlada FBiH donijela je odluku o usvajanju programa utro\u0161ka sredstava \u201cKapitalni transferi&hellip;","og_url":"https:\/\/tuzlainfo.ba\/index.php\/novosti\/item\/233474-ilic-kada-je-sdp-bih-na-vlasti-tuzla-dobija-mjesto-koje-zasluzuje\/","og_site_name":"TuzlaInfo.ba","article_publisher":"https:\/\/www.facebook.com\/tuzlainfo.ba\/","article_published_time":"2024-03-20T13:10:41+00:00","article_modified_time":"2024-03-20T13:33:40+00:00","og_image":[{"width":800,"height":533,"url":"https:\/\/tuzlainfo.ba\/wp-content\/uploads\/2022\/09\/sladjan-ilic.jpg","type":"image\/jpeg"}],"author":"Tuzla Info","twitter_card":"summary_large_image","twitter_misc":{"Written by":"Tuzla Info","Est. reading time":"1 minuta"},"schema":{"@context":"https:\/\/schema.org","@graph":[{"@type":"Article","@id":"https:\/\/tuzlainfo.ba\/index.php\/novosti\/item\/233474-ilic-kada-je-sdp-bih-na-vlasti-tuzla-dobija-mjesto-koje-zasluzuje\/#article","isPartOf":{"@id":"https:\/\/tuzlainfo.ba\/index.php\/novosti\/item\/233474-ilic-kada-je-sdp-bih-na-vlasti-tuzla-dobija-mjesto-koje-zasluzuje\/"},"author":{"name":"Tuzla Info","@id":"https:\/\/tuzlainfo.ba\/#\/schema\/person\/46cad4c57790cbc50781edd14870825a"},"headline":"Ili\u0107: Kada je SDP BiH na vlasti, Tuzla dobija mjesto koje zaslu\u017euje","datePublished":"2024-03-20T13:10:41+00:00","dateModified":"2024-03-20T13:33:40+00:00","mainEntityOfPage":{"@id":"https:\/\/tuzlainfo.ba\/index.php\/novosti\/item\/233474-ilic-kada-je-sdp-bih-na-vlasti-tuzla-dobija-mjesto-koje-zasluzuje\/"},"wordCount":185,"publisher":{"@id":"https:\/\/tuzlainfo.ba\/#organization"},"image":{"@id":"https:\/\/tuzlainfo.ba\/index.php\/novosti\/item\/233474-ilic-kada-je-sdp-bih-na-vlasti-tuzla-dobija-mjesto-koje-zasluzuje\/#primaryimage"},"thumbnailUrl":"https:\/\/tuzlainfo.ba\/wp-content\/uploads\/2022\/09\/sladjan-ilic.jpg","keywords":["SDP","sla\u0111an ili\u0107"],"articleSection":["Istaknuto","Novosti"],"inLanguage":"bs-BA"},{"@type":"WebPage","@id":"https:\/\/tuzlainfo.ba\/index.php\/novosti\/item\/233474-ilic-kada-je-sdp-bih-na-vlasti-tuzla-dobija-mjesto-koje-zasluzuje\/","url":"https:\/\/tuzlainfo.ba\/index.php\/novosti\/item\/233474-ilic-kada-je-sdp-bih-na-vlasti-tuzla-dobija-mjesto-koje-zasluzuje\/","name":"Ili\u0107: Kada je SDP BiH na vlasti, Tuzla dobija mjesto koje zaslu\u017euje - TuzlaInfo.ba","isPartOf":{"@id":"https:\/\/tuzlainfo.ba\/#website"},"primaryImageOfPage":{"@id":"https:\/\/tuzlainfo.ba\/index.php\/novosti\/item\/233474-ilic-kada-je-sdp-bih-na-vlasti-tuzla-dobija-mjesto-koje-zasluzuje\/#primaryimage"},"image":{"@id":"https:\/\/tuzlainfo.ba\/index.php\/novosti\/item\/233474-ilic-kada-je-sdp-bih-na-vlasti-tuzla-dobija-mjesto-koje-zasluzuje\/#primaryimage"},"thumbnailUrl":"https:\/\/tuzlainfo.ba\/wp-content\/uploads\/2022\/09\/sladjan-ilic.jpg","datePublished":"2024-03-20T13:10:41+00:00","dateModified":"2024-03-20T13:33:40+00:00","breadcrumb":{"@id":"https:\/\/tuzlainfo.ba\/index.php\/novosti\/item\/233474-ilic-kada-je-sdp-bih-na-vlasti-tuzla-dobija-mjesto-koje-zasluzuje\/#breadcrumb"},"inLanguage":"bs-BA","potentialAction":[{"@type":"ReadAction","target":["https:\/\/tuzlainfo.ba\/index.php\/novosti\/item\/233474-ilic-kada-je-sdp-bih-na-vlasti-tuzla-dobija-mjesto-koje-zasluzuje\/"]}]},{"@type":"ImageObject","inLanguage":"bs-BA","@id":"https:\/\/tuzlainfo.ba\/index.php\/novosti\/item\/233474-ilic-kada-je-sdp-bih-na-vlasti-tuzla-dobija-mjesto-koje-zasluzuje\/#primaryimage","url":"https:\/\/tuzlainfo.ba\/wp-content\/uploads\/2022\/09\/sladjan-ilic.jpg","contentUrl":"https:\/\/tuzlainfo.ba\/wp-content\/uploads\/2022\/09\/sladjan-ilic.jpg","width":800,"height":533},{"@type":"BreadcrumbList","@id":"https:\/\/tuzlainfo.ba\/index.php\/novosti\/item\/233474-ilic-kada-je-sdp-bih-na-vlasti-tuzla-dobija-mjesto-koje-zasluzuje\/#breadcrumb","itemListElement":[{"@type":"ListItem","position":1,"name":"Home","item":"https:\/\/tuzlainfo.ba\/"},{"@type":"ListItem","position":2,"name":"Ili\u0107: Kada je SDP BiH na vlasti, Tuzla dobija mjesto koje zaslu\u017euje"}]},{"@type":"WebSite","@id":"https:\/\/tuzlainfo.ba\/#website","url":"https:\/\/tuzlainfo.ba\/","name":"TuzlaInfo.ba","description":"Tuzla info, gradski informator - Tuzla na dlanu","publisher":{"@id":"https:\/\/tuzlainfo.ba\/#organization"},"potentialAction":[{"@type":"SearchAction","target":{"@type":"EntryPoint","urlTemplate":"https:\/\/tuzlainfo.ba\/?s={search_term_string}"},"query-input":{"@type":"PropertyValueSpecification","valueRequired":true,"valueName":"search_term_string"}}],"inLanguage":"bs-BA"},{"@type":"Organization","@id":"https:\/\/tuzlainfo.ba\/#organization","name":"TuzlaInfo.ba","url":"https:\/\/tuzlainfo.ba\/","logo":{"@type":"ImageObject","inLanguage":"bs-BA","@id":"https:\/\/tuzlainfo.ba\/#\/schema\/logo\/image\/","url":"https:\/\/tuzlainfo.ba\/wp-content\/uploads\/2021\/03\/logo-ver-3-1.png","contentUrl":"https:\/\/tuzlainfo.ba\/wp-content\/uploads\/2021\/03\/logo-ver-3-1.png","width":350,"height":95,"caption":"TuzlaInfo.ba"},"image":{"@id":"https:\/\/tuzlainfo.ba\/#\/schema\/logo\/image\/"},"sameAs":["https:\/\/www.facebook.com\/tuzlainfo.ba\/"]},{"@type":"Person","@id":"https:\/\/tuzlainfo.ba\/#\/schema\/person\/46cad4c57790cbc50781edd14870825a","name":"Tuzla Info","image":{"@type":"ImageObject","inLanguage":"bs-BA","@id":"https:\/\/tuzlainfo.ba\/#\/schema\/person\/image\/","url":"https:\/\/tuzlainfo.ba\/wp-content\/litespeed\/avatar\/b6c453a6c38e3654f2e4416c643fc25c.jpg?ver=1777051911","contentUrl":"https:\/\/tuzlainfo.ba\/wp-content\/litespeed\/avatar\/b6c453a6c38e3654f2e4416c643fc25c.jpg?ver=1777051911","caption":"Tuzla Info"}}]}},"_links":{"self":[{"href":"https:\/\/tuzlainfo.ba\/index.php\/wp-json\/wp\/v2\/posts\/233474"}],"collection":[{"href":"https:\/\/tuzlainfo.ba\/index.php\/wp-json\/wp\/v2\/posts"}],"about":[{"href":"https:\/\/tuzlainfo.ba\/index.php\/wp-json\/wp\/v2\/types\/post"}],"author":[{"embeddable":true,"href":"https:\/\/tuzlainfo.ba\/index.php\/wp-json\/wp\/v2\/users\/4"}],"replies":[{"embeddable":true,"href":"https:\/\/tuzlainfo.ba\/index.php\/wp-json\/wp\/v2\/comments?post=233474"}],"version-history":[{"count":1,"href":"https:\/\/tuzlainfo.ba\/index.php\/wp-json\/wp\/v2\/posts\/233474\/revisions"}],"predecessor-version":[{"id":233475,"href":"https:\/\/tuzlainfo.ba\/index.php\/wp-json\/wp\/v2\/posts\/233474\/revisions\/233475"}],"wp:featuredmedia":[{"embeddable":true,"href":"https:\/\/tuzlainfo.ba\/index.php\/wp-json\/wp\/v2\/media\/184232"}],"wp:attachment":[{"href":"https:\/\/tuzlainfo.ba\/index.php\/wp-json\/wp\/v2\/media?parent=233474"}],"wp:term":[{"taxonomy":"category","embeddable":true,"href":"https:\/\/tuzlainfo.ba\/index.php\/wp-json\/wp\/v2\/categories?post=233474"},{"taxonomy":"post_tag","embeddable":true,"href":"https:\/\/tuzlainfo.ba\/index.php\/wp-json\/wp\/v2\/tags?post=233474"}],"curies":[{"name":"wp","href":"https:\/\/api.w.org\/{rel}","templated":true}]}}