{"id":232962,"date":"2024-03-13T15:31:03","date_gmt":"2024-03-13T14:31:03","guid":{"rendered":"https:\/\/tuzlainfo.ba\/?p=232962"},"modified":"2024-03-13T20:52:31","modified_gmt":"2024-03-13T19:52:31","slug":"ceka-se-promjena-tarife-struja-za-domacinstva-u-fbih-ce-biti-skuplja","status":"publish","type":"post","link":"https:\/\/tuzlainfo.ba\/index.php\/istaknuto\/item\/232962-ceka-se-promjena-tarife-struja-za-domacinstva-u-fbih-ce-biti-skuplja\/","title":{"rendered":"\u010ceka se promjena tarife: Struja za doma\u0107instva u FBiH \u0107e biti skuplja"},"content":{"rendered":"<div id=\"excerpt\" class=\"mt-5 md:mt-0 xl:mt-0 mb-5 font-sans font-semibold text-lg lg:text-xl leading-6 md:leading-7\"><span class=\"lead pt-0\">Elektroprivreda Bosne i Hercegovine (EPBiH) potvrdila je da Plan poslovanja za period od 2024. godine do 2026. godine predvi\u0111a promjenu cijene elektri\u010dne energije.<\/span><\/div>\n<div id=\"intext_container\" class=\"dark:bg-gray-700\"><\/div>\n<div id=\"text\" class=\"break-words mt-3 text-lg lg:text-xl space-y-4 mb-3 leading-6 md:leading-8 dark:text-gray-200\">Iako iz ovog preduze\u0107a nisu precizirali na koji \u0107e se na\u010din vr\u0161iti izmjena cijene elektri\u010dne energije, izvjesno je da gra\u0111ane o\u010dekuje novi val poskupljenja.S obzirom na to da je 2023. godinu ostvaren rekordan gubitak, koji prema nekim procjenama iznosi i do 140 miliona KM, Elektroprivreda navedenim Planom nastoji ostvariti pozitivno poslovanje.<\/p>\n<p>To, izme\u0111u ostalog, uklju\u010duje poskupljenje elektri\u010dne energije i za doma\u0107instva u FBiH.<\/p>\n<p>Iz Elektroprivrede BiH su nam kazali da je odluka o promjeni cijene elektri\u010dne energije za kupce koji se snabdijevaju u okviru usluge javnog snabdijevanja u nadle\u017enosti Regulatorne komisije za energiju u Federaciji BiH (FERK).<\/p>\n<p>&#8220;JP Elektroprivreda BiH prema FERK-u do sada nije uputila zahtjev za promjenu cijene elektri\u010dne energije za kupce koji se snabdijevaju u okviru usluge javnog snabdijevanja. Me\u0111utim, da bi se prije svega obezbijedila energetska stabilnost, potrebno je obezbijediti pozitivno poslovanje JP Elektroprivreda BiH. U tom kontekstu, Prijedlog Plana poslovanja 2024. &#8211; 2026. godine predvi\u0111a pokretanje tarifnog postupka u 2024. godini&#8221;, naveli su iz Elektroprivrde BiH za Klix.ba.<\/p>\n<\/div>\n","protected":false},"excerpt":{"rendered":"<p>Elektroprivreda Bosne i Hercegovine (EPBiH) potvrdila je da Plan poslovanja za period od 2024. godine&hellip;<\/p>\n","protected":false},"author":4,"featured_media":142399,"comment_status":"closed","ping_status":"closed","sticky":false,"template":"","format":"standard","meta":{"_acf_changed":false,"footnotes":""},"categories":[291,304,306],"tags":[1866,1880],"acf":[],"yoast_head":"<!-- This site is optimized with the Yoast SEO plugin v23.5 - https:\/\/yoast.com\/wordpress\/plugins\/seo\/ -->\n<title>\u010ceka se promjena tarife: Struja za doma\u0107instva u FBiH \u0107e biti skuplja - TuzlaInfo.ba<\/title>\n<meta name=\"robots\" content=\"index, follow, max-snippet:-1, max-image-preview:large, max-video-preview:-1\" \/>\n<link rel=\"canonical\" href=\"https:\/\/tuzlainfo.ba\/index.php\/bosna-i-hercegovina\/item\/232962-ceka-se-promjena-tarife-struja-za-domacinstva-u-fbih-ce-biti-skuplja\/\" \/>\n<meta property=\"og:locale\" content=\"bs_BA\" \/>\n<meta property=\"og:type\" content=\"article\" \/>\n<meta property=\"og:title\" content=\"\u010ceka se promjena tarife: Struja za doma\u0107instva u FBiH \u0107e biti skuplja - TuzlaInfo.ba\" \/>\n<meta property=\"og:description\" content=\"Elektroprivreda Bosne i Hercegovine (EPBiH) potvrdila je da Plan poslovanja za period od 2024. godine&hellip;\" \/>\n<meta property=\"og:url\" content=\"https:\/\/tuzlainfo.ba\/index.php\/bosna-i-hercegovina\/item\/232962-ceka-se-promjena-tarife-struja-za-domacinstva-u-fbih-ce-biti-skuplja\/\" \/>\n<meta property=\"og:site_name\" content=\"TuzlaInfo.ba\" \/>\n<meta property=\"article:publisher\" content=\"https:\/\/www.facebook.com\/tuzlainfo.ba\/\" \/>\n<meta property=\"article:published_time\" content=\"2024-03-13T14:31:03+00:00\" \/>\n<meta property=\"article:modified_time\" content=\"2024-03-13T19:52:31+00:00\" \/>\n<meta property=\"og:image\" content=\"https:\/\/tuzlainfo.ba\/wp-content\/uploads\/2021\/07\/1907_Struja.jpg\" \/>\n\t<meta property=\"og:image:width\" content=\"999\" \/>\n\t<meta property=\"og:image:height\" content=\"605\" \/>\n\t<meta property=\"og:image:type\" content=\"image\/jpeg\" \/>\n<meta name=\"author\" content=\"Tuzla Info\" \/>\n<meta name=\"twitter:card\" content=\"summary_large_image\" \/>\n<meta name=\"twitter:label1\" content=\"Written by\" \/>\n\t<meta name=\"twitter:data1\" content=\"Tuzla Info\" \/>\n\t<meta name=\"twitter:label2\" content=\"Est. reading time\" \/>\n\t<meta name=\"twitter:data2\" content=\"2 minute\" \/>\n<script type=\"application\/ld+json\" class=\"yoast-schema-graph\">{\"@context\":\"https:\/\/schema.org\",\"@graph\":[{\"@type\":\"Article\",\"@id\":\"https:\/\/tuzlainfo.ba\/index.php\/bosna-i-hercegovina\/item\/232962-ceka-se-promjena-tarife-struja-za-domacinstva-u-fbih-ce-biti-skuplja\/#article\",\"isPartOf\":{\"@id\":\"https:\/\/tuzlainfo.ba\/index.php\/bosna-i-hercegovina\/item\/232962-ceka-se-promjena-tarife-struja-za-domacinstva-u-fbih-ce-biti-skuplja\/\"},\"author\":{\"name\":\"Tuzla Info\",\"@id\":\"https:\/\/tuzlainfo.ba\/#\/schema\/person\/46cad4c57790cbc50781edd14870825a\"},\"headline\":\"\u010ceka se promjena tarife: Struja za doma\u0107instva u FBiH \u0107e biti skuplja\",\"datePublished\":\"2024-03-13T14:31:03+00:00\",\"dateModified\":\"2024-03-13T19:52:31+00:00\",\"mainEntityOfPage\":{\"@id\":\"https:\/\/tuzlainfo.ba\/index.php\/bosna-i-hercegovina\/item\/232962-ceka-se-promjena-tarife-struja-za-domacinstva-u-fbih-ce-biti-skuplja\/\"},\"wordCount\":211,\"publisher\":{\"@id\":\"https:\/\/tuzlainfo.ba\/#organization\"},\"image\":{\"@id\":\"https:\/\/tuzlainfo.ba\/index.php\/bosna-i-hercegovina\/item\/232962-ceka-se-promjena-tarife-struja-za-domacinstva-u-fbih-ce-biti-skuplja\/#primaryimage\"},\"thumbnailUrl\":\"https:\/\/tuzlainfo.ba\/wp-content\/uploads\/2021\/07\/1907_Struja.jpg\",\"keywords\":[\"poskupljenje\",\"struja\"],\"articleSection\":[\"Bosna i Hercegovina\",\"Istaknuto\",\"Preporu\u010dujemo\"],\"inLanguage\":\"bs-BA\"},{\"@type\":\"WebPage\",\"@id\":\"https:\/\/tuzlainfo.ba\/index.php\/bosna-i-hercegovina\/item\/232962-ceka-se-promjena-tarife-struja-za-domacinstva-u-fbih-ce-biti-skuplja\/\",\"url\":\"https:\/\/tuzlainfo.ba\/index.php\/bosna-i-hercegovina\/item\/232962-ceka-se-promjena-tarife-struja-za-domacinstva-u-fbih-ce-biti-skuplja\/\",\"name\":\"\u010ceka se promjena tarife: Struja za doma\u0107instva u FBiH \u0107e biti skuplja - TuzlaInfo.ba\",\"isPartOf\":{\"@id\":\"https:\/\/tuzlainfo.ba\/#website\"},\"primaryImageOfPage\":{\"@id\":\"https:\/\/tuzlainfo.ba\/index.php\/bosna-i-hercegovina\/item\/232962-ceka-se-promjena-tarife-struja-za-domacinstva-u-fbih-ce-biti-skuplja\/#primaryimage\"},\"image\":{\"@id\":\"https:\/\/tuzlainfo.ba\/index.php\/bosna-i-hercegovina\/item\/232962-ceka-se-promjena-tarife-struja-za-domacinstva-u-fbih-ce-biti-skuplja\/#primaryimage\"},\"thumbnailUrl\":\"https:\/\/tuzlainfo.ba\/wp-content\/uploads\/2021\/07\/1907_Struja.jpg\",\"datePublished\":\"2024-03-13T14:31:03+00:00\",\"dateModified\":\"2024-03-13T19:52:31+00:00\",\"breadcrumb\":{\"@id\":\"https:\/\/tuzlainfo.ba\/index.php\/bosna-i-hercegovina\/item\/232962-ceka-se-promjena-tarife-struja-za-domacinstva-u-fbih-ce-biti-skuplja\/#breadcrumb\"},\"inLanguage\":\"bs-BA\",\"potentialAction\":[{\"@type\":\"ReadAction\",\"target\":[\"https:\/\/tuzlainfo.ba\/index.php\/bosna-i-hercegovina\/item\/232962-ceka-se-promjena-tarife-struja-za-domacinstva-u-fbih-ce-biti-skuplja\/\"]}]},{\"@type\":\"ImageObject\",\"inLanguage\":\"bs-BA\",\"@id\":\"https:\/\/tuzlainfo.ba\/index.php\/bosna-i-hercegovina\/item\/232962-ceka-se-promjena-tarife-struja-za-domacinstva-u-fbih-ce-biti-skuplja\/#primaryimage\",\"url\":\"https:\/\/tuzlainfo.ba\/wp-content\/uploads\/2021\/07\/1907_Struja.jpg\",\"contentUrl\":\"https:\/\/tuzlainfo.ba\/wp-content\/uploads\/2021\/07\/1907_Struja.jpg\",\"width\":999,\"height\":605},{\"@type\":\"BreadcrumbList\",\"@id\":\"https:\/\/tuzlainfo.ba\/index.php\/bosna-i-hercegovina\/item\/232962-ceka-se-promjena-tarife-struja-za-domacinstva-u-fbih-ce-biti-skuplja\/#breadcrumb\",\"itemListElement\":[{\"@type\":\"ListItem\",\"position\":1,\"name\":\"Home\",\"item\":\"https:\/\/tuzlainfo.ba\/\"},{\"@type\":\"ListItem\",\"position\":2,\"name\":\"\u010ceka se promjena tarife: Struja za doma\u0107instva u FBiH \u0107e biti skuplja\"}]},{\"@type\":\"WebSite\",\"@id\":\"https:\/\/tuzlainfo.ba\/#website\",\"url\":\"https:\/\/tuzlainfo.ba\/\",\"name\":\"TuzlaInfo.ba\",\"description\":\"Tuzla info, gradski informator - Tuzla na dlanu\",\"publisher\":{\"@id\":\"https:\/\/tuzlainfo.ba\/#organization\"},\"potentialAction\":[{\"@type\":\"SearchAction\",\"target\":{\"@type\":\"EntryPoint\",\"urlTemplate\":\"https:\/\/tuzlainfo.ba\/?s={search_term_string}\"},\"query-input\":{\"@type\":\"PropertyValueSpecification\",\"valueRequired\":true,\"valueName\":\"search_term_string\"}}],\"inLanguage\":\"bs-BA\"},{\"@type\":\"Organization\",\"@id\":\"https:\/\/tuzlainfo.ba\/#organization\",\"name\":\"TuzlaInfo.ba\",\"url\":\"https:\/\/tuzlainfo.ba\/\",\"logo\":{\"@type\":\"ImageObject\",\"inLanguage\":\"bs-BA\",\"@id\":\"https:\/\/tuzlainfo.ba\/#\/schema\/logo\/image\/\",\"url\":\"https:\/\/tuzlainfo.ba\/wp-content\/uploads\/2021\/03\/logo-ver-3-1.png\",\"contentUrl\":\"https:\/\/tuzlainfo.ba\/wp-content\/uploads\/2021\/03\/logo-ver-3-1.png\",\"width\":350,\"height\":95,\"caption\":\"TuzlaInfo.ba\"},\"image\":{\"@id\":\"https:\/\/tuzlainfo.ba\/#\/schema\/logo\/image\/\"},\"sameAs\":[\"https:\/\/www.facebook.com\/tuzlainfo.ba\/\"]},{\"@type\":\"Person\",\"@id\":\"https:\/\/tuzlainfo.ba\/#\/schema\/person\/46cad4c57790cbc50781edd14870825a\",\"name\":\"Tuzla Info\",\"image\":{\"@type\":\"ImageObject\",\"inLanguage\":\"bs-BA\",\"@id\":\"https:\/\/tuzlainfo.ba\/#\/schema\/person\/image\/\",\"url\":\"https:\/\/tuzlainfo.ba\/wp-content\/litespeed\/avatar\/b6c453a6c38e3654f2e4416c643fc25c.jpg?ver=1777051911\",\"contentUrl\":\"https:\/\/tuzlainfo.ba\/wp-content\/litespeed\/avatar\/b6c453a6c38e3654f2e4416c643fc25c.jpg?ver=1777051911\",\"caption\":\"Tuzla Info\"}}]}<\/script>\n<!-- \/ Yoast SEO plugin. -->","yoast_head_json":{"title":"\u010ceka se promjena tarife: Struja za doma\u0107instva u FBiH \u0107e biti skuplja - TuzlaInfo.ba","robots":{"index":"index","follow":"follow","max-snippet":"max-snippet:-1","max-image-preview":"max-image-preview:large","max-video-preview":"max-video-preview:-1"},"canonical":"https:\/\/tuzlainfo.ba\/index.php\/bosna-i-hercegovina\/item\/232962-ceka-se-promjena-tarife-struja-za-domacinstva-u-fbih-ce-biti-skuplja\/","og_locale":"bs_BA","og_type":"article","og_title":"\u010ceka se promjena tarife: Struja za doma\u0107instva u FBiH \u0107e biti skuplja - TuzlaInfo.ba","og_description":"Elektroprivreda Bosne i Hercegovine (EPBiH) potvrdila je da Plan poslovanja za period od 2024. godine&hellip;","og_url":"https:\/\/tuzlainfo.ba\/index.php\/bosna-i-hercegovina\/item\/232962-ceka-se-promjena-tarife-struja-za-domacinstva-u-fbih-ce-biti-skuplja\/","og_site_name":"TuzlaInfo.ba","article_publisher":"https:\/\/www.facebook.com\/tuzlainfo.ba\/","article_published_time":"2024-03-13T14:31:03+00:00","article_modified_time":"2024-03-13T19:52:31+00:00","og_image":[{"width":999,"height":605,"url":"https:\/\/tuzlainfo.ba\/wp-content\/uploads\/2021\/07\/1907_Struja.jpg","type":"image\/jpeg"}],"author":"Tuzla Info","twitter_card":"summary_large_image","twitter_misc":{"Written by":"Tuzla Info","Est. reading time":"2 minute"},"schema":{"@context":"https:\/\/schema.org","@graph":[{"@type":"Article","@id":"https:\/\/tuzlainfo.ba\/index.php\/bosna-i-hercegovina\/item\/232962-ceka-se-promjena-tarife-struja-za-domacinstva-u-fbih-ce-biti-skuplja\/#article","isPartOf":{"@id":"https:\/\/tuzlainfo.ba\/index.php\/bosna-i-hercegovina\/item\/232962-ceka-se-promjena-tarife-struja-za-domacinstva-u-fbih-ce-biti-skuplja\/"},"author":{"name":"Tuzla Info","@id":"https:\/\/tuzlainfo.ba\/#\/schema\/person\/46cad4c57790cbc50781edd14870825a"},"headline":"\u010ceka se promjena tarife: Struja za doma\u0107instva u FBiH \u0107e biti skuplja","datePublished":"2024-03-13T14:31:03+00:00","dateModified":"2024-03-13T19:52:31+00:00","mainEntityOfPage":{"@id":"https:\/\/tuzlainfo.ba\/index.php\/bosna-i-hercegovina\/item\/232962-ceka-se-promjena-tarife-struja-za-domacinstva-u-fbih-ce-biti-skuplja\/"},"wordCount":211,"publisher":{"@id":"https:\/\/tuzlainfo.ba\/#organization"},"image":{"@id":"https:\/\/tuzlainfo.ba\/index.php\/bosna-i-hercegovina\/item\/232962-ceka-se-promjena-tarife-struja-za-domacinstva-u-fbih-ce-biti-skuplja\/#primaryimage"},"thumbnailUrl":"https:\/\/tuzlainfo.ba\/wp-content\/uploads\/2021\/07\/1907_Struja.jpg","keywords":["poskupljenje","struja"],"articleSection":["Bosna i Hercegovina","Istaknuto","Preporu\u010dujemo"],"inLanguage":"bs-BA"},{"@type":"WebPage","@id":"https:\/\/tuzlainfo.ba\/index.php\/bosna-i-hercegovina\/item\/232962-ceka-se-promjena-tarife-struja-za-domacinstva-u-fbih-ce-biti-skuplja\/","url":"https:\/\/tuzlainfo.ba\/index.php\/bosna-i-hercegovina\/item\/232962-ceka-se-promjena-tarife-struja-za-domacinstva-u-fbih-ce-biti-skuplja\/","name":"\u010ceka se promjena tarife: Struja za doma\u0107instva u FBiH \u0107e biti skuplja - TuzlaInfo.ba","isPartOf":{"@id":"https:\/\/tuzlainfo.ba\/#website"},"primaryImageOfPage":{"@id":"https:\/\/tuzlainfo.ba\/index.php\/bosna-i-hercegovina\/item\/232962-ceka-se-promjena-tarife-struja-za-domacinstva-u-fbih-ce-biti-skuplja\/#primaryimage"},"image":{"@id":"https:\/\/tuzlainfo.ba\/index.php\/bosna-i-hercegovina\/item\/232962-ceka-se-promjena-tarife-struja-za-domacinstva-u-fbih-ce-biti-skuplja\/#primaryimage"},"thumbnailUrl":"https:\/\/tuzlainfo.ba\/wp-content\/uploads\/2021\/07\/1907_Struja.jpg","datePublished":"2024-03-13T14:31:03+00:00","dateModified":"2024-03-13T19:52:31+00:00","breadcrumb":{"@id":"https:\/\/tuzlainfo.ba\/index.php\/bosna-i-hercegovina\/item\/232962-ceka-se-promjena-tarife-struja-za-domacinstva-u-fbih-ce-biti-skuplja\/#breadcrumb"},"inLanguage":"bs-BA","potentialAction":[{"@type":"ReadAction","target":["https:\/\/tuzlainfo.ba\/index.php\/bosna-i-hercegovina\/item\/232962-ceka-se-promjena-tarife-struja-za-domacinstva-u-fbih-ce-biti-skuplja\/"]}]},{"@type":"ImageObject","inLanguage":"bs-BA","@id":"https:\/\/tuzlainfo.ba\/index.php\/bosna-i-hercegovina\/item\/232962-ceka-se-promjena-tarife-struja-za-domacinstva-u-fbih-ce-biti-skuplja\/#primaryimage","url":"https:\/\/tuzlainfo.ba\/wp-content\/uploads\/2021\/07\/1907_Struja.jpg","contentUrl":"https:\/\/tuzlainfo.ba\/wp-content\/uploads\/2021\/07\/1907_Struja.jpg","width":999,"height":605},{"@type":"BreadcrumbList","@id":"https:\/\/tuzlainfo.ba\/index.php\/bosna-i-hercegovina\/item\/232962-ceka-se-promjena-tarife-struja-za-domacinstva-u-fbih-ce-biti-skuplja\/#breadcrumb","itemListElement":[{"@type":"ListItem","position":1,"name":"Home","item":"https:\/\/tuzlainfo.ba\/"},{"@type":"ListItem","position":2,"name":"\u010ceka se promjena tarife: Struja za doma\u0107instva u FBiH \u0107e biti skuplja"}]},{"@type":"WebSite","@id":"https:\/\/tuzlainfo.ba\/#website","url":"https:\/\/tuzlainfo.ba\/","name":"TuzlaInfo.ba","description":"Tuzla info, gradski informator - Tuzla na dlanu","publisher":{"@id":"https:\/\/tuzlainfo.ba\/#organization"},"potentialAction":[{"@type":"SearchAction","target":{"@type":"EntryPoint","urlTemplate":"https:\/\/tuzlainfo.ba\/?s={search_term_string}"},"query-input":{"@type":"PropertyValueSpecification","valueRequired":true,"valueName":"search_term_string"}}],"inLanguage":"bs-BA"},{"@type":"Organization","@id":"https:\/\/tuzlainfo.ba\/#organization","name":"TuzlaInfo.ba","url":"https:\/\/tuzlainfo.ba\/","logo":{"@type":"ImageObject","inLanguage":"bs-BA","@id":"https:\/\/tuzlainfo.ba\/#\/schema\/logo\/image\/","url":"https:\/\/tuzlainfo.ba\/wp-content\/uploads\/2021\/03\/logo-ver-3-1.png","contentUrl":"https:\/\/tuzlainfo.ba\/wp-content\/uploads\/2021\/03\/logo-ver-3-1.png","width":350,"height":95,"caption":"TuzlaInfo.ba"},"image":{"@id":"https:\/\/tuzlainfo.ba\/#\/schema\/logo\/image\/"},"sameAs":["https:\/\/www.facebook.com\/tuzlainfo.ba\/"]},{"@type":"Person","@id":"https:\/\/tuzlainfo.ba\/#\/schema\/person\/46cad4c57790cbc50781edd14870825a","name":"Tuzla Info","image":{"@type":"ImageObject","inLanguage":"bs-BA","@id":"https:\/\/tuzlainfo.ba\/#\/schema\/person\/image\/","url":"https:\/\/tuzlainfo.ba\/wp-content\/litespeed\/avatar\/b6c453a6c38e3654f2e4416c643fc25c.jpg?ver=1777051911","contentUrl":"https:\/\/tuzlainfo.ba\/wp-content\/litespeed\/avatar\/b6c453a6c38e3654f2e4416c643fc25c.jpg?ver=1777051911","caption":"Tuzla Info"}}]}},"_links":{"self":[{"href":"https:\/\/tuzlainfo.ba\/index.php\/wp-json\/wp\/v2\/posts\/232962"}],"collection":[{"href":"https:\/\/tuzlainfo.ba\/index.php\/wp-json\/wp\/v2\/posts"}],"about":[{"href":"https:\/\/tuzlainfo.ba\/index.php\/wp-json\/wp\/v2\/types\/post"}],"author":[{"embeddable":true,"href":"https:\/\/tuzlainfo.ba\/index.php\/wp-json\/wp\/v2\/users\/4"}],"replies":[{"embeddable":true,"href":"https:\/\/tuzlainfo.ba\/index.php\/wp-json\/wp\/v2\/comments?post=232962"}],"version-history":[{"count":1,"href":"https:\/\/tuzlainfo.ba\/index.php\/wp-json\/wp\/v2\/posts\/232962\/revisions"}],"predecessor-version":[{"id":232963,"href":"https:\/\/tuzlainfo.ba\/index.php\/wp-json\/wp\/v2\/posts\/232962\/revisions\/232963"}],"wp:featuredmedia":[{"embeddable":true,"href":"https:\/\/tuzlainfo.ba\/index.php\/wp-json\/wp\/v2\/media\/142399"}],"wp:attachment":[{"href":"https:\/\/tuzlainfo.ba\/index.php\/wp-json\/wp\/v2\/media?parent=232962"}],"wp:term":[{"taxonomy":"category","embeddable":true,"href":"https:\/\/tuzlainfo.ba\/index.php\/wp-json\/wp\/v2\/categories?post=232962"},{"taxonomy":"post_tag","embeddable":true,"href":"https:\/\/tuzlainfo.ba\/index.php\/wp-json\/wp\/v2\/tags?post=232962"}],"curies":[{"name":"wp","href":"https:\/\/api.w.org\/{rel}","templated":true}]}}