{"id":232815,"date":"2024-03-12T13:35:24","date_gmt":"2024-03-12T12:35:24","guid":{"rendered":"https:\/\/tuzlainfo.ba\/?p=232815"},"modified":"2024-03-12T10:18:24","modified_gmt":"2024-03-12T09:18:24","slug":"ursula-von-der-leyen-dat-cemo-zeleno-svjetlo-za-pocetak-pregovora-eu-s-bih","status":"publish","type":"post","link":"https:\/\/tuzlainfo.ba\/index.php\/bosna-i-hercegovina\/item\/232815-ursula-von-der-leyen-dat-cemo-zeleno-svjetlo-za-pocetak-pregovora-eu-s-bih\/","title":{"rendered":"Ursula von der Leyen: Dat \u0107emo zeleno svjetlo za po\u010detak pregovora EU s BiH"},"content":{"rendered":"<p>Predsjednica Europske komisije Ursula van der Leyen kazala je danas, 12. marta, da je Bosna i Hercegovina u posljednjih godinu napravila najve\u0107i napredak u odnosu na proteklu deceniju.<\/p>\n<p>Popodne \u0107e se odr\u017eati sjednica Europske komisije na kojoj \u0107e biti donesena odluka o preporuci o otvaranju pregovora. O toj preporuci u sljede\u0107i utorak odlu\u010divat \u0107e Vije\u0107e za op\u0107e poslove, koje \u010dine ministri vanjskih ili europskih poslova dr\u017eava \u010dlanica, a potom i \u010delnici dr\u017eava \u010dlanica koji \u0107e se okupit ina samitu 21. i 22. marta.<\/p>\n<p>Von der Leyen je navela \u0161ta je Bosna i Hercegovina uradila na putu ka EU i pozdravila napore vlasti u BiH.<\/p>\n<p>&#8220;Dobra vijest je da \u0107emo dati zeleno svjetlo za po\u010detak pregovora sa Bosnom i Hercegovinom. Otkako je dobila kandidatski status, Bosna i Hercegovina je uradila mnogo. Vanjska politika je u potpunosti usagla\u0161ena sa EU&#8221;, kazala je von der Leyen.<\/p>\n<p>Podsjetila je i na zakone koji su usvojeni kao i sporazum koji je potpisan sa Frontex-om.<\/p>\n<p>Von der Leyen je ovo kazala na Plenarnoj sjednici Europskog parlamenta gdje je govorila o Gazi i pro\u0161irenju EU.<\/p>\n<p>Podsjetimo, BiH je do sada ispunila sljede\u0107e uslove: Usvojen Sporazum o otvaranju pregovora s Frontexom, Zakon o spre\u010davanju pranja novca i finansiranja teoristi\u010dkih organizacija, Zakon o spre\u010davanju sukoba interesa i Zakon o dr\u017eavnoj slu\u017ebi.<\/p>\n<p>&nbsp;<\/p>\n<p>&nbsp;<\/p>\n","protected":false},"excerpt":{"rendered":"<p>Predsjednica Europske komisije Ursula van der Leyen kazala je danas, 12. marta, da je Bosna&hellip;<\/p>\n","protected":false},"author":3,"featured_media":165138,"comment_status":"closed","ping_status":"closed","sticky":false,"template":"","format":"standard","meta":{"_acf_changed":false,"footnotes":""},"categories":[291],"tags":[1099,3146,4242],"acf":[],"yoast_head":"<!-- This site is optimized with the Yoast SEO plugin v23.5 - https:\/\/yoast.com\/wordpress\/plugins\/seo\/ -->\n<title>Ursula von der Leyen: Dat \u0107emo zeleno svjetlo za po\u010detak pregovora EU s BiH - TuzlaInfo.ba<\/title>\n<meta name=\"robots\" content=\"index, follow, max-snippet:-1, max-image-preview:large, max-video-preview:-1\" \/>\n<link rel=\"canonical\" href=\"https:\/\/tuzlainfo.ba\/index.php\/bosna-i-hercegovina\/item\/232815-ursula-von-der-leyen-dat-cemo-zeleno-svjetlo-za-pocetak-pregovora-eu-s-bih\/\" \/>\n<meta property=\"og:locale\" content=\"bs_BA\" \/>\n<meta property=\"og:type\" content=\"article\" \/>\n<meta property=\"og:title\" content=\"Ursula von der Leyen: Dat \u0107emo zeleno svjetlo za po\u010detak pregovora EU s BiH - TuzlaInfo.ba\" \/>\n<meta property=\"og:description\" content=\"Predsjednica Europske komisije Ursula van der Leyen kazala je danas, 12. marta, da je Bosna&hellip;\" \/>\n<meta property=\"og:url\" content=\"https:\/\/tuzlainfo.ba\/index.php\/bosna-i-hercegovina\/item\/232815-ursula-von-der-leyen-dat-cemo-zeleno-svjetlo-za-pocetak-pregovora-eu-s-bih\/\" \/>\n<meta property=\"og:site_name\" content=\"TuzlaInfo.ba\" \/>\n<meta property=\"article:publisher\" content=\"https:\/\/www.facebook.com\/tuzlainfo.ba\/\" \/>\n<meta property=\"article:published_time\" content=\"2024-03-12T12:35:24+00:00\" \/>\n<meta property=\"article:modified_time\" content=\"2024-03-12T09:18:24+00:00\" \/>\n<meta property=\"og:image\" content=\"https:\/\/tuzlainfo.ba\/wp-content\/uploads\/2022\/02\/2702_Ursula-von-der-Leyen.jpg\" \/>\n\t<meta property=\"og:image:width\" content=\"1000\" \/>\n\t<meta property=\"og:image:height\" content=\"527\" \/>\n\t<meta property=\"og:image:type\" content=\"image\/jpeg\" \/>\n<meta name=\"author\" content=\"admin2\" \/>\n<meta name=\"twitter:card\" content=\"summary_large_image\" \/>\n<meta name=\"twitter:label1\" content=\"Written by\" \/>\n\t<meta name=\"twitter:data1\" content=\"admin2\" \/>\n\t<meta name=\"twitter:label2\" content=\"Est. reading time\" \/>\n\t<meta name=\"twitter:data2\" content=\"2 minute\" \/>\n<script type=\"application\/ld+json\" class=\"yoast-schema-graph\">{\"@context\":\"https:\/\/schema.org\",\"@graph\":[{\"@type\":\"Article\",\"@id\":\"https:\/\/tuzlainfo.ba\/index.php\/bosna-i-hercegovina\/item\/232815-ursula-von-der-leyen-dat-cemo-zeleno-svjetlo-za-pocetak-pregovora-eu-s-bih\/#article\",\"isPartOf\":{\"@id\":\"https:\/\/tuzlainfo.ba\/index.php\/bosna-i-hercegovina\/item\/232815-ursula-von-der-leyen-dat-cemo-zeleno-svjetlo-za-pocetak-pregovora-eu-s-bih\/\"},\"author\":{\"name\":\"admin2\",\"@id\":\"https:\/\/tuzlainfo.ba\/#\/schema\/person\/f4ebe4fff27e68efb65fa7e18f8af372\"},\"headline\":\"Ursula von der Leyen: Dat \u0107emo zeleno svjetlo za po\u010detak pregovora EU s BiH\",\"datePublished\":\"2024-03-12T12:35:24+00:00\",\"dateModified\":\"2024-03-12T09:18:24+00:00\",\"mainEntityOfPage\":{\"@id\":\"https:\/\/tuzlainfo.ba\/index.php\/bosna-i-hercegovina\/item\/232815-ursula-von-der-leyen-dat-cemo-zeleno-svjetlo-za-pocetak-pregovora-eu-s-bih\/\"},\"wordCount\":243,\"publisher\":{\"@id\":\"https:\/\/tuzlainfo.ba\/#organization\"},\"image\":{\"@id\":\"https:\/\/tuzlainfo.ba\/index.php\/bosna-i-hercegovina\/item\/232815-ursula-von-der-leyen-dat-cemo-zeleno-svjetlo-za-pocetak-pregovora-eu-s-bih\/#primaryimage\"},\"thumbnailUrl\":\"https:\/\/tuzlainfo.ba\/wp-content\/uploads\/2022\/02\/2702_Ursula-von-der-Leyen.jpg\",\"keywords\":[\"EU\",\"pregovori\",\"Ursula von der Leyen\"],\"articleSection\":[\"Bosna i Hercegovina\"],\"inLanguage\":\"bs-BA\"},{\"@type\":\"WebPage\",\"@id\":\"https:\/\/tuzlainfo.ba\/index.php\/bosna-i-hercegovina\/item\/232815-ursula-von-der-leyen-dat-cemo-zeleno-svjetlo-za-pocetak-pregovora-eu-s-bih\/\",\"url\":\"https:\/\/tuzlainfo.ba\/index.php\/bosna-i-hercegovina\/item\/232815-ursula-von-der-leyen-dat-cemo-zeleno-svjetlo-za-pocetak-pregovora-eu-s-bih\/\",\"name\":\"Ursula von der Leyen: Dat \u0107emo zeleno svjetlo za po\u010detak pregovora EU s BiH - TuzlaInfo.ba\",\"isPartOf\":{\"@id\":\"https:\/\/tuzlainfo.ba\/#website\"},\"primaryImageOfPage\":{\"@id\":\"https:\/\/tuzlainfo.ba\/index.php\/bosna-i-hercegovina\/item\/232815-ursula-von-der-leyen-dat-cemo-zeleno-svjetlo-za-pocetak-pregovora-eu-s-bih\/#primaryimage\"},\"image\":{\"@id\":\"https:\/\/tuzlainfo.ba\/index.php\/bosna-i-hercegovina\/item\/232815-ursula-von-der-leyen-dat-cemo-zeleno-svjetlo-za-pocetak-pregovora-eu-s-bih\/#primaryimage\"},\"thumbnailUrl\":\"https:\/\/tuzlainfo.ba\/wp-content\/uploads\/2022\/02\/2702_Ursula-von-der-Leyen.jpg\",\"datePublished\":\"2024-03-12T12:35:24+00:00\",\"dateModified\":\"2024-03-12T09:18:24+00:00\",\"breadcrumb\":{\"@id\":\"https:\/\/tuzlainfo.ba\/index.php\/bosna-i-hercegovina\/item\/232815-ursula-von-der-leyen-dat-cemo-zeleno-svjetlo-za-pocetak-pregovora-eu-s-bih\/#breadcrumb\"},\"inLanguage\":\"bs-BA\",\"potentialAction\":[{\"@type\":\"ReadAction\",\"target\":[\"https:\/\/tuzlainfo.ba\/index.php\/bosna-i-hercegovina\/item\/232815-ursula-von-der-leyen-dat-cemo-zeleno-svjetlo-za-pocetak-pregovora-eu-s-bih\/\"]}]},{\"@type\":\"ImageObject\",\"inLanguage\":\"bs-BA\",\"@id\":\"https:\/\/tuzlainfo.ba\/index.php\/bosna-i-hercegovina\/item\/232815-ursula-von-der-leyen-dat-cemo-zeleno-svjetlo-za-pocetak-pregovora-eu-s-bih\/#primaryimage\",\"url\":\"https:\/\/tuzlainfo.ba\/wp-content\/uploads\/2022\/02\/2702_Ursula-von-der-Leyen.jpg\",\"contentUrl\":\"https:\/\/tuzlainfo.ba\/wp-content\/uploads\/2022\/02\/2702_Ursula-von-der-Leyen.jpg\",\"width\":1000,\"height\":527},{\"@type\":\"BreadcrumbList\",\"@id\":\"https:\/\/tuzlainfo.ba\/index.php\/bosna-i-hercegovina\/item\/232815-ursula-von-der-leyen-dat-cemo-zeleno-svjetlo-za-pocetak-pregovora-eu-s-bih\/#breadcrumb\",\"itemListElement\":[{\"@type\":\"ListItem\",\"position\":1,\"name\":\"Home\",\"item\":\"https:\/\/tuzlainfo.ba\/\"},{\"@type\":\"ListItem\",\"position\":2,\"name\":\"Ursula von der Leyen: Dat \u0107emo zeleno svjetlo za po\u010detak pregovora EU s BiH\"}]},{\"@type\":\"WebSite\",\"@id\":\"https:\/\/tuzlainfo.ba\/#website\",\"url\":\"https:\/\/tuzlainfo.ba\/\",\"name\":\"TuzlaInfo.ba\",\"description\":\"Tuzla info, gradski informator - Tuzla na dlanu\",\"publisher\":{\"@id\":\"https:\/\/tuzlainfo.ba\/#organization\"},\"potentialAction\":[{\"@type\":\"SearchAction\",\"target\":{\"@type\":\"EntryPoint\",\"urlTemplate\":\"https:\/\/tuzlainfo.ba\/?s={search_term_string}\"},\"query-input\":{\"@type\":\"PropertyValueSpecification\",\"valueRequired\":true,\"valueName\":\"search_term_string\"}}],\"inLanguage\":\"bs-BA\"},{\"@type\":\"Organization\",\"@id\":\"https:\/\/tuzlainfo.ba\/#organization\",\"name\":\"TuzlaInfo.ba\",\"url\":\"https:\/\/tuzlainfo.ba\/\",\"logo\":{\"@type\":\"ImageObject\",\"inLanguage\":\"bs-BA\",\"@id\":\"https:\/\/tuzlainfo.ba\/#\/schema\/logo\/image\/\",\"url\":\"https:\/\/tuzlainfo.ba\/wp-content\/uploads\/2021\/03\/logo-ver-3-1.png\",\"contentUrl\":\"https:\/\/tuzlainfo.ba\/wp-content\/uploads\/2021\/03\/logo-ver-3-1.png\",\"width\":350,\"height\":95,\"caption\":\"TuzlaInfo.ba\"},\"image\":{\"@id\":\"https:\/\/tuzlainfo.ba\/#\/schema\/logo\/image\/\"},\"sameAs\":[\"https:\/\/www.facebook.com\/tuzlainfo.ba\/\"]},{\"@type\":\"Person\",\"@id\":\"https:\/\/tuzlainfo.ba\/#\/schema\/person\/f4ebe4fff27e68efb65fa7e18f8af372\",\"name\":\"admin2\",\"image\":{\"@type\":\"ImageObject\",\"inLanguage\":\"bs-BA\",\"@id\":\"https:\/\/tuzlainfo.ba\/#\/schema\/person\/image\/\",\"url\":\"https:\/\/tuzlainfo.ba\/wp-content\/litespeed\/avatar\/8219eeb9a43cff2d096e773737736f62.jpg?ver=1776704580\",\"contentUrl\":\"https:\/\/tuzlainfo.ba\/wp-content\/litespeed\/avatar\/8219eeb9a43cff2d096e773737736f62.jpg?ver=1776704580\",\"caption\":\"admin2\"},\"description\":\"Tuzlainfo.ba pratite na dru\u0161tvenim mre\u017eama: Facebook, Instagram i Youtube. Svoje pri\u010de, upite i fotografije \u0161aljite na na\u0161u e-mail adresu.\",\"sameAs\":[\"admin\"]}]}<\/script>\n<!-- \/ Yoast SEO plugin. -->","yoast_head_json":{"title":"Ursula von der Leyen: Dat \u0107emo zeleno svjetlo za po\u010detak pregovora EU s BiH - TuzlaInfo.ba","robots":{"index":"index","follow":"follow","max-snippet":"max-snippet:-1","max-image-preview":"max-image-preview:large","max-video-preview":"max-video-preview:-1"},"canonical":"https:\/\/tuzlainfo.ba\/index.php\/bosna-i-hercegovina\/item\/232815-ursula-von-der-leyen-dat-cemo-zeleno-svjetlo-za-pocetak-pregovora-eu-s-bih\/","og_locale":"bs_BA","og_type":"article","og_title":"Ursula von der Leyen: Dat \u0107emo zeleno svjetlo za po\u010detak pregovora EU s BiH - TuzlaInfo.ba","og_description":"Predsjednica Europske komisije Ursula van der Leyen kazala je danas, 12. marta, da je Bosna&hellip;","og_url":"https:\/\/tuzlainfo.ba\/index.php\/bosna-i-hercegovina\/item\/232815-ursula-von-der-leyen-dat-cemo-zeleno-svjetlo-za-pocetak-pregovora-eu-s-bih\/","og_site_name":"TuzlaInfo.ba","article_publisher":"https:\/\/www.facebook.com\/tuzlainfo.ba\/","article_published_time":"2024-03-12T12:35:24+00:00","article_modified_time":"2024-03-12T09:18:24+00:00","og_image":[{"width":1000,"height":527,"url":"https:\/\/tuzlainfo.ba\/wp-content\/uploads\/2022\/02\/2702_Ursula-von-der-Leyen.jpg","type":"image\/jpeg"}],"author":"admin2","twitter_card":"summary_large_image","twitter_misc":{"Written by":"admin2","Est. reading time":"2 minute"},"schema":{"@context":"https:\/\/schema.org","@graph":[{"@type":"Article","@id":"https:\/\/tuzlainfo.ba\/index.php\/bosna-i-hercegovina\/item\/232815-ursula-von-der-leyen-dat-cemo-zeleno-svjetlo-za-pocetak-pregovora-eu-s-bih\/#article","isPartOf":{"@id":"https:\/\/tuzlainfo.ba\/index.php\/bosna-i-hercegovina\/item\/232815-ursula-von-der-leyen-dat-cemo-zeleno-svjetlo-za-pocetak-pregovora-eu-s-bih\/"},"author":{"name":"admin2","@id":"https:\/\/tuzlainfo.ba\/#\/schema\/person\/f4ebe4fff27e68efb65fa7e18f8af372"},"headline":"Ursula von der Leyen: Dat \u0107emo zeleno svjetlo za po\u010detak pregovora EU s BiH","datePublished":"2024-03-12T12:35:24+00:00","dateModified":"2024-03-12T09:18:24+00:00","mainEntityOfPage":{"@id":"https:\/\/tuzlainfo.ba\/index.php\/bosna-i-hercegovina\/item\/232815-ursula-von-der-leyen-dat-cemo-zeleno-svjetlo-za-pocetak-pregovora-eu-s-bih\/"},"wordCount":243,"publisher":{"@id":"https:\/\/tuzlainfo.ba\/#organization"},"image":{"@id":"https:\/\/tuzlainfo.ba\/index.php\/bosna-i-hercegovina\/item\/232815-ursula-von-der-leyen-dat-cemo-zeleno-svjetlo-za-pocetak-pregovora-eu-s-bih\/#primaryimage"},"thumbnailUrl":"https:\/\/tuzlainfo.ba\/wp-content\/uploads\/2022\/02\/2702_Ursula-von-der-Leyen.jpg","keywords":["EU","pregovori","Ursula von der Leyen"],"articleSection":["Bosna i Hercegovina"],"inLanguage":"bs-BA"},{"@type":"WebPage","@id":"https:\/\/tuzlainfo.ba\/index.php\/bosna-i-hercegovina\/item\/232815-ursula-von-der-leyen-dat-cemo-zeleno-svjetlo-za-pocetak-pregovora-eu-s-bih\/","url":"https:\/\/tuzlainfo.ba\/index.php\/bosna-i-hercegovina\/item\/232815-ursula-von-der-leyen-dat-cemo-zeleno-svjetlo-za-pocetak-pregovora-eu-s-bih\/","name":"Ursula von der Leyen: Dat \u0107emo zeleno svjetlo za po\u010detak pregovora EU s BiH - TuzlaInfo.ba","isPartOf":{"@id":"https:\/\/tuzlainfo.ba\/#website"},"primaryImageOfPage":{"@id":"https:\/\/tuzlainfo.ba\/index.php\/bosna-i-hercegovina\/item\/232815-ursula-von-der-leyen-dat-cemo-zeleno-svjetlo-za-pocetak-pregovora-eu-s-bih\/#primaryimage"},"image":{"@id":"https:\/\/tuzlainfo.ba\/index.php\/bosna-i-hercegovina\/item\/232815-ursula-von-der-leyen-dat-cemo-zeleno-svjetlo-za-pocetak-pregovora-eu-s-bih\/#primaryimage"},"thumbnailUrl":"https:\/\/tuzlainfo.ba\/wp-content\/uploads\/2022\/02\/2702_Ursula-von-der-Leyen.jpg","datePublished":"2024-03-12T12:35:24+00:00","dateModified":"2024-03-12T09:18:24+00:00","breadcrumb":{"@id":"https:\/\/tuzlainfo.ba\/index.php\/bosna-i-hercegovina\/item\/232815-ursula-von-der-leyen-dat-cemo-zeleno-svjetlo-za-pocetak-pregovora-eu-s-bih\/#breadcrumb"},"inLanguage":"bs-BA","potentialAction":[{"@type":"ReadAction","target":["https:\/\/tuzlainfo.ba\/index.php\/bosna-i-hercegovina\/item\/232815-ursula-von-der-leyen-dat-cemo-zeleno-svjetlo-za-pocetak-pregovora-eu-s-bih\/"]}]},{"@type":"ImageObject","inLanguage":"bs-BA","@id":"https:\/\/tuzlainfo.ba\/index.php\/bosna-i-hercegovina\/item\/232815-ursula-von-der-leyen-dat-cemo-zeleno-svjetlo-za-pocetak-pregovora-eu-s-bih\/#primaryimage","url":"https:\/\/tuzlainfo.ba\/wp-content\/uploads\/2022\/02\/2702_Ursula-von-der-Leyen.jpg","contentUrl":"https:\/\/tuzlainfo.ba\/wp-content\/uploads\/2022\/02\/2702_Ursula-von-der-Leyen.jpg","width":1000,"height":527},{"@type":"BreadcrumbList","@id":"https:\/\/tuzlainfo.ba\/index.php\/bosna-i-hercegovina\/item\/232815-ursula-von-der-leyen-dat-cemo-zeleno-svjetlo-za-pocetak-pregovora-eu-s-bih\/#breadcrumb","itemListElement":[{"@type":"ListItem","position":1,"name":"Home","item":"https:\/\/tuzlainfo.ba\/"},{"@type":"ListItem","position":2,"name":"Ursula von der Leyen: Dat \u0107emo zeleno svjetlo za po\u010detak pregovora EU s BiH"}]},{"@type":"WebSite","@id":"https:\/\/tuzlainfo.ba\/#website","url":"https:\/\/tuzlainfo.ba\/","name":"TuzlaInfo.ba","description":"Tuzla info, gradski informator - Tuzla na dlanu","publisher":{"@id":"https:\/\/tuzlainfo.ba\/#organization"},"potentialAction":[{"@type":"SearchAction","target":{"@type":"EntryPoint","urlTemplate":"https:\/\/tuzlainfo.ba\/?s={search_term_string}"},"query-input":{"@type":"PropertyValueSpecification","valueRequired":true,"valueName":"search_term_string"}}],"inLanguage":"bs-BA"},{"@type":"Organization","@id":"https:\/\/tuzlainfo.ba\/#organization","name":"TuzlaInfo.ba","url":"https:\/\/tuzlainfo.ba\/","logo":{"@type":"ImageObject","inLanguage":"bs-BA","@id":"https:\/\/tuzlainfo.ba\/#\/schema\/logo\/image\/","url":"https:\/\/tuzlainfo.ba\/wp-content\/uploads\/2021\/03\/logo-ver-3-1.png","contentUrl":"https:\/\/tuzlainfo.ba\/wp-content\/uploads\/2021\/03\/logo-ver-3-1.png","width":350,"height":95,"caption":"TuzlaInfo.ba"},"image":{"@id":"https:\/\/tuzlainfo.ba\/#\/schema\/logo\/image\/"},"sameAs":["https:\/\/www.facebook.com\/tuzlainfo.ba\/"]},{"@type":"Person","@id":"https:\/\/tuzlainfo.ba\/#\/schema\/person\/f4ebe4fff27e68efb65fa7e18f8af372","name":"admin2","image":{"@type":"ImageObject","inLanguage":"bs-BA","@id":"https:\/\/tuzlainfo.ba\/#\/schema\/person\/image\/","url":"https:\/\/tuzlainfo.ba\/wp-content\/litespeed\/avatar\/8219eeb9a43cff2d096e773737736f62.jpg?ver=1776704580","contentUrl":"https:\/\/tuzlainfo.ba\/wp-content\/litespeed\/avatar\/8219eeb9a43cff2d096e773737736f62.jpg?ver=1776704580","caption":"admin2"},"description":"Tuzlainfo.ba pratite na dru\u0161tvenim mre\u017eama: Facebook, Instagram i Youtube. Svoje pri\u010de, upite i fotografije \u0161aljite na na\u0161u e-mail adresu.","sameAs":["admin"]}]}},"_links":{"self":[{"href":"https:\/\/tuzlainfo.ba\/index.php\/wp-json\/wp\/v2\/posts\/232815"}],"collection":[{"href":"https:\/\/tuzlainfo.ba\/index.php\/wp-json\/wp\/v2\/posts"}],"about":[{"href":"https:\/\/tuzlainfo.ba\/index.php\/wp-json\/wp\/v2\/types\/post"}],"author":[{"embeddable":true,"href":"https:\/\/tuzlainfo.ba\/index.php\/wp-json\/wp\/v2\/users\/3"}],"replies":[{"embeddable":true,"href":"https:\/\/tuzlainfo.ba\/index.php\/wp-json\/wp\/v2\/comments?post=232815"}],"version-history":[{"count":1,"href":"https:\/\/tuzlainfo.ba\/index.php\/wp-json\/wp\/v2\/posts\/232815\/revisions"}],"predecessor-version":[{"id":232819,"href":"https:\/\/tuzlainfo.ba\/index.php\/wp-json\/wp\/v2\/posts\/232815\/revisions\/232819"}],"wp:featuredmedia":[{"embeddable":true,"href":"https:\/\/tuzlainfo.ba\/index.php\/wp-json\/wp\/v2\/media\/165138"}],"wp:attachment":[{"href":"https:\/\/tuzlainfo.ba\/index.php\/wp-json\/wp\/v2\/media?parent=232815"}],"wp:term":[{"taxonomy":"category","embeddable":true,"href":"https:\/\/tuzlainfo.ba\/index.php\/wp-json\/wp\/v2\/categories?post=232815"},{"taxonomy":"post_tag","embeddable":true,"href":"https:\/\/tuzlainfo.ba\/index.php\/wp-json\/wp\/v2\/tags?post=232815"}],"curies":[{"name":"wp","href":"https:\/\/api.w.org\/{rel}","templated":true}]}}