{"id":232800,"date":"2024-03-12T09:20:56","date_gmt":"2024-03-12T08:20:56","guid":{"rendered":"https:\/\/tuzlainfo.ba\/?p=232800"},"modified":"2024-03-12T09:20:56","modified_gmt":"2024-03-12T08:20:56","slug":"sud-bih-za-zlocine-u-janji-potvrdjeno-12-godina-zatvora","status":"publish","type":"post","link":"https:\/\/tuzlainfo.ba\/index.php\/bosna-i-hercegovina\/item\/232800-sud-bih-za-zlocine-u-janji-potvrdjeno-12-godina-zatvora\/","title":{"rendered":"Sud BiH: Za zlo\u010dine u Janji potvr\u0111eno 12 godina zatvora"},"content":{"rendered":"<p>Dr\u017eavni sud potvrdio je prvostepenu presudu kojom su petorica biv\u0161ih pripadnika policije osu\u0111ena na ukupno 12 godina zatvora, dok su trojica oslobo\u0111ena optu\u017ebi za zlo\u010dine protiv civilnog stanovni\u0161tva u Janji od 1992. do 1994. godine.<\/p>\n<p>Iz Suda BiH je saop\u0161teno da je otpremljena drugostepena presuda kojom su, kao neosnovane, odbijene \u017ealbe Dr\u017eavnog tu\u017eila\u0161tva i branilaca Milana \u0110oki\u0107a, Branislava Tri\u0161i\u0107a, Zorana Tanasi\u0107a, \u017darka Milanovi\u0107a i Mladena Kraji\u0161nika, te je potvr\u0111ena presuda iz juna 2023.<\/p>\n<p>Za ratni zlo\u010din protiv civilnog stanovni\u0161tva \u0110oki\u0107 i Tri\u0161i\u0107 osu\u0111eni su na po tri, a Tanasi\u0107, Milanovi\u0107 i Kraji\u0161nik na po dvije godine.<\/p>\n<p>Savo Mr\u0161i\u0107, Milivoje \u010cobi\u0107 i Milan Markovi\u0107 oslobo\u0111eni su svih optu\u017ebi.<\/p>\n<p>U saop\u0161tenju Suda se navodi da su \u2013 za vrijeme oru\u017eanog sukoba u BiH, od druge polovine septembra 1992. godine do prve polovine 1994. \u2013 Tri\u0161i\u0107 kao operativni radnik bijeljinske Slu\u017ebe nacionalne bezbjednosti, a Tanasi\u0107, Milanovi\u0107 i Kraji\u0161nik kao policajci, mu\u010dili civile bo\u0161nja\u010dke nacionalnosti. \u0110oki\u0107 je, u svojstvu komandira Stani\u010dnog odjeljenja milicije Janja, osu\u0111en za pomaganje u mu\u010denju.<\/p>\n<p>\u0110oki\u0107 je progla\u0161en krivim da nije sprije\u010dio druge da zlostavljaju civile privedene na ispitivanje o naoru\u017eanju. Tri\u0161i\u0107 je osu\u0111en za premla\u0107ivanje tri civila metalnom \u0161ipkom i rukama, a Tanasi\u0107 da je tukao dva civila.<\/p>\n<p>Prvostepenom presudom je utvr\u0111eno da su Milanovi\u0107 i Kraji\u0161nik udarali po jednog civila.<\/p>\n<p>Mr\u0161i\u0107, \u010cobi\u0107 i Markovi\u0107 su oslobo\u0111eni optu\u017ebi da su udarali civile, od kojih je jedan kasnije preminuo.<\/p>\n<p>Na ovu presudu nije dozvoljena \u017ealba.<\/p>\n<p>&nbsp;<\/p>\n","protected":false},"excerpt":{"rendered":"<p>Dr\u017eavni sud potvrdio je prvostepenu presudu kojom su petorica biv\u0161ih pripadnika policije osu\u0111ena na ukupno&hellip;<\/p>\n","protected":false},"author":3,"featured_media":160461,"comment_status":"closed","ping_status":"closed","sticky":false,"template":"","format":"standard","meta":{"_acf_changed":false,"footnotes":""},"categories":[291],"tags":[798,726,9762],"acf":[],"yoast_head":"<!-- This site is optimized with the Yoast SEO plugin v23.5 - https:\/\/yoast.com\/wordpress\/plugins\/seo\/ -->\n<title>Sud BiH: Za zlo\u010dine u Janji potvr\u0111eno 12 godina zatvora - TuzlaInfo.ba<\/title>\n<meta name=\"robots\" content=\"index, follow, max-snippet:-1, max-image-preview:large, max-video-preview:-1\" \/>\n<link rel=\"canonical\" href=\"https:\/\/tuzlainfo.ba\/index.php\/bosna-i-hercegovina\/item\/232800-sud-bih-za-zlocine-u-janji-potvrdjeno-12-godina-zatvora\/\" \/>\n<meta property=\"og:locale\" content=\"bs_BA\" \/>\n<meta property=\"og:type\" content=\"article\" \/>\n<meta property=\"og:title\" content=\"Sud BiH: Za zlo\u010dine u Janji potvr\u0111eno 12 godina zatvora - TuzlaInfo.ba\" \/>\n<meta property=\"og:description\" content=\"Dr\u017eavni sud potvrdio je prvostepenu presudu kojom su petorica biv\u0161ih pripadnika policije osu\u0111ena na ukupno&hellip;\" \/>\n<meta property=\"og:url\" content=\"https:\/\/tuzlainfo.ba\/index.php\/bosna-i-hercegovina\/item\/232800-sud-bih-za-zlocine-u-janji-potvrdjeno-12-godina-zatvora\/\" \/>\n<meta property=\"og:site_name\" content=\"TuzlaInfo.ba\" \/>\n<meta property=\"article:publisher\" content=\"https:\/\/www.facebook.com\/tuzlainfo.ba\/\" \/>\n<meta property=\"article:published_time\" content=\"2024-03-12T08:20:56+00:00\" \/>\n<meta property=\"og:image\" content=\"https:\/\/tuzlainfo.ba\/wp-content\/uploads\/2022\/01\/0601_janja.jpg\" \/>\n\t<meta property=\"og:image:width\" content=\"1200\" \/>\n\t<meta property=\"og:image:height\" content=\"675\" \/>\n\t<meta property=\"og:image:type\" content=\"image\/jpeg\" \/>\n<meta name=\"author\" content=\"admin2\" \/>\n<meta name=\"twitter:card\" content=\"summary_large_image\" \/>\n<meta name=\"twitter:label1\" content=\"Written by\" \/>\n\t<meta name=\"twitter:data1\" content=\"admin2\" \/>\n\t<meta name=\"twitter:label2\" content=\"Est. reading time\" \/>\n\t<meta name=\"twitter:data2\" content=\"2 minute\" \/>\n<script type=\"application\/ld+json\" class=\"yoast-schema-graph\">{\"@context\":\"https:\/\/schema.org\",\"@graph\":[{\"@type\":\"Article\",\"@id\":\"https:\/\/tuzlainfo.ba\/index.php\/bosna-i-hercegovina\/item\/232800-sud-bih-za-zlocine-u-janji-potvrdjeno-12-godina-zatvora\/#article\",\"isPartOf\":{\"@id\":\"https:\/\/tuzlainfo.ba\/index.php\/bosna-i-hercegovina\/item\/232800-sud-bih-za-zlocine-u-janji-potvrdjeno-12-godina-zatvora\/\"},\"author\":{\"name\":\"admin2\",\"@id\":\"https:\/\/tuzlainfo.ba\/#\/schema\/person\/f4ebe4fff27e68efb65fa7e18f8af372\"},\"headline\":\"Sud BiH: Za zlo\u010dine u Janji potvr\u0111eno 12 godina zatvora\",\"datePublished\":\"2024-03-12T08:20:56+00:00\",\"dateModified\":\"2024-03-12T08:20:56+00:00\",\"mainEntityOfPage\":{\"@id\":\"https:\/\/tuzlainfo.ba\/index.php\/bosna-i-hercegovina\/item\/232800-sud-bih-za-zlocine-u-janji-potvrdjeno-12-godina-zatvora\/\"},\"wordCount\":287,\"publisher\":{\"@id\":\"https:\/\/tuzlainfo.ba\/#organization\"},\"image\":{\"@id\":\"https:\/\/tuzlainfo.ba\/index.php\/bosna-i-hercegovina\/item\/232800-sud-bih-za-zlocine-u-janji-potvrdjeno-12-godina-zatvora\/#primaryimage\"},\"thumbnailUrl\":\"https:\/\/tuzlainfo.ba\/wp-content\/uploads\/2022\/01\/0601_janja.jpg\",\"keywords\":[\"janja\",\"sud bih\",\"zlo\u010din\"],\"articleSection\":[\"Bosna i Hercegovina\"],\"inLanguage\":\"bs-BA\"},{\"@type\":\"WebPage\",\"@id\":\"https:\/\/tuzlainfo.ba\/index.php\/bosna-i-hercegovina\/item\/232800-sud-bih-za-zlocine-u-janji-potvrdjeno-12-godina-zatvora\/\",\"url\":\"https:\/\/tuzlainfo.ba\/index.php\/bosna-i-hercegovina\/item\/232800-sud-bih-za-zlocine-u-janji-potvrdjeno-12-godina-zatvora\/\",\"name\":\"Sud BiH: Za zlo\u010dine u Janji potvr\u0111eno 12 godina zatvora - TuzlaInfo.ba\",\"isPartOf\":{\"@id\":\"https:\/\/tuzlainfo.ba\/#website\"},\"primaryImageOfPage\":{\"@id\":\"https:\/\/tuzlainfo.ba\/index.php\/bosna-i-hercegovina\/item\/232800-sud-bih-za-zlocine-u-janji-potvrdjeno-12-godina-zatvora\/#primaryimage\"},\"image\":{\"@id\":\"https:\/\/tuzlainfo.ba\/index.php\/bosna-i-hercegovina\/item\/232800-sud-bih-za-zlocine-u-janji-potvrdjeno-12-godina-zatvora\/#primaryimage\"},\"thumbnailUrl\":\"https:\/\/tuzlainfo.ba\/wp-content\/uploads\/2022\/01\/0601_janja.jpg\",\"datePublished\":\"2024-03-12T08:20:56+00:00\",\"dateModified\":\"2024-03-12T08:20:56+00:00\",\"breadcrumb\":{\"@id\":\"https:\/\/tuzlainfo.ba\/index.php\/bosna-i-hercegovina\/item\/232800-sud-bih-za-zlocine-u-janji-potvrdjeno-12-godina-zatvora\/#breadcrumb\"},\"inLanguage\":\"bs-BA\",\"potentialAction\":[{\"@type\":\"ReadAction\",\"target\":[\"https:\/\/tuzlainfo.ba\/index.php\/bosna-i-hercegovina\/item\/232800-sud-bih-za-zlocine-u-janji-potvrdjeno-12-godina-zatvora\/\"]}]},{\"@type\":\"ImageObject\",\"inLanguage\":\"bs-BA\",\"@id\":\"https:\/\/tuzlainfo.ba\/index.php\/bosna-i-hercegovina\/item\/232800-sud-bih-za-zlocine-u-janji-potvrdjeno-12-godina-zatvora\/#primaryimage\",\"url\":\"https:\/\/tuzlainfo.ba\/wp-content\/uploads\/2022\/01\/0601_janja.jpg\",\"contentUrl\":\"https:\/\/tuzlainfo.ba\/wp-content\/uploads\/2022\/01\/0601_janja.jpg\",\"width\":1200,\"height\":675},{\"@type\":\"BreadcrumbList\",\"@id\":\"https:\/\/tuzlainfo.ba\/index.php\/bosna-i-hercegovina\/item\/232800-sud-bih-za-zlocine-u-janji-potvrdjeno-12-godina-zatvora\/#breadcrumb\",\"itemListElement\":[{\"@type\":\"ListItem\",\"position\":1,\"name\":\"Home\",\"item\":\"https:\/\/tuzlainfo.ba\/\"},{\"@type\":\"ListItem\",\"position\":2,\"name\":\"Sud BiH: Za zlo\u010dine u Janji potvr\u0111eno 12 godina zatvora\"}]},{\"@type\":\"WebSite\",\"@id\":\"https:\/\/tuzlainfo.ba\/#website\",\"url\":\"https:\/\/tuzlainfo.ba\/\",\"name\":\"TuzlaInfo.ba\",\"description\":\"Tuzla info, gradski informator - Tuzla na dlanu\",\"publisher\":{\"@id\":\"https:\/\/tuzlainfo.ba\/#organization\"},\"potentialAction\":[{\"@type\":\"SearchAction\",\"target\":{\"@type\":\"EntryPoint\",\"urlTemplate\":\"https:\/\/tuzlainfo.ba\/?s={search_term_string}\"},\"query-input\":{\"@type\":\"PropertyValueSpecification\",\"valueRequired\":true,\"valueName\":\"search_term_string\"}}],\"inLanguage\":\"bs-BA\"},{\"@type\":\"Organization\",\"@id\":\"https:\/\/tuzlainfo.ba\/#organization\",\"name\":\"TuzlaInfo.ba\",\"url\":\"https:\/\/tuzlainfo.ba\/\",\"logo\":{\"@type\":\"ImageObject\",\"inLanguage\":\"bs-BA\",\"@id\":\"https:\/\/tuzlainfo.ba\/#\/schema\/logo\/image\/\",\"url\":\"https:\/\/tuzlainfo.ba\/wp-content\/uploads\/2021\/03\/logo-ver-3-1.png\",\"contentUrl\":\"https:\/\/tuzlainfo.ba\/wp-content\/uploads\/2021\/03\/logo-ver-3-1.png\",\"width\":350,\"height\":95,\"caption\":\"TuzlaInfo.ba\"},\"image\":{\"@id\":\"https:\/\/tuzlainfo.ba\/#\/schema\/logo\/image\/\"},\"sameAs\":[\"https:\/\/www.facebook.com\/tuzlainfo.ba\/\"]},{\"@type\":\"Person\",\"@id\":\"https:\/\/tuzlainfo.ba\/#\/schema\/person\/f4ebe4fff27e68efb65fa7e18f8af372\",\"name\":\"admin2\",\"image\":{\"@type\":\"ImageObject\",\"inLanguage\":\"bs-BA\",\"@id\":\"https:\/\/tuzlainfo.ba\/#\/schema\/person\/image\/\",\"url\":\"https:\/\/tuzlainfo.ba\/wp-content\/litespeed\/avatar\/8219eeb9a43cff2d096e773737736f62.jpg?ver=1777309398\",\"contentUrl\":\"https:\/\/tuzlainfo.ba\/wp-content\/litespeed\/avatar\/8219eeb9a43cff2d096e773737736f62.jpg?ver=1777309398\",\"caption\":\"admin2\"},\"description\":\"Tuzlainfo.ba pratite na dru\u0161tvenim mre\u017eama: Facebook, Instagram i Youtube. Svoje pri\u010de, upite i fotografije \u0161aljite na na\u0161u e-mail adresu.\",\"sameAs\":[\"admin\"]}]}<\/script>\n<!-- \/ Yoast SEO plugin. -->","yoast_head_json":{"title":"Sud BiH: Za zlo\u010dine u Janji potvr\u0111eno 12 godina zatvora - TuzlaInfo.ba","robots":{"index":"index","follow":"follow","max-snippet":"max-snippet:-1","max-image-preview":"max-image-preview:large","max-video-preview":"max-video-preview:-1"},"canonical":"https:\/\/tuzlainfo.ba\/index.php\/bosna-i-hercegovina\/item\/232800-sud-bih-za-zlocine-u-janji-potvrdjeno-12-godina-zatvora\/","og_locale":"bs_BA","og_type":"article","og_title":"Sud BiH: Za zlo\u010dine u Janji potvr\u0111eno 12 godina zatvora - TuzlaInfo.ba","og_description":"Dr\u017eavni sud potvrdio je prvostepenu presudu kojom su petorica biv\u0161ih pripadnika policije osu\u0111ena na ukupno&hellip;","og_url":"https:\/\/tuzlainfo.ba\/index.php\/bosna-i-hercegovina\/item\/232800-sud-bih-za-zlocine-u-janji-potvrdjeno-12-godina-zatvora\/","og_site_name":"TuzlaInfo.ba","article_publisher":"https:\/\/www.facebook.com\/tuzlainfo.ba\/","article_published_time":"2024-03-12T08:20:56+00:00","og_image":[{"width":1200,"height":675,"url":"https:\/\/tuzlainfo.ba\/wp-content\/uploads\/2022\/01\/0601_janja.jpg","type":"image\/jpeg"}],"author":"admin2","twitter_card":"summary_large_image","twitter_misc":{"Written by":"admin2","Est. reading time":"2 minute"},"schema":{"@context":"https:\/\/schema.org","@graph":[{"@type":"Article","@id":"https:\/\/tuzlainfo.ba\/index.php\/bosna-i-hercegovina\/item\/232800-sud-bih-za-zlocine-u-janji-potvrdjeno-12-godina-zatvora\/#article","isPartOf":{"@id":"https:\/\/tuzlainfo.ba\/index.php\/bosna-i-hercegovina\/item\/232800-sud-bih-za-zlocine-u-janji-potvrdjeno-12-godina-zatvora\/"},"author":{"name":"admin2","@id":"https:\/\/tuzlainfo.ba\/#\/schema\/person\/f4ebe4fff27e68efb65fa7e18f8af372"},"headline":"Sud BiH: Za zlo\u010dine u Janji potvr\u0111eno 12 godina zatvora","datePublished":"2024-03-12T08:20:56+00:00","dateModified":"2024-03-12T08:20:56+00:00","mainEntityOfPage":{"@id":"https:\/\/tuzlainfo.ba\/index.php\/bosna-i-hercegovina\/item\/232800-sud-bih-za-zlocine-u-janji-potvrdjeno-12-godina-zatvora\/"},"wordCount":287,"publisher":{"@id":"https:\/\/tuzlainfo.ba\/#organization"},"image":{"@id":"https:\/\/tuzlainfo.ba\/index.php\/bosna-i-hercegovina\/item\/232800-sud-bih-za-zlocine-u-janji-potvrdjeno-12-godina-zatvora\/#primaryimage"},"thumbnailUrl":"https:\/\/tuzlainfo.ba\/wp-content\/uploads\/2022\/01\/0601_janja.jpg","keywords":["janja","sud bih","zlo\u010din"],"articleSection":["Bosna i Hercegovina"],"inLanguage":"bs-BA"},{"@type":"WebPage","@id":"https:\/\/tuzlainfo.ba\/index.php\/bosna-i-hercegovina\/item\/232800-sud-bih-za-zlocine-u-janji-potvrdjeno-12-godina-zatvora\/","url":"https:\/\/tuzlainfo.ba\/index.php\/bosna-i-hercegovina\/item\/232800-sud-bih-za-zlocine-u-janji-potvrdjeno-12-godina-zatvora\/","name":"Sud BiH: Za zlo\u010dine u Janji potvr\u0111eno 12 godina zatvora - TuzlaInfo.ba","isPartOf":{"@id":"https:\/\/tuzlainfo.ba\/#website"},"primaryImageOfPage":{"@id":"https:\/\/tuzlainfo.ba\/index.php\/bosna-i-hercegovina\/item\/232800-sud-bih-za-zlocine-u-janji-potvrdjeno-12-godina-zatvora\/#primaryimage"},"image":{"@id":"https:\/\/tuzlainfo.ba\/index.php\/bosna-i-hercegovina\/item\/232800-sud-bih-za-zlocine-u-janji-potvrdjeno-12-godina-zatvora\/#primaryimage"},"thumbnailUrl":"https:\/\/tuzlainfo.ba\/wp-content\/uploads\/2022\/01\/0601_janja.jpg","datePublished":"2024-03-12T08:20:56+00:00","dateModified":"2024-03-12T08:20:56+00:00","breadcrumb":{"@id":"https:\/\/tuzlainfo.ba\/index.php\/bosna-i-hercegovina\/item\/232800-sud-bih-za-zlocine-u-janji-potvrdjeno-12-godina-zatvora\/#breadcrumb"},"inLanguage":"bs-BA","potentialAction":[{"@type":"ReadAction","target":["https:\/\/tuzlainfo.ba\/index.php\/bosna-i-hercegovina\/item\/232800-sud-bih-za-zlocine-u-janji-potvrdjeno-12-godina-zatvora\/"]}]},{"@type":"ImageObject","inLanguage":"bs-BA","@id":"https:\/\/tuzlainfo.ba\/index.php\/bosna-i-hercegovina\/item\/232800-sud-bih-za-zlocine-u-janji-potvrdjeno-12-godina-zatvora\/#primaryimage","url":"https:\/\/tuzlainfo.ba\/wp-content\/uploads\/2022\/01\/0601_janja.jpg","contentUrl":"https:\/\/tuzlainfo.ba\/wp-content\/uploads\/2022\/01\/0601_janja.jpg","width":1200,"height":675},{"@type":"BreadcrumbList","@id":"https:\/\/tuzlainfo.ba\/index.php\/bosna-i-hercegovina\/item\/232800-sud-bih-za-zlocine-u-janji-potvrdjeno-12-godina-zatvora\/#breadcrumb","itemListElement":[{"@type":"ListItem","position":1,"name":"Home","item":"https:\/\/tuzlainfo.ba\/"},{"@type":"ListItem","position":2,"name":"Sud BiH: Za zlo\u010dine u Janji potvr\u0111eno 12 godina zatvora"}]},{"@type":"WebSite","@id":"https:\/\/tuzlainfo.ba\/#website","url":"https:\/\/tuzlainfo.ba\/","name":"TuzlaInfo.ba","description":"Tuzla info, gradski informator - Tuzla na dlanu","publisher":{"@id":"https:\/\/tuzlainfo.ba\/#organization"},"potentialAction":[{"@type":"SearchAction","target":{"@type":"EntryPoint","urlTemplate":"https:\/\/tuzlainfo.ba\/?s={search_term_string}"},"query-input":{"@type":"PropertyValueSpecification","valueRequired":true,"valueName":"search_term_string"}}],"inLanguage":"bs-BA"},{"@type":"Organization","@id":"https:\/\/tuzlainfo.ba\/#organization","name":"TuzlaInfo.ba","url":"https:\/\/tuzlainfo.ba\/","logo":{"@type":"ImageObject","inLanguage":"bs-BA","@id":"https:\/\/tuzlainfo.ba\/#\/schema\/logo\/image\/","url":"https:\/\/tuzlainfo.ba\/wp-content\/uploads\/2021\/03\/logo-ver-3-1.png","contentUrl":"https:\/\/tuzlainfo.ba\/wp-content\/uploads\/2021\/03\/logo-ver-3-1.png","width":350,"height":95,"caption":"TuzlaInfo.ba"},"image":{"@id":"https:\/\/tuzlainfo.ba\/#\/schema\/logo\/image\/"},"sameAs":["https:\/\/www.facebook.com\/tuzlainfo.ba\/"]},{"@type":"Person","@id":"https:\/\/tuzlainfo.ba\/#\/schema\/person\/f4ebe4fff27e68efb65fa7e18f8af372","name":"admin2","image":{"@type":"ImageObject","inLanguage":"bs-BA","@id":"https:\/\/tuzlainfo.ba\/#\/schema\/person\/image\/","url":"https:\/\/tuzlainfo.ba\/wp-content\/litespeed\/avatar\/8219eeb9a43cff2d096e773737736f62.jpg?ver=1777309398","contentUrl":"https:\/\/tuzlainfo.ba\/wp-content\/litespeed\/avatar\/8219eeb9a43cff2d096e773737736f62.jpg?ver=1777309398","caption":"admin2"},"description":"Tuzlainfo.ba pratite na dru\u0161tvenim mre\u017eama: Facebook, Instagram i Youtube. Svoje pri\u010de, upite i fotografije \u0161aljite na na\u0161u e-mail adresu.","sameAs":["admin"]}]}},"_links":{"self":[{"href":"https:\/\/tuzlainfo.ba\/index.php\/wp-json\/wp\/v2\/posts\/232800"}],"collection":[{"href":"https:\/\/tuzlainfo.ba\/index.php\/wp-json\/wp\/v2\/posts"}],"about":[{"href":"https:\/\/tuzlainfo.ba\/index.php\/wp-json\/wp\/v2\/types\/post"}],"author":[{"embeddable":true,"href":"https:\/\/tuzlainfo.ba\/index.php\/wp-json\/wp\/v2\/users\/3"}],"replies":[{"embeddable":true,"href":"https:\/\/tuzlainfo.ba\/index.php\/wp-json\/wp\/v2\/comments?post=232800"}],"version-history":[{"count":1,"href":"https:\/\/tuzlainfo.ba\/index.php\/wp-json\/wp\/v2\/posts\/232800\/revisions"}],"predecessor-version":[{"id":232801,"href":"https:\/\/tuzlainfo.ba\/index.php\/wp-json\/wp\/v2\/posts\/232800\/revisions\/232801"}],"wp:featuredmedia":[{"embeddable":true,"href":"https:\/\/tuzlainfo.ba\/index.php\/wp-json\/wp\/v2\/media\/160461"}],"wp:attachment":[{"href":"https:\/\/tuzlainfo.ba\/index.php\/wp-json\/wp\/v2\/media?parent=232800"}],"wp:term":[{"taxonomy":"category","embeddable":true,"href":"https:\/\/tuzlainfo.ba\/index.php\/wp-json\/wp\/v2\/categories?post=232800"},{"taxonomy":"post_tag","embeddable":true,"href":"https:\/\/tuzlainfo.ba\/index.php\/wp-json\/wp\/v2\/tags?post=232800"}],"curies":[{"name":"wp","href":"https:\/\/api.w.org\/{rel}","templated":true}]}}