{"id":232462,"date":"2024-03-09T21:54:04","date_gmt":"2024-03-09T20:54:04","guid":{"rendered":"https:\/\/tuzlainfo.ba\/?p=232462"},"modified":"2024-03-09T21:34:45","modified_gmt":"2024-03-09T20:34:45","slug":"upozorenje-nedjelja-u-bih-donosi-olujne-vjetrove-ovi-dijelovi-su-najugrozeniji","status":"publish","type":"post","link":"https:\/\/tuzlainfo.ba\/index.php\/bosna-i-hercegovina\/item\/232462-upozorenje-nedjelja-u-bih-donosi-olujne-vjetrove-ovi-dijelovi-su-najugrozeniji\/","title":{"rendered":"Upozorenje: Nedjelja u BiH donosi olujne vjetrove, ovi dijelovi su najugro\u017eeniji"},"content":{"rendered":"<p>Na Facebook stranici BH Meteo objavljena je ova vremenska prognoza za drugi dan vikenda u na\u0161oj zemlji. Isti\u010de se kako \u0107e u nedjelju u Bosni i Hercegovini biti jedan vjetrovit i topao dan.<\/p>\n<p>O\u010dekuje se, kako ka\u017eu poja\u010dan jugo \u0161irom zemlje, te navode u ve\u0107em dijelu zemlje o\u010dekuju jaki do olujni udari juga. Na planinama u zapadnom dijelu zemlje o\u010dekuju se i orkanski udari vjetra ja\u010dine i do 90 km\/h.<\/p>\n<p>&#8211;\u00a0Nedjelja(10.03.) nam donosi jo\u0161 jedan vjetrovit i topao dan uz poja\u010dan jugo \u0161irom zemlje. Jugo \u0107e po\u010deti da ja\u010da od jutarnjih sati nedjelje, a dosti\u0107i \u0107e svoj vrhunac u poslijepodnevnim i ve\u010dernjim satima nedjelje. Uz vrhunac vjetra \u0161irom zemlje jaki udari vjetra, u zapadnim, jugozapadnim, centralnim, isto\u010dnim dijelovima Bosne te u ve\u0107em dijelu Hercegovine povremeno olujni udari ja\u010dine do 60 km\/h.<\/p>\n<p>Najja\u010di vjetar se o\u010dekuje u brdsko-planinskim krajevima, prvenstveno na planinama zapadne Bosne uz lokalno orkanske udare vjetra ja\u010dine 80-90 km\/h.<\/p>\n<p><iframe style=\"border: none; overflow: hidden;\" src=\"https:\/\/www.facebook.com\/plugins\/post.php?href=https%3A%2F%2Fwww.facebook.com%2Fbhmeteo.ba%2Fposts%2Fpfbid02YjHq355L9ZDbMQ9YN33bzC7hMi98aBysMibTMDrYu755NR5waz4n5QwNnKnoTpRrl&amp;show_text=true&amp;width=500\" width=\"500\" height=\"513\" frameborder=\"0\" scrolling=\"no\" allowfullscreen=\"allowfullscreen\"><\/iframe><\/p>\n<div class=\"se-embed se-embed--facebook\">\n<p>\u0160to se ti\u010de vremena u nedjelju, o\u010dekuje se uglavnom umjereno do prete\u017eno obla\u010dno vrijeme. Najvi\u0161e obla\u010dnosti tokom dana u Hercegovini i na jugozapadu Bosne uz lokalno slabiju ki\u0161u. Na sjeveru i sjeveroistoku Bosne vi\u0161e sun\u010danog vremena gdje \u0107e biti i najtoplije uz temperature lokalno do 22 \u00b0C.<\/p>\n<p>U nedjelju nave\u010der i u no\u0107i na ponedjeljak prodorom hladne fronte, na zapadu, jugozapadu Bosne i u Hercegovini \u0107e biti ja\u010de ki\u0161e i pljuskova lokalno pra\u0107enih grmljavinom. Prolazno ja\u010da ki\u0161a \u0107e se od jutarnjih sati ponedjeljka postepeno sa zapada \u0161iriti i na ostatak zemlje &#8211; uz ki\u0161u lokalno mogu\u0107a grmljavina.<\/p>\n<p>Dolaskom padavina vjetar \u0107e oslabiti, navode iz BH Meteo.<\/p>\n<\/div>\n","protected":false},"excerpt":{"rendered":"<p>Na Facebook stranici BH Meteo objavljena je ova vremenska prognoza za drugi dan vikenda u na\u0161oj zemlji. Isti\u010de se kako \u0107e u nedjelju u Bosni i Hercegovini biti jedan vjetrovit i topao dan. O\u010dekuje se, kako ka\u017eu poja\u010dan jugo \u0161irom zemlje, te navode u ve\u0107em dijelu zemlje o\u010dekuju jaki do olujni udari juga. Na planinama [&hellip;]<\/p>\n","protected":false},"author":2,"featured_media":65056,"comment_status":"closed","ping_status":"closed","sticky":false,"template":"","format":"standard","meta":{"footnotes":""},"categories":[291,304],"tags":[364,6214],"class_list":["post-232462","post","type-post","status-publish","format-standard","has-post-thumbnail","hentry","category-bosna-i-hercegovina","category-istaknuto","tag-meteoalarm","tag-vjetar"],"yoast_head":"<!-- This site is optimized with the Yoast SEO plugin v28.4 - https:\/\/yoast.com\/product\/yoast-seo-wordpress\/ -->\n<title>Upozorenje: Nedjelja u BiH donosi olujne vjetrove, ovi dijelovi su najugro\u017eeniji<\/title>\n<meta name=\"robots\" content=\"index, follow, max-snippet:-1, max-image-preview:large, max-video-preview:-1\" \/>\n<link rel=\"canonical\" href=\"https:\/\/tuzlainfo.ba\/index.php\/bosna-i-hercegovina\/item\/232462-upozorenje-nedjelja-u-bih-donosi-olujne-vjetrove-ovi-dijelovi-su-najugrozeniji\/\" \/>\n<meta property=\"og:locale\" content=\"bs_BA\" \/>\n<meta property=\"og:type\" content=\"article\" \/>\n<meta property=\"og:title\" content=\"Upozorenje: Nedjelja u BiH donosi olujne vjetrove, ovi dijelovi su najugro\u017eeniji\" \/>\n<meta property=\"og:description\" content=\"Na Facebook stranici BH Meteo objavljena je ova vremenska prognoza za drugi dan vikenda u na\u0161oj zemlji. Isti\u010de se kako \u0107e u nedjelju u Bosni i Hercegovini biti jedan vjetrovit i topao dan. O\u010dekuje se, kako ka\u017eu poja\u010dan jugo \u0161irom zemlje, te navode u ve\u0107em dijelu zemlje o\u010dekuju jaki do olujni udari juga. Na planinama [&hellip;]\" \/>\n<meta property=\"og:url\" content=\"https:\/\/tuzlainfo.ba\/index.php\/bosna-i-hercegovina\/item\/232462-upozorenje-nedjelja-u-bih-donosi-olujne-vjetrove-ovi-dijelovi-su-najugrozeniji\/\" \/>\n<meta property=\"og:site_name\" content=\"TuzlaInfo.ba\" \/>\n<meta property=\"article:publisher\" content=\"https:\/\/www.facebook.com\/tuzlainfo.ba\/\" \/>\n<meta property=\"article:published_time\" content=\"2024-03-09T20:54:04+00:00\" \/>\n<meta property=\"og:image\" content=\"https:\/\/tuzlainfo.ba\/wp-content\/uploads\/2018\/10\/sadrzaj_2018_20181001_2610_vjetar.jpg\" \/>\n\t<meta property=\"og:image:width\" content=\"770\" \/>\n\t<meta property=\"og:image:height\" content=\"433\" \/>\n\t<meta property=\"og:image:type\" content=\"image\/jpeg\" \/>\n<meta name=\"author\" content=\"nedim\" \/>\n<meta name=\"twitter:card\" content=\"summary_large_image\" \/>\n<meta name=\"twitter:label1\" content=\"Written by\" \/>\n\t<meta name=\"twitter:data1\" content=\"nedim\" \/>\n\t<meta name=\"twitter:label2\" content=\"Est. reading time\" \/>\n\t<meta name=\"twitter:data2\" content=\"2 minute\" \/>\n<script type=\"application\/ld+json\" class=\"yoast-schema-graph\">{\"@context\":\"https:\\\/\\\/schema.org\",\"@graph\":[{\"@type\":\"Article\",\"@id\":\"https:\\\/\\\/tuzlainfo.ba\\\/index.php\\\/bosna-i-hercegovina\\\/item\\\/232462-upozorenje-nedjelja-u-bih-donosi-olujne-vjetrove-ovi-dijelovi-su-najugrozeniji\\\/#article\",\"isPartOf\":{\"@id\":\"https:\\\/\\\/tuzlainfo.ba\\\/index.php\\\/bosna-i-hercegovina\\\/item\\\/232462-upozorenje-nedjelja-u-bih-donosi-olujne-vjetrove-ovi-dijelovi-su-najugrozeniji\\\/\"},\"author\":{\"name\":\"nedim\",\"@id\":\"https:\\\/\\\/tuzlainfo.ba\\\/#\\\/schema\\\/person\\\/f434e20dc27ea133923aab08451b7f7f\"},\"headline\":\"Upozorenje: Nedjelja u BiH donosi olujne vjetrove, ovi dijelovi su najugro\u017eeniji\",\"datePublished\":\"2024-03-09T20:54:04+00:00\",\"mainEntityOfPage\":{\"@id\":\"https:\\\/\\\/tuzlainfo.ba\\\/index.php\\\/bosna-i-hercegovina\\\/item\\\/232462-upozorenje-nedjelja-u-bih-donosi-olujne-vjetrove-ovi-dijelovi-su-najugrozeniji\\\/\"},\"wordCount\":308,\"publisher\":{\"@id\":\"https:\\\/\\\/tuzlainfo.ba\\\/#organization\"},\"image\":{\"@id\":\"https:\\\/\\\/tuzlainfo.ba\\\/index.php\\\/bosna-i-hercegovina\\\/item\\\/232462-upozorenje-nedjelja-u-bih-donosi-olujne-vjetrove-ovi-dijelovi-su-najugrozeniji\\\/#primaryimage\"},\"thumbnailUrl\":\"https:\\\/\\\/tuzlainfo.ba\\\/wp-content\\\/uploads\\\/2018\\\/10\\\/sadrzaj_2018_20181001_2610_vjetar.jpg\",\"keywords\":[\"meteoalarm\",\"vjetar\"],\"articleSection\":[\"Bosna i Hercegovina\",\"Istaknuto\"],\"inLanguage\":\"bs-BA\",\"copyrightYear\":\"2024\",\"copyrightHolder\":{\"@id\":\"https:\\\/\\\/tuzlainfo.ba\\\/#organization\"}},{\"@type\":\"WebPage\",\"@id\":\"https:\\\/\\\/tuzlainfo.ba\\\/index.php\\\/bosna-i-hercegovina\\\/item\\\/232462-upozorenje-nedjelja-u-bih-donosi-olujne-vjetrove-ovi-dijelovi-su-najugrozeniji\\\/\",\"url\":\"https:\\\/\\\/tuzlainfo.ba\\\/index.php\\\/bosna-i-hercegovina\\\/item\\\/232462-upozorenje-nedjelja-u-bih-donosi-olujne-vjetrove-ovi-dijelovi-su-najugrozeniji\\\/\",\"name\":\"Upozorenje: Nedjelja u BiH donosi olujne vjetrove, ovi dijelovi su najugro\u017eeniji\",\"isPartOf\":{\"@id\":\"https:\\\/\\\/tuzlainfo.ba\\\/#website\"},\"primaryImageOfPage\":{\"@id\":\"https:\\\/\\\/tuzlainfo.ba\\\/index.php\\\/bosna-i-hercegovina\\\/item\\\/232462-upozorenje-nedjelja-u-bih-donosi-olujne-vjetrove-ovi-dijelovi-su-najugrozeniji\\\/#primaryimage\"},\"image\":{\"@id\":\"https:\\\/\\\/tuzlainfo.ba\\\/index.php\\\/bosna-i-hercegovina\\\/item\\\/232462-upozorenje-nedjelja-u-bih-donosi-olujne-vjetrove-ovi-dijelovi-su-najugrozeniji\\\/#primaryimage\"},\"thumbnailUrl\":\"https:\\\/\\\/tuzlainfo.ba\\\/wp-content\\\/uploads\\\/2018\\\/10\\\/sadrzaj_2018_20181001_2610_vjetar.jpg\",\"datePublished\":\"2024-03-09T20:54:04+00:00\",\"breadcrumb\":{\"@id\":\"https:\\\/\\\/tuzlainfo.ba\\\/index.php\\\/bosna-i-hercegovina\\\/item\\\/232462-upozorenje-nedjelja-u-bih-donosi-olujne-vjetrove-ovi-dijelovi-su-najugrozeniji\\\/#breadcrumb\"},\"inLanguage\":\"bs-BA\",\"potentialAction\":[{\"@type\":\"ReadAction\",\"target\":[\"https:\\\/\\\/tuzlainfo.ba\\\/index.php\\\/bosna-i-hercegovina\\\/item\\\/232462-upozorenje-nedjelja-u-bih-donosi-olujne-vjetrove-ovi-dijelovi-su-najugrozeniji\\\/\"]}]},{\"@type\":\"ImageObject\",\"inLanguage\":\"bs-BA\",\"@id\":\"https:\\\/\\\/tuzlainfo.ba\\\/index.php\\\/bosna-i-hercegovina\\\/item\\\/232462-upozorenje-nedjelja-u-bih-donosi-olujne-vjetrove-ovi-dijelovi-su-najugrozeniji\\\/#primaryimage\",\"url\":\"https:\\\/\\\/tuzlainfo.ba\\\/wp-content\\\/uploads\\\/2018\\\/10\\\/sadrzaj_2018_20181001_2610_vjetar.jpg\",\"contentUrl\":\"https:\\\/\\\/tuzlainfo.ba\\\/wp-content\\\/uploads\\\/2018\\\/10\\\/sadrzaj_2018_20181001_2610_vjetar.jpg\",\"width\":770,\"height\":433,\"caption\":\"2610 vjetar\"},{\"@type\":\"BreadcrumbList\",\"@id\":\"https:\\\/\\\/tuzlainfo.ba\\\/index.php\\\/bosna-i-hercegovina\\\/item\\\/232462-upozorenje-nedjelja-u-bih-donosi-olujne-vjetrove-ovi-dijelovi-su-najugrozeniji\\\/#breadcrumb\",\"itemListElement\":[{\"@type\":\"ListItem\",\"position\":1,\"name\":\"Home\",\"item\":\"https:\\\/\\\/tuzlainfo.ba\\\/\"},{\"@type\":\"ListItem\",\"position\":2,\"name\":\"Upozorenje: Nedjelja u BiH donosi olujne vjetrove, ovi dijelovi su najugro\u017eeniji\"}]},{\"@type\":\"WebSite\",\"@id\":\"https:\\\/\\\/tuzlainfo.ba\\\/#website\",\"url\":\"https:\\\/\\\/tuzlainfo.ba\\\/\",\"name\":\"TuzlaInfo.ba\",\"description\":\"Tuzla info, gradski informator - Tuzla na dlanu\",\"publisher\":{\"@id\":\"https:\\\/\\\/tuzlainfo.ba\\\/#organization\"},\"potentialAction\":[{\"@type\":\"SearchAction\",\"target\":{\"@type\":\"EntryPoint\",\"urlTemplate\":\"https:\\\/\\\/tuzlainfo.ba\\\/?s={search_term_string}\"},\"query-input\":{\"@type\":\"PropertyValueSpecification\",\"valueRequired\":true,\"valueName\":\"search_term_string\"}}],\"inLanguage\":\"bs-BA\"},{\"@type\":\"Organization\",\"@id\":\"https:\\\/\\\/tuzlainfo.ba\\\/#organization\",\"name\":\"TuzlaInfo.ba\",\"url\":\"https:\\\/\\\/tuzlainfo.ba\\\/\",\"logo\":{\"@type\":\"ImageObject\",\"inLanguage\":\"bs-BA\",\"@id\":\"https:\\\/\\\/tuzlainfo.ba\\\/#\\\/schema\\\/logo\\\/image\\\/\",\"url\":\"https:\\\/\\\/tuzlainfo.ba\\\/wp-content\\\/uploads\\\/2021\\\/03\\\/logo-ver-3-1.png\",\"contentUrl\":\"https:\\\/\\\/tuzlainfo.ba\\\/wp-content\\\/uploads\\\/2021\\\/03\\\/logo-ver-3-1.png\",\"width\":350,\"height\":95,\"caption\":\"TuzlaInfo.ba\"},\"image\":{\"@id\":\"https:\\\/\\\/tuzlainfo.ba\\\/#\\\/schema\\\/logo\\\/image\\\/\"},\"sameAs\":[\"https:\\\/\\\/www.facebook.com\\\/tuzlainfo.ba\\\/\"]},{\"@type\":\"Person\",\"@id\":\"https:\\\/\\\/tuzlainfo.ba\\\/#\\\/schema\\\/person\\\/f434e20dc27ea133923aab08451b7f7f\",\"name\":\"nedim\",\"image\":{\"@type\":\"ImageObject\",\"inLanguage\":\"bs-BA\",\"@id\":\"https:\\\/\\\/secure.gravatar.com\\\/avatar\\\/5b928a2e7e70a54208d2eb6c1edcb75a5350d6ae97d5f0a701203d456823f6f3?s=96&d=mm&r=g\",\"url\":\"https:\\\/\\\/secure.gravatar.com\\\/avatar\\\/5b928a2e7e70a54208d2eb6c1edcb75a5350d6ae97d5f0a701203d456823f6f3?s=96&d=mm&r=g\",\"contentUrl\":\"https:\\\/\\\/secure.gravatar.com\\\/avatar\\\/5b928a2e7e70a54208d2eb6c1edcb75a5350d6ae97d5f0a701203d456823f6f3?s=96&d=mm&r=g\",\"caption\":\"nedim\"},\"description\":\"Tuzlainfo.ba pratite na dru\u0161tvenim mre\u017eama: Facebook, Instagram i Youtube. Svoje pri\u010de, upite i fotografije \u0161aljite na na\u0161u e-mail adresu.\"}]}<\/script>\n<!-- \/ Yoast SEO plugin. -->","yoast_head_json":{"title":"Upozorenje: Nedjelja u BiH donosi olujne vjetrove, ovi dijelovi su najugro\u017eeniji","robots":{"index":"index","follow":"follow","max-snippet":"max-snippet:-1","max-image-preview":"max-image-preview:large","max-video-preview":"max-video-preview:-1"},"canonical":"https:\/\/tuzlainfo.ba\/index.php\/bosna-i-hercegovina\/item\/232462-upozorenje-nedjelja-u-bih-donosi-olujne-vjetrove-ovi-dijelovi-su-najugrozeniji\/","og_locale":"bs_BA","og_type":"article","og_title":"Upozorenje: Nedjelja u BiH donosi olujne vjetrove, ovi dijelovi su najugro\u017eeniji","og_description":"Na Facebook stranici BH Meteo objavljena je ova vremenska prognoza za drugi dan vikenda u na\u0161oj zemlji. Isti\u010de se kako \u0107e u nedjelju u Bosni i Hercegovini biti jedan vjetrovit i topao dan. O\u010dekuje se, kako ka\u017eu poja\u010dan jugo \u0161irom zemlje, te navode u ve\u0107em dijelu zemlje o\u010dekuju jaki do olujni udari juga. Na planinama [&hellip;]","og_url":"https:\/\/tuzlainfo.ba\/index.php\/bosna-i-hercegovina\/item\/232462-upozorenje-nedjelja-u-bih-donosi-olujne-vjetrove-ovi-dijelovi-su-najugrozeniji\/","og_site_name":"TuzlaInfo.ba","article_publisher":"https:\/\/www.facebook.com\/tuzlainfo.ba\/","article_published_time":"2024-03-09T20:54:04+00:00","og_image":[{"width":770,"height":433,"url":"https:\/\/tuzlainfo.ba\/wp-content\/uploads\/2018\/10\/sadrzaj_2018_20181001_2610_vjetar.jpg","type":"image\/jpeg"}],"author":"nedim","twitter_card":"summary_large_image","twitter_misc":{"Written by":"nedim","Est. reading time":"2 minute"},"schema":{"@context":"https:\/\/schema.org","@graph":[{"@type":"Article","@id":"https:\/\/tuzlainfo.ba\/index.php\/bosna-i-hercegovina\/item\/232462-upozorenje-nedjelja-u-bih-donosi-olujne-vjetrove-ovi-dijelovi-su-najugrozeniji\/#article","isPartOf":{"@id":"https:\/\/tuzlainfo.ba\/index.php\/bosna-i-hercegovina\/item\/232462-upozorenje-nedjelja-u-bih-donosi-olujne-vjetrove-ovi-dijelovi-su-najugrozeniji\/"},"author":{"name":"nedim","@id":"https:\/\/tuzlainfo.ba\/#\/schema\/person\/f434e20dc27ea133923aab08451b7f7f"},"headline":"Upozorenje: Nedjelja u BiH donosi olujne vjetrove, ovi dijelovi su najugro\u017eeniji","datePublished":"2024-03-09T20:54:04+00:00","mainEntityOfPage":{"@id":"https:\/\/tuzlainfo.ba\/index.php\/bosna-i-hercegovina\/item\/232462-upozorenje-nedjelja-u-bih-donosi-olujne-vjetrove-ovi-dijelovi-su-najugrozeniji\/"},"wordCount":308,"publisher":{"@id":"https:\/\/tuzlainfo.ba\/#organization"},"image":{"@id":"https:\/\/tuzlainfo.ba\/index.php\/bosna-i-hercegovina\/item\/232462-upozorenje-nedjelja-u-bih-donosi-olujne-vjetrove-ovi-dijelovi-su-najugrozeniji\/#primaryimage"},"thumbnailUrl":"https:\/\/tuzlainfo.ba\/wp-content\/uploads\/2018\/10\/sadrzaj_2018_20181001_2610_vjetar.jpg","keywords":["meteoalarm","vjetar"],"articleSection":["Bosna i Hercegovina","Istaknuto"],"inLanguage":"bs-BA","copyrightYear":"2024","copyrightHolder":{"@id":"https:\/\/tuzlainfo.ba\/#organization"}},{"@type":"WebPage","@id":"https:\/\/tuzlainfo.ba\/index.php\/bosna-i-hercegovina\/item\/232462-upozorenje-nedjelja-u-bih-donosi-olujne-vjetrove-ovi-dijelovi-su-najugrozeniji\/","url":"https:\/\/tuzlainfo.ba\/index.php\/bosna-i-hercegovina\/item\/232462-upozorenje-nedjelja-u-bih-donosi-olujne-vjetrove-ovi-dijelovi-su-najugrozeniji\/","name":"Upozorenje: Nedjelja u BiH donosi olujne vjetrove, ovi dijelovi su najugro\u017eeniji","isPartOf":{"@id":"https:\/\/tuzlainfo.ba\/#website"},"primaryImageOfPage":{"@id":"https:\/\/tuzlainfo.ba\/index.php\/bosna-i-hercegovina\/item\/232462-upozorenje-nedjelja-u-bih-donosi-olujne-vjetrove-ovi-dijelovi-su-najugrozeniji\/#primaryimage"},"image":{"@id":"https:\/\/tuzlainfo.ba\/index.php\/bosna-i-hercegovina\/item\/232462-upozorenje-nedjelja-u-bih-donosi-olujne-vjetrove-ovi-dijelovi-su-najugrozeniji\/#primaryimage"},"thumbnailUrl":"https:\/\/tuzlainfo.ba\/wp-content\/uploads\/2018\/10\/sadrzaj_2018_20181001_2610_vjetar.jpg","datePublished":"2024-03-09T20:54:04+00:00","breadcrumb":{"@id":"https:\/\/tuzlainfo.ba\/index.php\/bosna-i-hercegovina\/item\/232462-upozorenje-nedjelja-u-bih-donosi-olujne-vjetrove-ovi-dijelovi-su-najugrozeniji\/#breadcrumb"},"inLanguage":"bs-BA","potentialAction":[{"@type":"ReadAction","target":["https:\/\/tuzlainfo.ba\/index.php\/bosna-i-hercegovina\/item\/232462-upozorenje-nedjelja-u-bih-donosi-olujne-vjetrove-ovi-dijelovi-su-najugrozeniji\/"]}]},{"@type":"ImageObject","inLanguage":"bs-BA","@id":"https:\/\/tuzlainfo.ba\/index.php\/bosna-i-hercegovina\/item\/232462-upozorenje-nedjelja-u-bih-donosi-olujne-vjetrove-ovi-dijelovi-su-najugrozeniji\/#primaryimage","url":"https:\/\/tuzlainfo.ba\/wp-content\/uploads\/2018\/10\/sadrzaj_2018_20181001_2610_vjetar.jpg","contentUrl":"https:\/\/tuzlainfo.ba\/wp-content\/uploads\/2018\/10\/sadrzaj_2018_20181001_2610_vjetar.jpg","width":770,"height":433,"caption":"2610 vjetar"},{"@type":"BreadcrumbList","@id":"https:\/\/tuzlainfo.ba\/index.php\/bosna-i-hercegovina\/item\/232462-upozorenje-nedjelja-u-bih-donosi-olujne-vjetrove-ovi-dijelovi-su-najugrozeniji\/#breadcrumb","itemListElement":[{"@type":"ListItem","position":1,"name":"Home","item":"https:\/\/tuzlainfo.ba\/"},{"@type":"ListItem","position":2,"name":"Upozorenje: Nedjelja u BiH donosi olujne vjetrove, ovi dijelovi su najugro\u017eeniji"}]},{"@type":"WebSite","@id":"https:\/\/tuzlainfo.ba\/#website","url":"https:\/\/tuzlainfo.ba\/","name":"TuzlaInfo.ba","description":"Tuzla info, gradski informator - Tuzla na dlanu","publisher":{"@id":"https:\/\/tuzlainfo.ba\/#organization"},"potentialAction":[{"@type":"SearchAction","target":{"@type":"EntryPoint","urlTemplate":"https:\/\/tuzlainfo.ba\/?s={search_term_string}"},"query-input":{"@type":"PropertyValueSpecification","valueRequired":true,"valueName":"search_term_string"}}],"inLanguage":"bs-BA"},{"@type":"Organization","@id":"https:\/\/tuzlainfo.ba\/#organization","name":"TuzlaInfo.ba","url":"https:\/\/tuzlainfo.ba\/","logo":{"@type":"ImageObject","inLanguage":"bs-BA","@id":"https:\/\/tuzlainfo.ba\/#\/schema\/logo\/image\/","url":"https:\/\/tuzlainfo.ba\/wp-content\/uploads\/2021\/03\/logo-ver-3-1.png","contentUrl":"https:\/\/tuzlainfo.ba\/wp-content\/uploads\/2021\/03\/logo-ver-3-1.png","width":350,"height":95,"caption":"TuzlaInfo.ba"},"image":{"@id":"https:\/\/tuzlainfo.ba\/#\/schema\/logo\/image\/"},"sameAs":["https:\/\/www.facebook.com\/tuzlainfo.ba\/"]},{"@type":"Person","@id":"https:\/\/tuzlainfo.ba\/#\/schema\/person\/f434e20dc27ea133923aab08451b7f7f","name":"nedim","image":{"@type":"ImageObject","inLanguage":"bs-BA","@id":"https:\/\/secure.gravatar.com\/avatar\/5b928a2e7e70a54208d2eb6c1edcb75a5350d6ae97d5f0a701203d456823f6f3?s=96&d=mm&r=g","url":"https:\/\/secure.gravatar.com\/avatar\/5b928a2e7e70a54208d2eb6c1edcb75a5350d6ae97d5f0a701203d456823f6f3?s=96&d=mm&r=g","contentUrl":"https:\/\/secure.gravatar.com\/avatar\/5b928a2e7e70a54208d2eb6c1edcb75a5350d6ae97d5f0a701203d456823f6f3?s=96&d=mm&r=g","caption":"nedim"},"description":"Tuzlainfo.ba pratite na dru\u0161tvenim mre\u017eama: Facebook, Instagram i Youtube. Svoje pri\u010de, upite i fotografije \u0161aljite na na\u0161u e-mail adresu."}]}},"_links":{"self":[{"href":"https:\/\/tuzlainfo.ba\/index.php\/wp-json\/wp\/v2\/posts\/232462","targetHints":{"allow":["GET"]}}],"collection":[{"href":"https:\/\/tuzlainfo.ba\/index.php\/wp-json\/wp\/v2\/posts"}],"about":[{"href":"https:\/\/tuzlainfo.ba\/index.php\/wp-json\/wp\/v2\/types\/post"}],"author":[{"embeddable":true,"href":"https:\/\/tuzlainfo.ba\/index.php\/wp-json\/wp\/v2\/users\/2"}],"replies":[{"embeddable":true,"href":"https:\/\/tuzlainfo.ba\/index.php\/wp-json\/wp\/v2\/comments?post=232462"}],"version-history":[{"count":1,"href":"https:\/\/tuzlainfo.ba\/index.php\/wp-json\/wp\/v2\/posts\/232462\/revisions"}],"predecessor-version":[{"id":232463,"href":"https:\/\/tuzlainfo.ba\/index.php\/wp-json\/wp\/v2\/posts\/232462\/revisions\/232463"}],"wp:featuredmedia":[{"embeddable":true,"href":"https:\/\/tuzlainfo.ba\/index.php\/wp-json\/wp\/v2\/media\/65056"}],"wp:attachment":[{"href":"https:\/\/tuzlainfo.ba\/index.php\/wp-json\/wp\/v2\/media?parent=232462"}],"wp:term":[{"taxonomy":"category","embeddable":true,"href":"https:\/\/tuzlainfo.ba\/index.php\/wp-json\/wp\/v2\/categories?post=232462"},{"taxonomy":"post_tag","embeddable":true,"href":"https:\/\/tuzlainfo.ba\/index.php\/wp-json\/wp\/v2\/tags?post=232462"}],"curies":[{"name":"wp","href":"https:\/\/api.w.org\/{rel}","templated":true}]}}