{"id":232202,"date":"2024-03-08T12:30:38","date_gmt":"2024-03-08T11:30:38","guid":{"rendered":"https:\/\/tuzlainfo.ba\/?p=232202"},"modified":"2024-03-08T11:02:39","modified_gmt":"2024-03-08T10:02:39","slug":"trebinje-i-trudnica-medju-osumnjicenima-u-akciji-xbon","status":"publish","type":"post","link":"https:\/\/tuzlainfo.ba\/index.php\/bosna-i-hercegovina\/item\/232202-trebinje-i-trudnica-medju-osumnjicenima-u-akciji-xbon\/","title":{"rendered":"Trebinje: I trudnica me\u0111u osumnji\u010denima u akciji \u201cXbon\u201d"},"content":{"rendered":"<p>Policija je uhapsila \u0161est osoba u akciji &#8220;Xbon&#8221;, koja se odnosi na kladioni\u010darske prevare u kojima je o\u0161te\u0107eno vi\u0161e osoba.<\/p>\n<p>Akciju su sprovele Policijska uprava Trebinje i Jedinica za visokotehnolo\u0161ki kriminalitet Ministarstva unutra\u0161njih poslova Republike Srpske, a pod nadzorom Okru\u017enog javnog tu\u017eila\u0161tva u Trebinju.<\/p>\n<p>Zbog toga su u srijedu uhapsili B.H., M.Z., I.\u0106., S.B., N.\u0160. I M.M., a koje dovode u vezu sa kladioni\u010darskim prevarama.<\/p>\n<p>\u201cB.H. iz Mostara i M.Z. iz Trebinja su osumnji\u010deni da su za sebe ili druge osobe pribavljali protivpravnu korist prikazivanjem la\u017enih \u010dinjenica putem dru\u0161tvenih mre\u017ea, a u vezi sa rezultatima sportskih utakmica i upu\u0107ivanjem prijetnji\u201d, navode iz Policijske uprave Trebinje.<\/p>\n<p>Na taj na\u010din su, kako ih terete, dovodili u zabludu kladioni\u010dare da im vi\u0161e puta uplate bon na njihova imena ili na ime na S.P., I.\u0106., S.B., N.\u0160. i M.M. B.H. i M.Z. su osumnji\u010deni za prevaru, iznudu i pranje novca, a S.P., I.\u0106., S.B., N.\u0160. i M.M. za pranje novca.<\/p>\n<p>Me\u0111u uhap\u0161enima su Trebinjac i Mostarac koji su, izme\u0111u ostalog, osumnji\u010deni i za upu\u0107ivanje prijetnji, dovodiv\u0161i na taj na\u010din u zabludu o\u0161te\u0107ene da im vi\u0161e puta uplate takozvani \u201ciks bon\u201d na njihova imena ili na imena drugih osoba.<\/p>\n<p>Sedma osoba koja je obuhva\u0107ena akcijom je S.P. i, prema nezvani\u010dnim saznanjima, ona je u poodmakloj trudno\u0107i, tako da nije uhap\u0161ena.<\/p>\n<p>\u201cAkcija je usmjerena na otkrivanje i dokumentovanje krivi\u010dnih djela prevara, iznuda i pranje novca, pa su zbog toga izvr\u0161eni pretresi na \u0161est lokacija, i to jedan na podru\u010dju Mostara, dva na podru\u010dju Trebinja, jedan Fo\u010de, jedan u \u010capljini i jedan u \u010citluku\u201d, pojasnio je na vanrednoj pres-konferenciji na\u010delnik Policijske uprave Trebinje Sini\u0161a Laketa.<\/p>\n<p>On je pojasnio da je prilikom pretresa oduzeto 11 mobilnih telefona razli\u010ditih marki, laptop, tablet, vi\u0161e SIM kartica, dvije memorijske kartice, \u010detiri bankovne kartice i drugi predmeti koji \u0107e poslu\u017eiti kao dokaz u istrazi. Napomenuo je da su, osim pomenutog Mostarca i Trebinjca koji su ve\u0107 predati u Okru\u017eno javno tu\u017eila\u0161tvo, u prostorijama Policijske uprave Trebinje saslu\u0161ani i drugi uhap\u0161eni, gdje se dokumentuju krivi\u010dna djela. Policija sprovodi ove aktivnosti u posljednja tri mjeseca i do sada je, kako nezvani\u010dno saznajemo, istraga utvrdila da susamo od jedne prevarene osobene zakonito uzeli preko 40.000 maraka, ali aktivnosti policijeovim jo\u0161 nisu zavr\u0161ene.<\/p>\n<p>Nije poznato da li su osumnji\u010deni koji su iz nekoliko hercegova\u010dkih gradova djelovali umre\u017eeno.<\/p>\n","protected":false},"excerpt":{"rendered":"<p>Policija je uhapsila \u0161est osoba u akciji &#8220;Xbon&#8221;, koja se odnosi na kladioni\u010darske prevare u&hellip;<\/p>\n","protected":false},"author":3,"featured_media":184059,"comment_status":"closed","ping_status":"closed","sticky":false,"template":"","format":"standard","meta":{"_acf_changed":false,"footnotes":""},"categories":[291],"tags":[9733,4490,9742],"acf":[],"yoast_head":"<!-- This site is optimized with the Yoast SEO plugin v23.5 - https:\/\/yoast.com\/wordpress\/plugins\/seo\/ -->\n<title>Trebinje: I trudnica me\u0111u osumnji\u010denima u akciji \u201cXbon\u201d - TuzlaInfo.ba<\/title>\n<meta name=\"robots\" content=\"index, follow, max-snippet:-1, max-image-preview:large, max-video-preview:-1\" \/>\n<link rel=\"canonical\" href=\"https:\/\/tuzlainfo.ba\/index.php\/bosna-i-hercegovina\/item\/232202-trebinje-i-trudnica-medju-osumnjicenima-u-akciji-xbon\/\" \/>\n<meta property=\"og:locale\" content=\"bs_BA\" \/>\n<meta property=\"og:type\" content=\"article\" \/>\n<meta property=\"og:title\" content=\"Trebinje: I trudnica me\u0111u osumnji\u010denima u akciji \u201cXbon\u201d - TuzlaInfo.ba\" \/>\n<meta property=\"og:description\" content=\"Policija je uhapsila \u0161est osoba u akciji &#8220;Xbon&#8221;, koja se odnosi na kladioni\u010darske prevare u&hellip;\" \/>\n<meta property=\"og:url\" content=\"https:\/\/tuzlainfo.ba\/index.php\/bosna-i-hercegovina\/item\/232202-trebinje-i-trudnica-medju-osumnjicenima-u-akciji-xbon\/\" \/>\n<meta property=\"og:site_name\" content=\"TuzlaInfo.ba\" \/>\n<meta property=\"article:publisher\" content=\"https:\/\/www.facebook.com\/tuzlainfo.ba\/\" \/>\n<meta property=\"article:published_time\" content=\"2024-03-08T11:30:38+00:00\" \/>\n<meta property=\"article:modified_time\" content=\"2024-03-08T10:02:39+00:00\" \/>\n<meta property=\"og:image\" content=\"https:\/\/tuzlainfo.ba\/wp-content\/uploads\/2022\/09\/hapsenje-lisice-zena-shutterstock.jpeg\" \/>\n\t<meta property=\"og:image:width\" content=\"940\" \/>\n\t<meta property=\"og:image:height\" content=\"529\" \/>\n\t<meta property=\"og:image:type\" content=\"image\/jpeg\" \/>\n<meta name=\"author\" content=\"admin2\" \/>\n<meta name=\"twitter:card\" content=\"summary_large_image\" \/>\n<meta name=\"twitter:label1\" content=\"Written by\" \/>\n\t<meta name=\"twitter:data1\" content=\"admin2\" \/>\n\t<meta name=\"twitter:label2\" content=\"Est. reading time\" \/>\n\t<meta name=\"twitter:data2\" content=\"3 minute\" \/>\n<script type=\"application\/ld+json\" class=\"yoast-schema-graph\">{\"@context\":\"https:\/\/schema.org\",\"@graph\":[{\"@type\":\"Article\",\"@id\":\"https:\/\/tuzlainfo.ba\/index.php\/bosna-i-hercegovina\/item\/232202-trebinje-i-trudnica-medju-osumnjicenima-u-akciji-xbon\/#article\",\"isPartOf\":{\"@id\":\"https:\/\/tuzlainfo.ba\/index.php\/bosna-i-hercegovina\/item\/232202-trebinje-i-trudnica-medju-osumnjicenima-u-akciji-xbon\/\"},\"author\":{\"name\":\"admin2\",\"@id\":\"https:\/\/tuzlainfo.ba\/#\/schema\/person\/f4ebe4fff27e68efb65fa7e18f8af372\"},\"headline\":\"Trebinje: I trudnica me\u0111u osumnji\u010denima u akciji \u201cXbon\u201d\",\"datePublished\":\"2024-03-08T11:30:38+00:00\",\"dateModified\":\"2024-03-08T10:02:39+00:00\",\"mainEntityOfPage\":{\"@id\":\"https:\/\/tuzlainfo.ba\/index.php\/bosna-i-hercegovina\/item\/232202-trebinje-i-trudnica-medju-osumnjicenima-u-akciji-xbon\/\"},\"wordCount\":458,\"publisher\":{\"@id\":\"https:\/\/tuzlainfo.ba\/#organization\"},\"image\":{\"@id\":\"https:\/\/tuzlainfo.ba\/index.php\/bosna-i-hercegovina\/item\/232202-trebinje-i-trudnica-medju-osumnjicenima-u-akciji-xbon\/#primaryimage\"},\"thumbnailUrl\":\"https:\/\/tuzlainfo.ba\/wp-content\/uploads\/2022\/09\/hapsenje-lisice-zena-shutterstock.jpeg\",\"keywords\":[\"policijska akcija\",\"trebinje\",\"xbon\"],\"articleSection\":[\"Bosna i Hercegovina\"],\"inLanguage\":\"bs-BA\"},{\"@type\":\"WebPage\",\"@id\":\"https:\/\/tuzlainfo.ba\/index.php\/bosna-i-hercegovina\/item\/232202-trebinje-i-trudnica-medju-osumnjicenima-u-akciji-xbon\/\",\"url\":\"https:\/\/tuzlainfo.ba\/index.php\/bosna-i-hercegovina\/item\/232202-trebinje-i-trudnica-medju-osumnjicenima-u-akciji-xbon\/\",\"name\":\"Trebinje: I trudnica me\u0111u osumnji\u010denima u akciji \u201cXbon\u201d - TuzlaInfo.ba\",\"isPartOf\":{\"@id\":\"https:\/\/tuzlainfo.ba\/#website\"},\"primaryImageOfPage\":{\"@id\":\"https:\/\/tuzlainfo.ba\/index.php\/bosna-i-hercegovina\/item\/232202-trebinje-i-trudnica-medju-osumnjicenima-u-akciji-xbon\/#primaryimage\"},\"image\":{\"@id\":\"https:\/\/tuzlainfo.ba\/index.php\/bosna-i-hercegovina\/item\/232202-trebinje-i-trudnica-medju-osumnjicenima-u-akciji-xbon\/#primaryimage\"},\"thumbnailUrl\":\"https:\/\/tuzlainfo.ba\/wp-content\/uploads\/2022\/09\/hapsenje-lisice-zena-shutterstock.jpeg\",\"datePublished\":\"2024-03-08T11:30:38+00:00\",\"dateModified\":\"2024-03-08T10:02:39+00:00\",\"breadcrumb\":{\"@id\":\"https:\/\/tuzlainfo.ba\/index.php\/bosna-i-hercegovina\/item\/232202-trebinje-i-trudnica-medju-osumnjicenima-u-akciji-xbon\/#breadcrumb\"},\"inLanguage\":\"bs-BA\",\"potentialAction\":[{\"@type\":\"ReadAction\",\"target\":[\"https:\/\/tuzlainfo.ba\/index.php\/bosna-i-hercegovina\/item\/232202-trebinje-i-trudnica-medju-osumnjicenima-u-akciji-xbon\/\"]}]},{\"@type\":\"ImageObject\",\"inLanguage\":\"bs-BA\",\"@id\":\"https:\/\/tuzlainfo.ba\/index.php\/bosna-i-hercegovina\/item\/232202-trebinje-i-trudnica-medju-osumnjicenima-u-akciji-xbon\/#primaryimage\",\"url\":\"https:\/\/tuzlainfo.ba\/wp-content\/uploads\/2022\/09\/hapsenje-lisice-zena-shutterstock.jpeg\",\"contentUrl\":\"https:\/\/tuzlainfo.ba\/wp-content\/uploads\/2022\/09\/hapsenje-lisice-zena-shutterstock.jpeg\",\"width\":940,\"height\":529,\"caption\":\"Foto: shutterstock \/ Ilistracija\"},{\"@type\":\"BreadcrumbList\",\"@id\":\"https:\/\/tuzlainfo.ba\/index.php\/bosna-i-hercegovina\/item\/232202-trebinje-i-trudnica-medju-osumnjicenima-u-akciji-xbon\/#breadcrumb\",\"itemListElement\":[{\"@type\":\"ListItem\",\"position\":1,\"name\":\"Home\",\"item\":\"https:\/\/tuzlainfo.ba\/\"},{\"@type\":\"ListItem\",\"position\":2,\"name\":\"Trebinje: I trudnica me\u0111u osumnji\u010denima u akciji \u201cXbon\u201d\"}]},{\"@type\":\"WebSite\",\"@id\":\"https:\/\/tuzlainfo.ba\/#website\",\"url\":\"https:\/\/tuzlainfo.ba\/\",\"name\":\"TuzlaInfo.ba\",\"description\":\"Tuzla info, gradski informator - Tuzla na dlanu\",\"publisher\":{\"@id\":\"https:\/\/tuzlainfo.ba\/#organization\"},\"potentialAction\":[{\"@type\":\"SearchAction\",\"target\":{\"@type\":\"EntryPoint\",\"urlTemplate\":\"https:\/\/tuzlainfo.ba\/?s={search_term_string}\"},\"query-input\":{\"@type\":\"PropertyValueSpecification\",\"valueRequired\":true,\"valueName\":\"search_term_string\"}}],\"inLanguage\":\"bs-BA\"},{\"@type\":\"Organization\",\"@id\":\"https:\/\/tuzlainfo.ba\/#organization\",\"name\":\"TuzlaInfo.ba\",\"url\":\"https:\/\/tuzlainfo.ba\/\",\"logo\":{\"@type\":\"ImageObject\",\"inLanguage\":\"bs-BA\",\"@id\":\"https:\/\/tuzlainfo.ba\/#\/schema\/logo\/image\/\",\"url\":\"https:\/\/tuzlainfo.ba\/wp-content\/uploads\/2021\/03\/logo-ver-3-1.png\",\"contentUrl\":\"https:\/\/tuzlainfo.ba\/wp-content\/uploads\/2021\/03\/logo-ver-3-1.png\",\"width\":350,\"height\":95,\"caption\":\"TuzlaInfo.ba\"},\"image\":{\"@id\":\"https:\/\/tuzlainfo.ba\/#\/schema\/logo\/image\/\"},\"sameAs\":[\"https:\/\/www.facebook.com\/tuzlainfo.ba\/\"]},{\"@type\":\"Person\",\"@id\":\"https:\/\/tuzlainfo.ba\/#\/schema\/person\/f4ebe4fff27e68efb65fa7e18f8af372\",\"name\":\"admin2\",\"image\":{\"@type\":\"ImageObject\",\"inLanguage\":\"bs-BA\",\"@id\":\"https:\/\/tuzlainfo.ba\/#\/schema\/person\/image\/\",\"url\":\"https:\/\/tuzlainfo.ba\/wp-content\/litespeed\/avatar\/8219eeb9a43cff2d096e773737736f62.jpg?ver=1777309398\",\"contentUrl\":\"https:\/\/tuzlainfo.ba\/wp-content\/litespeed\/avatar\/8219eeb9a43cff2d096e773737736f62.jpg?ver=1777309398\",\"caption\":\"admin2\"},\"description\":\"Tuzlainfo.ba pratite na dru\u0161tvenim mre\u017eama: Facebook, Instagram i Youtube. Svoje pri\u010de, upite i fotografije \u0161aljite na na\u0161u e-mail adresu.\",\"sameAs\":[\"admin\"]}]}<\/script>\n<!-- \/ Yoast SEO plugin. -->","yoast_head_json":{"title":"Trebinje: I trudnica me\u0111u osumnji\u010denima u akciji \u201cXbon\u201d - TuzlaInfo.ba","robots":{"index":"index","follow":"follow","max-snippet":"max-snippet:-1","max-image-preview":"max-image-preview:large","max-video-preview":"max-video-preview:-1"},"canonical":"https:\/\/tuzlainfo.ba\/index.php\/bosna-i-hercegovina\/item\/232202-trebinje-i-trudnica-medju-osumnjicenima-u-akciji-xbon\/","og_locale":"bs_BA","og_type":"article","og_title":"Trebinje: I trudnica me\u0111u osumnji\u010denima u akciji \u201cXbon\u201d - TuzlaInfo.ba","og_description":"Policija je uhapsila \u0161est osoba u akciji &#8220;Xbon&#8221;, koja se odnosi na kladioni\u010darske prevare u&hellip;","og_url":"https:\/\/tuzlainfo.ba\/index.php\/bosna-i-hercegovina\/item\/232202-trebinje-i-trudnica-medju-osumnjicenima-u-akciji-xbon\/","og_site_name":"TuzlaInfo.ba","article_publisher":"https:\/\/www.facebook.com\/tuzlainfo.ba\/","article_published_time":"2024-03-08T11:30:38+00:00","article_modified_time":"2024-03-08T10:02:39+00:00","og_image":[{"width":940,"height":529,"url":"https:\/\/tuzlainfo.ba\/wp-content\/uploads\/2022\/09\/hapsenje-lisice-zena-shutterstock.jpeg","type":"image\/jpeg"}],"author":"admin2","twitter_card":"summary_large_image","twitter_misc":{"Written by":"admin2","Est. reading time":"3 minute"},"schema":{"@context":"https:\/\/schema.org","@graph":[{"@type":"Article","@id":"https:\/\/tuzlainfo.ba\/index.php\/bosna-i-hercegovina\/item\/232202-trebinje-i-trudnica-medju-osumnjicenima-u-akciji-xbon\/#article","isPartOf":{"@id":"https:\/\/tuzlainfo.ba\/index.php\/bosna-i-hercegovina\/item\/232202-trebinje-i-trudnica-medju-osumnjicenima-u-akciji-xbon\/"},"author":{"name":"admin2","@id":"https:\/\/tuzlainfo.ba\/#\/schema\/person\/f4ebe4fff27e68efb65fa7e18f8af372"},"headline":"Trebinje: I trudnica me\u0111u osumnji\u010denima u akciji \u201cXbon\u201d","datePublished":"2024-03-08T11:30:38+00:00","dateModified":"2024-03-08T10:02:39+00:00","mainEntityOfPage":{"@id":"https:\/\/tuzlainfo.ba\/index.php\/bosna-i-hercegovina\/item\/232202-trebinje-i-trudnica-medju-osumnjicenima-u-akciji-xbon\/"},"wordCount":458,"publisher":{"@id":"https:\/\/tuzlainfo.ba\/#organization"},"image":{"@id":"https:\/\/tuzlainfo.ba\/index.php\/bosna-i-hercegovina\/item\/232202-trebinje-i-trudnica-medju-osumnjicenima-u-akciji-xbon\/#primaryimage"},"thumbnailUrl":"https:\/\/tuzlainfo.ba\/wp-content\/uploads\/2022\/09\/hapsenje-lisice-zena-shutterstock.jpeg","keywords":["policijska akcija","trebinje","xbon"],"articleSection":["Bosna i Hercegovina"],"inLanguage":"bs-BA"},{"@type":"WebPage","@id":"https:\/\/tuzlainfo.ba\/index.php\/bosna-i-hercegovina\/item\/232202-trebinje-i-trudnica-medju-osumnjicenima-u-akciji-xbon\/","url":"https:\/\/tuzlainfo.ba\/index.php\/bosna-i-hercegovina\/item\/232202-trebinje-i-trudnica-medju-osumnjicenima-u-akciji-xbon\/","name":"Trebinje: I trudnica me\u0111u osumnji\u010denima u akciji \u201cXbon\u201d - TuzlaInfo.ba","isPartOf":{"@id":"https:\/\/tuzlainfo.ba\/#website"},"primaryImageOfPage":{"@id":"https:\/\/tuzlainfo.ba\/index.php\/bosna-i-hercegovina\/item\/232202-trebinje-i-trudnica-medju-osumnjicenima-u-akciji-xbon\/#primaryimage"},"image":{"@id":"https:\/\/tuzlainfo.ba\/index.php\/bosna-i-hercegovina\/item\/232202-trebinje-i-trudnica-medju-osumnjicenima-u-akciji-xbon\/#primaryimage"},"thumbnailUrl":"https:\/\/tuzlainfo.ba\/wp-content\/uploads\/2022\/09\/hapsenje-lisice-zena-shutterstock.jpeg","datePublished":"2024-03-08T11:30:38+00:00","dateModified":"2024-03-08T10:02:39+00:00","breadcrumb":{"@id":"https:\/\/tuzlainfo.ba\/index.php\/bosna-i-hercegovina\/item\/232202-trebinje-i-trudnica-medju-osumnjicenima-u-akciji-xbon\/#breadcrumb"},"inLanguage":"bs-BA","potentialAction":[{"@type":"ReadAction","target":["https:\/\/tuzlainfo.ba\/index.php\/bosna-i-hercegovina\/item\/232202-trebinje-i-trudnica-medju-osumnjicenima-u-akciji-xbon\/"]}]},{"@type":"ImageObject","inLanguage":"bs-BA","@id":"https:\/\/tuzlainfo.ba\/index.php\/bosna-i-hercegovina\/item\/232202-trebinje-i-trudnica-medju-osumnjicenima-u-akciji-xbon\/#primaryimage","url":"https:\/\/tuzlainfo.ba\/wp-content\/uploads\/2022\/09\/hapsenje-lisice-zena-shutterstock.jpeg","contentUrl":"https:\/\/tuzlainfo.ba\/wp-content\/uploads\/2022\/09\/hapsenje-lisice-zena-shutterstock.jpeg","width":940,"height":529,"caption":"Foto: shutterstock \/ Ilistracija"},{"@type":"BreadcrumbList","@id":"https:\/\/tuzlainfo.ba\/index.php\/bosna-i-hercegovina\/item\/232202-trebinje-i-trudnica-medju-osumnjicenima-u-akciji-xbon\/#breadcrumb","itemListElement":[{"@type":"ListItem","position":1,"name":"Home","item":"https:\/\/tuzlainfo.ba\/"},{"@type":"ListItem","position":2,"name":"Trebinje: I trudnica me\u0111u osumnji\u010denima u akciji \u201cXbon\u201d"}]},{"@type":"WebSite","@id":"https:\/\/tuzlainfo.ba\/#website","url":"https:\/\/tuzlainfo.ba\/","name":"TuzlaInfo.ba","description":"Tuzla info, gradski informator - Tuzla na dlanu","publisher":{"@id":"https:\/\/tuzlainfo.ba\/#organization"},"potentialAction":[{"@type":"SearchAction","target":{"@type":"EntryPoint","urlTemplate":"https:\/\/tuzlainfo.ba\/?s={search_term_string}"},"query-input":{"@type":"PropertyValueSpecification","valueRequired":true,"valueName":"search_term_string"}}],"inLanguage":"bs-BA"},{"@type":"Organization","@id":"https:\/\/tuzlainfo.ba\/#organization","name":"TuzlaInfo.ba","url":"https:\/\/tuzlainfo.ba\/","logo":{"@type":"ImageObject","inLanguage":"bs-BA","@id":"https:\/\/tuzlainfo.ba\/#\/schema\/logo\/image\/","url":"https:\/\/tuzlainfo.ba\/wp-content\/uploads\/2021\/03\/logo-ver-3-1.png","contentUrl":"https:\/\/tuzlainfo.ba\/wp-content\/uploads\/2021\/03\/logo-ver-3-1.png","width":350,"height":95,"caption":"TuzlaInfo.ba"},"image":{"@id":"https:\/\/tuzlainfo.ba\/#\/schema\/logo\/image\/"},"sameAs":["https:\/\/www.facebook.com\/tuzlainfo.ba\/"]},{"@type":"Person","@id":"https:\/\/tuzlainfo.ba\/#\/schema\/person\/f4ebe4fff27e68efb65fa7e18f8af372","name":"admin2","image":{"@type":"ImageObject","inLanguage":"bs-BA","@id":"https:\/\/tuzlainfo.ba\/#\/schema\/person\/image\/","url":"https:\/\/tuzlainfo.ba\/wp-content\/litespeed\/avatar\/8219eeb9a43cff2d096e773737736f62.jpg?ver=1777309398","contentUrl":"https:\/\/tuzlainfo.ba\/wp-content\/litespeed\/avatar\/8219eeb9a43cff2d096e773737736f62.jpg?ver=1777309398","caption":"admin2"},"description":"Tuzlainfo.ba pratite na dru\u0161tvenim mre\u017eama: Facebook, Instagram i Youtube. Svoje pri\u010de, upite i fotografije \u0161aljite na na\u0161u e-mail adresu.","sameAs":["admin"]}]}},"_links":{"self":[{"href":"https:\/\/tuzlainfo.ba\/index.php\/wp-json\/wp\/v2\/posts\/232202"}],"collection":[{"href":"https:\/\/tuzlainfo.ba\/index.php\/wp-json\/wp\/v2\/posts"}],"about":[{"href":"https:\/\/tuzlainfo.ba\/index.php\/wp-json\/wp\/v2\/types\/post"}],"author":[{"embeddable":true,"href":"https:\/\/tuzlainfo.ba\/index.php\/wp-json\/wp\/v2\/users\/3"}],"replies":[{"embeddable":true,"href":"https:\/\/tuzlainfo.ba\/index.php\/wp-json\/wp\/v2\/comments?post=232202"}],"version-history":[{"count":1,"href":"https:\/\/tuzlainfo.ba\/index.php\/wp-json\/wp\/v2\/posts\/232202\/revisions"}],"predecessor-version":[{"id":232203,"href":"https:\/\/tuzlainfo.ba\/index.php\/wp-json\/wp\/v2\/posts\/232202\/revisions\/232203"}],"wp:featuredmedia":[{"embeddable":true,"href":"https:\/\/tuzlainfo.ba\/index.php\/wp-json\/wp\/v2\/media\/184059"}],"wp:attachment":[{"href":"https:\/\/tuzlainfo.ba\/index.php\/wp-json\/wp\/v2\/media?parent=232202"}],"wp:term":[{"taxonomy":"category","embeddable":true,"href":"https:\/\/tuzlainfo.ba\/index.php\/wp-json\/wp\/v2\/categories?post=232202"},{"taxonomy":"post_tag","embeddable":true,"href":"https:\/\/tuzlainfo.ba\/index.php\/wp-json\/wp\/v2\/tags?post=232202"}],"curies":[{"name":"wp","href":"https:\/\/api.w.org\/{rel}","templated":true}]}}