{"id":231902,"date":"2024-03-06T12:32:16","date_gmt":"2024-03-06T11:32:16","guid":{"rendered":"https:\/\/tuzlainfo.ba\/?p=231902"},"modified":"2024-03-06T22:42:06","modified_gmt":"2024-03-06T21:42:06","slug":"direktoru-i-uposlenicima-skole-iz-tuzle-prvostepeno-izrecene-zatvorske-kazne","status":"publish","type":"post","link":"https:\/\/tuzlainfo.ba\/index.php\/novosti\/item\/231902-direktoru-i-uposlenicima-skole-iz-tuzle-prvostepeno-izrecene-zatvorske-kazne\/","title":{"rendered":"Direktoru i uposlenicima \u0161kole iz Tuzle prvostepeno izre\u010dene zatvorske kazne"},"content":{"rendered":"<p>Op\u0107inski sud u Tuzli je u ponovnom krivi\u010dnom postupku donio osu\u0111uju\u0107u presudu Jasenku Smaji\u0107u, Omeru Delali\u0107u i Adisi Mehi\u0107 iz Tuzle, kojom su optu\u017eeni ogla\u0161eni krivim za po\u010dinjenje krivi\u010dnog djela \u2013 Zloupotreba polo\u017eaja ili ovla\u0161tenja.<\/p>\n<p>Smaji\u0107 Jasenku je izre\u010dena kazna zatvora u trajanju od 6 (\u0161est) mjeseci. Odre\u0111ena mu je i sigurnosna mjera zabrane vr\u0161enja du\u017enost direktora u JU \u201eMje\u0161ovita srednja saobra\u0107ajna \u0161kola\u201c u Tuzli, kao i svim drugim osnovnim i srednjim \u0161kolama u Bosni i Hercegovini, u trajanju od 5 (pet) godina, od dana pravosna\u017enosti presude, saop\u0161teno je iz Op\u0107inskog suda u Tuzli.<\/p>\n<p>Delali\u0107 Omeru i Mehi\u0107 Adisi izre\u010dena je uslovna kazna zatvora od po 6 (\u0161est) mjeseci, s tim da se ta kazna ne\u0107e izvr\u0161iti, ako imenovani za vrijeme od 2 (dvije) godine, po pravosna\u017enosti presude ne u\u010dine novo krivi\u010dno djelo. Odre\u0111ena im je i sigurnosna mjera zabrane u\u010destvovanja u komisijama za intervjue u JU \u201eMje\u0161ovita srednja saobra\u0107ajna \u0161kola\u201c u Tuzli, kao i svim drugim osnovnim i srednjim \u0161kolama u Bosni i Hercegovini, u trajanju od 3 (tri) godine, od dana pravosna\u017enosti presude.<\/p>\n<p>Imenovani su ogla\u0161eni krivim \u0161to su dana 31.08.2018.godine u Tuzli, rade\u0107i kao odgovorna lica \u2013 uposlenici u JU \u201eMje\u0161ovita srednja saobra\u0107ajna \u0161kola\u201c u Tuzli i to Smaji\u0107 Jasenko kao direktor, a Delali\u0107 Omer i Mehi\u0107 Adisa kao profesori, te zajedno kao \u010dlanovi Komisije za provo\u0111enje intervjua u postupku zapo\u0161ljavanja u \u0161koli, ovla\u0161teni da temeljem Odluke o imenovanju komisije od 28.11.2017.godine provedu intervju u postupku zapo\u0161ljavanja u \u0161koli kao i da izvr\u0161e bodovanje kandidata po osnovu takvog intervjua, a sve u skladu s odredbama Pravilnika o uslovima, kriterijumima i postupku za zapo\u0161ljavanje u javnim ustanovama osnovnog i srednjeg obrazovanja na podru\u010dju TK, postupili suprotno svojim ovla\u0161tenjima u namjeri da jednoj kandidatkinji pribave korist u vidu zasnivanja radnog odnosa na neodre\u0111eno vrijeme za navedenu poziciju.<\/p>\n<p>Obavljaju\u0107i konkursnu proceduru imenovani nisu proveli razgovor sa ostalim kandidatima, a u Zapisnik sa intervjua je la\u017eno prikazano da su kandidatima tom intervjuu postavili po tri stru\u010dna pitanja, iako su znali i bili svjesni da to nije bio slu\u010daj, niti su kratko obrazlo\u017eili dodijeljeni broj bodova, na koji na\u010din su kandidatkinjama koje sve imaju zavr\u0161enu VSS, dodijeli bodove u razmjeru od 1,5-2,5 boda dok su kandidatkinji koja ima zavr\u0161enu Srednju stru\u010dnu spremu, dodijeli maksimalna 3 boda, \u010dime su te\u017ee povrijedili prava ostalih kandidatkinja, jer su ih onemogu\u0107ili da ravnopravno u\u010destvuju u konkursnoj proceduri i na koji na\u010din su jednu kandidatkinju stavili u povoljniji polo\u017eaj na rang listi kandidata, a temeljem koje liste je dana 05.09.2018. godine, direktor \u0161kole donio Odluku o prijemu kandidata u radni odnos kao Saradnika za ekonomsko-finansijske poslove na puno i neodre\u0111eno radno vrijeme, pribaviv\u0161i joj na taj na\u010din korist u vidu zasnivanja radnog odnosa i prava iz radnog odnosa na neodre\u0111eno vrijeme.<\/p>\n<p>Sud napominje da se radi o prvostepenoj presudi koja nije pravosna\u017ena i da \u0107e nakon prijema otpravka presude stranke imati pravo na \u017ealbu, saop\u0161teno je.<\/p>\n","protected":false},"excerpt":{"rendered":"<p>Op\u0107inski sud u Tuzli je u ponovnom krivi\u010dnom postupku donio osu\u0111uju\u0107u presudu Jasenku Smaji\u0107u, Omeru&hellip;<\/p>\n","protected":false},"author":2,"featured_media":199676,"comment_status":"closed","ping_status":"closed","sticky":false,"template":"","format":"standard","meta":{"_acf_changed":false,"footnotes":""},"categories":[304,12,306],"tags":[9724,7731,42],"acf":[],"yoast_head":"<!-- This site is optimized with the Yoast SEO plugin v23.5 - https:\/\/yoast.com\/wordpress\/plugins\/seo\/ -->\n<title>Direktoru i uposlenicima \u0161kole iz Tuzle prvostepeno izre\u010dene zatvorske kazne - TuzlaInfo.ba<\/title>\n<meta name=\"robots\" content=\"index, follow, max-snippet:-1, max-image-preview:large, max-video-preview:-1\" \/>\n<link rel=\"canonical\" href=\"https:\/\/tuzlainfo.ba\/index.php\/novosti\/item\/231902-direktoru-i-uposlenicima-skole-iz-tuzle-prvostepeno-izrecene-zatvorske-kazne\/\" \/>\n<meta property=\"og:locale\" content=\"bs_BA\" \/>\n<meta property=\"og:type\" content=\"article\" \/>\n<meta property=\"og:title\" content=\"Direktoru i uposlenicima \u0161kole iz Tuzle prvostepeno izre\u010dene zatvorske kazne - TuzlaInfo.ba\" \/>\n<meta property=\"og:description\" content=\"Op\u0107inski sud u Tuzli je u ponovnom krivi\u010dnom postupku donio osu\u0111uju\u0107u presudu Jasenku Smaji\u0107u, Omeru&hellip;\" \/>\n<meta property=\"og:url\" content=\"https:\/\/tuzlainfo.ba\/index.php\/novosti\/item\/231902-direktoru-i-uposlenicima-skole-iz-tuzle-prvostepeno-izrecene-zatvorske-kazne\/\" \/>\n<meta property=\"og:site_name\" content=\"TuzlaInfo.ba\" \/>\n<meta property=\"article:publisher\" content=\"https:\/\/www.facebook.com\/tuzlainfo.ba\/\" \/>\n<meta property=\"article:published_time\" content=\"2024-03-06T11:32:16+00:00\" \/>\n<meta property=\"article:modified_time\" content=\"2024-03-06T21:42:06+00:00\" \/>\n<meta property=\"og:image\" content=\"https:\/\/tuzlainfo.ba\/wp-content\/uploads\/2023\/03\/1403_masinska_skola.jpg\" \/>\n\t<meta property=\"og:image:width\" content=\"800\" \/>\n\t<meta property=\"og:image:height\" content=\"503\" \/>\n\t<meta property=\"og:image:type\" content=\"image\/jpeg\" \/>\n<meta name=\"author\" content=\"nedim\" \/>\n<meta name=\"twitter:card\" content=\"summary_large_image\" \/>\n<meta name=\"twitter:label1\" content=\"Written by\" \/>\n\t<meta name=\"twitter:data1\" content=\"nedim\" \/>\n\t<meta name=\"twitter:label2\" content=\"Est. reading time\" \/>\n\t<meta name=\"twitter:data2\" content=\"3 minute\" \/>\n<script type=\"application\/ld+json\" class=\"yoast-schema-graph\">{\"@context\":\"https:\/\/schema.org\",\"@graph\":[{\"@type\":\"Article\",\"@id\":\"https:\/\/tuzlainfo.ba\/index.php\/novosti\/item\/231902-direktoru-i-uposlenicima-skole-iz-tuzle-prvostepeno-izrecene-zatvorske-kazne\/#article\",\"isPartOf\":{\"@id\":\"https:\/\/tuzlainfo.ba\/index.php\/novosti\/item\/231902-direktoru-i-uposlenicima-skole-iz-tuzle-prvostepeno-izrecene-zatvorske-kazne\/\"},\"author\":{\"name\":\"nedim\",\"@id\":\"https:\/\/tuzlainfo.ba\/#\/schema\/person\/f434e20dc27ea133923aab08451b7f7f\"},\"headline\":\"Direktoru i uposlenicima \u0161kole iz Tuzle prvostepeno izre\u010dene zatvorske kazne\",\"datePublished\":\"2024-03-06T11:32:16+00:00\",\"dateModified\":\"2024-03-06T21:42:06+00:00\",\"mainEntityOfPage\":{\"@id\":\"https:\/\/tuzlainfo.ba\/index.php\/novosti\/item\/231902-direktoru-i-uposlenicima-skole-iz-tuzle-prvostepeno-izrecene-zatvorske-kazne\/\"},\"wordCount\":546,\"publisher\":{\"@id\":\"https:\/\/tuzlainfo.ba\/#organization\"},\"image\":{\"@id\":\"https:\/\/tuzlainfo.ba\/index.php\/novosti\/item\/231902-direktoru-i-uposlenicima-skole-iz-tuzle-prvostepeno-izrecene-zatvorske-kazne\/#primaryimage\"},\"thumbnailUrl\":\"https:\/\/tuzlainfo.ba\/wp-content\/uploads\/2023\/03\/1403_masinska_skola.jpg\",\"keywords\":[\"Mje\u0161ovita srednja saobra\u0107ajna \u0161kola\",\"op\u0107inski sud u tuzli\",\"tuzla\"],\"articleSection\":[\"Istaknuto\",\"Novosti\",\"Preporu\u010dujemo\"],\"inLanguage\":\"bs-BA\"},{\"@type\":\"WebPage\",\"@id\":\"https:\/\/tuzlainfo.ba\/index.php\/novosti\/item\/231902-direktoru-i-uposlenicima-skole-iz-tuzle-prvostepeno-izrecene-zatvorske-kazne\/\",\"url\":\"https:\/\/tuzlainfo.ba\/index.php\/novosti\/item\/231902-direktoru-i-uposlenicima-skole-iz-tuzle-prvostepeno-izrecene-zatvorske-kazne\/\",\"name\":\"Direktoru i uposlenicima \u0161kole iz Tuzle prvostepeno izre\u010dene zatvorske kazne - TuzlaInfo.ba\",\"isPartOf\":{\"@id\":\"https:\/\/tuzlainfo.ba\/#website\"},\"primaryImageOfPage\":{\"@id\":\"https:\/\/tuzlainfo.ba\/index.php\/novosti\/item\/231902-direktoru-i-uposlenicima-skole-iz-tuzle-prvostepeno-izrecene-zatvorske-kazne\/#primaryimage\"},\"image\":{\"@id\":\"https:\/\/tuzlainfo.ba\/index.php\/novosti\/item\/231902-direktoru-i-uposlenicima-skole-iz-tuzle-prvostepeno-izrecene-zatvorske-kazne\/#primaryimage\"},\"thumbnailUrl\":\"https:\/\/tuzlainfo.ba\/wp-content\/uploads\/2023\/03\/1403_masinska_skola.jpg\",\"datePublished\":\"2024-03-06T11:32:16+00:00\",\"dateModified\":\"2024-03-06T21:42:06+00:00\",\"breadcrumb\":{\"@id\":\"https:\/\/tuzlainfo.ba\/index.php\/novosti\/item\/231902-direktoru-i-uposlenicima-skole-iz-tuzle-prvostepeno-izrecene-zatvorske-kazne\/#breadcrumb\"},\"inLanguage\":\"bs-BA\",\"potentialAction\":[{\"@type\":\"ReadAction\",\"target\":[\"https:\/\/tuzlainfo.ba\/index.php\/novosti\/item\/231902-direktoru-i-uposlenicima-skole-iz-tuzle-prvostepeno-izrecene-zatvorske-kazne\/\"]}]},{\"@type\":\"ImageObject\",\"inLanguage\":\"bs-BA\",\"@id\":\"https:\/\/tuzlainfo.ba\/index.php\/novosti\/item\/231902-direktoru-i-uposlenicima-skole-iz-tuzle-prvostepeno-izrecene-zatvorske-kazne\/#primaryimage\",\"url\":\"https:\/\/tuzlainfo.ba\/wp-content\/uploads\/2023\/03\/1403_masinska_skola.jpg\",\"contentUrl\":\"https:\/\/tuzlainfo.ba\/wp-content\/uploads\/2023\/03\/1403_masinska_skola.jpg\",\"width\":800,\"height\":503},{\"@type\":\"BreadcrumbList\",\"@id\":\"https:\/\/tuzlainfo.ba\/index.php\/novosti\/item\/231902-direktoru-i-uposlenicima-skole-iz-tuzle-prvostepeno-izrecene-zatvorske-kazne\/#breadcrumb\",\"itemListElement\":[{\"@type\":\"ListItem\",\"position\":1,\"name\":\"Home\",\"item\":\"https:\/\/tuzlainfo.ba\/\"},{\"@type\":\"ListItem\",\"position\":2,\"name\":\"Direktoru i uposlenicima \u0161kole iz Tuzle prvostepeno izre\u010dene zatvorske kazne\"}]},{\"@type\":\"WebSite\",\"@id\":\"https:\/\/tuzlainfo.ba\/#website\",\"url\":\"https:\/\/tuzlainfo.ba\/\",\"name\":\"TuzlaInfo.ba\",\"description\":\"Tuzla info, gradski informator - Tuzla na dlanu\",\"publisher\":{\"@id\":\"https:\/\/tuzlainfo.ba\/#organization\"},\"potentialAction\":[{\"@type\":\"SearchAction\",\"target\":{\"@type\":\"EntryPoint\",\"urlTemplate\":\"https:\/\/tuzlainfo.ba\/?s={search_term_string}\"},\"query-input\":{\"@type\":\"PropertyValueSpecification\",\"valueRequired\":true,\"valueName\":\"search_term_string\"}}],\"inLanguage\":\"bs-BA\"},{\"@type\":\"Organization\",\"@id\":\"https:\/\/tuzlainfo.ba\/#organization\",\"name\":\"TuzlaInfo.ba\",\"url\":\"https:\/\/tuzlainfo.ba\/\",\"logo\":{\"@type\":\"ImageObject\",\"inLanguage\":\"bs-BA\",\"@id\":\"https:\/\/tuzlainfo.ba\/#\/schema\/logo\/image\/\",\"url\":\"https:\/\/tuzlainfo.ba\/wp-content\/uploads\/2021\/03\/logo-ver-3-1.png\",\"contentUrl\":\"https:\/\/tuzlainfo.ba\/wp-content\/uploads\/2021\/03\/logo-ver-3-1.png\",\"width\":350,\"height\":95,\"caption\":\"TuzlaInfo.ba\"},\"image\":{\"@id\":\"https:\/\/tuzlainfo.ba\/#\/schema\/logo\/image\/\"},\"sameAs\":[\"https:\/\/www.facebook.com\/tuzlainfo.ba\/\"]},{\"@type\":\"Person\",\"@id\":\"https:\/\/tuzlainfo.ba\/#\/schema\/person\/f434e20dc27ea133923aab08451b7f7f\",\"name\":\"nedim\",\"image\":{\"@type\":\"ImageObject\",\"inLanguage\":\"bs-BA\",\"@id\":\"https:\/\/tuzlainfo.ba\/#\/schema\/person\/image\/\",\"url\":\"https:\/\/tuzlainfo.ba\/wp-content\/litespeed\/avatar\/aabad687af24844af817603ac1cbdc4f.jpg?ver=1776702173\",\"contentUrl\":\"https:\/\/tuzlainfo.ba\/wp-content\/litespeed\/avatar\/aabad687af24844af817603ac1cbdc4f.jpg?ver=1776702173\",\"caption\":\"nedim\"},\"description\":\"Tuzlainfo.ba pratite na dru\u0161tvenim mre\u017eama: Facebook, Instagram i Youtube. Svoje pri\u010de, upite i fotografije \u0161aljite na na\u0161u e-mail adresu.\"}]}<\/script>\n<!-- \/ Yoast SEO plugin. -->","yoast_head_json":{"title":"Direktoru i uposlenicima \u0161kole iz Tuzle prvostepeno izre\u010dene zatvorske kazne - TuzlaInfo.ba","robots":{"index":"index","follow":"follow","max-snippet":"max-snippet:-1","max-image-preview":"max-image-preview:large","max-video-preview":"max-video-preview:-1"},"canonical":"https:\/\/tuzlainfo.ba\/index.php\/novosti\/item\/231902-direktoru-i-uposlenicima-skole-iz-tuzle-prvostepeno-izrecene-zatvorske-kazne\/","og_locale":"bs_BA","og_type":"article","og_title":"Direktoru i uposlenicima \u0161kole iz Tuzle prvostepeno izre\u010dene zatvorske kazne - TuzlaInfo.ba","og_description":"Op\u0107inski sud u Tuzli je u ponovnom krivi\u010dnom postupku donio osu\u0111uju\u0107u presudu Jasenku Smaji\u0107u, Omeru&hellip;","og_url":"https:\/\/tuzlainfo.ba\/index.php\/novosti\/item\/231902-direktoru-i-uposlenicima-skole-iz-tuzle-prvostepeno-izrecene-zatvorske-kazne\/","og_site_name":"TuzlaInfo.ba","article_publisher":"https:\/\/www.facebook.com\/tuzlainfo.ba\/","article_published_time":"2024-03-06T11:32:16+00:00","article_modified_time":"2024-03-06T21:42:06+00:00","og_image":[{"width":800,"height":503,"url":"https:\/\/tuzlainfo.ba\/wp-content\/uploads\/2023\/03\/1403_masinska_skola.jpg","type":"image\/jpeg"}],"author":"nedim","twitter_card":"summary_large_image","twitter_misc":{"Written by":"nedim","Est. reading time":"3 minute"},"schema":{"@context":"https:\/\/schema.org","@graph":[{"@type":"Article","@id":"https:\/\/tuzlainfo.ba\/index.php\/novosti\/item\/231902-direktoru-i-uposlenicima-skole-iz-tuzle-prvostepeno-izrecene-zatvorske-kazne\/#article","isPartOf":{"@id":"https:\/\/tuzlainfo.ba\/index.php\/novosti\/item\/231902-direktoru-i-uposlenicima-skole-iz-tuzle-prvostepeno-izrecene-zatvorske-kazne\/"},"author":{"name":"nedim","@id":"https:\/\/tuzlainfo.ba\/#\/schema\/person\/f434e20dc27ea133923aab08451b7f7f"},"headline":"Direktoru i uposlenicima \u0161kole iz Tuzle prvostepeno izre\u010dene zatvorske kazne","datePublished":"2024-03-06T11:32:16+00:00","dateModified":"2024-03-06T21:42:06+00:00","mainEntityOfPage":{"@id":"https:\/\/tuzlainfo.ba\/index.php\/novosti\/item\/231902-direktoru-i-uposlenicima-skole-iz-tuzle-prvostepeno-izrecene-zatvorske-kazne\/"},"wordCount":546,"publisher":{"@id":"https:\/\/tuzlainfo.ba\/#organization"},"image":{"@id":"https:\/\/tuzlainfo.ba\/index.php\/novosti\/item\/231902-direktoru-i-uposlenicima-skole-iz-tuzle-prvostepeno-izrecene-zatvorske-kazne\/#primaryimage"},"thumbnailUrl":"https:\/\/tuzlainfo.ba\/wp-content\/uploads\/2023\/03\/1403_masinska_skola.jpg","keywords":["Mje\u0161ovita srednja saobra\u0107ajna \u0161kola","op\u0107inski sud u tuzli","tuzla"],"articleSection":["Istaknuto","Novosti","Preporu\u010dujemo"],"inLanguage":"bs-BA"},{"@type":"WebPage","@id":"https:\/\/tuzlainfo.ba\/index.php\/novosti\/item\/231902-direktoru-i-uposlenicima-skole-iz-tuzle-prvostepeno-izrecene-zatvorske-kazne\/","url":"https:\/\/tuzlainfo.ba\/index.php\/novosti\/item\/231902-direktoru-i-uposlenicima-skole-iz-tuzle-prvostepeno-izrecene-zatvorske-kazne\/","name":"Direktoru i uposlenicima \u0161kole iz Tuzle prvostepeno izre\u010dene zatvorske kazne - TuzlaInfo.ba","isPartOf":{"@id":"https:\/\/tuzlainfo.ba\/#website"},"primaryImageOfPage":{"@id":"https:\/\/tuzlainfo.ba\/index.php\/novosti\/item\/231902-direktoru-i-uposlenicima-skole-iz-tuzle-prvostepeno-izrecene-zatvorske-kazne\/#primaryimage"},"image":{"@id":"https:\/\/tuzlainfo.ba\/index.php\/novosti\/item\/231902-direktoru-i-uposlenicima-skole-iz-tuzle-prvostepeno-izrecene-zatvorske-kazne\/#primaryimage"},"thumbnailUrl":"https:\/\/tuzlainfo.ba\/wp-content\/uploads\/2023\/03\/1403_masinska_skola.jpg","datePublished":"2024-03-06T11:32:16+00:00","dateModified":"2024-03-06T21:42:06+00:00","breadcrumb":{"@id":"https:\/\/tuzlainfo.ba\/index.php\/novosti\/item\/231902-direktoru-i-uposlenicima-skole-iz-tuzle-prvostepeno-izrecene-zatvorske-kazne\/#breadcrumb"},"inLanguage":"bs-BA","potentialAction":[{"@type":"ReadAction","target":["https:\/\/tuzlainfo.ba\/index.php\/novosti\/item\/231902-direktoru-i-uposlenicima-skole-iz-tuzle-prvostepeno-izrecene-zatvorske-kazne\/"]}]},{"@type":"ImageObject","inLanguage":"bs-BA","@id":"https:\/\/tuzlainfo.ba\/index.php\/novosti\/item\/231902-direktoru-i-uposlenicima-skole-iz-tuzle-prvostepeno-izrecene-zatvorske-kazne\/#primaryimage","url":"https:\/\/tuzlainfo.ba\/wp-content\/uploads\/2023\/03\/1403_masinska_skola.jpg","contentUrl":"https:\/\/tuzlainfo.ba\/wp-content\/uploads\/2023\/03\/1403_masinska_skola.jpg","width":800,"height":503},{"@type":"BreadcrumbList","@id":"https:\/\/tuzlainfo.ba\/index.php\/novosti\/item\/231902-direktoru-i-uposlenicima-skole-iz-tuzle-prvostepeno-izrecene-zatvorske-kazne\/#breadcrumb","itemListElement":[{"@type":"ListItem","position":1,"name":"Home","item":"https:\/\/tuzlainfo.ba\/"},{"@type":"ListItem","position":2,"name":"Direktoru i uposlenicima \u0161kole iz Tuzle prvostepeno izre\u010dene zatvorske kazne"}]},{"@type":"WebSite","@id":"https:\/\/tuzlainfo.ba\/#website","url":"https:\/\/tuzlainfo.ba\/","name":"TuzlaInfo.ba","description":"Tuzla info, gradski informator - Tuzla na dlanu","publisher":{"@id":"https:\/\/tuzlainfo.ba\/#organization"},"potentialAction":[{"@type":"SearchAction","target":{"@type":"EntryPoint","urlTemplate":"https:\/\/tuzlainfo.ba\/?s={search_term_string}"},"query-input":{"@type":"PropertyValueSpecification","valueRequired":true,"valueName":"search_term_string"}}],"inLanguage":"bs-BA"},{"@type":"Organization","@id":"https:\/\/tuzlainfo.ba\/#organization","name":"TuzlaInfo.ba","url":"https:\/\/tuzlainfo.ba\/","logo":{"@type":"ImageObject","inLanguage":"bs-BA","@id":"https:\/\/tuzlainfo.ba\/#\/schema\/logo\/image\/","url":"https:\/\/tuzlainfo.ba\/wp-content\/uploads\/2021\/03\/logo-ver-3-1.png","contentUrl":"https:\/\/tuzlainfo.ba\/wp-content\/uploads\/2021\/03\/logo-ver-3-1.png","width":350,"height":95,"caption":"TuzlaInfo.ba"},"image":{"@id":"https:\/\/tuzlainfo.ba\/#\/schema\/logo\/image\/"},"sameAs":["https:\/\/www.facebook.com\/tuzlainfo.ba\/"]},{"@type":"Person","@id":"https:\/\/tuzlainfo.ba\/#\/schema\/person\/f434e20dc27ea133923aab08451b7f7f","name":"nedim","image":{"@type":"ImageObject","inLanguage":"bs-BA","@id":"https:\/\/tuzlainfo.ba\/#\/schema\/person\/image\/","url":"https:\/\/tuzlainfo.ba\/wp-content\/litespeed\/avatar\/aabad687af24844af817603ac1cbdc4f.jpg?ver=1776702173","contentUrl":"https:\/\/tuzlainfo.ba\/wp-content\/litespeed\/avatar\/aabad687af24844af817603ac1cbdc4f.jpg?ver=1776702173","caption":"nedim"},"description":"Tuzlainfo.ba pratite na dru\u0161tvenim mre\u017eama: Facebook, Instagram i Youtube. Svoje pri\u010de, upite i fotografije \u0161aljite na na\u0161u e-mail adresu."}]}},"_links":{"self":[{"href":"https:\/\/tuzlainfo.ba\/index.php\/wp-json\/wp\/v2\/posts\/231902"}],"collection":[{"href":"https:\/\/tuzlainfo.ba\/index.php\/wp-json\/wp\/v2\/posts"}],"about":[{"href":"https:\/\/tuzlainfo.ba\/index.php\/wp-json\/wp\/v2\/types\/post"}],"author":[{"embeddable":true,"href":"https:\/\/tuzlainfo.ba\/index.php\/wp-json\/wp\/v2\/users\/2"}],"replies":[{"embeddable":true,"href":"https:\/\/tuzlainfo.ba\/index.php\/wp-json\/wp\/v2\/comments?post=231902"}],"version-history":[{"count":2,"href":"https:\/\/tuzlainfo.ba\/index.php\/wp-json\/wp\/v2\/posts\/231902\/revisions"}],"predecessor-version":[{"id":231983,"href":"https:\/\/tuzlainfo.ba\/index.php\/wp-json\/wp\/v2\/posts\/231902\/revisions\/231983"}],"wp:featuredmedia":[{"embeddable":true,"href":"https:\/\/tuzlainfo.ba\/index.php\/wp-json\/wp\/v2\/media\/199676"}],"wp:attachment":[{"href":"https:\/\/tuzlainfo.ba\/index.php\/wp-json\/wp\/v2\/media?parent=231902"}],"wp:term":[{"taxonomy":"category","embeddable":true,"href":"https:\/\/tuzlainfo.ba\/index.php\/wp-json\/wp\/v2\/categories?post=231902"},{"taxonomy":"post_tag","embeddable":true,"href":"https:\/\/tuzlainfo.ba\/index.php\/wp-json\/wp\/v2\/tags?post=231902"}],"curies":[{"name":"wp","href":"https:\/\/api.w.org\/{rel}","templated":true}]}}