{"id":231719,"date":"2024-03-05T21:05:55","date_gmt":"2024-03-05T20:05:55","guid":{"rendered":"https:\/\/tuzlainfo.ba\/?p=231719"},"modified":"2024-03-05T15:35:49","modified_gmt":"2024-03-05T14:35:49","slug":"promocija-knjige-snaga-zene-autorice-mirzete-hadzic-suljkic-sutra-u-bkc-tk","status":"publish","type":"post","link":"https:\/\/tuzlainfo.ba\/index.php\/najava-dogadaja-2\/item\/231719-promocija-knjige-snaga-zene-autorice-mirzete-hadzic-suljkic-sutra-u-bkc-tk\/","title":{"rendered":"Promocija knjige \u201cSnaga \u017eene\u201d, autorice Mirzete Had\u017ei\u0107 Suljki\u0107, sutra u BKC TK"},"content":{"rendered":"<p>U povodu obilje\u017eavanja 1. marta Dana nezavisnosti Bosne i Hercegovine i 20. Dana mladih Tuzle, u Bosanskom kulturnom centru TK 6. marta 2024. godine bit \u0107e promovisana knjiga\u00a0<strong>\u201cSnaga \u017eene\u201d autorice prof. dr. Mirzete Had\u017ei\u0107 Suljki\u0107<\/strong>.<\/p>\n<p>Na promociji \u0107e o pored autorice o knjizi koja tematizira \u017eenski aktivizam u periodu agresije na Republiku Bosnu i Hedrcegovinu i detaljno obra\u0111uje rad Muslimansko akademskog dru\u0161tva \u017eena Okruga Tuzla, govoriti i \u010dlanice Ure\u0111iva\u010dkog odbora prof. Meliha Terzi\u0107, prof. Azra Arnaut, te recenzent prof. dr. Adnan Tufek\u010di\u0107.<\/p>\n<p>\u201cSnaga \u017eene\u201d je knjiga koja \u0107e sigurno dati doprinosi da ne do\u0111e do zaboravi snaga na\u0161e Armije, da ne do\u0111e do zaborava neizmjerna solidarnost ljudi u tim sudbonosnim i najte\u017eim momentima za domovinu i svakog \u010dovjeka i svakog borca na prvoj odbrambenoj liniji, a isto tako da nedo\u0111e do zaborava onih koji su u pozadini: obrazovanju, zdravstvu, \u0161kolstvu, o\u010duvanju tradicije i kulture, logistici djelovali i sudjelovali u odbrani domovine.<\/p>\n<p>U programu promocije knjiga \u201cSnaga \u017eene\u201d u\u010destvuju i prof. Emina Red\u017ei\u0107, prof. Senija Berberovi\u0107 na flauti i Vokalni ansambl JU BKC TK, pod vodstvom Mirele Ibrahimovi\u0107 Mehanovi\u0107.<\/p>\n<p>Promocija \u0107e biti odr\u017eana u Velikoj sali BKC TK\u00a0<strong>6. marta 2024. sa po\u010detkom u 18 sati<\/strong>, a ulaz je slobodan. Dodatne informacije na kontakt telefon 061 36 56 00.<\/p>\n<p><strong>O autorici:<\/strong><\/p>\n<p>Mirzeta Had\u017ei\u0107 \u2013 Suljki\u0107 je doktor pedago\u0161kih nauka i redovni profesor u penziji. Osnovnu i srednju\u00a0 medicinsku \u0161kolu\u00a0 zavr\u0161ila je u Tuzli. Zavr\u0161ila je studij pedagogije i psihologije na\u00a0 Filozofskom fakultetu u Sarajevu 1976. godine.\u00a0 Na istom fakultetu zavr\u0161ila je postdiplomski studij, i stekla nau\u010dno zvanje \u2013 magistar pedago\u0161kih nauka. Doktorsku disertaciju pod nazivom: \u201c<em>Savremeni pedago\u0161ki modeli permanentnog usavr\u0161avanja nastavnika srednje \u0161kole\u201d<\/em>\u00a0odbranila je na Filozofskom fakultetu u Sarajevu 2003. godine. U svojoj pedago\u0161koj praksi obavljala je poslove \u0161kolskog psihologa u Radnoj organizaciji Osnovnog i pred\u0161kolskog odgoja i obrazovanja u Lukavcu, profesora psihologije u Gimnaziji \u201eMe\u0161a Selimovi\u0107\u201c u Tuzli, \u0161kolskog pedagoga-psihologa i direktora u Gra\u0111evimnsko-geodetskoj \u0161koli Tuzla. Na Univerzitetu u Tuzli anga\u017eirana je \u00a0od 1993.godine. Radila je na Defektolo\u0161kom, Prirodno -matemati\u010dkom i Filozofskom fakultetu. Birana je u sva univerzitetska zvanja. Objavila je pet knjiga, dvije monografije, te vi\u0161e desetina nau\u010dnih i stru\u010dnih \u00a0radova. Imala je aktivnu ulogu u javnom i politi\u010dkom \u017eivotu Bosne i Hercegovine. Bila je poslanik u Predstavni\u010dkom domu Parlamenta FBiH i \u010dlan parlamentarne komisije za obrazovanje i nauku. Obavljala je du\u017enost ministrice za obrazovanje, nauku, kulturu i sport Tuzlanskog kantona (2006-2010). Za svoj rad dobila je vi\u0161e pohvala i priznanja. Jedan je od osniva\u010da Mje\u0161ovite srednje \u201eSavremeno-umjetni\u010dke \u0161kola\u201c Tuzla.<\/p>\n<p><strong>Izvodi iz recenzija:<\/strong><\/p>\n<p><strong>Prof. dr. Mirsad\u00a0 Kuni\u0107<\/strong><\/p>\n<p>\u2013 Ona je, ova monografija, nadalje, jedno druga\u010dije svjedo\u010denje o ratu i agresiji na Bosnu i Hercegovinu onih aktera koji nisu bili u prvom planu, nadahnjuju\u0107e svjedo\u010denje iz drugog plana, pri\u010da o ratu i agresiji pisana \u017eenskom rukom. Ali, ovo nije samo pri\u010da ispripovijedana \u017eenskom rukom, ve\u0107 \u010ditav niz aktivnosti i doga\u0111aja osmi\u0161ljenih \u017eenskom glavom i realiziranih \u017eenskim rukama. Dakle, Muslimansko akademsko dru\u0161tvo \u017eena Okruga Tuzla osnovale su \u017eene Tuzle 1993. sa ciljem da se u te\u0161kim trenucima po Grad , Okrug\/Kanton\u00a0 i Dr\u017eavu\u00a0 dadne doprinos sa one strane koja je bila iza le\u0111a na\u0161ih hrabrih branilaca na prvim linijama odbrane\u2026 Knjiga je prire\u0111ena kombinacijom autorskih sje\u0107anja, autorskih rekonstrukcija pojedinih doga\u0111aja , ali i prilaganjem brojnih autenti\u010dnih dokumenata i fotografija, \u0161to je, gledano sa istorijskog aspekta, rije\u010d o dragocjenoj gra\u0111i.<\/p>\n<p><strong>Prof. dr. Adnan Tufek\u010di\u0107<\/strong><\/p>\n<p>Me\u0111utim, ovdje se nu\u017eno mora kazati da sam tekst ovoga rukopisa , ali i njegov duh, i ono \u0161to je dato \u201eizme\u0111u redova\u201c posvema\u0161no prekora\u010duje prikaz nastanka i rada jednoga Dru\u0161tva. Ovo je prikaz snage \u017eivota i posebice snage \u017eene koji, suo\u010deni s ratom i brojnim destrukcijama, opstaju i odolijevaju svim neda\u0107ama, poput visibabe koja, u surovom okru\u017eenju jo\u0161 neokopnjeloga snijega, pronalazi svoje mjesto za nicanje i cvjetanje. Ovaj tekst svjedo\u010di o snazi ljudskoga duha i vjere koji se, u bi\u0107u i osobnosti \u017eene, majke, djevojke, supruge, stru\u010dnjakinje, stapaju u jedno. Nadalje, monografija predstavlja i izvanredan prilog onome \u0161to se naziva mikrohistorija. Mikrohistorijom se, kroz fakte, sje\u0107anje ljudi, ljudske sudbine i pri\u010de, dolazi do su\u0161tinskoga razumijevanja jednoga prostora i vremena koje po\u010desto biva skrajnuto i zasjenjeno protokom vremena. Bez ovoga razumijevanja mnoge stvari ostaju zaboravljene i nestaju sa odlaskom \u017eivih sudionika.<\/p>\n","protected":false},"excerpt":{"rendered":"<p>U povodu obilje\u017eavanja 1. marta Dana nezavisnosti Bosne i Hercegovine i 20. Dana mladih Tuzle,&hellip;<\/p>\n","protected":false},"author":2,"featured_media":231720,"comment_status":"closed","ping_status":"closed","sticky":false,"template":"","format":"standard","meta":{"_acf_changed":false,"footnotes":""},"categories":[11],"tags":[9714,3061],"acf":[],"yoast_head":"<!-- This site is optimized with the Yoast SEO plugin v23.5 - https:\/\/yoast.com\/wordpress\/plugins\/seo\/ -->\n<title>Promocija knjige \u201cSnaga \u017eene\u201d, autorice Mirzete Had\u017ei\u0107 Suljki\u0107, sutra u BKC TK - TuzlaInfo.ba<\/title>\n<meta name=\"robots\" content=\"index, follow, max-snippet:-1, max-image-preview:large, max-video-preview:-1\" \/>\n<link rel=\"canonical\" href=\"https:\/\/tuzlainfo.ba\/index.php\/najava-dogadaja-2\/item\/231719-promocija-knjige-snaga-zene-autorice-mirzete-hadzic-suljkic-sutra-u-bkc-tk\/\" \/>\n<meta property=\"og:locale\" content=\"bs_BA\" \/>\n<meta property=\"og:type\" content=\"article\" \/>\n<meta property=\"og:title\" content=\"Promocija knjige \u201cSnaga \u017eene\u201d, autorice Mirzete Had\u017ei\u0107 Suljki\u0107, sutra u BKC TK - TuzlaInfo.ba\" \/>\n<meta property=\"og:description\" content=\"U povodu obilje\u017eavanja 1. marta Dana nezavisnosti Bosne i Hercegovine i 20. Dana mladih Tuzle,&hellip;\" \/>\n<meta property=\"og:url\" content=\"https:\/\/tuzlainfo.ba\/index.php\/najava-dogadaja-2\/item\/231719-promocija-knjige-snaga-zene-autorice-mirzete-hadzic-suljkic-sutra-u-bkc-tk\/\" \/>\n<meta property=\"og:site_name\" content=\"TuzlaInfo.ba\" \/>\n<meta property=\"article:publisher\" content=\"https:\/\/www.facebook.com\/tuzlainfo.ba\/\" \/>\n<meta property=\"article:published_time\" content=\"2024-03-05T20:05:55+00:00\" \/>\n<meta property=\"article:modified_time\" content=\"2024-03-05T14:35:49+00:00\" \/>\n<meta property=\"og:image\" content=\"https:\/\/tuzlainfo.ba\/wp-content\/uploads\/2024\/03\/0103_snaga_zene.jpg\" \/>\n\t<meta property=\"og:image:width\" content=\"1000\" \/>\n\t<meta property=\"og:image:height\" content=\"602\" \/>\n\t<meta property=\"og:image:type\" content=\"image\/jpeg\" \/>\n<meta name=\"author\" content=\"nedim\" \/>\n<meta name=\"twitter:card\" content=\"summary_large_image\" \/>\n<meta name=\"twitter:label1\" content=\"Written by\" \/>\n\t<meta name=\"twitter:data1\" content=\"nedim\" \/>\n\t<meta name=\"twitter:label2\" content=\"Est. reading time\" \/>\n\t<meta name=\"twitter:data2\" content=\"4 minute\" \/>\n<script type=\"application\/ld+json\" class=\"yoast-schema-graph\">{\"@context\":\"https:\/\/schema.org\",\"@graph\":[{\"@type\":\"Article\",\"@id\":\"https:\/\/tuzlainfo.ba\/index.php\/najava-dogadaja-2\/item\/231719-promocija-knjige-snaga-zene-autorice-mirzete-hadzic-suljkic-sutra-u-bkc-tk\/#article\",\"isPartOf\":{\"@id\":\"https:\/\/tuzlainfo.ba\/index.php\/najava-dogadaja-2\/item\/231719-promocija-knjige-snaga-zene-autorice-mirzete-hadzic-suljkic-sutra-u-bkc-tk\/\"},\"author\":{\"name\":\"nedim\",\"@id\":\"https:\/\/tuzlainfo.ba\/#\/schema\/person\/f434e20dc27ea133923aab08451b7f7f\"},\"headline\":\"Promocija knjige \u201cSnaga \u017eene\u201d, autorice Mirzete Had\u017ei\u0107 Suljki\u0107, sutra u BKC TK\",\"datePublished\":\"2024-03-05T20:05:55+00:00\",\"dateModified\":\"2024-03-05T14:35:49+00:00\",\"mainEntityOfPage\":{\"@id\":\"https:\/\/tuzlainfo.ba\/index.php\/najava-dogadaja-2\/item\/231719-promocija-knjige-snaga-zene-autorice-mirzete-hadzic-suljkic-sutra-u-bkc-tk\/\"},\"wordCount\":767,\"publisher\":{\"@id\":\"https:\/\/tuzlainfo.ba\/#organization\"},\"image\":{\"@id\":\"https:\/\/tuzlainfo.ba\/index.php\/najava-dogadaja-2\/item\/231719-promocija-knjige-snaga-zene-autorice-mirzete-hadzic-suljkic-sutra-u-bkc-tk\/#primaryimage\"},\"thumbnailUrl\":\"https:\/\/tuzlainfo.ba\/wp-content\/uploads\/2024\/03\/0103_snaga_zene.jpg\",\"keywords\":[\"mirzeta had\u017ei\u0107 suljki\u0107\",\"snaga \u017eene\"],\"articleSection\":[\"Najave i doga\u0111aji\"],\"inLanguage\":\"bs-BA\"},{\"@type\":\"WebPage\",\"@id\":\"https:\/\/tuzlainfo.ba\/index.php\/najava-dogadaja-2\/item\/231719-promocija-knjige-snaga-zene-autorice-mirzete-hadzic-suljkic-sutra-u-bkc-tk\/\",\"url\":\"https:\/\/tuzlainfo.ba\/index.php\/najava-dogadaja-2\/item\/231719-promocija-knjige-snaga-zene-autorice-mirzete-hadzic-suljkic-sutra-u-bkc-tk\/\",\"name\":\"Promocija knjige \u201cSnaga \u017eene\u201d, autorice Mirzete Had\u017ei\u0107 Suljki\u0107, sutra u BKC TK - TuzlaInfo.ba\",\"isPartOf\":{\"@id\":\"https:\/\/tuzlainfo.ba\/#website\"},\"primaryImageOfPage\":{\"@id\":\"https:\/\/tuzlainfo.ba\/index.php\/najava-dogadaja-2\/item\/231719-promocija-knjige-snaga-zene-autorice-mirzete-hadzic-suljkic-sutra-u-bkc-tk\/#primaryimage\"},\"image\":{\"@id\":\"https:\/\/tuzlainfo.ba\/index.php\/najava-dogadaja-2\/item\/231719-promocija-knjige-snaga-zene-autorice-mirzete-hadzic-suljkic-sutra-u-bkc-tk\/#primaryimage\"},\"thumbnailUrl\":\"https:\/\/tuzlainfo.ba\/wp-content\/uploads\/2024\/03\/0103_snaga_zene.jpg\",\"datePublished\":\"2024-03-05T20:05:55+00:00\",\"dateModified\":\"2024-03-05T14:35:49+00:00\",\"breadcrumb\":{\"@id\":\"https:\/\/tuzlainfo.ba\/index.php\/najava-dogadaja-2\/item\/231719-promocija-knjige-snaga-zene-autorice-mirzete-hadzic-suljkic-sutra-u-bkc-tk\/#breadcrumb\"},\"inLanguage\":\"bs-BA\",\"potentialAction\":[{\"@type\":\"ReadAction\",\"target\":[\"https:\/\/tuzlainfo.ba\/index.php\/najava-dogadaja-2\/item\/231719-promocija-knjige-snaga-zene-autorice-mirzete-hadzic-suljkic-sutra-u-bkc-tk\/\"]}]},{\"@type\":\"ImageObject\",\"inLanguage\":\"bs-BA\",\"@id\":\"https:\/\/tuzlainfo.ba\/index.php\/najava-dogadaja-2\/item\/231719-promocija-knjige-snaga-zene-autorice-mirzete-hadzic-suljkic-sutra-u-bkc-tk\/#primaryimage\",\"url\":\"https:\/\/tuzlainfo.ba\/wp-content\/uploads\/2024\/03\/0103_snaga_zene.jpg\",\"contentUrl\":\"https:\/\/tuzlainfo.ba\/wp-content\/uploads\/2024\/03\/0103_snaga_zene.jpg\",\"width\":1000,\"height\":602},{\"@type\":\"BreadcrumbList\",\"@id\":\"https:\/\/tuzlainfo.ba\/index.php\/najava-dogadaja-2\/item\/231719-promocija-knjige-snaga-zene-autorice-mirzete-hadzic-suljkic-sutra-u-bkc-tk\/#breadcrumb\",\"itemListElement\":[{\"@type\":\"ListItem\",\"position\":1,\"name\":\"Home\",\"item\":\"https:\/\/tuzlainfo.ba\/\"},{\"@type\":\"ListItem\",\"position\":2,\"name\":\"Promocija knjige \u201cSnaga \u017eene\u201d, autorice Mirzete Had\u017ei\u0107 Suljki\u0107, sutra u BKC TK\"}]},{\"@type\":\"WebSite\",\"@id\":\"https:\/\/tuzlainfo.ba\/#website\",\"url\":\"https:\/\/tuzlainfo.ba\/\",\"name\":\"TuzlaInfo.ba\",\"description\":\"Tuzla info, gradski informator - Tuzla na dlanu\",\"publisher\":{\"@id\":\"https:\/\/tuzlainfo.ba\/#organization\"},\"potentialAction\":[{\"@type\":\"SearchAction\",\"target\":{\"@type\":\"EntryPoint\",\"urlTemplate\":\"https:\/\/tuzlainfo.ba\/?s={search_term_string}\"},\"query-input\":{\"@type\":\"PropertyValueSpecification\",\"valueRequired\":true,\"valueName\":\"search_term_string\"}}],\"inLanguage\":\"bs-BA\"},{\"@type\":\"Organization\",\"@id\":\"https:\/\/tuzlainfo.ba\/#organization\",\"name\":\"TuzlaInfo.ba\",\"url\":\"https:\/\/tuzlainfo.ba\/\",\"logo\":{\"@type\":\"ImageObject\",\"inLanguage\":\"bs-BA\",\"@id\":\"https:\/\/tuzlainfo.ba\/#\/schema\/logo\/image\/\",\"url\":\"https:\/\/tuzlainfo.ba\/wp-content\/uploads\/2021\/03\/logo-ver-3-1.png\",\"contentUrl\":\"https:\/\/tuzlainfo.ba\/wp-content\/uploads\/2021\/03\/logo-ver-3-1.png\",\"width\":350,\"height\":95,\"caption\":\"TuzlaInfo.ba\"},\"image\":{\"@id\":\"https:\/\/tuzlainfo.ba\/#\/schema\/logo\/image\/\"},\"sameAs\":[\"https:\/\/www.facebook.com\/tuzlainfo.ba\/\"]},{\"@type\":\"Person\",\"@id\":\"https:\/\/tuzlainfo.ba\/#\/schema\/person\/f434e20dc27ea133923aab08451b7f7f\",\"name\":\"nedim\",\"image\":{\"@type\":\"ImageObject\",\"inLanguage\":\"bs-BA\",\"@id\":\"https:\/\/tuzlainfo.ba\/#\/schema\/person\/image\/\",\"url\":\"https:\/\/tuzlainfo.ba\/wp-content\/litespeed\/avatar\/aabad687af24844af817603ac1cbdc4f.jpg?ver=1777306975\",\"contentUrl\":\"https:\/\/tuzlainfo.ba\/wp-content\/litespeed\/avatar\/aabad687af24844af817603ac1cbdc4f.jpg?ver=1777306975\",\"caption\":\"nedim\"},\"description\":\"Tuzlainfo.ba pratite na dru\u0161tvenim mre\u017eama: Facebook, Instagram i Youtube. Svoje pri\u010de, upite i fotografije \u0161aljite na na\u0161u e-mail adresu.\"}]}<\/script>\n<!-- \/ Yoast SEO plugin. -->","yoast_head_json":{"title":"Promocija knjige \u201cSnaga \u017eene\u201d, autorice Mirzete Had\u017ei\u0107 Suljki\u0107, sutra u BKC TK - TuzlaInfo.ba","robots":{"index":"index","follow":"follow","max-snippet":"max-snippet:-1","max-image-preview":"max-image-preview:large","max-video-preview":"max-video-preview:-1"},"canonical":"https:\/\/tuzlainfo.ba\/index.php\/najava-dogadaja-2\/item\/231719-promocija-knjige-snaga-zene-autorice-mirzete-hadzic-suljkic-sutra-u-bkc-tk\/","og_locale":"bs_BA","og_type":"article","og_title":"Promocija knjige \u201cSnaga \u017eene\u201d, autorice Mirzete Had\u017ei\u0107 Suljki\u0107, sutra u BKC TK - TuzlaInfo.ba","og_description":"U povodu obilje\u017eavanja 1. marta Dana nezavisnosti Bosne i Hercegovine i 20. Dana mladih Tuzle,&hellip;","og_url":"https:\/\/tuzlainfo.ba\/index.php\/najava-dogadaja-2\/item\/231719-promocija-knjige-snaga-zene-autorice-mirzete-hadzic-suljkic-sutra-u-bkc-tk\/","og_site_name":"TuzlaInfo.ba","article_publisher":"https:\/\/www.facebook.com\/tuzlainfo.ba\/","article_published_time":"2024-03-05T20:05:55+00:00","article_modified_time":"2024-03-05T14:35:49+00:00","og_image":[{"width":1000,"height":602,"url":"https:\/\/tuzlainfo.ba\/wp-content\/uploads\/2024\/03\/0103_snaga_zene.jpg","type":"image\/jpeg"}],"author":"nedim","twitter_card":"summary_large_image","twitter_misc":{"Written by":"nedim","Est. reading time":"4 minute"},"schema":{"@context":"https:\/\/schema.org","@graph":[{"@type":"Article","@id":"https:\/\/tuzlainfo.ba\/index.php\/najava-dogadaja-2\/item\/231719-promocija-knjige-snaga-zene-autorice-mirzete-hadzic-suljkic-sutra-u-bkc-tk\/#article","isPartOf":{"@id":"https:\/\/tuzlainfo.ba\/index.php\/najava-dogadaja-2\/item\/231719-promocija-knjige-snaga-zene-autorice-mirzete-hadzic-suljkic-sutra-u-bkc-tk\/"},"author":{"name":"nedim","@id":"https:\/\/tuzlainfo.ba\/#\/schema\/person\/f434e20dc27ea133923aab08451b7f7f"},"headline":"Promocija knjige \u201cSnaga \u017eene\u201d, autorice Mirzete Had\u017ei\u0107 Suljki\u0107, sutra u BKC TK","datePublished":"2024-03-05T20:05:55+00:00","dateModified":"2024-03-05T14:35:49+00:00","mainEntityOfPage":{"@id":"https:\/\/tuzlainfo.ba\/index.php\/najava-dogadaja-2\/item\/231719-promocija-knjige-snaga-zene-autorice-mirzete-hadzic-suljkic-sutra-u-bkc-tk\/"},"wordCount":767,"publisher":{"@id":"https:\/\/tuzlainfo.ba\/#organization"},"image":{"@id":"https:\/\/tuzlainfo.ba\/index.php\/najava-dogadaja-2\/item\/231719-promocija-knjige-snaga-zene-autorice-mirzete-hadzic-suljkic-sutra-u-bkc-tk\/#primaryimage"},"thumbnailUrl":"https:\/\/tuzlainfo.ba\/wp-content\/uploads\/2024\/03\/0103_snaga_zene.jpg","keywords":["mirzeta had\u017ei\u0107 suljki\u0107","snaga \u017eene"],"articleSection":["Najave i doga\u0111aji"],"inLanguage":"bs-BA"},{"@type":"WebPage","@id":"https:\/\/tuzlainfo.ba\/index.php\/najava-dogadaja-2\/item\/231719-promocija-knjige-snaga-zene-autorice-mirzete-hadzic-suljkic-sutra-u-bkc-tk\/","url":"https:\/\/tuzlainfo.ba\/index.php\/najava-dogadaja-2\/item\/231719-promocija-knjige-snaga-zene-autorice-mirzete-hadzic-suljkic-sutra-u-bkc-tk\/","name":"Promocija knjige \u201cSnaga \u017eene\u201d, autorice Mirzete Had\u017ei\u0107 Suljki\u0107, sutra u BKC TK - TuzlaInfo.ba","isPartOf":{"@id":"https:\/\/tuzlainfo.ba\/#website"},"primaryImageOfPage":{"@id":"https:\/\/tuzlainfo.ba\/index.php\/najava-dogadaja-2\/item\/231719-promocija-knjige-snaga-zene-autorice-mirzete-hadzic-suljkic-sutra-u-bkc-tk\/#primaryimage"},"image":{"@id":"https:\/\/tuzlainfo.ba\/index.php\/najava-dogadaja-2\/item\/231719-promocija-knjige-snaga-zene-autorice-mirzete-hadzic-suljkic-sutra-u-bkc-tk\/#primaryimage"},"thumbnailUrl":"https:\/\/tuzlainfo.ba\/wp-content\/uploads\/2024\/03\/0103_snaga_zene.jpg","datePublished":"2024-03-05T20:05:55+00:00","dateModified":"2024-03-05T14:35:49+00:00","breadcrumb":{"@id":"https:\/\/tuzlainfo.ba\/index.php\/najava-dogadaja-2\/item\/231719-promocija-knjige-snaga-zene-autorice-mirzete-hadzic-suljkic-sutra-u-bkc-tk\/#breadcrumb"},"inLanguage":"bs-BA","potentialAction":[{"@type":"ReadAction","target":["https:\/\/tuzlainfo.ba\/index.php\/najava-dogadaja-2\/item\/231719-promocija-knjige-snaga-zene-autorice-mirzete-hadzic-suljkic-sutra-u-bkc-tk\/"]}]},{"@type":"ImageObject","inLanguage":"bs-BA","@id":"https:\/\/tuzlainfo.ba\/index.php\/najava-dogadaja-2\/item\/231719-promocija-knjige-snaga-zene-autorice-mirzete-hadzic-suljkic-sutra-u-bkc-tk\/#primaryimage","url":"https:\/\/tuzlainfo.ba\/wp-content\/uploads\/2024\/03\/0103_snaga_zene.jpg","contentUrl":"https:\/\/tuzlainfo.ba\/wp-content\/uploads\/2024\/03\/0103_snaga_zene.jpg","width":1000,"height":602},{"@type":"BreadcrumbList","@id":"https:\/\/tuzlainfo.ba\/index.php\/najava-dogadaja-2\/item\/231719-promocija-knjige-snaga-zene-autorice-mirzete-hadzic-suljkic-sutra-u-bkc-tk\/#breadcrumb","itemListElement":[{"@type":"ListItem","position":1,"name":"Home","item":"https:\/\/tuzlainfo.ba\/"},{"@type":"ListItem","position":2,"name":"Promocija knjige \u201cSnaga \u017eene\u201d, autorice Mirzete Had\u017ei\u0107 Suljki\u0107, sutra u BKC TK"}]},{"@type":"WebSite","@id":"https:\/\/tuzlainfo.ba\/#website","url":"https:\/\/tuzlainfo.ba\/","name":"TuzlaInfo.ba","description":"Tuzla info, gradski informator - Tuzla na dlanu","publisher":{"@id":"https:\/\/tuzlainfo.ba\/#organization"},"potentialAction":[{"@type":"SearchAction","target":{"@type":"EntryPoint","urlTemplate":"https:\/\/tuzlainfo.ba\/?s={search_term_string}"},"query-input":{"@type":"PropertyValueSpecification","valueRequired":true,"valueName":"search_term_string"}}],"inLanguage":"bs-BA"},{"@type":"Organization","@id":"https:\/\/tuzlainfo.ba\/#organization","name":"TuzlaInfo.ba","url":"https:\/\/tuzlainfo.ba\/","logo":{"@type":"ImageObject","inLanguage":"bs-BA","@id":"https:\/\/tuzlainfo.ba\/#\/schema\/logo\/image\/","url":"https:\/\/tuzlainfo.ba\/wp-content\/uploads\/2021\/03\/logo-ver-3-1.png","contentUrl":"https:\/\/tuzlainfo.ba\/wp-content\/uploads\/2021\/03\/logo-ver-3-1.png","width":350,"height":95,"caption":"TuzlaInfo.ba"},"image":{"@id":"https:\/\/tuzlainfo.ba\/#\/schema\/logo\/image\/"},"sameAs":["https:\/\/www.facebook.com\/tuzlainfo.ba\/"]},{"@type":"Person","@id":"https:\/\/tuzlainfo.ba\/#\/schema\/person\/f434e20dc27ea133923aab08451b7f7f","name":"nedim","image":{"@type":"ImageObject","inLanguage":"bs-BA","@id":"https:\/\/tuzlainfo.ba\/#\/schema\/person\/image\/","url":"https:\/\/tuzlainfo.ba\/wp-content\/litespeed\/avatar\/aabad687af24844af817603ac1cbdc4f.jpg?ver=1777306975","contentUrl":"https:\/\/tuzlainfo.ba\/wp-content\/litespeed\/avatar\/aabad687af24844af817603ac1cbdc4f.jpg?ver=1777306975","caption":"nedim"},"description":"Tuzlainfo.ba pratite na dru\u0161tvenim mre\u017eama: Facebook, Instagram i Youtube. Svoje pri\u010de, upite i fotografije \u0161aljite na na\u0161u e-mail adresu."}]}},"_links":{"self":[{"href":"https:\/\/tuzlainfo.ba\/index.php\/wp-json\/wp\/v2\/posts\/231719"}],"collection":[{"href":"https:\/\/tuzlainfo.ba\/index.php\/wp-json\/wp\/v2\/posts"}],"about":[{"href":"https:\/\/tuzlainfo.ba\/index.php\/wp-json\/wp\/v2\/types\/post"}],"author":[{"embeddable":true,"href":"https:\/\/tuzlainfo.ba\/index.php\/wp-json\/wp\/v2\/users\/2"}],"replies":[{"embeddable":true,"href":"https:\/\/tuzlainfo.ba\/index.php\/wp-json\/wp\/v2\/comments?post=231719"}],"version-history":[{"count":3,"href":"https:\/\/tuzlainfo.ba\/index.php\/wp-json\/wp\/v2\/posts\/231719\/revisions"}],"predecessor-version":[{"id":231807,"href":"https:\/\/tuzlainfo.ba\/index.php\/wp-json\/wp\/v2\/posts\/231719\/revisions\/231807"}],"wp:featuredmedia":[{"embeddable":true,"href":"https:\/\/tuzlainfo.ba\/index.php\/wp-json\/wp\/v2\/media\/231720"}],"wp:attachment":[{"href":"https:\/\/tuzlainfo.ba\/index.php\/wp-json\/wp\/v2\/media?parent=231719"}],"wp:term":[{"taxonomy":"category","embeddable":true,"href":"https:\/\/tuzlainfo.ba\/index.php\/wp-json\/wp\/v2\/categories?post=231719"},{"taxonomy":"post_tag","embeddable":true,"href":"https:\/\/tuzlainfo.ba\/index.php\/wp-json\/wp\/v2\/tags?post=231719"}],"curies":[{"name":"wp","href":"https:\/\/api.w.org\/{rel}","templated":true}]}}