{"id":231708,"date":"2024-03-04T14:33:18","date_gmt":"2024-03-04T13:33:18","guid":{"rendered":"https:\/\/tuzlainfo.ba\/?p=231708"},"modified":"2024-03-04T12:19:16","modified_gmt":"2024-03-04T11:19:16","slug":"vecina-amerikanaca-ne-vjeruje-u-zdrav-razum-predsjednika-bidena","status":"publish","type":"post","link":"https:\/\/tuzlainfo.ba\/index.php\/clanci\/sa-svih-strana\/item\/231708-vecina-amerikanaca-ne-vjeruje-u-zdrav-razum-predsjednika-bidena\/","title":{"rendered":"Ve\u0107ina Amerikanaca ne vjeruje u zdrav razum predsjednika Bidena"},"content":{"rendered":"<p>Oko 63 posto Amerikanaca sumnja u &#8220;mentalno zdravlje&#8221; ameri\u010dkog predsjednika Joea Bidena, pokazuje anketa sprovedena u Sjedinjenim Ameri\u010dkim Dr\u017eavama (SAD).<\/p>\n<p>U istra\u017eivanju koje je sprovela Associated Press (AP) s NORC Centrom za javne poslove, 1.102 ispitanika starijih od 18 godina odgovaralo je na pitanje o mentalnom zdravlju ameri\u010dkog predsjednika i koliko \u0107e mo\u0107i obavljati predsjedni\u010dku funkciju.<\/p>\n<p>Dok je 63 posto u\u010desnika izjavilo da ne vjeruje u \u201cmentalno zdravlje\u201d predsjednika Bidena, 20 posto je reklo da vjeruje, a 17 posto da ima povjerenja.<\/p>\n<p>Odgovaraju\u0107i na isto pitanje o biv\u0161em ameri\u010dkom predsjedniku Donaldu Trumpu, 57 posto ispitanika izjavilo je da sumnja u Trumpovo \u201cmentalno zdravlje\u201d, dok je 28 posto reklo da mu vjeruje, a 15 posto da mu donekle vjeruje.<\/p>\n<p>U istra\u017eivanju je tako\u0111er navedeno da je 67 posto u\u010desnika izjavilo da ne odobrava Bidenovu politiku u vezi sa izraelskom okupacijom Gaze, dok je 31 posto odobravalo njegov stav.<\/p>\n<p>Glasnogovornica Bijele ku\u0107e Karine Jean-Pierre navela je da nema \u201cnove zabrinutosti\u201d za njegovo zdravlje, prema nalazu ljekara Kevina O'Connora.<\/p>\n<p>\u201cPredsjednik Biden je 81-godi\u0161nji, zdrav, aktivan, sna\u017ean \u010dovjek. On je u dobroj formi da uspje\u0161no obavlja predsjedni\u010dke du\u017enosti, uklju\u010duju\u0107i glavnog izvr\u0161nog direktora, \u0161efa dr\u017eave i vrhovnog komandanta\u201d, objavljeno je u izvje\u0161taju. \u200b<\/p>\n","protected":false},"excerpt":{"rendered":"<p>Oko 63 posto Amerikanaca sumnja u &#8220;mentalno zdravlje&#8221; ameri\u010dkog predsjednika Joea Bidena, pokazuje anketa sprovedena&hellip;<\/p>\n","protected":false},"author":3,"featured_media":139286,"comment_status":"closed","ping_status":"closed","sticky":false,"template":"","format":"standard","meta":{"_acf_changed":false,"footnotes":""},"categories":[16],"tags":[1533],"acf":[],"yoast_head":"<!-- This site is optimized with the Yoast SEO plugin v23.5 - https:\/\/yoast.com\/wordpress\/plugins\/seo\/ -->\n<title>Ve\u0107ina Amerikanaca ne vjeruje u zdrav razum predsjednika Bidena - TuzlaInfo.ba<\/title>\n<meta name=\"robots\" content=\"index, follow, max-snippet:-1, max-image-preview:large, max-video-preview:-1\" \/>\n<link rel=\"canonical\" href=\"https:\/\/tuzlainfo.ba\/index.php\/clanci\/sa-svih-strana\/item\/231708-vecina-amerikanaca-ne-vjeruje-u-zdrav-razum-predsjednika-bidena\/\" \/>\n<meta property=\"og:locale\" content=\"bs_BA\" \/>\n<meta property=\"og:type\" content=\"article\" \/>\n<meta property=\"og:title\" content=\"Ve\u0107ina Amerikanaca ne vjeruje u zdrav razum predsjednika Bidena - TuzlaInfo.ba\" \/>\n<meta property=\"og:description\" content=\"Oko 63 posto Amerikanaca sumnja u &#8220;mentalno zdravlje&#8221; ameri\u010dkog predsjednika Joea Bidena, pokazuje anketa sprovedena&hellip;\" \/>\n<meta property=\"og:url\" content=\"https:\/\/tuzlainfo.ba\/index.php\/clanci\/sa-svih-strana\/item\/231708-vecina-amerikanaca-ne-vjeruje-u-zdrav-razum-predsjednika-bidena\/\" \/>\n<meta property=\"og:site_name\" content=\"TuzlaInfo.ba\" \/>\n<meta property=\"article:publisher\" content=\"https:\/\/www.facebook.com\/tuzlainfo.ba\/\" \/>\n<meta property=\"article:published_time\" content=\"2024-03-04T13:33:18+00:00\" \/>\n<meta property=\"article:modified_time\" content=\"2024-03-04T11:19:16+00:00\" \/>\n<meta property=\"og:image\" content=\"https:\/\/tuzlainfo.ba\/wp-content\/uploads\/2021\/06\/1006_joe_biden.jpg\" \/>\n\t<meta property=\"og:image:width\" content=\"1229\" \/>\n\t<meta property=\"og:image:height\" content=\"881\" \/>\n\t<meta property=\"og:image:type\" content=\"image\/jpeg\" \/>\n<meta name=\"author\" content=\"admin2\" \/>\n<meta name=\"twitter:card\" content=\"summary_large_image\" \/>\n<meta name=\"twitter:label1\" content=\"Written by\" \/>\n\t<meta name=\"twitter:data1\" content=\"admin2\" \/>\n\t<meta name=\"twitter:label2\" content=\"Est. reading time\" \/>\n\t<meta name=\"twitter:data2\" content=\"2 minute\" \/>\n<script type=\"application\/ld+json\" class=\"yoast-schema-graph\">{\"@context\":\"https:\/\/schema.org\",\"@graph\":[{\"@type\":\"Article\",\"@id\":\"https:\/\/tuzlainfo.ba\/index.php\/clanci\/sa-svih-strana\/item\/231708-vecina-amerikanaca-ne-vjeruje-u-zdrav-razum-predsjednika-bidena\/#article\",\"isPartOf\":{\"@id\":\"https:\/\/tuzlainfo.ba\/index.php\/clanci\/sa-svih-strana\/item\/231708-vecina-amerikanaca-ne-vjeruje-u-zdrav-razum-predsjednika-bidena\/\"},\"author\":{\"name\":\"admin2\",\"@id\":\"https:\/\/tuzlainfo.ba\/#\/schema\/person\/f4ebe4fff27e68efb65fa7e18f8af372\"},\"headline\":\"Ve\u0107ina Amerikanaca ne vjeruje u zdrav razum predsjednika Bidena\",\"datePublished\":\"2024-03-04T13:33:18+00:00\",\"dateModified\":\"2024-03-04T11:19:16+00:00\",\"mainEntityOfPage\":{\"@id\":\"https:\/\/tuzlainfo.ba\/index.php\/clanci\/sa-svih-strana\/item\/231708-vecina-amerikanaca-ne-vjeruje-u-zdrav-razum-predsjednika-bidena\/\"},\"wordCount\":222,\"publisher\":{\"@id\":\"https:\/\/tuzlainfo.ba\/#organization\"},\"image\":{\"@id\":\"https:\/\/tuzlainfo.ba\/index.php\/clanci\/sa-svih-strana\/item\/231708-vecina-amerikanaca-ne-vjeruje-u-zdrav-razum-predsjednika-bidena\/#primaryimage\"},\"thumbnailUrl\":\"https:\/\/tuzlainfo.ba\/wp-content\/uploads\/2021\/06\/1006_joe_biden.jpg\",\"keywords\":[\"joe biden\"],\"articleSection\":[\"Sa svih strana\"],\"inLanguage\":\"bs-BA\"},{\"@type\":\"WebPage\",\"@id\":\"https:\/\/tuzlainfo.ba\/index.php\/clanci\/sa-svih-strana\/item\/231708-vecina-amerikanaca-ne-vjeruje-u-zdrav-razum-predsjednika-bidena\/\",\"url\":\"https:\/\/tuzlainfo.ba\/index.php\/clanci\/sa-svih-strana\/item\/231708-vecina-amerikanaca-ne-vjeruje-u-zdrav-razum-predsjednika-bidena\/\",\"name\":\"Ve\u0107ina Amerikanaca ne vjeruje u zdrav razum predsjednika Bidena - TuzlaInfo.ba\",\"isPartOf\":{\"@id\":\"https:\/\/tuzlainfo.ba\/#website\"},\"primaryImageOfPage\":{\"@id\":\"https:\/\/tuzlainfo.ba\/index.php\/clanci\/sa-svih-strana\/item\/231708-vecina-amerikanaca-ne-vjeruje-u-zdrav-razum-predsjednika-bidena\/#primaryimage\"},\"image\":{\"@id\":\"https:\/\/tuzlainfo.ba\/index.php\/clanci\/sa-svih-strana\/item\/231708-vecina-amerikanaca-ne-vjeruje-u-zdrav-razum-predsjednika-bidena\/#primaryimage\"},\"thumbnailUrl\":\"https:\/\/tuzlainfo.ba\/wp-content\/uploads\/2021\/06\/1006_joe_biden.jpg\",\"datePublished\":\"2024-03-04T13:33:18+00:00\",\"dateModified\":\"2024-03-04T11:19:16+00:00\",\"breadcrumb\":{\"@id\":\"https:\/\/tuzlainfo.ba\/index.php\/clanci\/sa-svih-strana\/item\/231708-vecina-amerikanaca-ne-vjeruje-u-zdrav-razum-predsjednika-bidena\/#breadcrumb\"},\"inLanguage\":\"bs-BA\",\"potentialAction\":[{\"@type\":\"ReadAction\",\"target\":[\"https:\/\/tuzlainfo.ba\/index.php\/clanci\/sa-svih-strana\/item\/231708-vecina-amerikanaca-ne-vjeruje-u-zdrav-razum-predsjednika-bidena\/\"]}]},{\"@type\":\"ImageObject\",\"inLanguage\":\"bs-BA\",\"@id\":\"https:\/\/tuzlainfo.ba\/index.php\/clanci\/sa-svih-strana\/item\/231708-vecina-amerikanaca-ne-vjeruje-u-zdrav-razum-predsjednika-bidena\/#primaryimage\",\"url\":\"https:\/\/tuzlainfo.ba\/wp-content\/uploads\/2021\/06\/1006_joe_biden.jpg\",\"contentUrl\":\"https:\/\/tuzlainfo.ba\/wp-content\/uploads\/2021\/06\/1006_joe_biden.jpg\",\"width\":1229,\"height\":881},{\"@type\":\"BreadcrumbList\",\"@id\":\"https:\/\/tuzlainfo.ba\/index.php\/clanci\/sa-svih-strana\/item\/231708-vecina-amerikanaca-ne-vjeruje-u-zdrav-razum-predsjednika-bidena\/#breadcrumb\",\"itemListElement\":[{\"@type\":\"ListItem\",\"position\":1,\"name\":\"Home\",\"item\":\"https:\/\/tuzlainfo.ba\/\"},{\"@type\":\"ListItem\",\"position\":2,\"name\":\"Ve\u0107ina Amerikanaca ne vjeruje u zdrav razum predsjednika Bidena\"}]},{\"@type\":\"WebSite\",\"@id\":\"https:\/\/tuzlainfo.ba\/#website\",\"url\":\"https:\/\/tuzlainfo.ba\/\",\"name\":\"TuzlaInfo.ba\",\"description\":\"Tuzla info, gradski informator - Tuzla na dlanu\",\"publisher\":{\"@id\":\"https:\/\/tuzlainfo.ba\/#organization\"},\"potentialAction\":[{\"@type\":\"SearchAction\",\"target\":{\"@type\":\"EntryPoint\",\"urlTemplate\":\"https:\/\/tuzlainfo.ba\/?s={search_term_string}\"},\"query-input\":{\"@type\":\"PropertyValueSpecification\",\"valueRequired\":true,\"valueName\":\"search_term_string\"}}],\"inLanguage\":\"bs-BA\"},{\"@type\":\"Organization\",\"@id\":\"https:\/\/tuzlainfo.ba\/#organization\",\"name\":\"TuzlaInfo.ba\",\"url\":\"https:\/\/tuzlainfo.ba\/\",\"logo\":{\"@type\":\"ImageObject\",\"inLanguage\":\"bs-BA\",\"@id\":\"https:\/\/tuzlainfo.ba\/#\/schema\/logo\/image\/\",\"url\":\"https:\/\/tuzlainfo.ba\/wp-content\/uploads\/2021\/03\/logo-ver-3-1.png\",\"contentUrl\":\"https:\/\/tuzlainfo.ba\/wp-content\/uploads\/2021\/03\/logo-ver-3-1.png\",\"width\":350,\"height\":95,\"caption\":\"TuzlaInfo.ba\"},\"image\":{\"@id\":\"https:\/\/tuzlainfo.ba\/#\/schema\/logo\/image\/\"},\"sameAs\":[\"https:\/\/www.facebook.com\/tuzlainfo.ba\/\"]},{\"@type\":\"Person\",\"@id\":\"https:\/\/tuzlainfo.ba\/#\/schema\/person\/f4ebe4fff27e68efb65fa7e18f8af372\",\"name\":\"admin2\",\"image\":{\"@type\":\"ImageObject\",\"inLanguage\":\"bs-BA\",\"@id\":\"https:\/\/tuzlainfo.ba\/#\/schema\/person\/image\/\",\"url\":\"https:\/\/tuzlainfo.ba\/wp-content\/litespeed\/avatar\/8219eeb9a43cff2d096e773737736f62.jpg?ver=1777309398\",\"contentUrl\":\"https:\/\/tuzlainfo.ba\/wp-content\/litespeed\/avatar\/8219eeb9a43cff2d096e773737736f62.jpg?ver=1777309398\",\"caption\":\"admin2\"},\"description\":\"Tuzlainfo.ba pratite na dru\u0161tvenim mre\u017eama: Facebook, Instagram i Youtube. Svoje pri\u010de, upite i fotografije \u0161aljite na na\u0161u e-mail adresu.\",\"sameAs\":[\"admin\"]}]}<\/script>\n<!-- \/ Yoast SEO plugin. -->","yoast_head_json":{"title":"Ve\u0107ina Amerikanaca ne vjeruje u zdrav razum predsjednika Bidena - TuzlaInfo.ba","robots":{"index":"index","follow":"follow","max-snippet":"max-snippet:-1","max-image-preview":"max-image-preview:large","max-video-preview":"max-video-preview:-1"},"canonical":"https:\/\/tuzlainfo.ba\/index.php\/clanci\/sa-svih-strana\/item\/231708-vecina-amerikanaca-ne-vjeruje-u-zdrav-razum-predsjednika-bidena\/","og_locale":"bs_BA","og_type":"article","og_title":"Ve\u0107ina Amerikanaca ne vjeruje u zdrav razum predsjednika Bidena - TuzlaInfo.ba","og_description":"Oko 63 posto Amerikanaca sumnja u &#8220;mentalno zdravlje&#8221; ameri\u010dkog predsjednika Joea Bidena, pokazuje anketa sprovedena&hellip;","og_url":"https:\/\/tuzlainfo.ba\/index.php\/clanci\/sa-svih-strana\/item\/231708-vecina-amerikanaca-ne-vjeruje-u-zdrav-razum-predsjednika-bidena\/","og_site_name":"TuzlaInfo.ba","article_publisher":"https:\/\/www.facebook.com\/tuzlainfo.ba\/","article_published_time":"2024-03-04T13:33:18+00:00","article_modified_time":"2024-03-04T11:19:16+00:00","og_image":[{"width":1229,"height":881,"url":"https:\/\/tuzlainfo.ba\/wp-content\/uploads\/2021\/06\/1006_joe_biden.jpg","type":"image\/jpeg"}],"author":"admin2","twitter_card":"summary_large_image","twitter_misc":{"Written by":"admin2","Est. reading time":"2 minute"},"schema":{"@context":"https:\/\/schema.org","@graph":[{"@type":"Article","@id":"https:\/\/tuzlainfo.ba\/index.php\/clanci\/sa-svih-strana\/item\/231708-vecina-amerikanaca-ne-vjeruje-u-zdrav-razum-predsjednika-bidena\/#article","isPartOf":{"@id":"https:\/\/tuzlainfo.ba\/index.php\/clanci\/sa-svih-strana\/item\/231708-vecina-amerikanaca-ne-vjeruje-u-zdrav-razum-predsjednika-bidena\/"},"author":{"name":"admin2","@id":"https:\/\/tuzlainfo.ba\/#\/schema\/person\/f4ebe4fff27e68efb65fa7e18f8af372"},"headline":"Ve\u0107ina Amerikanaca ne vjeruje u zdrav razum predsjednika Bidena","datePublished":"2024-03-04T13:33:18+00:00","dateModified":"2024-03-04T11:19:16+00:00","mainEntityOfPage":{"@id":"https:\/\/tuzlainfo.ba\/index.php\/clanci\/sa-svih-strana\/item\/231708-vecina-amerikanaca-ne-vjeruje-u-zdrav-razum-predsjednika-bidena\/"},"wordCount":222,"publisher":{"@id":"https:\/\/tuzlainfo.ba\/#organization"},"image":{"@id":"https:\/\/tuzlainfo.ba\/index.php\/clanci\/sa-svih-strana\/item\/231708-vecina-amerikanaca-ne-vjeruje-u-zdrav-razum-predsjednika-bidena\/#primaryimage"},"thumbnailUrl":"https:\/\/tuzlainfo.ba\/wp-content\/uploads\/2021\/06\/1006_joe_biden.jpg","keywords":["joe biden"],"articleSection":["Sa svih strana"],"inLanguage":"bs-BA"},{"@type":"WebPage","@id":"https:\/\/tuzlainfo.ba\/index.php\/clanci\/sa-svih-strana\/item\/231708-vecina-amerikanaca-ne-vjeruje-u-zdrav-razum-predsjednika-bidena\/","url":"https:\/\/tuzlainfo.ba\/index.php\/clanci\/sa-svih-strana\/item\/231708-vecina-amerikanaca-ne-vjeruje-u-zdrav-razum-predsjednika-bidena\/","name":"Ve\u0107ina Amerikanaca ne vjeruje u zdrav razum predsjednika Bidena - TuzlaInfo.ba","isPartOf":{"@id":"https:\/\/tuzlainfo.ba\/#website"},"primaryImageOfPage":{"@id":"https:\/\/tuzlainfo.ba\/index.php\/clanci\/sa-svih-strana\/item\/231708-vecina-amerikanaca-ne-vjeruje-u-zdrav-razum-predsjednika-bidena\/#primaryimage"},"image":{"@id":"https:\/\/tuzlainfo.ba\/index.php\/clanci\/sa-svih-strana\/item\/231708-vecina-amerikanaca-ne-vjeruje-u-zdrav-razum-predsjednika-bidena\/#primaryimage"},"thumbnailUrl":"https:\/\/tuzlainfo.ba\/wp-content\/uploads\/2021\/06\/1006_joe_biden.jpg","datePublished":"2024-03-04T13:33:18+00:00","dateModified":"2024-03-04T11:19:16+00:00","breadcrumb":{"@id":"https:\/\/tuzlainfo.ba\/index.php\/clanci\/sa-svih-strana\/item\/231708-vecina-amerikanaca-ne-vjeruje-u-zdrav-razum-predsjednika-bidena\/#breadcrumb"},"inLanguage":"bs-BA","potentialAction":[{"@type":"ReadAction","target":["https:\/\/tuzlainfo.ba\/index.php\/clanci\/sa-svih-strana\/item\/231708-vecina-amerikanaca-ne-vjeruje-u-zdrav-razum-predsjednika-bidena\/"]}]},{"@type":"ImageObject","inLanguage":"bs-BA","@id":"https:\/\/tuzlainfo.ba\/index.php\/clanci\/sa-svih-strana\/item\/231708-vecina-amerikanaca-ne-vjeruje-u-zdrav-razum-predsjednika-bidena\/#primaryimage","url":"https:\/\/tuzlainfo.ba\/wp-content\/uploads\/2021\/06\/1006_joe_biden.jpg","contentUrl":"https:\/\/tuzlainfo.ba\/wp-content\/uploads\/2021\/06\/1006_joe_biden.jpg","width":1229,"height":881},{"@type":"BreadcrumbList","@id":"https:\/\/tuzlainfo.ba\/index.php\/clanci\/sa-svih-strana\/item\/231708-vecina-amerikanaca-ne-vjeruje-u-zdrav-razum-predsjednika-bidena\/#breadcrumb","itemListElement":[{"@type":"ListItem","position":1,"name":"Home","item":"https:\/\/tuzlainfo.ba\/"},{"@type":"ListItem","position":2,"name":"Ve\u0107ina Amerikanaca ne vjeruje u zdrav razum predsjednika Bidena"}]},{"@type":"WebSite","@id":"https:\/\/tuzlainfo.ba\/#website","url":"https:\/\/tuzlainfo.ba\/","name":"TuzlaInfo.ba","description":"Tuzla info, gradski informator - Tuzla na dlanu","publisher":{"@id":"https:\/\/tuzlainfo.ba\/#organization"},"potentialAction":[{"@type":"SearchAction","target":{"@type":"EntryPoint","urlTemplate":"https:\/\/tuzlainfo.ba\/?s={search_term_string}"},"query-input":{"@type":"PropertyValueSpecification","valueRequired":true,"valueName":"search_term_string"}}],"inLanguage":"bs-BA"},{"@type":"Organization","@id":"https:\/\/tuzlainfo.ba\/#organization","name":"TuzlaInfo.ba","url":"https:\/\/tuzlainfo.ba\/","logo":{"@type":"ImageObject","inLanguage":"bs-BA","@id":"https:\/\/tuzlainfo.ba\/#\/schema\/logo\/image\/","url":"https:\/\/tuzlainfo.ba\/wp-content\/uploads\/2021\/03\/logo-ver-3-1.png","contentUrl":"https:\/\/tuzlainfo.ba\/wp-content\/uploads\/2021\/03\/logo-ver-3-1.png","width":350,"height":95,"caption":"TuzlaInfo.ba"},"image":{"@id":"https:\/\/tuzlainfo.ba\/#\/schema\/logo\/image\/"},"sameAs":["https:\/\/www.facebook.com\/tuzlainfo.ba\/"]},{"@type":"Person","@id":"https:\/\/tuzlainfo.ba\/#\/schema\/person\/f4ebe4fff27e68efb65fa7e18f8af372","name":"admin2","image":{"@type":"ImageObject","inLanguage":"bs-BA","@id":"https:\/\/tuzlainfo.ba\/#\/schema\/person\/image\/","url":"https:\/\/tuzlainfo.ba\/wp-content\/litespeed\/avatar\/8219eeb9a43cff2d096e773737736f62.jpg?ver=1777309398","contentUrl":"https:\/\/tuzlainfo.ba\/wp-content\/litespeed\/avatar\/8219eeb9a43cff2d096e773737736f62.jpg?ver=1777309398","caption":"admin2"},"description":"Tuzlainfo.ba pratite na dru\u0161tvenim mre\u017eama: Facebook, Instagram i Youtube. Svoje pri\u010de, upite i fotografije \u0161aljite na na\u0161u e-mail adresu.","sameAs":["admin"]}]}},"_links":{"self":[{"href":"https:\/\/tuzlainfo.ba\/index.php\/wp-json\/wp\/v2\/posts\/231708"}],"collection":[{"href":"https:\/\/tuzlainfo.ba\/index.php\/wp-json\/wp\/v2\/posts"}],"about":[{"href":"https:\/\/tuzlainfo.ba\/index.php\/wp-json\/wp\/v2\/types\/post"}],"author":[{"embeddable":true,"href":"https:\/\/tuzlainfo.ba\/index.php\/wp-json\/wp\/v2\/users\/3"}],"replies":[{"embeddable":true,"href":"https:\/\/tuzlainfo.ba\/index.php\/wp-json\/wp\/v2\/comments?post=231708"}],"version-history":[{"count":1,"href":"https:\/\/tuzlainfo.ba\/index.php\/wp-json\/wp\/v2\/posts\/231708\/revisions"}],"predecessor-version":[{"id":231709,"href":"https:\/\/tuzlainfo.ba\/index.php\/wp-json\/wp\/v2\/posts\/231708\/revisions\/231709"}],"wp:featuredmedia":[{"embeddable":true,"href":"https:\/\/tuzlainfo.ba\/index.php\/wp-json\/wp\/v2\/media\/139286"}],"wp:attachment":[{"href":"https:\/\/tuzlainfo.ba\/index.php\/wp-json\/wp\/v2\/media?parent=231708"}],"wp:term":[{"taxonomy":"category","embeddable":true,"href":"https:\/\/tuzlainfo.ba\/index.php\/wp-json\/wp\/v2\/categories?post=231708"},{"taxonomy":"post_tag","embeddable":true,"href":"https:\/\/tuzlainfo.ba\/index.php\/wp-json\/wp\/v2\/tags?post=231708"}],"curies":[{"name":"wp","href":"https:\/\/api.w.org\/{rel}","templated":true}]}}