{"id":231598,"date":"2024-03-02T18:28:16","date_gmt":"2024-03-02T17:28:16","guid":{"rendered":"https:\/\/tuzlainfo.ba\/?p=231598"},"modified":"2024-03-02T18:28:16","modified_gmt":"2024-03-02T17:28:16","slug":"muzaferija-nakon-jos-jedne-odlicne-utrke-moja-vrijeme-tek-dolazi","status":"publish","type":"post","link":"https:\/\/tuzlainfo.ba\/index.php\/bosna-i-hercegovina\/item\/231598-muzaferija-nakon-jos-jedne-odlicne-utrke-moja-vrijeme-tek-dolazi\/","title":{"rendered":"Muzaferija nakon jo\u0161 jedne odli\u010dne utrke: &#8220;Moja vrijeme tek dolazi&#8221;"},"content":{"rendered":"<p>Sjajna Elvedina Muzaferija nastavila je s nizom dobrih rezultata u Svjetskom kupu i dana\u0161njom vo\u017enjom u Super G utrci do\u0161la do devetog mjesta i izuzetno va\u017enih 29 bodova. Prvi plasman u top deset Svjetskog kupa u disciplini Super \u2013 G Muzaferija je izborila s vremenom 1:34.61 i startnom pozicijom 25.<\/p>\n<p>Bodovi koji se je osvojila u izuzetno va\u017enom trenutku ostavili su je u igri za zavr\u0161nicu Svjetskog kupa i u ovoj disciplini.<\/p>\n<p>\u201cJako sam sretna. Na\u017ealost, utrka spusta je otkazana, ali ovo je meni bilo jako dobro da imam priliku da se kvalifikujem za finale I u disciplini Super G. Trka je bila dobra. Trenutno sam 24. u ukupnom poretku Super G-ija, ali imamo i sutra utrku i nadam se da \u0107u imati jo\u0161 bolji plasman i i\u0107i u Saalbach\u201d, izjavila je Muzaferija nakon utrke te se osvrnula na stazu u Kvitfjellu koju ne poznaje tako dobro kao druge staze:<\/p>\n<p>\u201cStazu ne poznajem, kao druge staze u Svjetskom kupu, ali napravili smo dobar ogled. \u00a0Mislim da je moje samopouzdanje trenutno na veoma viskom nivou i bilo gdje sam mogu skijati veoma dobro i brzo&#8221;, dodala je Muzaferija.<\/p>\n<p>S novih 29 bodova na\u0161a najbolja skija\u0161ica prikupila je ukupno 62 boda i trenutno je 24.u poretku discipline, a sutra\u0161nji spust do\u010dekuje sasvim sigurna u novi dobar rezultat.<\/p>\n<p>\u201cMoje vrijeme tek dolazi. Sada ve\u0107 bolje poznajem stazu. Mislim da \u0107e sutra biti lak\u0161e ostvariti jo\u0161 bolji rezultat\u201d isti\u010de Muzaferija i priznaje i da o\u010dekivanja rastu iz dana u dan.<\/p>\n<p>Drugi Super \u2013 G u norve\u0161kom Kvitfjellu na programu je sutra u 11 sati, a utrku mo\u017eete pratiti u prijenosu Eurosport kanala..<\/p>\n","protected":false},"excerpt":{"rendered":"<p>Sjajna Elvedina Muzaferija nastavila je s nizom dobrih rezultata u Svjetskom kupu i dana\u0161njom vo\u017enjom&hellip;<\/p>\n","protected":false},"author":2,"featured_media":231599,"comment_status":"closed","ping_status":"closed","sticky":false,"template":"","format":"standard","meta":{"_acf_changed":false,"footnotes":""},"categories":[291,304],"tags":[4144,4003,915],"acf":[],"yoast_head":"<!-- This site is optimized with the Yoast SEO plugin v23.5 - https:\/\/yoast.com\/wordpress\/plugins\/seo\/ -->\n<title>Muzaferija nakon jo\u0161 jedne odli\u010dne utrke: &quot;Moja vrijeme tek dolazi&quot; - TuzlaInfo.ba<\/title>\n<meta name=\"robots\" content=\"index, follow, max-snippet:-1, max-image-preview:large, max-video-preview:-1\" \/>\n<link rel=\"canonical\" href=\"https:\/\/tuzlainfo.ba\/index.php\/bosna-i-hercegovina\/item\/231598-muzaferija-nakon-jos-jedne-odlicne-utrke-moja-vrijeme-tek-dolazi\/\" \/>\n<meta property=\"og:locale\" content=\"bs_BA\" \/>\n<meta property=\"og:type\" content=\"article\" \/>\n<meta property=\"og:title\" content=\"Muzaferija nakon jo\u0161 jedne odli\u010dne utrke: &quot;Moja vrijeme tek dolazi&quot; - TuzlaInfo.ba\" \/>\n<meta property=\"og:description\" content=\"Sjajna Elvedina Muzaferija nastavila je s nizom dobrih rezultata u Svjetskom kupu i dana\u0161njom vo\u017enjom&hellip;\" \/>\n<meta property=\"og:url\" content=\"https:\/\/tuzlainfo.ba\/index.php\/bosna-i-hercegovina\/item\/231598-muzaferija-nakon-jos-jedne-odlicne-utrke-moja-vrijeme-tek-dolazi\/\" \/>\n<meta property=\"og:site_name\" content=\"TuzlaInfo.ba\" \/>\n<meta property=\"article:publisher\" content=\"https:\/\/www.facebook.com\/tuzlainfo.ba\/\" \/>\n<meta property=\"article:published_time\" content=\"2024-03-02T17:28:16+00:00\" \/>\n<meta property=\"og:image\" content=\"https:\/\/tuzlainfo.ba\/wp-content\/uploads\/2024\/03\/0203_muzaferija_navijaci.jpg\" \/>\n\t<meta property=\"og:image:width\" content=\"1000\" \/>\n\t<meta property=\"og:image:height\" content=\"718\" \/>\n\t<meta property=\"og:image:type\" content=\"image\/jpeg\" \/>\n<meta name=\"author\" content=\"nedim\" \/>\n<meta name=\"twitter:card\" content=\"summary_large_image\" \/>\n<meta name=\"twitter:label1\" content=\"Written by\" \/>\n\t<meta name=\"twitter:data1\" content=\"nedim\" \/>\n\t<meta name=\"twitter:label2\" content=\"Est. reading time\" \/>\n\t<meta name=\"twitter:data2\" content=\"2 minute\" \/>\n<script type=\"application\/ld+json\" class=\"yoast-schema-graph\">{\"@context\":\"https:\/\/schema.org\",\"@graph\":[{\"@type\":\"Article\",\"@id\":\"https:\/\/tuzlainfo.ba\/index.php\/bosna-i-hercegovina\/item\/231598-muzaferija-nakon-jos-jedne-odlicne-utrke-moja-vrijeme-tek-dolazi\/#article\",\"isPartOf\":{\"@id\":\"https:\/\/tuzlainfo.ba\/index.php\/bosna-i-hercegovina\/item\/231598-muzaferija-nakon-jos-jedne-odlicne-utrke-moja-vrijeme-tek-dolazi\/\"},\"author\":{\"name\":\"nedim\",\"@id\":\"https:\/\/tuzlainfo.ba\/#\/schema\/person\/f434e20dc27ea133923aab08451b7f7f\"},\"headline\":\"Muzaferija nakon jo\u0161 jedne odli\u010dne utrke: &#8220;Moja vrijeme tek dolazi&#8221;\",\"datePublished\":\"2024-03-02T17:28:16+00:00\",\"dateModified\":\"2024-03-02T17:28:16+00:00\",\"mainEntityOfPage\":{\"@id\":\"https:\/\/tuzlainfo.ba\/index.php\/bosna-i-hercegovina\/item\/231598-muzaferija-nakon-jos-jedne-odlicne-utrke-moja-vrijeme-tek-dolazi\/\"},\"wordCount\":287,\"publisher\":{\"@id\":\"https:\/\/tuzlainfo.ba\/#organization\"},\"image\":{\"@id\":\"https:\/\/tuzlainfo.ba\/index.php\/bosna-i-hercegovina\/item\/231598-muzaferija-nakon-jos-jedne-odlicne-utrke-moja-vrijeme-tek-dolazi\/#primaryimage\"},\"thumbnailUrl\":\"https:\/\/tuzlainfo.ba\/wp-content\/uploads\/2024\/03\/0203_muzaferija_navijaci.jpg\",\"keywords\":[\"Elvedina Muzaferija\",\"skijanje\",\"sport\"],\"articleSection\":[\"Bosna i Hercegovina\",\"Istaknuto\"],\"inLanguage\":\"bs-BA\"},{\"@type\":\"WebPage\",\"@id\":\"https:\/\/tuzlainfo.ba\/index.php\/bosna-i-hercegovina\/item\/231598-muzaferija-nakon-jos-jedne-odlicne-utrke-moja-vrijeme-tek-dolazi\/\",\"url\":\"https:\/\/tuzlainfo.ba\/index.php\/bosna-i-hercegovina\/item\/231598-muzaferija-nakon-jos-jedne-odlicne-utrke-moja-vrijeme-tek-dolazi\/\",\"name\":\"Muzaferija nakon jo\u0161 jedne odli\u010dne utrke: \\\"Moja vrijeme tek dolazi\\\" - TuzlaInfo.ba\",\"isPartOf\":{\"@id\":\"https:\/\/tuzlainfo.ba\/#website\"},\"primaryImageOfPage\":{\"@id\":\"https:\/\/tuzlainfo.ba\/index.php\/bosna-i-hercegovina\/item\/231598-muzaferija-nakon-jos-jedne-odlicne-utrke-moja-vrijeme-tek-dolazi\/#primaryimage\"},\"image\":{\"@id\":\"https:\/\/tuzlainfo.ba\/index.php\/bosna-i-hercegovina\/item\/231598-muzaferija-nakon-jos-jedne-odlicne-utrke-moja-vrijeme-tek-dolazi\/#primaryimage\"},\"thumbnailUrl\":\"https:\/\/tuzlainfo.ba\/wp-content\/uploads\/2024\/03\/0203_muzaferija_navijaci.jpg\",\"datePublished\":\"2024-03-02T17:28:16+00:00\",\"dateModified\":\"2024-03-02T17:28:16+00:00\",\"breadcrumb\":{\"@id\":\"https:\/\/tuzlainfo.ba\/index.php\/bosna-i-hercegovina\/item\/231598-muzaferija-nakon-jos-jedne-odlicne-utrke-moja-vrijeme-tek-dolazi\/#breadcrumb\"},\"inLanguage\":\"bs-BA\",\"potentialAction\":[{\"@type\":\"ReadAction\",\"target\":[\"https:\/\/tuzlainfo.ba\/index.php\/bosna-i-hercegovina\/item\/231598-muzaferija-nakon-jos-jedne-odlicne-utrke-moja-vrijeme-tek-dolazi\/\"]}]},{\"@type\":\"ImageObject\",\"inLanguage\":\"bs-BA\",\"@id\":\"https:\/\/tuzlainfo.ba\/index.php\/bosna-i-hercegovina\/item\/231598-muzaferija-nakon-jos-jedne-odlicne-utrke-moja-vrijeme-tek-dolazi\/#primaryimage\",\"url\":\"https:\/\/tuzlainfo.ba\/wp-content\/uploads\/2024\/03\/0203_muzaferija_navijaci.jpg\",\"contentUrl\":\"https:\/\/tuzlainfo.ba\/wp-content\/uploads\/2024\/03\/0203_muzaferija_navijaci.jpg\",\"width\":1000,\"height\":718},{\"@type\":\"BreadcrumbList\",\"@id\":\"https:\/\/tuzlainfo.ba\/index.php\/bosna-i-hercegovina\/item\/231598-muzaferija-nakon-jos-jedne-odlicne-utrke-moja-vrijeme-tek-dolazi\/#breadcrumb\",\"itemListElement\":[{\"@type\":\"ListItem\",\"position\":1,\"name\":\"Home\",\"item\":\"https:\/\/tuzlainfo.ba\/\"},{\"@type\":\"ListItem\",\"position\":2,\"name\":\"Muzaferija nakon jo\u0161 jedne odli\u010dne utrke: &#8220;Moja vrijeme tek dolazi&#8221;\"}]},{\"@type\":\"WebSite\",\"@id\":\"https:\/\/tuzlainfo.ba\/#website\",\"url\":\"https:\/\/tuzlainfo.ba\/\",\"name\":\"TuzlaInfo.ba\",\"description\":\"Tuzla info, gradski informator - Tuzla na dlanu\",\"publisher\":{\"@id\":\"https:\/\/tuzlainfo.ba\/#organization\"},\"potentialAction\":[{\"@type\":\"SearchAction\",\"target\":{\"@type\":\"EntryPoint\",\"urlTemplate\":\"https:\/\/tuzlainfo.ba\/?s={search_term_string}\"},\"query-input\":{\"@type\":\"PropertyValueSpecification\",\"valueRequired\":true,\"valueName\":\"search_term_string\"}}],\"inLanguage\":\"bs-BA\"},{\"@type\":\"Organization\",\"@id\":\"https:\/\/tuzlainfo.ba\/#organization\",\"name\":\"TuzlaInfo.ba\",\"url\":\"https:\/\/tuzlainfo.ba\/\",\"logo\":{\"@type\":\"ImageObject\",\"inLanguage\":\"bs-BA\",\"@id\":\"https:\/\/tuzlainfo.ba\/#\/schema\/logo\/image\/\",\"url\":\"https:\/\/tuzlainfo.ba\/wp-content\/uploads\/2021\/03\/logo-ver-3-1.png\",\"contentUrl\":\"https:\/\/tuzlainfo.ba\/wp-content\/uploads\/2021\/03\/logo-ver-3-1.png\",\"width\":350,\"height\":95,\"caption\":\"TuzlaInfo.ba\"},\"image\":{\"@id\":\"https:\/\/tuzlainfo.ba\/#\/schema\/logo\/image\/\"},\"sameAs\":[\"https:\/\/www.facebook.com\/tuzlainfo.ba\/\"]},{\"@type\":\"Person\",\"@id\":\"https:\/\/tuzlainfo.ba\/#\/schema\/person\/f434e20dc27ea133923aab08451b7f7f\",\"name\":\"nedim\",\"image\":{\"@type\":\"ImageObject\",\"inLanguage\":\"bs-BA\",\"@id\":\"https:\/\/tuzlainfo.ba\/#\/schema\/person\/image\/\",\"url\":\"https:\/\/tuzlainfo.ba\/wp-content\/litespeed\/avatar\/aabad687af24844af817603ac1cbdc4f.jpg?ver=1777306975\",\"contentUrl\":\"https:\/\/tuzlainfo.ba\/wp-content\/litespeed\/avatar\/aabad687af24844af817603ac1cbdc4f.jpg?ver=1777306975\",\"caption\":\"nedim\"},\"description\":\"Tuzlainfo.ba pratite na dru\u0161tvenim mre\u017eama: Facebook, Instagram i Youtube. Svoje pri\u010de, upite i fotografije \u0161aljite na na\u0161u e-mail adresu.\"}]}<\/script>\n<!-- \/ Yoast SEO plugin. -->","yoast_head_json":{"title":"Muzaferija nakon jo\u0161 jedne odli\u010dne utrke: \"Moja vrijeme tek dolazi\" - TuzlaInfo.ba","robots":{"index":"index","follow":"follow","max-snippet":"max-snippet:-1","max-image-preview":"max-image-preview:large","max-video-preview":"max-video-preview:-1"},"canonical":"https:\/\/tuzlainfo.ba\/index.php\/bosna-i-hercegovina\/item\/231598-muzaferija-nakon-jos-jedne-odlicne-utrke-moja-vrijeme-tek-dolazi\/","og_locale":"bs_BA","og_type":"article","og_title":"Muzaferija nakon jo\u0161 jedne odli\u010dne utrke: \"Moja vrijeme tek dolazi\" - TuzlaInfo.ba","og_description":"Sjajna Elvedina Muzaferija nastavila je s nizom dobrih rezultata u Svjetskom kupu i dana\u0161njom vo\u017enjom&hellip;","og_url":"https:\/\/tuzlainfo.ba\/index.php\/bosna-i-hercegovina\/item\/231598-muzaferija-nakon-jos-jedne-odlicne-utrke-moja-vrijeme-tek-dolazi\/","og_site_name":"TuzlaInfo.ba","article_publisher":"https:\/\/www.facebook.com\/tuzlainfo.ba\/","article_published_time":"2024-03-02T17:28:16+00:00","og_image":[{"width":1000,"height":718,"url":"https:\/\/tuzlainfo.ba\/wp-content\/uploads\/2024\/03\/0203_muzaferija_navijaci.jpg","type":"image\/jpeg"}],"author":"nedim","twitter_card":"summary_large_image","twitter_misc":{"Written by":"nedim","Est. reading time":"2 minute"},"schema":{"@context":"https:\/\/schema.org","@graph":[{"@type":"Article","@id":"https:\/\/tuzlainfo.ba\/index.php\/bosna-i-hercegovina\/item\/231598-muzaferija-nakon-jos-jedne-odlicne-utrke-moja-vrijeme-tek-dolazi\/#article","isPartOf":{"@id":"https:\/\/tuzlainfo.ba\/index.php\/bosna-i-hercegovina\/item\/231598-muzaferija-nakon-jos-jedne-odlicne-utrke-moja-vrijeme-tek-dolazi\/"},"author":{"name":"nedim","@id":"https:\/\/tuzlainfo.ba\/#\/schema\/person\/f434e20dc27ea133923aab08451b7f7f"},"headline":"Muzaferija nakon jo\u0161 jedne odli\u010dne utrke: &#8220;Moja vrijeme tek dolazi&#8221;","datePublished":"2024-03-02T17:28:16+00:00","dateModified":"2024-03-02T17:28:16+00:00","mainEntityOfPage":{"@id":"https:\/\/tuzlainfo.ba\/index.php\/bosna-i-hercegovina\/item\/231598-muzaferija-nakon-jos-jedne-odlicne-utrke-moja-vrijeme-tek-dolazi\/"},"wordCount":287,"publisher":{"@id":"https:\/\/tuzlainfo.ba\/#organization"},"image":{"@id":"https:\/\/tuzlainfo.ba\/index.php\/bosna-i-hercegovina\/item\/231598-muzaferija-nakon-jos-jedne-odlicne-utrke-moja-vrijeme-tek-dolazi\/#primaryimage"},"thumbnailUrl":"https:\/\/tuzlainfo.ba\/wp-content\/uploads\/2024\/03\/0203_muzaferija_navijaci.jpg","keywords":["Elvedina Muzaferija","skijanje","sport"],"articleSection":["Bosna i Hercegovina","Istaknuto"],"inLanguage":"bs-BA"},{"@type":"WebPage","@id":"https:\/\/tuzlainfo.ba\/index.php\/bosna-i-hercegovina\/item\/231598-muzaferija-nakon-jos-jedne-odlicne-utrke-moja-vrijeme-tek-dolazi\/","url":"https:\/\/tuzlainfo.ba\/index.php\/bosna-i-hercegovina\/item\/231598-muzaferija-nakon-jos-jedne-odlicne-utrke-moja-vrijeme-tek-dolazi\/","name":"Muzaferija nakon jo\u0161 jedne odli\u010dne utrke: \"Moja vrijeme tek dolazi\" - TuzlaInfo.ba","isPartOf":{"@id":"https:\/\/tuzlainfo.ba\/#website"},"primaryImageOfPage":{"@id":"https:\/\/tuzlainfo.ba\/index.php\/bosna-i-hercegovina\/item\/231598-muzaferija-nakon-jos-jedne-odlicne-utrke-moja-vrijeme-tek-dolazi\/#primaryimage"},"image":{"@id":"https:\/\/tuzlainfo.ba\/index.php\/bosna-i-hercegovina\/item\/231598-muzaferija-nakon-jos-jedne-odlicne-utrke-moja-vrijeme-tek-dolazi\/#primaryimage"},"thumbnailUrl":"https:\/\/tuzlainfo.ba\/wp-content\/uploads\/2024\/03\/0203_muzaferija_navijaci.jpg","datePublished":"2024-03-02T17:28:16+00:00","dateModified":"2024-03-02T17:28:16+00:00","breadcrumb":{"@id":"https:\/\/tuzlainfo.ba\/index.php\/bosna-i-hercegovina\/item\/231598-muzaferija-nakon-jos-jedne-odlicne-utrke-moja-vrijeme-tek-dolazi\/#breadcrumb"},"inLanguage":"bs-BA","potentialAction":[{"@type":"ReadAction","target":["https:\/\/tuzlainfo.ba\/index.php\/bosna-i-hercegovina\/item\/231598-muzaferija-nakon-jos-jedne-odlicne-utrke-moja-vrijeme-tek-dolazi\/"]}]},{"@type":"ImageObject","inLanguage":"bs-BA","@id":"https:\/\/tuzlainfo.ba\/index.php\/bosna-i-hercegovina\/item\/231598-muzaferija-nakon-jos-jedne-odlicne-utrke-moja-vrijeme-tek-dolazi\/#primaryimage","url":"https:\/\/tuzlainfo.ba\/wp-content\/uploads\/2024\/03\/0203_muzaferija_navijaci.jpg","contentUrl":"https:\/\/tuzlainfo.ba\/wp-content\/uploads\/2024\/03\/0203_muzaferija_navijaci.jpg","width":1000,"height":718},{"@type":"BreadcrumbList","@id":"https:\/\/tuzlainfo.ba\/index.php\/bosna-i-hercegovina\/item\/231598-muzaferija-nakon-jos-jedne-odlicne-utrke-moja-vrijeme-tek-dolazi\/#breadcrumb","itemListElement":[{"@type":"ListItem","position":1,"name":"Home","item":"https:\/\/tuzlainfo.ba\/"},{"@type":"ListItem","position":2,"name":"Muzaferija nakon jo\u0161 jedne odli\u010dne utrke: &#8220;Moja vrijeme tek dolazi&#8221;"}]},{"@type":"WebSite","@id":"https:\/\/tuzlainfo.ba\/#website","url":"https:\/\/tuzlainfo.ba\/","name":"TuzlaInfo.ba","description":"Tuzla info, gradski informator - Tuzla na dlanu","publisher":{"@id":"https:\/\/tuzlainfo.ba\/#organization"},"potentialAction":[{"@type":"SearchAction","target":{"@type":"EntryPoint","urlTemplate":"https:\/\/tuzlainfo.ba\/?s={search_term_string}"},"query-input":{"@type":"PropertyValueSpecification","valueRequired":true,"valueName":"search_term_string"}}],"inLanguage":"bs-BA"},{"@type":"Organization","@id":"https:\/\/tuzlainfo.ba\/#organization","name":"TuzlaInfo.ba","url":"https:\/\/tuzlainfo.ba\/","logo":{"@type":"ImageObject","inLanguage":"bs-BA","@id":"https:\/\/tuzlainfo.ba\/#\/schema\/logo\/image\/","url":"https:\/\/tuzlainfo.ba\/wp-content\/uploads\/2021\/03\/logo-ver-3-1.png","contentUrl":"https:\/\/tuzlainfo.ba\/wp-content\/uploads\/2021\/03\/logo-ver-3-1.png","width":350,"height":95,"caption":"TuzlaInfo.ba"},"image":{"@id":"https:\/\/tuzlainfo.ba\/#\/schema\/logo\/image\/"},"sameAs":["https:\/\/www.facebook.com\/tuzlainfo.ba\/"]},{"@type":"Person","@id":"https:\/\/tuzlainfo.ba\/#\/schema\/person\/f434e20dc27ea133923aab08451b7f7f","name":"nedim","image":{"@type":"ImageObject","inLanguage":"bs-BA","@id":"https:\/\/tuzlainfo.ba\/#\/schema\/person\/image\/","url":"https:\/\/tuzlainfo.ba\/wp-content\/litespeed\/avatar\/aabad687af24844af817603ac1cbdc4f.jpg?ver=1777306975","contentUrl":"https:\/\/tuzlainfo.ba\/wp-content\/litespeed\/avatar\/aabad687af24844af817603ac1cbdc4f.jpg?ver=1777306975","caption":"nedim"},"description":"Tuzlainfo.ba pratite na dru\u0161tvenim mre\u017eama: Facebook, Instagram i Youtube. Svoje pri\u010de, upite i fotografije \u0161aljite na na\u0161u e-mail adresu."}]}},"_links":{"self":[{"href":"https:\/\/tuzlainfo.ba\/index.php\/wp-json\/wp\/v2\/posts\/231598"}],"collection":[{"href":"https:\/\/tuzlainfo.ba\/index.php\/wp-json\/wp\/v2\/posts"}],"about":[{"href":"https:\/\/tuzlainfo.ba\/index.php\/wp-json\/wp\/v2\/types\/post"}],"author":[{"embeddable":true,"href":"https:\/\/tuzlainfo.ba\/index.php\/wp-json\/wp\/v2\/users\/2"}],"replies":[{"embeddable":true,"href":"https:\/\/tuzlainfo.ba\/index.php\/wp-json\/wp\/v2\/comments?post=231598"}],"version-history":[{"count":1,"href":"https:\/\/tuzlainfo.ba\/index.php\/wp-json\/wp\/v2\/posts\/231598\/revisions"}],"predecessor-version":[{"id":231600,"href":"https:\/\/tuzlainfo.ba\/index.php\/wp-json\/wp\/v2\/posts\/231598\/revisions\/231600"}],"wp:featuredmedia":[{"embeddable":true,"href":"https:\/\/tuzlainfo.ba\/index.php\/wp-json\/wp\/v2\/media\/231599"}],"wp:attachment":[{"href":"https:\/\/tuzlainfo.ba\/index.php\/wp-json\/wp\/v2\/media?parent=231598"}],"wp:term":[{"taxonomy":"category","embeddable":true,"href":"https:\/\/tuzlainfo.ba\/index.php\/wp-json\/wp\/v2\/categories?post=231598"},{"taxonomy":"post_tag","embeddable":true,"href":"https:\/\/tuzlainfo.ba\/index.php\/wp-json\/wp\/v2\/tags?post=231598"}],"curies":[{"name":"wp","href":"https:\/\/api.w.org\/{rel}","templated":true}]}}