{"id":231565,"date":"2024-03-02T17:01:52","date_gmt":"2024-03-02T16:01:52","guid":{"rendered":"https:\/\/tuzlainfo.ba\/?p=231565"},"modified":"2024-03-02T14:52:08","modified_gmt":"2024-03-02T13:52:08","slug":"video-mladi-iz-skahovice-manifestacijom-obiljezili-dan-nezavisnoti","status":"publish","type":"post","link":"https:\/\/tuzlainfo.ba\/index.php\/novosti\/item\/231565-video-mladi-iz-skahovice-manifestacijom-obiljezili-dan-nezavisnoti\/","title":{"rendered":"VIDEO \/ Mladi iz \u0160kahovice manifestacijom obilje\u017eili Dan nezavisnoti"},"content":{"rendered":"<p>U gra\u010dani\u010dkoj mjesnoj zajednici \u0160kahovica Dan nezavisnosti Bosne i Hercegovine je obilje\u017een manifestacijom koju je samovoljno inicirala omladina U.G. Izvor \u0160kahovica.<\/p>\n<p>Pripreme su trajale oko mjesec dana, uz dru\u017eenje i timski rad mladi su do\u0161li na ideju da ovu manifestaciju i realizuju. Predsjednik U.G. Izvor \u0160kahovica Nihad Ali\u0107 isti\u010de kako je odu\u0161evljen izvedbom \u010dlanova svih sekcija, te navodi kako je ponosan\u00a0 na \u010dinjenicu da su inicijatori obilje\u017eavanja ovog zna\u010dajnog praznika.<\/p>\n<p>&#8211; Djeca su na\u0161a budu\u0107nost i mislim da ima budu\u0107nost Bosna\u00a0 i Hercegovina sa ovakvom djecom. Ima jedna izjava koju ja mogu da kazem za djecu:Izvor vode daje \u017eivot ljudima,a oni daju \u017eivot izvoru &#8211; ka\u017ee Nihad Ali\u0107, predsjednik U.G.Izvor \u0160kahovica<\/p>\n<div id=\"penci-post-gallery__62604\" class=\"penci-post-gallery-container masonry grid column-3\" data-height=\"150\" data-margin=\"3\"><div class=\"inner-gallery-masonry-container\"><div class=\"item-gallery-masonry grid\"><a class=\"\" href=\"https:\/\/tuzlainfo.ba\/wp-content\/uploads\/2024\/03\/0203_skahovica_2-3.jpeg\"><div class=\"inner-item-masonry-gallery\"><img decoding=\"async\" src=\"https:\/\/tuzlainfo.ba\/wp-content\/uploads\/2024\/03\/0203_skahovica_2-3-585x390.jpeg\" alt=\"\" title=\"0203_skahovica_2 (3)\"><\/div><\/a><\/div><div class=\"item-gallery-masonry grid\"><a class=\"\" href=\"https:\/\/tuzlainfo.ba\/wp-content\/uploads\/2024\/03\/0203_skahovica_2-2.jpeg\"><div class=\"inner-item-masonry-gallery\"><img decoding=\"async\" src=\"https:\/\/tuzlainfo.ba\/wp-content\/uploads\/2024\/03\/0203_skahovica_2-2-585x390.jpeg\" alt=\"\" title=\"0203_skahovica_2 (2)\"><\/div><\/a><\/div><div class=\"item-gallery-masonry grid\"><a class=\"\" href=\"https:\/\/tuzlainfo.ba\/wp-content\/uploads\/2024\/03\/0203_skahovica_2-1.jpeg\"><div class=\"inner-item-masonry-gallery\"><img decoding=\"async\" src=\"https:\/\/tuzlainfo.ba\/wp-content\/uploads\/2024\/03\/0203_skahovica_2-1-585x390.jpeg\" alt=\"\" title=\"0203_skahovica_2 (1)\"><\/div><\/a><\/div><div class=\"item-gallery-masonry grid\"><a class=\"\" href=\"https:\/\/tuzlainfo.ba\/wp-content\/uploads\/2024\/03\/0203_skahovica-2.jpeg\"><div class=\"inner-item-masonry-gallery\"><img decoding=\"async\" src=\"https:\/\/tuzlainfo.ba\/wp-content\/uploads\/2024\/03\/0203_skahovica-2-585x390.jpeg\" alt=\"\" title=\"0203_skahovica (2)\"><\/div><\/a><\/div><div class=\"item-gallery-masonry grid\"><a class=\"\" href=\"https:\/\/tuzlainfo.ba\/wp-content\/uploads\/2024\/03\/0203_skahovica-3.jpeg\"><div class=\"inner-item-masonry-gallery\"><img decoding=\"async\" src=\"https:\/\/tuzlainfo.ba\/wp-content\/uploads\/2024\/03\/0203_skahovica-3-585x390.jpeg\" alt=\"\" title=\"0203_skahovica (3)\"><\/div><\/a><\/div><div class=\"item-gallery-masonry grid\"><a class=\"\" href=\"https:\/\/tuzlainfo.ba\/wp-content\/uploads\/2024\/03\/0203_skahovica-4.jpeg\"><div class=\"inner-item-masonry-gallery\"><img decoding=\"async\" src=\"https:\/\/tuzlainfo.ba\/wp-content\/uploads\/2024\/03\/0203_skahovica-4-585x390.jpeg\" alt=\"\" title=\"0203_skahovica (4)\"><\/div><\/a><\/div><div class=\"item-gallery-masonry grid\"><a class=\"\" href=\"https:\/\/tuzlainfo.ba\/wp-content\/uploads\/2024\/03\/0203_skahovica-5.jpeg\"><div class=\"inner-item-masonry-gallery\"><img decoding=\"async\" src=\"https:\/\/tuzlainfo.ba\/wp-content\/uploads\/2024\/03\/0203_skahovica-5-585x390.jpeg\" alt=\"\" title=\"0203_skahovica (5)\"><\/div><\/a><\/div><div class=\"item-gallery-masonry grid\"><a class=\"\" href=\"https:\/\/tuzlainfo.ba\/wp-content\/uploads\/2024\/03\/0203_skahovica-6.jpeg\"><div class=\"inner-item-masonry-gallery\"><img decoding=\"async\" src=\"https:\/\/tuzlainfo.ba\/wp-content\/uploads\/2024\/03\/0203_skahovica-6-585x390.jpeg\" alt=\"\" title=\"0203_skahovica (6)\"><\/div><\/a><\/div><div class=\"item-gallery-masonry grid\"><a class=\"\" href=\"https:\/\/tuzlainfo.ba\/wp-content\/uploads\/2024\/03\/0203_skahovica-7.jpeg\"><div class=\"inner-item-masonry-gallery\"><img decoding=\"async\" src=\"https:\/\/tuzlainfo.ba\/wp-content\/uploads\/2024\/03\/0203_skahovica-7-585x390.jpeg\" alt=\"\" title=\"0203_skahovica (7)\"><\/div><\/a><\/div><div class=\"item-gallery-masonry grid\"><a class=\"\" href=\"https:\/\/tuzlainfo.ba\/wp-content\/uploads\/2024\/03\/0203_skahovica-8.jpeg\"><div class=\"inner-item-masonry-gallery\"><img decoding=\"async\" src=\"https:\/\/tuzlainfo.ba\/wp-content\/uploads\/2024\/03\/0203_skahovica-8-585x390.jpeg\" alt=\"\" title=\"0203_skahovica (8)\"><\/div><\/a><\/div><div class=\"item-gallery-masonry grid\"><a class=\"\" href=\"https:\/\/tuzlainfo.ba\/wp-content\/uploads\/2024\/03\/0203_skahovica-9.jpeg\"><div class=\"inner-item-masonry-gallery\"><img decoding=\"async\" src=\"https:\/\/tuzlainfo.ba\/wp-content\/uploads\/2024\/03\/0203_skahovica-9-585x390.jpeg\" alt=\"\" title=\"0203_skahovica (9)\"><\/div><\/a><\/div><\/div><\/div>\n<p>U\u010desnica manifestacije Hanija Mulahusejnovi\u0107 navodi kako je prezadovoljna s nastupima, uz napomenu da su ulo\u017eili\u00a0 mnogo truda i vremena, te isti\u010de da su imali divnu publiku uz njih.<\/p>\n<p>&#8211; Kao omladina \u017eelimo poru\u010diti da trebamo \u010duvati svoju domovinu i kakva god ona bila ponositi se sa njom i voliti je- ka\u017ee Hanija Mulahusejnovi\u0107.<\/p>\n<p>Pored\u00a0 mje\u0161tana, na manifestaciji je bio prisutan gradona\u010delnik grada Gra\u010danice Nusret Heli\u0107.<strong>\/Tuzlainfo.ba, A. Mulahusejnovi\u0107\/<\/strong><\/p>\n<p><iframe title=\"Proslava Dana nezavisnosti u \u0160kahovici (Gra\u010danica)\" width=\"1170\" height=\"658\" src=\"https:\/\/www.youtube.com\/embed\/x29AeFLw-Eo?feature=oembed\" frameborder=\"0\" allow=\"accelerometer; autoplay; clipboard-write; encrypted-media; gyroscope; picture-in-picture; web-share\" allowfullscreen><\/iframe><\/p>\n<p>&nbsp;<\/p>\n<p>&nbsp;<\/p>\n<p>&nbsp;<\/p>\n","protected":false},"excerpt":{"rendered":"<p>U gra\u010dani\u010dkoj mjesnoj zajednici \u0160kahovica Dan nezavisnosti Bosne i Hercegovine je obilje\u017een manifestacijom koju je&hellip;<\/p>\n","protected":false},"author":2,"featured_media":231577,"comment_status":"closed","ping_status":"closed","sticky":false,"template":"","format":"standard","meta":{"_acf_changed":false,"footnotes":""},"categories":[304,12],"tags":[4231,584,9706,9705],"acf":[],"yoast_head":"<!-- This site is optimized with the Yoast SEO plugin v23.5 - https:\/\/yoast.com\/wordpress\/plugins\/seo\/ -->\n<title>VIDEO \/ Mladi iz \u0160kahovice manifestacijom obilje\u017eili Dan nezavisnoti - TuzlaInfo.ba<\/title>\n<meta name=\"robots\" content=\"index, follow, max-snippet:-1, max-image-preview:large, max-video-preview:-1\" \/>\n<link rel=\"canonical\" href=\"https:\/\/tuzlainfo.ba\/index.php\/novosti\/item\/231565-video-mladi-iz-skahovice-manifestacijom-obiljezili-dan-nezavisnoti\/\" \/>\n<meta property=\"og:locale\" content=\"bs_BA\" \/>\n<meta property=\"og:type\" content=\"article\" \/>\n<meta property=\"og:title\" content=\"VIDEO \/ Mladi iz \u0160kahovice manifestacijom obilje\u017eili Dan nezavisnoti - TuzlaInfo.ba\" \/>\n<meta property=\"og:description\" content=\"U gra\u010dani\u010dkoj mjesnoj zajednici \u0160kahovica Dan nezavisnosti Bosne i Hercegovine je obilje\u017een manifestacijom koju je&hellip;\" \/>\n<meta property=\"og:url\" content=\"https:\/\/tuzlainfo.ba\/index.php\/novosti\/item\/231565-video-mladi-iz-skahovice-manifestacijom-obiljezili-dan-nezavisnoti\/\" \/>\n<meta property=\"og:site_name\" content=\"TuzlaInfo.ba\" \/>\n<meta property=\"article:publisher\" content=\"https:\/\/www.facebook.com\/tuzlainfo.ba\/\" \/>\n<meta property=\"article:published_time\" content=\"2024-03-02T16:01:52+00:00\" \/>\n<meta property=\"article:modified_time\" content=\"2024-03-02T13:52:08+00:00\" \/>\n<meta property=\"og:image\" content=\"https:\/\/tuzlainfo.ba\/wp-content\/uploads\/2024\/03\/0203_kolaz_skahovica.jpg\" \/>\n\t<meta property=\"og:image:width\" content=\"1000\" \/>\n\t<meta property=\"og:image:height\" content=\"643\" \/>\n\t<meta property=\"og:image:type\" content=\"image\/jpeg\" \/>\n<meta name=\"author\" content=\"nedim\" \/>\n<meta name=\"twitter:card\" content=\"summary_large_image\" \/>\n<meta name=\"twitter:label1\" content=\"Written by\" \/>\n\t<meta name=\"twitter:data1\" content=\"nedim\" \/>\n\t<meta name=\"twitter:label2\" content=\"Est. reading time\" \/>\n\t<meta name=\"twitter:data2\" content=\"1 minuta\" \/>\n<script type=\"application\/ld+json\" class=\"yoast-schema-graph\">{\"@context\":\"https:\/\/schema.org\",\"@graph\":[{\"@type\":\"Article\",\"@id\":\"https:\/\/tuzlainfo.ba\/index.php\/novosti\/item\/231565-video-mladi-iz-skahovice-manifestacijom-obiljezili-dan-nezavisnoti\/#article\",\"isPartOf\":{\"@id\":\"https:\/\/tuzlainfo.ba\/index.php\/novosti\/item\/231565-video-mladi-iz-skahovice-manifestacijom-obiljezili-dan-nezavisnoti\/\"},\"author\":{\"name\":\"nedim\",\"@id\":\"https:\/\/tuzlainfo.ba\/#\/schema\/person\/f434e20dc27ea133923aab08451b7f7f\"},\"headline\":\"VIDEO \/ Mladi iz \u0160kahovice manifestacijom obilje\u017eili Dan nezavisnoti\",\"datePublished\":\"2024-03-02T16:01:52+00:00\",\"dateModified\":\"2024-03-02T13:52:08+00:00\",\"mainEntityOfPage\":{\"@id\":\"https:\/\/tuzlainfo.ba\/index.php\/novosti\/item\/231565-video-mladi-iz-skahovice-manifestacijom-obiljezili-dan-nezavisnoti\/\"},\"wordCount\":233,\"publisher\":{\"@id\":\"https:\/\/tuzlainfo.ba\/#organization\"},\"image\":{\"@id\":\"https:\/\/tuzlainfo.ba\/index.php\/novosti\/item\/231565-video-mladi-iz-skahovice-manifestacijom-obiljezili-dan-nezavisnoti\/#primaryimage\"},\"thumbnailUrl\":\"https:\/\/tuzlainfo.ba\/wp-content\/uploads\/2024\/03\/0203_kolaz_skahovica.jpg\",\"keywords\":[\"dan nezavisnosti\",\"gra\u010danica\",\"nusret heli\u0107\",\"\u0161kahovica\"],\"articleSection\":[\"Istaknuto\",\"Novosti\"],\"inLanguage\":\"bs-BA\"},{\"@type\":\"WebPage\",\"@id\":\"https:\/\/tuzlainfo.ba\/index.php\/novosti\/item\/231565-video-mladi-iz-skahovice-manifestacijom-obiljezili-dan-nezavisnoti\/\",\"url\":\"https:\/\/tuzlainfo.ba\/index.php\/novosti\/item\/231565-video-mladi-iz-skahovice-manifestacijom-obiljezili-dan-nezavisnoti\/\",\"name\":\"VIDEO \/ Mladi iz \u0160kahovice manifestacijom obilje\u017eili Dan nezavisnoti - TuzlaInfo.ba\",\"isPartOf\":{\"@id\":\"https:\/\/tuzlainfo.ba\/#website\"},\"primaryImageOfPage\":{\"@id\":\"https:\/\/tuzlainfo.ba\/index.php\/novosti\/item\/231565-video-mladi-iz-skahovice-manifestacijom-obiljezili-dan-nezavisnoti\/#primaryimage\"},\"image\":{\"@id\":\"https:\/\/tuzlainfo.ba\/index.php\/novosti\/item\/231565-video-mladi-iz-skahovice-manifestacijom-obiljezili-dan-nezavisnoti\/#primaryimage\"},\"thumbnailUrl\":\"https:\/\/tuzlainfo.ba\/wp-content\/uploads\/2024\/03\/0203_kolaz_skahovica.jpg\",\"datePublished\":\"2024-03-02T16:01:52+00:00\",\"dateModified\":\"2024-03-02T13:52:08+00:00\",\"breadcrumb\":{\"@id\":\"https:\/\/tuzlainfo.ba\/index.php\/novosti\/item\/231565-video-mladi-iz-skahovice-manifestacijom-obiljezili-dan-nezavisnoti\/#breadcrumb\"},\"inLanguage\":\"bs-BA\",\"potentialAction\":[{\"@type\":\"ReadAction\",\"target\":[\"https:\/\/tuzlainfo.ba\/index.php\/novosti\/item\/231565-video-mladi-iz-skahovice-manifestacijom-obiljezili-dan-nezavisnoti\/\"]}]},{\"@type\":\"ImageObject\",\"inLanguage\":\"bs-BA\",\"@id\":\"https:\/\/tuzlainfo.ba\/index.php\/novosti\/item\/231565-video-mladi-iz-skahovice-manifestacijom-obiljezili-dan-nezavisnoti\/#primaryimage\",\"url\":\"https:\/\/tuzlainfo.ba\/wp-content\/uploads\/2024\/03\/0203_kolaz_skahovica.jpg\",\"contentUrl\":\"https:\/\/tuzlainfo.ba\/wp-content\/uploads\/2024\/03\/0203_kolaz_skahovica.jpg\",\"width\":1000,\"height\":643},{\"@type\":\"BreadcrumbList\",\"@id\":\"https:\/\/tuzlainfo.ba\/index.php\/novosti\/item\/231565-video-mladi-iz-skahovice-manifestacijom-obiljezili-dan-nezavisnoti\/#breadcrumb\",\"itemListElement\":[{\"@type\":\"ListItem\",\"position\":1,\"name\":\"Home\",\"item\":\"https:\/\/tuzlainfo.ba\/\"},{\"@type\":\"ListItem\",\"position\":2,\"name\":\"VIDEO \/ Mladi iz \u0160kahovice manifestacijom obilje\u017eili Dan nezavisnoti\"}]},{\"@type\":\"WebSite\",\"@id\":\"https:\/\/tuzlainfo.ba\/#website\",\"url\":\"https:\/\/tuzlainfo.ba\/\",\"name\":\"TuzlaInfo.ba\",\"description\":\"Tuzla info, gradski informator - Tuzla na dlanu\",\"publisher\":{\"@id\":\"https:\/\/tuzlainfo.ba\/#organization\"},\"potentialAction\":[{\"@type\":\"SearchAction\",\"target\":{\"@type\":\"EntryPoint\",\"urlTemplate\":\"https:\/\/tuzlainfo.ba\/?s={search_term_string}\"},\"query-input\":{\"@type\":\"PropertyValueSpecification\",\"valueRequired\":true,\"valueName\":\"search_term_string\"}}],\"inLanguage\":\"bs-BA\"},{\"@type\":\"Organization\",\"@id\":\"https:\/\/tuzlainfo.ba\/#organization\",\"name\":\"TuzlaInfo.ba\",\"url\":\"https:\/\/tuzlainfo.ba\/\",\"logo\":{\"@type\":\"ImageObject\",\"inLanguage\":\"bs-BA\",\"@id\":\"https:\/\/tuzlainfo.ba\/#\/schema\/logo\/image\/\",\"url\":\"https:\/\/tuzlainfo.ba\/wp-content\/uploads\/2021\/03\/logo-ver-3-1.png\",\"contentUrl\":\"https:\/\/tuzlainfo.ba\/wp-content\/uploads\/2021\/03\/logo-ver-3-1.png\",\"width\":350,\"height\":95,\"caption\":\"TuzlaInfo.ba\"},\"image\":{\"@id\":\"https:\/\/tuzlainfo.ba\/#\/schema\/logo\/image\/\"},\"sameAs\":[\"https:\/\/www.facebook.com\/tuzlainfo.ba\/\"]},{\"@type\":\"Person\",\"@id\":\"https:\/\/tuzlainfo.ba\/#\/schema\/person\/f434e20dc27ea133923aab08451b7f7f\",\"name\":\"nedim\",\"image\":{\"@type\":\"ImageObject\",\"inLanguage\":\"bs-BA\",\"@id\":\"https:\/\/tuzlainfo.ba\/#\/schema\/person\/image\/\",\"url\":\"https:\/\/tuzlainfo.ba\/wp-content\/litespeed\/avatar\/aabad687af24844af817603ac1cbdc4f.jpg?ver=1777306975\",\"contentUrl\":\"https:\/\/tuzlainfo.ba\/wp-content\/litespeed\/avatar\/aabad687af24844af817603ac1cbdc4f.jpg?ver=1777306975\",\"caption\":\"nedim\"},\"description\":\"Tuzlainfo.ba pratite na dru\u0161tvenim mre\u017eama: Facebook, Instagram i Youtube. Svoje pri\u010de, upite i fotografije \u0161aljite na na\u0161u e-mail adresu.\"}]}<\/script>\n<!-- \/ Yoast SEO plugin. -->","yoast_head_json":{"title":"VIDEO \/ Mladi iz \u0160kahovice manifestacijom obilje\u017eili Dan nezavisnoti - TuzlaInfo.ba","robots":{"index":"index","follow":"follow","max-snippet":"max-snippet:-1","max-image-preview":"max-image-preview:large","max-video-preview":"max-video-preview:-1"},"canonical":"https:\/\/tuzlainfo.ba\/index.php\/novosti\/item\/231565-video-mladi-iz-skahovice-manifestacijom-obiljezili-dan-nezavisnoti\/","og_locale":"bs_BA","og_type":"article","og_title":"VIDEO \/ Mladi iz \u0160kahovice manifestacijom obilje\u017eili Dan nezavisnoti - TuzlaInfo.ba","og_description":"U gra\u010dani\u010dkoj mjesnoj zajednici \u0160kahovica Dan nezavisnosti Bosne i Hercegovine je obilje\u017een manifestacijom koju je&hellip;","og_url":"https:\/\/tuzlainfo.ba\/index.php\/novosti\/item\/231565-video-mladi-iz-skahovice-manifestacijom-obiljezili-dan-nezavisnoti\/","og_site_name":"TuzlaInfo.ba","article_publisher":"https:\/\/www.facebook.com\/tuzlainfo.ba\/","article_published_time":"2024-03-02T16:01:52+00:00","article_modified_time":"2024-03-02T13:52:08+00:00","og_image":[{"width":1000,"height":643,"url":"https:\/\/tuzlainfo.ba\/wp-content\/uploads\/2024\/03\/0203_kolaz_skahovica.jpg","type":"image\/jpeg"}],"author":"nedim","twitter_card":"summary_large_image","twitter_misc":{"Written by":"nedim","Est. reading time":"1 minuta"},"schema":{"@context":"https:\/\/schema.org","@graph":[{"@type":"Article","@id":"https:\/\/tuzlainfo.ba\/index.php\/novosti\/item\/231565-video-mladi-iz-skahovice-manifestacijom-obiljezili-dan-nezavisnoti\/#article","isPartOf":{"@id":"https:\/\/tuzlainfo.ba\/index.php\/novosti\/item\/231565-video-mladi-iz-skahovice-manifestacijom-obiljezili-dan-nezavisnoti\/"},"author":{"name":"nedim","@id":"https:\/\/tuzlainfo.ba\/#\/schema\/person\/f434e20dc27ea133923aab08451b7f7f"},"headline":"VIDEO \/ Mladi iz \u0160kahovice manifestacijom obilje\u017eili Dan nezavisnoti","datePublished":"2024-03-02T16:01:52+00:00","dateModified":"2024-03-02T13:52:08+00:00","mainEntityOfPage":{"@id":"https:\/\/tuzlainfo.ba\/index.php\/novosti\/item\/231565-video-mladi-iz-skahovice-manifestacijom-obiljezili-dan-nezavisnoti\/"},"wordCount":233,"publisher":{"@id":"https:\/\/tuzlainfo.ba\/#organization"},"image":{"@id":"https:\/\/tuzlainfo.ba\/index.php\/novosti\/item\/231565-video-mladi-iz-skahovice-manifestacijom-obiljezili-dan-nezavisnoti\/#primaryimage"},"thumbnailUrl":"https:\/\/tuzlainfo.ba\/wp-content\/uploads\/2024\/03\/0203_kolaz_skahovica.jpg","keywords":["dan nezavisnosti","gra\u010danica","nusret heli\u0107","\u0161kahovica"],"articleSection":["Istaknuto","Novosti"],"inLanguage":"bs-BA"},{"@type":"WebPage","@id":"https:\/\/tuzlainfo.ba\/index.php\/novosti\/item\/231565-video-mladi-iz-skahovice-manifestacijom-obiljezili-dan-nezavisnoti\/","url":"https:\/\/tuzlainfo.ba\/index.php\/novosti\/item\/231565-video-mladi-iz-skahovice-manifestacijom-obiljezili-dan-nezavisnoti\/","name":"VIDEO \/ Mladi iz \u0160kahovice manifestacijom obilje\u017eili Dan nezavisnoti - TuzlaInfo.ba","isPartOf":{"@id":"https:\/\/tuzlainfo.ba\/#website"},"primaryImageOfPage":{"@id":"https:\/\/tuzlainfo.ba\/index.php\/novosti\/item\/231565-video-mladi-iz-skahovice-manifestacijom-obiljezili-dan-nezavisnoti\/#primaryimage"},"image":{"@id":"https:\/\/tuzlainfo.ba\/index.php\/novosti\/item\/231565-video-mladi-iz-skahovice-manifestacijom-obiljezili-dan-nezavisnoti\/#primaryimage"},"thumbnailUrl":"https:\/\/tuzlainfo.ba\/wp-content\/uploads\/2024\/03\/0203_kolaz_skahovica.jpg","datePublished":"2024-03-02T16:01:52+00:00","dateModified":"2024-03-02T13:52:08+00:00","breadcrumb":{"@id":"https:\/\/tuzlainfo.ba\/index.php\/novosti\/item\/231565-video-mladi-iz-skahovice-manifestacijom-obiljezili-dan-nezavisnoti\/#breadcrumb"},"inLanguage":"bs-BA","potentialAction":[{"@type":"ReadAction","target":["https:\/\/tuzlainfo.ba\/index.php\/novosti\/item\/231565-video-mladi-iz-skahovice-manifestacijom-obiljezili-dan-nezavisnoti\/"]}]},{"@type":"ImageObject","inLanguage":"bs-BA","@id":"https:\/\/tuzlainfo.ba\/index.php\/novosti\/item\/231565-video-mladi-iz-skahovice-manifestacijom-obiljezili-dan-nezavisnoti\/#primaryimage","url":"https:\/\/tuzlainfo.ba\/wp-content\/uploads\/2024\/03\/0203_kolaz_skahovica.jpg","contentUrl":"https:\/\/tuzlainfo.ba\/wp-content\/uploads\/2024\/03\/0203_kolaz_skahovica.jpg","width":1000,"height":643},{"@type":"BreadcrumbList","@id":"https:\/\/tuzlainfo.ba\/index.php\/novosti\/item\/231565-video-mladi-iz-skahovice-manifestacijom-obiljezili-dan-nezavisnoti\/#breadcrumb","itemListElement":[{"@type":"ListItem","position":1,"name":"Home","item":"https:\/\/tuzlainfo.ba\/"},{"@type":"ListItem","position":2,"name":"VIDEO \/ Mladi iz \u0160kahovice manifestacijom obilje\u017eili Dan nezavisnoti"}]},{"@type":"WebSite","@id":"https:\/\/tuzlainfo.ba\/#website","url":"https:\/\/tuzlainfo.ba\/","name":"TuzlaInfo.ba","description":"Tuzla info, gradski informator - Tuzla na dlanu","publisher":{"@id":"https:\/\/tuzlainfo.ba\/#organization"},"potentialAction":[{"@type":"SearchAction","target":{"@type":"EntryPoint","urlTemplate":"https:\/\/tuzlainfo.ba\/?s={search_term_string}"},"query-input":{"@type":"PropertyValueSpecification","valueRequired":true,"valueName":"search_term_string"}}],"inLanguage":"bs-BA"},{"@type":"Organization","@id":"https:\/\/tuzlainfo.ba\/#organization","name":"TuzlaInfo.ba","url":"https:\/\/tuzlainfo.ba\/","logo":{"@type":"ImageObject","inLanguage":"bs-BA","@id":"https:\/\/tuzlainfo.ba\/#\/schema\/logo\/image\/","url":"https:\/\/tuzlainfo.ba\/wp-content\/uploads\/2021\/03\/logo-ver-3-1.png","contentUrl":"https:\/\/tuzlainfo.ba\/wp-content\/uploads\/2021\/03\/logo-ver-3-1.png","width":350,"height":95,"caption":"TuzlaInfo.ba"},"image":{"@id":"https:\/\/tuzlainfo.ba\/#\/schema\/logo\/image\/"},"sameAs":["https:\/\/www.facebook.com\/tuzlainfo.ba\/"]},{"@type":"Person","@id":"https:\/\/tuzlainfo.ba\/#\/schema\/person\/f434e20dc27ea133923aab08451b7f7f","name":"nedim","image":{"@type":"ImageObject","inLanguage":"bs-BA","@id":"https:\/\/tuzlainfo.ba\/#\/schema\/person\/image\/","url":"https:\/\/tuzlainfo.ba\/wp-content\/litespeed\/avatar\/aabad687af24844af817603ac1cbdc4f.jpg?ver=1777306975","contentUrl":"https:\/\/tuzlainfo.ba\/wp-content\/litespeed\/avatar\/aabad687af24844af817603ac1cbdc4f.jpg?ver=1777306975","caption":"nedim"},"description":"Tuzlainfo.ba pratite na dru\u0161tvenim mre\u017eama: Facebook, Instagram i Youtube. Svoje pri\u010de, upite i fotografije \u0161aljite na na\u0161u e-mail adresu."}]}},"_links":{"self":[{"href":"https:\/\/tuzlainfo.ba\/index.php\/wp-json\/wp\/v2\/posts\/231565"}],"collection":[{"href":"https:\/\/tuzlainfo.ba\/index.php\/wp-json\/wp\/v2\/posts"}],"about":[{"href":"https:\/\/tuzlainfo.ba\/index.php\/wp-json\/wp\/v2\/types\/post"}],"author":[{"embeddable":true,"href":"https:\/\/tuzlainfo.ba\/index.php\/wp-json\/wp\/v2\/users\/2"}],"replies":[{"embeddable":true,"href":"https:\/\/tuzlainfo.ba\/index.php\/wp-json\/wp\/v2\/comments?post=231565"}],"version-history":[{"count":1,"href":"https:\/\/tuzlainfo.ba\/index.php\/wp-json\/wp\/v2\/posts\/231565\/revisions"}],"predecessor-version":[{"id":231578,"href":"https:\/\/tuzlainfo.ba\/index.php\/wp-json\/wp\/v2\/posts\/231565\/revisions\/231578"}],"wp:featuredmedia":[{"embeddable":true,"href":"https:\/\/tuzlainfo.ba\/index.php\/wp-json\/wp\/v2\/media\/231577"}],"wp:attachment":[{"href":"https:\/\/tuzlainfo.ba\/index.php\/wp-json\/wp\/v2\/media?parent=231565"}],"wp:term":[{"taxonomy":"category","embeddable":true,"href":"https:\/\/tuzlainfo.ba\/index.php\/wp-json\/wp\/v2\/categories?post=231565"},{"taxonomy":"post_tag","embeddable":true,"href":"https:\/\/tuzlainfo.ba\/index.php\/wp-json\/wp\/v2\/tags?post=231565"}],"curies":[{"name":"wp","href":"https:\/\/api.w.org\/{rel}","templated":true}]}}