{"id":231549,"date":"2024-03-02T20:04:51","date_gmt":"2024-03-02T19:04:51","guid":{"rendered":"https:\/\/tuzlainfo.ba\/?p=231549"},"modified":"2024-03-02T18:22:25","modified_gmt":"2024-03-02T17:22:25","slug":"sutra-u-bkc-tuzla-premijera-predstave-ljubav-omera-i-merime","status":"publish","type":"post","link":"https:\/\/tuzlainfo.ba\/index.php\/najava-dogadaja-2\/item\/231549-sutra-u-bkc-tuzla-premijera-predstave-ljubav-omera-i-merime\/","title":{"rendered":"Sutra u BKC Tuzla premijera predstave \u201eLjubav Omera i Merime\u201c"},"content":{"rendered":"<p>Pozori\u0161na predstava \u201eLjubav Omera i Merime\u201c zasnovana na motivima balade \u201eSmrt Omera i Merime\u201c premijerno \u0107e biti izvedena u nedjelju 3. marta 2024. godine u Velikoj sali BKC TK, a prva repriza je u ponedjeljak 4. marta.<\/p>\n<p>Predstavu potpisuje Pozori\u0161te mladih Tuzle u koprodukciji s Bosanskim kulturnim centrom TK, Srednjom \u201eSavremeno \u2013 umjetni\u010dkom \u0161kolom\u201c Tuzla i Udru\u017eenjem \u201eMladi Tuzle\u201c, a u predstavi igra 50 glumaca, plesa\u010da, pjeva\u010da i muzi\u010dara, \u010dlanova Mladih Tuzle.<\/p>\n<p>Kroz pri\u010du o ljubavi izme\u0111u mladi\u0107a Omera i djevojke Merime, kao jedinom smislu \u017eivljenja, predstava \u201eLjubav Omera i Merime\u201c je zapravo pri\u010da o zemlji Bosni, njenim obi\u010dajima i tradiciji \u2013 \u010desto va\u017enijim od svakog zakona, ali i ono najva\u017enije, pri\u010da o njenim ljudima i narodima u vrtlogu nemilosrdnih vremena.<\/p>\n<p>Koncept predstave po\u010diva na tome da grupa studenata glume zajedno sa profesorom priprema ispitnu predstavu zasnovanu na motivima balade o Omeru i Merimi. Ispituju\u0107i vrste odgoja i tipove roditeljstva na Balkanu, studenti zapravo otkrivaju duboku knji\u017eevnu i umjetni\u010dku vrijednost ove balade, ali i kompleksnost likova u istoj, koje uveliko oblikuje specifi\u010dno mjesto i vrijeme radnje.<\/p>\n<p>U komparaciji scena postavljenih od strane dana\u0161njih generacija studenata i originalno odigranih scena iz balade, na pijedestal se uzdi\u017ee specifi\u010dnost i sva ljepota, ali i tegoba gluma\u010dkog posla. Kroz uvid u razli\u010dite stavove \u010ditanja balade od strane dana\u0161nje generacije i identifikaciju s likovima, publika svih uzrasta katarzi\u010dno otkriva do sada neotkrivene slojeve ove, ali i svojih li\u010dnih \u017eivotnih pri\u010da.<\/p>\n<p>Pri\u010da \u201eLjubav Omera i Merime\u201c pri\u010da se intrigantnom gluma\u010dkom igrom, simboli\u010dnim narativom pripovjeda\u010da, pre\u017eivljenom emocijom pjeva\u010da, izvedbom \u017eive muzike, sna\u017enim ekspresivnim pokretima i koreografijama plesa\u010da, te specifi\u010dnom re\u017eijom Adnana Mujki\u0107a, kojem je ovo 40 \u2013 ti rediteljski poduhvat.<\/p>\n<p><strong>Scenarij i re\u017eija:\u00a0<\/strong>Adnan Mujki\u0107<\/p>\n<p><strong>Igraju:<\/strong><\/p>\n<ul>\n<li><strong>Omer<\/strong>\u00a0\u2013 Kemal Fazli\u0107<\/li>\n<li><strong>Merima<\/strong>\u00a0\u2013 Zerina Mujki\u0107<\/li>\n<li><strong>Omerova majka Zehra<\/strong>\u00a0\u2013 Remira Osmanovi\u0107<\/li>\n<li><strong>Merimima majka Hasija<\/strong>\u00a0\u2013 Amila Be\u0161irovi\u0107<\/li>\n<li><strong>Fatima Atlagi\u0107<\/strong>\u00a0\u2013 Ajla Mu\u0161anovi\u0107<\/li>\n<li><strong>Idriz\u00a0<\/strong>\u2013 Muhamed Deli\u0107<\/li>\n<li><strong>Histori\u010darka:<\/strong>\u00a0Melisa Smaji\u0107<\/li>\n<li><strong>Profesor glume<\/strong>\u00a0\u2013 Mirza Mujagi\u0107<\/li>\n<li><strong>Studenti glume\u00a0<\/strong>\u2013 Adi Atli\u0107,\u00a0 Ermin Suljki\u0107, Iris Stuhli,\u00a0 Lejla Lamija Me\u0161anovi\u0107, Tatjana A\u0107imovi\u0107 i Dalal Dea Stolica<\/li>\n<li><strong>Naratori:\u00a0<\/strong>Reina Ani\u0107, Daina Ani\u0107, Sara Mi\u0161\u010devi\u0107, Asja Bratov\u010di\u0107, Alema Avdiba\u0161i\u0107, Karla \u0160imi\u0107, Ned\u017ema Hasanhod\u017ei\u0107, Emina \u0106osi\u0107, Lamija Red\u017eepagi\u0107, Amar Hed\u017ei\u0107, D\u017eenan Zahirovi\u0107, Darian \u010civ\u010di\u0107, Lana Kamberovi\u0107, Irma \u0160iljak, Azra Ned\u017eibovi\u0107, Melisa Smaji\u0107, Tarik Dedaji\u0107, Doris Kova\u010devi\u0107, D\u017eenita \u010ci\u010dku\u0161i\u0107, Melika Bo\u0161nji\u0107, Danija Numanovi\u0107, Nerma Zejnilovi\u0107, Noah Vuk Stolica, Amna Selimovi\u0107 i Lana Petric<\/li>\n<\/ul>\n<p><strong>Scenografija:\u00a0<\/strong>Amra Dedi\u0107, <strong>Kostimografija:\u00a0<\/strong>Edina Top\u010dagi\u0107, <strong>Muzika i songovi:\u00a0<\/strong>Anela Huremovi\u0107 \u2013 Bo\u0161najkovi\u0107, <strong>Koreografija:\u00a0<\/strong>Ajla Mu\u0161anovi\u0107, <strong>Video materijali:<\/strong>\u00a0Una Storia Studio<\/p>\n<p><strong>Produkcija:\u00a0<\/strong>Pozori\u0161te mladih Tuzle, Bosanski kulturni centar Tuzlanskog kantona, Srednja \u201eSavremeno \u2013 umjetni\u010dka \u0161kola\u201c Tuzla i Udru\u017eenje \u201eMladi Tuzle\u201c Tuzla<\/p>\n<p><strong>Premijera:\u00a0<\/strong>3.mart 2024. godine na sceni Bosanskog kulturnog centra Tuzlanskog kantona u okviru 20. Dana Mladih Tuzle \/ Programa obilje\u017eavanja 20 \u2013 te godi\u0161njice Mladih Tuzle i Programa obilje\u017eavanja Dana nezavisnosti Bosne i Hercegovine u BKC TK.<\/p>\n<p>Informacije i rezervacije za prvu reprizu (premijera rasprodana) broja telefona Pozori\u0161ta mladih Tuzla: 061 365 600.<\/p>\n","protected":false},"excerpt":{"rendered":"<p>Pozori\u0161na predstava \u201eLjubav Omera i Merime\u201c zasnovana na motivima balade \u201eSmrt Omera i Merime\u201c premijerno&hellip;<\/p>\n","protected":false},"author":2,"featured_media":231550,"comment_status":"closed","ping_status":"closed","sticky":false,"template":"","format":"standard","meta":{"_acf_changed":false,"footnotes":""},"categories":[304,11],"tags":[742,2926],"acf":[],"yoast_head":"<!-- This site is optimized with the Yoast SEO plugin v23.5 - https:\/\/yoast.com\/wordpress\/plugins\/seo\/ -->\n<title>Sutra u BKC Tuzla premijera predstave \u201eLjubav Omera i Merime\u201c - TuzlaInfo.ba<\/title>\n<meta name=\"robots\" content=\"index, follow, max-snippet:-1, max-image-preview:large, max-video-preview:-1\" \/>\n<link rel=\"canonical\" href=\"https:\/\/tuzlainfo.ba\/index.php\/najava-dogadaja-2\/item\/231549-sutra-u-bkc-tuzla-premijera-predstave-ljubav-omera-i-merime\/\" \/>\n<meta property=\"og:locale\" content=\"bs_BA\" \/>\n<meta property=\"og:type\" content=\"article\" \/>\n<meta property=\"og:title\" content=\"Sutra u BKC Tuzla premijera predstave \u201eLjubav Omera i Merime\u201c - TuzlaInfo.ba\" \/>\n<meta property=\"og:description\" content=\"Pozori\u0161na predstava \u201eLjubav Omera i Merime\u201c zasnovana na motivima balade \u201eSmrt Omera i Merime\u201c premijerno&hellip;\" \/>\n<meta property=\"og:url\" content=\"https:\/\/tuzlainfo.ba\/index.php\/najava-dogadaja-2\/item\/231549-sutra-u-bkc-tuzla-premijera-predstave-ljubav-omera-i-merime\/\" \/>\n<meta property=\"og:site_name\" content=\"TuzlaInfo.ba\" \/>\n<meta property=\"article:publisher\" content=\"https:\/\/www.facebook.com\/tuzlainfo.ba\/\" \/>\n<meta property=\"article:published_time\" content=\"2024-03-02T19:04:51+00:00\" \/>\n<meta property=\"article:modified_time\" content=\"2024-03-02T17:22:25+00:00\" \/>\n<meta property=\"og:image\" content=\"https:\/\/tuzlainfo.ba\/wp-content\/uploads\/2024\/03\/0103_ljubav_omera-i-merime.jpg\" \/>\n\t<meta property=\"og:image:width\" content=\"1531\" \/>\n\t<meta property=\"og:image:height\" content=\"1055\" \/>\n\t<meta property=\"og:image:type\" content=\"image\/jpeg\" \/>\n<meta name=\"author\" content=\"nedim\" \/>\n<meta name=\"twitter:card\" content=\"summary_large_image\" \/>\n<meta name=\"twitter:label1\" content=\"Written by\" \/>\n\t<meta name=\"twitter:data1\" content=\"nedim\" \/>\n\t<meta name=\"twitter:label2\" content=\"Est. reading time\" \/>\n\t<meta name=\"twitter:data2\" content=\"3 minute\" \/>\n<script type=\"application\/ld+json\" class=\"yoast-schema-graph\">{\"@context\":\"https:\/\/schema.org\",\"@graph\":[{\"@type\":\"Article\",\"@id\":\"https:\/\/tuzlainfo.ba\/index.php\/najava-dogadaja-2\/item\/231549-sutra-u-bkc-tuzla-premijera-predstave-ljubav-omera-i-merime\/#article\",\"isPartOf\":{\"@id\":\"https:\/\/tuzlainfo.ba\/index.php\/najava-dogadaja-2\/item\/231549-sutra-u-bkc-tuzla-premijera-predstave-ljubav-omera-i-merime\/\"},\"author\":{\"name\":\"nedim\",\"@id\":\"https:\/\/tuzlainfo.ba\/#\/schema\/person\/f434e20dc27ea133923aab08451b7f7f\"},\"headline\":\"Sutra u BKC Tuzla premijera predstave \u201eLjubav Omera i Merime\u201c\",\"datePublished\":\"2024-03-02T19:04:51+00:00\",\"dateModified\":\"2024-03-02T17:22:25+00:00\",\"mainEntityOfPage\":{\"@id\":\"https:\/\/tuzlainfo.ba\/index.php\/najava-dogadaja-2\/item\/231549-sutra-u-bkc-tuzla-premijera-predstave-ljubav-omera-i-merime\/\"},\"wordCount\":537,\"publisher\":{\"@id\":\"https:\/\/tuzlainfo.ba\/#organization\"},\"image\":{\"@id\":\"https:\/\/tuzlainfo.ba\/index.php\/najava-dogadaja-2\/item\/231549-sutra-u-bkc-tuzla-premijera-predstave-ljubav-omera-i-merime\/#primaryimage\"},\"thumbnailUrl\":\"https:\/\/tuzlainfo.ba\/wp-content\/uploads\/2024\/03\/0103_ljubav_omera-i-merime.jpg\",\"keywords\":[\"bkc tuzla\",\"pozori\u0161te mladih tuzla\"],\"articleSection\":[\"Istaknuto\",\"Najave i doga\u0111aji\"],\"inLanguage\":\"bs-BA\"},{\"@type\":\"WebPage\",\"@id\":\"https:\/\/tuzlainfo.ba\/index.php\/najava-dogadaja-2\/item\/231549-sutra-u-bkc-tuzla-premijera-predstave-ljubav-omera-i-merime\/\",\"url\":\"https:\/\/tuzlainfo.ba\/index.php\/najava-dogadaja-2\/item\/231549-sutra-u-bkc-tuzla-premijera-predstave-ljubav-omera-i-merime\/\",\"name\":\"Sutra u BKC Tuzla premijera predstave \u201eLjubav Omera i Merime\u201c - TuzlaInfo.ba\",\"isPartOf\":{\"@id\":\"https:\/\/tuzlainfo.ba\/#website\"},\"primaryImageOfPage\":{\"@id\":\"https:\/\/tuzlainfo.ba\/index.php\/najava-dogadaja-2\/item\/231549-sutra-u-bkc-tuzla-premijera-predstave-ljubav-omera-i-merime\/#primaryimage\"},\"image\":{\"@id\":\"https:\/\/tuzlainfo.ba\/index.php\/najava-dogadaja-2\/item\/231549-sutra-u-bkc-tuzla-premijera-predstave-ljubav-omera-i-merime\/#primaryimage\"},\"thumbnailUrl\":\"https:\/\/tuzlainfo.ba\/wp-content\/uploads\/2024\/03\/0103_ljubav_omera-i-merime.jpg\",\"datePublished\":\"2024-03-02T19:04:51+00:00\",\"dateModified\":\"2024-03-02T17:22:25+00:00\",\"breadcrumb\":{\"@id\":\"https:\/\/tuzlainfo.ba\/index.php\/najava-dogadaja-2\/item\/231549-sutra-u-bkc-tuzla-premijera-predstave-ljubav-omera-i-merime\/#breadcrumb\"},\"inLanguage\":\"bs-BA\",\"potentialAction\":[{\"@type\":\"ReadAction\",\"target\":[\"https:\/\/tuzlainfo.ba\/index.php\/najava-dogadaja-2\/item\/231549-sutra-u-bkc-tuzla-premijera-predstave-ljubav-omera-i-merime\/\"]}]},{\"@type\":\"ImageObject\",\"inLanguage\":\"bs-BA\",\"@id\":\"https:\/\/tuzlainfo.ba\/index.php\/najava-dogadaja-2\/item\/231549-sutra-u-bkc-tuzla-premijera-predstave-ljubav-omera-i-merime\/#primaryimage\",\"url\":\"https:\/\/tuzlainfo.ba\/wp-content\/uploads\/2024\/03\/0103_ljubav_omera-i-merime.jpg\",\"contentUrl\":\"https:\/\/tuzlainfo.ba\/wp-content\/uploads\/2024\/03\/0103_ljubav_omera-i-merime.jpg\",\"width\":1531,\"height\":1055},{\"@type\":\"BreadcrumbList\",\"@id\":\"https:\/\/tuzlainfo.ba\/index.php\/najava-dogadaja-2\/item\/231549-sutra-u-bkc-tuzla-premijera-predstave-ljubav-omera-i-merime\/#breadcrumb\",\"itemListElement\":[{\"@type\":\"ListItem\",\"position\":1,\"name\":\"Home\",\"item\":\"https:\/\/tuzlainfo.ba\/\"},{\"@type\":\"ListItem\",\"position\":2,\"name\":\"Sutra u BKC Tuzla premijera predstave \u201eLjubav Omera i Merime\u201c\"}]},{\"@type\":\"WebSite\",\"@id\":\"https:\/\/tuzlainfo.ba\/#website\",\"url\":\"https:\/\/tuzlainfo.ba\/\",\"name\":\"TuzlaInfo.ba\",\"description\":\"Tuzla info, gradski informator - Tuzla na dlanu\",\"publisher\":{\"@id\":\"https:\/\/tuzlainfo.ba\/#organization\"},\"potentialAction\":[{\"@type\":\"SearchAction\",\"target\":{\"@type\":\"EntryPoint\",\"urlTemplate\":\"https:\/\/tuzlainfo.ba\/?s={search_term_string}\"},\"query-input\":{\"@type\":\"PropertyValueSpecification\",\"valueRequired\":true,\"valueName\":\"search_term_string\"}}],\"inLanguage\":\"bs-BA\"},{\"@type\":\"Organization\",\"@id\":\"https:\/\/tuzlainfo.ba\/#organization\",\"name\":\"TuzlaInfo.ba\",\"url\":\"https:\/\/tuzlainfo.ba\/\",\"logo\":{\"@type\":\"ImageObject\",\"inLanguage\":\"bs-BA\",\"@id\":\"https:\/\/tuzlainfo.ba\/#\/schema\/logo\/image\/\",\"url\":\"https:\/\/tuzlainfo.ba\/wp-content\/uploads\/2021\/03\/logo-ver-3-1.png\",\"contentUrl\":\"https:\/\/tuzlainfo.ba\/wp-content\/uploads\/2021\/03\/logo-ver-3-1.png\",\"width\":350,\"height\":95,\"caption\":\"TuzlaInfo.ba\"},\"image\":{\"@id\":\"https:\/\/tuzlainfo.ba\/#\/schema\/logo\/image\/\"},\"sameAs\":[\"https:\/\/www.facebook.com\/tuzlainfo.ba\/\"]},{\"@type\":\"Person\",\"@id\":\"https:\/\/tuzlainfo.ba\/#\/schema\/person\/f434e20dc27ea133923aab08451b7f7f\",\"name\":\"nedim\",\"image\":{\"@type\":\"ImageObject\",\"inLanguage\":\"bs-BA\",\"@id\":\"https:\/\/tuzlainfo.ba\/#\/schema\/person\/image\/\",\"url\":\"https:\/\/tuzlainfo.ba\/wp-content\/litespeed\/avatar\/aabad687af24844af817603ac1cbdc4f.jpg?ver=1776702173\",\"contentUrl\":\"https:\/\/tuzlainfo.ba\/wp-content\/litespeed\/avatar\/aabad687af24844af817603ac1cbdc4f.jpg?ver=1776702173\",\"caption\":\"nedim\"},\"description\":\"Tuzlainfo.ba pratite na dru\u0161tvenim mre\u017eama: Facebook, Instagram i Youtube. Svoje pri\u010de, upite i fotografije \u0161aljite na na\u0161u e-mail adresu.\"}]}<\/script>\n<!-- \/ Yoast SEO plugin. -->","yoast_head_json":{"title":"Sutra u BKC Tuzla premijera predstave \u201eLjubav Omera i Merime\u201c - TuzlaInfo.ba","robots":{"index":"index","follow":"follow","max-snippet":"max-snippet:-1","max-image-preview":"max-image-preview:large","max-video-preview":"max-video-preview:-1"},"canonical":"https:\/\/tuzlainfo.ba\/index.php\/najava-dogadaja-2\/item\/231549-sutra-u-bkc-tuzla-premijera-predstave-ljubav-omera-i-merime\/","og_locale":"bs_BA","og_type":"article","og_title":"Sutra u BKC Tuzla premijera predstave \u201eLjubav Omera i Merime\u201c - TuzlaInfo.ba","og_description":"Pozori\u0161na predstava \u201eLjubav Omera i Merime\u201c zasnovana na motivima balade \u201eSmrt Omera i Merime\u201c premijerno&hellip;","og_url":"https:\/\/tuzlainfo.ba\/index.php\/najava-dogadaja-2\/item\/231549-sutra-u-bkc-tuzla-premijera-predstave-ljubav-omera-i-merime\/","og_site_name":"TuzlaInfo.ba","article_publisher":"https:\/\/www.facebook.com\/tuzlainfo.ba\/","article_published_time":"2024-03-02T19:04:51+00:00","article_modified_time":"2024-03-02T17:22:25+00:00","og_image":[{"width":1531,"height":1055,"url":"https:\/\/tuzlainfo.ba\/wp-content\/uploads\/2024\/03\/0103_ljubav_omera-i-merime.jpg","type":"image\/jpeg"}],"author":"nedim","twitter_card":"summary_large_image","twitter_misc":{"Written by":"nedim","Est. reading time":"3 minute"},"schema":{"@context":"https:\/\/schema.org","@graph":[{"@type":"Article","@id":"https:\/\/tuzlainfo.ba\/index.php\/najava-dogadaja-2\/item\/231549-sutra-u-bkc-tuzla-premijera-predstave-ljubav-omera-i-merime\/#article","isPartOf":{"@id":"https:\/\/tuzlainfo.ba\/index.php\/najava-dogadaja-2\/item\/231549-sutra-u-bkc-tuzla-premijera-predstave-ljubav-omera-i-merime\/"},"author":{"name":"nedim","@id":"https:\/\/tuzlainfo.ba\/#\/schema\/person\/f434e20dc27ea133923aab08451b7f7f"},"headline":"Sutra u BKC Tuzla premijera predstave \u201eLjubav Omera i Merime\u201c","datePublished":"2024-03-02T19:04:51+00:00","dateModified":"2024-03-02T17:22:25+00:00","mainEntityOfPage":{"@id":"https:\/\/tuzlainfo.ba\/index.php\/najava-dogadaja-2\/item\/231549-sutra-u-bkc-tuzla-premijera-predstave-ljubav-omera-i-merime\/"},"wordCount":537,"publisher":{"@id":"https:\/\/tuzlainfo.ba\/#organization"},"image":{"@id":"https:\/\/tuzlainfo.ba\/index.php\/najava-dogadaja-2\/item\/231549-sutra-u-bkc-tuzla-premijera-predstave-ljubav-omera-i-merime\/#primaryimage"},"thumbnailUrl":"https:\/\/tuzlainfo.ba\/wp-content\/uploads\/2024\/03\/0103_ljubav_omera-i-merime.jpg","keywords":["bkc tuzla","pozori\u0161te mladih tuzla"],"articleSection":["Istaknuto","Najave i doga\u0111aji"],"inLanguage":"bs-BA"},{"@type":"WebPage","@id":"https:\/\/tuzlainfo.ba\/index.php\/najava-dogadaja-2\/item\/231549-sutra-u-bkc-tuzla-premijera-predstave-ljubav-omera-i-merime\/","url":"https:\/\/tuzlainfo.ba\/index.php\/najava-dogadaja-2\/item\/231549-sutra-u-bkc-tuzla-premijera-predstave-ljubav-omera-i-merime\/","name":"Sutra u BKC Tuzla premijera predstave \u201eLjubav Omera i Merime\u201c - TuzlaInfo.ba","isPartOf":{"@id":"https:\/\/tuzlainfo.ba\/#website"},"primaryImageOfPage":{"@id":"https:\/\/tuzlainfo.ba\/index.php\/najava-dogadaja-2\/item\/231549-sutra-u-bkc-tuzla-premijera-predstave-ljubav-omera-i-merime\/#primaryimage"},"image":{"@id":"https:\/\/tuzlainfo.ba\/index.php\/najava-dogadaja-2\/item\/231549-sutra-u-bkc-tuzla-premijera-predstave-ljubav-omera-i-merime\/#primaryimage"},"thumbnailUrl":"https:\/\/tuzlainfo.ba\/wp-content\/uploads\/2024\/03\/0103_ljubav_omera-i-merime.jpg","datePublished":"2024-03-02T19:04:51+00:00","dateModified":"2024-03-02T17:22:25+00:00","breadcrumb":{"@id":"https:\/\/tuzlainfo.ba\/index.php\/najava-dogadaja-2\/item\/231549-sutra-u-bkc-tuzla-premijera-predstave-ljubav-omera-i-merime\/#breadcrumb"},"inLanguage":"bs-BA","potentialAction":[{"@type":"ReadAction","target":["https:\/\/tuzlainfo.ba\/index.php\/najava-dogadaja-2\/item\/231549-sutra-u-bkc-tuzla-premijera-predstave-ljubav-omera-i-merime\/"]}]},{"@type":"ImageObject","inLanguage":"bs-BA","@id":"https:\/\/tuzlainfo.ba\/index.php\/najava-dogadaja-2\/item\/231549-sutra-u-bkc-tuzla-premijera-predstave-ljubav-omera-i-merime\/#primaryimage","url":"https:\/\/tuzlainfo.ba\/wp-content\/uploads\/2024\/03\/0103_ljubav_omera-i-merime.jpg","contentUrl":"https:\/\/tuzlainfo.ba\/wp-content\/uploads\/2024\/03\/0103_ljubav_omera-i-merime.jpg","width":1531,"height":1055},{"@type":"BreadcrumbList","@id":"https:\/\/tuzlainfo.ba\/index.php\/najava-dogadaja-2\/item\/231549-sutra-u-bkc-tuzla-premijera-predstave-ljubav-omera-i-merime\/#breadcrumb","itemListElement":[{"@type":"ListItem","position":1,"name":"Home","item":"https:\/\/tuzlainfo.ba\/"},{"@type":"ListItem","position":2,"name":"Sutra u BKC Tuzla premijera predstave \u201eLjubav Omera i Merime\u201c"}]},{"@type":"WebSite","@id":"https:\/\/tuzlainfo.ba\/#website","url":"https:\/\/tuzlainfo.ba\/","name":"TuzlaInfo.ba","description":"Tuzla info, gradski informator - Tuzla na dlanu","publisher":{"@id":"https:\/\/tuzlainfo.ba\/#organization"},"potentialAction":[{"@type":"SearchAction","target":{"@type":"EntryPoint","urlTemplate":"https:\/\/tuzlainfo.ba\/?s={search_term_string}"},"query-input":{"@type":"PropertyValueSpecification","valueRequired":true,"valueName":"search_term_string"}}],"inLanguage":"bs-BA"},{"@type":"Organization","@id":"https:\/\/tuzlainfo.ba\/#organization","name":"TuzlaInfo.ba","url":"https:\/\/tuzlainfo.ba\/","logo":{"@type":"ImageObject","inLanguage":"bs-BA","@id":"https:\/\/tuzlainfo.ba\/#\/schema\/logo\/image\/","url":"https:\/\/tuzlainfo.ba\/wp-content\/uploads\/2021\/03\/logo-ver-3-1.png","contentUrl":"https:\/\/tuzlainfo.ba\/wp-content\/uploads\/2021\/03\/logo-ver-3-1.png","width":350,"height":95,"caption":"TuzlaInfo.ba"},"image":{"@id":"https:\/\/tuzlainfo.ba\/#\/schema\/logo\/image\/"},"sameAs":["https:\/\/www.facebook.com\/tuzlainfo.ba\/"]},{"@type":"Person","@id":"https:\/\/tuzlainfo.ba\/#\/schema\/person\/f434e20dc27ea133923aab08451b7f7f","name":"nedim","image":{"@type":"ImageObject","inLanguage":"bs-BA","@id":"https:\/\/tuzlainfo.ba\/#\/schema\/person\/image\/","url":"https:\/\/tuzlainfo.ba\/wp-content\/litespeed\/avatar\/aabad687af24844af817603ac1cbdc4f.jpg?ver=1776702173","contentUrl":"https:\/\/tuzlainfo.ba\/wp-content\/litespeed\/avatar\/aabad687af24844af817603ac1cbdc4f.jpg?ver=1776702173","caption":"nedim"},"description":"Tuzlainfo.ba pratite na dru\u0161tvenim mre\u017eama: Facebook, Instagram i Youtube. Svoje pri\u010de, upite i fotografije \u0161aljite na na\u0161u e-mail adresu."}]}},"_links":{"self":[{"href":"https:\/\/tuzlainfo.ba\/index.php\/wp-json\/wp\/v2\/posts\/231549"}],"collection":[{"href":"https:\/\/tuzlainfo.ba\/index.php\/wp-json\/wp\/v2\/posts"}],"about":[{"href":"https:\/\/tuzlainfo.ba\/index.php\/wp-json\/wp\/v2\/types\/post"}],"author":[{"embeddable":true,"href":"https:\/\/tuzlainfo.ba\/index.php\/wp-json\/wp\/v2\/users\/2"}],"replies":[{"embeddable":true,"href":"https:\/\/tuzlainfo.ba\/index.php\/wp-json\/wp\/v2\/comments?post=231549"}],"version-history":[{"count":1,"href":"https:\/\/tuzlainfo.ba\/index.php\/wp-json\/wp\/v2\/posts\/231549\/revisions"}],"predecessor-version":[{"id":231551,"href":"https:\/\/tuzlainfo.ba\/index.php\/wp-json\/wp\/v2\/posts\/231549\/revisions\/231551"}],"wp:featuredmedia":[{"embeddable":true,"href":"https:\/\/tuzlainfo.ba\/index.php\/wp-json\/wp\/v2\/media\/231550"}],"wp:attachment":[{"href":"https:\/\/tuzlainfo.ba\/index.php\/wp-json\/wp\/v2\/media?parent=231549"}],"wp:term":[{"taxonomy":"category","embeddable":true,"href":"https:\/\/tuzlainfo.ba\/index.php\/wp-json\/wp\/v2\/categories?post=231549"},{"taxonomy":"post_tag","embeddable":true,"href":"https:\/\/tuzlainfo.ba\/index.php\/wp-json\/wp\/v2\/tags?post=231549"}],"curies":[{"name":"wp","href":"https:\/\/api.w.org\/{rel}","templated":true}]}}