{"id":231288,"date":"2024-02-28T18:10:43","date_gmt":"2024-02-28T17:10:43","guid":{"rendered":"https:\/\/tuzlainfo.ba\/?p=231288"},"modified":"2024-02-29T08:04:26","modified_gmt":"2024-02-29T07:04:26","slug":"opcinski-sud-u-tuzli-potvrdio-optuznicu-lazno-se-predstavio-uzeo-kaparu-i-ugasio-mobitel","status":"publish","type":"post","link":"https:\/\/tuzlainfo.ba\/index.php\/novosti\/item\/231288-opcinski-sud-u-tuzli-potvrdio-optuznicu-lazno-se-predstavio-uzeo-kaparu-i-ugasio-mobitel\/","title":{"rendered":"Op\u0107inski sud u Tuzli potvrdio optu\u017enicu: La\u017eno se predstavio, uzeo &#8220;kaparu&#8221; i ugasio mobitel"},"content":{"rendered":"<p style=\"font-weight: 400;\"><span style=\"font-weight: inherit;\">Op\u0107inski sud u Tuzli potvrdio je optu\u017enicu\u00a0\u00a0Kantonalnog tu\u017eila\u0161tva Tuzlanskog kantona protiv\u00a0Elvisa Tre\u0161ti\u0107a, zbog postojanja osnovane sumnje da je po\u010dinio krivi\u010dno djelo \u2013 Prevara.<\/span><\/p>\n<p style=\"font-weight: 400;\"><span style=\"font-weight: inherit;\">Elvis Tre\u0161ti\u0107\u00a0\u00a0se optu\u017enicom tereti da je s ciljem da sebi pribavi protupravnu imovinsku korist, svjestan da la\u017enim prikazivanjem \u010dinjenica dovodi drugo lice u zabludu, do\u0161ao do ku\u0107e vlasnika poslovnog prostora u Tuzli, la\u017eno prikazuju\u0107i da se bavi adaptacijom prostora, dogovorio da izvr\u0161i adaptaciju poslovnog prostora za cijenu od 3.600,00KM, za \u0161to mu je vlasnik prostora na ime akontacije isplatio 300,00 EUR (586,74KM),\u00a0\u00a0te se nakon \u0161to je uzeo novac udaljio u nepoznatom pravcu i isklju\u010dio mobitel putem kojeg su komunicirali.<\/span><\/p>\n<p style=\"font-weight: 400;\"><span style=\"font-weight: inherit;\">Sud je zakazao ro\u010di\u0161te za izja\u0161njenje o krivnji za dan 14.mart 2024.godine, saop\u0161teno je iz Op\u0107inskog suda u Tuzli.<\/span><\/p>\n","protected":false},"excerpt":{"rendered":"<p>Op\u0107inski sud u Tuzli potvrdio je optu\u017enicu\u00a0\u00a0Kantonalnog tu\u017eila\u0161tva Tuzlanskog kantona protiv\u00a0Elvisa Tre\u0161ti\u0107a, zbog postojanja osnovane&hellip;<\/p>\n","protected":false},"author":2,"featured_media":84605,"comment_status":"closed","ping_status":"closed","sticky":false,"template":"","format":"standard","meta":{"_acf_changed":false,"footnotes":""},"categories":[304,12,306],"tags":[7731],"acf":[],"yoast_head":"<!-- This site is optimized with the Yoast SEO plugin v23.5 - https:\/\/yoast.com\/wordpress\/plugins\/seo\/ -->\n<title>Op\u0107inski sud u Tuzli potvrdio optu\u017enicu: La\u017eno se predstavio, uzeo &quot;kaparu&quot; i ugasio mobitel - TuzlaInfo.ba<\/title>\n<meta name=\"robots\" content=\"index, follow, max-snippet:-1, max-image-preview:large, max-video-preview:-1\" \/>\n<link rel=\"canonical\" href=\"https:\/\/tuzlainfo.ba\/index.php\/novosti\/item\/231288-opcinski-sud-u-tuzli-potvrdio-optuznicu-lazno-se-predstavio-uzeo-kaparu-i-ugasio-mobitel\/\" \/>\n<meta property=\"og:locale\" content=\"bs_BA\" \/>\n<meta property=\"og:type\" content=\"article\" \/>\n<meta property=\"og:title\" content=\"Op\u0107inski sud u Tuzli potvrdio optu\u017enicu: La\u017eno se predstavio, uzeo &quot;kaparu&quot; i ugasio mobitel - TuzlaInfo.ba\" \/>\n<meta property=\"og:description\" content=\"Op\u0107inski sud u Tuzli potvrdio je optu\u017enicu\u00a0\u00a0Kantonalnog tu\u017eila\u0161tva Tuzlanskog kantona protiv\u00a0Elvisa Tre\u0161ti\u0107a, zbog postojanja osnovane&hellip;\" \/>\n<meta property=\"og:url\" content=\"https:\/\/tuzlainfo.ba\/index.php\/novosti\/item\/231288-opcinski-sud-u-tuzli-potvrdio-optuznicu-lazno-se-predstavio-uzeo-kaparu-i-ugasio-mobitel\/\" \/>\n<meta property=\"og:site_name\" content=\"TuzlaInfo.ba\" \/>\n<meta property=\"article:publisher\" content=\"https:\/\/www.facebook.com\/tuzlainfo.ba\/\" \/>\n<meta property=\"article:published_time\" content=\"2024-02-28T17:10:43+00:00\" \/>\n<meta property=\"article:modified_time\" content=\"2024-02-29T07:04:26+00:00\" \/>\n<meta property=\"og:image\" content=\"https:\/\/tuzlainfo.ba\/wp-content\/uploads\/2020\/12\/sadrzaj_2020_20200101_01012020_opcinskicud_novi.jpg\" \/>\n\t<meta property=\"og:image:width\" content=\"770\" \/>\n\t<meta property=\"og:image:height\" content=\"501\" \/>\n\t<meta property=\"og:image:type\" content=\"image\/jpeg\" \/>\n<meta name=\"author\" content=\"nedim\" \/>\n<meta name=\"twitter:card\" content=\"summary_large_image\" \/>\n<meta name=\"twitter:label1\" content=\"Written by\" \/>\n\t<meta name=\"twitter:data1\" content=\"nedim\" \/>\n\t<meta name=\"twitter:label2\" content=\"Est. reading time\" \/>\n\t<meta name=\"twitter:data2\" content=\"1 minuta\" \/>\n<script type=\"application\/ld+json\" class=\"yoast-schema-graph\">{\"@context\":\"https:\/\/schema.org\",\"@graph\":[{\"@type\":\"Article\",\"@id\":\"https:\/\/tuzlainfo.ba\/index.php\/novosti\/item\/231288-opcinski-sud-u-tuzli-potvrdio-optuznicu-lazno-se-predstavio-uzeo-kaparu-i-ugasio-mobitel\/#article\",\"isPartOf\":{\"@id\":\"https:\/\/tuzlainfo.ba\/index.php\/novosti\/item\/231288-opcinski-sud-u-tuzli-potvrdio-optuznicu-lazno-se-predstavio-uzeo-kaparu-i-ugasio-mobitel\/\"},\"author\":{\"name\":\"nedim\",\"@id\":\"https:\/\/tuzlainfo.ba\/#\/schema\/person\/f434e20dc27ea133923aab08451b7f7f\"},\"headline\":\"Op\u0107inski sud u Tuzli potvrdio optu\u017enicu: La\u017eno se predstavio, uzeo &#8220;kaparu&#8221; i ugasio mobitel\",\"datePublished\":\"2024-02-28T17:10:43+00:00\",\"dateModified\":\"2024-02-29T07:04:26+00:00\",\"mainEntityOfPage\":{\"@id\":\"https:\/\/tuzlainfo.ba\/index.php\/novosti\/item\/231288-opcinski-sud-u-tuzli-potvrdio-optuznicu-lazno-se-predstavio-uzeo-kaparu-i-ugasio-mobitel\/\"},\"wordCount\":162,\"publisher\":{\"@id\":\"https:\/\/tuzlainfo.ba\/#organization\"},\"image\":{\"@id\":\"https:\/\/tuzlainfo.ba\/index.php\/novosti\/item\/231288-opcinski-sud-u-tuzli-potvrdio-optuznicu-lazno-se-predstavio-uzeo-kaparu-i-ugasio-mobitel\/#primaryimage\"},\"thumbnailUrl\":\"https:\/\/tuzlainfo.ba\/wp-content\/uploads\/2020\/12\/sadrzaj_2020_20200101_01012020_opcinskicud_novi.jpg\",\"keywords\":[\"op\u0107inski sud u tuzli\"],\"articleSection\":[\"Istaknuto\",\"Novosti\",\"Preporu\u010dujemo\"],\"inLanguage\":\"bs-BA\"},{\"@type\":\"WebPage\",\"@id\":\"https:\/\/tuzlainfo.ba\/index.php\/novosti\/item\/231288-opcinski-sud-u-tuzli-potvrdio-optuznicu-lazno-se-predstavio-uzeo-kaparu-i-ugasio-mobitel\/\",\"url\":\"https:\/\/tuzlainfo.ba\/index.php\/novosti\/item\/231288-opcinski-sud-u-tuzli-potvrdio-optuznicu-lazno-se-predstavio-uzeo-kaparu-i-ugasio-mobitel\/\",\"name\":\"Op\u0107inski sud u Tuzli potvrdio optu\u017enicu: La\u017eno se predstavio, uzeo \\\"kaparu\\\" i ugasio mobitel - TuzlaInfo.ba\",\"isPartOf\":{\"@id\":\"https:\/\/tuzlainfo.ba\/#website\"},\"primaryImageOfPage\":{\"@id\":\"https:\/\/tuzlainfo.ba\/index.php\/novosti\/item\/231288-opcinski-sud-u-tuzli-potvrdio-optuznicu-lazno-se-predstavio-uzeo-kaparu-i-ugasio-mobitel\/#primaryimage\"},\"image\":{\"@id\":\"https:\/\/tuzlainfo.ba\/index.php\/novosti\/item\/231288-opcinski-sud-u-tuzli-potvrdio-optuznicu-lazno-se-predstavio-uzeo-kaparu-i-ugasio-mobitel\/#primaryimage\"},\"thumbnailUrl\":\"https:\/\/tuzlainfo.ba\/wp-content\/uploads\/2020\/12\/sadrzaj_2020_20200101_01012020_opcinskicud_novi.jpg\",\"datePublished\":\"2024-02-28T17:10:43+00:00\",\"dateModified\":\"2024-02-29T07:04:26+00:00\",\"breadcrumb\":{\"@id\":\"https:\/\/tuzlainfo.ba\/index.php\/novosti\/item\/231288-opcinski-sud-u-tuzli-potvrdio-optuznicu-lazno-se-predstavio-uzeo-kaparu-i-ugasio-mobitel\/#breadcrumb\"},\"inLanguage\":\"bs-BA\",\"potentialAction\":[{\"@type\":\"ReadAction\",\"target\":[\"https:\/\/tuzlainfo.ba\/index.php\/novosti\/item\/231288-opcinski-sud-u-tuzli-potvrdio-optuznicu-lazno-se-predstavio-uzeo-kaparu-i-ugasio-mobitel\/\"]}]},{\"@type\":\"ImageObject\",\"inLanguage\":\"bs-BA\",\"@id\":\"https:\/\/tuzlainfo.ba\/index.php\/novosti\/item\/231288-opcinski-sud-u-tuzli-potvrdio-optuznicu-lazno-se-predstavio-uzeo-kaparu-i-ugasio-mobitel\/#primaryimage\",\"url\":\"https:\/\/tuzlainfo.ba\/wp-content\/uploads\/2020\/12\/sadrzaj_2020_20200101_01012020_opcinskicud_novi.jpg\",\"contentUrl\":\"https:\/\/tuzlainfo.ba\/wp-content\/uploads\/2020\/12\/sadrzaj_2020_20200101_01012020_opcinskicud_novi.jpg\",\"width\":770,\"height\":501,\"caption\":\"01012020 opcinskicud novi\"},{\"@type\":\"BreadcrumbList\",\"@id\":\"https:\/\/tuzlainfo.ba\/index.php\/novosti\/item\/231288-opcinski-sud-u-tuzli-potvrdio-optuznicu-lazno-se-predstavio-uzeo-kaparu-i-ugasio-mobitel\/#breadcrumb\",\"itemListElement\":[{\"@type\":\"ListItem\",\"position\":1,\"name\":\"Home\",\"item\":\"https:\/\/tuzlainfo.ba\/\"},{\"@type\":\"ListItem\",\"position\":2,\"name\":\"Op\u0107inski sud u Tuzli potvrdio optu\u017enicu: La\u017eno se predstavio, uzeo &#8220;kaparu&#8221; i ugasio mobitel\"}]},{\"@type\":\"WebSite\",\"@id\":\"https:\/\/tuzlainfo.ba\/#website\",\"url\":\"https:\/\/tuzlainfo.ba\/\",\"name\":\"TuzlaInfo.ba\",\"description\":\"Tuzla info, gradski informator - Tuzla na dlanu\",\"publisher\":{\"@id\":\"https:\/\/tuzlainfo.ba\/#organization\"},\"potentialAction\":[{\"@type\":\"SearchAction\",\"target\":{\"@type\":\"EntryPoint\",\"urlTemplate\":\"https:\/\/tuzlainfo.ba\/?s={search_term_string}\"},\"query-input\":{\"@type\":\"PropertyValueSpecification\",\"valueRequired\":true,\"valueName\":\"search_term_string\"}}],\"inLanguage\":\"bs-BA\"},{\"@type\":\"Organization\",\"@id\":\"https:\/\/tuzlainfo.ba\/#organization\",\"name\":\"TuzlaInfo.ba\",\"url\":\"https:\/\/tuzlainfo.ba\/\",\"logo\":{\"@type\":\"ImageObject\",\"inLanguage\":\"bs-BA\",\"@id\":\"https:\/\/tuzlainfo.ba\/#\/schema\/logo\/image\/\",\"url\":\"https:\/\/tuzlainfo.ba\/wp-content\/uploads\/2021\/03\/logo-ver-3-1.png\",\"contentUrl\":\"https:\/\/tuzlainfo.ba\/wp-content\/uploads\/2021\/03\/logo-ver-3-1.png\",\"width\":350,\"height\":95,\"caption\":\"TuzlaInfo.ba\"},\"image\":{\"@id\":\"https:\/\/tuzlainfo.ba\/#\/schema\/logo\/image\/\"},\"sameAs\":[\"https:\/\/www.facebook.com\/tuzlainfo.ba\/\"]},{\"@type\":\"Person\",\"@id\":\"https:\/\/tuzlainfo.ba\/#\/schema\/person\/f434e20dc27ea133923aab08451b7f7f\",\"name\":\"nedim\",\"image\":{\"@type\":\"ImageObject\",\"inLanguage\":\"bs-BA\",\"@id\":\"https:\/\/tuzlainfo.ba\/#\/schema\/person\/image\/\",\"url\":\"https:\/\/tuzlainfo.ba\/wp-content\/litespeed\/avatar\/aabad687af24844af817603ac1cbdc4f.jpg?ver=1776702173\",\"contentUrl\":\"https:\/\/tuzlainfo.ba\/wp-content\/litespeed\/avatar\/aabad687af24844af817603ac1cbdc4f.jpg?ver=1776702173\",\"caption\":\"nedim\"},\"description\":\"Tuzlainfo.ba pratite na dru\u0161tvenim mre\u017eama: Facebook, Instagram i Youtube. Svoje pri\u010de, upite i fotografije \u0161aljite na na\u0161u e-mail adresu.\"}]}<\/script>\n<!-- \/ Yoast SEO plugin. -->","yoast_head_json":{"title":"Op\u0107inski sud u Tuzli potvrdio optu\u017enicu: La\u017eno se predstavio, uzeo \"kaparu\" i ugasio mobitel - TuzlaInfo.ba","robots":{"index":"index","follow":"follow","max-snippet":"max-snippet:-1","max-image-preview":"max-image-preview:large","max-video-preview":"max-video-preview:-1"},"canonical":"https:\/\/tuzlainfo.ba\/index.php\/novosti\/item\/231288-opcinski-sud-u-tuzli-potvrdio-optuznicu-lazno-se-predstavio-uzeo-kaparu-i-ugasio-mobitel\/","og_locale":"bs_BA","og_type":"article","og_title":"Op\u0107inski sud u Tuzli potvrdio optu\u017enicu: La\u017eno se predstavio, uzeo \"kaparu\" i ugasio mobitel - TuzlaInfo.ba","og_description":"Op\u0107inski sud u Tuzli potvrdio je optu\u017enicu\u00a0\u00a0Kantonalnog tu\u017eila\u0161tva Tuzlanskog kantona protiv\u00a0Elvisa Tre\u0161ti\u0107a, zbog postojanja osnovane&hellip;","og_url":"https:\/\/tuzlainfo.ba\/index.php\/novosti\/item\/231288-opcinski-sud-u-tuzli-potvrdio-optuznicu-lazno-se-predstavio-uzeo-kaparu-i-ugasio-mobitel\/","og_site_name":"TuzlaInfo.ba","article_publisher":"https:\/\/www.facebook.com\/tuzlainfo.ba\/","article_published_time":"2024-02-28T17:10:43+00:00","article_modified_time":"2024-02-29T07:04:26+00:00","og_image":[{"width":770,"height":501,"url":"https:\/\/tuzlainfo.ba\/wp-content\/uploads\/2020\/12\/sadrzaj_2020_20200101_01012020_opcinskicud_novi.jpg","type":"image\/jpeg"}],"author":"nedim","twitter_card":"summary_large_image","twitter_misc":{"Written by":"nedim","Est. reading time":"1 minuta"},"schema":{"@context":"https:\/\/schema.org","@graph":[{"@type":"Article","@id":"https:\/\/tuzlainfo.ba\/index.php\/novosti\/item\/231288-opcinski-sud-u-tuzli-potvrdio-optuznicu-lazno-se-predstavio-uzeo-kaparu-i-ugasio-mobitel\/#article","isPartOf":{"@id":"https:\/\/tuzlainfo.ba\/index.php\/novosti\/item\/231288-opcinski-sud-u-tuzli-potvrdio-optuznicu-lazno-se-predstavio-uzeo-kaparu-i-ugasio-mobitel\/"},"author":{"name":"nedim","@id":"https:\/\/tuzlainfo.ba\/#\/schema\/person\/f434e20dc27ea133923aab08451b7f7f"},"headline":"Op\u0107inski sud u Tuzli potvrdio optu\u017enicu: La\u017eno se predstavio, uzeo &#8220;kaparu&#8221; i ugasio mobitel","datePublished":"2024-02-28T17:10:43+00:00","dateModified":"2024-02-29T07:04:26+00:00","mainEntityOfPage":{"@id":"https:\/\/tuzlainfo.ba\/index.php\/novosti\/item\/231288-opcinski-sud-u-tuzli-potvrdio-optuznicu-lazno-se-predstavio-uzeo-kaparu-i-ugasio-mobitel\/"},"wordCount":162,"publisher":{"@id":"https:\/\/tuzlainfo.ba\/#organization"},"image":{"@id":"https:\/\/tuzlainfo.ba\/index.php\/novosti\/item\/231288-opcinski-sud-u-tuzli-potvrdio-optuznicu-lazno-se-predstavio-uzeo-kaparu-i-ugasio-mobitel\/#primaryimage"},"thumbnailUrl":"https:\/\/tuzlainfo.ba\/wp-content\/uploads\/2020\/12\/sadrzaj_2020_20200101_01012020_opcinskicud_novi.jpg","keywords":["op\u0107inski sud u tuzli"],"articleSection":["Istaknuto","Novosti","Preporu\u010dujemo"],"inLanguage":"bs-BA"},{"@type":"WebPage","@id":"https:\/\/tuzlainfo.ba\/index.php\/novosti\/item\/231288-opcinski-sud-u-tuzli-potvrdio-optuznicu-lazno-se-predstavio-uzeo-kaparu-i-ugasio-mobitel\/","url":"https:\/\/tuzlainfo.ba\/index.php\/novosti\/item\/231288-opcinski-sud-u-tuzli-potvrdio-optuznicu-lazno-se-predstavio-uzeo-kaparu-i-ugasio-mobitel\/","name":"Op\u0107inski sud u Tuzli potvrdio optu\u017enicu: La\u017eno se predstavio, uzeo \"kaparu\" i ugasio mobitel - TuzlaInfo.ba","isPartOf":{"@id":"https:\/\/tuzlainfo.ba\/#website"},"primaryImageOfPage":{"@id":"https:\/\/tuzlainfo.ba\/index.php\/novosti\/item\/231288-opcinski-sud-u-tuzli-potvrdio-optuznicu-lazno-se-predstavio-uzeo-kaparu-i-ugasio-mobitel\/#primaryimage"},"image":{"@id":"https:\/\/tuzlainfo.ba\/index.php\/novosti\/item\/231288-opcinski-sud-u-tuzli-potvrdio-optuznicu-lazno-se-predstavio-uzeo-kaparu-i-ugasio-mobitel\/#primaryimage"},"thumbnailUrl":"https:\/\/tuzlainfo.ba\/wp-content\/uploads\/2020\/12\/sadrzaj_2020_20200101_01012020_opcinskicud_novi.jpg","datePublished":"2024-02-28T17:10:43+00:00","dateModified":"2024-02-29T07:04:26+00:00","breadcrumb":{"@id":"https:\/\/tuzlainfo.ba\/index.php\/novosti\/item\/231288-opcinski-sud-u-tuzli-potvrdio-optuznicu-lazno-se-predstavio-uzeo-kaparu-i-ugasio-mobitel\/#breadcrumb"},"inLanguage":"bs-BA","potentialAction":[{"@type":"ReadAction","target":["https:\/\/tuzlainfo.ba\/index.php\/novosti\/item\/231288-opcinski-sud-u-tuzli-potvrdio-optuznicu-lazno-se-predstavio-uzeo-kaparu-i-ugasio-mobitel\/"]}]},{"@type":"ImageObject","inLanguage":"bs-BA","@id":"https:\/\/tuzlainfo.ba\/index.php\/novosti\/item\/231288-opcinski-sud-u-tuzli-potvrdio-optuznicu-lazno-se-predstavio-uzeo-kaparu-i-ugasio-mobitel\/#primaryimage","url":"https:\/\/tuzlainfo.ba\/wp-content\/uploads\/2020\/12\/sadrzaj_2020_20200101_01012020_opcinskicud_novi.jpg","contentUrl":"https:\/\/tuzlainfo.ba\/wp-content\/uploads\/2020\/12\/sadrzaj_2020_20200101_01012020_opcinskicud_novi.jpg","width":770,"height":501,"caption":"01012020 opcinskicud novi"},{"@type":"BreadcrumbList","@id":"https:\/\/tuzlainfo.ba\/index.php\/novosti\/item\/231288-opcinski-sud-u-tuzli-potvrdio-optuznicu-lazno-se-predstavio-uzeo-kaparu-i-ugasio-mobitel\/#breadcrumb","itemListElement":[{"@type":"ListItem","position":1,"name":"Home","item":"https:\/\/tuzlainfo.ba\/"},{"@type":"ListItem","position":2,"name":"Op\u0107inski sud u Tuzli potvrdio optu\u017enicu: La\u017eno se predstavio, uzeo &#8220;kaparu&#8221; i ugasio mobitel"}]},{"@type":"WebSite","@id":"https:\/\/tuzlainfo.ba\/#website","url":"https:\/\/tuzlainfo.ba\/","name":"TuzlaInfo.ba","description":"Tuzla info, gradski informator - Tuzla na dlanu","publisher":{"@id":"https:\/\/tuzlainfo.ba\/#organization"},"potentialAction":[{"@type":"SearchAction","target":{"@type":"EntryPoint","urlTemplate":"https:\/\/tuzlainfo.ba\/?s={search_term_string}"},"query-input":{"@type":"PropertyValueSpecification","valueRequired":true,"valueName":"search_term_string"}}],"inLanguage":"bs-BA"},{"@type":"Organization","@id":"https:\/\/tuzlainfo.ba\/#organization","name":"TuzlaInfo.ba","url":"https:\/\/tuzlainfo.ba\/","logo":{"@type":"ImageObject","inLanguage":"bs-BA","@id":"https:\/\/tuzlainfo.ba\/#\/schema\/logo\/image\/","url":"https:\/\/tuzlainfo.ba\/wp-content\/uploads\/2021\/03\/logo-ver-3-1.png","contentUrl":"https:\/\/tuzlainfo.ba\/wp-content\/uploads\/2021\/03\/logo-ver-3-1.png","width":350,"height":95,"caption":"TuzlaInfo.ba"},"image":{"@id":"https:\/\/tuzlainfo.ba\/#\/schema\/logo\/image\/"},"sameAs":["https:\/\/www.facebook.com\/tuzlainfo.ba\/"]},{"@type":"Person","@id":"https:\/\/tuzlainfo.ba\/#\/schema\/person\/f434e20dc27ea133923aab08451b7f7f","name":"nedim","image":{"@type":"ImageObject","inLanguage":"bs-BA","@id":"https:\/\/tuzlainfo.ba\/#\/schema\/person\/image\/","url":"https:\/\/tuzlainfo.ba\/wp-content\/litespeed\/avatar\/aabad687af24844af817603ac1cbdc4f.jpg?ver=1776702173","contentUrl":"https:\/\/tuzlainfo.ba\/wp-content\/litespeed\/avatar\/aabad687af24844af817603ac1cbdc4f.jpg?ver=1776702173","caption":"nedim"},"description":"Tuzlainfo.ba pratite na dru\u0161tvenim mre\u017eama: Facebook, Instagram i Youtube. Svoje pri\u010de, upite i fotografije \u0161aljite na na\u0161u e-mail adresu."}]}},"_links":{"self":[{"href":"https:\/\/tuzlainfo.ba\/index.php\/wp-json\/wp\/v2\/posts\/231288"}],"collection":[{"href":"https:\/\/tuzlainfo.ba\/index.php\/wp-json\/wp\/v2\/posts"}],"about":[{"href":"https:\/\/tuzlainfo.ba\/index.php\/wp-json\/wp\/v2\/types\/post"}],"author":[{"embeddable":true,"href":"https:\/\/tuzlainfo.ba\/index.php\/wp-json\/wp\/v2\/users\/2"}],"replies":[{"embeddable":true,"href":"https:\/\/tuzlainfo.ba\/index.php\/wp-json\/wp\/v2\/comments?post=231288"}],"version-history":[{"count":1,"href":"https:\/\/tuzlainfo.ba\/index.php\/wp-json\/wp\/v2\/posts\/231288\/revisions"}],"predecessor-version":[{"id":231289,"href":"https:\/\/tuzlainfo.ba\/index.php\/wp-json\/wp\/v2\/posts\/231288\/revisions\/231289"}],"wp:featuredmedia":[{"embeddable":true,"href":"https:\/\/tuzlainfo.ba\/index.php\/wp-json\/wp\/v2\/media\/84605"}],"wp:attachment":[{"href":"https:\/\/tuzlainfo.ba\/index.php\/wp-json\/wp\/v2\/media?parent=231288"}],"wp:term":[{"taxonomy":"category","embeddable":true,"href":"https:\/\/tuzlainfo.ba\/index.php\/wp-json\/wp\/v2\/categories?post=231288"},{"taxonomy":"post_tag","embeddable":true,"href":"https:\/\/tuzlainfo.ba\/index.php\/wp-json\/wp\/v2\/tags?post=231288"}],"curies":[{"name":"wp","href":"https:\/\/api.w.org\/{rel}","templated":true}]}}