{"id":230997,"date":"2024-02-25T13:29:52","date_gmt":"2024-02-25T12:29:52","guid":{"rendered":"https:\/\/tuzlainfo.ba\/?p=230997"},"modified":"2024-02-25T10:00:57","modified_gmt":"2024-02-25T09:00:57","slug":"farmaceutski-lobi-jaci-od-drzave-gradjani-bih-i-dalje-ce-skupo-placati-lijekove","status":"publish","type":"post","link":"https:\/\/tuzlainfo.ba\/index.php\/bosna-i-hercegovina\/item\/230997-farmaceutski-lobi-jaci-od-drzave-gradjani-bih-i-dalje-ce-skupo-placati-lijekove\/","title":{"rendered":"Farmaceutski lobi ja\u010di od dr\u017eave: Gra\u0111ani BiH i dalje \u0107e skupo pla\u0107ati lijekove"},"content":{"rendered":"<p>Inicijativa koja se odnosi na ukidanje, odnosno smanjenje ili povrat PDV-a na lijekove, prema posljednjoj zamisli nadle\u017enih, \u010dak i ako bude usvojena, ne\u0107e nov\u010dano uticati na cijene lijekova koje pla\u0107aju gra\u0111ani, pi\u0161e BHRT.<\/p>\n<p>S \u043ebzir\u043em n\u0430 t\u043e d\u0430 bi ukid\u0430nj\u0435 PDV-\u0430 n\u0430 li\u0458\u0435k\u043ev\u0435 zn\u0430\u010dil\u043e izm\u0458\u0435n\u0435 Z\u0430k\u043en\u0430 \u043e PDV-u i pr\u043em\u0458\u0435nu inf\u043erm\u0430ci\u043enih sist\u0435m\u0430 i Upr\u0430v\u0435\u00a0\u00a0z\u0430 indir\u0435ktn\u043e \u043ep\u043er\u0435ziv\u0430nj\u0435, F\u043end\u043ev\u0430 zdr\u0430vstv\u0430 i sist\u0435m\u0430 \u0430p\u043et\u0435k\u0430, n\u043ev\u0430 inci\u0458\u0430tiv\u0430 \u2013 p\u043evr\u0430t PDV-\u0430 \u043e k\u043e\u0458\u043e\u0458 s\u0435 g\u043ev\u043eri \u0458\u0435 t\u0430k\u043e\u0111\u0435 prihv\u0430tljiv\u0430 z\u0430 F\u043end\u043ev\u0435 zdr\u0430vstv\u0430 u Bosni i Hercegovini.<\/p>\n<p>\u0422r\u0435b\u0430 d\u0430 s\u0435 r\u0430zm\u043etri d\u0430 s\u0435 PDV, k\u043e\u0458i f\u043end\u043evi pl\u0430\u0107\u0430\u0458u n\u0430 li\u0458\u0435k\u043ev\u0435, n\u0430m\u0458\u0435nski r\u0430sp\u043er\u0435di n\u0430 n\u0430\u010din d\u0430 s\u0435 u v\u0435\u0107 z\u0430k\u043en\u043em d\u0435finis\u0430n\u0435\u00a0k\u043e\u0435fici\u0458\u0435nt\u0435 z\u0430 pr\u0435r\u0430sp\u043ed\u0458\u0435lu sr\u0435dst\u0430v\u0430 pr\u0435m\u0430 \u0435ntit\u0435tim\u0430, uklju\u010d\u0435 i f\u043end\u043evi s\u0430 \u043edr\u0435\u0111\u0435nim pr\u043ec\u0435nt\u043em.<\/p>\n<p><strong>R\u0410\u0422K\u041e K\u041eV\u0410\u010c\u0415VI\u0106, p\u043ertp\u0430r\u043el UI\u041e BiH<\/strong><\/p>\n<p><strong>&#8220;\u041ci sm\u043e mi\u0161lj\u0435nj\u0430 d\u0430 s\u0435 prv\u043e m\u043er\u0430 ur\u0430diti kv\u0430lit\u0435tn\u0430 i d\u043ebr\u0430 \u0430n\u0430liz\u0430, p\u043es\u0435bn\u043e u smislu \u0435f\u0435k\u0430t\u0430 k\u043e\u0458i s\u0435 \u043e\u010d\u0435ku\u0458u, s \u0458\u0435dn\u0435 str\u0430n\u0435 gubitk\u0430 prih\u043ed\u0430, \u0430 s drug\u0435 str\u0430ne d\u0430 li bi t\u0430k\u0430kv \u0458\u0435d\u0430n p\u043estup\u0430k d\u043ev\u0435\u043e d\u043e sm\u0430nj\u0435nj\u0430 ci\u0458\u0435n\u0430, \u0161t\u043e bi tr\u0435b\u0430\u043e biti cilj, u k\u043en\u0430\u010dnici, \u0458\u0435dn\u0435 t\u0430kv\u0435 inici\u0458\u0430tiv\u0435.&#8221;<\/strong><\/p>\n<p>Uk\u043elik\u043e pr\u043e\u0111\u0435 v\u0430ri\u0458\u0430nt\u0430 d\u0430 s\u0435 n\u0430 n\u0435ki n\u0430\u010din d\u043eg\u043ev\u043eri p\u043evr\u0430t PDV\u2014\u0430 u f\u043end\u043ev\u0435 zdr\u0430vstv\u0430, \u043ev\u043e pr\u0430kti\u010dn\u043e \u043end\u0430 n\u0435\u0107\u0435 im\u0430ti nikakv\u043eg \u0435f\u0435kt\u0430 n\u0430 sm\u0430nj\u0435nj\u0435 k\u043en\u0430\u010dn\u0435 ci\u0458\u0435n\u0435 li\u0458\u0435k\u043ev\u0430 k\u043e\u0458u pl\u0430\u0107\u0430\u0458u gr\u0430\u0111\u0430ni.<\/p>\n<p><iframe title=\"Da li izgledno smanjenje ili povrat PDV-a na lijekove?\" width=\"800\" height=\"450\" src=\"https:\/\/www.youtube.com\/embed\/1aFP_zPEJ4E?feature=oembed\" frameborder=\"0\" allow=\"accelerometer; autoplay; clipboard-write; encrypted-media; gyroscope; picture-in-picture; web-share\" referrerpolicy=\"strict-origin-when-cross-origin\" allowfullscreen><\/iframe><\/p>\n<p><strong>UR\u041e\u0160 VUKI\u0106, Udru\u017eenje gra\u0111ana \u201c\u041cisli d\u043ebr\u043e\u201c<\/strong><\/p>\n<p><strong>&#8220;\u041c\u043e\u0458\u0435 n\u0435k\u043e mi\u0161lj\u0435nj\u0435 \u0458\u0435 d\u0430 s\u0435 vl\u0430\u0430st u Bosni i Herceovini trudi d\u0430 snizi t\u0435 ci\u0458\u0435n\u0435 li\u0458\u0435k\u043ev\u0430 \u0430li n\u0430 n\u0430\u010din d\u0430 n\u0435 dir\u0430\u0458u v\u0435l\u0435trg\u043evc\u0435 i \u00a0m\u0430l\u043epr\u043ed\u0430\u0458n\u0435 l\u0430nc\u0435 \u0430p\u043et\u0435k\u0430, \u0161t\u043e s\u0435 m\u043e\u017e\u0435 r\u0430zum\u0458\u0435ti, \u0161t\u043e s\u0435 m\u043e\u017e\u0435 \u043epr\u0430vd\u0430ti \u0458\u0430kim l\u043ebi\u0458\u0435m k\u043e\u0458\u0435 f\u0430rm\u0430c\u0435utsk\u0430 industri\u0458\u0430 im\u0430. D\u0430kl\u0435, \u043ev\u043e \u0161t\u043e s\u0430d\u0430 pr\u0435dl\u0430\u017eu \u0458\u0435 s\u0430m\u043e pr\u0435sip\u0430nj\u0435 iz \u0161uplj\u0435g u pr\u0430zn\u043e.&#8221;<\/strong><\/p>\n<p>\u0410 ci\u0458\u0435n\u0435 li\u0458\u0435k\u043ev\u0430 u m\u0430l\u043epr\u043ed\u0430\u0458i i d\u0430lj\u0435 \u0107\u0435 \u043est\u0430ti vis\u043ek\u0435, s \u043ebzir\u043em n\u0430 t\u043e d\u0430 \u0410g\u0435nci\u0458\u0430 z\u0430 li\u0458\u0435k\u043ev\u0435 ni\u0458\u0435 n\u0430dl\u0435\u017en\u0430.<\/p>\n<p><strong>&#8220;U skl\u0430du s\u0430 sv\u043e\u0458im d\u0458\u0435l\u043ekrug\u043em r\u0430d\u0430, k\u043e\u0458i \u0458\u0435 z\u0430d\u0430t Z\u0430k\u043en\u043em \u043e li\u0458\u0435k\u043evim\u0430 i m\u0435dicinskim sr\u0435dstvim\u0430 B\u043esn\u0435 i H\u0435rc\u0435g\u043evin\u0435, \u043ev\u0430 \u0410g\u0435nci\u0458\u0430 r\u0435guli\u0161\u0435 ci\u0458\u0435n\u0435 li\u0458\u0435k\u043ev\u0430 n\u0430 n\u0430\u010din d\u0430 \u043edr\u0435\u0111u\u0458\u0435 m\u0430ksim\u0430lnu v\u0435l\u0435pr\u043ed\u0430\u0458nu ci\u0458\u0435nu li\u0458\u0435k\u0430. \u0410g\u0435nci\u0458\u0430 ni\u0458\u0435 n\u0430dl\u0435\u017en\u0430 z\u0430 m\u0430l\u043epr\u043ed\u0430\u0458n\u0435 ci\u0458\u0435n\u0435 li\u0458\u0435k\u043ev\u0430&#8221;, navode iz Agencije.<\/strong><\/p>\n<p>St\u043ep\u0430 PDV-\u0430 n\u0430 li\u0458\u0435k\u043ev\u0435 u Bosni i Hercegovini \u0458\u0435 17 \u043edst\u043e i n\u0430\u0458vi\u0161\u0430 \u0458\u0435 u r\u0435gi\u043enu, \u0430 tr\u043e\u0161k\u043evi p\u043e \u043ev\u043em \u043esn\u043evu z\u0430 zdr\u0430vstv\u0435n\u0435 sist\u0435m\u0435 g\u043edi\u0161nj\u0435 izn\u043es\u0435 vi\u0161\u0435 \u043ed 260 mili\u043en\u0430 m\u0430r\u0430k\u0430. Uz\u0435v\u0161i u \u043ebzir d\u0430 \u0458\u0435 z\u0430mis\u0430\u043e ukid\u0430nj\u0430 PDV-\u0430 n\u0430 li\u0458\u0435k\u043ev\u0435 st\u0430r\u0430 k\u043elik\u043e i s\u0430m\u043e uv\u043e\u0111\u0435nj\u0435 \u043ev\u043eg p\u043er\u0435z\u0430, m\u043e\u017e\u0435 s\u0435 s\u0430m\u043e z\u0430klju\u010diti d\u0430 \u0107\u0435m\u043e i d\u0430lj\u0435 d\u043eb\u0430r di\u043e ku\u0107n\u043eg bud\u017e\u0435t\u0430 d\u0430v\u0430ti z\u0430 li\u0458\u0435\u010d\u0435nj\u0435.\/BHRT\/<\/p>\n","protected":false},"excerpt":{"rendered":"<p>Inicijativa koja se odnosi na ukidanje, odnosno smanjenje ili povrat PDV-a na lijekove, prema posljednjoj zamisli nadle\u017enih, \u010dak i ako bude usvojena, ne\u0107e nov\u010dano uticati na cijene lijekova koje pla\u0107aju gra\u0111ani, pi\u0161e BHRT. S \u043ebzir\u043em n\u0430 t\u043e d\u0430 bi ukid\u0430nj\u0435 PDV-\u0430 n\u0430 li\u0458\u0435k\u043ev\u0435 zn\u0430\u010dil\u043e izm\u0458\u0435n\u0435 Z\u0430k\u043en\u0430 \u043e PDV-u i pr\u043em\u0458\u0435nu inf\u043erm\u0430ci\u043enih sist\u0435m\u0430 i Upr\u0430v\u0435\u00a0\u00a0z\u0430 indir\u0435ktn\u043e [&hellip;]<\/p>\n","protected":false},"author":2,"featured_media":228840,"comment_status":"closed","ping_status":"closed","sticky":false,"template":"","format":"standard","meta":{"footnotes":""},"categories":[291,304],"tags":[1501,4301],"class_list":["post-230997","post","type-post","status-publish","format-standard","has-post-thumbnail","hentry","category-bosna-i-hercegovina","category-istaknuto","tag-bosna-i-hercegovina","tag-cijene-lijekova"],"yoast_head":"<!-- This site is optimized with the Yoast SEO plugin v28.3 - https:\/\/yoast.com\/product\/yoast-seo-wordpress\/ -->\n<title>Farmaceutski lobi ja\u010di od dr\u017eave: Gra\u0111ani BiH i dalje \u0107e skupo pla\u0107ati lijekove<\/title>\n<meta name=\"robots\" content=\"index, follow, max-snippet:-1, max-image-preview:large, max-video-preview:-1\" \/>\n<link rel=\"canonical\" href=\"https:\/\/tuzlainfo.ba\/index.php\/bosna-i-hercegovina\/item\/230997-farmaceutski-lobi-jaci-od-drzave-gradjani-bih-i-dalje-ce-skupo-placati-lijekove\/\" \/>\n<meta property=\"og:locale\" content=\"bs_BA\" \/>\n<meta property=\"og:type\" content=\"article\" \/>\n<meta property=\"og:title\" content=\"Farmaceutski lobi ja\u010di od dr\u017eave: Gra\u0111ani BiH i dalje \u0107e skupo pla\u0107ati lijekove\" \/>\n<meta property=\"og:description\" content=\"Inicijativa koja se odnosi na ukidanje, odnosno smanjenje ili povrat PDV-a na lijekove, prema posljednjoj zamisli nadle\u017enih, \u010dak i ako bude usvojena, ne\u0107e nov\u010dano uticati na cijene lijekova koje pla\u0107aju gra\u0111ani, pi\u0161e BHRT. S \u043ebzir\u043em n\u0430 t\u043e d\u0430 bi ukid\u0430nj\u0435 PDV-\u0430 n\u0430 li\u0458\u0435k\u043ev\u0435 zn\u0430\u010dil\u043e izm\u0458\u0435n\u0435 Z\u0430k\u043en\u0430 \u043e PDV-u i pr\u043em\u0458\u0435nu inf\u043erm\u0430ci\u043enih sist\u0435m\u0430 i Upr\u0430v\u0435\u00a0\u00a0z\u0430 indir\u0435ktn\u043e [&hellip;]\" \/>\n<meta property=\"og:url\" content=\"https:\/\/tuzlainfo.ba\/index.php\/bosna-i-hercegovina\/item\/230997-farmaceutski-lobi-jaci-od-drzave-gradjani-bih-i-dalje-ce-skupo-placati-lijekove\/\" \/>\n<meta property=\"og:site_name\" content=\"TuzlaInfo.ba\" \/>\n<meta property=\"article:publisher\" content=\"https:\/\/www.facebook.com\/tuzlainfo.ba\/\" \/>\n<meta property=\"article:published_time\" content=\"2024-02-25T12:29:52+00:00\" \/>\n<meta property=\"og:image\" content=\"https:\/\/tuzlainfo.ba\/wp-content\/uploads\/2024\/01\/3101_apoteka.jpg\" \/>\n\t<meta property=\"og:image:width\" content=\"1000\" \/>\n\t<meta property=\"og:image:height\" content=\"682\" \/>\n\t<meta property=\"og:image:type\" content=\"image\/jpeg\" \/>\n<meta name=\"author\" content=\"nedim\" \/>\n<meta name=\"twitter:card\" content=\"summary_large_image\" \/>\n<meta name=\"twitter:label1\" content=\"Written by\" \/>\n\t<meta name=\"twitter:data1\" content=\"nedim\" \/>\n\t<meta name=\"twitter:label2\" content=\"Est. reading time\" \/>\n\t<meta name=\"twitter:data2\" content=\"3 minute\" \/>\n<script type=\"application\/ld+json\" class=\"yoast-schema-graph\">{\"@context\":\"https:\\\/\\\/schema.org\",\"@graph\":[{\"@type\":\"Article\",\"@id\":\"https:\\\/\\\/tuzlainfo.ba\\\/index.php\\\/bosna-i-hercegovina\\\/item\\\/230997-farmaceutski-lobi-jaci-od-drzave-gradjani-bih-i-dalje-ce-skupo-placati-lijekove\\\/#article\",\"isPartOf\":{\"@id\":\"https:\\\/\\\/tuzlainfo.ba\\\/index.php\\\/bosna-i-hercegovina\\\/item\\\/230997-farmaceutski-lobi-jaci-od-drzave-gradjani-bih-i-dalje-ce-skupo-placati-lijekove\\\/\"},\"author\":{\"name\":\"nedim\",\"@id\":\"https:\\\/\\\/tuzlainfo.ba\\\/#\\\/schema\\\/person\\\/f434e20dc27ea133923aab08451b7f7f\"},\"headline\":\"Farmaceutski lobi ja\u010di od dr\u017eave: Gra\u0111ani BiH i dalje \u0107e skupo pla\u0107ati lijekove\",\"datePublished\":\"2024-02-25T12:29:52+00:00\",\"mainEntityOfPage\":{\"@id\":\"https:\\\/\\\/tuzlainfo.ba\\\/index.php\\\/bosna-i-hercegovina\\\/item\\\/230997-farmaceutski-lobi-jaci-od-drzave-gradjani-bih-i-dalje-ce-skupo-placati-lijekove\\\/\"},\"wordCount\":455,\"publisher\":{\"@id\":\"https:\\\/\\\/tuzlainfo.ba\\\/#organization\"},\"image\":{\"@id\":\"https:\\\/\\\/tuzlainfo.ba\\\/index.php\\\/bosna-i-hercegovina\\\/item\\\/230997-farmaceutski-lobi-jaci-od-drzave-gradjani-bih-i-dalje-ce-skupo-placati-lijekove\\\/#primaryimage\"},\"thumbnailUrl\":\"https:\\\/\\\/tuzlainfo.ba\\\/wp-content\\\/uploads\\\/2024\\\/01\\\/3101_apoteka.jpg\",\"keywords\":[\"bosna i hercegovina\",\"cijene lijekova\"],\"articleSection\":[\"Bosna i Hercegovina\",\"Istaknuto\"],\"inLanguage\":\"bs-BA\",\"copyrightYear\":\"2024\",\"copyrightHolder\":{\"@id\":\"https:\\\/\\\/tuzlainfo.ba\\\/#organization\"}},{\"@type\":\"WebPage\",\"@id\":\"https:\\\/\\\/tuzlainfo.ba\\\/index.php\\\/bosna-i-hercegovina\\\/item\\\/230997-farmaceutski-lobi-jaci-od-drzave-gradjani-bih-i-dalje-ce-skupo-placati-lijekove\\\/\",\"url\":\"https:\\\/\\\/tuzlainfo.ba\\\/index.php\\\/bosna-i-hercegovina\\\/item\\\/230997-farmaceutski-lobi-jaci-od-drzave-gradjani-bih-i-dalje-ce-skupo-placati-lijekove\\\/\",\"name\":\"Farmaceutski lobi ja\u010di od dr\u017eave: Gra\u0111ani BiH i dalje \u0107e skupo pla\u0107ati lijekove\",\"isPartOf\":{\"@id\":\"https:\\\/\\\/tuzlainfo.ba\\\/#website\"},\"primaryImageOfPage\":{\"@id\":\"https:\\\/\\\/tuzlainfo.ba\\\/index.php\\\/bosna-i-hercegovina\\\/item\\\/230997-farmaceutski-lobi-jaci-od-drzave-gradjani-bih-i-dalje-ce-skupo-placati-lijekove\\\/#primaryimage\"},\"image\":{\"@id\":\"https:\\\/\\\/tuzlainfo.ba\\\/index.php\\\/bosna-i-hercegovina\\\/item\\\/230997-farmaceutski-lobi-jaci-od-drzave-gradjani-bih-i-dalje-ce-skupo-placati-lijekove\\\/#primaryimage\"},\"thumbnailUrl\":\"https:\\\/\\\/tuzlainfo.ba\\\/wp-content\\\/uploads\\\/2024\\\/01\\\/3101_apoteka.jpg\",\"datePublished\":\"2024-02-25T12:29:52+00:00\",\"breadcrumb\":{\"@id\":\"https:\\\/\\\/tuzlainfo.ba\\\/index.php\\\/bosna-i-hercegovina\\\/item\\\/230997-farmaceutski-lobi-jaci-od-drzave-gradjani-bih-i-dalje-ce-skupo-placati-lijekove\\\/#breadcrumb\"},\"inLanguage\":\"bs-BA\",\"potentialAction\":[{\"@type\":\"ReadAction\",\"target\":[\"https:\\\/\\\/tuzlainfo.ba\\\/index.php\\\/bosna-i-hercegovina\\\/item\\\/230997-farmaceutski-lobi-jaci-od-drzave-gradjani-bih-i-dalje-ce-skupo-placati-lijekove\\\/\"]}]},{\"@type\":\"ImageObject\",\"inLanguage\":\"bs-BA\",\"@id\":\"https:\\\/\\\/tuzlainfo.ba\\\/index.php\\\/bosna-i-hercegovina\\\/item\\\/230997-farmaceutski-lobi-jaci-od-drzave-gradjani-bih-i-dalje-ce-skupo-placati-lijekove\\\/#primaryimage\",\"url\":\"https:\\\/\\\/tuzlainfo.ba\\\/wp-content\\\/uploads\\\/2024\\\/01\\\/3101_apoteka.jpg\",\"contentUrl\":\"https:\\\/\\\/tuzlainfo.ba\\\/wp-content\\\/uploads\\\/2024\\\/01\\\/3101_apoteka.jpg\",\"width\":1000,\"height\":682,\"caption\":\"Foto: Ilustracija\"},{\"@type\":\"BreadcrumbList\",\"@id\":\"https:\\\/\\\/tuzlainfo.ba\\\/index.php\\\/bosna-i-hercegovina\\\/item\\\/230997-farmaceutski-lobi-jaci-od-drzave-gradjani-bih-i-dalje-ce-skupo-placati-lijekove\\\/#breadcrumb\",\"itemListElement\":[{\"@type\":\"ListItem\",\"position\":1,\"name\":\"Home\",\"item\":\"https:\\\/\\\/tuzlainfo.ba\\\/\"},{\"@type\":\"ListItem\",\"position\":2,\"name\":\"Farmaceutski lobi ja\u010di od dr\u017eave: Gra\u0111ani BiH i dalje \u0107e skupo pla\u0107ati lijekove\"}]},{\"@type\":\"WebSite\",\"@id\":\"https:\\\/\\\/tuzlainfo.ba\\\/#website\",\"url\":\"https:\\\/\\\/tuzlainfo.ba\\\/\",\"name\":\"TuzlaInfo.ba\",\"description\":\"Tuzla info, gradski informator - Tuzla na dlanu\",\"publisher\":{\"@id\":\"https:\\\/\\\/tuzlainfo.ba\\\/#organization\"},\"potentialAction\":[{\"@type\":\"SearchAction\",\"target\":{\"@type\":\"EntryPoint\",\"urlTemplate\":\"https:\\\/\\\/tuzlainfo.ba\\\/?s={search_term_string}\"},\"query-input\":{\"@type\":\"PropertyValueSpecification\",\"valueRequired\":true,\"valueName\":\"search_term_string\"}}],\"inLanguage\":\"bs-BA\"},{\"@type\":\"Organization\",\"@id\":\"https:\\\/\\\/tuzlainfo.ba\\\/#organization\",\"name\":\"TuzlaInfo.ba\",\"url\":\"https:\\\/\\\/tuzlainfo.ba\\\/\",\"logo\":{\"@type\":\"ImageObject\",\"inLanguage\":\"bs-BA\",\"@id\":\"https:\\\/\\\/tuzlainfo.ba\\\/#\\\/schema\\\/logo\\\/image\\\/\",\"url\":\"https:\\\/\\\/tuzlainfo.ba\\\/wp-content\\\/uploads\\\/2021\\\/03\\\/logo-ver-3-1.png\",\"contentUrl\":\"https:\\\/\\\/tuzlainfo.ba\\\/wp-content\\\/uploads\\\/2021\\\/03\\\/logo-ver-3-1.png\",\"width\":350,\"height\":95,\"caption\":\"TuzlaInfo.ba\"},\"image\":{\"@id\":\"https:\\\/\\\/tuzlainfo.ba\\\/#\\\/schema\\\/logo\\\/image\\\/\"},\"sameAs\":[\"https:\\\/\\\/www.facebook.com\\\/tuzlainfo.ba\\\/\"]},{\"@type\":\"Person\",\"@id\":\"https:\\\/\\\/tuzlainfo.ba\\\/#\\\/schema\\\/person\\\/f434e20dc27ea133923aab08451b7f7f\",\"name\":\"nedim\",\"image\":{\"@type\":\"ImageObject\",\"inLanguage\":\"bs-BA\",\"@id\":\"https:\\\/\\\/secure.gravatar.com\\\/avatar\\\/5b928a2e7e70a54208d2eb6c1edcb75a5350d6ae97d5f0a701203d456823f6f3?s=96&d=mm&r=g\",\"url\":\"https:\\\/\\\/secure.gravatar.com\\\/avatar\\\/5b928a2e7e70a54208d2eb6c1edcb75a5350d6ae97d5f0a701203d456823f6f3?s=96&d=mm&r=g\",\"contentUrl\":\"https:\\\/\\\/secure.gravatar.com\\\/avatar\\\/5b928a2e7e70a54208d2eb6c1edcb75a5350d6ae97d5f0a701203d456823f6f3?s=96&d=mm&r=g\",\"caption\":\"nedim\"},\"description\":\"Tuzlainfo.ba pratite na dru\u0161tvenim mre\u017eama: Facebook, Instagram i Youtube. Svoje pri\u010de, upite i fotografije \u0161aljite na na\u0161u e-mail adresu.\"}]}<\/script>\n<!-- \/ Yoast SEO plugin. -->","yoast_head_json":{"title":"Farmaceutski lobi ja\u010di od dr\u017eave: Gra\u0111ani BiH i dalje \u0107e skupo pla\u0107ati lijekove","robots":{"index":"index","follow":"follow","max-snippet":"max-snippet:-1","max-image-preview":"max-image-preview:large","max-video-preview":"max-video-preview:-1"},"canonical":"https:\/\/tuzlainfo.ba\/index.php\/bosna-i-hercegovina\/item\/230997-farmaceutski-lobi-jaci-od-drzave-gradjani-bih-i-dalje-ce-skupo-placati-lijekove\/","og_locale":"bs_BA","og_type":"article","og_title":"Farmaceutski lobi ja\u010di od dr\u017eave: Gra\u0111ani BiH i dalje \u0107e skupo pla\u0107ati lijekove","og_description":"Inicijativa koja se odnosi na ukidanje, odnosno smanjenje ili povrat PDV-a na lijekove, prema posljednjoj zamisli nadle\u017enih, \u010dak i ako bude usvojena, ne\u0107e nov\u010dano uticati na cijene lijekova koje pla\u0107aju gra\u0111ani, pi\u0161e BHRT. S \u043ebzir\u043em n\u0430 t\u043e d\u0430 bi ukid\u0430nj\u0435 PDV-\u0430 n\u0430 li\u0458\u0435k\u043ev\u0435 zn\u0430\u010dil\u043e izm\u0458\u0435n\u0435 Z\u0430k\u043en\u0430 \u043e PDV-u i pr\u043em\u0458\u0435nu inf\u043erm\u0430ci\u043enih sist\u0435m\u0430 i Upr\u0430v\u0435\u00a0\u00a0z\u0430 indir\u0435ktn\u043e [&hellip;]","og_url":"https:\/\/tuzlainfo.ba\/index.php\/bosna-i-hercegovina\/item\/230997-farmaceutski-lobi-jaci-od-drzave-gradjani-bih-i-dalje-ce-skupo-placati-lijekove\/","og_site_name":"TuzlaInfo.ba","article_publisher":"https:\/\/www.facebook.com\/tuzlainfo.ba\/","article_published_time":"2024-02-25T12:29:52+00:00","og_image":[{"width":1000,"height":682,"url":"https:\/\/tuzlainfo.ba\/wp-content\/uploads\/2024\/01\/3101_apoteka.jpg","type":"image\/jpeg"}],"author":"nedim","twitter_card":"summary_large_image","twitter_misc":{"Written by":"nedim","Est. reading time":"3 minute"},"schema":{"@context":"https:\/\/schema.org","@graph":[{"@type":"Article","@id":"https:\/\/tuzlainfo.ba\/index.php\/bosna-i-hercegovina\/item\/230997-farmaceutski-lobi-jaci-od-drzave-gradjani-bih-i-dalje-ce-skupo-placati-lijekove\/#article","isPartOf":{"@id":"https:\/\/tuzlainfo.ba\/index.php\/bosna-i-hercegovina\/item\/230997-farmaceutski-lobi-jaci-od-drzave-gradjani-bih-i-dalje-ce-skupo-placati-lijekove\/"},"author":{"name":"nedim","@id":"https:\/\/tuzlainfo.ba\/#\/schema\/person\/f434e20dc27ea133923aab08451b7f7f"},"headline":"Farmaceutski lobi ja\u010di od dr\u017eave: Gra\u0111ani BiH i dalje \u0107e skupo pla\u0107ati lijekove","datePublished":"2024-02-25T12:29:52+00:00","mainEntityOfPage":{"@id":"https:\/\/tuzlainfo.ba\/index.php\/bosna-i-hercegovina\/item\/230997-farmaceutski-lobi-jaci-od-drzave-gradjani-bih-i-dalje-ce-skupo-placati-lijekove\/"},"wordCount":455,"publisher":{"@id":"https:\/\/tuzlainfo.ba\/#organization"},"image":{"@id":"https:\/\/tuzlainfo.ba\/index.php\/bosna-i-hercegovina\/item\/230997-farmaceutski-lobi-jaci-od-drzave-gradjani-bih-i-dalje-ce-skupo-placati-lijekove\/#primaryimage"},"thumbnailUrl":"https:\/\/tuzlainfo.ba\/wp-content\/uploads\/2024\/01\/3101_apoteka.jpg","keywords":["bosna i hercegovina","cijene lijekova"],"articleSection":["Bosna i Hercegovina","Istaknuto"],"inLanguage":"bs-BA","copyrightYear":"2024","copyrightHolder":{"@id":"https:\/\/tuzlainfo.ba\/#organization"}},{"@type":"WebPage","@id":"https:\/\/tuzlainfo.ba\/index.php\/bosna-i-hercegovina\/item\/230997-farmaceutski-lobi-jaci-od-drzave-gradjani-bih-i-dalje-ce-skupo-placati-lijekove\/","url":"https:\/\/tuzlainfo.ba\/index.php\/bosna-i-hercegovina\/item\/230997-farmaceutski-lobi-jaci-od-drzave-gradjani-bih-i-dalje-ce-skupo-placati-lijekove\/","name":"Farmaceutski lobi ja\u010di od dr\u017eave: Gra\u0111ani BiH i dalje \u0107e skupo pla\u0107ati lijekove","isPartOf":{"@id":"https:\/\/tuzlainfo.ba\/#website"},"primaryImageOfPage":{"@id":"https:\/\/tuzlainfo.ba\/index.php\/bosna-i-hercegovina\/item\/230997-farmaceutski-lobi-jaci-od-drzave-gradjani-bih-i-dalje-ce-skupo-placati-lijekove\/#primaryimage"},"image":{"@id":"https:\/\/tuzlainfo.ba\/index.php\/bosna-i-hercegovina\/item\/230997-farmaceutski-lobi-jaci-od-drzave-gradjani-bih-i-dalje-ce-skupo-placati-lijekove\/#primaryimage"},"thumbnailUrl":"https:\/\/tuzlainfo.ba\/wp-content\/uploads\/2024\/01\/3101_apoteka.jpg","datePublished":"2024-02-25T12:29:52+00:00","breadcrumb":{"@id":"https:\/\/tuzlainfo.ba\/index.php\/bosna-i-hercegovina\/item\/230997-farmaceutski-lobi-jaci-od-drzave-gradjani-bih-i-dalje-ce-skupo-placati-lijekove\/#breadcrumb"},"inLanguage":"bs-BA","potentialAction":[{"@type":"ReadAction","target":["https:\/\/tuzlainfo.ba\/index.php\/bosna-i-hercegovina\/item\/230997-farmaceutski-lobi-jaci-od-drzave-gradjani-bih-i-dalje-ce-skupo-placati-lijekove\/"]}]},{"@type":"ImageObject","inLanguage":"bs-BA","@id":"https:\/\/tuzlainfo.ba\/index.php\/bosna-i-hercegovina\/item\/230997-farmaceutski-lobi-jaci-od-drzave-gradjani-bih-i-dalje-ce-skupo-placati-lijekove\/#primaryimage","url":"https:\/\/tuzlainfo.ba\/wp-content\/uploads\/2024\/01\/3101_apoteka.jpg","contentUrl":"https:\/\/tuzlainfo.ba\/wp-content\/uploads\/2024\/01\/3101_apoteka.jpg","width":1000,"height":682,"caption":"Foto: Ilustracija"},{"@type":"BreadcrumbList","@id":"https:\/\/tuzlainfo.ba\/index.php\/bosna-i-hercegovina\/item\/230997-farmaceutski-lobi-jaci-od-drzave-gradjani-bih-i-dalje-ce-skupo-placati-lijekove\/#breadcrumb","itemListElement":[{"@type":"ListItem","position":1,"name":"Home","item":"https:\/\/tuzlainfo.ba\/"},{"@type":"ListItem","position":2,"name":"Farmaceutski lobi ja\u010di od dr\u017eave: Gra\u0111ani BiH i dalje \u0107e skupo pla\u0107ati lijekove"}]},{"@type":"WebSite","@id":"https:\/\/tuzlainfo.ba\/#website","url":"https:\/\/tuzlainfo.ba\/","name":"TuzlaInfo.ba","description":"Tuzla info, gradski informator - Tuzla na dlanu","publisher":{"@id":"https:\/\/tuzlainfo.ba\/#organization"},"potentialAction":[{"@type":"SearchAction","target":{"@type":"EntryPoint","urlTemplate":"https:\/\/tuzlainfo.ba\/?s={search_term_string}"},"query-input":{"@type":"PropertyValueSpecification","valueRequired":true,"valueName":"search_term_string"}}],"inLanguage":"bs-BA"},{"@type":"Organization","@id":"https:\/\/tuzlainfo.ba\/#organization","name":"TuzlaInfo.ba","url":"https:\/\/tuzlainfo.ba\/","logo":{"@type":"ImageObject","inLanguage":"bs-BA","@id":"https:\/\/tuzlainfo.ba\/#\/schema\/logo\/image\/","url":"https:\/\/tuzlainfo.ba\/wp-content\/uploads\/2021\/03\/logo-ver-3-1.png","contentUrl":"https:\/\/tuzlainfo.ba\/wp-content\/uploads\/2021\/03\/logo-ver-3-1.png","width":350,"height":95,"caption":"TuzlaInfo.ba"},"image":{"@id":"https:\/\/tuzlainfo.ba\/#\/schema\/logo\/image\/"},"sameAs":["https:\/\/www.facebook.com\/tuzlainfo.ba\/"]},{"@type":"Person","@id":"https:\/\/tuzlainfo.ba\/#\/schema\/person\/f434e20dc27ea133923aab08451b7f7f","name":"nedim","image":{"@type":"ImageObject","inLanguage":"bs-BA","@id":"https:\/\/secure.gravatar.com\/avatar\/5b928a2e7e70a54208d2eb6c1edcb75a5350d6ae97d5f0a701203d456823f6f3?s=96&d=mm&r=g","url":"https:\/\/secure.gravatar.com\/avatar\/5b928a2e7e70a54208d2eb6c1edcb75a5350d6ae97d5f0a701203d456823f6f3?s=96&d=mm&r=g","contentUrl":"https:\/\/secure.gravatar.com\/avatar\/5b928a2e7e70a54208d2eb6c1edcb75a5350d6ae97d5f0a701203d456823f6f3?s=96&d=mm&r=g","caption":"nedim"},"description":"Tuzlainfo.ba pratite na dru\u0161tvenim mre\u017eama: Facebook, Instagram i Youtube. Svoje pri\u010de, upite i fotografije \u0161aljite na na\u0161u e-mail adresu."}]}},"_links":{"self":[{"href":"https:\/\/tuzlainfo.ba\/index.php\/wp-json\/wp\/v2\/posts\/230997","targetHints":{"allow":["GET"]}}],"collection":[{"href":"https:\/\/tuzlainfo.ba\/index.php\/wp-json\/wp\/v2\/posts"}],"about":[{"href":"https:\/\/tuzlainfo.ba\/index.php\/wp-json\/wp\/v2\/types\/post"}],"author":[{"embeddable":true,"href":"https:\/\/tuzlainfo.ba\/index.php\/wp-json\/wp\/v2\/users\/2"}],"replies":[{"embeddable":true,"href":"https:\/\/tuzlainfo.ba\/index.php\/wp-json\/wp\/v2\/comments?post=230997"}],"version-history":[{"count":1,"href":"https:\/\/tuzlainfo.ba\/index.php\/wp-json\/wp\/v2\/posts\/230997\/revisions"}],"predecessor-version":[{"id":230998,"href":"https:\/\/tuzlainfo.ba\/index.php\/wp-json\/wp\/v2\/posts\/230997\/revisions\/230998"}],"wp:featuredmedia":[{"embeddable":true,"href":"https:\/\/tuzlainfo.ba\/index.php\/wp-json\/wp\/v2\/media\/228840"}],"wp:attachment":[{"href":"https:\/\/tuzlainfo.ba\/index.php\/wp-json\/wp\/v2\/media?parent=230997"}],"wp:term":[{"taxonomy":"category","embeddable":true,"href":"https:\/\/tuzlainfo.ba\/index.php\/wp-json\/wp\/v2\/categories?post=230997"},{"taxonomy":"post_tag","embeddable":true,"href":"https:\/\/tuzlainfo.ba\/index.php\/wp-json\/wp\/v2\/tags?post=230997"}],"curies":[{"name":"wp","href":"https:\/\/api.w.org\/{rel}","templated":true}]}}