{"id":230960,"date":"2024-02-24T21:41:42","date_gmt":"2024-02-24T20:41:42","guid":{"rendered":"https:\/\/tuzlainfo.ba\/?p=230960"},"modified":"2024-02-24T22:15:25","modified_gmt":"2024-02-24T21:15:25","slug":"tuzla-radionica-turisticke-price-sa-majom-rogan-odrzana-u-nub-dervis-susic","status":"publish","type":"post","link":"https:\/\/tuzlainfo.ba\/index.php\/novosti\/item\/230960-tuzla-radionica-turisticke-price-sa-majom-rogan-odrzana-u-nub-dervis-susic\/","title":{"rendered":"Tuzla: Radionica \u201cTuristi\u010dke pri\u010de\u201d sa Majom Rogan odr\u017eana u NUB \u201cDervi\u0161 Su\u0161i\u0107\u201d"},"content":{"rendered":"<p>\u201eTuristi\u010dke pri\u010de\u201c, radionica Maje Rogan, odr\u017eana je u Ameri\u010dkom kutku Narodne i univerzitetske biblioteke \u201eDervi\u0161 Su\u0161i\u0107\u201c Tuzla.<\/p>\n<p>Nakon pet godina, opet u istom ambijentu, prisutne je podsjetila na bogatstvo koje postoji u Tuzli, te govorila o postavkama slika u prostorijama Centra za kulturu Tuzla, mostu s kipovima i jo\u0161 nekim atrakcijama.<\/p>\n<p>Maja Rogan je turisti\u010dki je vodi\u010d na engleskom i italijanskom jeziku, a ova visprena i zabavna go\u0161\u0107a, autorica je knjiga \u201eTuristi\u010dki ve\u0161eraj\u201c, \u201eTuristi\u010dki tartufi\u201c, \u201eTuristi\u010dki carousel\u201c i \u201eTuristi\u010dki urnebes\u201c. U knjigama na duhovit na\u010din opisuje zgode i nezgode na turisti\u010dkim turama. Na osnovu njenih pri\u010da u 2018. godini uprizorena je pozori\u0161na predstava, a u decembru te iste godine iza\u0161ao je i prijevod njenih knjiga na engleski jezik pod nazivom Tourist carousel \/ Turisti\u010dki ringi\u0161pil.<\/p>\n<p><img fetchpriority=\"high\" decoding=\"async\" class=\"alignnone wp-image-230963 size-large\" src=\"https:\/\/tuzlainfo.ba\/wp-content\/uploads\/2024\/02\/2402_rogan-1-1-1024x461.jpg\" alt=\"\" width=\"1024\" height=\"461\" srcset=\"https:\/\/tuzlainfo.ba\/wp-content\/uploads\/2024\/02\/2402_rogan-1-1-1024x461.jpg 1024w, https:\/\/tuzlainfo.ba\/wp-content\/uploads\/2024\/02\/2402_rogan-1-1-300x135.jpg 300w, https:\/\/tuzlainfo.ba\/wp-content\/uploads\/2024\/02\/2402_rogan-1-1-768x346.jpg 768w, https:\/\/tuzlainfo.ba\/wp-content\/uploads\/2024\/02\/2402_rogan-1-1-1536x692.jpg 1536w, https:\/\/tuzlainfo.ba\/wp-content\/uploads\/2024\/02\/2402_rogan-1-1-1170x527.jpg 1170w, https:\/\/tuzlainfo.ba\/wp-content\/uploads\/2024\/02\/2402_rogan-1-1-585x264.jpg 585w, https:\/\/tuzlainfo.ba\/wp-content\/uploads\/2024\/02\/2402_rogan-1-1-150x68.jpg 150w, https:\/\/tuzlainfo.ba\/wp-content\/uploads\/2024\/02\/2402_rogan-1-1-500x225.jpg 500w, https:\/\/tuzlainfo.ba\/wp-content\/uploads\/2024\/02\/2402_rogan-1-1.jpg 1600w\" sizes=\"(max-width: 1024px) 100vw, 1024px\" \/><\/p>\n<p>U svojoj rodnoj Tuzli odr\u017eala radionicu na temu \u201eTuristi\u010dke pri\u010de\u201c. Skoro dva sata je dr\u017eala pa\u017enju publike, nasmijavala i razgovarala sa prisutnima, a teme su bile raznovrsne \u2013 od potreba turista u vremenu nakon pandemije, navika i zahtjeva turista iz raznih zemalja, do osmi\u0161ljavanja ponude koja bi privukla turiste koji su najbrojniji.<\/p>\n<p>Maja je naglasila koliko je va\u017eno da lokalno stanovni\u0161tvo promovi\u0161e ponudu prirodnih atrakcija, jer je interes za hiking\/trekking sve ve\u0107i kod turista. Potreba prilago\u0111avanja tim zahtjevima je klju\u010dna za uspje\u0161nu turisti\u010dku ponudu.<\/p>\n","protected":false},"excerpt":{"rendered":"<p>\u201eTuristi\u010dke pri\u010de\u201c, radionica Maje Rogan, odr\u017eana je u Ameri\u010dkom kutku Narodne i univerzitetske biblioteke \u201eDervi\u0161&hellip;<\/p>\n","protected":false},"author":2,"featured_media":230962,"comment_status":"closed","ping_status":"closed","sticky":false,"template":"","format":"standard","meta":{"_acf_changed":false,"footnotes":""},"categories":[304,12],"tags":[9672,3139],"acf":[],"yoast_head":"<!-- This site is optimized with the Yoast SEO plugin v23.5 - https:\/\/yoast.com\/wordpress\/plugins\/seo\/ -->\n<title>Tuzla: Radionica \u201cTuristi\u010dke pri\u010de\u201d sa Majom Rogan odr\u017eana u NUB \u201cDervi\u0161 Su\u0161i\u0107\u201d - TuzlaInfo.ba<\/title>\n<meta name=\"robots\" content=\"index, follow, max-snippet:-1, max-image-preview:large, max-video-preview:-1\" \/>\n<link rel=\"canonical\" href=\"https:\/\/tuzlainfo.ba\/index.php\/novosti\/item\/230960-tuzla-radionica-turisticke-price-sa-majom-rogan-odrzana-u-nub-dervis-susic\/\" \/>\n<meta property=\"og:locale\" content=\"bs_BA\" \/>\n<meta property=\"og:type\" content=\"article\" \/>\n<meta property=\"og:title\" content=\"Tuzla: Radionica \u201cTuristi\u010dke pri\u010de\u201d sa Majom Rogan odr\u017eana u NUB \u201cDervi\u0161 Su\u0161i\u0107\u201d - TuzlaInfo.ba\" \/>\n<meta property=\"og:description\" content=\"\u201eTuristi\u010dke pri\u010de\u201c, radionica Maje Rogan, odr\u017eana je u Ameri\u010dkom kutku Narodne i univerzitetske biblioteke \u201eDervi\u0161&hellip;\" \/>\n<meta property=\"og:url\" content=\"https:\/\/tuzlainfo.ba\/index.php\/novosti\/item\/230960-tuzla-radionica-turisticke-price-sa-majom-rogan-odrzana-u-nub-dervis-susic\/\" \/>\n<meta property=\"og:site_name\" content=\"TuzlaInfo.ba\" \/>\n<meta property=\"article:publisher\" content=\"https:\/\/www.facebook.com\/tuzlainfo.ba\/\" \/>\n<meta property=\"article:published_time\" content=\"2024-02-24T20:41:42+00:00\" \/>\n<meta property=\"article:modified_time\" content=\"2024-02-24T21:15:25+00:00\" \/>\n<meta property=\"og:image\" content=\"https:\/\/tuzlainfo.ba\/wp-content\/uploads\/2024\/02\/2402_rogan-2.jpg\" \/>\n\t<meta property=\"og:image:width\" content=\"1334\" \/>\n\t<meta property=\"og:image:height\" content=\"702\" \/>\n\t<meta property=\"og:image:type\" content=\"image\/jpeg\" \/>\n<meta name=\"author\" content=\"nedim\" \/>\n<meta name=\"twitter:card\" content=\"summary_large_image\" \/>\n<meta name=\"twitter:label1\" content=\"Written by\" \/>\n\t<meta name=\"twitter:data1\" content=\"nedim\" \/>\n\t<meta name=\"twitter:label2\" content=\"Est. reading time\" \/>\n\t<meta name=\"twitter:data2\" content=\"2 minute\" \/>\n<script type=\"application\/ld+json\" class=\"yoast-schema-graph\">{\"@context\":\"https:\/\/schema.org\",\"@graph\":[{\"@type\":\"Article\",\"@id\":\"https:\/\/tuzlainfo.ba\/index.php\/novosti\/item\/230960-tuzla-radionica-turisticke-price-sa-majom-rogan-odrzana-u-nub-dervis-susic\/#article\",\"isPartOf\":{\"@id\":\"https:\/\/tuzlainfo.ba\/index.php\/novosti\/item\/230960-tuzla-radionica-turisticke-price-sa-majom-rogan-odrzana-u-nub-dervis-susic\/\"},\"author\":{\"name\":\"nedim\",\"@id\":\"https:\/\/tuzlainfo.ba\/#\/schema\/person\/f434e20dc27ea133923aab08451b7f7f\"},\"headline\":\"Tuzla: Radionica \u201cTuristi\u010dke pri\u010de\u201d sa Majom Rogan odr\u017eana u NUB \u201cDervi\u0161 Su\u0161i\u0107\u201d\",\"datePublished\":\"2024-02-24T20:41:42+00:00\",\"dateModified\":\"2024-02-24T21:15:25+00:00\",\"mainEntityOfPage\":{\"@id\":\"https:\/\/tuzlainfo.ba\/index.php\/novosti\/item\/230960-tuzla-radionica-turisticke-price-sa-majom-rogan-odrzana-u-nub-dervis-susic\/\"},\"wordCount\":256,\"publisher\":{\"@id\":\"https:\/\/tuzlainfo.ba\/#organization\"},\"image\":{\"@id\":\"https:\/\/tuzlainfo.ba\/index.php\/novosti\/item\/230960-tuzla-radionica-turisticke-price-sa-majom-rogan-odrzana-u-nub-dervis-susic\/#primaryimage\"},\"thumbnailUrl\":\"https:\/\/tuzlainfo.ba\/wp-content\/uploads\/2024\/02\/2402_rogan-2.jpg\",\"keywords\":[\"maja rogan\",\"Narodna biblioteka Dervi\u0161 Su\u0161i\u0107\"],\"articleSection\":[\"Istaknuto\",\"Novosti\"],\"inLanguage\":\"bs-BA\"},{\"@type\":\"WebPage\",\"@id\":\"https:\/\/tuzlainfo.ba\/index.php\/novosti\/item\/230960-tuzla-radionica-turisticke-price-sa-majom-rogan-odrzana-u-nub-dervis-susic\/\",\"url\":\"https:\/\/tuzlainfo.ba\/index.php\/novosti\/item\/230960-tuzla-radionica-turisticke-price-sa-majom-rogan-odrzana-u-nub-dervis-susic\/\",\"name\":\"Tuzla: Radionica \u201cTuristi\u010dke pri\u010de\u201d sa Majom Rogan odr\u017eana u NUB \u201cDervi\u0161 Su\u0161i\u0107\u201d - TuzlaInfo.ba\",\"isPartOf\":{\"@id\":\"https:\/\/tuzlainfo.ba\/#website\"},\"primaryImageOfPage\":{\"@id\":\"https:\/\/tuzlainfo.ba\/index.php\/novosti\/item\/230960-tuzla-radionica-turisticke-price-sa-majom-rogan-odrzana-u-nub-dervis-susic\/#primaryimage\"},\"image\":{\"@id\":\"https:\/\/tuzlainfo.ba\/index.php\/novosti\/item\/230960-tuzla-radionica-turisticke-price-sa-majom-rogan-odrzana-u-nub-dervis-susic\/#primaryimage\"},\"thumbnailUrl\":\"https:\/\/tuzlainfo.ba\/wp-content\/uploads\/2024\/02\/2402_rogan-2.jpg\",\"datePublished\":\"2024-02-24T20:41:42+00:00\",\"dateModified\":\"2024-02-24T21:15:25+00:00\",\"breadcrumb\":{\"@id\":\"https:\/\/tuzlainfo.ba\/index.php\/novosti\/item\/230960-tuzla-radionica-turisticke-price-sa-majom-rogan-odrzana-u-nub-dervis-susic\/#breadcrumb\"},\"inLanguage\":\"bs-BA\",\"potentialAction\":[{\"@type\":\"ReadAction\",\"target\":[\"https:\/\/tuzlainfo.ba\/index.php\/novosti\/item\/230960-tuzla-radionica-turisticke-price-sa-majom-rogan-odrzana-u-nub-dervis-susic\/\"]}]},{\"@type\":\"ImageObject\",\"inLanguage\":\"bs-BA\",\"@id\":\"https:\/\/tuzlainfo.ba\/index.php\/novosti\/item\/230960-tuzla-radionica-turisticke-price-sa-majom-rogan-odrzana-u-nub-dervis-susic\/#primaryimage\",\"url\":\"https:\/\/tuzlainfo.ba\/wp-content\/uploads\/2024\/02\/2402_rogan-2.jpg\",\"contentUrl\":\"https:\/\/tuzlainfo.ba\/wp-content\/uploads\/2024\/02\/2402_rogan-2.jpg\",\"width\":1334,\"height\":702},{\"@type\":\"BreadcrumbList\",\"@id\":\"https:\/\/tuzlainfo.ba\/index.php\/novosti\/item\/230960-tuzla-radionica-turisticke-price-sa-majom-rogan-odrzana-u-nub-dervis-susic\/#breadcrumb\",\"itemListElement\":[{\"@type\":\"ListItem\",\"position\":1,\"name\":\"Home\",\"item\":\"https:\/\/tuzlainfo.ba\/\"},{\"@type\":\"ListItem\",\"position\":2,\"name\":\"Tuzla: Radionica \u201cTuristi\u010dke pri\u010de\u201d sa Majom Rogan odr\u017eana u NUB \u201cDervi\u0161 Su\u0161i\u0107\u201d\"}]},{\"@type\":\"WebSite\",\"@id\":\"https:\/\/tuzlainfo.ba\/#website\",\"url\":\"https:\/\/tuzlainfo.ba\/\",\"name\":\"TuzlaInfo.ba\",\"description\":\"Tuzla info, gradski informator - Tuzla na dlanu\",\"publisher\":{\"@id\":\"https:\/\/tuzlainfo.ba\/#organization\"},\"potentialAction\":[{\"@type\":\"SearchAction\",\"target\":{\"@type\":\"EntryPoint\",\"urlTemplate\":\"https:\/\/tuzlainfo.ba\/?s={search_term_string}\"},\"query-input\":{\"@type\":\"PropertyValueSpecification\",\"valueRequired\":true,\"valueName\":\"search_term_string\"}}],\"inLanguage\":\"bs-BA\"},{\"@type\":\"Organization\",\"@id\":\"https:\/\/tuzlainfo.ba\/#organization\",\"name\":\"TuzlaInfo.ba\",\"url\":\"https:\/\/tuzlainfo.ba\/\",\"logo\":{\"@type\":\"ImageObject\",\"inLanguage\":\"bs-BA\",\"@id\":\"https:\/\/tuzlainfo.ba\/#\/schema\/logo\/image\/\",\"url\":\"https:\/\/tuzlainfo.ba\/wp-content\/uploads\/2021\/03\/logo-ver-3-1.png\",\"contentUrl\":\"https:\/\/tuzlainfo.ba\/wp-content\/uploads\/2021\/03\/logo-ver-3-1.png\",\"width\":350,\"height\":95,\"caption\":\"TuzlaInfo.ba\"},\"image\":{\"@id\":\"https:\/\/tuzlainfo.ba\/#\/schema\/logo\/image\/\"},\"sameAs\":[\"https:\/\/www.facebook.com\/tuzlainfo.ba\/\"]},{\"@type\":\"Person\",\"@id\":\"https:\/\/tuzlainfo.ba\/#\/schema\/person\/f434e20dc27ea133923aab08451b7f7f\",\"name\":\"nedim\",\"image\":{\"@type\":\"ImageObject\",\"inLanguage\":\"bs-BA\",\"@id\":\"https:\/\/tuzlainfo.ba\/#\/schema\/person\/image\/\",\"url\":\"https:\/\/tuzlainfo.ba\/wp-content\/litespeed\/avatar\/aabad687af24844af817603ac1cbdc4f.jpg?ver=1777306975\",\"contentUrl\":\"https:\/\/tuzlainfo.ba\/wp-content\/litespeed\/avatar\/aabad687af24844af817603ac1cbdc4f.jpg?ver=1777306975\",\"caption\":\"nedim\"},\"description\":\"Tuzlainfo.ba pratite na dru\u0161tvenim mre\u017eama: Facebook, Instagram i Youtube. Svoje pri\u010de, upite i fotografije \u0161aljite na na\u0161u e-mail adresu.\"}]}<\/script>\n<!-- \/ Yoast SEO plugin. -->","yoast_head_json":{"title":"Tuzla: Radionica \u201cTuristi\u010dke pri\u010de\u201d sa Majom Rogan odr\u017eana u NUB \u201cDervi\u0161 Su\u0161i\u0107\u201d - TuzlaInfo.ba","robots":{"index":"index","follow":"follow","max-snippet":"max-snippet:-1","max-image-preview":"max-image-preview:large","max-video-preview":"max-video-preview:-1"},"canonical":"https:\/\/tuzlainfo.ba\/index.php\/novosti\/item\/230960-tuzla-radionica-turisticke-price-sa-majom-rogan-odrzana-u-nub-dervis-susic\/","og_locale":"bs_BA","og_type":"article","og_title":"Tuzla: Radionica \u201cTuristi\u010dke pri\u010de\u201d sa Majom Rogan odr\u017eana u NUB \u201cDervi\u0161 Su\u0161i\u0107\u201d - TuzlaInfo.ba","og_description":"\u201eTuristi\u010dke pri\u010de\u201c, radionica Maje Rogan, odr\u017eana je u Ameri\u010dkom kutku Narodne i univerzitetske biblioteke \u201eDervi\u0161&hellip;","og_url":"https:\/\/tuzlainfo.ba\/index.php\/novosti\/item\/230960-tuzla-radionica-turisticke-price-sa-majom-rogan-odrzana-u-nub-dervis-susic\/","og_site_name":"TuzlaInfo.ba","article_publisher":"https:\/\/www.facebook.com\/tuzlainfo.ba\/","article_published_time":"2024-02-24T20:41:42+00:00","article_modified_time":"2024-02-24T21:15:25+00:00","og_image":[{"width":1334,"height":702,"url":"https:\/\/tuzlainfo.ba\/wp-content\/uploads\/2024\/02\/2402_rogan-2.jpg","type":"image\/jpeg"}],"author":"nedim","twitter_card":"summary_large_image","twitter_misc":{"Written by":"nedim","Est. reading time":"2 minute"},"schema":{"@context":"https:\/\/schema.org","@graph":[{"@type":"Article","@id":"https:\/\/tuzlainfo.ba\/index.php\/novosti\/item\/230960-tuzla-radionica-turisticke-price-sa-majom-rogan-odrzana-u-nub-dervis-susic\/#article","isPartOf":{"@id":"https:\/\/tuzlainfo.ba\/index.php\/novosti\/item\/230960-tuzla-radionica-turisticke-price-sa-majom-rogan-odrzana-u-nub-dervis-susic\/"},"author":{"name":"nedim","@id":"https:\/\/tuzlainfo.ba\/#\/schema\/person\/f434e20dc27ea133923aab08451b7f7f"},"headline":"Tuzla: Radionica \u201cTuristi\u010dke pri\u010de\u201d sa Majom Rogan odr\u017eana u NUB \u201cDervi\u0161 Su\u0161i\u0107\u201d","datePublished":"2024-02-24T20:41:42+00:00","dateModified":"2024-02-24T21:15:25+00:00","mainEntityOfPage":{"@id":"https:\/\/tuzlainfo.ba\/index.php\/novosti\/item\/230960-tuzla-radionica-turisticke-price-sa-majom-rogan-odrzana-u-nub-dervis-susic\/"},"wordCount":256,"publisher":{"@id":"https:\/\/tuzlainfo.ba\/#organization"},"image":{"@id":"https:\/\/tuzlainfo.ba\/index.php\/novosti\/item\/230960-tuzla-radionica-turisticke-price-sa-majom-rogan-odrzana-u-nub-dervis-susic\/#primaryimage"},"thumbnailUrl":"https:\/\/tuzlainfo.ba\/wp-content\/uploads\/2024\/02\/2402_rogan-2.jpg","keywords":["maja rogan","Narodna biblioteka Dervi\u0161 Su\u0161i\u0107"],"articleSection":["Istaknuto","Novosti"],"inLanguage":"bs-BA"},{"@type":"WebPage","@id":"https:\/\/tuzlainfo.ba\/index.php\/novosti\/item\/230960-tuzla-radionica-turisticke-price-sa-majom-rogan-odrzana-u-nub-dervis-susic\/","url":"https:\/\/tuzlainfo.ba\/index.php\/novosti\/item\/230960-tuzla-radionica-turisticke-price-sa-majom-rogan-odrzana-u-nub-dervis-susic\/","name":"Tuzla: Radionica \u201cTuristi\u010dke pri\u010de\u201d sa Majom Rogan odr\u017eana u NUB \u201cDervi\u0161 Su\u0161i\u0107\u201d - TuzlaInfo.ba","isPartOf":{"@id":"https:\/\/tuzlainfo.ba\/#website"},"primaryImageOfPage":{"@id":"https:\/\/tuzlainfo.ba\/index.php\/novosti\/item\/230960-tuzla-radionica-turisticke-price-sa-majom-rogan-odrzana-u-nub-dervis-susic\/#primaryimage"},"image":{"@id":"https:\/\/tuzlainfo.ba\/index.php\/novosti\/item\/230960-tuzla-radionica-turisticke-price-sa-majom-rogan-odrzana-u-nub-dervis-susic\/#primaryimage"},"thumbnailUrl":"https:\/\/tuzlainfo.ba\/wp-content\/uploads\/2024\/02\/2402_rogan-2.jpg","datePublished":"2024-02-24T20:41:42+00:00","dateModified":"2024-02-24T21:15:25+00:00","breadcrumb":{"@id":"https:\/\/tuzlainfo.ba\/index.php\/novosti\/item\/230960-tuzla-radionica-turisticke-price-sa-majom-rogan-odrzana-u-nub-dervis-susic\/#breadcrumb"},"inLanguage":"bs-BA","potentialAction":[{"@type":"ReadAction","target":["https:\/\/tuzlainfo.ba\/index.php\/novosti\/item\/230960-tuzla-radionica-turisticke-price-sa-majom-rogan-odrzana-u-nub-dervis-susic\/"]}]},{"@type":"ImageObject","inLanguage":"bs-BA","@id":"https:\/\/tuzlainfo.ba\/index.php\/novosti\/item\/230960-tuzla-radionica-turisticke-price-sa-majom-rogan-odrzana-u-nub-dervis-susic\/#primaryimage","url":"https:\/\/tuzlainfo.ba\/wp-content\/uploads\/2024\/02\/2402_rogan-2.jpg","contentUrl":"https:\/\/tuzlainfo.ba\/wp-content\/uploads\/2024\/02\/2402_rogan-2.jpg","width":1334,"height":702},{"@type":"BreadcrumbList","@id":"https:\/\/tuzlainfo.ba\/index.php\/novosti\/item\/230960-tuzla-radionica-turisticke-price-sa-majom-rogan-odrzana-u-nub-dervis-susic\/#breadcrumb","itemListElement":[{"@type":"ListItem","position":1,"name":"Home","item":"https:\/\/tuzlainfo.ba\/"},{"@type":"ListItem","position":2,"name":"Tuzla: Radionica \u201cTuristi\u010dke pri\u010de\u201d sa Majom Rogan odr\u017eana u NUB \u201cDervi\u0161 Su\u0161i\u0107\u201d"}]},{"@type":"WebSite","@id":"https:\/\/tuzlainfo.ba\/#website","url":"https:\/\/tuzlainfo.ba\/","name":"TuzlaInfo.ba","description":"Tuzla info, gradski informator - Tuzla na dlanu","publisher":{"@id":"https:\/\/tuzlainfo.ba\/#organization"},"potentialAction":[{"@type":"SearchAction","target":{"@type":"EntryPoint","urlTemplate":"https:\/\/tuzlainfo.ba\/?s={search_term_string}"},"query-input":{"@type":"PropertyValueSpecification","valueRequired":true,"valueName":"search_term_string"}}],"inLanguage":"bs-BA"},{"@type":"Organization","@id":"https:\/\/tuzlainfo.ba\/#organization","name":"TuzlaInfo.ba","url":"https:\/\/tuzlainfo.ba\/","logo":{"@type":"ImageObject","inLanguage":"bs-BA","@id":"https:\/\/tuzlainfo.ba\/#\/schema\/logo\/image\/","url":"https:\/\/tuzlainfo.ba\/wp-content\/uploads\/2021\/03\/logo-ver-3-1.png","contentUrl":"https:\/\/tuzlainfo.ba\/wp-content\/uploads\/2021\/03\/logo-ver-3-1.png","width":350,"height":95,"caption":"TuzlaInfo.ba"},"image":{"@id":"https:\/\/tuzlainfo.ba\/#\/schema\/logo\/image\/"},"sameAs":["https:\/\/www.facebook.com\/tuzlainfo.ba\/"]},{"@type":"Person","@id":"https:\/\/tuzlainfo.ba\/#\/schema\/person\/f434e20dc27ea133923aab08451b7f7f","name":"nedim","image":{"@type":"ImageObject","inLanguage":"bs-BA","@id":"https:\/\/tuzlainfo.ba\/#\/schema\/person\/image\/","url":"https:\/\/tuzlainfo.ba\/wp-content\/litespeed\/avatar\/aabad687af24844af817603ac1cbdc4f.jpg?ver=1777306975","contentUrl":"https:\/\/tuzlainfo.ba\/wp-content\/litespeed\/avatar\/aabad687af24844af817603ac1cbdc4f.jpg?ver=1777306975","caption":"nedim"},"description":"Tuzlainfo.ba pratite na dru\u0161tvenim mre\u017eama: Facebook, Instagram i Youtube. Svoje pri\u010de, upite i fotografije \u0161aljite na na\u0161u e-mail adresu."}]}},"_links":{"self":[{"href":"https:\/\/tuzlainfo.ba\/index.php\/wp-json\/wp\/v2\/posts\/230960"}],"collection":[{"href":"https:\/\/tuzlainfo.ba\/index.php\/wp-json\/wp\/v2\/posts"}],"about":[{"href":"https:\/\/tuzlainfo.ba\/index.php\/wp-json\/wp\/v2\/types\/post"}],"author":[{"embeddable":true,"href":"https:\/\/tuzlainfo.ba\/index.php\/wp-json\/wp\/v2\/users\/2"}],"replies":[{"embeddable":true,"href":"https:\/\/tuzlainfo.ba\/index.php\/wp-json\/wp\/v2\/comments?post=230960"}],"version-history":[{"count":2,"href":"https:\/\/tuzlainfo.ba\/index.php\/wp-json\/wp\/v2\/posts\/230960\/revisions"}],"predecessor-version":[{"id":230975,"href":"https:\/\/tuzlainfo.ba\/index.php\/wp-json\/wp\/v2\/posts\/230960\/revisions\/230975"}],"wp:featuredmedia":[{"embeddable":true,"href":"https:\/\/tuzlainfo.ba\/index.php\/wp-json\/wp\/v2\/media\/230962"}],"wp:attachment":[{"href":"https:\/\/tuzlainfo.ba\/index.php\/wp-json\/wp\/v2\/media?parent=230960"}],"wp:term":[{"taxonomy":"category","embeddable":true,"href":"https:\/\/tuzlainfo.ba\/index.php\/wp-json\/wp\/v2\/categories?post=230960"},{"taxonomy":"post_tag","embeddable":true,"href":"https:\/\/tuzlainfo.ba\/index.php\/wp-json\/wp\/v2\/tags?post=230960"}],"curies":[{"name":"wp","href":"https:\/\/api.w.org\/{rel}","templated":true}]}}