{"id":230600,"date":"2024-02-21T17:31:48","date_gmt":"2024-02-21T16:31:48","guid":{"rendered":"https:\/\/tuzlainfo.ba\/?p=230600"},"modified":"2024-02-21T13:34:59","modified_gmt":"2024-02-21T12:34:59","slug":"u-ovom-gradu-u-bosni-i-hercegovini-prosle-godine-rodjeno-samo-jedno-dijete","status":"publish","type":"post","link":"https:\/\/tuzlainfo.ba\/index.php\/bosna-i-hercegovina\/item\/230600-u-ovom-gradu-u-bosni-i-hercegovini-prosle-godine-rodjeno-samo-jedno-dijete\/","title":{"rendered":"U ovom gradu u Bosni i Hercegovini pro\u0161le godine ro\u0111eno samo jedno dijete"},"content":{"rendered":"<p>Ako je suditi po vitalnoj statistici, Kanton 10, ali i cijelu Bosnu i Hercegovinu ne \u010deka svijetla budu\u0107nost.<\/p>\n<p>Premda ga \u010dini \u0161est lokalnih samouprava, i prostorno je najve\u0107i u Federaciji BiH, bijela kuga je realno stanje ovog kantona, a tu je i neprekidni trend iseljavanja i tra\u017eenja bolje budu\u0107nosti u zemljama Zapadne Evrope, pa i onima preko okeana.<\/p>\n<p>Ve\u0107 vi\u0161e od jednog desetlje\u0107a u Kantonu 10 broj umrlih u pravilu je bio dva puta ve\u0107i od broja novoro\u0111enih, a u 2023. godini odnos izme\u0111u ro\u0111enih i umrlih je jedan prema dva i pol.<\/p>\n<p>\u201eRo\u0111eno je 261 dijete, podatak se odnosi na sve op\u0107ine, a u isto vrijeme u kantonu je umrlo 667 osoba\u201c, navodi dr. Diana Mami\u0107, direktorica Zavoda za javno zdravstvo Kantona 10, prenosi FTV.<\/p>\n<p>Najgore stanje je u Bosanskom Grahovu, budu\u0107i da je u pro\u0161loj godini ro\u0111eno samo jedno dijete, a umrlo je 29 osoba. Prema analizama proteklih godina, u prostorno najve\u0107em kantonu bijela kuga je stalno stanje.<\/p>\n<p>\u201eOd 2005. do 2023. velika je razlika u broju ro\u0111enih i umrlih, do sada smo izgubili 8.426 stanovnika, \u0161to je otprilike veli\u010dine grada Livna\u201c, isti\u010de Mami\u0107.<\/p>\n<p>Lokalne samouprave nastoje pomo\u0107i mladim obiteljima jednokratnim nov\u010danim naknadama za novoro\u0111enu djecu.<\/p>\n<p>\u201eZa prvo novoro\u0111eno dijete potpora iznosi 700 KM, za drugo dijete 900, tre\u0107e 1.100, \u010detvrto i svako sljede\u0107e 1.400 maraka\u201c, navodi Darko \u010condri\u0107, gradona\u010delnik Livna (HDZBiH).<\/p>\n<p>&nbsp;<\/p>\n","protected":false},"excerpt":{"rendered":"<p>Ako je suditi po vitalnoj statistici, Kanton 10, ali i cijelu Bosnu i Hercegovinu ne&hellip;<\/p>\n","protected":false},"author":3,"featured_media":143179,"comment_status":"closed","ping_status":"closed","sticky":false,"template":"","format":"standard","meta":{"_acf_changed":false,"footnotes":""},"categories":[291],"tags":[9642,2511],"acf":[],"yoast_head":"<!-- This site is optimized with the Yoast SEO plugin v23.5 - https:\/\/yoast.com\/wordpress\/plugins\/seo\/ -->\n<title>U ovom gradu u Bosni i Hercegovini pro\u0161le godine ro\u0111eno samo jedno dijete - TuzlaInfo.ba<\/title>\n<meta name=\"robots\" content=\"index, follow, max-snippet:-1, max-image-preview:large, max-video-preview:-1\" \/>\n<link rel=\"canonical\" href=\"https:\/\/tuzlainfo.ba\/index.php\/bosna-i-hercegovina\/item\/230600-u-ovom-gradu-u-bosni-i-hercegovini-prosle-godine-rodjeno-samo-jedno-dijete\/\" \/>\n<meta property=\"og:locale\" content=\"bs_BA\" \/>\n<meta property=\"og:type\" content=\"article\" \/>\n<meta property=\"og:title\" content=\"U ovom gradu u Bosni i Hercegovini pro\u0161le godine ro\u0111eno samo jedno dijete - TuzlaInfo.ba\" \/>\n<meta property=\"og:description\" content=\"Ako je suditi po vitalnoj statistici, Kanton 10, ali i cijelu Bosnu i Hercegovinu ne&hellip;\" \/>\n<meta property=\"og:url\" content=\"https:\/\/tuzlainfo.ba\/index.php\/bosna-i-hercegovina\/item\/230600-u-ovom-gradu-u-bosni-i-hercegovini-prosle-godine-rodjeno-samo-jedno-dijete\/\" \/>\n<meta property=\"og:site_name\" content=\"TuzlaInfo.ba\" \/>\n<meta property=\"article:publisher\" content=\"https:\/\/www.facebook.com\/tuzlainfo.ba\/\" \/>\n<meta property=\"article:published_time\" content=\"2024-02-21T16:31:48+00:00\" \/>\n<meta property=\"article:modified_time\" content=\"2024-02-21T12:34:59+00:00\" \/>\n<meta property=\"og:image\" content=\"https:\/\/tuzlainfo.ba\/wp-content\/uploads\/2021\/07\/2807_bebe.jpg\" \/>\n\t<meta property=\"og:image:width\" content=\"753\" \/>\n\t<meta property=\"og:image:height\" content=\"424\" \/>\n\t<meta property=\"og:image:type\" content=\"image\/jpeg\" \/>\n<meta name=\"author\" content=\"admin2\" \/>\n<meta name=\"twitter:card\" content=\"summary_large_image\" \/>\n<meta name=\"twitter:label1\" content=\"Written by\" \/>\n\t<meta name=\"twitter:data1\" content=\"admin2\" \/>\n\t<meta name=\"twitter:label2\" content=\"Est. reading time\" \/>\n\t<meta name=\"twitter:data2\" content=\"2 minute\" \/>\n<script type=\"application\/ld+json\" class=\"yoast-schema-graph\">{\"@context\":\"https:\/\/schema.org\",\"@graph\":[{\"@type\":\"Article\",\"@id\":\"https:\/\/tuzlainfo.ba\/index.php\/bosna-i-hercegovina\/item\/230600-u-ovom-gradu-u-bosni-i-hercegovini-prosle-godine-rodjeno-samo-jedno-dijete\/#article\",\"isPartOf\":{\"@id\":\"https:\/\/tuzlainfo.ba\/index.php\/bosna-i-hercegovina\/item\/230600-u-ovom-gradu-u-bosni-i-hercegovini-prosle-godine-rodjeno-samo-jedno-dijete\/\"},\"author\":{\"name\":\"admin2\",\"@id\":\"https:\/\/tuzlainfo.ba\/#\/schema\/person\/f4ebe4fff27e68efb65fa7e18f8af372\"},\"headline\":\"U ovom gradu u Bosni i Hercegovini pro\u0161le godine ro\u0111eno samo jedno dijete\",\"datePublished\":\"2024-02-21T16:31:48+00:00\",\"dateModified\":\"2024-02-21T12:34:59+00:00\",\"mainEntityOfPage\":{\"@id\":\"https:\/\/tuzlainfo.ba\/index.php\/bosna-i-hercegovina\/item\/230600-u-ovom-gradu-u-bosni-i-hercegovini-prosle-godine-rodjeno-samo-jedno-dijete\/\"},\"wordCount\":252,\"publisher\":{\"@id\":\"https:\/\/tuzlainfo.ba\/#organization\"},\"image\":{\"@id\":\"https:\/\/tuzlainfo.ba\/index.php\/bosna-i-hercegovina\/item\/230600-u-ovom-gradu-u-bosni-i-hercegovini-prosle-godine-rodjeno-samo-jedno-dijete\/#primaryimage\"},\"thumbnailUrl\":\"https:\/\/tuzlainfo.ba\/wp-content\/uploads\/2021\/07\/2807_bebe.jpg\",\"keywords\":[\"kanton 10\",\"natalitet\"],\"articleSection\":[\"Bosna i Hercegovina\"],\"inLanguage\":\"bs-BA\"},{\"@type\":\"WebPage\",\"@id\":\"https:\/\/tuzlainfo.ba\/index.php\/bosna-i-hercegovina\/item\/230600-u-ovom-gradu-u-bosni-i-hercegovini-prosle-godine-rodjeno-samo-jedno-dijete\/\",\"url\":\"https:\/\/tuzlainfo.ba\/index.php\/bosna-i-hercegovina\/item\/230600-u-ovom-gradu-u-bosni-i-hercegovini-prosle-godine-rodjeno-samo-jedno-dijete\/\",\"name\":\"U ovom gradu u Bosni i Hercegovini pro\u0161le godine ro\u0111eno samo jedno dijete - TuzlaInfo.ba\",\"isPartOf\":{\"@id\":\"https:\/\/tuzlainfo.ba\/#website\"},\"primaryImageOfPage\":{\"@id\":\"https:\/\/tuzlainfo.ba\/index.php\/bosna-i-hercegovina\/item\/230600-u-ovom-gradu-u-bosni-i-hercegovini-prosle-godine-rodjeno-samo-jedno-dijete\/#primaryimage\"},\"image\":{\"@id\":\"https:\/\/tuzlainfo.ba\/index.php\/bosna-i-hercegovina\/item\/230600-u-ovom-gradu-u-bosni-i-hercegovini-prosle-godine-rodjeno-samo-jedno-dijete\/#primaryimage\"},\"thumbnailUrl\":\"https:\/\/tuzlainfo.ba\/wp-content\/uploads\/2021\/07\/2807_bebe.jpg\",\"datePublished\":\"2024-02-21T16:31:48+00:00\",\"dateModified\":\"2024-02-21T12:34:59+00:00\",\"breadcrumb\":{\"@id\":\"https:\/\/tuzlainfo.ba\/index.php\/bosna-i-hercegovina\/item\/230600-u-ovom-gradu-u-bosni-i-hercegovini-prosle-godine-rodjeno-samo-jedno-dijete\/#breadcrumb\"},\"inLanguage\":\"bs-BA\",\"potentialAction\":[{\"@type\":\"ReadAction\",\"target\":[\"https:\/\/tuzlainfo.ba\/index.php\/bosna-i-hercegovina\/item\/230600-u-ovom-gradu-u-bosni-i-hercegovini-prosle-godine-rodjeno-samo-jedno-dijete\/\"]}]},{\"@type\":\"ImageObject\",\"inLanguage\":\"bs-BA\",\"@id\":\"https:\/\/tuzlainfo.ba\/index.php\/bosna-i-hercegovina\/item\/230600-u-ovom-gradu-u-bosni-i-hercegovini-prosle-godine-rodjeno-samo-jedno-dijete\/#primaryimage\",\"url\":\"https:\/\/tuzlainfo.ba\/wp-content\/uploads\/2021\/07\/2807_bebe.jpg\",\"contentUrl\":\"https:\/\/tuzlainfo.ba\/wp-content\/uploads\/2021\/07\/2807_bebe.jpg\",\"width\":753,\"height\":424},{\"@type\":\"BreadcrumbList\",\"@id\":\"https:\/\/tuzlainfo.ba\/index.php\/bosna-i-hercegovina\/item\/230600-u-ovom-gradu-u-bosni-i-hercegovini-prosle-godine-rodjeno-samo-jedno-dijete\/#breadcrumb\",\"itemListElement\":[{\"@type\":\"ListItem\",\"position\":1,\"name\":\"Home\",\"item\":\"https:\/\/tuzlainfo.ba\/\"},{\"@type\":\"ListItem\",\"position\":2,\"name\":\"U ovom gradu u Bosni i Hercegovini pro\u0161le godine ro\u0111eno samo jedno dijete\"}]},{\"@type\":\"WebSite\",\"@id\":\"https:\/\/tuzlainfo.ba\/#website\",\"url\":\"https:\/\/tuzlainfo.ba\/\",\"name\":\"TuzlaInfo.ba\",\"description\":\"Tuzla info, gradski informator - Tuzla na dlanu\",\"publisher\":{\"@id\":\"https:\/\/tuzlainfo.ba\/#organization\"},\"potentialAction\":[{\"@type\":\"SearchAction\",\"target\":{\"@type\":\"EntryPoint\",\"urlTemplate\":\"https:\/\/tuzlainfo.ba\/?s={search_term_string}\"},\"query-input\":{\"@type\":\"PropertyValueSpecification\",\"valueRequired\":true,\"valueName\":\"search_term_string\"}}],\"inLanguage\":\"bs-BA\"},{\"@type\":\"Organization\",\"@id\":\"https:\/\/tuzlainfo.ba\/#organization\",\"name\":\"TuzlaInfo.ba\",\"url\":\"https:\/\/tuzlainfo.ba\/\",\"logo\":{\"@type\":\"ImageObject\",\"inLanguage\":\"bs-BA\",\"@id\":\"https:\/\/tuzlainfo.ba\/#\/schema\/logo\/image\/\",\"url\":\"https:\/\/tuzlainfo.ba\/wp-content\/uploads\/2021\/03\/logo-ver-3-1.png\",\"contentUrl\":\"https:\/\/tuzlainfo.ba\/wp-content\/uploads\/2021\/03\/logo-ver-3-1.png\",\"width\":350,\"height\":95,\"caption\":\"TuzlaInfo.ba\"},\"image\":{\"@id\":\"https:\/\/tuzlainfo.ba\/#\/schema\/logo\/image\/\"},\"sameAs\":[\"https:\/\/www.facebook.com\/tuzlainfo.ba\/\"]},{\"@type\":\"Person\",\"@id\":\"https:\/\/tuzlainfo.ba\/#\/schema\/person\/f4ebe4fff27e68efb65fa7e18f8af372\",\"name\":\"admin2\",\"image\":{\"@type\":\"ImageObject\",\"inLanguage\":\"bs-BA\",\"@id\":\"https:\/\/tuzlainfo.ba\/#\/schema\/person\/image\/\",\"url\":\"https:\/\/tuzlainfo.ba\/wp-content\/litespeed\/avatar\/8219eeb9a43cff2d096e773737736f62.jpg?ver=1776704580\",\"contentUrl\":\"https:\/\/tuzlainfo.ba\/wp-content\/litespeed\/avatar\/8219eeb9a43cff2d096e773737736f62.jpg?ver=1776704580\",\"caption\":\"admin2\"},\"description\":\"Tuzlainfo.ba pratite na dru\u0161tvenim mre\u017eama: Facebook, Instagram i Youtube. Svoje pri\u010de, upite i fotografije \u0161aljite na na\u0161u e-mail adresu.\",\"sameAs\":[\"admin\"]}]}<\/script>\n<!-- \/ Yoast SEO plugin. -->","yoast_head_json":{"title":"U ovom gradu u Bosni i Hercegovini pro\u0161le godine ro\u0111eno samo jedno dijete - TuzlaInfo.ba","robots":{"index":"index","follow":"follow","max-snippet":"max-snippet:-1","max-image-preview":"max-image-preview:large","max-video-preview":"max-video-preview:-1"},"canonical":"https:\/\/tuzlainfo.ba\/index.php\/bosna-i-hercegovina\/item\/230600-u-ovom-gradu-u-bosni-i-hercegovini-prosle-godine-rodjeno-samo-jedno-dijete\/","og_locale":"bs_BA","og_type":"article","og_title":"U ovom gradu u Bosni i Hercegovini pro\u0161le godine ro\u0111eno samo jedno dijete - TuzlaInfo.ba","og_description":"Ako je suditi po vitalnoj statistici, Kanton 10, ali i cijelu Bosnu i Hercegovinu ne&hellip;","og_url":"https:\/\/tuzlainfo.ba\/index.php\/bosna-i-hercegovina\/item\/230600-u-ovom-gradu-u-bosni-i-hercegovini-prosle-godine-rodjeno-samo-jedno-dijete\/","og_site_name":"TuzlaInfo.ba","article_publisher":"https:\/\/www.facebook.com\/tuzlainfo.ba\/","article_published_time":"2024-02-21T16:31:48+00:00","article_modified_time":"2024-02-21T12:34:59+00:00","og_image":[{"width":753,"height":424,"url":"https:\/\/tuzlainfo.ba\/wp-content\/uploads\/2021\/07\/2807_bebe.jpg","type":"image\/jpeg"}],"author":"admin2","twitter_card":"summary_large_image","twitter_misc":{"Written by":"admin2","Est. reading time":"2 minute"},"schema":{"@context":"https:\/\/schema.org","@graph":[{"@type":"Article","@id":"https:\/\/tuzlainfo.ba\/index.php\/bosna-i-hercegovina\/item\/230600-u-ovom-gradu-u-bosni-i-hercegovini-prosle-godine-rodjeno-samo-jedno-dijete\/#article","isPartOf":{"@id":"https:\/\/tuzlainfo.ba\/index.php\/bosna-i-hercegovina\/item\/230600-u-ovom-gradu-u-bosni-i-hercegovini-prosle-godine-rodjeno-samo-jedno-dijete\/"},"author":{"name":"admin2","@id":"https:\/\/tuzlainfo.ba\/#\/schema\/person\/f4ebe4fff27e68efb65fa7e18f8af372"},"headline":"U ovom gradu u Bosni i Hercegovini pro\u0161le godine ro\u0111eno samo jedno dijete","datePublished":"2024-02-21T16:31:48+00:00","dateModified":"2024-02-21T12:34:59+00:00","mainEntityOfPage":{"@id":"https:\/\/tuzlainfo.ba\/index.php\/bosna-i-hercegovina\/item\/230600-u-ovom-gradu-u-bosni-i-hercegovini-prosle-godine-rodjeno-samo-jedno-dijete\/"},"wordCount":252,"publisher":{"@id":"https:\/\/tuzlainfo.ba\/#organization"},"image":{"@id":"https:\/\/tuzlainfo.ba\/index.php\/bosna-i-hercegovina\/item\/230600-u-ovom-gradu-u-bosni-i-hercegovini-prosle-godine-rodjeno-samo-jedno-dijete\/#primaryimage"},"thumbnailUrl":"https:\/\/tuzlainfo.ba\/wp-content\/uploads\/2021\/07\/2807_bebe.jpg","keywords":["kanton 10","natalitet"],"articleSection":["Bosna i Hercegovina"],"inLanguage":"bs-BA"},{"@type":"WebPage","@id":"https:\/\/tuzlainfo.ba\/index.php\/bosna-i-hercegovina\/item\/230600-u-ovom-gradu-u-bosni-i-hercegovini-prosle-godine-rodjeno-samo-jedno-dijete\/","url":"https:\/\/tuzlainfo.ba\/index.php\/bosna-i-hercegovina\/item\/230600-u-ovom-gradu-u-bosni-i-hercegovini-prosle-godine-rodjeno-samo-jedno-dijete\/","name":"U ovom gradu u Bosni i Hercegovini pro\u0161le godine ro\u0111eno samo jedno dijete - TuzlaInfo.ba","isPartOf":{"@id":"https:\/\/tuzlainfo.ba\/#website"},"primaryImageOfPage":{"@id":"https:\/\/tuzlainfo.ba\/index.php\/bosna-i-hercegovina\/item\/230600-u-ovom-gradu-u-bosni-i-hercegovini-prosle-godine-rodjeno-samo-jedno-dijete\/#primaryimage"},"image":{"@id":"https:\/\/tuzlainfo.ba\/index.php\/bosna-i-hercegovina\/item\/230600-u-ovom-gradu-u-bosni-i-hercegovini-prosle-godine-rodjeno-samo-jedno-dijete\/#primaryimage"},"thumbnailUrl":"https:\/\/tuzlainfo.ba\/wp-content\/uploads\/2021\/07\/2807_bebe.jpg","datePublished":"2024-02-21T16:31:48+00:00","dateModified":"2024-02-21T12:34:59+00:00","breadcrumb":{"@id":"https:\/\/tuzlainfo.ba\/index.php\/bosna-i-hercegovina\/item\/230600-u-ovom-gradu-u-bosni-i-hercegovini-prosle-godine-rodjeno-samo-jedno-dijete\/#breadcrumb"},"inLanguage":"bs-BA","potentialAction":[{"@type":"ReadAction","target":["https:\/\/tuzlainfo.ba\/index.php\/bosna-i-hercegovina\/item\/230600-u-ovom-gradu-u-bosni-i-hercegovini-prosle-godine-rodjeno-samo-jedno-dijete\/"]}]},{"@type":"ImageObject","inLanguage":"bs-BA","@id":"https:\/\/tuzlainfo.ba\/index.php\/bosna-i-hercegovina\/item\/230600-u-ovom-gradu-u-bosni-i-hercegovini-prosle-godine-rodjeno-samo-jedno-dijete\/#primaryimage","url":"https:\/\/tuzlainfo.ba\/wp-content\/uploads\/2021\/07\/2807_bebe.jpg","contentUrl":"https:\/\/tuzlainfo.ba\/wp-content\/uploads\/2021\/07\/2807_bebe.jpg","width":753,"height":424},{"@type":"BreadcrumbList","@id":"https:\/\/tuzlainfo.ba\/index.php\/bosna-i-hercegovina\/item\/230600-u-ovom-gradu-u-bosni-i-hercegovini-prosle-godine-rodjeno-samo-jedno-dijete\/#breadcrumb","itemListElement":[{"@type":"ListItem","position":1,"name":"Home","item":"https:\/\/tuzlainfo.ba\/"},{"@type":"ListItem","position":2,"name":"U ovom gradu u Bosni i Hercegovini pro\u0161le godine ro\u0111eno samo jedno dijete"}]},{"@type":"WebSite","@id":"https:\/\/tuzlainfo.ba\/#website","url":"https:\/\/tuzlainfo.ba\/","name":"TuzlaInfo.ba","description":"Tuzla info, gradski informator - Tuzla na dlanu","publisher":{"@id":"https:\/\/tuzlainfo.ba\/#organization"},"potentialAction":[{"@type":"SearchAction","target":{"@type":"EntryPoint","urlTemplate":"https:\/\/tuzlainfo.ba\/?s={search_term_string}"},"query-input":{"@type":"PropertyValueSpecification","valueRequired":true,"valueName":"search_term_string"}}],"inLanguage":"bs-BA"},{"@type":"Organization","@id":"https:\/\/tuzlainfo.ba\/#organization","name":"TuzlaInfo.ba","url":"https:\/\/tuzlainfo.ba\/","logo":{"@type":"ImageObject","inLanguage":"bs-BA","@id":"https:\/\/tuzlainfo.ba\/#\/schema\/logo\/image\/","url":"https:\/\/tuzlainfo.ba\/wp-content\/uploads\/2021\/03\/logo-ver-3-1.png","contentUrl":"https:\/\/tuzlainfo.ba\/wp-content\/uploads\/2021\/03\/logo-ver-3-1.png","width":350,"height":95,"caption":"TuzlaInfo.ba"},"image":{"@id":"https:\/\/tuzlainfo.ba\/#\/schema\/logo\/image\/"},"sameAs":["https:\/\/www.facebook.com\/tuzlainfo.ba\/"]},{"@type":"Person","@id":"https:\/\/tuzlainfo.ba\/#\/schema\/person\/f4ebe4fff27e68efb65fa7e18f8af372","name":"admin2","image":{"@type":"ImageObject","inLanguage":"bs-BA","@id":"https:\/\/tuzlainfo.ba\/#\/schema\/person\/image\/","url":"https:\/\/tuzlainfo.ba\/wp-content\/litespeed\/avatar\/8219eeb9a43cff2d096e773737736f62.jpg?ver=1776704580","contentUrl":"https:\/\/tuzlainfo.ba\/wp-content\/litespeed\/avatar\/8219eeb9a43cff2d096e773737736f62.jpg?ver=1776704580","caption":"admin2"},"description":"Tuzlainfo.ba pratite na dru\u0161tvenim mre\u017eama: Facebook, Instagram i Youtube. Svoje pri\u010de, upite i fotografije \u0161aljite na na\u0161u e-mail adresu.","sameAs":["admin"]}]}},"_links":{"self":[{"href":"https:\/\/tuzlainfo.ba\/index.php\/wp-json\/wp\/v2\/posts\/230600"}],"collection":[{"href":"https:\/\/tuzlainfo.ba\/index.php\/wp-json\/wp\/v2\/posts"}],"about":[{"href":"https:\/\/tuzlainfo.ba\/index.php\/wp-json\/wp\/v2\/types\/post"}],"author":[{"embeddable":true,"href":"https:\/\/tuzlainfo.ba\/index.php\/wp-json\/wp\/v2\/users\/3"}],"replies":[{"embeddable":true,"href":"https:\/\/tuzlainfo.ba\/index.php\/wp-json\/wp\/v2\/comments?post=230600"}],"version-history":[{"count":1,"href":"https:\/\/tuzlainfo.ba\/index.php\/wp-json\/wp\/v2\/posts\/230600\/revisions"}],"predecessor-version":[{"id":230601,"href":"https:\/\/tuzlainfo.ba\/index.php\/wp-json\/wp\/v2\/posts\/230600\/revisions\/230601"}],"wp:featuredmedia":[{"embeddable":true,"href":"https:\/\/tuzlainfo.ba\/index.php\/wp-json\/wp\/v2\/media\/143179"}],"wp:attachment":[{"href":"https:\/\/tuzlainfo.ba\/index.php\/wp-json\/wp\/v2\/media?parent=230600"}],"wp:term":[{"taxonomy":"category","embeddable":true,"href":"https:\/\/tuzlainfo.ba\/index.php\/wp-json\/wp\/v2\/categories?post=230600"},{"taxonomy":"post_tag","embeddable":true,"href":"https:\/\/tuzlainfo.ba\/index.php\/wp-json\/wp\/v2\/tags?post=230600"}],"curies":[{"name":"wp","href":"https:\/\/api.w.org\/{rel}","templated":true}]}}