{"id":230382,"date":"2024-02-19T12:01:48","date_gmt":"2024-02-19T11:01:48","guid":{"rendered":"https:\/\/tuzlainfo.ba\/?p=230382"},"modified":"2024-02-19T10:57:46","modified_gmt":"2024-02-19T09:57:46","slug":"vatrogasci-gasili-pozare-sirom-tk-u-srebreniku-jedna-osoba-povrijedjena","status":"publish","type":"post","link":"https:\/\/tuzlainfo.ba\/index.php\/istaknuto\/item\/230382-vatrogasci-gasili-pozare-sirom-tk-u-srebreniku-jedna-osoba-povrijedjena\/","title":{"rendered":"Vatrogasci gasili po\u017eare \u0161irom TK: U Srebreniku jedna osoba povrije\u0111ena"},"content":{"rendered":"<p>Prema izvje\u0161taju Kantonalne uprave civilne za\u0161tite, tokom ju\u010dera\u0161njeg dana zabilje\u017een je ve\u0107i broj po\u017eara u TK.<\/p>\n<p><strong>Grad Srebrenik<\/strong><\/p>\n<p>Dana 18.2.2024. godine VJ Srebrenik je imala intervenciju na ga\u0161enju po\u017eara niskog rastinja na ve\u0107oj povr\u0161ini na podru\u010dju MZ Cage. Prilikom akcije ga\u0161enja jedno lice je povrije\u0111eno i prevezeno u Dom zdravlja Srebrenik. Po\u017ear je lokaliziran i uga\u0161en.<\/p>\n<p><strong>Grad Tuzla<br \/>\n<\/strong>Dana 18.2.2024. godine VJ Tuzla je imala dvije intervencije na ga\u0161enju po\u017eara niskog rastinja na manjim povr\u0161inama u naselju Voji\u0107i i u ulici Pavla Goranina. Po\u017eari su lokalizirani i uga\u0161eni.<\/p>\n<p><strong>Grad \u017divinice<\/strong><\/p>\n<p>Dana 18.2.2024. godine VJ \u017divinice je imala tri intervencije na ga\u0161enju po\u017eara i to:<br \/>\n\u2022 u 12,35 sati MZ Ba\u0161igovci u blizini Rajskog jezera nisko rastinje na manjoj povr\u0161ini,<br \/>\n\u2022 u 13,55 sati MZ Kova\u010di, pomo\u0107ni objekt (\u0160upa) i<br \/>\n\u2022 u 17,24 sati na lokalitetu Spre\u010dkog mosta na putu \u017divinice &#8211; Dubrave iza poslovnih objekata gorjelo nisko rastinje na ve\u0107oj povr\u0161ini.Svi po\u017eari su lokalizirani i uga\u0161eni.<\/p>\n<p><strong>Op\u0107ina Banovi\u0107i<\/strong><\/p>\n<p>Dana 18.2.2024. godine VJ Banovi\u0107i je imala intervenciju na ga\u0161enju po\u017eara niskog rastinja na manjoj povr\u0161ini u naselju Pribitkovi\u0107i. Po\u017ear je lokaliziran i uga\u0161en.<\/p>\n<p><strong>Op\u0107ina Teo\u010dak<\/strong><\/p>\n<p>Dana 18.2.2024. godine DVD Teo\u010dak je imalo intervenciju na ga\u0161enju po\u017eara niskog rastinja ukupne povr\u0161ine cca 0,5 Ha na podru\u010dju naselja Snije\u017enica. Po\u017ear je lokaliziran i uga\u0161en.<\/p>\n","protected":false},"excerpt":{"rendered":"<p>Prema izvje\u0161taju Kantonalne uprave civilne za\u0161tite, tokom ju\u010dera\u0161njeg dana zabilje\u017een je ve\u0107i broj po\u017eara u&hellip;<\/p>\n","protected":false},"author":4,"featured_media":230065,"comment_status":"closed","ping_status":"closed","sticky":false,"template":"","format":"standard","meta":{"_acf_changed":false,"footnotes":""},"categories":[304,12],"tags":[1516,2122],"acf":[],"yoast_head":"<!-- This site is optimized with the Yoast SEO plugin v23.5 - https:\/\/yoast.com\/wordpress\/plugins\/seo\/ -->\n<title>Vatrogasci gasili po\u017eare \u0161irom TK: U Srebreniku jedna osoba povrije\u0111ena - TuzlaInfo.ba<\/title>\n<meta name=\"robots\" content=\"index, follow, max-snippet:-1, max-image-preview:large, max-video-preview:-1\" \/>\n<link rel=\"canonical\" href=\"https:\/\/tuzlainfo.ba\/index.php\/istaknuto\/item\/230382-vatrogasci-gasili-pozare-sirom-tk-u-srebreniku-jedna-osoba-povrijedjena\/\" \/>\n<meta property=\"og:locale\" content=\"bs_BA\" \/>\n<meta property=\"og:type\" content=\"article\" \/>\n<meta property=\"og:title\" content=\"Vatrogasci gasili po\u017eare \u0161irom TK: U Srebreniku jedna osoba povrije\u0111ena - TuzlaInfo.ba\" \/>\n<meta property=\"og:description\" content=\"Prema izvje\u0161taju Kantonalne uprave civilne za\u0161tite, tokom ju\u010dera\u0161njeg dana zabilje\u017een je ve\u0107i broj po\u017eara u&hellip;\" \/>\n<meta property=\"og:url\" content=\"https:\/\/tuzlainfo.ba\/index.php\/istaknuto\/item\/230382-vatrogasci-gasili-pozare-sirom-tk-u-srebreniku-jedna-osoba-povrijedjena\/\" \/>\n<meta property=\"og:site_name\" content=\"TuzlaInfo.ba\" \/>\n<meta property=\"article:publisher\" content=\"https:\/\/www.facebook.com\/tuzlainfo.ba\/\" \/>\n<meta property=\"article:published_time\" content=\"2024-02-19T11:01:48+00:00\" \/>\n<meta property=\"article:modified_time\" content=\"2024-02-19T09:57:46+00:00\" \/>\n<meta property=\"og:image\" content=\"https:\/\/tuzlainfo.ba\/wp-content\/uploads\/2024\/02\/1402_pozar_nisko_rastinje.jpg\" \/>\n\t<meta property=\"og:image:width\" content=\"800\" \/>\n\t<meta property=\"og:image:height\" content=\"378\" \/>\n\t<meta property=\"og:image:type\" content=\"image\/jpeg\" \/>\n<meta name=\"author\" content=\"Tuzla Info\" \/>\n<meta name=\"twitter:card\" content=\"summary_large_image\" \/>\n<meta name=\"twitter:label1\" content=\"Written by\" \/>\n\t<meta name=\"twitter:data1\" content=\"Tuzla Info\" \/>\n\t<meta name=\"twitter:label2\" content=\"Est. reading time\" \/>\n\t<meta name=\"twitter:data2\" content=\"2 minute\" \/>\n<script type=\"application\/ld+json\" class=\"yoast-schema-graph\">{\"@context\":\"https:\/\/schema.org\",\"@graph\":[{\"@type\":\"Article\",\"@id\":\"https:\/\/tuzlainfo.ba\/index.php\/istaknuto\/item\/230382-vatrogasci-gasili-pozare-sirom-tk-u-srebreniku-jedna-osoba-povrijedjena\/#article\",\"isPartOf\":{\"@id\":\"https:\/\/tuzlainfo.ba\/index.php\/istaknuto\/item\/230382-vatrogasci-gasili-pozare-sirom-tk-u-srebreniku-jedna-osoba-povrijedjena\/\"},\"author\":{\"name\":\"Tuzla Info\",\"@id\":\"https:\/\/tuzlainfo.ba\/#\/schema\/person\/46cad4c57790cbc50781edd14870825a\"},\"headline\":\"Vatrogasci gasili po\u017eare \u0161irom TK: U Srebreniku jedna osoba povrije\u0111ena\",\"datePublished\":\"2024-02-19T11:01:48+00:00\",\"dateModified\":\"2024-02-19T09:57:46+00:00\",\"mainEntityOfPage\":{\"@id\":\"https:\/\/tuzlainfo.ba\/index.php\/istaknuto\/item\/230382-vatrogasci-gasili-pozare-sirom-tk-u-srebreniku-jedna-osoba-povrijedjena\/\"},\"wordCount\":264,\"publisher\":{\"@id\":\"https:\/\/tuzlainfo.ba\/#organization\"},\"image\":{\"@id\":\"https:\/\/tuzlainfo.ba\/index.php\/istaknuto\/item\/230382-vatrogasci-gasili-pozare-sirom-tk-u-srebreniku-jedna-osoba-povrijedjena\/#primaryimage\"},\"thumbnailUrl\":\"https:\/\/tuzlainfo.ba\/wp-content\/uploads\/2024\/02\/1402_pozar_nisko_rastinje.jpg\",\"keywords\":[\"Kantonalna uprava civilne za\u0161tite Tuzla\",\"po\u017eari\"],\"articleSection\":[\"Istaknuto\",\"Novosti\"],\"inLanguage\":\"bs-BA\"},{\"@type\":\"WebPage\",\"@id\":\"https:\/\/tuzlainfo.ba\/index.php\/istaknuto\/item\/230382-vatrogasci-gasili-pozare-sirom-tk-u-srebreniku-jedna-osoba-povrijedjena\/\",\"url\":\"https:\/\/tuzlainfo.ba\/index.php\/istaknuto\/item\/230382-vatrogasci-gasili-pozare-sirom-tk-u-srebreniku-jedna-osoba-povrijedjena\/\",\"name\":\"Vatrogasci gasili po\u017eare \u0161irom TK: U Srebreniku jedna osoba povrije\u0111ena - TuzlaInfo.ba\",\"isPartOf\":{\"@id\":\"https:\/\/tuzlainfo.ba\/#website\"},\"primaryImageOfPage\":{\"@id\":\"https:\/\/tuzlainfo.ba\/index.php\/istaknuto\/item\/230382-vatrogasci-gasili-pozare-sirom-tk-u-srebreniku-jedna-osoba-povrijedjena\/#primaryimage\"},\"image\":{\"@id\":\"https:\/\/tuzlainfo.ba\/index.php\/istaknuto\/item\/230382-vatrogasci-gasili-pozare-sirom-tk-u-srebreniku-jedna-osoba-povrijedjena\/#primaryimage\"},\"thumbnailUrl\":\"https:\/\/tuzlainfo.ba\/wp-content\/uploads\/2024\/02\/1402_pozar_nisko_rastinje.jpg\",\"datePublished\":\"2024-02-19T11:01:48+00:00\",\"dateModified\":\"2024-02-19T09:57:46+00:00\",\"breadcrumb\":{\"@id\":\"https:\/\/tuzlainfo.ba\/index.php\/istaknuto\/item\/230382-vatrogasci-gasili-pozare-sirom-tk-u-srebreniku-jedna-osoba-povrijedjena\/#breadcrumb\"},\"inLanguage\":\"bs-BA\",\"potentialAction\":[{\"@type\":\"ReadAction\",\"target\":[\"https:\/\/tuzlainfo.ba\/index.php\/istaknuto\/item\/230382-vatrogasci-gasili-pozare-sirom-tk-u-srebreniku-jedna-osoba-povrijedjena\/\"]}]},{\"@type\":\"ImageObject\",\"inLanguage\":\"bs-BA\",\"@id\":\"https:\/\/tuzlainfo.ba\/index.php\/istaknuto\/item\/230382-vatrogasci-gasili-pozare-sirom-tk-u-srebreniku-jedna-osoba-povrijedjena\/#primaryimage\",\"url\":\"https:\/\/tuzlainfo.ba\/wp-content\/uploads\/2024\/02\/1402_pozar_nisko_rastinje.jpg\",\"contentUrl\":\"https:\/\/tuzlainfo.ba\/wp-content\/uploads\/2024\/02\/1402_pozar_nisko_rastinje.jpg\",\"width\":800,\"height\":378},{\"@type\":\"BreadcrumbList\",\"@id\":\"https:\/\/tuzlainfo.ba\/index.php\/istaknuto\/item\/230382-vatrogasci-gasili-pozare-sirom-tk-u-srebreniku-jedna-osoba-povrijedjena\/#breadcrumb\",\"itemListElement\":[{\"@type\":\"ListItem\",\"position\":1,\"name\":\"Home\",\"item\":\"https:\/\/tuzlainfo.ba\/\"},{\"@type\":\"ListItem\",\"position\":2,\"name\":\"Vatrogasci gasili po\u017eare \u0161irom TK: U Srebreniku jedna osoba povrije\u0111ena\"}]},{\"@type\":\"WebSite\",\"@id\":\"https:\/\/tuzlainfo.ba\/#website\",\"url\":\"https:\/\/tuzlainfo.ba\/\",\"name\":\"TuzlaInfo.ba\",\"description\":\"Tuzla info, gradski informator - Tuzla na dlanu\",\"publisher\":{\"@id\":\"https:\/\/tuzlainfo.ba\/#organization\"},\"potentialAction\":[{\"@type\":\"SearchAction\",\"target\":{\"@type\":\"EntryPoint\",\"urlTemplate\":\"https:\/\/tuzlainfo.ba\/?s={search_term_string}\"},\"query-input\":{\"@type\":\"PropertyValueSpecification\",\"valueRequired\":true,\"valueName\":\"search_term_string\"}}],\"inLanguage\":\"bs-BA\"},{\"@type\":\"Organization\",\"@id\":\"https:\/\/tuzlainfo.ba\/#organization\",\"name\":\"TuzlaInfo.ba\",\"url\":\"https:\/\/tuzlainfo.ba\/\",\"logo\":{\"@type\":\"ImageObject\",\"inLanguage\":\"bs-BA\",\"@id\":\"https:\/\/tuzlainfo.ba\/#\/schema\/logo\/image\/\",\"url\":\"https:\/\/tuzlainfo.ba\/wp-content\/uploads\/2021\/03\/logo-ver-3-1.png\",\"contentUrl\":\"https:\/\/tuzlainfo.ba\/wp-content\/uploads\/2021\/03\/logo-ver-3-1.png\",\"width\":350,\"height\":95,\"caption\":\"TuzlaInfo.ba\"},\"image\":{\"@id\":\"https:\/\/tuzlainfo.ba\/#\/schema\/logo\/image\/\"},\"sameAs\":[\"https:\/\/www.facebook.com\/tuzlainfo.ba\/\"]},{\"@type\":\"Person\",\"@id\":\"https:\/\/tuzlainfo.ba\/#\/schema\/person\/46cad4c57790cbc50781edd14870825a\",\"name\":\"Tuzla Info\",\"image\":{\"@type\":\"ImageObject\",\"inLanguage\":\"bs-BA\",\"@id\":\"https:\/\/tuzlainfo.ba\/#\/schema\/person\/image\/\",\"url\":\"https:\/\/tuzlainfo.ba\/wp-content\/litespeed\/avatar\/b6c453a6c38e3654f2e4416c643fc25c.jpg?ver=1777051911\",\"contentUrl\":\"https:\/\/tuzlainfo.ba\/wp-content\/litespeed\/avatar\/b6c453a6c38e3654f2e4416c643fc25c.jpg?ver=1777051911\",\"caption\":\"Tuzla Info\"}}]}<\/script>\n<!-- \/ Yoast SEO plugin. -->","yoast_head_json":{"title":"Vatrogasci gasili po\u017eare \u0161irom TK: U Srebreniku jedna osoba povrije\u0111ena - TuzlaInfo.ba","robots":{"index":"index","follow":"follow","max-snippet":"max-snippet:-1","max-image-preview":"max-image-preview:large","max-video-preview":"max-video-preview:-1"},"canonical":"https:\/\/tuzlainfo.ba\/index.php\/istaknuto\/item\/230382-vatrogasci-gasili-pozare-sirom-tk-u-srebreniku-jedna-osoba-povrijedjena\/","og_locale":"bs_BA","og_type":"article","og_title":"Vatrogasci gasili po\u017eare \u0161irom TK: U Srebreniku jedna osoba povrije\u0111ena - TuzlaInfo.ba","og_description":"Prema izvje\u0161taju Kantonalne uprave civilne za\u0161tite, tokom ju\u010dera\u0161njeg dana zabilje\u017een je ve\u0107i broj po\u017eara u&hellip;","og_url":"https:\/\/tuzlainfo.ba\/index.php\/istaknuto\/item\/230382-vatrogasci-gasili-pozare-sirom-tk-u-srebreniku-jedna-osoba-povrijedjena\/","og_site_name":"TuzlaInfo.ba","article_publisher":"https:\/\/www.facebook.com\/tuzlainfo.ba\/","article_published_time":"2024-02-19T11:01:48+00:00","article_modified_time":"2024-02-19T09:57:46+00:00","og_image":[{"width":800,"height":378,"url":"https:\/\/tuzlainfo.ba\/wp-content\/uploads\/2024\/02\/1402_pozar_nisko_rastinje.jpg","type":"image\/jpeg"}],"author":"Tuzla Info","twitter_card":"summary_large_image","twitter_misc":{"Written by":"Tuzla Info","Est. reading time":"2 minute"},"schema":{"@context":"https:\/\/schema.org","@graph":[{"@type":"Article","@id":"https:\/\/tuzlainfo.ba\/index.php\/istaknuto\/item\/230382-vatrogasci-gasili-pozare-sirom-tk-u-srebreniku-jedna-osoba-povrijedjena\/#article","isPartOf":{"@id":"https:\/\/tuzlainfo.ba\/index.php\/istaknuto\/item\/230382-vatrogasci-gasili-pozare-sirom-tk-u-srebreniku-jedna-osoba-povrijedjena\/"},"author":{"name":"Tuzla Info","@id":"https:\/\/tuzlainfo.ba\/#\/schema\/person\/46cad4c57790cbc50781edd14870825a"},"headline":"Vatrogasci gasili po\u017eare \u0161irom TK: U Srebreniku jedna osoba povrije\u0111ena","datePublished":"2024-02-19T11:01:48+00:00","dateModified":"2024-02-19T09:57:46+00:00","mainEntityOfPage":{"@id":"https:\/\/tuzlainfo.ba\/index.php\/istaknuto\/item\/230382-vatrogasci-gasili-pozare-sirom-tk-u-srebreniku-jedna-osoba-povrijedjena\/"},"wordCount":264,"publisher":{"@id":"https:\/\/tuzlainfo.ba\/#organization"},"image":{"@id":"https:\/\/tuzlainfo.ba\/index.php\/istaknuto\/item\/230382-vatrogasci-gasili-pozare-sirom-tk-u-srebreniku-jedna-osoba-povrijedjena\/#primaryimage"},"thumbnailUrl":"https:\/\/tuzlainfo.ba\/wp-content\/uploads\/2024\/02\/1402_pozar_nisko_rastinje.jpg","keywords":["Kantonalna uprava civilne za\u0161tite Tuzla","po\u017eari"],"articleSection":["Istaknuto","Novosti"],"inLanguage":"bs-BA"},{"@type":"WebPage","@id":"https:\/\/tuzlainfo.ba\/index.php\/istaknuto\/item\/230382-vatrogasci-gasili-pozare-sirom-tk-u-srebreniku-jedna-osoba-povrijedjena\/","url":"https:\/\/tuzlainfo.ba\/index.php\/istaknuto\/item\/230382-vatrogasci-gasili-pozare-sirom-tk-u-srebreniku-jedna-osoba-povrijedjena\/","name":"Vatrogasci gasili po\u017eare \u0161irom TK: U Srebreniku jedna osoba povrije\u0111ena - TuzlaInfo.ba","isPartOf":{"@id":"https:\/\/tuzlainfo.ba\/#website"},"primaryImageOfPage":{"@id":"https:\/\/tuzlainfo.ba\/index.php\/istaknuto\/item\/230382-vatrogasci-gasili-pozare-sirom-tk-u-srebreniku-jedna-osoba-povrijedjena\/#primaryimage"},"image":{"@id":"https:\/\/tuzlainfo.ba\/index.php\/istaknuto\/item\/230382-vatrogasci-gasili-pozare-sirom-tk-u-srebreniku-jedna-osoba-povrijedjena\/#primaryimage"},"thumbnailUrl":"https:\/\/tuzlainfo.ba\/wp-content\/uploads\/2024\/02\/1402_pozar_nisko_rastinje.jpg","datePublished":"2024-02-19T11:01:48+00:00","dateModified":"2024-02-19T09:57:46+00:00","breadcrumb":{"@id":"https:\/\/tuzlainfo.ba\/index.php\/istaknuto\/item\/230382-vatrogasci-gasili-pozare-sirom-tk-u-srebreniku-jedna-osoba-povrijedjena\/#breadcrumb"},"inLanguage":"bs-BA","potentialAction":[{"@type":"ReadAction","target":["https:\/\/tuzlainfo.ba\/index.php\/istaknuto\/item\/230382-vatrogasci-gasili-pozare-sirom-tk-u-srebreniku-jedna-osoba-povrijedjena\/"]}]},{"@type":"ImageObject","inLanguage":"bs-BA","@id":"https:\/\/tuzlainfo.ba\/index.php\/istaknuto\/item\/230382-vatrogasci-gasili-pozare-sirom-tk-u-srebreniku-jedna-osoba-povrijedjena\/#primaryimage","url":"https:\/\/tuzlainfo.ba\/wp-content\/uploads\/2024\/02\/1402_pozar_nisko_rastinje.jpg","contentUrl":"https:\/\/tuzlainfo.ba\/wp-content\/uploads\/2024\/02\/1402_pozar_nisko_rastinje.jpg","width":800,"height":378},{"@type":"BreadcrumbList","@id":"https:\/\/tuzlainfo.ba\/index.php\/istaknuto\/item\/230382-vatrogasci-gasili-pozare-sirom-tk-u-srebreniku-jedna-osoba-povrijedjena\/#breadcrumb","itemListElement":[{"@type":"ListItem","position":1,"name":"Home","item":"https:\/\/tuzlainfo.ba\/"},{"@type":"ListItem","position":2,"name":"Vatrogasci gasili po\u017eare \u0161irom TK: U Srebreniku jedna osoba povrije\u0111ena"}]},{"@type":"WebSite","@id":"https:\/\/tuzlainfo.ba\/#website","url":"https:\/\/tuzlainfo.ba\/","name":"TuzlaInfo.ba","description":"Tuzla info, gradski informator - Tuzla na dlanu","publisher":{"@id":"https:\/\/tuzlainfo.ba\/#organization"},"potentialAction":[{"@type":"SearchAction","target":{"@type":"EntryPoint","urlTemplate":"https:\/\/tuzlainfo.ba\/?s={search_term_string}"},"query-input":{"@type":"PropertyValueSpecification","valueRequired":true,"valueName":"search_term_string"}}],"inLanguage":"bs-BA"},{"@type":"Organization","@id":"https:\/\/tuzlainfo.ba\/#organization","name":"TuzlaInfo.ba","url":"https:\/\/tuzlainfo.ba\/","logo":{"@type":"ImageObject","inLanguage":"bs-BA","@id":"https:\/\/tuzlainfo.ba\/#\/schema\/logo\/image\/","url":"https:\/\/tuzlainfo.ba\/wp-content\/uploads\/2021\/03\/logo-ver-3-1.png","contentUrl":"https:\/\/tuzlainfo.ba\/wp-content\/uploads\/2021\/03\/logo-ver-3-1.png","width":350,"height":95,"caption":"TuzlaInfo.ba"},"image":{"@id":"https:\/\/tuzlainfo.ba\/#\/schema\/logo\/image\/"},"sameAs":["https:\/\/www.facebook.com\/tuzlainfo.ba\/"]},{"@type":"Person","@id":"https:\/\/tuzlainfo.ba\/#\/schema\/person\/46cad4c57790cbc50781edd14870825a","name":"Tuzla Info","image":{"@type":"ImageObject","inLanguage":"bs-BA","@id":"https:\/\/tuzlainfo.ba\/#\/schema\/person\/image\/","url":"https:\/\/tuzlainfo.ba\/wp-content\/litespeed\/avatar\/b6c453a6c38e3654f2e4416c643fc25c.jpg?ver=1777051911","contentUrl":"https:\/\/tuzlainfo.ba\/wp-content\/litespeed\/avatar\/b6c453a6c38e3654f2e4416c643fc25c.jpg?ver=1777051911","caption":"Tuzla Info"}}]}},"_links":{"self":[{"href":"https:\/\/tuzlainfo.ba\/index.php\/wp-json\/wp\/v2\/posts\/230382"}],"collection":[{"href":"https:\/\/tuzlainfo.ba\/index.php\/wp-json\/wp\/v2\/posts"}],"about":[{"href":"https:\/\/tuzlainfo.ba\/index.php\/wp-json\/wp\/v2\/types\/post"}],"author":[{"embeddable":true,"href":"https:\/\/tuzlainfo.ba\/index.php\/wp-json\/wp\/v2\/users\/4"}],"replies":[{"embeddable":true,"href":"https:\/\/tuzlainfo.ba\/index.php\/wp-json\/wp\/v2\/comments?post=230382"}],"version-history":[{"count":1,"href":"https:\/\/tuzlainfo.ba\/index.php\/wp-json\/wp\/v2\/posts\/230382\/revisions"}],"predecessor-version":[{"id":230383,"href":"https:\/\/tuzlainfo.ba\/index.php\/wp-json\/wp\/v2\/posts\/230382\/revisions\/230383"}],"wp:featuredmedia":[{"embeddable":true,"href":"https:\/\/tuzlainfo.ba\/index.php\/wp-json\/wp\/v2\/media\/230065"}],"wp:attachment":[{"href":"https:\/\/tuzlainfo.ba\/index.php\/wp-json\/wp\/v2\/media?parent=230382"}],"wp:term":[{"taxonomy":"category","embeddable":true,"href":"https:\/\/tuzlainfo.ba\/index.php\/wp-json\/wp\/v2\/categories?post=230382"},{"taxonomy":"post_tag","embeddable":true,"href":"https:\/\/tuzlainfo.ba\/index.php\/wp-json\/wp\/v2\/tags?post=230382"}],"curies":[{"name":"wp","href":"https:\/\/api.w.org\/{rel}","templated":true}]}}