{"id":230219,"date":"2024-02-16T15:28:48","date_gmt":"2024-02-16T14:28:48","guid":{"rendered":"https:\/\/tuzlainfo.ba\/?p=230219"},"modified":"2024-02-16T11:41:33","modified_gmt":"2024-02-16T10:41:33","slug":"jos-nije-pronadjen-noz-kojim-je-ubijen-sasa-kulisic","status":"publish","type":"post","link":"https:\/\/tuzlainfo.ba\/index.php\/bosna-i-hercegovina\/item\/230219-jos-nije-pronadjen-noz-kojim-je-ubijen-sasa-kulisic\/","title":{"rendered":"Jo\u0161 nije prona\u0111en no\u017e kojim je ubijen Sa\u0161a Kuli\u0161i\u0107"},"content":{"rendered":"<p>No\u017e kojim je 31. januara ubijen Sa\u0161a Kuli\u0161i\u0107 (45) jo\u0161 uvijek nije prona\u0111en, potvrdio je Dragan Su\u0161i\u0107, na\u010delnik Sektora kriminalisti\u010dke policije Policijske uprave Doboj.<\/p>\n<p>\u201cPotraga za hladnim oru\u017ejem kojim je usmr\u0107en vr\u0161ena je na svim pravcima kretanja osumnji\u010denih\u201d, naveo je Su\u0161i\u0107.<\/p>\n<p>Dodaje da je, izme\u0111u ostalog, vr\u0161ena pretraga korita rijeke Spre\u010de, ali i druge lokacije kojima su se tokom izvr\u0161enja krivi\u010dnog djela kretali osumnji\u010deni.<\/p>\n<p>Na pitanje da li su osumnji\u010deni otkrili gdje su bacili no\u017e, on je odgovorio \u201cza sada nisu\u201d.<\/p>\n<p>Od ubistva <a href=\"https:\/\/n1info.ba\/tag\/sasa-kulisic\/\">Kuli\u0161i\u0107a<\/a> je pro\u0161lo 15 dana, a iako Dobojlije komentari\u0161u da je u ovom slu\u010daju zavladalo zati\u0161je.<\/p>\n<p>Slobodan Radinkovi\u0107, na\u010delnik Policijske uprave Doboj, navodi da rade punom parom.<\/p>\n<p>\u201cMi mo\u017eda sada imamo i vi\u0161e aktivnosti nego tada \u0161to smo imali, znaci vr\u0161imo konstantno vje\u0161ta\u010denja svih tragova koji su prona\u0111eni i u vozilima i u ku\u0107ama gdje smo vr\u0161ili pretrese. Evo, ima\u0107emo i neka vje\u0161ta\u010denja vozila jo\u0161 dodatno u Banjaluci gdje prevozimo vozila odavde iz Doboja. Tako\u0111e radili smo vje\u0161ta\u010denje i uzimanje uzoraka krvi, izvodili smo ih iz pritvorskih jedinica, tako da mi svakodnevno preduzimamo te aktivnosti da bi zadokumentovali to krivi\u010dno djelo\u201d, izjavio je Radinkovi\u0107, pi\u0161u Nezavisne.<\/p>\n","protected":false},"excerpt":{"rendered":"<p>No\u017e kojim je 31. januara ubijen Sa\u0161a Kuli\u0161i\u0107 (45) jo\u0161 uvijek nije prona\u0111en, potvrdio je&hellip;<\/p>\n","protected":false},"author":3,"featured_media":142397,"comment_status":"closed","ping_status":"closed","sticky":false,"template":"","format":"standard","meta":{"_acf_changed":false,"footnotes":""},"categories":[291],"tags":[9509],"acf":[],"yoast_head":"<!-- This site is optimized with the Yoast SEO plugin v23.5 - https:\/\/yoast.com\/wordpress\/plugins\/seo\/ -->\n<title>Jo\u0161 nije prona\u0111en no\u017e kojim je ubijen Sa\u0161a Kuli\u0161i\u0107 - TuzlaInfo.ba<\/title>\n<meta name=\"robots\" content=\"index, follow, max-snippet:-1, max-image-preview:large, max-video-preview:-1\" \/>\n<link rel=\"canonical\" href=\"https:\/\/tuzlainfo.ba\/index.php\/bosna-i-hercegovina\/item\/230219-jos-nije-pronadjen-noz-kojim-je-ubijen-sasa-kulisic\/\" \/>\n<meta property=\"og:locale\" content=\"bs_BA\" \/>\n<meta property=\"og:type\" content=\"article\" \/>\n<meta property=\"og:title\" content=\"Jo\u0161 nije prona\u0111en no\u017e kojim je ubijen Sa\u0161a Kuli\u0161i\u0107 - TuzlaInfo.ba\" \/>\n<meta property=\"og:description\" content=\"No\u017e kojim je 31. januara ubijen Sa\u0161a Kuli\u0161i\u0107 (45) jo\u0161 uvijek nije prona\u0111en, potvrdio je&hellip;\" \/>\n<meta property=\"og:url\" content=\"https:\/\/tuzlainfo.ba\/index.php\/bosna-i-hercegovina\/item\/230219-jos-nije-pronadjen-noz-kojim-je-ubijen-sasa-kulisic\/\" \/>\n<meta property=\"og:site_name\" content=\"TuzlaInfo.ba\" \/>\n<meta property=\"article:publisher\" content=\"https:\/\/www.facebook.com\/tuzlainfo.ba\/\" \/>\n<meta property=\"article:published_time\" content=\"2024-02-16T14:28:48+00:00\" \/>\n<meta property=\"article:modified_time\" content=\"2024-02-16T10:41:33+00:00\" \/>\n<meta property=\"og:image\" content=\"https:\/\/tuzlainfo.ba\/wp-content\/uploads\/2021\/07\/1907_stop-policija-traka-3.jpg\" \/>\n\t<meta property=\"og:image:width\" content=\"1024\" \/>\n\t<meta property=\"og:image:height\" content=\"686\" \/>\n\t<meta property=\"og:image:type\" content=\"image\/jpeg\" \/>\n<meta name=\"author\" content=\"admin2\" \/>\n<meta name=\"twitter:card\" content=\"summary_large_image\" \/>\n<meta name=\"twitter:label1\" content=\"Written by\" \/>\n\t<meta name=\"twitter:data1\" content=\"admin2\" \/>\n\t<meta name=\"twitter:label2\" content=\"Est. reading time\" \/>\n\t<meta name=\"twitter:data2\" content=\"2 minute\" \/>\n<script type=\"application\/ld+json\" class=\"yoast-schema-graph\">{\"@context\":\"https:\/\/schema.org\",\"@graph\":[{\"@type\":\"Article\",\"@id\":\"https:\/\/tuzlainfo.ba\/index.php\/bosna-i-hercegovina\/item\/230219-jos-nije-pronadjen-noz-kojim-je-ubijen-sasa-kulisic\/#article\",\"isPartOf\":{\"@id\":\"https:\/\/tuzlainfo.ba\/index.php\/bosna-i-hercegovina\/item\/230219-jos-nije-pronadjen-noz-kojim-je-ubijen-sasa-kulisic\/\"},\"author\":{\"name\":\"admin2\",\"@id\":\"https:\/\/tuzlainfo.ba\/#\/schema\/person\/f4ebe4fff27e68efb65fa7e18f8af372\"},\"headline\":\"Jo\u0161 nije prona\u0111en no\u017e kojim je ubijen Sa\u0161a Kuli\u0161i\u0107\",\"datePublished\":\"2024-02-16T14:28:48+00:00\",\"dateModified\":\"2024-02-16T10:41:33+00:00\",\"mainEntityOfPage\":{\"@id\":\"https:\/\/tuzlainfo.ba\/index.php\/bosna-i-hercegovina\/item\/230219-jos-nije-pronadjen-noz-kojim-je-ubijen-sasa-kulisic\/\"},\"wordCount\":239,\"publisher\":{\"@id\":\"https:\/\/tuzlainfo.ba\/#organization\"},\"image\":{\"@id\":\"https:\/\/tuzlainfo.ba\/index.php\/bosna-i-hercegovina\/item\/230219-jos-nije-pronadjen-noz-kojim-je-ubijen-sasa-kulisic\/#primaryimage\"},\"thumbnailUrl\":\"https:\/\/tuzlainfo.ba\/wp-content\/uploads\/2021\/07\/1907_stop-policija-traka-3.jpg\",\"keywords\":[\"sa\u0161a kuli\u0161i\u0107\"],\"articleSection\":[\"Bosna i Hercegovina\"],\"inLanguage\":\"bs-BA\"},{\"@type\":\"WebPage\",\"@id\":\"https:\/\/tuzlainfo.ba\/index.php\/bosna-i-hercegovina\/item\/230219-jos-nije-pronadjen-noz-kojim-je-ubijen-sasa-kulisic\/\",\"url\":\"https:\/\/tuzlainfo.ba\/index.php\/bosna-i-hercegovina\/item\/230219-jos-nije-pronadjen-noz-kojim-je-ubijen-sasa-kulisic\/\",\"name\":\"Jo\u0161 nije prona\u0111en no\u017e kojim je ubijen Sa\u0161a Kuli\u0161i\u0107 - TuzlaInfo.ba\",\"isPartOf\":{\"@id\":\"https:\/\/tuzlainfo.ba\/#website\"},\"primaryImageOfPage\":{\"@id\":\"https:\/\/tuzlainfo.ba\/index.php\/bosna-i-hercegovina\/item\/230219-jos-nije-pronadjen-noz-kojim-je-ubijen-sasa-kulisic\/#primaryimage\"},\"image\":{\"@id\":\"https:\/\/tuzlainfo.ba\/index.php\/bosna-i-hercegovina\/item\/230219-jos-nije-pronadjen-noz-kojim-je-ubijen-sasa-kulisic\/#primaryimage\"},\"thumbnailUrl\":\"https:\/\/tuzlainfo.ba\/wp-content\/uploads\/2021\/07\/1907_stop-policija-traka-3.jpg\",\"datePublished\":\"2024-02-16T14:28:48+00:00\",\"dateModified\":\"2024-02-16T10:41:33+00:00\",\"breadcrumb\":{\"@id\":\"https:\/\/tuzlainfo.ba\/index.php\/bosna-i-hercegovina\/item\/230219-jos-nije-pronadjen-noz-kojim-je-ubijen-sasa-kulisic\/#breadcrumb\"},\"inLanguage\":\"bs-BA\",\"potentialAction\":[{\"@type\":\"ReadAction\",\"target\":[\"https:\/\/tuzlainfo.ba\/index.php\/bosna-i-hercegovina\/item\/230219-jos-nije-pronadjen-noz-kojim-je-ubijen-sasa-kulisic\/\"]}]},{\"@type\":\"ImageObject\",\"inLanguage\":\"bs-BA\",\"@id\":\"https:\/\/tuzlainfo.ba\/index.php\/bosna-i-hercegovina\/item\/230219-jos-nije-pronadjen-noz-kojim-je-ubijen-sasa-kulisic\/#primaryimage\",\"url\":\"https:\/\/tuzlainfo.ba\/wp-content\/uploads\/2021\/07\/1907_stop-policija-traka-3.jpg\",\"contentUrl\":\"https:\/\/tuzlainfo.ba\/wp-content\/uploads\/2021\/07\/1907_stop-policija-traka-3.jpg\",\"width\":1024,\"height\":686},{\"@type\":\"BreadcrumbList\",\"@id\":\"https:\/\/tuzlainfo.ba\/index.php\/bosna-i-hercegovina\/item\/230219-jos-nije-pronadjen-noz-kojim-je-ubijen-sasa-kulisic\/#breadcrumb\",\"itemListElement\":[{\"@type\":\"ListItem\",\"position\":1,\"name\":\"Home\",\"item\":\"https:\/\/tuzlainfo.ba\/\"},{\"@type\":\"ListItem\",\"position\":2,\"name\":\"Jo\u0161 nije prona\u0111en no\u017e kojim je ubijen Sa\u0161a Kuli\u0161i\u0107\"}]},{\"@type\":\"WebSite\",\"@id\":\"https:\/\/tuzlainfo.ba\/#website\",\"url\":\"https:\/\/tuzlainfo.ba\/\",\"name\":\"TuzlaInfo.ba\",\"description\":\"Tuzla info, gradski informator - Tuzla na dlanu\",\"publisher\":{\"@id\":\"https:\/\/tuzlainfo.ba\/#organization\"},\"potentialAction\":[{\"@type\":\"SearchAction\",\"target\":{\"@type\":\"EntryPoint\",\"urlTemplate\":\"https:\/\/tuzlainfo.ba\/?s={search_term_string}\"},\"query-input\":{\"@type\":\"PropertyValueSpecification\",\"valueRequired\":true,\"valueName\":\"search_term_string\"}}],\"inLanguage\":\"bs-BA\"},{\"@type\":\"Organization\",\"@id\":\"https:\/\/tuzlainfo.ba\/#organization\",\"name\":\"TuzlaInfo.ba\",\"url\":\"https:\/\/tuzlainfo.ba\/\",\"logo\":{\"@type\":\"ImageObject\",\"inLanguage\":\"bs-BA\",\"@id\":\"https:\/\/tuzlainfo.ba\/#\/schema\/logo\/image\/\",\"url\":\"https:\/\/tuzlainfo.ba\/wp-content\/uploads\/2021\/03\/logo-ver-3-1.png\",\"contentUrl\":\"https:\/\/tuzlainfo.ba\/wp-content\/uploads\/2021\/03\/logo-ver-3-1.png\",\"width\":350,\"height\":95,\"caption\":\"TuzlaInfo.ba\"},\"image\":{\"@id\":\"https:\/\/tuzlainfo.ba\/#\/schema\/logo\/image\/\"},\"sameAs\":[\"https:\/\/www.facebook.com\/tuzlainfo.ba\/\"]},{\"@type\":\"Person\",\"@id\":\"https:\/\/tuzlainfo.ba\/#\/schema\/person\/f4ebe4fff27e68efb65fa7e18f8af372\",\"name\":\"admin2\",\"image\":{\"@type\":\"ImageObject\",\"inLanguage\":\"bs-BA\",\"@id\":\"https:\/\/tuzlainfo.ba\/#\/schema\/person\/image\/\",\"url\":\"https:\/\/tuzlainfo.ba\/wp-content\/litespeed\/avatar\/8219eeb9a43cff2d096e773737736f62.jpg?ver=1777309398\",\"contentUrl\":\"https:\/\/tuzlainfo.ba\/wp-content\/litespeed\/avatar\/8219eeb9a43cff2d096e773737736f62.jpg?ver=1777309398\",\"caption\":\"admin2\"},\"description\":\"Tuzlainfo.ba pratite na dru\u0161tvenim mre\u017eama: Facebook, Instagram i Youtube. Svoje pri\u010de, upite i fotografije \u0161aljite na na\u0161u e-mail adresu.\",\"sameAs\":[\"admin\"]}]}<\/script>\n<!-- \/ Yoast SEO plugin. -->","yoast_head_json":{"title":"Jo\u0161 nije prona\u0111en no\u017e kojim je ubijen Sa\u0161a Kuli\u0161i\u0107 - TuzlaInfo.ba","robots":{"index":"index","follow":"follow","max-snippet":"max-snippet:-1","max-image-preview":"max-image-preview:large","max-video-preview":"max-video-preview:-1"},"canonical":"https:\/\/tuzlainfo.ba\/index.php\/bosna-i-hercegovina\/item\/230219-jos-nije-pronadjen-noz-kojim-je-ubijen-sasa-kulisic\/","og_locale":"bs_BA","og_type":"article","og_title":"Jo\u0161 nije prona\u0111en no\u017e kojim je ubijen Sa\u0161a Kuli\u0161i\u0107 - TuzlaInfo.ba","og_description":"No\u017e kojim je 31. januara ubijen Sa\u0161a Kuli\u0161i\u0107 (45) jo\u0161 uvijek nije prona\u0111en, potvrdio je&hellip;","og_url":"https:\/\/tuzlainfo.ba\/index.php\/bosna-i-hercegovina\/item\/230219-jos-nije-pronadjen-noz-kojim-je-ubijen-sasa-kulisic\/","og_site_name":"TuzlaInfo.ba","article_publisher":"https:\/\/www.facebook.com\/tuzlainfo.ba\/","article_published_time":"2024-02-16T14:28:48+00:00","article_modified_time":"2024-02-16T10:41:33+00:00","og_image":[{"width":1024,"height":686,"url":"https:\/\/tuzlainfo.ba\/wp-content\/uploads\/2021\/07\/1907_stop-policija-traka-3.jpg","type":"image\/jpeg"}],"author":"admin2","twitter_card":"summary_large_image","twitter_misc":{"Written by":"admin2","Est. reading time":"2 minute"},"schema":{"@context":"https:\/\/schema.org","@graph":[{"@type":"Article","@id":"https:\/\/tuzlainfo.ba\/index.php\/bosna-i-hercegovina\/item\/230219-jos-nije-pronadjen-noz-kojim-je-ubijen-sasa-kulisic\/#article","isPartOf":{"@id":"https:\/\/tuzlainfo.ba\/index.php\/bosna-i-hercegovina\/item\/230219-jos-nije-pronadjen-noz-kojim-je-ubijen-sasa-kulisic\/"},"author":{"name":"admin2","@id":"https:\/\/tuzlainfo.ba\/#\/schema\/person\/f4ebe4fff27e68efb65fa7e18f8af372"},"headline":"Jo\u0161 nije prona\u0111en no\u017e kojim je ubijen Sa\u0161a Kuli\u0161i\u0107","datePublished":"2024-02-16T14:28:48+00:00","dateModified":"2024-02-16T10:41:33+00:00","mainEntityOfPage":{"@id":"https:\/\/tuzlainfo.ba\/index.php\/bosna-i-hercegovina\/item\/230219-jos-nije-pronadjen-noz-kojim-je-ubijen-sasa-kulisic\/"},"wordCount":239,"publisher":{"@id":"https:\/\/tuzlainfo.ba\/#organization"},"image":{"@id":"https:\/\/tuzlainfo.ba\/index.php\/bosna-i-hercegovina\/item\/230219-jos-nije-pronadjen-noz-kojim-je-ubijen-sasa-kulisic\/#primaryimage"},"thumbnailUrl":"https:\/\/tuzlainfo.ba\/wp-content\/uploads\/2021\/07\/1907_stop-policija-traka-3.jpg","keywords":["sa\u0161a kuli\u0161i\u0107"],"articleSection":["Bosna i Hercegovina"],"inLanguage":"bs-BA"},{"@type":"WebPage","@id":"https:\/\/tuzlainfo.ba\/index.php\/bosna-i-hercegovina\/item\/230219-jos-nije-pronadjen-noz-kojim-je-ubijen-sasa-kulisic\/","url":"https:\/\/tuzlainfo.ba\/index.php\/bosna-i-hercegovina\/item\/230219-jos-nije-pronadjen-noz-kojim-je-ubijen-sasa-kulisic\/","name":"Jo\u0161 nije prona\u0111en no\u017e kojim je ubijen Sa\u0161a Kuli\u0161i\u0107 - TuzlaInfo.ba","isPartOf":{"@id":"https:\/\/tuzlainfo.ba\/#website"},"primaryImageOfPage":{"@id":"https:\/\/tuzlainfo.ba\/index.php\/bosna-i-hercegovina\/item\/230219-jos-nije-pronadjen-noz-kojim-je-ubijen-sasa-kulisic\/#primaryimage"},"image":{"@id":"https:\/\/tuzlainfo.ba\/index.php\/bosna-i-hercegovina\/item\/230219-jos-nije-pronadjen-noz-kojim-je-ubijen-sasa-kulisic\/#primaryimage"},"thumbnailUrl":"https:\/\/tuzlainfo.ba\/wp-content\/uploads\/2021\/07\/1907_stop-policija-traka-3.jpg","datePublished":"2024-02-16T14:28:48+00:00","dateModified":"2024-02-16T10:41:33+00:00","breadcrumb":{"@id":"https:\/\/tuzlainfo.ba\/index.php\/bosna-i-hercegovina\/item\/230219-jos-nije-pronadjen-noz-kojim-je-ubijen-sasa-kulisic\/#breadcrumb"},"inLanguage":"bs-BA","potentialAction":[{"@type":"ReadAction","target":["https:\/\/tuzlainfo.ba\/index.php\/bosna-i-hercegovina\/item\/230219-jos-nije-pronadjen-noz-kojim-je-ubijen-sasa-kulisic\/"]}]},{"@type":"ImageObject","inLanguage":"bs-BA","@id":"https:\/\/tuzlainfo.ba\/index.php\/bosna-i-hercegovina\/item\/230219-jos-nije-pronadjen-noz-kojim-je-ubijen-sasa-kulisic\/#primaryimage","url":"https:\/\/tuzlainfo.ba\/wp-content\/uploads\/2021\/07\/1907_stop-policija-traka-3.jpg","contentUrl":"https:\/\/tuzlainfo.ba\/wp-content\/uploads\/2021\/07\/1907_stop-policija-traka-3.jpg","width":1024,"height":686},{"@type":"BreadcrumbList","@id":"https:\/\/tuzlainfo.ba\/index.php\/bosna-i-hercegovina\/item\/230219-jos-nije-pronadjen-noz-kojim-je-ubijen-sasa-kulisic\/#breadcrumb","itemListElement":[{"@type":"ListItem","position":1,"name":"Home","item":"https:\/\/tuzlainfo.ba\/"},{"@type":"ListItem","position":2,"name":"Jo\u0161 nije prona\u0111en no\u017e kojim je ubijen Sa\u0161a Kuli\u0161i\u0107"}]},{"@type":"WebSite","@id":"https:\/\/tuzlainfo.ba\/#website","url":"https:\/\/tuzlainfo.ba\/","name":"TuzlaInfo.ba","description":"Tuzla info, gradski informator - Tuzla na dlanu","publisher":{"@id":"https:\/\/tuzlainfo.ba\/#organization"},"potentialAction":[{"@type":"SearchAction","target":{"@type":"EntryPoint","urlTemplate":"https:\/\/tuzlainfo.ba\/?s={search_term_string}"},"query-input":{"@type":"PropertyValueSpecification","valueRequired":true,"valueName":"search_term_string"}}],"inLanguage":"bs-BA"},{"@type":"Organization","@id":"https:\/\/tuzlainfo.ba\/#organization","name":"TuzlaInfo.ba","url":"https:\/\/tuzlainfo.ba\/","logo":{"@type":"ImageObject","inLanguage":"bs-BA","@id":"https:\/\/tuzlainfo.ba\/#\/schema\/logo\/image\/","url":"https:\/\/tuzlainfo.ba\/wp-content\/uploads\/2021\/03\/logo-ver-3-1.png","contentUrl":"https:\/\/tuzlainfo.ba\/wp-content\/uploads\/2021\/03\/logo-ver-3-1.png","width":350,"height":95,"caption":"TuzlaInfo.ba"},"image":{"@id":"https:\/\/tuzlainfo.ba\/#\/schema\/logo\/image\/"},"sameAs":["https:\/\/www.facebook.com\/tuzlainfo.ba\/"]},{"@type":"Person","@id":"https:\/\/tuzlainfo.ba\/#\/schema\/person\/f4ebe4fff27e68efb65fa7e18f8af372","name":"admin2","image":{"@type":"ImageObject","inLanguage":"bs-BA","@id":"https:\/\/tuzlainfo.ba\/#\/schema\/person\/image\/","url":"https:\/\/tuzlainfo.ba\/wp-content\/litespeed\/avatar\/8219eeb9a43cff2d096e773737736f62.jpg?ver=1777309398","contentUrl":"https:\/\/tuzlainfo.ba\/wp-content\/litespeed\/avatar\/8219eeb9a43cff2d096e773737736f62.jpg?ver=1777309398","caption":"admin2"},"description":"Tuzlainfo.ba pratite na dru\u0161tvenim mre\u017eama: Facebook, Instagram i Youtube. Svoje pri\u010de, upite i fotografije \u0161aljite na na\u0161u e-mail adresu.","sameAs":["admin"]}]}},"_links":{"self":[{"href":"https:\/\/tuzlainfo.ba\/index.php\/wp-json\/wp\/v2\/posts\/230219"}],"collection":[{"href":"https:\/\/tuzlainfo.ba\/index.php\/wp-json\/wp\/v2\/posts"}],"about":[{"href":"https:\/\/tuzlainfo.ba\/index.php\/wp-json\/wp\/v2\/types\/post"}],"author":[{"embeddable":true,"href":"https:\/\/tuzlainfo.ba\/index.php\/wp-json\/wp\/v2\/users\/3"}],"replies":[{"embeddable":true,"href":"https:\/\/tuzlainfo.ba\/index.php\/wp-json\/wp\/v2\/comments?post=230219"}],"version-history":[{"count":1,"href":"https:\/\/tuzlainfo.ba\/index.php\/wp-json\/wp\/v2\/posts\/230219\/revisions"}],"predecessor-version":[{"id":230220,"href":"https:\/\/tuzlainfo.ba\/index.php\/wp-json\/wp\/v2\/posts\/230219\/revisions\/230220"}],"wp:featuredmedia":[{"embeddable":true,"href":"https:\/\/tuzlainfo.ba\/index.php\/wp-json\/wp\/v2\/media\/142397"}],"wp:attachment":[{"href":"https:\/\/tuzlainfo.ba\/index.php\/wp-json\/wp\/v2\/media?parent=230219"}],"wp:term":[{"taxonomy":"category","embeddable":true,"href":"https:\/\/tuzlainfo.ba\/index.php\/wp-json\/wp\/v2\/categories?post=230219"},{"taxonomy":"post_tag","embeddable":true,"href":"https:\/\/tuzlainfo.ba\/index.php\/wp-json\/wp\/v2\/tags?post=230219"}],"curies":[{"name":"wp","href":"https:\/\/api.w.org\/{rel}","templated":true}]}}