{"id":230213,"date":"2024-02-16T11:28:09","date_gmt":"2024-02-16T10:28:09","guid":{"rendered":"https:\/\/tuzlainfo.ba\/?p=230213"},"modified":"2024-02-16T11:28:09","modified_gmt":"2024-02-16T10:28:09","slug":"jednoglasno-donesena-odluka-dom-naroda-usvojio-kljucni-evropski-zakon","status":"publish","type":"post","link":"https:\/\/tuzlainfo.ba\/index.php\/bosna-i-hercegovina\/item\/230213-jednoglasno-donesena-odluka-dom-naroda-usvojio-kljucni-evropski-zakon\/","title":{"rendered":"Jednoglasno donesena odluka: Dom naroda usvojio klju\u010dni Evropski zakon"},"content":{"rendered":"<p>Na hitnoj sjednici Doma naroda Parlamentarne skup\u0161tine Bosne i Hercegovine jednoglasno je prihva\u0107en prijedlog Zakona o sprje\u010davanju pranja novca i finansiranja teroristi\u010dkih aktivnosti.<\/p>\n<p>Radi se o prijedlogu zakona\u00a0koji je uskla\u0111en s odgovaraju\u0107im direktivama i uredbama Evropske unije u toj oblasti.<\/p>\n<p>Usvajanjem tog zakona s oznakom &#8216;EI&#8217; Bosna i Hercegovina \u017eeli pobolj\u0161ati kapacitete za efikasniju borbu protiv pranja novca i finansiranja terorizma u korist poslovne zajednice i gra\u0111ana BiH.<\/p>\n<p>Prijedlog zakona o sprje\u010davanju pranja novca i financiranja teroristi\u010dkih aktivnosti jedan je od 14 klju\u010dnih prioriteta iz Mi\u0161ljenja Europske komisije, a njegovim usvajanjem Vije\u0107e ministara BiH u o\u010dekivanju dobivanja datuma za otvaranje pregovora \u0161alje sna\u017enu poruku Evropskom vije\u0107u koje raspravlja o politici pro\u0161irenja EU-a.<\/p>\n<p>Novi zakon harmonizira sistem sprje\u010davanja pranja novca i finansiranja terorizma u BiH sa standardima FATF-a i Moneyvala iz zadnjeg kruga evaluacije.<\/p>\n<p>Delegacija Komiteta eksperata za procjenu mjera protiv pranja novca i finansiranja terorizma (MONEYVAL) boravi u BiH radi procjene da li je zemlja postigla zadovoljavaju\u0107i nivo standarda u oblasti sprje\u010davanja pranja novca i finansiranja terorizma.<\/p>\n","protected":false},"excerpt":{"rendered":"<p>Na hitnoj sjednici Doma naroda Parlamentarne skup\u0161tine Bosne i Hercegovine jednoglasno je prihva\u0107en prijedlog Zakona&hellip;<\/p>\n","protected":false},"author":3,"featured_media":197511,"comment_status":"closed","ping_status":"closed","sticky":false,"template":"","format":"standard","meta":{"_acf_changed":false,"footnotes":""},"categories":[291],"tags":[883],"acf":[],"yoast_head":"<!-- This site is optimized with the Yoast SEO plugin v23.5 - https:\/\/yoast.com\/wordpress\/plugins\/seo\/ -->\n<title>Jednoglasno donesena odluka: Dom naroda usvojio klju\u010dni Evropski zakon - TuzlaInfo.ba<\/title>\n<meta name=\"robots\" content=\"index, follow, max-snippet:-1, max-image-preview:large, max-video-preview:-1\" \/>\n<link rel=\"canonical\" href=\"https:\/\/tuzlainfo.ba\/index.php\/bosna-i-hercegovina\/item\/230213-jednoglasno-donesena-odluka-dom-naroda-usvojio-kljucni-evropski-zakon\/\" \/>\n<meta property=\"og:locale\" content=\"bs_BA\" \/>\n<meta property=\"og:type\" content=\"article\" \/>\n<meta property=\"og:title\" content=\"Jednoglasno donesena odluka: Dom naroda usvojio klju\u010dni Evropski zakon - TuzlaInfo.ba\" \/>\n<meta property=\"og:description\" content=\"Na hitnoj sjednici Doma naroda Parlamentarne skup\u0161tine Bosne i Hercegovine jednoglasno je prihva\u0107en prijedlog Zakona&hellip;\" \/>\n<meta property=\"og:url\" content=\"https:\/\/tuzlainfo.ba\/index.php\/bosna-i-hercegovina\/item\/230213-jednoglasno-donesena-odluka-dom-naroda-usvojio-kljucni-evropski-zakon\/\" \/>\n<meta property=\"og:site_name\" content=\"TuzlaInfo.ba\" \/>\n<meta property=\"article:publisher\" content=\"https:\/\/www.facebook.com\/tuzlainfo.ba\/\" \/>\n<meta property=\"article:published_time\" content=\"2024-02-16T10:28:09+00:00\" \/>\n<meta property=\"og:image\" content=\"https:\/\/tuzlainfo.ba\/wp-content\/uploads\/2023\/02\/1602_parlamentfbih_domnaroda.jpg\" \/>\n\t<meta property=\"og:image:width\" content=\"1000\" \/>\n\t<meta property=\"og:image:height\" content=\"666\" \/>\n\t<meta property=\"og:image:type\" content=\"image\/jpeg\" \/>\n<meta name=\"author\" content=\"admin2\" \/>\n<meta name=\"twitter:card\" content=\"summary_large_image\" \/>\n<meta name=\"twitter:label1\" content=\"Written by\" \/>\n\t<meta name=\"twitter:data1\" content=\"admin2\" \/>\n\t<meta name=\"twitter:label2\" content=\"Est. reading time\" \/>\n\t<meta name=\"twitter:data2\" content=\"1 minuta\" \/>\n<script type=\"application\/ld+json\" class=\"yoast-schema-graph\">{\"@context\":\"https:\/\/schema.org\",\"@graph\":[{\"@type\":\"Article\",\"@id\":\"https:\/\/tuzlainfo.ba\/index.php\/bosna-i-hercegovina\/item\/230213-jednoglasno-donesena-odluka-dom-naroda-usvojio-kljucni-evropski-zakon\/#article\",\"isPartOf\":{\"@id\":\"https:\/\/tuzlainfo.ba\/index.php\/bosna-i-hercegovina\/item\/230213-jednoglasno-donesena-odluka-dom-naroda-usvojio-kljucni-evropski-zakon\/\"},\"author\":{\"name\":\"admin2\",\"@id\":\"https:\/\/tuzlainfo.ba\/#\/schema\/person\/f4ebe4fff27e68efb65fa7e18f8af372\"},\"headline\":\"Jednoglasno donesena odluka: Dom naroda usvojio klju\u010dni Evropski zakon\",\"datePublished\":\"2024-02-16T10:28:09+00:00\",\"dateModified\":\"2024-02-16T10:28:09+00:00\",\"mainEntityOfPage\":{\"@id\":\"https:\/\/tuzlainfo.ba\/index.php\/bosna-i-hercegovina\/item\/230213-jednoglasno-donesena-odluka-dom-naroda-usvojio-kljucni-evropski-zakon\/\"},\"wordCount\":197,\"publisher\":{\"@id\":\"https:\/\/tuzlainfo.ba\/#organization\"},\"image\":{\"@id\":\"https:\/\/tuzlainfo.ba\/index.php\/bosna-i-hercegovina\/item\/230213-jednoglasno-donesena-odluka-dom-naroda-usvojio-kljucni-evropski-zakon\/#primaryimage\"},\"thumbnailUrl\":\"https:\/\/tuzlainfo.ba\/wp-content\/uploads\/2023\/02\/1602_parlamentfbih_domnaroda.jpg\",\"keywords\":[\"dom naroda\"],\"articleSection\":[\"Bosna i Hercegovina\"],\"inLanguage\":\"bs-BA\"},{\"@type\":\"WebPage\",\"@id\":\"https:\/\/tuzlainfo.ba\/index.php\/bosna-i-hercegovina\/item\/230213-jednoglasno-donesena-odluka-dom-naroda-usvojio-kljucni-evropski-zakon\/\",\"url\":\"https:\/\/tuzlainfo.ba\/index.php\/bosna-i-hercegovina\/item\/230213-jednoglasno-donesena-odluka-dom-naroda-usvojio-kljucni-evropski-zakon\/\",\"name\":\"Jednoglasno donesena odluka: Dom naroda usvojio klju\u010dni Evropski zakon - TuzlaInfo.ba\",\"isPartOf\":{\"@id\":\"https:\/\/tuzlainfo.ba\/#website\"},\"primaryImageOfPage\":{\"@id\":\"https:\/\/tuzlainfo.ba\/index.php\/bosna-i-hercegovina\/item\/230213-jednoglasno-donesena-odluka-dom-naroda-usvojio-kljucni-evropski-zakon\/#primaryimage\"},\"image\":{\"@id\":\"https:\/\/tuzlainfo.ba\/index.php\/bosna-i-hercegovina\/item\/230213-jednoglasno-donesena-odluka-dom-naroda-usvojio-kljucni-evropski-zakon\/#primaryimage\"},\"thumbnailUrl\":\"https:\/\/tuzlainfo.ba\/wp-content\/uploads\/2023\/02\/1602_parlamentfbih_domnaroda.jpg\",\"datePublished\":\"2024-02-16T10:28:09+00:00\",\"dateModified\":\"2024-02-16T10:28:09+00:00\",\"breadcrumb\":{\"@id\":\"https:\/\/tuzlainfo.ba\/index.php\/bosna-i-hercegovina\/item\/230213-jednoglasno-donesena-odluka-dom-naroda-usvojio-kljucni-evropski-zakon\/#breadcrumb\"},\"inLanguage\":\"bs-BA\",\"potentialAction\":[{\"@type\":\"ReadAction\",\"target\":[\"https:\/\/tuzlainfo.ba\/index.php\/bosna-i-hercegovina\/item\/230213-jednoglasno-donesena-odluka-dom-naroda-usvojio-kljucni-evropski-zakon\/\"]}]},{\"@type\":\"ImageObject\",\"inLanguage\":\"bs-BA\",\"@id\":\"https:\/\/tuzlainfo.ba\/index.php\/bosna-i-hercegovina\/item\/230213-jednoglasno-donesena-odluka-dom-naroda-usvojio-kljucni-evropski-zakon\/#primaryimage\",\"url\":\"https:\/\/tuzlainfo.ba\/wp-content\/uploads\/2023\/02\/1602_parlamentfbih_domnaroda.jpg\",\"contentUrl\":\"https:\/\/tuzlainfo.ba\/wp-content\/uploads\/2023\/02\/1602_parlamentfbih_domnaroda.jpg\",\"width\":1000,\"height\":666},{\"@type\":\"BreadcrumbList\",\"@id\":\"https:\/\/tuzlainfo.ba\/index.php\/bosna-i-hercegovina\/item\/230213-jednoglasno-donesena-odluka-dom-naroda-usvojio-kljucni-evropski-zakon\/#breadcrumb\",\"itemListElement\":[{\"@type\":\"ListItem\",\"position\":1,\"name\":\"Home\",\"item\":\"https:\/\/tuzlainfo.ba\/\"},{\"@type\":\"ListItem\",\"position\":2,\"name\":\"Jednoglasno donesena odluka: Dom naroda usvojio klju\u010dni Evropski zakon\"}]},{\"@type\":\"WebSite\",\"@id\":\"https:\/\/tuzlainfo.ba\/#website\",\"url\":\"https:\/\/tuzlainfo.ba\/\",\"name\":\"TuzlaInfo.ba\",\"description\":\"Tuzla info, gradski informator - Tuzla na dlanu\",\"publisher\":{\"@id\":\"https:\/\/tuzlainfo.ba\/#organization\"},\"potentialAction\":[{\"@type\":\"SearchAction\",\"target\":{\"@type\":\"EntryPoint\",\"urlTemplate\":\"https:\/\/tuzlainfo.ba\/?s={search_term_string}\"},\"query-input\":{\"@type\":\"PropertyValueSpecification\",\"valueRequired\":true,\"valueName\":\"search_term_string\"}}],\"inLanguage\":\"bs-BA\"},{\"@type\":\"Organization\",\"@id\":\"https:\/\/tuzlainfo.ba\/#organization\",\"name\":\"TuzlaInfo.ba\",\"url\":\"https:\/\/tuzlainfo.ba\/\",\"logo\":{\"@type\":\"ImageObject\",\"inLanguage\":\"bs-BA\",\"@id\":\"https:\/\/tuzlainfo.ba\/#\/schema\/logo\/image\/\",\"url\":\"https:\/\/tuzlainfo.ba\/wp-content\/uploads\/2021\/03\/logo-ver-3-1.png\",\"contentUrl\":\"https:\/\/tuzlainfo.ba\/wp-content\/uploads\/2021\/03\/logo-ver-3-1.png\",\"width\":350,\"height\":95,\"caption\":\"TuzlaInfo.ba\"},\"image\":{\"@id\":\"https:\/\/tuzlainfo.ba\/#\/schema\/logo\/image\/\"},\"sameAs\":[\"https:\/\/www.facebook.com\/tuzlainfo.ba\/\"]},{\"@type\":\"Person\",\"@id\":\"https:\/\/tuzlainfo.ba\/#\/schema\/person\/f4ebe4fff27e68efb65fa7e18f8af372\",\"name\":\"admin2\",\"image\":{\"@type\":\"ImageObject\",\"inLanguage\":\"bs-BA\",\"@id\":\"https:\/\/tuzlainfo.ba\/#\/schema\/person\/image\/\",\"url\":\"https:\/\/tuzlainfo.ba\/wp-content\/litespeed\/avatar\/8219eeb9a43cff2d096e773737736f62.jpg?ver=1776704580\",\"contentUrl\":\"https:\/\/tuzlainfo.ba\/wp-content\/litespeed\/avatar\/8219eeb9a43cff2d096e773737736f62.jpg?ver=1776704580\",\"caption\":\"admin2\"},\"description\":\"Tuzlainfo.ba pratite na dru\u0161tvenim mre\u017eama: Facebook, Instagram i Youtube. Svoje pri\u010de, upite i fotografije \u0161aljite na na\u0161u e-mail adresu.\",\"sameAs\":[\"admin\"]}]}<\/script>\n<!-- \/ Yoast SEO plugin. -->","yoast_head_json":{"title":"Jednoglasno donesena odluka: Dom naroda usvojio klju\u010dni Evropski zakon - TuzlaInfo.ba","robots":{"index":"index","follow":"follow","max-snippet":"max-snippet:-1","max-image-preview":"max-image-preview:large","max-video-preview":"max-video-preview:-1"},"canonical":"https:\/\/tuzlainfo.ba\/index.php\/bosna-i-hercegovina\/item\/230213-jednoglasno-donesena-odluka-dom-naroda-usvojio-kljucni-evropski-zakon\/","og_locale":"bs_BA","og_type":"article","og_title":"Jednoglasno donesena odluka: Dom naroda usvojio klju\u010dni Evropski zakon - TuzlaInfo.ba","og_description":"Na hitnoj sjednici Doma naroda Parlamentarne skup\u0161tine Bosne i Hercegovine jednoglasno je prihva\u0107en prijedlog Zakona&hellip;","og_url":"https:\/\/tuzlainfo.ba\/index.php\/bosna-i-hercegovina\/item\/230213-jednoglasno-donesena-odluka-dom-naroda-usvojio-kljucni-evropski-zakon\/","og_site_name":"TuzlaInfo.ba","article_publisher":"https:\/\/www.facebook.com\/tuzlainfo.ba\/","article_published_time":"2024-02-16T10:28:09+00:00","og_image":[{"width":1000,"height":666,"url":"https:\/\/tuzlainfo.ba\/wp-content\/uploads\/2023\/02\/1602_parlamentfbih_domnaroda.jpg","type":"image\/jpeg"}],"author":"admin2","twitter_card":"summary_large_image","twitter_misc":{"Written by":"admin2","Est. reading time":"1 minuta"},"schema":{"@context":"https:\/\/schema.org","@graph":[{"@type":"Article","@id":"https:\/\/tuzlainfo.ba\/index.php\/bosna-i-hercegovina\/item\/230213-jednoglasno-donesena-odluka-dom-naroda-usvojio-kljucni-evropski-zakon\/#article","isPartOf":{"@id":"https:\/\/tuzlainfo.ba\/index.php\/bosna-i-hercegovina\/item\/230213-jednoglasno-donesena-odluka-dom-naroda-usvojio-kljucni-evropski-zakon\/"},"author":{"name":"admin2","@id":"https:\/\/tuzlainfo.ba\/#\/schema\/person\/f4ebe4fff27e68efb65fa7e18f8af372"},"headline":"Jednoglasno donesena odluka: Dom naroda usvojio klju\u010dni Evropski zakon","datePublished":"2024-02-16T10:28:09+00:00","dateModified":"2024-02-16T10:28:09+00:00","mainEntityOfPage":{"@id":"https:\/\/tuzlainfo.ba\/index.php\/bosna-i-hercegovina\/item\/230213-jednoglasno-donesena-odluka-dom-naroda-usvojio-kljucni-evropski-zakon\/"},"wordCount":197,"publisher":{"@id":"https:\/\/tuzlainfo.ba\/#organization"},"image":{"@id":"https:\/\/tuzlainfo.ba\/index.php\/bosna-i-hercegovina\/item\/230213-jednoglasno-donesena-odluka-dom-naroda-usvojio-kljucni-evropski-zakon\/#primaryimage"},"thumbnailUrl":"https:\/\/tuzlainfo.ba\/wp-content\/uploads\/2023\/02\/1602_parlamentfbih_domnaroda.jpg","keywords":["dom naroda"],"articleSection":["Bosna i Hercegovina"],"inLanguage":"bs-BA"},{"@type":"WebPage","@id":"https:\/\/tuzlainfo.ba\/index.php\/bosna-i-hercegovina\/item\/230213-jednoglasno-donesena-odluka-dom-naroda-usvojio-kljucni-evropski-zakon\/","url":"https:\/\/tuzlainfo.ba\/index.php\/bosna-i-hercegovina\/item\/230213-jednoglasno-donesena-odluka-dom-naroda-usvojio-kljucni-evropski-zakon\/","name":"Jednoglasno donesena odluka: Dom naroda usvojio klju\u010dni Evropski zakon - TuzlaInfo.ba","isPartOf":{"@id":"https:\/\/tuzlainfo.ba\/#website"},"primaryImageOfPage":{"@id":"https:\/\/tuzlainfo.ba\/index.php\/bosna-i-hercegovina\/item\/230213-jednoglasno-donesena-odluka-dom-naroda-usvojio-kljucni-evropski-zakon\/#primaryimage"},"image":{"@id":"https:\/\/tuzlainfo.ba\/index.php\/bosna-i-hercegovina\/item\/230213-jednoglasno-donesena-odluka-dom-naroda-usvojio-kljucni-evropski-zakon\/#primaryimage"},"thumbnailUrl":"https:\/\/tuzlainfo.ba\/wp-content\/uploads\/2023\/02\/1602_parlamentfbih_domnaroda.jpg","datePublished":"2024-02-16T10:28:09+00:00","dateModified":"2024-02-16T10:28:09+00:00","breadcrumb":{"@id":"https:\/\/tuzlainfo.ba\/index.php\/bosna-i-hercegovina\/item\/230213-jednoglasno-donesena-odluka-dom-naroda-usvojio-kljucni-evropski-zakon\/#breadcrumb"},"inLanguage":"bs-BA","potentialAction":[{"@type":"ReadAction","target":["https:\/\/tuzlainfo.ba\/index.php\/bosna-i-hercegovina\/item\/230213-jednoglasno-donesena-odluka-dom-naroda-usvojio-kljucni-evropski-zakon\/"]}]},{"@type":"ImageObject","inLanguage":"bs-BA","@id":"https:\/\/tuzlainfo.ba\/index.php\/bosna-i-hercegovina\/item\/230213-jednoglasno-donesena-odluka-dom-naroda-usvojio-kljucni-evropski-zakon\/#primaryimage","url":"https:\/\/tuzlainfo.ba\/wp-content\/uploads\/2023\/02\/1602_parlamentfbih_domnaroda.jpg","contentUrl":"https:\/\/tuzlainfo.ba\/wp-content\/uploads\/2023\/02\/1602_parlamentfbih_domnaroda.jpg","width":1000,"height":666},{"@type":"BreadcrumbList","@id":"https:\/\/tuzlainfo.ba\/index.php\/bosna-i-hercegovina\/item\/230213-jednoglasno-donesena-odluka-dom-naroda-usvojio-kljucni-evropski-zakon\/#breadcrumb","itemListElement":[{"@type":"ListItem","position":1,"name":"Home","item":"https:\/\/tuzlainfo.ba\/"},{"@type":"ListItem","position":2,"name":"Jednoglasno donesena odluka: Dom naroda usvojio klju\u010dni Evropski zakon"}]},{"@type":"WebSite","@id":"https:\/\/tuzlainfo.ba\/#website","url":"https:\/\/tuzlainfo.ba\/","name":"TuzlaInfo.ba","description":"Tuzla info, gradski informator - Tuzla na dlanu","publisher":{"@id":"https:\/\/tuzlainfo.ba\/#organization"},"potentialAction":[{"@type":"SearchAction","target":{"@type":"EntryPoint","urlTemplate":"https:\/\/tuzlainfo.ba\/?s={search_term_string}"},"query-input":{"@type":"PropertyValueSpecification","valueRequired":true,"valueName":"search_term_string"}}],"inLanguage":"bs-BA"},{"@type":"Organization","@id":"https:\/\/tuzlainfo.ba\/#organization","name":"TuzlaInfo.ba","url":"https:\/\/tuzlainfo.ba\/","logo":{"@type":"ImageObject","inLanguage":"bs-BA","@id":"https:\/\/tuzlainfo.ba\/#\/schema\/logo\/image\/","url":"https:\/\/tuzlainfo.ba\/wp-content\/uploads\/2021\/03\/logo-ver-3-1.png","contentUrl":"https:\/\/tuzlainfo.ba\/wp-content\/uploads\/2021\/03\/logo-ver-3-1.png","width":350,"height":95,"caption":"TuzlaInfo.ba"},"image":{"@id":"https:\/\/tuzlainfo.ba\/#\/schema\/logo\/image\/"},"sameAs":["https:\/\/www.facebook.com\/tuzlainfo.ba\/"]},{"@type":"Person","@id":"https:\/\/tuzlainfo.ba\/#\/schema\/person\/f4ebe4fff27e68efb65fa7e18f8af372","name":"admin2","image":{"@type":"ImageObject","inLanguage":"bs-BA","@id":"https:\/\/tuzlainfo.ba\/#\/schema\/person\/image\/","url":"https:\/\/tuzlainfo.ba\/wp-content\/litespeed\/avatar\/8219eeb9a43cff2d096e773737736f62.jpg?ver=1776704580","contentUrl":"https:\/\/tuzlainfo.ba\/wp-content\/litespeed\/avatar\/8219eeb9a43cff2d096e773737736f62.jpg?ver=1776704580","caption":"admin2"},"description":"Tuzlainfo.ba pratite na dru\u0161tvenim mre\u017eama: Facebook, Instagram i Youtube. Svoje pri\u010de, upite i fotografije \u0161aljite na na\u0161u e-mail adresu.","sameAs":["admin"]}]}},"_links":{"self":[{"href":"https:\/\/tuzlainfo.ba\/index.php\/wp-json\/wp\/v2\/posts\/230213"}],"collection":[{"href":"https:\/\/tuzlainfo.ba\/index.php\/wp-json\/wp\/v2\/posts"}],"about":[{"href":"https:\/\/tuzlainfo.ba\/index.php\/wp-json\/wp\/v2\/types\/post"}],"author":[{"embeddable":true,"href":"https:\/\/tuzlainfo.ba\/index.php\/wp-json\/wp\/v2\/users\/3"}],"replies":[{"embeddable":true,"href":"https:\/\/tuzlainfo.ba\/index.php\/wp-json\/wp\/v2\/comments?post=230213"}],"version-history":[{"count":1,"href":"https:\/\/tuzlainfo.ba\/index.php\/wp-json\/wp\/v2\/posts\/230213\/revisions"}],"predecessor-version":[{"id":230214,"href":"https:\/\/tuzlainfo.ba\/index.php\/wp-json\/wp\/v2\/posts\/230213\/revisions\/230214"}],"wp:featuredmedia":[{"embeddable":true,"href":"https:\/\/tuzlainfo.ba\/index.php\/wp-json\/wp\/v2\/media\/197511"}],"wp:attachment":[{"href":"https:\/\/tuzlainfo.ba\/index.php\/wp-json\/wp\/v2\/media?parent=230213"}],"wp:term":[{"taxonomy":"category","embeddable":true,"href":"https:\/\/tuzlainfo.ba\/index.php\/wp-json\/wp\/v2\/categories?post=230213"},{"taxonomy":"post_tag","embeddable":true,"href":"https:\/\/tuzlainfo.ba\/index.php\/wp-json\/wp\/v2\/tags?post=230213"}],"curies":[{"name":"wp","href":"https:\/\/api.w.org\/{rel}","templated":true}]}}