{"id":230193,"date":"2024-02-16T09:05:26","date_gmt":"2024-02-16T08:05:26","guid":{"rendered":"https:\/\/tuzlainfo.ba\/?p=230193"},"modified":"2024-02-16T07:55:57","modified_gmt":"2024-02-16T06:55:57","slug":"veceras-u-bkc-tk-izbor-najbolje-sportske-fotografije-bih-tomislav-trojak","status":"publish","type":"post","link":"https:\/\/tuzlainfo.ba\/index.php\/istaknuto\/item\/230193-veceras-u-bkc-tk-izbor-najbolje-sportske-fotografije-bih-tomislav-trojak\/","title":{"rendered":"Ve\u010deras u BKC TK Izbor najbolje sportske fotografije BiH \u201eTomislav Trojak\u201c"},"content":{"rendered":"<p>Ve\u010deras \u0107e u Bosanskom kulturnom centru TK u Tuzli sa po\u010detkom u 18 sati biti odr\u017eana tradicionalna manifestacija Izbor najbolje sportske fotografije Bosne i Hercegovine \u201eTomislav Trojak\u201c.<\/p>\n<p>Izbor nosi naziv po doajenu sportske fotografije Tomislavu Trojaku i rije\u010d je o jedinstvenoj manifestaciji ne samo u Bosni i Hercegovini nego i zemljama regije.<\/p>\n<p>Na ovogodi\u0161nji konkurs prijavila su se 22 autora sa 44 fotografije, a dio izlo\u017ebe bit \u0107e i fotografije Hasana Brati\u0107a sa utrka Formule 1, koje nisu u zvani\u010dnoj konkurenciji.<\/p>\n<p>Stru\u010dni \u017eiri \u0107e odabrati prvoplasiranu, drugoplasiranu i tre\u0107eplasiranu fotografiju, a autorima \u0107e pored diploma biti uru\u010dene i nov\u010dane nagrade koje obezbje\u0111uje Ministarstvo za kulturu, sport i mlade TK.<\/p>\n","protected":false},"excerpt":{"rendered":"<p>Ve\u010deras \u0107e u Bosanskom kulturnom centru TK u Tuzli sa po\u010detkom u 18 sati biti&hellip;<\/p>\n","protected":false},"author":4,"featured_media":162129,"comment_status":"closed","ping_status":"closed","sticky":false,"template":"","format":"standard","meta":{"_acf_changed":false,"footnotes":""},"categories":[304,11],"tags":[524,9611,3674,42],"acf":[],"yoast_head":"<!-- This site is optimized with the Yoast SEO plugin v23.5 - https:\/\/yoast.com\/wordpress\/plugins\/seo\/ -->\n<title>Ve\u010deras u BKC TK Izbor najbolje sportske fotografije BiH \u201eTomislav Trojak\u201c - TuzlaInfo.ba<\/title>\n<meta name=\"robots\" content=\"index, follow, max-snippet:-1, max-image-preview:large, max-video-preview:-1\" \/>\n<link rel=\"canonical\" href=\"https:\/\/tuzlainfo.ba\/index.php\/istaknuto\/item\/230193-veceras-u-bkc-tk-izbor-najbolje-sportske-fotografije-bih-tomislav-trojak\/\" \/>\n<meta property=\"og:locale\" content=\"bs_BA\" \/>\n<meta property=\"og:type\" content=\"article\" \/>\n<meta property=\"og:title\" content=\"Ve\u010deras u BKC TK Izbor najbolje sportske fotografije BiH \u201eTomislav Trojak\u201c - TuzlaInfo.ba\" \/>\n<meta property=\"og:description\" content=\"Ve\u010deras \u0107e u Bosanskom kulturnom centru TK u Tuzli sa po\u010detkom u 18 sati biti&hellip;\" \/>\n<meta property=\"og:url\" content=\"https:\/\/tuzlainfo.ba\/index.php\/istaknuto\/item\/230193-veceras-u-bkc-tk-izbor-najbolje-sportske-fotografije-bih-tomislav-trojak\/\" \/>\n<meta property=\"og:site_name\" content=\"TuzlaInfo.ba\" \/>\n<meta property=\"article:publisher\" content=\"https:\/\/www.facebook.com\/tuzlainfo.ba\/\" \/>\n<meta property=\"article:published_time\" content=\"2024-02-16T08:05:26+00:00\" \/>\n<meta property=\"article:modified_time\" content=\"2024-02-16T06:55:57+00:00\" \/>\n<meta property=\"og:image\" content=\"https:\/\/tuzlainfo.ba\/wp-content\/uploads\/2022\/01\/2601_tomislav-trojak.png\" \/>\n\t<meta property=\"og:image:width\" content=\"1280\" \/>\n\t<meta property=\"og:image:height\" content=\"720\" \/>\n\t<meta property=\"og:image:type\" content=\"image\/png\" \/>\n<meta name=\"author\" content=\"Tuzla Info\" \/>\n<meta name=\"twitter:card\" content=\"summary_large_image\" \/>\n<meta name=\"twitter:label1\" content=\"Written by\" \/>\n\t<meta name=\"twitter:data1\" content=\"Tuzla Info\" \/>\n\t<meta name=\"twitter:label2\" content=\"Est. reading time\" \/>\n\t<meta name=\"twitter:data2\" content=\"1 minuta\" \/>\n<script type=\"application\/ld+json\" class=\"yoast-schema-graph\">{\"@context\":\"https:\/\/schema.org\",\"@graph\":[{\"@type\":\"Article\",\"@id\":\"https:\/\/tuzlainfo.ba\/index.php\/istaknuto\/item\/230193-veceras-u-bkc-tk-izbor-najbolje-sportske-fotografije-bih-tomislav-trojak\/#article\",\"isPartOf\":{\"@id\":\"https:\/\/tuzlainfo.ba\/index.php\/istaknuto\/item\/230193-veceras-u-bkc-tk-izbor-najbolje-sportske-fotografije-bih-tomislav-trojak\/\"},\"author\":{\"name\":\"Tuzla Info\",\"@id\":\"https:\/\/tuzlainfo.ba\/#\/schema\/person\/46cad4c57790cbc50781edd14870825a\"},\"headline\":\"Ve\u010deras u BKC TK Izbor najbolje sportske fotografije BiH \u201eTomislav Trojak\u201c\",\"datePublished\":\"2024-02-16T08:05:26+00:00\",\"dateModified\":\"2024-02-16T06:55:57+00:00\",\"mainEntityOfPage\":{\"@id\":\"https:\/\/tuzlainfo.ba\/index.php\/istaknuto\/item\/230193-veceras-u-bkc-tk-izbor-najbolje-sportske-fotografije-bih-tomislav-trojak\/\"},\"wordCount\":129,\"publisher\":{\"@id\":\"https:\/\/tuzlainfo.ba\/#organization\"},\"image\":{\"@id\":\"https:\/\/tuzlainfo.ba\/index.php\/istaknuto\/item\/230193-veceras-u-bkc-tk-izbor-najbolje-sportske-fotografije-bih-tomislav-trojak\/#primaryimage\"},\"thumbnailUrl\":\"https:\/\/tuzlainfo.ba\/wp-content\/uploads\/2022\/01\/2601_tomislav-trojak.png\",\"keywords\":[\"bkc tk\",\"izbor najbolje sportske fotografije\",\"tomislav trojak\",\"tuzla\"],\"articleSection\":[\"Istaknuto\",\"Najave i doga\u0111aji\"],\"inLanguage\":\"bs-BA\"},{\"@type\":\"WebPage\",\"@id\":\"https:\/\/tuzlainfo.ba\/index.php\/istaknuto\/item\/230193-veceras-u-bkc-tk-izbor-najbolje-sportske-fotografije-bih-tomislav-trojak\/\",\"url\":\"https:\/\/tuzlainfo.ba\/index.php\/istaknuto\/item\/230193-veceras-u-bkc-tk-izbor-najbolje-sportske-fotografije-bih-tomislav-trojak\/\",\"name\":\"Ve\u010deras u BKC TK Izbor najbolje sportske fotografije BiH \u201eTomislav Trojak\u201c - TuzlaInfo.ba\",\"isPartOf\":{\"@id\":\"https:\/\/tuzlainfo.ba\/#website\"},\"primaryImageOfPage\":{\"@id\":\"https:\/\/tuzlainfo.ba\/index.php\/istaknuto\/item\/230193-veceras-u-bkc-tk-izbor-najbolje-sportske-fotografije-bih-tomislav-trojak\/#primaryimage\"},\"image\":{\"@id\":\"https:\/\/tuzlainfo.ba\/index.php\/istaknuto\/item\/230193-veceras-u-bkc-tk-izbor-najbolje-sportske-fotografije-bih-tomislav-trojak\/#primaryimage\"},\"thumbnailUrl\":\"https:\/\/tuzlainfo.ba\/wp-content\/uploads\/2022\/01\/2601_tomislav-trojak.png\",\"datePublished\":\"2024-02-16T08:05:26+00:00\",\"dateModified\":\"2024-02-16T06:55:57+00:00\",\"breadcrumb\":{\"@id\":\"https:\/\/tuzlainfo.ba\/index.php\/istaknuto\/item\/230193-veceras-u-bkc-tk-izbor-najbolje-sportske-fotografije-bih-tomislav-trojak\/#breadcrumb\"},\"inLanguage\":\"bs-BA\",\"potentialAction\":[{\"@type\":\"ReadAction\",\"target\":[\"https:\/\/tuzlainfo.ba\/index.php\/istaknuto\/item\/230193-veceras-u-bkc-tk-izbor-najbolje-sportske-fotografije-bih-tomislav-trojak\/\"]}]},{\"@type\":\"ImageObject\",\"inLanguage\":\"bs-BA\",\"@id\":\"https:\/\/tuzlainfo.ba\/index.php\/istaknuto\/item\/230193-veceras-u-bkc-tk-izbor-najbolje-sportske-fotografije-bih-tomislav-trojak\/#primaryimage\",\"url\":\"https:\/\/tuzlainfo.ba\/wp-content\/uploads\/2022\/01\/2601_tomislav-trojak.png\",\"contentUrl\":\"https:\/\/tuzlainfo.ba\/wp-content\/uploads\/2022\/01\/2601_tomislav-trojak.png\",\"width\":1280,\"height\":720},{\"@type\":\"BreadcrumbList\",\"@id\":\"https:\/\/tuzlainfo.ba\/index.php\/istaknuto\/item\/230193-veceras-u-bkc-tk-izbor-najbolje-sportske-fotografije-bih-tomislav-trojak\/#breadcrumb\",\"itemListElement\":[{\"@type\":\"ListItem\",\"position\":1,\"name\":\"Home\",\"item\":\"https:\/\/tuzlainfo.ba\/\"},{\"@type\":\"ListItem\",\"position\":2,\"name\":\"Ve\u010deras u BKC TK Izbor najbolje sportske fotografije BiH \u201eTomislav Trojak\u201c\"}]},{\"@type\":\"WebSite\",\"@id\":\"https:\/\/tuzlainfo.ba\/#website\",\"url\":\"https:\/\/tuzlainfo.ba\/\",\"name\":\"TuzlaInfo.ba\",\"description\":\"Tuzla info, gradski informator - Tuzla na dlanu\",\"publisher\":{\"@id\":\"https:\/\/tuzlainfo.ba\/#organization\"},\"potentialAction\":[{\"@type\":\"SearchAction\",\"target\":{\"@type\":\"EntryPoint\",\"urlTemplate\":\"https:\/\/tuzlainfo.ba\/?s={search_term_string}\"},\"query-input\":{\"@type\":\"PropertyValueSpecification\",\"valueRequired\":true,\"valueName\":\"search_term_string\"}}],\"inLanguage\":\"bs-BA\"},{\"@type\":\"Organization\",\"@id\":\"https:\/\/tuzlainfo.ba\/#organization\",\"name\":\"TuzlaInfo.ba\",\"url\":\"https:\/\/tuzlainfo.ba\/\",\"logo\":{\"@type\":\"ImageObject\",\"inLanguage\":\"bs-BA\",\"@id\":\"https:\/\/tuzlainfo.ba\/#\/schema\/logo\/image\/\",\"url\":\"https:\/\/tuzlainfo.ba\/wp-content\/uploads\/2021\/03\/logo-ver-3-1.png\",\"contentUrl\":\"https:\/\/tuzlainfo.ba\/wp-content\/uploads\/2021\/03\/logo-ver-3-1.png\",\"width\":350,\"height\":95,\"caption\":\"TuzlaInfo.ba\"},\"image\":{\"@id\":\"https:\/\/tuzlainfo.ba\/#\/schema\/logo\/image\/\"},\"sameAs\":[\"https:\/\/www.facebook.com\/tuzlainfo.ba\/\"]},{\"@type\":\"Person\",\"@id\":\"https:\/\/tuzlainfo.ba\/#\/schema\/person\/46cad4c57790cbc50781edd14870825a\",\"name\":\"Tuzla Info\",\"image\":{\"@type\":\"ImageObject\",\"inLanguage\":\"bs-BA\",\"@id\":\"https:\/\/tuzlainfo.ba\/#\/schema\/person\/image\/\",\"url\":\"https:\/\/tuzlainfo.ba\/wp-content\/litespeed\/avatar\/b6c453a6c38e3654f2e4416c643fc25c.jpg?ver=1777051911\",\"contentUrl\":\"https:\/\/tuzlainfo.ba\/wp-content\/litespeed\/avatar\/b6c453a6c38e3654f2e4416c643fc25c.jpg?ver=1777051911\",\"caption\":\"Tuzla Info\"}}]}<\/script>\n<!-- \/ Yoast SEO plugin. -->","yoast_head_json":{"title":"Ve\u010deras u BKC TK Izbor najbolje sportske fotografije BiH \u201eTomislav Trojak\u201c - TuzlaInfo.ba","robots":{"index":"index","follow":"follow","max-snippet":"max-snippet:-1","max-image-preview":"max-image-preview:large","max-video-preview":"max-video-preview:-1"},"canonical":"https:\/\/tuzlainfo.ba\/index.php\/istaknuto\/item\/230193-veceras-u-bkc-tk-izbor-najbolje-sportske-fotografije-bih-tomislav-trojak\/","og_locale":"bs_BA","og_type":"article","og_title":"Ve\u010deras u BKC TK Izbor najbolje sportske fotografije BiH \u201eTomislav Trojak\u201c - TuzlaInfo.ba","og_description":"Ve\u010deras \u0107e u Bosanskom kulturnom centru TK u Tuzli sa po\u010detkom u 18 sati biti&hellip;","og_url":"https:\/\/tuzlainfo.ba\/index.php\/istaknuto\/item\/230193-veceras-u-bkc-tk-izbor-najbolje-sportske-fotografije-bih-tomislav-trojak\/","og_site_name":"TuzlaInfo.ba","article_publisher":"https:\/\/www.facebook.com\/tuzlainfo.ba\/","article_published_time":"2024-02-16T08:05:26+00:00","article_modified_time":"2024-02-16T06:55:57+00:00","og_image":[{"width":1280,"height":720,"url":"https:\/\/tuzlainfo.ba\/wp-content\/uploads\/2022\/01\/2601_tomislav-trojak.png","type":"image\/png"}],"author":"Tuzla Info","twitter_card":"summary_large_image","twitter_misc":{"Written by":"Tuzla Info","Est. reading time":"1 minuta"},"schema":{"@context":"https:\/\/schema.org","@graph":[{"@type":"Article","@id":"https:\/\/tuzlainfo.ba\/index.php\/istaknuto\/item\/230193-veceras-u-bkc-tk-izbor-najbolje-sportske-fotografije-bih-tomislav-trojak\/#article","isPartOf":{"@id":"https:\/\/tuzlainfo.ba\/index.php\/istaknuto\/item\/230193-veceras-u-bkc-tk-izbor-najbolje-sportske-fotografije-bih-tomislav-trojak\/"},"author":{"name":"Tuzla Info","@id":"https:\/\/tuzlainfo.ba\/#\/schema\/person\/46cad4c57790cbc50781edd14870825a"},"headline":"Ve\u010deras u BKC TK Izbor najbolje sportske fotografije BiH \u201eTomislav Trojak\u201c","datePublished":"2024-02-16T08:05:26+00:00","dateModified":"2024-02-16T06:55:57+00:00","mainEntityOfPage":{"@id":"https:\/\/tuzlainfo.ba\/index.php\/istaknuto\/item\/230193-veceras-u-bkc-tk-izbor-najbolje-sportske-fotografije-bih-tomislav-trojak\/"},"wordCount":129,"publisher":{"@id":"https:\/\/tuzlainfo.ba\/#organization"},"image":{"@id":"https:\/\/tuzlainfo.ba\/index.php\/istaknuto\/item\/230193-veceras-u-bkc-tk-izbor-najbolje-sportske-fotografije-bih-tomislav-trojak\/#primaryimage"},"thumbnailUrl":"https:\/\/tuzlainfo.ba\/wp-content\/uploads\/2022\/01\/2601_tomislav-trojak.png","keywords":["bkc tk","izbor najbolje sportske fotografije","tomislav trojak","tuzla"],"articleSection":["Istaknuto","Najave i doga\u0111aji"],"inLanguage":"bs-BA"},{"@type":"WebPage","@id":"https:\/\/tuzlainfo.ba\/index.php\/istaknuto\/item\/230193-veceras-u-bkc-tk-izbor-najbolje-sportske-fotografije-bih-tomislav-trojak\/","url":"https:\/\/tuzlainfo.ba\/index.php\/istaknuto\/item\/230193-veceras-u-bkc-tk-izbor-najbolje-sportske-fotografije-bih-tomislav-trojak\/","name":"Ve\u010deras u BKC TK Izbor najbolje sportske fotografije BiH \u201eTomislav Trojak\u201c - TuzlaInfo.ba","isPartOf":{"@id":"https:\/\/tuzlainfo.ba\/#website"},"primaryImageOfPage":{"@id":"https:\/\/tuzlainfo.ba\/index.php\/istaknuto\/item\/230193-veceras-u-bkc-tk-izbor-najbolje-sportske-fotografije-bih-tomislav-trojak\/#primaryimage"},"image":{"@id":"https:\/\/tuzlainfo.ba\/index.php\/istaknuto\/item\/230193-veceras-u-bkc-tk-izbor-najbolje-sportske-fotografije-bih-tomislav-trojak\/#primaryimage"},"thumbnailUrl":"https:\/\/tuzlainfo.ba\/wp-content\/uploads\/2022\/01\/2601_tomislav-trojak.png","datePublished":"2024-02-16T08:05:26+00:00","dateModified":"2024-02-16T06:55:57+00:00","breadcrumb":{"@id":"https:\/\/tuzlainfo.ba\/index.php\/istaknuto\/item\/230193-veceras-u-bkc-tk-izbor-najbolje-sportske-fotografije-bih-tomislav-trojak\/#breadcrumb"},"inLanguage":"bs-BA","potentialAction":[{"@type":"ReadAction","target":["https:\/\/tuzlainfo.ba\/index.php\/istaknuto\/item\/230193-veceras-u-bkc-tk-izbor-najbolje-sportske-fotografije-bih-tomislav-trojak\/"]}]},{"@type":"ImageObject","inLanguage":"bs-BA","@id":"https:\/\/tuzlainfo.ba\/index.php\/istaknuto\/item\/230193-veceras-u-bkc-tk-izbor-najbolje-sportske-fotografije-bih-tomislav-trojak\/#primaryimage","url":"https:\/\/tuzlainfo.ba\/wp-content\/uploads\/2022\/01\/2601_tomislav-trojak.png","contentUrl":"https:\/\/tuzlainfo.ba\/wp-content\/uploads\/2022\/01\/2601_tomislav-trojak.png","width":1280,"height":720},{"@type":"BreadcrumbList","@id":"https:\/\/tuzlainfo.ba\/index.php\/istaknuto\/item\/230193-veceras-u-bkc-tk-izbor-najbolje-sportske-fotografije-bih-tomislav-trojak\/#breadcrumb","itemListElement":[{"@type":"ListItem","position":1,"name":"Home","item":"https:\/\/tuzlainfo.ba\/"},{"@type":"ListItem","position":2,"name":"Ve\u010deras u BKC TK Izbor najbolje sportske fotografije BiH \u201eTomislav Trojak\u201c"}]},{"@type":"WebSite","@id":"https:\/\/tuzlainfo.ba\/#website","url":"https:\/\/tuzlainfo.ba\/","name":"TuzlaInfo.ba","description":"Tuzla info, gradski informator - Tuzla na dlanu","publisher":{"@id":"https:\/\/tuzlainfo.ba\/#organization"},"potentialAction":[{"@type":"SearchAction","target":{"@type":"EntryPoint","urlTemplate":"https:\/\/tuzlainfo.ba\/?s={search_term_string}"},"query-input":{"@type":"PropertyValueSpecification","valueRequired":true,"valueName":"search_term_string"}}],"inLanguage":"bs-BA"},{"@type":"Organization","@id":"https:\/\/tuzlainfo.ba\/#organization","name":"TuzlaInfo.ba","url":"https:\/\/tuzlainfo.ba\/","logo":{"@type":"ImageObject","inLanguage":"bs-BA","@id":"https:\/\/tuzlainfo.ba\/#\/schema\/logo\/image\/","url":"https:\/\/tuzlainfo.ba\/wp-content\/uploads\/2021\/03\/logo-ver-3-1.png","contentUrl":"https:\/\/tuzlainfo.ba\/wp-content\/uploads\/2021\/03\/logo-ver-3-1.png","width":350,"height":95,"caption":"TuzlaInfo.ba"},"image":{"@id":"https:\/\/tuzlainfo.ba\/#\/schema\/logo\/image\/"},"sameAs":["https:\/\/www.facebook.com\/tuzlainfo.ba\/"]},{"@type":"Person","@id":"https:\/\/tuzlainfo.ba\/#\/schema\/person\/46cad4c57790cbc50781edd14870825a","name":"Tuzla Info","image":{"@type":"ImageObject","inLanguage":"bs-BA","@id":"https:\/\/tuzlainfo.ba\/#\/schema\/person\/image\/","url":"https:\/\/tuzlainfo.ba\/wp-content\/litespeed\/avatar\/b6c453a6c38e3654f2e4416c643fc25c.jpg?ver=1777051911","contentUrl":"https:\/\/tuzlainfo.ba\/wp-content\/litespeed\/avatar\/b6c453a6c38e3654f2e4416c643fc25c.jpg?ver=1777051911","caption":"Tuzla Info"}}]}},"_links":{"self":[{"href":"https:\/\/tuzlainfo.ba\/index.php\/wp-json\/wp\/v2\/posts\/230193"}],"collection":[{"href":"https:\/\/tuzlainfo.ba\/index.php\/wp-json\/wp\/v2\/posts"}],"about":[{"href":"https:\/\/tuzlainfo.ba\/index.php\/wp-json\/wp\/v2\/types\/post"}],"author":[{"embeddable":true,"href":"https:\/\/tuzlainfo.ba\/index.php\/wp-json\/wp\/v2\/users\/4"}],"replies":[{"embeddable":true,"href":"https:\/\/tuzlainfo.ba\/index.php\/wp-json\/wp\/v2\/comments?post=230193"}],"version-history":[{"count":1,"href":"https:\/\/tuzlainfo.ba\/index.php\/wp-json\/wp\/v2\/posts\/230193\/revisions"}],"predecessor-version":[{"id":230194,"href":"https:\/\/tuzlainfo.ba\/index.php\/wp-json\/wp\/v2\/posts\/230193\/revisions\/230194"}],"wp:featuredmedia":[{"embeddable":true,"href":"https:\/\/tuzlainfo.ba\/index.php\/wp-json\/wp\/v2\/media\/162129"}],"wp:attachment":[{"href":"https:\/\/tuzlainfo.ba\/index.php\/wp-json\/wp\/v2\/media?parent=230193"}],"wp:term":[{"taxonomy":"category","embeddable":true,"href":"https:\/\/tuzlainfo.ba\/index.php\/wp-json\/wp\/v2\/categories?post=230193"},{"taxonomy":"post_tag","embeddable":true,"href":"https:\/\/tuzlainfo.ba\/index.php\/wp-json\/wp\/v2\/tags?post=230193"}],"curies":[{"name":"wp","href":"https:\/\/api.w.org\/{rel}","templated":true}]}}