{"id":230155,"date":"2024-02-15T18:09:05","date_gmt":"2024-02-15T17:09:05","guid":{"rendered":"https:\/\/tuzlainfo.ba\/?p=230155"},"modified":"2024-02-15T15:19:28","modified_gmt":"2024-02-15T14:19:28","slug":"od-iduce-sedmice-skuplje-cigarete-u-bih-objavljen-i-spisak-cijena","status":"publish","type":"post","link":"https:\/\/tuzlainfo.ba\/index.php\/bosna-i-hercegovina\/item\/230155-od-iduce-sedmice-skuplje-cigarete-u-bih-objavljen-i-spisak-cijena\/","title":{"rendered":"Od idu\u0107e sedmice skuplje cigarete u BiH, objavljen i spisak cijena"},"content":{"rendered":"<div id=\"excerpt\" class=\"mt-5 md:mt-0 xl:mt-0 mb-5 font-sans font-semibold text-lg lg:text-xl leading-6 md:leading-7\"><span class=\"lead pt-0\">Iz Uprave za indirektno oporezivanje (UIO) su potvrdili za Klix.ba da su im svi veliki proizvo\u0111a\u010di i distributeri cigareta dostavili nove maloprodajne cijene cigareta.<\/span><\/div>\n<div id=\"intext_container\" class=\"dark:bg-gray-700\"><\/div>\n<div id=\"text\" class=\"break-words mt-3 text-lg lg:text-xl space-y-4 mb-3 leading-6 md:leading-8 dark:text-gray-200\">\n<p>Ukazali su da se prvo poskupljenje o\u010dekuje od 19. februara i to se odnosi na cigarete koje na tr\u017ei\u0161te Bosne i Hercegovine plasira kompanija TDR Sarajevo.<\/p>\n<div>\n<div class=\"bg-gray-200 dark:bg-gray-700 -ml-3 -mr-3 md:mx-0 relative bg-opacity-50\">\n<div class=\"flex items-center\"><img decoding=\"async\" class=\"my-0 mx-auto max-h-300 lazyloaded\" src=\"https:\/\/static.klix.ba\/media\/images\/vijesti\/240215097.1_mn.jpg?v=2\" alt=\"Nove cijene cigareta koje proizvodi TDR\" data-src=\"https:\/\/static.klix.ba\/media\/images\/vijesti\/240215097.1_mn.jpg?v=2\" \/><\/div>\n<\/div>\n<p>Nove cijene cigareta koje proizvodi TDR<\/p><\/div>\n<p>Nakon toga, 1. marta poskupjet \u0107e i cigarete koje na tr\u017ei\u0161te plasira kompanija Philip Morris.<\/p>\n<div>\n<div class=\"bg-gray-200 dark:bg-gray-700 -ml-3 -mr-3 md:mx-0 relative bg-opacity-50\">\n<div class=\"flex items-center\"><img decoding=\"async\" class=\"my-0 mx-auto max-h-300 lazyloaded\" src=\"https:\/\/static.klix.ba\/media\/images\/vijesti\/240215097.2_mn.jpg?v=2\" alt=\"Nove cijene cigareta koje proizvodi Philip Morris\" data-src=\"https:\/\/static.klix.ba\/media\/images\/vijesti\/240215097.2_mn.jpg?v=2\" \/><\/div>\n<\/div>\n<p>Nove cijene cigareta koje proizvodi Philip Morris<\/p><\/div>\n<p>Cigarete koje na tr\u017ei\u0161te plasira kompanija Nelt poskupjeti od 14. marta.<\/p>\n<div>\n<div class=\"bg-gray-200 dark:bg-gray-700 -ml-3 -mr-3 md:mx-0 relative bg-opacity-50\">\n<div class=\"flex items-center\"><img decoding=\"async\" class=\"my-0 mx-auto max-h-300 lazyloaded\" src=\"https:\/\/static.klix.ba\/media\/images\/vijesti\/240215097.4_mn.jpg?v=2\" alt=\"Nove cijene cigareta koje uvozi kompanija Nelt\" data-src=\"https:\/\/static.klix.ba\/media\/images\/vijesti\/240215097.4_mn.jpg?v=2\" \/><\/div>\n<\/div>\n<p>Nove cijene cigareta koje uvozi kompanija Nelt<\/p><\/div>\n<\/div>\n<div class=\"dark:bg-gray-700 text-center py-0\"><\/div>\n<div class=\"lg:max-w-2xl lg:mx-auto mt-3 text-lg md:text-xl mb-3 leading-6 md:leading-8 dark:text-gray-200\">\n<p>Kako su naglasili u UIO, skoro sve vrste cigareta \u0107e poskupjeti za 0,20 KM po paklici cigareta.<\/p>\n<p>&#8220;Moramo ista\u0107i da je i u ovoj godini na snazi ostala akciza po paklici cigareta kao i u prethodnih pet godina. Naime, odlukom o utvr\u0111ivanju specifi\u010dne i minimalne akcize na cigarete, koju je usvojio Upravni odbor UIO, predvi\u0111eno je da se i u 2024. paklica cigareta oporezuje proporcionalnom akcizom u iznosu od 42 posto maloprodajne cijene cigareta i specifi\u010dnom akcizom u iznosu od 1,65 KM po paklici te pripadaju\u0107im PDV-om od 17 posto&#8221;, obrazlo\u017eili su u UIO.<\/p>\n<p>S obzirom na to da se u prethodnih pet godina nije mijenjala legislativa u smislu pove\u0107anja poreskog optere\u0107enja po paklici cigareta, za pretpostaviti je da su, kako su istakli, inflatorna kretanja razlog za rast cijena cigareta na tr\u017ei\u0161tu Bosne i Hercegovine.<\/p>\n<\/div>\n","protected":false},"excerpt":{"rendered":"<p>Iz Uprave za indirektno oporezivanje (UIO) su potvrdili za Klix.ba da su im svi veliki&hellip;<\/p>\n","protected":false},"author":4,"featured_media":70508,"comment_status":"closed","ping_status":"closed","sticky":false,"template":"","format":"standard","meta":{"_acf_changed":false,"footnotes":""},"categories":[291,304],"tags":[1927,1866],"acf":[],"yoast_head":"<!-- This site is optimized with the Yoast SEO plugin v23.5 - https:\/\/yoast.com\/wordpress\/plugins\/seo\/ -->\n<title>Od idu\u0107e sedmice skuplje cigarete u BiH, objavljen i spisak cijena - TuzlaInfo.ba<\/title>\n<meta name=\"robots\" content=\"index, follow, max-snippet:-1, max-image-preview:large, max-video-preview:-1\" \/>\n<link rel=\"canonical\" href=\"https:\/\/tuzlainfo.ba\/index.php\/bosna-i-hercegovina\/item\/230155-od-iduce-sedmice-skuplje-cigarete-u-bih-objavljen-i-spisak-cijena\/\" \/>\n<meta property=\"og:locale\" content=\"bs_BA\" \/>\n<meta property=\"og:type\" content=\"article\" \/>\n<meta property=\"og:title\" content=\"Od idu\u0107e sedmice skuplje cigarete u BiH, objavljen i spisak cijena - TuzlaInfo.ba\" \/>\n<meta property=\"og:description\" content=\"Iz Uprave za indirektno oporezivanje (UIO) su potvrdili za Klix.ba da su im svi veliki&hellip;\" \/>\n<meta property=\"og:url\" content=\"https:\/\/tuzlainfo.ba\/index.php\/bosna-i-hercegovina\/item\/230155-od-iduce-sedmice-skuplje-cigarete-u-bih-objavljen-i-spisak-cijena\/\" \/>\n<meta property=\"og:site_name\" content=\"TuzlaInfo.ba\" \/>\n<meta property=\"article:publisher\" content=\"https:\/\/www.facebook.com\/tuzlainfo.ba\/\" \/>\n<meta property=\"article:published_time\" content=\"2024-02-15T17:09:05+00:00\" \/>\n<meta property=\"article:modified_time\" content=\"2024-02-15T14:19:28+00:00\" \/>\n<meta property=\"og:image\" content=\"https:\/\/tuzlainfo.ba\/wp-content\/uploads\/2019\/05\/sadrzaj_2019_20190501_3105_cigareta.jpg\" \/>\n\t<meta property=\"og:image:width\" content=\"770\" \/>\n\t<meta property=\"og:image:height\" content=\"442\" \/>\n\t<meta property=\"og:image:type\" content=\"image\/jpeg\" \/>\n<meta name=\"author\" content=\"Tuzla Info\" \/>\n<meta name=\"twitter:card\" content=\"summary_large_image\" \/>\n<meta name=\"twitter:label1\" content=\"Written by\" \/>\n\t<meta name=\"twitter:data1\" content=\"Tuzla Info\" \/>\n\t<meta name=\"twitter:label2\" content=\"Est. reading time\" \/>\n\t<meta name=\"twitter:data2\" content=\"2 minute\" \/>\n<script type=\"application\/ld+json\" class=\"yoast-schema-graph\">{\"@context\":\"https:\/\/schema.org\",\"@graph\":[{\"@type\":\"Article\",\"@id\":\"https:\/\/tuzlainfo.ba\/index.php\/bosna-i-hercegovina\/item\/230155-od-iduce-sedmice-skuplje-cigarete-u-bih-objavljen-i-spisak-cijena\/#article\",\"isPartOf\":{\"@id\":\"https:\/\/tuzlainfo.ba\/index.php\/bosna-i-hercegovina\/item\/230155-od-iduce-sedmice-skuplje-cigarete-u-bih-objavljen-i-spisak-cijena\/\"},\"author\":{\"name\":\"Tuzla Info\",\"@id\":\"https:\/\/tuzlainfo.ba\/#\/schema\/person\/46cad4c57790cbc50781edd14870825a\"},\"headline\":\"Od idu\u0107e sedmice skuplje cigarete u BiH, objavljen i spisak cijena\",\"datePublished\":\"2024-02-15T17:09:05+00:00\",\"dateModified\":\"2024-02-15T14:19:28+00:00\",\"mainEntityOfPage\":{\"@id\":\"https:\/\/tuzlainfo.ba\/index.php\/bosna-i-hercegovina\/item\/230155-od-iduce-sedmice-skuplje-cigarete-u-bih-objavljen-i-spisak-cijena\/\"},\"wordCount\":256,\"publisher\":{\"@id\":\"https:\/\/tuzlainfo.ba\/#organization\"},\"image\":{\"@id\":\"https:\/\/tuzlainfo.ba\/index.php\/bosna-i-hercegovina\/item\/230155-od-iduce-sedmice-skuplje-cigarete-u-bih-objavljen-i-spisak-cijena\/#primaryimage\"},\"thumbnailUrl\":\"https:\/\/tuzlainfo.ba\/wp-content\/uploads\/2019\/05\/sadrzaj_2019_20190501_3105_cigareta.jpg\",\"keywords\":[\"cigarete\",\"poskupljenje\"],\"articleSection\":[\"Bosna i Hercegovina\",\"Istaknuto\"],\"inLanguage\":\"bs-BA\"},{\"@type\":\"WebPage\",\"@id\":\"https:\/\/tuzlainfo.ba\/index.php\/bosna-i-hercegovina\/item\/230155-od-iduce-sedmice-skuplje-cigarete-u-bih-objavljen-i-spisak-cijena\/\",\"url\":\"https:\/\/tuzlainfo.ba\/index.php\/bosna-i-hercegovina\/item\/230155-od-iduce-sedmice-skuplje-cigarete-u-bih-objavljen-i-spisak-cijena\/\",\"name\":\"Od idu\u0107e sedmice skuplje cigarete u BiH, objavljen i spisak cijena - TuzlaInfo.ba\",\"isPartOf\":{\"@id\":\"https:\/\/tuzlainfo.ba\/#website\"},\"primaryImageOfPage\":{\"@id\":\"https:\/\/tuzlainfo.ba\/index.php\/bosna-i-hercegovina\/item\/230155-od-iduce-sedmice-skuplje-cigarete-u-bih-objavljen-i-spisak-cijena\/#primaryimage\"},\"image\":{\"@id\":\"https:\/\/tuzlainfo.ba\/index.php\/bosna-i-hercegovina\/item\/230155-od-iduce-sedmice-skuplje-cigarete-u-bih-objavljen-i-spisak-cijena\/#primaryimage\"},\"thumbnailUrl\":\"https:\/\/tuzlainfo.ba\/wp-content\/uploads\/2019\/05\/sadrzaj_2019_20190501_3105_cigareta.jpg\",\"datePublished\":\"2024-02-15T17:09:05+00:00\",\"dateModified\":\"2024-02-15T14:19:28+00:00\",\"breadcrumb\":{\"@id\":\"https:\/\/tuzlainfo.ba\/index.php\/bosna-i-hercegovina\/item\/230155-od-iduce-sedmice-skuplje-cigarete-u-bih-objavljen-i-spisak-cijena\/#breadcrumb\"},\"inLanguage\":\"bs-BA\",\"potentialAction\":[{\"@type\":\"ReadAction\",\"target\":[\"https:\/\/tuzlainfo.ba\/index.php\/bosna-i-hercegovina\/item\/230155-od-iduce-sedmice-skuplje-cigarete-u-bih-objavljen-i-spisak-cijena\/\"]}]},{\"@type\":\"ImageObject\",\"inLanguage\":\"bs-BA\",\"@id\":\"https:\/\/tuzlainfo.ba\/index.php\/bosna-i-hercegovina\/item\/230155-od-iduce-sedmice-skuplje-cigarete-u-bih-objavljen-i-spisak-cijena\/#primaryimage\",\"url\":\"https:\/\/tuzlainfo.ba\/wp-content\/uploads\/2019\/05\/sadrzaj_2019_20190501_3105_cigareta.jpg\",\"contentUrl\":\"https:\/\/tuzlainfo.ba\/wp-content\/uploads\/2019\/05\/sadrzaj_2019_20190501_3105_cigareta.jpg\",\"width\":770,\"height\":442,\"caption\":\"3105 cigareta\"},{\"@type\":\"BreadcrumbList\",\"@id\":\"https:\/\/tuzlainfo.ba\/index.php\/bosna-i-hercegovina\/item\/230155-od-iduce-sedmice-skuplje-cigarete-u-bih-objavljen-i-spisak-cijena\/#breadcrumb\",\"itemListElement\":[{\"@type\":\"ListItem\",\"position\":1,\"name\":\"Home\",\"item\":\"https:\/\/tuzlainfo.ba\/\"},{\"@type\":\"ListItem\",\"position\":2,\"name\":\"Od idu\u0107e sedmice skuplje cigarete u BiH, objavljen i spisak cijena\"}]},{\"@type\":\"WebSite\",\"@id\":\"https:\/\/tuzlainfo.ba\/#website\",\"url\":\"https:\/\/tuzlainfo.ba\/\",\"name\":\"TuzlaInfo.ba\",\"description\":\"Tuzla info, gradski informator - Tuzla na dlanu\",\"publisher\":{\"@id\":\"https:\/\/tuzlainfo.ba\/#organization\"},\"potentialAction\":[{\"@type\":\"SearchAction\",\"target\":{\"@type\":\"EntryPoint\",\"urlTemplate\":\"https:\/\/tuzlainfo.ba\/?s={search_term_string}\"},\"query-input\":{\"@type\":\"PropertyValueSpecification\",\"valueRequired\":true,\"valueName\":\"search_term_string\"}}],\"inLanguage\":\"bs-BA\"},{\"@type\":\"Organization\",\"@id\":\"https:\/\/tuzlainfo.ba\/#organization\",\"name\":\"TuzlaInfo.ba\",\"url\":\"https:\/\/tuzlainfo.ba\/\",\"logo\":{\"@type\":\"ImageObject\",\"inLanguage\":\"bs-BA\",\"@id\":\"https:\/\/tuzlainfo.ba\/#\/schema\/logo\/image\/\",\"url\":\"https:\/\/tuzlainfo.ba\/wp-content\/uploads\/2021\/03\/logo-ver-3-1.png\",\"contentUrl\":\"https:\/\/tuzlainfo.ba\/wp-content\/uploads\/2021\/03\/logo-ver-3-1.png\",\"width\":350,\"height\":95,\"caption\":\"TuzlaInfo.ba\"},\"image\":{\"@id\":\"https:\/\/tuzlainfo.ba\/#\/schema\/logo\/image\/\"},\"sameAs\":[\"https:\/\/www.facebook.com\/tuzlainfo.ba\/\"]},{\"@type\":\"Person\",\"@id\":\"https:\/\/tuzlainfo.ba\/#\/schema\/person\/46cad4c57790cbc50781edd14870825a\",\"name\":\"Tuzla Info\",\"image\":{\"@type\":\"ImageObject\",\"inLanguage\":\"bs-BA\",\"@id\":\"https:\/\/tuzlainfo.ba\/#\/schema\/person\/image\/\",\"url\":\"https:\/\/tuzlainfo.ba\/wp-content\/litespeed\/avatar\/b6c453a6c38e3654f2e4416c643fc25c.jpg?ver=1777051911\",\"contentUrl\":\"https:\/\/tuzlainfo.ba\/wp-content\/litespeed\/avatar\/b6c453a6c38e3654f2e4416c643fc25c.jpg?ver=1777051911\",\"caption\":\"Tuzla Info\"}}]}<\/script>\n<!-- \/ Yoast SEO plugin. -->","yoast_head_json":{"title":"Od idu\u0107e sedmice skuplje cigarete u BiH, objavljen i spisak cijena - TuzlaInfo.ba","robots":{"index":"index","follow":"follow","max-snippet":"max-snippet:-1","max-image-preview":"max-image-preview:large","max-video-preview":"max-video-preview:-1"},"canonical":"https:\/\/tuzlainfo.ba\/index.php\/bosna-i-hercegovina\/item\/230155-od-iduce-sedmice-skuplje-cigarete-u-bih-objavljen-i-spisak-cijena\/","og_locale":"bs_BA","og_type":"article","og_title":"Od idu\u0107e sedmice skuplje cigarete u BiH, objavljen i spisak cijena - TuzlaInfo.ba","og_description":"Iz Uprave za indirektno oporezivanje (UIO) su potvrdili za Klix.ba da su im svi veliki&hellip;","og_url":"https:\/\/tuzlainfo.ba\/index.php\/bosna-i-hercegovina\/item\/230155-od-iduce-sedmice-skuplje-cigarete-u-bih-objavljen-i-spisak-cijena\/","og_site_name":"TuzlaInfo.ba","article_publisher":"https:\/\/www.facebook.com\/tuzlainfo.ba\/","article_published_time":"2024-02-15T17:09:05+00:00","article_modified_time":"2024-02-15T14:19:28+00:00","og_image":[{"width":770,"height":442,"url":"https:\/\/tuzlainfo.ba\/wp-content\/uploads\/2019\/05\/sadrzaj_2019_20190501_3105_cigareta.jpg","type":"image\/jpeg"}],"author":"Tuzla Info","twitter_card":"summary_large_image","twitter_misc":{"Written by":"Tuzla Info","Est. reading time":"2 minute"},"schema":{"@context":"https:\/\/schema.org","@graph":[{"@type":"Article","@id":"https:\/\/tuzlainfo.ba\/index.php\/bosna-i-hercegovina\/item\/230155-od-iduce-sedmice-skuplje-cigarete-u-bih-objavljen-i-spisak-cijena\/#article","isPartOf":{"@id":"https:\/\/tuzlainfo.ba\/index.php\/bosna-i-hercegovina\/item\/230155-od-iduce-sedmice-skuplje-cigarete-u-bih-objavljen-i-spisak-cijena\/"},"author":{"name":"Tuzla Info","@id":"https:\/\/tuzlainfo.ba\/#\/schema\/person\/46cad4c57790cbc50781edd14870825a"},"headline":"Od idu\u0107e sedmice skuplje cigarete u BiH, objavljen i spisak cijena","datePublished":"2024-02-15T17:09:05+00:00","dateModified":"2024-02-15T14:19:28+00:00","mainEntityOfPage":{"@id":"https:\/\/tuzlainfo.ba\/index.php\/bosna-i-hercegovina\/item\/230155-od-iduce-sedmice-skuplje-cigarete-u-bih-objavljen-i-spisak-cijena\/"},"wordCount":256,"publisher":{"@id":"https:\/\/tuzlainfo.ba\/#organization"},"image":{"@id":"https:\/\/tuzlainfo.ba\/index.php\/bosna-i-hercegovina\/item\/230155-od-iduce-sedmice-skuplje-cigarete-u-bih-objavljen-i-spisak-cijena\/#primaryimage"},"thumbnailUrl":"https:\/\/tuzlainfo.ba\/wp-content\/uploads\/2019\/05\/sadrzaj_2019_20190501_3105_cigareta.jpg","keywords":["cigarete","poskupljenje"],"articleSection":["Bosna i Hercegovina","Istaknuto"],"inLanguage":"bs-BA"},{"@type":"WebPage","@id":"https:\/\/tuzlainfo.ba\/index.php\/bosna-i-hercegovina\/item\/230155-od-iduce-sedmice-skuplje-cigarete-u-bih-objavljen-i-spisak-cijena\/","url":"https:\/\/tuzlainfo.ba\/index.php\/bosna-i-hercegovina\/item\/230155-od-iduce-sedmice-skuplje-cigarete-u-bih-objavljen-i-spisak-cijena\/","name":"Od idu\u0107e sedmice skuplje cigarete u BiH, objavljen i spisak cijena - TuzlaInfo.ba","isPartOf":{"@id":"https:\/\/tuzlainfo.ba\/#website"},"primaryImageOfPage":{"@id":"https:\/\/tuzlainfo.ba\/index.php\/bosna-i-hercegovina\/item\/230155-od-iduce-sedmice-skuplje-cigarete-u-bih-objavljen-i-spisak-cijena\/#primaryimage"},"image":{"@id":"https:\/\/tuzlainfo.ba\/index.php\/bosna-i-hercegovina\/item\/230155-od-iduce-sedmice-skuplje-cigarete-u-bih-objavljen-i-spisak-cijena\/#primaryimage"},"thumbnailUrl":"https:\/\/tuzlainfo.ba\/wp-content\/uploads\/2019\/05\/sadrzaj_2019_20190501_3105_cigareta.jpg","datePublished":"2024-02-15T17:09:05+00:00","dateModified":"2024-02-15T14:19:28+00:00","breadcrumb":{"@id":"https:\/\/tuzlainfo.ba\/index.php\/bosna-i-hercegovina\/item\/230155-od-iduce-sedmice-skuplje-cigarete-u-bih-objavljen-i-spisak-cijena\/#breadcrumb"},"inLanguage":"bs-BA","potentialAction":[{"@type":"ReadAction","target":["https:\/\/tuzlainfo.ba\/index.php\/bosna-i-hercegovina\/item\/230155-od-iduce-sedmice-skuplje-cigarete-u-bih-objavljen-i-spisak-cijena\/"]}]},{"@type":"ImageObject","inLanguage":"bs-BA","@id":"https:\/\/tuzlainfo.ba\/index.php\/bosna-i-hercegovina\/item\/230155-od-iduce-sedmice-skuplje-cigarete-u-bih-objavljen-i-spisak-cijena\/#primaryimage","url":"https:\/\/tuzlainfo.ba\/wp-content\/uploads\/2019\/05\/sadrzaj_2019_20190501_3105_cigareta.jpg","contentUrl":"https:\/\/tuzlainfo.ba\/wp-content\/uploads\/2019\/05\/sadrzaj_2019_20190501_3105_cigareta.jpg","width":770,"height":442,"caption":"3105 cigareta"},{"@type":"BreadcrumbList","@id":"https:\/\/tuzlainfo.ba\/index.php\/bosna-i-hercegovina\/item\/230155-od-iduce-sedmice-skuplje-cigarete-u-bih-objavljen-i-spisak-cijena\/#breadcrumb","itemListElement":[{"@type":"ListItem","position":1,"name":"Home","item":"https:\/\/tuzlainfo.ba\/"},{"@type":"ListItem","position":2,"name":"Od idu\u0107e sedmice skuplje cigarete u BiH, objavljen i spisak cijena"}]},{"@type":"WebSite","@id":"https:\/\/tuzlainfo.ba\/#website","url":"https:\/\/tuzlainfo.ba\/","name":"TuzlaInfo.ba","description":"Tuzla info, gradski informator - Tuzla na dlanu","publisher":{"@id":"https:\/\/tuzlainfo.ba\/#organization"},"potentialAction":[{"@type":"SearchAction","target":{"@type":"EntryPoint","urlTemplate":"https:\/\/tuzlainfo.ba\/?s={search_term_string}"},"query-input":{"@type":"PropertyValueSpecification","valueRequired":true,"valueName":"search_term_string"}}],"inLanguage":"bs-BA"},{"@type":"Organization","@id":"https:\/\/tuzlainfo.ba\/#organization","name":"TuzlaInfo.ba","url":"https:\/\/tuzlainfo.ba\/","logo":{"@type":"ImageObject","inLanguage":"bs-BA","@id":"https:\/\/tuzlainfo.ba\/#\/schema\/logo\/image\/","url":"https:\/\/tuzlainfo.ba\/wp-content\/uploads\/2021\/03\/logo-ver-3-1.png","contentUrl":"https:\/\/tuzlainfo.ba\/wp-content\/uploads\/2021\/03\/logo-ver-3-1.png","width":350,"height":95,"caption":"TuzlaInfo.ba"},"image":{"@id":"https:\/\/tuzlainfo.ba\/#\/schema\/logo\/image\/"},"sameAs":["https:\/\/www.facebook.com\/tuzlainfo.ba\/"]},{"@type":"Person","@id":"https:\/\/tuzlainfo.ba\/#\/schema\/person\/46cad4c57790cbc50781edd14870825a","name":"Tuzla Info","image":{"@type":"ImageObject","inLanguage":"bs-BA","@id":"https:\/\/tuzlainfo.ba\/#\/schema\/person\/image\/","url":"https:\/\/tuzlainfo.ba\/wp-content\/litespeed\/avatar\/b6c453a6c38e3654f2e4416c643fc25c.jpg?ver=1777051911","contentUrl":"https:\/\/tuzlainfo.ba\/wp-content\/litespeed\/avatar\/b6c453a6c38e3654f2e4416c643fc25c.jpg?ver=1777051911","caption":"Tuzla Info"}}]}},"_links":{"self":[{"href":"https:\/\/tuzlainfo.ba\/index.php\/wp-json\/wp\/v2\/posts\/230155"}],"collection":[{"href":"https:\/\/tuzlainfo.ba\/index.php\/wp-json\/wp\/v2\/posts"}],"about":[{"href":"https:\/\/tuzlainfo.ba\/index.php\/wp-json\/wp\/v2\/types\/post"}],"author":[{"embeddable":true,"href":"https:\/\/tuzlainfo.ba\/index.php\/wp-json\/wp\/v2\/users\/4"}],"replies":[{"embeddable":true,"href":"https:\/\/tuzlainfo.ba\/index.php\/wp-json\/wp\/v2\/comments?post=230155"}],"version-history":[{"count":1,"href":"https:\/\/tuzlainfo.ba\/index.php\/wp-json\/wp\/v2\/posts\/230155\/revisions"}],"predecessor-version":[{"id":230156,"href":"https:\/\/tuzlainfo.ba\/index.php\/wp-json\/wp\/v2\/posts\/230155\/revisions\/230156"}],"wp:featuredmedia":[{"embeddable":true,"href":"https:\/\/tuzlainfo.ba\/index.php\/wp-json\/wp\/v2\/media\/70508"}],"wp:attachment":[{"href":"https:\/\/tuzlainfo.ba\/index.php\/wp-json\/wp\/v2\/media?parent=230155"}],"wp:term":[{"taxonomy":"category","embeddable":true,"href":"https:\/\/tuzlainfo.ba\/index.php\/wp-json\/wp\/v2\/categories?post=230155"},{"taxonomy":"post_tag","embeddable":true,"href":"https:\/\/tuzlainfo.ba\/index.php\/wp-json\/wp\/v2\/tags?post=230155"}],"curies":[{"name":"wp","href":"https:\/\/api.w.org\/{rel}","templated":true}]}}