{"id":230080,"date":"2024-02-14T21:55:43","date_gmt":"2024-02-14T20:55:43","guid":{"rendered":"https:\/\/tuzlainfo.ba\/?p=230080"},"modified":"2024-02-14T21:55:43","modified_gmt":"2024-02-14T20:55:43","slug":"vstv-nalozio-vracanje-plate-sutkinji-opcinskog-suda-u-tuzli","status":"publish","type":"post","link":"https:\/\/tuzlainfo.ba\/index.php\/novosti\/item\/230080-vstv-nalozio-vracanje-plate-sutkinji-opcinskog-suda-u-tuzli\/","title":{"rendered":"VSTV nalo\u017eio vra\u0107anje plate sutkinji Op\u0107inskog suda u Tuzli"},"content":{"rendered":"<p>Visoko sudsko i tu\u017eila\u010dko vije\u0107e (VSTV) razmatrat \u0107e ponovo zahtjev Ru\u017eice Juki\u0107, sutkinje Op\u0107inskog suda u Tuzli, za izuze\u0107e \u010dlanova Disciplinske komisije, nakon \u0161to je po odluci Ustavnog suda BiH ukinuta disciplinska sankcija kojom joj je na tri mjeseca bila smanjena plata zbog prekr\u0161aja \u201cpona\u0161anje u sudu ili izvan suda koje \u0161teti ugledu sudijske funkcije\u201d.<\/p>\n<p>Vije\u0107e je, kako se navodi u odgovoru\u00a0<a href=\"https:\/\/detektor.ba\/2024\/02\/14\/vstv-ukinuo-disciplinske-odluke-i-nalozio-vracanje-plate-ruzici-jukic\/\" target=\"_blank\" rel=\"noreferrer noopener\">Detektoru<\/a>, ukinulo prvostepenu i drugostepenu odluku u disciplinskom predmetu protiv Juki\u0107, \u010diju apelaciju je usvojio Ustavni sud Bosne i Hercegovine, te vratilo predmet u fazu odlu\u010divanja o izuze\u0107u \u010dlanova Disciplinske komisije.<\/p>\n<p>Osim toga, VSTV je donio odluku o produ\u017eenju roka za okon\u010danje disciplinskog postupka na period od 12 mjeseci od dana prijema Odluke Ustavnog suda BiH.<\/p>\n<p>\u201cZadu\u017euje se Odjel za disciplinske postupke i etiku da predsjednika Op\u0107inskog suda u Tuzli obavijesti o navedenoj odluci Ustavnog suda BiH uz informaciju da je nu\u017eno da preduzme mjere iz svoje nadle\u017enosti da se tu\u017eenoj vrati iznos pla\u0107e koji joj je bio umanjen izvr\u0161enjem predmetne disciplinske mjere\u201d, zaklju\u010dci su VSTV-a sa sjednice odr\u017eane 8. februara koji su dostavljeni Detektoru.<\/p>\n<p>Odjel za disciplinske postupke i etiku je zadu\u017een da obri\u0161e odluku od 14. juna 2023. godine sa stranice VSTV-a BiH, gdje je objavljena u anonimiziranoj formi.<\/p>\n<p>Ustavni sud BiH usvojio je apelaciju sutkinje Juki\u0107 i ukinuo disciplinsku sankciju VSTV-a, te nalo\u017eio da se po hitnom postupku donese nova odluka, o \u010demu je Detektor ranije izvijestio.<\/p>\n<p><img fetchpriority=\"high\" decoding=\"async\" class=\"alignnone wp-image-76819 size-full\" src=\"https:\/\/tuzlainfo.ba\/wp-content\/uploads\/2020\/02\/sadrzaj_2020_20200201_1102_ruzica_jukic.jpg\" alt=\"1102 ruzica jukic\" width=\"770\" height=\"440\" srcset=\"https:\/\/tuzlainfo.ba\/wp-content\/uploads\/2020\/02\/sadrzaj_2020_20200201_1102_ruzica_jukic.jpg 770w, https:\/\/tuzlainfo.ba\/wp-content\/uploads\/2020\/02\/sadrzaj_2020_20200201_1102_ruzica_jukic-300x171.jpg 300w, https:\/\/tuzlainfo.ba\/wp-content\/uploads\/2020\/02\/sadrzaj_2020_20200201_1102_ruzica_jukic-768x439.jpg 768w, https:\/\/tuzlainfo.ba\/wp-content\/uploads\/2020\/02\/sadrzaj_2020_20200201_1102_ruzica_jukic-585x334.jpg 585w, https:\/\/tuzlainfo.ba\/wp-content\/uploads\/2020\/02\/sadrzaj_2020_20200201_1102_ruzica_jukic-150x86.jpg 150w, https:\/\/tuzlainfo.ba\/wp-content\/uploads\/2020\/02\/sadrzaj_2020_20200201_1102_ruzica_jukic-500x286.jpg 500w\" sizes=\"(max-width: 770px) 100vw, 770px\" \/><\/p>\n<p>Ustavni sud je zaklju\u010dio da je do\u0161lo do povrede prava apelantice na nepristrasnost suda, kao aspekta prava na pravi\u010dno su\u0111enje, jer \u201cVSTV zahtjev za izuzu\u0107e \u010dlana Disciplinske komisije Sanina Boguni\u0107a nije razmotrio u svjetlu objektivnog testa i percepcije vanjskog posmatra\u010da\u201d.<\/p>\n<p>VSTV je pro\u0161le godine potvrdio odluku Drugostepene disciplinske komisije kojom je Juki\u0107 smanjena plata za deset posto na period od tri mjeseca zbog prekr\u0161aja \u201cpona\u0161anje u sudu ili izvan suda koje \u0161teti ugledu sudijske funkcije\u201d. Drugostepena komisija je prethodno potvrdila prvostepenu odluku.<\/p>\n<p>Kako se navodi u odluci Ustavnog suda, Juki\u0107 je, osim Biljane Simeunovi\u0107 i Davora Martinovi\u0107a, tra\u017eila izuze\u0107e i Boguni\u0107a iz Prvostepene disciplinske komisije, jer se njihova imena spominju u dokazima disciplinske prijave, smatraju\u0107i da bi zbog toga oni mogli biti u sukobu interesa. Predsjednik VSTV-a je, nakon pribavljenog izja\u0161njenja Boguni\u0107a, donio rje\u0161enje kojim je zahtjev odbio.<\/p>\n<p>Disciplinskom tu\u017ebom Ru\u017eica Juki\u0107 se tereti da je putem dru\u0161tvene mre\u017ee Facebook iznosila vlastite pretpostavke o nacionalnosti sudija i tu\u017eilaca koji su sankcionisani smanjenjem plate, da je sa slu\u017ebenog e-maila iznosila detalje uredniku portala The Bosnia Times dok je bila \u010dlanica VSTV-a, kao i da se na neprimjeren na\u010din putem e-maila obra\u0107ala \u010dlanovima Vije\u0107a.<\/p>\n","protected":false},"excerpt":{"rendered":"<p>Visoko sudsko i tu\u017eila\u010dko vije\u0107e (VSTV) razmatrat \u0107e ponovo zahtjev Ru\u017eice Juki\u0107, sutkinje Op\u0107inskog suda&hellip;<\/p>\n","protected":false},"author":2,"featured_media":84605,"comment_status":"closed","ping_status":"closed","sticky":false,"template":"","format":"standard","meta":{"_acf_changed":false,"footnotes":""},"categories":[304,12],"tags":[7731,9605],"acf":[],"yoast_head":"<!-- This site is optimized with the Yoast SEO plugin v23.5 - https:\/\/yoast.com\/wordpress\/plugins\/seo\/ -->\n<title>VSTV nalo\u017eio vra\u0107anje plate sutkinji Op\u0107inskog suda u Tuzli - TuzlaInfo.ba<\/title>\n<meta name=\"robots\" content=\"index, follow, max-snippet:-1, max-image-preview:large, max-video-preview:-1\" \/>\n<link rel=\"canonical\" href=\"https:\/\/tuzlainfo.ba\/index.php\/novosti\/item\/230080-vstv-nalozio-vracanje-plate-sutkinji-opcinskog-suda-u-tuzli\/\" \/>\n<meta property=\"og:locale\" content=\"bs_BA\" \/>\n<meta property=\"og:type\" content=\"article\" \/>\n<meta property=\"og:title\" content=\"VSTV nalo\u017eio vra\u0107anje plate sutkinji Op\u0107inskog suda u Tuzli - TuzlaInfo.ba\" \/>\n<meta property=\"og:description\" content=\"Visoko sudsko i tu\u017eila\u010dko vije\u0107e (VSTV) razmatrat \u0107e ponovo zahtjev Ru\u017eice Juki\u0107, sutkinje Op\u0107inskog suda&hellip;\" \/>\n<meta property=\"og:url\" content=\"https:\/\/tuzlainfo.ba\/index.php\/novosti\/item\/230080-vstv-nalozio-vracanje-plate-sutkinji-opcinskog-suda-u-tuzli\/\" \/>\n<meta property=\"og:site_name\" content=\"TuzlaInfo.ba\" \/>\n<meta property=\"article:publisher\" content=\"https:\/\/www.facebook.com\/tuzlainfo.ba\/\" \/>\n<meta property=\"article:published_time\" content=\"2024-02-14T20:55:43+00:00\" \/>\n<meta property=\"og:image\" content=\"https:\/\/tuzlainfo.ba\/wp-content\/uploads\/2020\/12\/sadrzaj_2020_20200101_01012020_opcinskicud_novi.jpg\" \/>\n\t<meta property=\"og:image:width\" content=\"770\" \/>\n\t<meta property=\"og:image:height\" content=\"501\" \/>\n\t<meta property=\"og:image:type\" content=\"image\/jpeg\" \/>\n<meta name=\"author\" content=\"nedim\" \/>\n<meta name=\"twitter:card\" content=\"summary_large_image\" \/>\n<meta name=\"twitter:label1\" content=\"Written by\" \/>\n\t<meta name=\"twitter:data1\" content=\"nedim\" \/>\n\t<meta name=\"twitter:label2\" content=\"Est. reading time\" \/>\n\t<meta name=\"twitter:data2\" content=\"3 minute\" \/>\n<script type=\"application\/ld+json\" class=\"yoast-schema-graph\">{\"@context\":\"https:\/\/schema.org\",\"@graph\":[{\"@type\":\"Article\",\"@id\":\"https:\/\/tuzlainfo.ba\/index.php\/novosti\/item\/230080-vstv-nalozio-vracanje-plate-sutkinji-opcinskog-suda-u-tuzli\/#article\",\"isPartOf\":{\"@id\":\"https:\/\/tuzlainfo.ba\/index.php\/novosti\/item\/230080-vstv-nalozio-vracanje-plate-sutkinji-opcinskog-suda-u-tuzli\/\"},\"author\":{\"name\":\"nedim\",\"@id\":\"https:\/\/tuzlainfo.ba\/#\/schema\/person\/f434e20dc27ea133923aab08451b7f7f\"},\"headline\":\"VSTV nalo\u017eio vra\u0107anje plate sutkinji Op\u0107inskog suda u Tuzli\",\"datePublished\":\"2024-02-14T20:55:43+00:00\",\"dateModified\":\"2024-02-14T20:55:43+00:00\",\"mainEntityOfPage\":{\"@id\":\"https:\/\/tuzlainfo.ba\/index.php\/novosti\/item\/230080-vstv-nalozio-vracanje-plate-sutkinji-opcinskog-suda-u-tuzli\/\"},\"wordCount\":484,\"publisher\":{\"@id\":\"https:\/\/tuzlainfo.ba\/#organization\"},\"image\":{\"@id\":\"https:\/\/tuzlainfo.ba\/index.php\/novosti\/item\/230080-vstv-nalozio-vracanje-plate-sutkinji-opcinskog-suda-u-tuzli\/#primaryimage\"},\"thumbnailUrl\":\"https:\/\/tuzlainfo.ba\/wp-content\/uploads\/2020\/12\/sadrzaj_2020_20200101_01012020_opcinskicud_novi.jpg\",\"keywords\":[\"op\u0107inski sud u tuzli\",\"ru\u017eica juki\u0107\"],\"articleSection\":[\"Istaknuto\",\"Novosti\"],\"inLanguage\":\"bs-BA\"},{\"@type\":\"WebPage\",\"@id\":\"https:\/\/tuzlainfo.ba\/index.php\/novosti\/item\/230080-vstv-nalozio-vracanje-plate-sutkinji-opcinskog-suda-u-tuzli\/\",\"url\":\"https:\/\/tuzlainfo.ba\/index.php\/novosti\/item\/230080-vstv-nalozio-vracanje-plate-sutkinji-opcinskog-suda-u-tuzli\/\",\"name\":\"VSTV nalo\u017eio vra\u0107anje plate sutkinji Op\u0107inskog suda u Tuzli - TuzlaInfo.ba\",\"isPartOf\":{\"@id\":\"https:\/\/tuzlainfo.ba\/#website\"},\"primaryImageOfPage\":{\"@id\":\"https:\/\/tuzlainfo.ba\/index.php\/novosti\/item\/230080-vstv-nalozio-vracanje-plate-sutkinji-opcinskog-suda-u-tuzli\/#primaryimage\"},\"image\":{\"@id\":\"https:\/\/tuzlainfo.ba\/index.php\/novosti\/item\/230080-vstv-nalozio-vracanje-plate-sutkinji-opcinskog-suda-u-tuzli\/#primaryimage\"},\"thumbnailUrl\":\"https:\/\/tuzlainfo.ba\/wp-content\/uploads\/2020\/12\/sadrzaj_2020_20200101_01012020_opcinskicud_novi.jpg\",\"datePublished\":\"2024-02-14T20:55:43+00:00\",\"dateModified\":\"2024-02-14T20:55:43+00:00\",\"breadcrumb\":{\"@id\":\"https:\/\/tuzlainfo.ba\/index.php\/novosti\/item\/230080-vstv-nalozio-vracanje-plate-sutkinji-opcinskog-suda-u-tuzli\/#breadcrumb\"},\"inLanguage\":\"bs-BA\",\"potentialAction\":[{\"@type\":\"ReadAction\",\"target\":[\"https:\/\/tuzlainfo.ba\/index.php\/novosti\/item\/230080-vstv-nalozio-vracanje-plate-sutkinji-opcinskog-suda-u-tuzli\/\"]}]},{\"@type\":\"ImageObject\",\"inLanguage\":\"bs-BA\",\"@id\":\"https:\/\/tuzlainfo.ba\/index.php\/novosti\/item\/230080-vstv-nalozio-vracanje-plate-sutkinji-opcinskog-suda-u-tuzli\/#primaryimage\",\"url\":\"https:\/\/tuzlainfo.ba\/wp-content\/uploads\/2020\/12\/sadrzaj_2020_20200101_01012020_opcinskicud_novi.jpg\",\"contentUrl\":\"https:\/\/tuzlainfo.ba\/wp-content\/uploads\/2020\/12\/sadrzaj_2020_20200101_01012020_opcinskicud_novi.jpg\",\"width\":770,\"height\":501,\"caption\":\"01012020 opcinskicud novi\"},{\"@type\":\"BreadcrumbList\",\"@id\":\"https:\/\/tuzlainfo.ba\/index.php\/novosti\/item\/230080-vstv-nalozio-vracanje-plate-sutkinji-opcinskog-suda-u-tuzli\/#breadcrumb\",\"itemListElement\":[{\"@type\":\"ListItem\",\"position\":1,\"name\":\"Home\",\"item\":\"https:\/\/tuzlainfo.ba\/\"},{\"@type\":\"ListItem\",\"position\":2,\"name\":\"VSTV nalo\u017eio vra\u0107anje plate sutkinji Op\u0107inskog suda u Tuzli\"}]},{\"@type\":\"WebSite\",\"@id\":\"https:\/\/tuzlainfo.ba\/#website\",\"url\":\"https:\/\/tuzlainfo.ba\/\",\"name\":\"TuzlaInfo.ba\",\"description\":\"Tuzla info, gradski informator - Tuzla na dlanu\",\"publisher\":{\"@id\":\"https:\/\/tuzlainfo.ba\/#organization\"},\"potentialAction\":[{\"@type\":\"SearchAction\",\"target\":{\"@type\":\"EntryPoint\",\"urlTemplate\":\"https:\/\/tuzlainfo.ba\/?s={search_term_string}\"},\"query-input\":{\"@type\":\"PropertyValueSpecification\",\"valueRequired\":true,\"valueName\":\"search_term_string\"}}],\"inLanguage\":\"bs-BA\"},{\"@type\":\"Organization\",\"@id\":\"https:\/\/tuzlainfo.ba\/#organization\",\"name\":\"TuzlaInfo.ba\",\"url\":\"https:\/\/tuzlainfo.ba\/\",\"logo\":{\"@type\":\"ImageObject\",\"inLanguage\":\"bs-BA\",\"@id\":\"https:\/\/tuzlainfo.ba\/#\/schema\/logo\/image\/\",\"url\":\"https:\/\/tuzlainfo.ba\/wp-content\/uploads\/2021\/03\/logo-ver-3-1.png\",\"contentUrl\":\"https:\/\/tuzlainfo.ba\/wp-content\/uploads\/2021\/03\/logo-ver-3-1.png\",\"width\":350,\"height\":95,\"caption\":\"TuzlaInfo.ba\"},\"image\":{\"@id\":\"https:\/\/tuzlainfo.ba\/#\/schema\/logo\/image\/\"},\"sameAs\":[\"https:\/\/www.facebook.com\/tuzlainfo.ba\/\"]},{\"@type\":\"Person\",\"@id\":\"https:\/\/tuzlainfo.ba\/#\/schema\/person\/f434e20dc27ea133923aab08451b7f7f\",\"name\":\"nedim\",\"image\":{\"@type\":\"ImageObject\",\"inLanguage\":\"bs-BA\",\"@id\":\"https:\/\/tuzlainfo.ba\/#\/schema\/person\/image\/\",\"url\":\"https:\/\/tuzlainfo.ba\/wp-content\/litespeed\/avatar\/aabad687af24844af817603ac1cbdc4f.jpg?ver=1776702173\",\"contentUrl\":\"https:\/\/tuzlainfo.ba\/wp-content\/litespeed\/avatar\/aabad687af24844af817603ac1cbdc4f.jpg?ver=1776702173\",\"caption\":\"nedim\"},\"description\":\"Tuzlainfo.ba pratite na dru\u0161tvenim mre\u017eama: Facebook, Instagram i Youtube. Svoje pri\u010de, upite i fotografije \u0161aljite na na\u0161u e-mail adresu.\"}]}<\/script>\n<!-- \/ Yoast SEO plugin. -->","yoast_head_json":{"title":"VSTV nalo\u017eio vra\u0107anje plate sutkinji Op\u0107inskog suda u Tuzli - TuzlaInfo.ba","robots":{"index":"index","follow":"follow","max-snippet":"max-snippet:-1","max-image-preview":"max-image-preview:large","max-video-preview":"max-video-preview:-1"},"canonical":"https:\/\/tuzlainfo.ba\/index.php\/novosti\/item\/230080-vstv-nalozio-vracanje-plate-sutkinji-opcinskog-suda-u-tuzli\/","og_locale":"bs_BA","og_type":"article","og_title":"VSTV nalo\u017eio vra\u0107anje plate sutkinji Op\u0107inskog suda u Tuzli - TuzlaInfo.ba","og_description":"Visoko sudsko i tu\u017eila\u010dko vije\u0107e (VSTV) razmatrat \u0107e ponovo zahtjev Ru\u017eice Juki\u0107, sutkinje Op\u0107inskog suda&hellip;","og_url":"https:\/\/tuzlainfo.ba\/index.php\/novosti\/item\/230080-vstv-nalozio-vracanje-plate-sutkinji-opcinskog-suda-u-tuzli\/","og_site_name":"TuzlaInfo.ba","article_publisher":"https:\/\/www.facebook.com\/tuzlainfo.ba\/","article_published_time":"2024-02-14T20:55:43+00:00","og_image":[{"width":770,"height":501,"url":"https:\/\/tuzlainfo.ba\/wp-content\/uploads\/2020\/12\/sadrzaj_2020_20200101_01012020_opcinskicud_novi.jpg","type":"image\/jpeg"}],"author":"nedim","twitter_card":"summary_large_image","twitter_misc":{"Written by":"nedim","Est. reading time":"3 minute"},"schema":{"@context":"https:\/\/schema.org","@graph":[{"@type":"Article","@id":"https:\/\/tuzlainfo.ba\/index.php\/novosti\/item\/230080-vstv-nalozio-vracanje-plate-sutkinji-opcinskog-suda-u-tuzli\/#article","isPartOf":{"@id":"https:\/\/tuzlainfo.ba\/index.php\/novosti\/item\/230080-vstv-nalozio-vracanje-plate-sutkinji-opcinskog-suda-u-tuzli\/"},"author":{"name":"nedim","@id":"https:\/\/tuzlainfo.ba\/#\/schema\/person\/f434e20dc27ea133923aab08451b7f7f"},"headline":"VSTV nalo\u017eio vra\u0107anje plate sutkinji Op\u0107inskog suda u Tuzli","datePublished":"2024-02-14T20:55:43+00:00","dateModified":"2024-02-14T20:55:43+00:00","mainEntityOfPage":{"@id":"https:\/\/tuzlainfo.ba\/index.php\/novosti\/item\/230080-vstv-nalozio-vracanje-plate-sutkinji-opcinskog-suda-u-tuzli\/"},"wordCount":484,"publisher":{"@id":"https:\/\/tuzlainfo.ba\/#organization"},"image":{"@id":"https:\/\/tuzlainfo.ba\/index.php\/novosti\/item\/230080-vstv-nalozio-vracanje-plate-sutkinji-opcinskog-suda-u-tuzli\/#primaryimage"},"thumbnailUrl":"https:\/\/tuzlainfo.ba\/wp-content\/uploads\/2020\/12\/sadrzaj_2020_20200101_01012020_opcinskicud_novi.jpg","keywords":["op\u0107inski sud u tuzli","ru\u017eica juki\u0107"],"articleSection":["Istaknuto","Novosti"],"inLanguage":"bs-BA"},{"@type":"WebPage","@id":"https:\/\/tuzlainfo.ba\/index.php\/novosti\/item\/230080-vstv-nalozio-vracanje-plate-sutkinji-opcinskog-suda-u-tuzli\/","url":"https:\/\/tuzlainfo.ba\/index.php\/novosti\/item\/230080-vstv-nalozio-vracanje-plate-sutkinji-opcinskog-suda-u-tuzli\/","name":"VSTV nalo\u017eio vra\u0107anje plate sutkinji Op\u0107inskog suda u Tuzli - TuzlaInfo.ba","isPartOf":{"@id":"https:\/\/tuzlainfo.ba\/#website"},"primaryImageOfPage":{"@id":"https:\/\/tuzlainfo.ba\/index.php\/novosti\/item\/230080-vstv-nalozio-vracanje-plate-sutkinji-opcinskog-suda-u-tuzli\/#primaryimage"},"image":{"@id":"https:\/\/tuzlainfo.ba\/index.php\/novosti\/item\/230080-vstv-nalozio-vracanje-plate-sutkinji-opcinskog-suda-u-tuzli\/#primaryimage"},"thumbnailUrl":"https:\/\/tuzlainfo.ba\/wp-content\/uploads\/2020\/12\/sadrzaj_2020_20200101_01012020_opcinskicud_novi.jpg","datePublished":"2024-02-14T20:55:43+00:00","dateModified":"2024-02-14T20:55:43+00:00","breadcrumb":{"@id":"https:\/\/tuzlainfo.ba\/index.php\/novosti\/item\/230080-vstv-nalozio-vracanje-plate-sutkinji-opcinskog-suda-u-tuzli\/#breadcrumb"},"inLanguage":"bs-BA","potentialAction":[{"@type":"ReadAction","target":["https:\/\/tuzlainfo.ba\/index.php\/novosti\/item\/230080-vstv-nalozio-vracanje-plate-sutkinji-opcinskog-suda-u-tuzli\/"]}]},{"@type":"ImageObject","inLanguage":"bs-BA","@id":"https:\/\/tuzlainfo.ba\/index.php\/novosti\/item\/230080-vstv-nalozio-vracanje-plate-sutkinji-opcinskog-suda-u-tuzli\/#primaryimage","url":"https:\/\/tuzlainfo.ba\/wp-content\/uploads\/2020\/12\/sadrzaj_2020_20200101_01012020_opcinskicud_novi.jpg","contentUrl":"https:\/\/tuzlainfo.ba\/wp-content\/uploads\/2020\/12\/sadrzaj_2020_20200101_01012020_opcinskicud_novi.jpg","width":770,"height":501,"caption":"01012020 opcinskicud novi"},{"@type":"BreadcrumbList","@id":"https:\/\/tuzlainfo.ba\/index.php\/novosti\/item\/230080-vstv-nalozio-vracanje-plate-sutkinji-opcinskog-suda-u-tuzli\/#breadcrumb","itemListElement":[{"@type":"ListItem","position":1,"name":"Home","item":"https:\/\/tuzlainfo.ba\/"},{"@type":"ListItem","position":2,"name":"VSTV nalo\u017eio vra\u0107anje plate sutkinji Op\u0107inskog suda u Tuzli"}]},{"@type":"WebSite","@id":"https:\/\/tuzlainfo.ba\/#website","url":"https:\/\/tuzlainfo.ba\/","name":"TuzlaInfo.ba","description":"Tuzla info, gradski informator - Tuzla na dlanu","publisher":{"@id":"https:\/\/tuzlainfo.ba\/#organization"},"potentialAction":[{"@type":"SearchAction","target":{"@type":"EntryPoint","urlTemplate":"https:\/\/tuzlainfo.ba\/?s={search_term_string}"},"query-input":{"@type":"PropertyValueSpecification","valueRequired":true,"valueName":"search_term_string"}}],"inLanguage":"bs-BA"},{"@type":"Organization","@id":"https:\/\/tuzlainfo.ba\/#organization","name":"TuzlaInfo.ba","url":"https:\/\/tuzlainfo.ba\/","logo":{"@type":"ImageObject","inLanguage":"bs-BA","@id":"https:\/\/tuzlainfo.ba\/#\/schema\/logo\/image\/","url":"https:\/\/tuzlainfo.ba\/wp-content\/uploads\/2021\/03\/logo-ver-3-1.png","contentUrl":"https:\/\/tuzlainfo.ba\/wp-content\/uploads\/2021\/03\/logo-ver-3-1.png","width":350,"height":95,"caption":"TuzlaInfo.ba"},"image":{"@id":"https:\/\/tuzlainfo.ba\/#\/schema\/logo\/image\/"},"sameAs":["https:\/\/www.facebook.com\/tuzlainfo.ba\/"]},{"@type":"Person","@id":"https:\/\/tuzlainfo.ba\/#\/schema\/person\/f434e20dc27ea133923aab08451b7f7f","name":"nedim","image":{"@type":"ImageObject","inLanguage":"bs-BA","@id":"https:\/\/tuzlainfo.ba\/#\/schema\/person\/image\/","url":"https:\/\/tuzlainfo.ba\/wp-content\/litespeed\/avatar\/aabad687af24844af817603ac1cbdc4f.jpg?ver=1776702173","contentUrl":"https:\/\/tuzlainfo.ba\/wp-content\/litespeed\/avatar\/aabad687af24844af817603ac1cbdc4f.jpg?ver=1776702173","caption":"nedim"},"description":"Tuzlainfo.ba pratite na dru\u0161tvenim mre\u017eama: Facebook, Instagram i Youtube. Svoje pri\u010de, upite i fotografije \u0161aljite na na\u0161u e-mail adresu."}]}},"_links":{"self":[{"href":"https:\/\/tuzlainfo.ba\/index.php\/wp-json\/wp\/v2\/posts\/230080"}],"collection":[{"href":"https:\/\/tuzlainfo.ba\/index.php\/wp-json\/wp\/v2\/posts"}],"about":[{"href":"https:\/\/tuzlainfo.ba\/index.php\/wp-json\/wp\/v2\/types\/post"}],"author":[{"embeddable":true,"href":"https:\/\/tuzlainfo.ba\/index.php\/wp-json\/wp\/v2\/users\/2"}],"replies":[{"embeddable":true,"href":"https:\/\/tuzlainfo.ba\/index.php\/wp-json\/wp\/v2\/comments?post=230080"}],"version-history":[{"count":1,"href":"https:\/\/tuzlainfo.ba\/index.php\/wp-json\/wp\/v2\/posts\/230080\/revisions"}],"predecessor-version":[{"id":230081,"href":"https:\/\/tuzlainfo.ba\/index.php\/wp-json\/wp\/v2\/posts\/230080\/revisions\/230081"}],"wp:featuredmedia":[{"embeddable":true,"href":"https:\/\/tuzlainfo.ba\/index.php\/wp-json\/wp\/v2\/media\/84605"}],"wp:attachment":[{"href":"https:\/\/tuzlainfo.ba\/index.php\/wp-json\/wp\/v2\/media?parent=230080"}],"wp:term":[{"taxonomy":"category","embeddable":true,"href":"https:\/\/tuzlainfo.ba\/index.php\/wp-json\/wp\/v2\/categories?post=230080"},{"taxonomy":"post_tag","embeddable":true,"href":"https:\/\/tuzlainfo.ba\/index.php\/wp-json\/wp\/v2\/tags?post=230080"}],"curies":[{"name":"wp","href":"https:\/\/api.w.org\/{rel}","templated":true}]}}