{"id":230038,"date":"2024-02-14T16:09:28","date_gmt":"2024-02-14T15:09:28","guid":{"rendered":"https:\/\/tuzlainfo.ba\/?p=230038"},"modified":"2024-02-14T13:55:55","modified_gmt":"2024-02-14T12:55:55","slug":"najveci-porast-subjekata-u-tk-privrednici-sa-zapada-poslovanje-prebacuju-bih","status":"publish","type":"post","link":"https:\/\/tuzlainfo.ba\/index.php\/istaknuto\/item\/230038-najveci-porast-subjekata-u-tk-privrednici-sa-zapada-poslovanje-prebacuju-bih\/","title":{"rendered":"Najve\u0107i porast subjekata u TK: Privrednici sa zapada poslovanje prebacuju BiH"},"content":{"rendered":"<p>U Bosni i Hercegovini trenutno su najtra\u017eenija zanimanja u sektoru gra\u0111evine i uslu\u017enih djelatnosti, poru\u010dio je Dominik Ra\u0161kaj, marketing i PR menad\u017eer portala Boljiposao.com, javlja Anadolu.<\/p>\n<p>Najve\u0107i broj bosanskohercegova\u010dkih gra\u0111ana odlazi u Sloveniju, Njema\u010dku i Austriju, ali Ra\u0161kaj smatra da se ove godine o\u010dekuje i povratak jednog dijela radne snage u Bosnu i Hercegovinu.<\/p>\n<p>\u201cMo\u017eemo primijetiti da se trend od kraja pro\u0161le godine o nedostatku i pove\u0107anju nedostatka radne snage u Bosni i Hercegovini, nastavlja. U januaru smo i dalje imali taj rast od nekih pet mjesto, dakle, nedostatka kvalitetne radne snage\u201d, rekao je Ra\u0161kaj.<\/p>\n<p>Prema njegovim rije\u010dima, nije se desila stagnacija gradnje stambenih objekata i poslovnih zona u Bosni i Hercegovini.<\/p>\n<p><strong>Kontinuirani rast gradnje stambenih i poslovnih objekata<\/strong><\/p>\n<p>\u201cTu vidimo kontinuirani rast. Najzanimljiviji je porast privrednih subjekata u Tuzlanskom kantonu koji dolaze iz zapadnih zemalja i koji svoje poslovanje prebacuju u Bosnu i Hercegovinu. Na listi najtra\u017eenijih zanimanja su ona iz sektora gra\u0111evine i to gra\u0111evinski radnici, zidari, tesari, vodoinstalateri, elektri\u010dari. Na drugom mjestu su uslu\u017ene djelatnosti, od trgovine, hotelijerstva, restorana\u2026I tu nedostaje kvalitetne radne snage, prije svega kuhara, konobara\u201d, istakao je Ra\u0161kaj.<\/p>\n<p>Naglasio je da imaju primjetan broj oglasa za voza\u010de autobusa u ve\u0107im sredinama poput Sarajeva, Tuzle i Mostara.<\/p>\n<p>\u201cDe\u0161ava se trend, kojeg imamo i u Hrvatskoj, da u pojedinim autobuskim firmama, koje obavljaju javni prevoz, nedostaje i do 100 radnika \u0161to time ugro\u017eava i sistem funkcionisanja javnog saobra\u0107aja. Na \u010detvrtom mjestu se lagano vra\u0107a IT industrija, nakon kratke pauze koju smo imali sa otpu\u0161tanjem radne snage. Imali smo smanjen broj potra\u017enje radnika u IT sektoru, ali sada se taj trend IT industrije, barem u Bosni i Hercegovini, ponovo vra\u0107a\u201d, izjavio je Ra\u0161kaj.<\/p>\n<p>Smatra da zabrinjava trend iz Njema\u010dke, Italije i Francuske gdje je pro\u0161le godine uga\u0161eno oko 11.000 gra\u0111evinskih firmi.<\/p>\n<p>\u201cStale su sa gradnjom brojne poslovne zone i stambeni objekti, \u0161to je bilo neo\u010dekivano za jednu Njema\u010dku. Dolazi \u010dak i do otpu\u0161tanja gra\u0111evinskih radnika. Ove godine o\u010dekujemo rast do \u010dak 30 posto povratka radne snage, kada je rije\u010d o gra\u0111evinskom sektoru. Dakle, na\u0161ih radnika koji su bili u Njema\u010dkoj\u201d, pojasnio je Ra\u0161kaj.<\/p>\n<p>Mi\u0161ljenja je da su i gra\u0111evinske firme u Bosni i Hercegovini shvatile da radnicima moraju ponuditi bolje uslove rada ukoliko \u017eele da ih zadr\u017ee na tim radnim mjestima ili vrate iz nekih drugih evropskih zemalja.<\/p>\n<p><strong>U BiH radnici iz Banglade\u0161a i Nepala<\/strong><\/p>\n<p>Dotakao se i stranih radnika u Bosni i Hercegovini, prvenstveno iz Banglade\u0161a i Nepala. Naveo je da je jedna firma u Bosni i Hercegovini, koja se bavi prehrambenom industrijom, zaposlila desetine radnika iz Banglade\u0161a.<\/p>\n<p>\u201cOni u takvoj industriji mogu raditi, ali te osobe trenutno ne mogu raditi u javnom prevozu jer nisu prilago\u0111ene tr\u017ei\u0161tu rada u Evropi. Me\u0111utim, kao pomo\u0107na radna snaga ti ljudi su nam dobrodo\u0161li, ali je bitno da ih prilagodimo na\u0161em standardu \u017eivota, kako ne bi bilo problema kao u Njema\u010dkoj gdje gra\u0111ani izra\u017eavaju nezadovoljstvo\u201d, rekao je Ra\u0161kaj.<\/p>\n<p>Svakodnevno svjedo\u010dimo odlascima mlade kvalifikovane radne snage, \u0161to dovodi do toga da u Bosni i Hercegovini ostaje sve manje ljudi, a time dolazi i do problema na tr\u017ei\u0161tu rada.<\/p>\n<p>Prema popisu stanovni\u0161tva iz 2013. godine, u Bosni i Hercegovini \u017eivi ne\u0161to vi\u0161e od pola miliona mladih, u dobi od 19 do 29 godina. Nema preciznih podataka koliko ih je napustilo zemlju u proteklim godinama, me\u0111utim, istra\u017eivanja pokazuju da o privremenom ili trajnom odlasku razmi\u0161lja svaka druga mlada osoba.<\/p>\n","protected":false},"excerpt":{"rendered":"<p>U Bosni i Hercegovini trenutno su najtra\u017eenija zanimanja u sektoru gra\u0111evine i uslu\u017enih djelatnosti, poru\u010dio&hellip;<\/p>\n","protected":false},"author":4,"featured_media":79634,"comment_status":"closed","ping_status":"closed","sticky":false,"template":"","format":"standard","meta":{"_acf_changed":false,"footnotes":""},"categories":[304,12],"tags":[2634,9095,360],"acf":[],"yoast_head":"<!-- This site is optimized with the Yoast SEO plugin v23.5 - https:\/\/yoast.com\/wordpress\/plugins\/seo\/ -->\n<title>Najve\u0107i porast subjekata u TK: Privrednici sa zapada poslovanje prebacuju BiH - TuzlaInfo.ba<\/title>\n<meta name=\"robots\" content=\"index, follow, max-snippet:-1, max-image-preview:large, max-video-preview:-1\" \/>\n<link rel=\"canonical\" href=\"https:\/\/tuzlainfo.ba\/index.php\/istaknuto\/item\/230038-najveci-porast-subjekata-u-tk-privrednici-sa-zapada-poslovanje-prebacuju-bih\/\" \/>\n<meta property=\"og:locale\" content=\"bs_BA\" \/>\n<meta property=\"og:type\" content=\"article\" \/>\n<meta property=\"og:title\" content=\"Najve\u0107i porast subjekata u TK: Privrednici sa zapada poslovanje prebacuju BiH - TuzlaInfo.ba\" \/>\n<meta property=\"og:description\" content=\"U Bosni i Hercegovini trenutno su najtra\u017eenija zanimanja u sektoru gra\u0111evine i uslu\u017enih djelatnosti, poru\u010dio&hellip;\" \/>\n<meta property=\"og:url\" content=\"https:\/\/tuzlainfo.ba\/index.php\/istaknuto\/item\/230038-najveci-porast-subjekata-u-tk-privrednici-sa-zapada-poslovanje-prebacuju-bih\/\" \/>\n<meta property=\"og:site_name\" content=\"TuzlaInfo.ba\" \/>\n<meta property=\"article:publisher\" content=\"https:\/\/www.facebook.com\/tuzlainfo.ba\/\" \/>\n<meta property=\"article:published_time\" content=\"2024-02-14T15:09:28+00:00\" \/>\n<meta property=\"article:modified_time\" content=\"2024-02-14T12:55:55+00:00\" \/>\n<meta property=\"og:image\" content=\"https:\/\/tuzlainfo.ba\/wp-content\/uploads\/2020\/05\/sadrzaj_2020_20200101_0101_2020_Tuzla_dron.jpg\" \/>\n\t<meta property=\"og:image:width\" content=\"770\" \/>\n\t<meta property=\"og:image:height\" content=\"498\" \/>\n\t<meta property=\"og:image:type\" content=\"image\/jpeg\" \/>\n<meta name=\"author\" content=\"Tuzla Info\" \/>\n<meta name=\"twitter:card\" content=\"summary_large_image\" \/>\n<meta name=\"twitter:label1\" content=\"Written by\" \/>\n\t<meta name=\"twitter:data1\" content=\"Tuzla Info\" \/>\n\t<meta name=\"twitter:label2\" content=\"Est. reading time\" \/>\n\t<meta name=\"twitter:data2\" content=\"4 minute\" \/>\n<script type=\"application\/ld+json\" class=\"yoast-schema-graph\">{\"@context\":\"https:\/\/schema.org\",\"@graph\":[{\"@type\":\"Article\",\"@id\":\"https:\/\/tuzlainfo.ba\/index.php\/istaknuto\/item\/230038-najveci-porast-subjekata-u-tk-privrednici-sa-zapada-poslovanje-prebacuju-bih\/#article\",\"isPartOf\":{\"@id\":\"https:\/\/tuzlainfo.ba\/index.php\/istaknuto\/item\/230038-najveci-porast-subjekata-u-tk-privrednici-sa-zapada-poslovanje-prebacuju-bih\/\"},\"author\":{\"name\":\"Tuzla Info\",\"@id\":\"https:\/\/tuzlainfo.ba\/#\/schema\/person\/46cad4c57790cbc50781edd14870825a\"},\"headline\":\"Najve\u0107i porast subjekata u TK: Privrednici sa zapada poslovanje prebacuju BiH\",\"datePublished\":\"2024-02-14T15:09:28+00:00\",\"dateModified\":\"2024-02-14T12:55:55+00:00\",\"mainEntityOfPage\":{\"@id\":\"https:\/\/tuzlainfo.ba\/index.php\/istaknuto\/item\/230038-najveci-porast-subjekata-u-tk-privrednici-sa-zapada-poslovanje-prebacuju-bih\/\"},\"wordCount\":637,\"publisher\":{\"@id\":\"https:\/\/tuzlainfo.ba\/#organization\"},\"image\":{\"@id\":\"https:\/\/tuzlainfo.ba\/index.php\/istaknuto\/item\/230038-najveci-porast-subjekata-u-tk-privrednici-sa-zapada-poslovanje-prebacuju-bih\/#primaryimage\"},\"thumbnailUrl\":\"https:\/\/tuzlainfo.ba\/wp-content\/uploads\/2020\/05\/sadrzaj_2020_20200101_0101_2020_Tuzla_dron.jpg\",\"keywords\":[\"privredni subjekti\",\"rast\",\"tuzlanski kanton\"],\"articleSection\":[\"Istaknuto\",\"Novosti\"],\"inLanguage\":\"bs-BA\"},{\"@type\":\"WebPage\",\"@id\":\"https:\/\/tuzlainfo.ba\/index.php\/istaknuto\/item\/230038-najveci-porast-subjekata-u-tk-privrednici-sa-zapada-poslovanje-prebacuju-bih\/\",\"url\":\"https:\/\/tuzlainfo.ba\/index.php\/istaknuto\/item\/230038-najveci-porast-subjekata-u-tk-privrednici-sa-zapada-poslovanje-prebacuju-bih\/\",\"name\":\"Najve\u0107i porast subjekata u TK: Privrednici sa zapada poslovanje prebacuju BiH - TuzlaInfo.ba\",\"isPartOf\":{\"@id\":\"https:\/\/tuzlainfo.ba\/#website\"},\"primaryImageOfPage\":{\"@id\":\"https:\/\/tuzlainfo.ba\/index.php\/istaknuto\/item\/230038-najveci-porast-subjekata-u-tk-privrednici-sa-zapada-poslovanje-prebacuju-bih\/#primaryimage\"},\"image\":{\"@id\":\"https:\/\/tuzlainfo.ba\/index.php\/istaknuto\/item\/230038-najveci-porast-subjekata-u-tk-privrednici-sa-zapada-poslovanje-prebacuju-bih\/#primaryimage\"},\"thumbnailUrl\":\"https:\/\/tuzlainfo.ba\/wp-content\/uploads\/2020\/05\/sadrzaj_2020_20200101_0101_2020_Tuzla_dron.jpg\",\"datePublished\":\"2024-02-14T15:09:28+00:00\",\"dateModified\":\"2024-02-14T12:55:55+00:00\",\"breadcrumb\":{\"@id\":\"https:\/\/tuzlainfo.ba\/index.php\/istaknuto\/item\/230038-najveci-porast-subjekata-u-tk-privrednici-sa-zapada-poslovanje-prebacuju-bih\/#breadcrumb\"},\"inLanguage\":\"bs-BA\",\"potentialAction\":[{\"@type\":\"ReadAction\",\"target\":[\"https:\/\/tuzlainfo.ba\/index.php\/istaknuto\/item\/230038-najveci-porast-subjekata-u-tk-privrednici-sa-zapada-poslovanje-prebacuju-bih\/\"]}]},{\"@type\":\"ImageObject\",\"inLanguage\":\"bs-BA\",\"@id\":\"https:\/\/tuzlainfo.ba\/index.php\/istaknuto\/item\/230038-najveci-porast-subjekata-u-tk-privrednici-sa-zapada-poslovanje-prebacuju-bih\/#primaryimage\",\"url\":\"https:\/\/tuzlainfo.ba\/wp-content\/uploads\/2020\/05\/sadrzaj_2020_20200101_0101_2020_Tuzla_dron.jpg\",\"contentUrl\":\"https:\/\/tuzlainfo.ba\/wp-content\/uploads\/2020\/05\/sadrzaj_2020_20200101_0101_2020_Tuzla_dron.jpg\",\"width\":770,\"height\":498,\"caption\":\"0101 2020 Tuzla dron\"},{\"@type\":\"BreadcrumbList\",\"@id\":\"https:\/\/tuzlainfo.ba\/index.php\/istaknuto\/item\/230038-najveci-porast-subjekata-u-tk-privrednici-sa-zapada-poslovanje-prebacuju-bih\/#breadcrumb\",\"itemListElement\":[{\"@type\":\"ListItem\",\"position\":1,\"name\":\"Home\",\"item\":\"https:\/\/tuzlainfo.ba\/\"},{\"@type\":\"ListItem\",\"position\":2,\"name\":\"Najve\u0107i porast subjekata u TK: Privrednici sa zapada poslovanje prebacuju BiH\"}]},{\"@type\":\"WebSite\",\"@id\":\"https:\/\/tuzlainfo.ba\/#website\",\"url\":\"https:\/\/tuzlainfo.ba\/\",\"name\":\"TuzlaInfo.ba\",\"description\":\"Tuzla info, gradski informator - Tuzla na dlanu\",\"publisher\":{\"@id\":\"https:\/\/tuzlainfo.ba\/#organization\"},\"potentialAction\":[{\"@type\":\"SearchAction\",\"target\":{\"@type\":\"EntryPoint\",\"urlTemplate\":\"https:\/\/tuzlainfo.ba\/?s={search_term_string}\"},\"query-input\":{\"@type\":\"PropertyValueSpecification\",\"valueRequired\":true,\"valueName\":\"search_term_string\"}}],\"inLanguage\":\"bs-BA\"},{\"@type\":\"Organization\",\"@id\":\"https:\/\/tuzlainfo.ba\/#organization\",\"name\":\"TuzlaInfo.ba\",\"url\":\"https:\/\/tuzlainfo.ba\/\",\"logo\":{\"@type\":\"ImageObject\",\"inLanguage\":\"bs-BA\",\"@id\":\"https:\/\/tuzlainfo.ba\/#\/schema\/logo\/image\/\",\"url\":\"https:\/\/tuzlainfo.ba\/wp-content\/uploads\/2021\/03\/logo-ver-3-1.png\",\"contentUrl\":\"https:\/\/tuzlainfo.ba\/wp-content\/uploads\/2021\/03\/logo-ver-3-1.png\",\"width\":350,\"height\":95,\"caption\":\"TuzlaInfo.ba\"},\"image\":{\"@id\":\"https:\/\/tuzlainfo.ba\/#\/schema\/logo\/image\/\"},\"sameAs\":[\"https:\/\/www.facebook.com\/tuzlainfo.ba\/\"]},{\"@type\":\"Person\",\"@id\":\"https:\/\/tuzlainfo.ba\/#\/schema\/person\/46cad4c57790cbc50781edd14870825a\",\"name\":\"Tuzla Info\",\"image\":{\"@type\":\"ImageObject\",\"inLanguage\":\"bs-BA\",\"@id\":\"https:\/\/tuzlainfo.ba\/#\/schema\/person\/image\/\",\"url\":\"https:\/\/tuzlainfo.ba\/wp-content\/litespeed\/avatar\/b6c453a6c38e3654f2e4416c643fc25c.jpg?ver=1777051911\",\"contentUrl\":\"https:\/\/tuzlainfo.ba\/wp-content\/litespeed\/avatar\/b6c453a6c38e3654f2e4416c643fc25c.jpg?ver=1777051911\",\"caption\":\"Tuzla Info\"}}]}<\/script>\n<!-- \/ Yoast SEO plugin. -->","yoast_head_json":{"title":"Najve\u0107i porast subjekata u TK: Privrednici sa zapada poslovanje prebacuju BiH - TuzlaInfo.ba","robots":{"index":"index","follow":"follow","max-snippet":"max-snippet:-1","max-image-preview":"max-image-preview:large","max-video-preview":"max-video-preview:-1"},"canonical":"https:\/\/tuzlainfo.ba\/index.php\/istaknuto\/item\/230038-najveci-porast-subjekata-u-tk-privrednici-sa-zapada-poslovanje-prebacuju-bih\/","og_locale":"bs_BA","og_type":"article","og_title":"Najve\u0107i porast subjekata u TK: Privrednici sa zapada poslovanje prebacuju BiH - TuzlaInfo.ba","og_description":"U Bosni i Hercegovini trenutno su najtra\u017eenija zanimanja u sektoru gra\u0111evine i uslu\u017enih djelatnosti, poru\u010dio&hellip;","og_url":"https:\/\/tuzlainfo.ba\/index.php\/istaknuto\/item\/230038-najveci-porast-subjekata-u-tk-privrednici-sa-zapada-poslovanje-prebacuju-bih\/","og_site_name":"TuzlaInfo.ba","article_publisher":"https:\/\/www.facebook.com\/tuzlainfo.ba\/","article_published_time":"2024-02-14T15:09:28+00:00","article_modified_time":"2024-02-14T12:55:55+00:00","og_image":[{"width":770,"height":498,"url":"https:\/\/tuzlainfo.ba\/wp-content\/uploads\/2020\/05\/sadrzaj_2020_20200101_0101_2020_Tuzla_dron.jpg","type":"image\/jpeg"}],"author":"Tuzla Info","twitter_card":"summary_large_image","twitter_misc":{"Written by":"Tuzla Info","Est. reading time":"4 minute"},"schema":{"@context":"https:\/\/schema.org","@graph":[{"@type":"Article","@id":"https:\/\/tuzlainfo.ba\/index.php\/istaknuto\/item\/230038-najveci-porast-subjekata-u-tk-privrednici-sa-zapada-poslovanje-prebacuju-bih\/#article","isPartOf":{"@id":"https:\/\/tuzlainfo.ba\/index.php\/istaknuto\/item\/230038-najveci-porast-subjekata-u-tk-privrednici-sa-zapada-poslovanje-prebacuju-bih\/"},"author":{"name":"Tuzla Info","@id":"https:\/\/tuzlainfo.ba\/#\/schema\/person\/46cad4c57790cbc50781edd14870825a"},"headline":"Najve\u0107i porast subjekata u TK: Privrednici sa zapada poslovanje prebacuju BiH","datePublished":"2024-02-14T15:09:28+00:00","dateModified":"2024-02-14T12:55:55+00:00","mainEntityOfPage":{"@id":"https:\/\/tuzlainfo.ba\/index.php\/istaknuto\/item\/230038-najveci-porast-subjekata-u-tk-privrednici-sa-zapada-poslovanje-prebacuju-bih\/"},"wordCount":637,"publisher":{"@id":"https:\/\/tuzlainfo.ba\/#organization"},"image":{"@id":"https:\/\/tuzlainfo.ba\/index.php\/istaknuto\/item\/230038-najveci-porast-subjekata-u-tk-privrednici-sa-zapada-poslovanje-prebacuju-bih\/#primaryimage"},"thumbnailUrl":"https:\/\/tuzlainfo.ba\/wp-content\/uploads\/2020\/05\/sadrzaj_2020_20200101_0101_2020_Tuzla_dron.jpg","keywords":["privredni subjekti","rast","tuzlanski kanton"],"articleSection":["Istaknuto","Novosti"],"inLanguage":"bs-BA"},{"@type":"WebPage","@id":"https:\/\/tuzlainfo.ba\/index.php\/istaknuto\/item\/230038-najveci-porast-subjekata-u-tk-privrednici-sa-zapada-poslovanje-prebacuju-bih\/","url":"https:\/\/tuzlainfo.ba\/index.php\/istaknuto\/item\/230038-najveci-porast-subjekata-u-tk-privrednici-sa-zapada-poslovanje-prebacuju-bih\/","name":"Najve\u0107i porast subjekata u TK: Privrednici sa zapada poslovanje prebacuju BiH - TuzlaInfo.ba","isPartOf":{"@id":"https:\/\/tuzlainfo.ba\/#website"},"primaryImageOfPage":{"@id":"https:\/\/tuzlainfo.ba\/index.php\/istaknuto\/item\/230038-najveci-porast-subjekata-u-tk-privrednici-sa-zapada-poslovanje-prebacuju-bih\/#primaryimage"},"image":{"@id":"https:\/\/tuzlainfo.ba\/index.php\/istaknuto\/item\/230038-najveci-porast-subjekata-u-tk-privrednici-sa-zapada-poslovanje-prebacuju-bih\/#primaryimage"},"thumbnailUrl":"https:\/\/tuzlainfo.ba\/wp-content\/uploads\/2020\/05\/sadrzaj_2020_20200101_0101_2020_Tuzla_dron.jpg","datePublished":"2024-02-14T15:09:28+00:00","dateModified":"2024-02-14T12:55:55+00:00","breadcrumb":{"@id":"https:\/\/tuzlainfo.ba\/index.php\/istaknuto\/item\/230038-najveci-porast-subjekata-u-tk-privrednici-sa-zapada-poslovanje-prebacuju-bih\/#breadcrumb"},"inLanguage":"bs-BA","potentialAction":[{"@type":"ReadAction","target":["https:\/\/tuzlainfo.ba\/index.php\/istaknuto\/item\/230038-najveci-porast-subjekata-u-tk-privrednici-sa-zapada-poslovanje-prebacuju-bih\/"]}]},{"@type":"ImageObject","inLanguage":"bs-BA","@id":"https:\/\/tuzlainfo.ba\/index.php\/istaknuto\/item\/230038-najveci-porast-subjekata-u-tk-privrednici-sa-zapada-poslovanje-prebacuju-bih\/#primaryimage","url":"https:\/\/tuzlainfo.ba\/wp-content\/uploads\/2020\/05\/sadrzaj_2020_20200101_0101_2020_Tuzla_dron.jpg","contentUrl":"https:\/\/tuzlainfo.ba\/wp-content\/uploads\/2020\/05\/sadrzaj_2020_20200101_0101_2020_Tuzla_dron.jpg","width":770,"height":498,"caption":"0101 2020 Tuzla dron"},{"@type":"BreadcrumbList","@id":"https:\/\/tuzlainfo.ba\/index.php\/istaknuto\/item\/230038-najveci-porast-subjekata-u-tk-privrednici-sa-zapada-poslovanje-prebacuju-bih\/#breadcrumb","itemListElement":[{"@type":"ListItem","position":1,"name":"Home","item":"https:\/\/tuzlainfo.ba\/"},{"@type":"ListItem","position":2,"name":"Najve\u0107i porast subjekata u TK: Privrednici sa zapada poslovanje prebacuju BiH"}]},{"@type":"WebSite","@id":"https:\/\/tuzlainfo.ba\/#website","url":"https:\/\/tuzlainfo.ba\/","name":"TuzlaInfo.ba","description":"Tuzla info, gradski informator - Tuzla na dlanu","publisher":{"@id":"https:\/\/tuzlainfo.ba\/#organization"},"potentialAction":[{"@type":"SearchAction","target":{"@type":"EntryPoint","urlTemplate":"https:\/\/tuzlainfo.ba\/?s={search_term_string}"},"query-input":{"@type":"PropertyValueSpecification","valueRequired":true,"valueName":"search_term_string"}}],"inLanguage":"bs-BA"},{"@type":"Organization","@id":"https:\/\/tuzlainfo.ba\/#organization","name":"TuzlaInfo.ba","url":"https:\/\/tuzlainfo.ba\/","logo":{"@type":"ImageObject","inLanguage":"bs-BA","@id":"https:\/\/tuzlainfo.ba\/#\/schema\/logo\/image\/","url":"https:\/\/tuzlainfo.ba\/wp-content\/uploads\/2021\/03\/logo-ver-3-1.png","contentUrl":"https:\/\/tuzlainfo.ba\/wp-content\/uploads\/2021\/03\/logo-ver-3-1.png","width":350,"height":95,"caption":"TuzlaInfo.ba"},"image":{"@id":"https:\/\/tuzlainfo.ba\/#\/schema\/logo\/image\/"},"sameAs":["https:\/\/www.facebook.com\/tuzlainfo.ba\/"]},{"@type":"Person","@id":"https:\/\/tuzlainfo.ba\/#\/schema\/person\/46cad4c57790cbc50781edd14870825a","name":"Tuzla Info","image":{"@type":"ImageObject","inLanguage":"bs-BA","@id":"https:\/\/tuzlainfo.ba\/#\/schema\/person\/image\/","url":"https:\/\/tuzlainfo.ba\/wp-content\/litespeed\/avatar\/b6c453a6c38e3654f2e4416c643fc25c.jpg?ver=1777051911","contentUrl":"https:\/\/tuzlainfo.ba\/wp-content\/litespeed\/avatar\/b6c453a6c38e3654f2e4416c643fc25c.jpg?ver=1777051911","caption":"Tuzla Info"}}]}},"_links":{"self":[{"href":"https:\/\/tuzlainfo.ba\/index.php\/wp-json\/wp\/v2\/posts\/230038"}],"collection":[{"href":"https:\/\/tuzlainfo.ba\/index.php\/wp-json\/wp\/v2\/posts"}],"about":[{"href":"https:\/\/tuzlainfo.ba\/index.php\/wp-json\/wp\/v2\/types\/post"}],"author":[{"embeddable":true,"href":"https:\/\/tuzlainfo.ba\/index.php\/wp-json\/wp\/v2\/users\/4"}],"replies":[{"embeddable":true,"href":"https:\/\/tuzlainfo.ba\/index.php\/wp-json\/wp\/v2\/comments?post=230038"}],"version-history":[{"count":1,"href":"https:\/\/tuzlainfo.ba\/index.php\/wp-json\/wp\/v2\/posts\/230038\/revisions"}],"predecessor-version":[{"id":230040,"href":"https:\/\/tuzlainfo.ba\/index.php\/wp-json\/wp\/v2\/posts\/230038\/revisions\/230040"}],"wp:featuredmedia":[{"embeddable":true,"href":"https:\/\/tuzlainfo.ba\/index.php\/wp-json\/wp\/v2\/media\/79634"}],"wp:attachment":[{"href":"https:\/\/tuzlainfo.ba\/index.php\/wp-json\/wp\/v2\/media?parent=230038"}],"wp:term":[{"taxonomy":"category","embeddable":true,"href":"https:\/\/tuzlainfo.ba\/index.php\/wp-json\/wp\/v2\/categories?post=230038"},{"taxonomy":"post_tag","embeddable":true,"href":"https:\/\/tuzlainfo.ba\/index.php\/wp-json\/wp\/v2\/tags?post=230038"}],"curies":[{"name":"wp","href":"https:\/\/api.w.org\/{rel}","templated":true}]}}