{"id":229792,"date":"2024-02-11T12:23:44","date_gmt":"2024-02-11T11:23:44","guid":{"rendered":"https:\/\/tuzlainfo.ba\/?p=229792"},"modified":"2024-02-11T12:53:15","modified_gmt":"2024-02-11T11:53:15","slug":"tuzla-veliki-broj-gradjana-se-pridruzio-protestnoj-setnji-zbog-ubistva-amre-kahrimanovic","status":"publish","type":"post","link":"https:\/\/tuzlainfo.ba\/index.php\/novosti\/item\/229792-tuzla-veliki-broj-gradjana-se-pridruzio-protestnoj-setnji-zbog-ubistva-amre-kahrimanovic\/","title":{"rendered":"Tuzla: Veliki broj gra\u0111ana se pridru\u017eio protestnoj \u0161etnji zbog ubistva Amre Kahrimanovi\u0107"},"content":{"rendered":"<p>Vi\u0161e stotina gra\u0111ana Tuzle okupilo se danas u podne ispred kafi\u0107a Sydney na Br\u010danskoj Malti, odakle \u0107e u protestnoj \u0161etnji odati po\u010dast svirepo ubijenoj sugra\u0111anki Amri Kahrimanovi\u0107 Tuzli i ukazati na propuste institucija koje imaju zada\u0107u da gra\u0111anima omogu\u0107e siguran i bezbjedan \u017eivot.<\/p>\n<p>Damir Hod\u017ei\u0107, sin ubijene Amre, pozvao je sugra\u0111ane da se danas u \u0161to ve\u0107em broju okupe u ovoj \u0161etnj koja \u0107e i\u0107i od spoemenutog kafi\u0107a Sydney na Br\u010danskoj Malti do istoimenog kafi\u0107a kod zgrade Cipeli\u0107i.<\/p>\n<p>Podsje\u010damo u kafi\u0107u Sydney, koji se nalazi u sklopu Tr\u017enog centra Sjenjak, Amru je ubio policajac Elvis \u0106ustendil koji je u nedu\u017enu \u017eenu ispalio 16 metaka iz slu\u017ebenog pi\u0161tolja, iako je bio na godi\u0161njem odmoru, a taj pi\u0161tolj trebao predati Upravi policije do povratka na posao.<\/p>\n<p><img fetchpriority=\"high\" decoding=\"async\" class=\"alignnone wp-image-229793 size-large\" src=\"https:\/\/tuzlainfo.ba\/wp-content\/uploads\/2024\/02\/1102_Protestno-okupljanje-1-1024x658.jpg\" alt=\"\" width=\"1024\" height=\"658\" srcset=\"https:\/\/tuzlainfo.ba\/wp-content\/uploads\/2024\/02\/1102_Protestno-okupljanje-1-1024x658.jpg 1024w, https:\/\/tuzlainfo.ba\/wp-content\/uploads\/2024\/02\/1102_Protestno-okupljanje-1-300x193.jpg 300w, https:\/\/tuzlainfo.ba\/wp-content\/uploads\/2024\/02\/1102_Protestno-okupljanje-1-768x494.jpg 768w, https:\/\/tuzlainfo.ba\/wp-content\/uploads\/2024\/02\/1102_Protestno-okupljanje-1-1170x752.jpg 1170w, https:\/\/tuzlainfo.ba\/wp-content\/uploads\/2024\/02\/1102_Protestno-okupljanje-1-585x376.jpg 585w, https:\/\/tuzlainfo.ba\/wp-content\/uploads\/2024\/02\/1102_Protestno-okupljanje-1-150x96.jpg 150w, https:\/\/tuzlainfo.ba\/wp-content\/uploads\/2024\/02\/1102_Protestno-okupljanje-1-500x321.jpg 500w, https:\/\/tuzlainfo.ba\/wp-content\/uploads\/2024\/02\/1102_Protestno-okupljanje-1.jpg 1333w\" sizes=\"(max-width: 1024px) 100vw, 1024px\" \/><\/p>\n<p>D\u017eenaza Amri Kahrimanovi\u0107 je klanjana ju\u010der uz prisustvo velikog broja gra\u0111ana, a gradona\u010delnik Tuzle Zijad Lugavi\u0107 donio je odluku o progla\u0161enju Dana \u017ealosti na podru\u010dju grada u nedjelju 11. februara.<\/p>\n","protected":false},"excerpt":{"rendered":"<p>Vi\u0161e stotina gra\u0111ana Tuzle okupilo se danas u podne ispred kafi\u0107a Sydney na Br\u010danskoj Malti,&hellip;<\/p>\n","protected":false},"author":2,"featured_media":229794,"comment_status":"closed","ping_status":"closed","sticky":false,"template":"","format":"standard","meta":{"_acf_changed":false,"footnotes":""},"categories":[304,12],"tags":[9583,1422,6867],"acf":[],"yoast_head":"<!-- This site is optimized with the Yoast SEO plugin v23.5 - https:\/\/yoast.com\/wordpress\/plugins\/seo\/ -->\n<title>Tuzla: Veliki broj gra\u0111ana se pridru\u017eio protestnoj \u0161etnji zbog ubistva Amre Kahrimanovi\u0107 - TuzlaInfo.ba<\/title>\n<meta name=\"robots\" content=\"index, follow, max-snippet:-1, max-image-preview:large, max-video-preview:-1\" \/>\n<link rel=\"canonical\" href=\"https:\/\/tuzlainfo.ba\/index.php\/novosti\/item\/229792-tuzla-veliki-broj-gradjana-se-pridruzio-protestnoj-setnji-zbog-ubistva-amre-kahrimanovic\/\" \/>\n<meta property=\"og:locale\" content=\"bs_BA\" \/>\n<meta property=\"og:type\" content=\"article\" \/>\n<meta property=\"og:title\" content=\"Tuzla: Veliki broj gra\u0111ana se pridru\u017eio protestnoj \u0161etnji zbog ubistva Amre Kahrimanovi\u0107 - TuzlaInfo.ba\" \/>\n<meta property=\"og:description\" content=\"Vi\u0161e stotina gra\u0111ana Tuzle okupilo se danas u podne ispred kafi\u0107a Sydney na Br\u010danskoj Malti,&hellip;\" \/>\n<meta property=\"og:url\" content=\"https:\/\/tuzlainfo.ba\/index.php\/novosti\/item\/229792-tuzla-veliki-broj-gradjana-se-pridruzio-protestnoj-setnji-zbog-ubistva-amre-kahrimanovic\/\" \/>\n<meta property=\"og:site_name\" content=\"TuzlaInfo.ba\" \/>\n<meta property=\"article:publisher\" content=\"https:\/\/www.facebook.com\/tuzlainfo.ba\/\" \/>\n<meta property=\"article:published_time\" content=\"2024-02-11T11:23:44+00:00\" \/>\n<meta property=\"article:modified_time\" content=\"2024-02-11T11:53:15+00:00\" \/>\n<meta property=\"og:image\" content=\"https:\/\/tuzlainfo.ba\/wp-content\/uploads\/2024\/02\/1102_Protestno-okupljanje-2.jpg\" \/>\n\t<meta property=\"og:image:width\" content=\"1501\" \/>\n\t<meta property=\"og:image:height\" content=\"771\" \/>\n\t<meta property=\"og:image:type\" content=\"image\/jpeg\" \/>\n<meta name=\"author\" content=\"nedim\" \/>\n<meta name=\"twitter:card\" content=\"summary_large_image\" \/>\n<meta name=\"twitter:label1\" content=\"Written by\" \/>\n\t<meta name=\"twitter:data1\" content=\"nedim\" \/>\n\t<meta name=\"twitter:label2\" content=\"Est. reading time\" \/>\n\t<meta name=\"twitter:data2\" content=\"2 minute\" \/>\n<script type=\"application\/ld+json\" class=\"yoast-schema-graph\">{\"@context\":\"https:\/\/schema.org\",\"@graph\":[{\"@type\":\"Article\",\"@id\":\"https:\/\/tuzlainfo.ba\/index.php\/novosti\/item\/229792-tuzla-veliki-broj-gradjana-se-pridruzio-protestnoj-setnji-zbog-ubistva-amre-kahrimanovic\/#article\",\"isPartOf\":{\"@id\":\"https:\/\/tuzlainfo.ba\/index.php\/novosti\/item\/229792-tuzla-veliki-broj-gradjana-se-pridruzio-protestnoj-setnji-zbog-ubistva-amre-kahrimanovic\/\"},\"author\":{\"name\":\"nedim\",\"@id\":\"https:\/\/tuzlainfo.ba\/#\/schema\/person\/f434e20dc27ea133923aab08451b7f7f\"},\"headline\":\"Tuzla: Veliki broj gra\u0111ana se pridru\u017eio protestnoj \u0161etnji zbog ubistva Amre Kahrimanovi\u0107\",\"datePublished\":\"2024-02-11T11:23:44+00:00\",\"dateModified\":\"2024-02-11T11:53:15+00:00\",\"mainEntityOfPage\":{\"@id\":\"https:\/\/tuzlainfo.ba\/index.php\/novosti\/item\/229792-tuzla-veliki-broj-gradjana-se-pridruzio-protestnoj-setnji-zbog-ubistva-amre-kahrimanovic\/\"},\"wordCount\":197,\"publisher\":{\"@id\":\"https:\/\/tuzlainfo.ba\/#organization\"},\"image\":{\"@id\":\"https:\/\/tuzlainfo.ba\/index.php\/novosti\/item\/229792-tuzla-veliki-broj-gradjana-se-pridruzio-protestnoj-setnji-zbog-ubistva-amre-kahrimanovic\/#primaryimage\"},\"thumbnailUrl\":\"https:\/\/tuzlainfo.ba\/wp-content\/uploads\/2024\/02\/1102_Protestno-okupljanje-2.jpg\",\"keywords\":[\"amra kahrimanovi\u0107\",\"protestna \u0161etnja\",\"ubistvo u tuzli\"],\"articleSection\":[\"Istaknuto\",\"Novosti\"],\"inLanguage\":\"bs-BA\"},{\"@type\":\"WebPage\",\"@id\":\"https:\/\/tuzlainfo.ba\/index.php\/novosti\/item\/229792-tuzla-veliki-broj-gradjana-se-pridruzio-protestnoj-setnji-zbog-ubistva-amre-kahrimanovic\/\",\"url\":\"https:\/\/tuzlainfo.ba\/index.php\/novosti\/item\/229792-tuzla-veliki-broj-gradjana-se-pridruzio-protestnoj-setnji-zbog-ubistva-amre-kahrimanovic\/\",\"name\":\"Tuzla: Veliki broj gra\u0111ana se pridru\u017eio protestnoj \u0161etnji zbog ubistva Amre Kahrimanovi\u0107 - TuzlaInfo.ba\",\"isPartOf\":{\"@id\":\"https:\/\/tuzlainfo.ba\/#website\"},\"primaryImageOfPage\":{\"@id\":\"https:\/\/tuzlainfo.ba\/index.php\/novosti\/item\/229792-tuzla-veliki-broj-gradjana-se-pridruzio-protestnoj-setnji-zbog-ubistva-amre-kahrimanovic\/#primaryimage\"},\"image\":{\"@id\":\"https:\/\/tuzlainfo.ba\/index.php\/novosti\/item\/229792-tuzla-veliki-broj-gradjana-se-pridruzio-protestnoj-setnji-zbog-ubistva-amre-kahrimanovic\/#primaryimage\"},\"thumbnailUrl\":\"https:\/\/tuzlainfo.ba\/wp-content\/uploads\/2024\/02\/1102_Protestno-okupljanje-2.jpg\",\"datePublished\":\"2024-02-11T11:23:44+00:00\",\"dateModified\":\"2024-02-11T11:53:15+00:00\",\"breadcrumb\":{\"@id\":\"https:\/\/tuzlainfo.ba\/index.php\/novosti\/item\/229792-tuzla-veliki-broj-gradjana-se-pridruzio-protestnoj-setnji-zbog-ubistva-amre-kahrimanovic\/#breadcrumb\"},\"inLanguage\":\"bs-BA\",\"potentialAction\":[{\"@type\":\"ReadAction\",\"target\":[\"https:\/\/tuzlainfo.ba\/index.php\/novosti\/item\/229792-tuzla-veliki-broj-gradjana-se-pridruzio-protestnoj-setnji-zbog-ubistva-amre-kahrimanovic\/\"]}]},{\"@type\":\"ImageObject\",\"inLanguage\":\"bs-BA\",\"@id\":\"https:\/\/tuzlainfo.ba\/index.php\/novosti\/item\/229792-tuzla-veliki-broj-gradjana-se-pridruzio-protestnoj-setnji-zbog-ubistva-amre-kahrimanovic\/#primaryimage\",\"url\":\"https:\/\/tuzlainfo.ba\/wp-content\/uploads\/2024\/02\/1102_Protestno-okupljanje-2.jpg\",\"contentUrl\":\"https:\/\/tuzlainfo.ba\/wp-content\/uploads\/2024\/02\/1102_Protestno-okupljanje-2.jpg\",\"width\":1501,\"height\":771},{\"@type\":\"BreadcrumbList\",\"@id\":\"https:\/\/tuzlainfo.ba\/index.php\/novosti\/item\/229792-tuzla-veliki-broj-gradjana-se-pridruzio-protestnoj-setnji-zbog-ubistva-amre-kahrimanovic\/#breadcrumb\",\"itemListElement\":[{\"@type\":\"ListItem\",\"position\":1,\"name\":\"Home\",\"item\":\"https:\/\/tuzlainfo.ba\/\"},{\"@type\":\"ListItem\",\"position\":2,\"name\":\"Tuzla: Veliki broj gra\u0111ana se pridru\u017eio protestnoj \u0161etnji zbog ubistva Amre Kahrimanovi\u0107\"}]},{\"@type\":\"WebSite\",\"@id\":\"https:\/\/tuzlainfo.ba\/#website\",\"url\":\"https:\/\/tuzlainfo.ba\/\",\"name\":\"TuzlaInfo.ba\",\"description\":\"Tuzla info, gradski informator - Tuzla na dlanu\",\"publisher\":{\"@id\":\"https:\/\/tuzlainfo.ba\/#organization\"},\"potentialAction\":[{\"@type\":\"SearchAction\",\"target\":{\"@type\":\"EntryPoint\",\"urlTemplate\":\"https:\/\/tuzlainfo.ba\/?s={search_term_string}\"},\"query-input\":{\"@type\":\"PropertyValueSpecification\",\"valueRequired\":true,\"valueName\":\"search_term_string\"}}],\"inLanguage\":\"bs-BA\"},{\"@type\":\"Organization\",\"@id\":\"https:\/\/tuzlainfo.ba\/#organization\",\"name\":\"TuzlaInfo.ba\",\"url\":\"https:\/\/tuzlainfo.ba\/\",\"logo\":{\"@type\":\"ImageObject\",\"inLanguage\":\"bs-BA\",\"@id\":\"https:\/\/tuzlainfo.ba\/#\/schema\/logo\/image\/\",\"url\":\"https:\/\/tuzlainfo.ba\/wp-content\/uploads\/2021\/03\/logo-ver-3-1.png\",\"contentUrl\":\"https:\/\/tuzlainfo.ba\/wp-content\/uploads\/2021\/03\/logo-ver-3-1.png\",\"width\":350,\"height\":95,\"caption\":\"TuzlaInfo.ba\"},\"image\":{\"@id\":\"https:\/\/tuzlainfo.ba\/#\/schema\/logo\/image\/\"},\"sameAs\":[\"https:\/\/www.facebook.com\/tuzlainfo.ba\/\"]},{\"@type\":\"Person\",\"@id\":\"https:\/\/tuzlainfo.ba\/#\/schema\/person\/f434e20dc27ea133923aab08451b7f7f\",\"name\":\"nedim\",\"image\":{\"@type\":\"ImageObject\",\"inLanguage\":\"bs-BA\",\"@id\":\"https:\/\/tuzlainfo.ba\/#\/schema\/person\/image\/\",\"url\":\"https:\/\/tuzlainfo.ba\/wp-content\/litespeed\/avatar\/aabad687af24844af817603ac1cbdc4f.jpg?ver=1777306975\",\"contentUrl\":\"https:\/\/tuzlainfo.ba\/wp-content\/litespeed\/avatar\/aabad687af24844af817603ac1cbdc4f.jpg?ver=1777306975\",\"caption\":\"nedim\"},\"description\":\"Tuzlainfo.ba pratite na dru\u0161tvenim mre\u017eama: Facebook, Instagram i Youtube. Svoje pri\u010de, upite i fotografije \u0161aljite na na\u0161u e-mail adresu.\"}]}<\/script>\n<!-- \/ Yoast SEO plugin. -->","yoast_head_json":{"title":"Tuzla: Veliki broj gra\u0111ana se pridru\u017eio protestnoj \u0161etnji zbog ubistva Amre Kahrimanovi\u0107 - TuzlaInfo.ba","robots":{"index":"index","follow":"follow","max-snippet":"max-snippet:-1","max-image-preview":"max-image-preview:large","max-video-preview":"max-video-preview:-1"},"canonical":"https:\/\/tuzlainfo.ba\/index.php\/novosti\/item\/229792-tuzla-veliki-broj-gradjana-se-pridruzio-protestnoj-setnji-zbog-ubistva-amre-kahrimanovic\/","og_locale":"bs_BA","og_type":"article","og_title":"Tuzla: Veliki broj gra\u0111ana se pridru\u017eio protestnoj \u0161etnji zbog ubistva Amre Kahrimanovi\u0107 - TuzlaInfo.ba","og_description":"Vi\u0161e stotina gra\u0111ana Tuzle okupilo se danas u podne ispred kafi\u0107a Sydney na Br\u010danskoj Malti,&hellip;","og_url":"https:\/\/tuzlainfo.ba\/index.php\/novosti\/item\/229792-tuzla-veliki-broj-gradjana-se-pridruzio-protestnoj-setnji-zbog-ubistva-amre-kahrimanovic\/","og_site_name":"TuzlaInfo.ba","article_publisher":"https:\/\/www.facebook.com\/tuzlainfo.ba\/","article_published_time":"2024-02-11T11:23:44+00:00","article_modified_time":"2024-02-11T11:53:15+00:00","og_image":[{"width":1501,"height":771,"url":"https:\/\/tuzlainfo.ba\/wp-content\/uploads\/2024\/02\/1102_Protestno-okupljanje-2.jpg","type":"image\/jpeg"}],"author":"nedim","twitter_card":"summary_large_image","twitter_misc":{"Written by":"nedim","Est. reading time":"2 minute"},"schema":{"@context":"https:\/\/schema.org","@graph":[{"@type":"Article","@id":"https:\/\/tuzlainfo.ba\/index.php\/novosti\/item\/229792-tuzla-veliki-broj-gradjana-se-pridruzio-protestnoj-setnji-zbog-ubistva-amre-kahrimanovic\/#article","isPartOf":{"@id":"https:\/\/tuzlainfo.ba\/index.php\/novosti\/item\/229792-tuzla-veliki-broj-gradjana-se-pridruzio-protestnoj-setnji-zbog-ubistva-amre-kahrimanovic\/"},"author":{"name":"nedim","@id":"https:\/\/tuzlainfo.ba\/#\/schema\/person\/f434e20dc27ea133923aab08451b7f7f"},"headline":"Tuzla: Veliki broj gra\u0111ana se pridru\u017eio protestnoj \u0161etnji zbog ubistva Amre Kahrimanovi\u0107","datePublished":"2024-02-11T11:23:44+00:00","dateModified":"2024-02-11T11:53:15+00:00","mainEntityOfPage":{"@id":"https:\/\/tuzlainfo.ba\/index.php\/novosti\/item\/229792-tuzla-veliki-broj-gradjana-se-pridruzio-protestnoj-setnji-zbog-ubistva-amre-kahrimanovic\/"},"wordCount":197,"publisher":{"@id":"https:\/\/tuzlainfo.ba\/#organization"},"image":{"@id":"https:\/\/tuzlainfo.ba\/index.php\/novosti\/item\/229792-tuzla-veliki-broj-gradjana-se-pridruzio-protestnoj-setnji-zbog-ubistva-amre-kahrimanovic\/#primaryimage"},"thumbnailUrl":"https:\/\/tuzlainfo.ba\/wp-content\/uploads\/2024\/02\/1102_Protestno-okupljanje-2.jpg","keywords":["amra kahrimanovi\u0107","protestna \u0161etnja","ubistvo u tuzli"],"articleSection":["Istaknuto","Novosti"],"inLanguage":"bs-BA"},{"@type":"WebPage","@id":"https:\/\/tuzlainfo.ba\/index.php\/novosti\/item\/229792-tuzla-veliki-broj-gradjana-se-pridruzio-protestnoj-setnji-zbog-ubistva-amre-kahrimanovic\/","url":"https:\/\/tuzlainfo.ba\/index.php\/novosti\/item\/229792-tuzla-veliki-broj-gradjana-se-pridruzio-protestnoj-setnji-zbog-ubistva-amre-kahrimanovic\/","name":"Tuzla: Veliki broj gra\u0111ana se pridru\u017eio protestnoj \u0161etnji zbog ubistva Amre Kahrimanovi\u0107 - TuzlaInfo.ba","isPartOf":{"@id":"https:\/\/tuzlainfo.ba\/#website"},"primaryImageOfPage":{"@id":"https:\/\/tuzlainfo.ba\/index.php\/novosti\/item\/229792-tuzla-veliki-broj-gradjana-se-pridruzio-protestnoj-setnji-zbog-ubistva-amre-kahrimanovic\/#primaryimage"},"image":{"@id":"https:\/\/tuzlainfo.ba\/index.php\/novosti\/item\/229792-tuzla-veliki-broj-gradjana-se-pridruzio-protestnoj-setnji-zbog-ubistva-amre-kahrimanovic\/#primaryimage"},"thumbnailUrl":"https:\/\/tuzlainfo.ba\/wp-content\/uploads\/2024\/02\/1102_Protestno-okupljanje-2.jpg","datePublished":"2024-02-11T11:23:44+00:00","dateModified":"2024-02-11T11:53:15+00:00","breadcrumb":{"@id":"https:\/\/tuzlainfo.ba\/index.php\/novosti\/item\/229792-tuzla-veliki-broj-gradjana-se-pridruzio-protestnoj-setnji-zbog-ubistva-amre-kahrimanovic\/#breadcrumb"},"inLanguage":"bs-BA","potentialAction":[{"@type":"ReadAction","target":["https:\/\/tuzlainfo.ba\/index.php\/novosti\/item\/229792-tuzla-veliki-broj-gradjana-se-pridruzio-protestnoj-setnji-zbog-ubistva-amre-kahrimanovic\/"]}]},{"@type":"ImageObject","inLanguage":"bs-BA","@id":"https:\/\/tuzlainfo.ba\/index.php\/novosti\/item\/229792-tuzla-veliki-broj-gradjana-se-pridruzio-protestnoj-setnji-zbog-ubistva-amre-kahrimanovic\/#primaryimage","url":"https:\/\/tuzlainfo.ba\/wp-content\/uploads\/2024\/02\/1102_Protestno-okupljanje-2.jpg","contentUrl":"https:\/\/tuzlainfo.ba\/wp-content\/uploads\/2024\/02\/1102_Protestno-okupljanje-2.jpg","width":1501,"height":771},{"@type":"BreadcrumbList","@id":"https:\/\/tuzlainfo.ba\/index.php\/novosti\/item\/229792-tuzla-veliki-broj-gradjana-se-pridruzio-protestnoj-setnji-zbog-ubistva-amre-kahrimanovic\/#breadcrumb","itemListElement":[{"@type":"ListItem","position":1,"name":"Home","item":"https:\/\/tuzlainfo.ba\/"},{"@type":"ListItem","position":2,"name":"Tuzla: Veliki broj gra\u0111ana se pridru\u017eio protestnoj \u0161etnji zbog ubistva Amre Kahrimanovi\u0107"}]},{"@type":"WebSite","@id":"https:\/\/tuzlainfo.ba\/#website","url":"https:\/\/tuzlainfo.ba\/","name":"TuzlaInfo.ba","description":"Tuzla info, gradski informator - Tuzla na dlanu","publisher":{"@id":"https:\/\/tuzlainfo.ba\/#organization"},"potentialAction":[{"@type":"SearchAction","target":{"@type":"EntryPoint","urlTemplate":"https:\/\/tuzlainfo.ba\/?s={search_term_string}"},"query-input":{"@type":"PropertyValueSpecification","valueRequired":true,"valueName":"search_term_string"}}],"inLanguage":"bs-BA"},{"@type":"Organization","@id":"https:\/\/tuzlainfo.ba\/#organization","name":"TuzlaInfo.ba","url":"https:\/\/tuzlainfo.ba\/","logo":{"@type":"ImageObject","inLanguage":"bs-BA","@id":"https:\/\/tuzlainfo.ba\/#\/schema\/logo\/image\/","url":"https:\/\/tuzlainfo.ba\/wp-content\/uploads\/2021\/03\/logo-ver-3-1.png","contentUrl":"https:\/\/tuzlainfo.ba\/wp-content\/uploads\/2021\/03\/logo-ver-3-1.png","width":350,"height":95,"caption":"TuzlaInfo.ba"},"image":{"@id":"https:\/\/tuzlainfo.ba\/#\/schema\/logo\/image\/"},"sameAs":["https:\/\/www.facebook.com\/tuzlainfo.ba\/"]},{"@type":"Person","@id":"https:\/\/tuzlainfo.ba\/#\/schema\/person\/f434e20dc27ea133923aab08451b7f7f","name":"nedim","image":{"@type":"ImageObject","inLanguage":"bs-BA","@id":"https:\/\/tuzlainfo.ba\/#\/schema\/person\/image\/","url":"https:\/\/tuzlainfo.ba\/wp-content\/litespeed\/avatar\/aabad687af24844af817603ac1cbdc4f.jpg?ver=1777306975","contentUrl":"https:\/\/tuzlainfo.ba\/wp-content\/litespeed\/avatar\/aabad687af24844af817603ac1cbdc4f.jpg?ver=1777306975","caption":"nedim"},"description":"Tuzlainfo.ba pratite na dru\u0161tvenim mre\u017eama: Facebook, Instagram i Youtube. Svoje pri\u010de, upite i fotografije \u0161aljite na na\u0161u e-mail adresu."}]}},"_links":{"self":[{"href":"https:\/\/tuzlainfo.ba\/index.php\/wp-json\/wp\/v2\/posts\/229792"}],"collection":[{"href":"https:\/\/tuzlainfo.ba\/index.php\/wp-json\/wp\/v2\/posts"}],"about":[{"href":"https:\/\/tuzlainfo.ba\/index.php\/wp-json\/wp\/v2\/types\/post"}],"author":[{"embeddable":true,"href":"https:\/\/tuzlainfo.ba\/index.php\/wp-json\/wp\/v2\/users\/2"}],"replies":[{"embeddable":true,"href":"https:\/\/tuzlainfo.ba\/index.php\/wp-json\/wp\/v2\/comments?post=229792"}],"version-history":[{"count":1,"href":"https:\/\/tuzlainfo.ba\/index.php\/wp-json\/wp\/v2\/posts\/229792\/revisions"}],"predecessor-version":[{"id":229795,"href":"https:\/\/tuzlainfo.ba\/index.php\/wp-json\/wp\/v2\/posts\/229792\/revisions\/229795"}],"wp:featuredmedia":[{"embeddable":true,"href":"https:\/\/tuzlainfo.ba\/index.php\/wp-json\/wp\/v2\/media\/229794"}],"wp:attachment":[{"href":"https:\/\/tuzlainfo.ba\/index.php\/wp-json\/wp\/v2\/media?parent=229792"}],"wp:term":[{"taxonomy":"category","embeddable":true,"href":"https:\/\/tuzlainfo.ba\/index.php\/wp-json\/wp\/v2\/categories?post=229792"},{"taxonomy":"post_tag","embeddable":true,"href":"https:\/\/tuzlainfo.ba\/index.php\/wp-json\/wp\/v2\/tags?post=229792"}],"curies":[{"name":"wp","href":"https:\/\/api.w.org\/{rel}","templated":true}]}}