{"id":229771,"date":"2024-02-10T17:04:11","date_gmt":"2024-02-10T16:04:11","guid":{"rendered":"https:\/\/tuzlainfo.ba\/?p=229771"},"modified":"2024-02-10T16:01:52","modified_gmt":"2024-02-10T15:01:52","slug":"uskoro-razgovori-za-kandidatima-grupacija-od-14-njemackih-firmi-dolazi-po-radnike-iz-bih","status":"publish","type":"post","link":"https:\/\/tuzlainfo.ba\/index.php\/uncategorized\/item\/229771-uskoro-razgovori-za-kandidatima-grupacija-od-14-njemackih-firmi-dolazi-po-radnike-iz-bih\/","title":{"rendered":"Uskoro razgovori za kandidatima: Grupacija od 14 njema\u010dkih firmi dolazi po radnike iz BiH"},"content":{"rendered":"<p>Njema\u010dka grupacija Netzkontor, koja obuhvata 14 povezanih kompanija, tra\u017ei brojne kandidate elektro struke (m\/\u017e) za rad u Njema\u010dkoj.<\/p>\n<p>Grupacija \u0107e s kandidatima razgovarati u jednom sarajevskom hotelu od 26. do 29. februara, od 9 do 18 sati.<\/p>\n<p>Prva kompanija iz ove grupacije osnovana je jo\u0161 1971. godine, a 2018. godine grupacija je dobila svoj dana\u0161nji oblik i postala je jedna od najprepoznatljivijih grupacija u ovoj bran\u0161i u Njema\u010dkoj.<\/p>\n<p>Danas, grupacija zapo\u0161ljava vi\u0161e od 1.300 stru\u010dnjaka i nudi zna\u010dajne mogu\u0107nosti za rast i razvoj karijere svojim zaposlenicima.<\/p>\n<p>Svojim zaposlenicima, izme\u0111u ostalih pogodnosi, pru\u017ea po\u010detnu platu od 2.500-3.900 eura brutto, pi\u0161e Biznisinfo.ba.<\/p>\n","protected":false},"excerpt":{"rendered":"<p>Njema\u010dka grupacija Netzkontor, koja obuhvata 14 povezanih kompanija, tra\u017ei brojne kandidate elektro struke (m\/\u017e) za rad u Njema\u010dkoj. Grupacija \u0107e s kandidatima razgovarati u jednom sarajevskom hotelu od 26. do 29. februara, od 9 do 18 sati. Prva kompanija iz ove grupacije osnovana je jo\u0161 1971. godine, a 2018. godine grupacija je dobila svoj dana\u0161nji [&hellip;]<\/p>\n","protected":false},"author":2,"featured_media":63647,"comment_status":"closed","ping_status":"closed","sticky":false,"template":"","format":"standard","meta":{"footnotes":""},"categories":[291,1],"tags":[6020],"class_list":["post-229771","post","type-post","status-publish","format-standard","has-post-thumbnail","hentry","category-bosna-i-hercegovina","category-uncategorized","tag-posao-u-njemackoj"],"yoast_head":"<!-- This site is optimized with the Yoast SEO plugin v28.3 - https:\/\/yoast.com\/product\/yoast-seo-wordpress\/ -->\n<title>Uskoro razgovori za kandidatima: Grupacija od 14 njema\u010dkih firmi dolazi po radnike iz BiH<\/title>\n<meta name=\"robots\" content=\"index, follow, max-snippet:-1, max-image-preview:large, max-video-preview:-1\" \/>\n<link rel=\"canonical\" href=\"https:\/\/tuzlainfo.ba\/index.php\/uncategorized\/item\/229771-uskoro-razgovori-za-kandidatima-grupacija-od-14-njemackih-firmi-dolazi-po-radnike-iz-bih\/\" \/>\n<meta property=\"og:locale\" content=\"bs_BA\" \/>\n<meta property=\"og:type\" content=\"article\" \/>\n<meta property=\"og:title\" content=\"Uskoro razgovori za kandidatima: Grupacija od 14 njema\u010dkih firmi dolazi po radnike iz BiH\" \/>\n<meta property=\"og:description\" content=\"Njema\u010dka grupacija Netzkontor, koja obuhvata 14 povezanih kompanija, tra\u017ei brojne kandidate elektro struke (m\/\u017e) za rad u Njema\u010dkoj. Grupacija \u0107e s kandidatima razgovarati u jednom sarajevskom hotelu od 26. do 29. februara, od 9 do 18 sati. Prva kompanija iz ove grupacije osnovana je jo\u0161 1971. godine, a 2018. godine grupacija je dobila svoj dana\u0161nji [&hellip;]\" \/>\n<meta property=\"og:url\" content=\"https:\/\/tuzlainfo.ba\/index.php\/uncategorized\/item\/229771-uskoro-razgovori-za-kandidatima-grupacija-od-14-njemackih-firmi-dolazi-po-radnike-iz-bih\/\" \/>\n<meta property=\"og:site_name\" content=\"TuzlaInfo.ba\" \/>\n<meta property=\"article:publisher\" content=\"https:\/\/www.facebook.com\/tuzlainfo.ba\/\" \/>\n<meta property=\"article:published_time\" content=\"2024-02-10T16:04:11+00:00\" \/>\n<meta property=\"og:image\" content=\"https:\/\/tuzlainfo.ba\/wp-content\/uploads\/2018\/08\/sadrzaj_2018_20180801_2608_njemacka.jpg\" \/>\n\t<meta property=\"og:image:width\" content=\"770\" \/>\n\t<meta property=\"og:image:height\" content=\"433\" \/>\n\t<meta property=\"og:image:type\" content=\"image\/jpeg\" \/>\n<meta name=\"author\" content=\"nedim\" \/>\n<meta name=\"twitter:card\" content=\"summary_large_image\" \/>\n<meta name=\"twitter:label1\" content=\"Written by\" \/>\n\t<meta name=\"twitter:data1\" content=\"nedim\" \/>\n\t<meta name=\"twitter:label2\" content=\"Est. reading time\" \/>\n\t<meta name=\"twitter:data2\" content=\"1 minuta\" \/>\n<script type=\"application\/ld+json\" class=\"yoast-schema-graph\">{\"@context\":\"https:\\\/\\\/schema.org\",\"@graph\":[{\"@type\":\"Article\",\"@id\":\"https:\\\/\\\/tuzlainfo.ba\\\/index.php\\\/uncategorized\\\/item\\\/229771-uskoro-razgovori-za-kandidatima-grupacija-od-14-njemackih-firmi-dolazi-po-radnike-iz-bih\\\/#article\",\"isPartOf\":{\"@id\":\"https:\\\/\\\/tuzlainfo.ba\\\/index.php\\\/uncategorized\\\/item\\\/229771-uskoro-razgovori-za-kandidatima-grupacija-od-14-njemackih-firmi-dolazi-po-radnike-iz-bih\\\/\"},\"author\":{\"name\":\"nedim\",\"@id\":\"https:\\\/\\\/tuzlainfo.ba\\\/#\\\/schema\\\/person\\\/f434e20dc27ea133923aab08451b7f7f\"},\"headline\":\"Uskoro razgovori za kandidatima: Grupacija od 14 njema\u010dkih firmi dolazi po radnike iz BiH\",\"datePublished\":\"2024-02-10T16:04:11+00:00\",\"mainEntityOfPage\":{\"@id\":\"https:\\\/\\\/tuzlainfo.ba\\\/index.php\\\/uncategorized\\\/item\\\/229771-uskoro-razgovori-za-kandidatima-grupacija-od-14-njemackih-firmi-dolazi-po-radnike-iz-bih\\\/\"},\"wordCount\":122,\"publisher\":{\"@id\":\"https:\\\/\\\/tuzlainfo.ba\\\/#organization\"},\"image\":{\"@id\":\"https:\\\/\\\/tuzlainfo.ba\\\/index.php\\\/uncategorized\\\/item\\\/229771-uskoro-razgovori-za-kandidatima-grupacija-od-14-njemackih-firmi-dolazi-po-radnike-iz-bih\\\/#primaryimage\"},\"thumbnailUrl\":\"https:\\\/\\\/tuzlainfo.ba\\\/wp-content\\\/uploads\\\/2018\\\/08\\\/sadrzaj_2018_20180801_2608_njemacka.jpg\",\"keywords\":[\"posao u njema\u010dkoj\"],\"articleSection\":[\"Bosna i Hercegovina\",\"Uncategorized\"],\"inLanguage\":\"bs-BA\",\"copyrightYear\":\"2024\",\"copyrightHolder\":{\"@id\":\"https:\\\/\\\/tuzlainfo.ba\\\/#organization\"}},{\"@type\":\"WebPage\",\"@id\":\"https:\\\/\\\/tuzlainfo.ba\\\/index.php\\\/uncategorized\\\/item\\\/229771-uskoro-razgovori-za-kandidatima-grupacija-od-14-njemackih-firmi-dolazi-po-radnike-iz-bih\\\/\",\"url\":\"https:\\\/\\\/tuzlainfo.ba\\\/index.php\\\/uncategorized\\\/item\\\/229771-uskoro-razgovori-za-kandidatima-grupacija-od-14-njemackih-firmi-dolazi-po-radnike-iz-bih\\\/\",\"name\":\"Uskoro razgovori za kandidatima: Grupacija od 14 njema\u010dkih firmi dolazi po radnike iz BiH\",\"isPartOf\":{\"@id\":\"https:\\\/\\\/tuzlainfo.ba\\\/#website\"},\"primaryImageOfPage\":{\"@id\":\"https:\\\/\\\/tuzlainfo.ba\\\/index.php\\\/uncategorized\\\/item\\\/229771-uskoro-razgovori-za-kandidatima-grupacija-od-14-njemackih-firmi-dolazi-po-radnike-iz-bih\\\/#primaryimage\"},\"image\":{\"@id\":\"https:\\\/\\\/tuzlainfo.ba\\\/index.php\\\/uncategorized\\\/item\\\/229771-uskoro-razgovori-za-kandidatima-grupacija-od-14-njemackih-firmi-dolazi-po-radnike-iz-bih\\\/#primaryimage\"},\"thumbnailUrl\":\"https:\\\/\\\/tuzlainfo.ba\\\/wp-content\\\/uploads\\\/2018\\\/08\\\/sadrzaj_2018_20180801_2608_njemacka.jpg\",\"datePublished\":\"2024-02-10T16:04:11+00:00\",\"breadcrumb\":{\"@id\":\"https:\\\/\\\/tuzlainfo.ba\\\/index.php\\\/uncategorized\\\/item\\\/229771-uskoro-razgovori-za-kandidatima-grupacija-od-14-njemackih-firmi-dolazi-po-radnike-iz-bih\\\/#breadcrumb\"},\"inLanguage\":\"bs-BA\",\"potentialAction\":[{\"@type\":\"ReadAction\",\"target\":[\"https:\\\/\\\/tuzlainfo.ba\\\/index.php\\\/uncategorized\\\/item\\\/229771-uskoro-razgovori-za-kandidatima-grupacija-od-14-njemackih-firmi-dolazi-po-radnike-iz-bih\\\/\"]}]},{\"@type\":\"ImageObject\",\"inLanguage\":\"bs-BA\",\"@id\":\"https:\\\/\\\/tuzlainfo.ba\\\/index.php\\\/uncategorized\\\/item\\\/229771-uskoro-razgovori-za-kandidatima-grupacija-od-14-njemackih-firmi-dolazi-po-radnike-iz-bih\\\/#primaryimage\",\"url\":\"https:\\\/\\\/tuzlainfo.ba\\\/wp-content\\\/uploads\\\/2018\\\/08\\\/sadrzaj_2018_20180801_2608_njemacka.jpg\",\"contentUrl\":\"https:\\\/\\\/tuzlainfo.ba\\\/wp-content\\\/uploads\\\/2018\\\/08\\\/sadrzaj_2018_20180801_2608_njemacka.jpg\",\"width\":770,\"height\":433,\"caption\":\"2608 njemacka\"},{\"@type\":\"BreadcrumbList\",\"@id\":\"https:\\\/\\\/tuzlainfo.ba\\\/index.php\\\/uncategorized\\\/item\\\/229771-uskoro-razgovori-za-kandidatima-grupacija-od-14-njemackih-firmi-dolazi-po-radnike-iz-bih\\\/#breadcrumb\",\"itemListElement\":[{\"@type\":\"ListItem\",\"position\":1,\"name\":\"Home\",\"item\":\"https:\\\/\\\/tuzlainfo.ba\\\/\"},{\"@type\":\"ListItem\",\"position\":2,\"name\":\"Uskoro razgovori za kandidatima: Grupacija od 14 njema\u010dkih firmi dolazi po radnike iz BiH\"}]},{\"@type\":\"WebSite\",\"@id\":\"https:\\\/\\\/tuzlainfo.ba\\\/#website\",\"url\":\"https:\\\/\\\/tuzlainfo.ba\\\/\",\"name\":\"TuzlaInfo.ba\",\"description\":\"Tuzla info, gradski informator - Tuzla na dlanu\",\"publisher\":{\"@id\":\"https:\\\/\\\/tuzlainfo.ba\\\/#organization\"},\"potentialAction\":[{\"@type\":\"SearchAction\",\"target\":{\"@type\":\"EntryPoint\",\"urlTemplate\":\"https:\\\/\\\/tuzlainfo.ba\\\/?s={search_term_string}\"},\"query-input\":{\"@type\":\"PropertyValueSpecification\",\"valueRequired\":true,\"valueName\":\"search_term_string\"}}],\"inLanguage\":\"bs-BA\"},{\"@type\":\"Organization\",\"@id\":\"https:\\\/\\\/tuzlainfo.ba\\\/#organization\",\"name\":\"TuzlaInfo.ba\",\"url\":\"https:\\\/\\\/tuzlainfo.ba\\\/\",\"logo\":{\"@type\":\"ImageObject\",\"inLanguage\":\"bs-BA\",\"@id\":\"https:\\\/\\\/tuzlainfo.ba\\\/#\\\/schema\\\/logo\\\/image\\\/\",\"url\":\"https:\\\/\\\/tuzlainfo.ba\\\/wp-content\\\/uploads\\\/2021\\\/03\\\/logo-ver-3-1.png\",\"contentUrl\":\"https:\\\/\\\/tuzlainfo.ba\\\/wp-content\\\/uploads\\\/2021\\\/03\\\/logo-ver-3-1.png\",\"width\":350,\"height\":95,\"caption\":\"TuzlaInfo.ba\"},\"image\":{\"@id\":\"https:\\\/\\\/tuzlainfo.ba\\\/#\\\/schema\\\/logo\\\/image\\\/\"},\"sameAs\":[\"https:\\\/\\\/www.facebook.com\\\/tuzlainfo.ba\\\/\"]},{\"@type\":\"Person\",\"@id\":\"https:\\\/\\\/tuzlainfo.ba\\\/#\\\/schema\\\/person\\\/f434e20dc27ea133923aab08451b7f7f\",\"name\":\"nedim\",\"image\":{\"@type\":\"ImageObject\",\"inLanguage\":\"bs-BA\",\"@id\":\"https:\\\/\\\/secure.gravatar.com\\\/avatar\\\/5b928a2e7e70a54208d2eb6c1edcb75a5350d6ae97d5f0a701203d456823f6f3?s=96&d=mm&r=g\",\"url\":\"https:\\\/\\\/secure.gravatar.com\\\/avatar\\\/5b928a2e7e70a54208d2eb6c1edcb75a5350d6ae97d5f0a701203d456823f6f3?s=96&d=mm&r=g\",\"contentUrl\":\"https:\\\/\\\/secure.gravatar.com\\\/avatar\\\/5b928a2e7e70a54208d2eb6c1edcb75a5350d6ae97d5f0a701203d456823f6f3?s=96&d=mm&r=g\",\"caption\":\"nedim\"},\"description\":\"Tuzlainfo.ba pratite na dru\u0161tvenim mre\u017eama: Facebook, Instagram i Youtube. Svoje pri\u010de, upite i fotografije \u0161aljite na na\u0161u e-mail adresu.\"}]}<\/script>\n<!-- \/ Yoast SEO plugin. -->","yoast_head_json":{"title":"Uskoro razgovori za kandidatima: Grupacija od 14 njema\u010dkih firmi dolazi po radnike iz BiH","robots":{"index":"index","follow":"follow","max-snippet":"max-snippet:-1","max-image-preview":"max-image-preview:large","max-video-preview":"max-video-preview:-1"},"canonical":"https:\/\/tuzlainfo.ba\/index.php\/uncategorized\/item\/229771-uskoro-razgovori-za-kandidatima-grupacija-od-14-njemackih-firmi-dolazi-po-radnike-iz-bih\/","og_locale":"bs_BA","og_type":"article","og_title":"Uskoro razgovori za kandidatima: Grupacija od 14 njema\u010dkih firmi dolazi po radnike iz BiH","og_description":"Njema\u010dka grupacija Netzkontor, koja obuhvata 14 povezanih kompanija, tra\u017ei brojne kandidate elektro struke (m\/\u017e) za rad u Njema\u010dkoj. Grupacija \u0107e s kandidatima razgovarati u jednom sarajevskom hotelu od 26. do 29. februara, od 9 do 18 sati. Prva kompanija iz ove grupacije osnovana je jo\u0161 1971. godine, a 2018. godine grupacija je dobila svoj dana\u0161nji [&hellip;]","og_url":"https:\/\/tuzlainfo.ba\/index.php\/uncategorized\/item\/229771-uskoro-razgovori-za-kandidatima-grupacija-od-14-njemackih-firmi-dolazi-po-radnike-iz-bih\/","og_site_name":"TuzlaInfo.ba","article_publisher":"https:\/\/www.facebook.com\/tuzlainfo.ba\/","article_published_time":"2024-02-10T16:04:11+00:00","og_image":[{"width":770,"height":433,"url":"https:\/\/tuzlainfo.ba\/wp-content\/uploads\/2018\/08\/sadrzaj_2018_20180801_2608_njemacka.jpg","type":"image\/jpeg"}],"author":"nedim","twitter_card":"summary_large_image","twitter_misc":{"Written by":"nedim","Est. reading time":"1 minuta"},"schema":{"@context":"https:\/\/schema.org","@graph":[{"@type":"Article","@id":"https:\/\/tuzlainfo.ba\/index.php\/uncategorized\/item\/229771-uskoro-razgovori-za-kandidatima-grupacija-od-14-njemackih-firmi-dolazi-po-radnike-iz-bih\/#article","isPartOf":{"@id":"https:\/\/tuzlainfo.ba\/index.php\/uncategorized\/item\/229771-uskoro-razgovori-za-kandidatima-grupacija-od-14-njemackih-firmi-dolazi-po-radnike-iz-bih\/"},"author":{"name":"nedim","@id":"https:\/\/tuzlainfo.ba\/#\/schema\/person\/f434e20dc27ea133923aab08451b7f7f"},"headline":"Uskoro razgovori za kandidatima: Grupacija od 14 njema\u010dkih firmi dolazi po radnike iz BiH","datePublished":"2024-02-10T16:04:11+00:00","mainEntityOfPage":{"@id":"https:\/\/tuzlainfo.ba\/index.php\/uncategorized\/item\/229771-uskoro-razgovori-za-kandidatima-grupacija-od-14-njemackih-firmi-dolazi-po-radnike-iz-bih\/"},"wordCount":122,"publisher":{"@id":"https:\/\/tuzlainfo.ba\/#organization"},"image":{"@id":"https:\/\/tuzlainfo.ba\/index.php\/uncategorized\/item\/229771-uskoro-razgovori-za-kandidatima-grupacija-od-14-njemackih-firmi-dolazi-po-radnike-iz-bih\/#primaryimage"},"thumbnailUrl":"https:\/\/tuzlainfo.ba\/wp-content\/uploads\/2018\/08\/sadrzaj_2018_20180801_2608_njemacka.jpg","keywords":["posao u njema\u010dkoj"],"articleSection":["Bosna i Hercegovina","Uncategorized"],"inLanguage":"bs-BA","copyrightYear":"2024","copyrightHolder":{"@id":"https:\/\/tuzlainfo.ba\/#organization"}},{"@type":"WebPage","@id":"https:\/\/tuzlainfo.ba\/index.php\/uncategorized\/item\/229771-uskoro-razgovori-za-kandidatima-grupacija-od-14-njemackih-firmi-dolazi-po-radnike-iz-bih\/","url":"https:\/\/tuzlainfo.ba\/index.php\/uncategorized\/item\/229771-uskoro-razgovori-za-kandidatima-grupacija-od-14-njemackih-firmi-dolazi-po-radnike-iz-bih\/","name":"Uskoro razgovori za kandidatima: Grupacija od 14 njema\u010dkih firmi dolazi po radnike iz BiH","isPartOf":{"@id":"https:\/\/tuzlainfo.ba\/#website"},"primaryImageOfPage":{"@id":"https:\/\/tuzlainfo.ba\/index.php\/uncategorized\/item\/229771-uskoro-razgovori-za-kandidatima-grupacija-od-14-njemackih-firmi-dolazi-po-radnike-iz-bih\/#primaryimage"},"image":{"@id":"https:\/\/tuzlainfo.ba\/index.php\/uncategorized\/item\/229771-uskoro-razgovori-za-kandidatima-grupacija-od-14-njemackih-firmi-dolazi-po-radnike-iz-bih\/#primaryimage"},"thumbnailUrl":"https:\/\/tuzlainfo.ba\/wp-content\/uploads\/2018\/08\/sadrzaj_2018_20180801_2608_njemacka.jpg","datePublished":"2024-02-10T16:04:11+00:00","breadcrumb":{"@id":"https:\/\/tuzlainfo.ba\/index.php\/uncategorized\/item\/229771-uskoro-razgovori-za-kandidatima-grupacija-od-14-njemackih-firmi-dolazi-po-radnike-iz-bih\/#breadcrumb"},"inLanguage":"bs-BA","potentialAction":[{"@type":"ReadAction","target":["https:\/\/tuzlainfo.ba\/index.php\/uncategorized\/item\/229771-uskoro-razgovori-za-kandidatima-grupacija-od-14-njemackih-firmi-dolazi-po-radnike-iz-bih\/"]}]},{"@type":"ImageObject","inLanguage":"bs-BA","@id":"https:\/\/tuzlainfo.ba\/index.php\/uncategorized\/item\/229771-uskoro-razgovori-za-kandidatima-grupacija-od-14-njemackih-firmi-dolazi-po-radnike-iz-bih\/#primaryimage","url":"https:\/\/tuzlainfo.ba\/wp-content\/uploads\/2018\/08\/sadrzaj_2018_20180801_2608_njemacka.jpg","contentUrl":"https:\/\/tuzlainfo.ba\/wp-content\/uploads\/2018\/08\/sadrzaj_2018_20180801_2608_njemacka.jpg","width":770,"height":433,"caption":"2608 njemacka"},{"@type":"BreadcrumbList","@id":"https:\/\/tuzlainfo.ba\/index.php\/uncategorized\/item\/229771-uskoro-razgovori-za-kandidatima-grupacija-od-14-njemackih-firmi-dolazi-po-radnike-iz-bih\/#breadcrumb","itemListElement":[{"@type":"ListItem","position":1,"name":"Home","item":"https:\/\/tuzlainfo.ba\/"},{"@type":"ListItem","position":2,"name":"Uskoro razgovori za kandidatima: Grupacija od 14 njema\u010dkih firmi dolazi po radnike iz BiH"}]},{"@type":"WebSite","@id":"https:\/\/tuzlainfo.ba\/#website","url":"https:\/\/tuzlainfo.ba\/","name":"TuzlaInfo.ba","description":"Tuzla info, gradski informator - Tuzla na dlanu","publisher":{"@id":"https:\/\/tuzlainfo.ba\/#organization"},"potentialAction":[{"@type":"SearchAction","target":{"@type":"EntryPoint","urlTemplate":"https:\/\/tuzlainfo.ba\/?s={search_term_string}"},"query-input":{"@type":"PropertyValueSpecification","valueRequired":true,"valueName":"search_term_string"}}],"inLanguage":"bs-BA"},{"@type":"Organization","@id":"https:\/\/tuzlainfo.ba\/#organization","name":"TuzlaInfo.ba","url":"https:\/\/tuzlainfo.ba\/","logo":{"@type":"ImageObject","inLanguage":"bs-BA","@id":"https:\/\/tuzlainfo.ba\/#\/schema\/logo\/image\/","url":"https:\/\/tuzlainfo.ba\/wp-content\/uploads\/2021\/03\/logo-ver-3-1.png","contentUrl":"https:\/\/tuzlainfo.ba\/wp-content\/uploads\/2021\/03\/logo-ver-3-1.png","width":350,"height":95,"caption":"TuzlaInfo.ba"},"image":{"@id":"https:\/\/tuzlainfo.ba\/#\/schema\/logo\/image\/"},"sameAs":["https:\/\/www.facebook.com\/tuzlainfo.ba\/"]},{"@type":"Person","@id":"https:\/\/tuzlainfo.ba\/#\/schema\/person\/f434e20dc27ea133923aab08451b7f7f","name":"nedim","image":{"@type":"ImageObject","inLanguage":"bs-BA","@id":"https:\/\/secure.gravatar.com\/avatar\/5b928a2e7e70a54208d2eb6c1edcb75a5350d6ae97d5f0a701203d456823f6f3?s=96&d=mm&r=g","url":"https:\/\/secure.gravatar.com\/avatar\/5b928a2e7e70a54208d2eb6c1edcb75a5350d6ae97d5f0a701203d456823f6f3?s=96&d=mm&r=g","contentUrl":"https:\/\/secure.gravatar.com\/avatar\/5b928a2e7e70a54208d2eb6c1edcb75a5350d6ae97d5f0a701203d456823f6f3?s=96&d=mm&r=g","caption":"nedim"},"description":"Tuzlainfo.ba pratite na dru\u0161tvenim mre\u017eama: Facebook, Instagram i Youtube. Svoje pri\u010de, upite i fotografije \u0161aljite na na\u0161u e-mail adresu."}]}},"_links":{"self":[{"href":"https:\/\/tuzlainfo.ba\/index.php\/wp-json\/wp\/v2\/posts\/229771","targetHints":{"allow":["GET"]}}],"collection":[{"href":"https:\/\/tuzlainfo.ba\/index.php\/wp-json\/wp\/v2\/posts"}],"about":[{"href":"https:\/\/tuzlainfo.ba\/index.php\/wp-json\/wp\/v2\/types\/post"}],"author":[{"embeddable":true,"href":"https:\/\/tuzlainfo.ba\/index.php\/wp-json\/wp\/v2\/users\/2"}],"replies":[{"embeddable":true,"href":"https:\/\/tuzlainfo.ba\/index.php\/wp-json\/wp\/v2\/comments?post=229771"}],"version-history":[{"count":1,"href":"https:\/\/tuzlainfo.ba\/index.php\/wp-json\/wp\/v2\/posts\/229771\/revisions"}],"predecessor-version":[{"id":229772,"href":"https:\/\/tuzlainfo.ba\/index.php\/wp-json\/wp\/v2\/posts\/229771\/revisions\/229772"}],"wp:featuredmedia":[{"embeddable":true,"href":"https:\/\/tuzlainfo.ba\/index.php\/wp-json\/wp\/v2\/media\/63647"}],"wp:attachment":[{"href":"https:\/\/tuzlainfo.ba\/index.php\/wp-json\/wp\/v2\/media?parent=229771"}],"wp:term":[{"taxonomy":"category","embeddable":true,"href":"https:\/\/tuzlainfo.ba\/index.php\/wp-json\/wp\/v2\/categories?post=229771"},{"taxonomy":"post_tag","embeddable":true,"href":"https:\/\/tuzlainfo.ba\/index.php\/wp-json\/wp\/v2\/tags?post=229771"}],"curies":[{"name":"wp","href":"https:\/\/api.w.org\/{rel}","templated":true}]}}