{"id":229725,"date":"2024-02-09T22:40:14","date_gmt":"2024-02-09T21:40:14","guid":{"rendered":"https:\/\/tuzlainfo.ba\/?p=229725"},"modified":"2024-02-09T22:40:14","modified_gmt":"2024-02-09T21:40:14","slug":"ispovijest-sina-ubijene-amre-kahrimanovic-kako-se-moze-ne-sjecati-prvog-metka-to-su-bajke","status":"publish","type":"post","link":"https:\/\/tuzlainfo.ba\/index.php\/novosti\/item\/229725-ispovijest-sina-ubijene-amre-kahrimanovic-kako-se-moze-ne-sjecati-prvog-metka-to-su-bajke\/","title":{"rendered":"Ispovijest sina ubijene Amre Kahrimanovi\u0107: &#8220;Kako se mo\u017ee ne sje\u0107ati prvog metka, to su bajke&#8221;"},"content":{"rendered":"<p>Pripadnik MUP-a Tuzlanskog kantona Elvis \u0106ustendil u srijedu oko 21 sat je iz slu\u017ebenog pi\u0161tolja ubio suvlasnicu kafi\u0107a Amru Kahrimanovi\u0107. Ispalio joj je hitac u le\u0111a, a potom jo\u0161 15 dok je le\u017eala na zemlji. Udaljio se s mjesta doga\u0111aja, ali je ubrzo prona\u0111en i uhap\u0161en. Za njega je danas predlo\u017een pritvor.<\/p>\n<p>Sin i brat ubijene gostovali su ve\u010deras na\u00a0<a href=\"https:\/\/www.face.ba\/\" target=\"_blank\" rel=\"noopener\">Face TV<\/a>.<\/p>\n<p>&#8211; Jako je te\u0161ko prisjetit se tog trenutka. Nazvala me oko 9 sati zaposlenica kafi\u0107a. \u010cuo sam negdje kao da neko govori: &#8220;Ko \u0107e mu re\u0107i da je ubijena&#8221;. \u010cuo sam to negdje u pozadini. Odmah sam krenuo tamo. Ni najve\u0107em neprijatelju ne bi po\u017eelio da do\u017eivi takav trenutak. Do\u0161ao sam u 21 sat i 18 minuta. Trakama bilo ogra\u0111eno, a zaposlenici su izlazili iz Tr\u017enog centra. Molio sam Boga samo da nije preminula. Vidio sam svoju sestru kako le\u017ei. Monstruozno likvidirana. Pri\u0161ao sam i nestvarno je djelovala slika. Le\u017eala je u takvom polo\u017eaju\u2026 Nisam mogao da vjerujem &#8211; kazao je Ned\u017ead Kahrimanovi\u0107, brat ubijene Amre.<\/p>\n<p>Njen sin, Damir Hod\u017ei\u0107, kazao je kako je poznavao \u0106ustendila.<\/p>\n<p>&#8211; Znao sam ga. Bio je na\u0161 stalni gost posljednih \u0161est mjeseci. Nekoliko puta smo sjedili sa njim. Imali smo normalne teme. Bio je redovan tu. Do\u0111e sa posla popije pi\u0107e\u2026 Ina\u010de je hodao po svim lokalima u tr\u017enom centru. Svi su znali da je \u010dudan \u010dovjek. \u0160iri negativnu energiju. Vidjelo se u njegovom pogledu da nije psihi\u010dki stabilan. Do\u0161li smo do saznanja da je vi\u0161e puta spuspendovan. Vi\u0161e puta oduzimano oru\u017eje. Vr\u0161io porodi\u010dno nasilje, supruga i k\u0107erka zavr\u0161avale u sigurnoj ku\u0107i. To su znale njegove kolege, prijatelji. U vrijeme ubistva policajac ubica je bio na godi\u0161njem odmoru. Tri dana prije ubistva je uzeo godi\u0161nji. Policajac ubica je bio du\u017ean da svoj pi\u0161tolj preda unutar prostorija MUP-a TK &#8211; kazao je Damir.<\/p>\n<p>Naglasio je da njegova majka i \u0106ustendil nisu bili ni u kakvoj vrsti odnosa.<\/p>\n<p>&#8211; Mi kao porodica osje\u0107amo du\u017enost i potrebu da ka\u017eemo istinu. Oni nisu bili ni u kakvoj vrsti odnosa. Njihov odnos je bio gost i konobarica. I ni\u0161ta vi\u0161e. Nikakvog drugog odnosa nije bilo. Taj \u010dovjek je bio u braku, ima dijete. Moja majka je bila \u010dasna, vrijedna, po\u0161tena \u017eena. \u017dena koja se okrenula vjeri. Pro\u0161le godine smo joj organizovali da ode na Umru. Da obavi i taj poziv. Nekako u zadnjih par godina je procvjetala. Toliko je imala \u017eivota u sebi. Toliko smo toga planirali. Toliko smo imali planova za budu\u0107nost. Planirali smo svadbu mene i moje djevojke, razgovarali smo o budu\u0107im unucima. Svijet mi se sru\u0161io, uni\u0161tio mi je \u017eivot. Uni\u0161tio mi je sve. Bilo koja kazna koju dobije ne\u0107e mi je vratiti, niti \u0107e mene utje\u0161iti &#8211; rekao je Damir.<\/p>\n<p>Ispri\u010dao je da je Amra bila samohrana majka.<\/p>\n<p>&#8211; Ona je imala samo mene, ja sam imao samo nju. Od \u010detvrte godine moja majka je bila samohrana majka. Sami smo prolazili kroz \u017eivot, sve prepreke smo sami prevazilazili. Toliko smo bili bliski i vezani. Svaki dan smo se \u010duli. Kada god sam prolazio pored kafi\u0107a, stanem da je vidim. Kratko je poljubim, zagrlim. Po\u010dinioc se zna. Znamo ko je ubio. Ali on nije sam. On nije jedini po\u010dinalac. Sistem je po ko zna koji put zakazao. Dr\u017eava je po ko zna koji put zakazala. Senade, ovo je svirepo, monsturozno ubistvo. To nije ubistvo, to je likvidacija. Takvom \u010dovjeku dati pi\u0161tolj od 18 metaka sa takvim pona\u0161anjem i pustiti ga me\u0111u ljude, da li je to uredu? \u010citava BiH treba da isprati ovaj slu\u010daj. Dobili smo puno podr\u0161ke sa svih strana. Treba da se trgnemo i ne\u0161to poduzmemo. Neko mora odgovarati &#8211; naglasio je Damir.<\/p>\n<p>Rekao je da je njegovoj majci za dva dana trebao biti ro\u0111endan.<\/p>\n<p>&#8211; Moja majka je ubijena u srijedu. Mi smo dan prije bili na nekoj d\u017eenazi. Ro\u0111ak nam je preminuo. Bili smo u \u017ealosti. Tu no\u0107 smo do\u0161li kasno ku\u0107i u utorak. Vratila me ku\u0107i, poljubili smo se i izgrlili. Nasmijano oprostili. Vi\u0161e je nisam vidio. Dogovorili smo se da u srijedu nazovem restoran u Tuzli i rezervi\u0161em sto za na\u0161u porodicu kako bi proslavili u nedjelju. Njen ro\u0111endan je za dva dana. Mi sutra moramo da spustimo u zemlju, ro\u0111endan joj je prekosutra. Kako se mo\u017ee ne sje\u0107ati prvog metka? To su bajke. On je bio pjan. Vrtio sam da li je bila neka simpatija prema meni, znao je udjeliti neki kompliment. Moja majka nikada nije na to reagovala. Ne znam da li je to motiv. Nisu bili ni u kakvoj vrsti odnosa &#8211; ponovio je Damir, prenosi\u00a0<a href=\"https:\/\/n1info.ba\/vijesti\/emotivna-ispovijest-sina-ubijene-amre-kahrimanovic-ja-sam-imao-samo-majku-ona-je-imala-samo-mene\/\" target=\"_blank\" rel=\"noopener\">N1<\/a>.<\/p>\n","protected":false},"excerpt":{"rendered":"<p>Pripadnik MUP-a Tuzlanskog kantona Elvis \u0106ustendil u srijedu oko 21 sat je iz slu\u017ebenog pi\u0161tolja&hellip;<\/p>\n","protected":false},"author":2,"featured_media":229726,"comment_status":"closed","ping_status":"closed","sticky":false,"template":"","format":"standard","meta":{"_acf_changed":false,"footnotes":""},"categories":[304,12],"tags":[9583,6867],"acf":[],"yoast_head":"<!-- This site is optimized with the Yoast SEO plugin v23.5 - https:\/\/yoast.com\/wordpress\/plugins\/seo\/ -->\n<title>Ispovijest sina ubijene Amre Kahrimanovi\u0107: &quot;Kako se mo\u017ee ne sje\u0107ati prvog metka, to su bajke&quot; - TuzlaInfo.ba<\/title>\n<meta name=\"robots\" content=\"index, follow, max-snippet:-1, max-image-preview:large, max-video-preview:-1\" \/>\n<link rel=\"canonical\" href=\"https:\/\/tuzlainfo.ba\/index.php\/novosti\/item\/229725-ispovijest-sina-ubijene-amre-kahrimanovic-kako-se-moze-ne-sjecati-prvog-metka-to-su-bajke\/\" \/>\n<meta property=\"og:locale\" content=\"bs_BA\" \/>\n<meta property=\"og:type\" content=\"article\" \/>\n<meta property=\"og:title\" content=\"Ispovijest sina ubijene Amre Kahrimanovi\u0107: &quot;Kako se mo\u017ee ne sje\u0107ati prvog metka, to su bajke&quot; - TuzlaInfo.ba\" \/>\n<meta property=\"og:description\" content=\"Pripadnik MUP-a Tuzlanskog kantona Elvis \u0106ustendil u srijedu oko 21 sat je iz slu\u017ebenog pi\u0161tolja&hellip;\" \/>\n<meta property=\"og:url\" content=\"https:\/\/tuzlainfo.ba\/index.php\/novosti\/item\/229725-ispovijest-sina-ubijene-amre-kahrimanovic-kako-se-moze-ne-sjecati-prvog-metka-to-su-bajke\/\" \/>\n<meta property=\"og:site_name\" content=\"TuzlaInfo.ba\" \/>\n<meta property=\"article:publisher\" content=\"https:\/\/www.facebook.com\/tuzlainfo.ba\/\" \/>\n<meta property=\"article:published_time\" content=\"2024-02-09T21:40:14+00:00\" \/>\n<meta property=\"og:image\" content=\"https:\/\/tuzlainfo.ba\/wp-content\/uploads\/2024\/02\/0902_damir_hodzic.jpg\" \/>\n\t<meta property=\"og:image:width\" content=\"800\" \/>\n\t<meta property=\"og:image:height\" content=\"580\" \/>\n\t<meta property=\"og:image:type\" content=\"image\/jpeg\" \/>\n<meta name=\"author\" content=\"nedim\" \/>\n<meta name=\"twitter:card\" content=\"summary_large_image\" \/>\n<meta name=\"twitter:label1\" content=\"Written by\" \/>\n\t<meta name=\"twitter:data1\" content=\"nedim\" \/>\n\t<meta name=\"twitter:label2\" content=\"Est. reading time\" \/>\n\t<meta name=\"twitter:data2\" content=\"5 minuta\" \/>\n<script type=\"application\/ld+json\" class=\"yoast-schema-graph\">{\"@context\":\"https:\/\/schema.org\",\"@graph\":[{\"@type\":\"Article\",\"@id\":\"https:\/\/tuzlainfo.ba\/index.php\/novosti\/item\/229725-ispovijest-sina-ubijene-amre-kahrimanovic-kako-se-moze-ne-sjecati-prvog-metka-to-su-bajke\/#article\",\"isPartOf\":{\"@id\":\"https:\/\/tuzlainfo.ba\/index.php\/novosti\/item\/229725-ispovijest-sina-ubijene-amre-kahrimanovic-kako-se-moze-ne-sjecati-prvog-metka-to-su-bajke\/\"},\"author\":{\"name\":\"nedim\",\"@id\":\"https:\/\/tuzlainfo.ba\/#\/schema\/person\/f434e20dc27ea133923aab08451b7f7f\"},\"headline\":\"Ispovijest sina ubijene Amre Kahrimanovi\u0107: &#8220;Kako se mo\u017ee ne sje\u0107ati prvog metka, to su bajke&#8221;\",\"datePublished\":\"2024-02-09T21:40:14+00:00\",\"dateModified\":\"2024-02-09T21:40:14+00:00\",\"mainEntityOfPage\":{\"@id\":\"https:\/\/tuzlainfo.ba\/index.php\/novosti\/item\/229725-ispovijest-sina-ubijene-amre-kahrimanovic-kako-se-moze-ne-sjecati-prvog-metka-to-su-bajke\/\"},\"wordCount\":844,\"publisher\":{\"@id\":\"https:\/\/tuzlainfo.ba\/#organization\"},\"image\":{\"@id\":\"https:\/\/tuzlainfo.ba\/index.php\/novosti\/item\/229725-ispovijest-sina-ubijene-amre-kahrimanovic-kako-se-moze-ne-sjecati-prvog-metka-to-su-bajke\/#primaryimage\"},\"thumbnailUrl\":\"https:\/\/tuzlainfo.ba\/wp-content\/uploads\/2024\/02\/0902_damir_hodzic.jpg\",\"keywords\":[\"amra kahrimanovi\u0107\",\"ubistvo u tuzli\"],\"articleSection\":[\"Istaknuto\",\"Novosti\"],\"inLanguage\":\"bs-BA\"},{\"@type\":\"WebPage\",\"@id\":\"https:\/\/tuzlainfo.ba\/index.php\/novosti\/item\/229725-ispovijest-sina-ubijene-amre-kahrimanovic-kako-se-moze-ne-sjecati-prvog-metka-to-su-bajke\/\",\"url\":\"https:\/\/tuzlainfo.ba\/index.php\/novosti\/item\/229725-ispovijest-sina-ubijene-amre-kahrimanovic-kako-se-moze-ne-sjecati-prvog-metka-to-su-bajke\/\",\"name\":\"Ispovijest sina ubijene Amre Kahrimanovi\u0107: \\\"Kako se mo\u017ee ne sje\u0107ati prvog metka, to su bajke\\\" - TuzlaInfo.ba\",\"isPartOf\":{\"@id\":\"https:\/\/tuzlainfo.ba\/#website\"},\"primaryImageOfPage\":{\"@id\":\"https:\/\/tuzlainfo.ba\/index.php\/novosti\/item\/229725-ispovijest-sina-ubijene-amre-kahrimanovic-kako-se-moze-ne-sjecati-prvog-metka-to-su-bajke\/#primaryimage\"},\"image\":{\"@id\":\"https:\/\/tuzlainfo.ba\/index.php\/novosti\/item\/229725-ispovijest-sina-ubijene-amre-kahrimanovic-kako-se-moze-ne-sjecati-prvog-metka-to-su-bajke\/#primaryimage\"},\"thumbnailUrl\":\"https:\/\/tuzlainfo.ba\/wp-content\/uploads\/2024\/02\/0902_damir_hodzic.jpg\",\"datePublished\":\"2024-02-09T21:40:14+00:00\",\"dateModified\":\"2024-02-09T21:40:14+00:00\",\"breadcrumb\":{\"@id\":\"https:\/\/tuzlainfo.ba\/index.php\/novosti\/item\/229725-ispovijest-sina-ubijene-amre-kahrimanovic-kako-se-moze-ne-sjecati-prvog-metka-to-su-bajke\/#breadcrumb\"},\"inLanguage\":\"bs-BA\",\"potentialAction\":[{\"@type\":\"ReadAction\",\"target\":[\"https:\/\/tuzlainfo.ba\/index.php\/novosti\/item\/229725-ispovijest-sina-ubijene-amre-kahrimanovic-kako-se-moze-ne-sjecati-prvog-metka-to-su-bajke\/\"]}]},{\"@type\":\"ImageObject\",\"inLanguage\":\"bs-BA\",\"@id\":\"https:\/\/tuzlainfo.ba\/index.php\/novosti\/item\/229725-ispovijest-sina-ubijene-amre-kahrimanovic-kako-se-moze-ne-sjecati-prvog-metka-to-su-bajke\/#primaryimage\",\"url\":\"https:\/\/tuzlainfo.ba\/wp-content\/uploads\/2024\/02\/0902_damir_hodzic.jpg\",\"contentUrl\":\"https:\/\/tuzlainfo.ba\/wp-content\/uploads\/2024\/02\/0902_damir_hodzic.jpg\",\"width\":800,\"height\":580,\"caption\":\"Damir Hod\u017ei\u0107 \/ Foto: Face TV\"},{\"@type\":\"BreadcrumbList\",\"@id\":\"https:\/\/tuzlainfo.ba\/index.php\/novosti\/item\/229725-ispovijest-sina-ubijene-amre-kahrimanovic-kako-se-moze-ne-sjecati-prvog-metka-to-su-bajke\/#breadcrumb\",\"itemListElement\":[{\"@type\":\"ListItem\",\"position\":1,\"name\":\"Home\",\"item\":\"https:\/\/tuzlainfo.ba\/\"},{\"@type\":\"ListItem\",\"position\":2,\"name\":\"Ispovijest sina ubijene Amre Kahrimanovi\u0107: &#8220;Kako se mo\u017ee ne sje\u0107ati prvog metka, to su bajke&#8221;\"}]},{\"@type\":\"WebSite\",\"@id\":\"https:\/\/tuzlainfo.ba\/#website\",\"url\":\"https:\/\/tuzlainfo.ba\/\",\"name\":\"TuzlaInfo.ba\",\"description\":\"Tuzla info, gradski informator - Tuzla na dlanu\",\"publisher\":{\"@id\":\"https:\/\/tuzlainfo.ba\/#organization\"},\"potentialAction\":[{\"@type\":\"SearchAction\",\"target\":{\"@type\":\"EntryPoint\",\"urlTemplate\":\"https:\/\/tuzlainfo.ba\/?s={search_term_string}\"},\"query-input\":{\"@type\":\"PropertyValueSpecification\",\"valueRequired\":true,\"valueName\":\"search_term_string\"}}],\"inLanguage\":\"bs-BA\"},{\"@type\":\"Organization\",\"@id\":\"https:\/\/tuzlainfo.ba\/#organization\",\"name\":\"TuzlaInfo.ba\",\"url\":\"https:\/\/tuzlainfo.ba\/\",\"logo\":{\"@type\":\"ImageObject\",\"inLanguage\":\"bs-BA\",\"@id\":\"https:\/\/tuzlainfo.ba\/#\/schema\/logo\/image\/\",\"url\":\"https:\/\/tuzlainfo.ba\/wp-content\/uploads\/2021\/03\/logo-ver-3-1.png\",\"contentUrl\":\"https:\/\/tuzlainfo.ba\/wp-content\/uploads\/2021\/03\/logo-ver-3-1.png\",\"width\":350,\"height\":95,\"caption\":\"TuzlaInfo.ba\"},\"image\":{\"@id\":\"https:\/\/tuzlainfo.ba\/#\/schema\/logo\/image\/\"},\"sameAs\":[\"https:\/\/www.facebook.com\/tuzlainfo.ba\/\"]},{\"@type\":\"Person\",\"@id\":\"https:\/\/tuzlainfo.ba\/#\/schema\/person\/f434e20dc27ea133923aab08451b7f7f\",\"name\":\"nedim\",\"image\":{\"@type\":\"ImageObject\",\"inLanguage\":\"bs-BA\",\"@id\":\"https:\/\/tuzlainfo.ba\/#\/schema\/person\/image\/\",\"url\":\"https:\/\/tuzlainfo.ba\/wp-content\/litespeed\/avatar\/aabad687af24844af817603ac1cbdc4f.jpg?ver=1777306975\",\"contentUrl\":\"https:\/\/tuzlainfo.ba\/wp-content\/litespeed\/avatar\/aabad687af24844af817603ac1cbdc4f.jpg?ver=1777306975\",\"caption\":\"nedim\"},\"description\":\"Tuzlainfo.ba pratite na dru\u0161tvenim mre\u017eama: Facebook, Instagram i Youtube. Svoje pri\u010de, upite i fotografije \u0161aljite na na\u0161u e-mail adresu.\"}]}<\/script>\n<!-- \/ Yoast SEO plugin. -->","yoast_head_json":{"title":"Ispovijest sina ubijene Amre Kahrimanovi\u0107: \"Kako se mo\u017ee ne sje\u0107ati prvog metka, to su bajke\" - TuzlaInfo.ba","robots":{"index":"index","follow":"follow","max-snippet":"max-snippet:-1","max-image-preview":"max-image-preview:large","max-video-preview":"max-video-preview:-1"},"canonical":"https:\/\/tuzlainfo.ba\/index.php\/novosti\/item\/229725-ispovijest-sina-ubijene-amre-kahrimanovic-kako-se-moze-ne-sjecati-prvog-metka-to-su-bajke\/","og_locale":"bs_BA","og_type":"article","og_title":"Ispovijest sina ubijene Amre Kahrimanovi\u0107: \"Kako se mo\u017ee ne sje\u0107ati prvog metka, to su bajke\" - TuzlaInfo.ba","og_description":"Pripadnik MUP-a Tuzlanskog kantona Elvis \u0106ustendil u srijedu oko 21 sat je iz slu\u017ebenog pi\u0161tolja&hellip;","og_url":"https:\/\/tuzlainfo.ba\/index.php\/novosti\/item\/229725-ispovijest-sina-ubijene-amre-kahrimanovic-kako-se-moze-ne-sjecati-prvog-metka-to-su-bajke\/","og_site_name":"TuzlaInfo.ba","article_publisher":"https:\/\/www.facebook.com\/tuzlainfo.ba\/","article_published_time":"2024-02-09T21:40:14+00:00","og_image":[{"width":800,"height":580,"url":"https:\/\/tuzlainfo.ba\/wp-content\/uploads\/2024\/02\/0902_damir_hodzic.jpg","type":"image\/jpeg"}],"author":"nedim","twitter_card":"summary_large_image","twitter_misc":{"Written by":"nedim","Est. reading time":"5 minuta"},"schema":{"@context":"https:\/\/schema.org","@graph":[{"@type":"Article","@id":"https:\/\/tuzlainfo.ba\/index.php\/novosti\/item\/229725-ispovijest-sina-ubijene-amre-kahrimanovic-kako-se-moze-ne-sjecati-prvog-metka-to-su-bajke\/#article","isPartOf":{"@id":"https:\/\/tuzlainfo.ba\/index.php\/novosti\/item\/229725-ispovijest-sina-ubijene-amre-kahrimanovic-kako-se-moze-ne-sjecati-prvog-metka-to-su-bajke\/"},"author":{"name":"nedim","@id":"https:\/\/tuzlainfo.ba\/#\/schema\/person\/f434e20dc27ea133923aab08451b7f7f"},"headline":"Ispovijest sina ubijene Amre Kahrimanovi\u0107: &#8220;Kako se mo\u017ee ne sje\u0107ati prvog metka, to su bajke&#8221;","datePublished":"2024-02-09T21:40:14+00:00","dateModified":"2024-02-09T21:40:14+00:00","mainEntityOfPage":{"@id":"https:\/\/tuzlainfo.ba\/index.php\/novosti\/item\/229725-ispovijest-sina-ubijene-amre-kahrimanovic-kako-se-moze-ne-sjecati-prvog-metka-to-su-bajke\/"},"wordCount":844,"publisher":{"@id":"https:\/\/tuzlainfo.ba\/#organization"},"image":{"@id":"https:\/\/tuzlainfo.ba\/index.php\/novosti\/item\/229725-ispovijest-sina-ubijene-amre-kahrimanovic-kako-se-moze-ne-sjecati-prvog-metka-to-su-bajke\/#primaryimage"},"thumbnailUrl":"https:\/\/tuzlainfo.ba\/wp-content\/uploads\/2024\/02\/0902_damir_hodzic.jpg","keywords":["amra kahrimanovi\u0107","ubistvo u tuzli"],"articleSection":["Istaknuto","Novosti"],"inLanguage":"bs-BA"},{"@type":"WebPage","@id":"https:\/\/tuzlainfo.ba\/index.php\/novosti\/item\/229725-ispovijest-sina-ubijene-amre-kahrimanovic-kako-se-moze-ne-sjecati-prvog-metka-to-su-bajke\/","url":"https:\/\/tuzlainfo.ba\/index.php\/novosti\/item\/229725-ispovijest-sina-ubijene-amre-kahrimanovic-kako-se-moze-ne-sjecati-prvog-metka-to-su-bajke\/","name":"Ispovijest sina ubijene Amre Kahrimanovi\u0107: \"Kako se mo\u017ee ne sje\u0107ati prvog metka, to su bajke\" - TuzlaInfo.ba","isPartOf":{"@id":"https:\/\/tuzlainfo.ba\/#website"},"primaryImageOfPage":{"@id":"https:\/\/tuzlainfo.ba\/index.php\/novosti\/item\/229725-ispovijest-sina-ubijene-amre-kahrimanovic-kako-se-moze-ne-sjecati-prvog-metka-to-su-bajke\/#primaryimage"},"image":{"@id":"https:\/\/tuzlainfo.ba\/index.php\/novosti\/item\/229725-ispovijest-sina-ubijene-amre-kahrimanovic-kako-se-moze-ne-sjecati-prvog-metka-to-su-bajke\/#primaryimage"},"thumbnailUrl":"https:\/\/tuzlainfo.ba\/wp-content\/uploads\/2024\/02\/0902_damir_hodzic.jpg","datePublished":"2024-02-09T21:40:14+00:00","dateModified":"2024-02-09T21:40:14+00:00","breadcrumb":{"@id":"https:\/\/tuzlainfo.ba\/index.php\/novosti\/item\/229725-ispovijest-sina-ubijene-amre-kahrimanovic-kako-se-moze-ne-sjecati-prvog-metka-to-su-bajke\/#breadcrumb"},"inLanguage":"bs-BA","potentialAction":[{"@type":"ReadAction","target":["https:\/\/tuzlainfo.ba\/index.php\/novosti\/item\/229725-ispovijest-sina-ubijene-amre-kahrimanovic-kako-se-moze-ne-sjecati-prvog-metka-to-su-bajke\/"]}]},{"@type":"ImageObject","inLanguage":"bs-BA","@id":"https:\/\/tuzlainfo.ba\/index.php\/novosti\/item\/229725-ispovijest-sina-ubijene-amre-kahrimanovic-kako-se-moze-ne-sjecati-prvog-metka-to-su-bajke\/#primaryimage","url":"https:\/\/tuzlainfo.ba\/wp-content\/uploads\/2024\/02\/0902_damir_hodzic.jpg","contentUrl":"https:\/\/tuzlainfo.ba\/wp-content\/uploads\/2024\/02\/0902_damir_hodzic.jpg","width":800,"height":580,"caption":"Damir Hod\u017ei\u0107 \/ Foto: Face TV"},{"@type":"BreadcrumbList","@id":"https:\/\/tuzlainfo.ba\/index.php\/novosti\/item\/229725-ispovijest-sina-ubijene-amre-kahrimanovic-kako-se-moze-ne-sjecati-prvog-metka-to-su-bajke\/#breadcrumb","itemListElement":[{"@type":"ListItem","position":1,"name":"Home","item":"https:\/\/tuzlainfo.ba\/"},{"@type":"ListItem","position":2,"name":"Ispovijest sina ubijene Amre Kahrimanovi\u0107: &#8220;Kako se mo\u017ee ne sje\u0107ati prvog metka, to su bajke&#8221;"}]},{"@type":"WebSite","@id":"https:\/\/tuzlainfo.ba\/#website","url":"https:\/\/tuzlainfo.ba\/","name":"TuzlaInfo.ba","description":"Tuzla info, gradski informator - Tuzla na dlanu","publisher":{"@id":"https:\/\/tuzlainfo.ba\/#organization"},"potentialAction":[{"@type":"SearchAction","target":{"@type":"EntryPoint","urlTemplate":"https:\/\/tuzlainfo.ba\/?s={search_term_string}"},"query-input":{"@type":"PropertyValueSpecification","valueRequired":true,"valueName":"search_term_string"}}],"inLanguage":"bs-BA"},{"@type":"Organization","@id":"https:\/\/tuzlainfo.ba\/#organization","name":"TuzlaInfo.ba","url":"https:\/\/tuzlainfo.ba\/","logo":{"@type":"ImageObject","inLanguage":"bs-BA","@id":"https:\/\/tuzlainfo.ba\/#\/schema\/logo\/image\/","url":"https:\/\/tuzlainfo.ba\/wp-content\/uploads\/2021\/03\/logo-ver-3-1.png","contentUrl":"https:\/\/tuzlainfo.ba\/wp-content\/uploads\/2021\/03\/logo-ver-3-1.png","width":350,"height":95,"caption":"TuzlaInfo.ba"},"image":{"@id":"https:\/\/tuzlainfo.ba\/#\/schema\/logo\/image\/"},"sameAs":["https:\/\/www.facebook.com\/tuzlainfo.ba\/"]},{"@type":"Person","@id":"https:\/\/tuzlainfo.ba\/#\/schema\/person\/f434e20dc27ea133923aab08451b7f7f","name":"nedim","image":{"@type":"ImageObject","inLanguage":"bs-BA","@id":"https:\/\/tuzlainfo.ba\/#\/schema\/person\/image\/","url":"https:\/\/tuzlainfo.ba\/wp-content\/litespeed\/avatar\/aabad687af24844af817603ac1cbdc4f.jpg?ver=1777306975","contentUrl":"https:\/\/tuzlainfo.ba\/wp-content\/litespeed\/avatar\/aabad687af24844af817603ac1cbdc4f.jpg?ver=1777306975","caption":"nedim"},"description":"Tuzlainfo.ba pratite na dru\u0161tvenim mre\u017eama: Facebook, Instagram i Youtube. Svoje pri\u010de, upite i fotografije \u0161aljite na na\u0161u e-mail adresu."}]}},"_links":{"self":[{"href":"https:\/\/tuzlainfo.ba\/index.php\/wp-json\/wp\/v2\/posts\/229725"}],"collection":[{"href":"https:\/\/tuzlainfo.ba\/index.php\/wp-json\/wp\/v2\/posts"}],"about":[{"href":"https:\/\/tuzlainfo.ba\/index.php\/wp-json\/wp\/v2\/types\/post"}],"author":[{"embeddable":true,"href":"https:\/\/tuzlainfo.ba\/index.php\/wp-json\/wp\/v2\/users\/2"}],"replies":[{"embeddable":true,"href":"https:\/\/tuzlainfo.ba\/index.php\/wp-json\/wp\/v2\/comments?post=229725"}],"version-history":[{"count":1,"href":"https:\/\/tuzlainfo.ba\/index.php\/wp-json\/wp\/v2\/posts\/229725\/revisions"}],"predecessor-version":[{"id":229727,"href":"https:\/\/tuzlainfo.ba\/index.php\/wp-json\/wp\/v2\/posts\/229725\/revisions\/229727"}],"wp:featuredmedia":[{"embeddable":true,"href":"https:\/\/tuzlainfo.ba\/index.php\/wp-json\/wp\/v2\/media\/229726"}],"wp:attachment":[{"href":"https:\/\/tuzlainfo.ba\/index.php\/wp-json\/wp\/v2\/media?parent=229725"}],"wp:term":[{"taxonomy":"category","embeddable":true,"href":"https:\/\/tuzlainfo.ba\/index.php\/wp-json\/wp\/v2\/categories?post=229725"},{"taxonomy":"post_tag","embeddable":true,"href":"https:\/\/tuzlainfo.ba\/index.php\/wp-json\/wp\/v2\/tags?post=229725"}],"curies":[{"name":"wp","href":"https:\/\/api.w.org\/{rel}","templated":true}]}}