{"id":229721,"date":"2024-02-09T21:03:30","date_gmt":"2024-02-09T20:03:30","guid":{"rendered":"https:\/\/tuzlainfo.ba\/?p=229721"},"modified":"2024-02-09T21:03:30","modified_gmt":"2024-02-09T20:03:30","slug":"u-nedjelju-okupljanje-gradjana-zbog-ubistva-amre-kahrimanovic","status":"publish","type":"post","link":"https:\/\/tuzlainfo.ba\/index.php\/istaknuto\/item\/229721-u-nedjelju-okupljanje-gradjana-zbog-ubistva-amre-kahrimanovic\/","title":{"rendered":"U nedjelju okupljanje gra\u0111ana zbog ubistva Amre Kahrimanovi\u0107"},"content":{"rendered":"<p>Grupa gra\u0111ana na dru\u0161tvenim mre\u017eama pozvala je na okupljanje u znak sje\u0107anja na Amru Kahrimanovi\u0107. Planirano je da se gra\u0111ani u nedjelju u podne okupe ispred Tr\u017enog centra Sjenjak, te da odatle krenu u mirnu \u0161etnju u znak protesta.<\/p>\n<p>Poziv se \u0161iri dru\u0161tvenim mre\u017eama, a predlo\u017eeno je i progla\u0161enje Dana \u017ealosti, \u0161to je potvrdio i Amrin brat, Ned\u017ead Kahrimanovi\u0107, gostuju\u0107i u Centralnom dnevniku na Face televiziji.<\/p>\n<p>Kahrimanovi\u0107 je u emisiji gostovao sa sinom Amre Kahrimanovi\u0107, te je potvrdio da ga je zvao gradona\u010delnik Tuzle, te da je rekao da \u0107e Dan \u017ealosti najvjerovatnije biti i progla\u0161en u nedjelju.<\/p>\n<p>Tako\u0111er, Ned\u017ead Kahrimanovi\u0107 i Damir Hod\u017ei\u0107, sin ubijene Amre, demantovali su sve navode da je ubijena bila u odre\u0111enoj vezi sa Elvisom \u0106ustendilom, policijskim slu\u017ebenikom koji je u nju ispalio 16 hitaca.<\/p>\n<p>Kahrimanovi\u0107 i Hod\u017ei\u0107 su kazali da je ovo bio napad dr\u017eave, te su istakli da je Amra \u017ertva lo\u0161eg sistema.<\/p>\n<p>Posljednji ispra\u0107aj i ukop Amre Kahrimanovi\u0107 bit \u0107e organizovani sutra.<\/p>\n<p>Posljednji ispra\u0107aj bit \u0107e obavljen sutra od 14 do 14:30 sati ispred Komemorativnog centra Tuzla.<\/p>\n<p>Ukop \u0107e biti obavljen na mezarju Bukov\u010di\u0107i.<\/p>\n","protected":false},"excerpt":{"rendered":"<p>Grupa gra\u0111ana na dru\u0161tvenim mre\u017eama pozvala je na okupljanje u znak sje\u0107anja na Amru Kahrimanovi\u0107.&hellip;<\/p>\n","protected":false},"author":4,"featured_media":229722,"comment_status":"closed","ping_status":"closed","sticky":false,"template":"","format":"standard","meta":{"_acf_changed":false,"footnotes":""},"categories":[304,12],"tags":[9583,42],"acf":[],"yoast_head":"<!-- This site is optimized with the Yoast SEO plugin v23.5 - https:\/\/yoast.com\/wordpress\/plugins\/seo\/ -->\n<title>U nedjelju okupljanje gra\u0111ana zbog ubistva Amre Kahrimanovi\u0107 - TuzlaInfo.ba<\/title>\n<meta name=\"robots\" content=\"index, follow, max-snippet:-1, max-image-preview:large, max-video-preview:-1\" \/>\n<link rel=\"canonical\" href=\"https:\/\/tuzlainfo.ba\/index.php\/istaknuto\/item\/229721-u-nedjelju-okupljanje-gradjana-zbog-ubistva-amre-kahrimanovic\/\" \/>\n<meta property=\"og:locale\" content=\"bs_BA\" \/>\n<meta property=\"og:type\" content=\"article\" \/>\n<meta property=\"og:title\" content=\"U nedjelju okupljanje gra\u0111ana zbog ubistva Amre Kahrimanovi\u0107 - TuzlaInfo.ba\" \/>\n<meta property=\"og:description\" content=\"Grupa gra\u0111ana na dru\u0161tvenim mre\u017eama pozvala je na okupljanje u znak sje\u0107anja na Amru Kahrimanovi\u0107.&hellip;\" \/>\n<meta property=\"og:url\" content=\"https:\/\/tuzlainfo.ba\/index.php\/istaknuto\/item\/229721-u-nedjelju-okupljanje-gradjana-zbog-ubistva-amre-kahrimanovic\/\" \/>\n<meta property=\"og:site_name\" content=\"TuzlaInfo.ba\" \/>\n<meta property=\"article:publisher\" content=\"https:\/\/www.facebook.com\/tuzlainfo.ba\/\" \/>\n<meta property=\"article:published_time\" content=\"2024-02-09T20:03:30+00:00\" \/>\n<meta property=\"og:image\" content=\"https:\/\/tuzlainfo.ba\/wp-content\/uploads\/2024\/02\/amra-k.jpg\" \/>\n\t<meta property=\"og:image:width\" content=\"960\" \/>\n\t<meta property=\"og:image:height\" content=\"721\" \/>\n\t<meta property=\"og:image:type\" content=\"image\/jpeg\" \/>\n<meta name=\"author\" content=\"Tuzla Info\" \/>\n<meta name=\"twitter:card\" content=\"summary_large_image\" \/>\n<meta name=\"twitter:label1\" content=\"Written by\" \/>\n\t<meta name=\"twitter:data1\" content=\"Tuzla Info\" \/>\n\t<meta name=\"twitter:label2\" content=\"Est. reading time\" \/>\n\t<meta name=\"twitter:data2\" content=\"1 minuta\" \/>\n<script type=\"application\/ld+json\" class=\"yoast-schema-graph\">{\"@context\":\"https:\/\/schema.org\",\"@graph\":[{\"@type\":\"Article\",\"@id\":\"https:\/\/tuzlainfo.ba\/index.php\/istaknuto\/item\/229721-u-nedjelju-okupljanje-gradjana-zbog-ubistva-amre-kahrimanovic\/#article\",\"isPartOf\":{\"@id\":\"https:\/\/tuzlainfo.ba\/index.php\/istaknuto\/item\/229721-u-nedjelju-okupljanje-gradjana-zbog-ubistva-amre-kahrimanovic\/\"},\"author\":{\"name\":\"Tuzla Info\",\"@id\":\"https:\/\/tuzlainfo.ba\/#\/schema\/person\/46cad4c57790cbc50781edd14870825a\"},\"headline\":\"U nedjelju okupljanje gra\u0111ana zbog ubistva Amre Kahrimanovi\u0107\",\"datePublished\":\"2024-02-09T20:03:30+00:00\",\"dateModified\":\"2024-02-09T20:03:30+00:00\",\"mainEntityOfPage\":{\"@id\":\"https:\/\/tuzlainfo.ba\/index.php\/istaknuto\/item\/229721-u-nedjelju-okupljanje-gradjana-zbog-ubistva-amre-kahrimanovic\/\"},\"wordCount\":214,\"publisher\":{\"@id\":\"https:\/\/tuzlainfo.ba\/#organization\"},\"image\":{\"@id\":\"https:\/\/tuzlainfo.ba\/index.php\/istaknuto\/item\/229721-u-nedjelju-okupljanje-gradjana-zbog-ubistva-amre-kahrimanovic\/#primaryimage\"},\"thumbnailUrl\":\"https:\/\/tuzlainfo.ba\/wp-content\/uploads\/2024\/02\/amra-k.jpg\",\"keywords\":[\"amra kahrimanovi\u0107\",\"tuzla\"],\"articleSection\":[\"Istaknuto\",\"Novosti\"],\"inLanguage\":\"bs-BA\"},{\"@type\":\"WebPage\",\"@id\":\"https:\/\/tuzlainfo.ba\/index.php\/istaknuto\/item\/229721-u-nedjelju-okupljanje-gradjana-zbog-ubistva-amre-kahrimanovic\/\",\"url\":\"https:\/\/tuzlainfo.ba\/index.php\/istaknuto\/item\/229721-u-nedjelju-okupljanje-gradjana-zbog-ubistva-amre-kahrimanovic\/\",\"name\":\"U nedjelju okupljanje gra\u0111ana zbog ubistva Amre Kahrimanovi\u0107 - TuzlaInfo.ba\",\"isPartOf\":{\"@id\":\"https:\/\/tuzlainfo.ba\/#website\"},\"primaryImageOfPage\":{\"@id\":\"https:\/\/tuzlainfo.ba\/index.php\/istaknuto\/item\/229721-u-nedjelju-okupljanje-gradjana-zbog-ubistva-amre-kahrimanovic\/#primaryimage\"},\"image\":{\"@id\":\"https:\/\/tuzlainfo.ba\/index.php\/istaknuto\/item\/229721-u-nedjelju-okupljanje-gradjana-zbog-ubistva-amre-kahrimanovic\/#primaryimage\"},\"thumbnailUrl\":\"https:\/\/tuzlainfo.ba\/wp-content\/uploads\/2024\/02\/amra-k.jpg\",\"datePublished\":\"2024-02-09T20:03:30+00:00\",\"dateModified\":\"2024-02-09T20:03:30+00:00\",\"breadcrumb\":{\"@id\":\"https:\/\/tuzlainfo.ba\/index.php\/istaknuto\/item\/229721-u-nedjelju-okupljanje-gradjana-zbog-ubistva-amre-kahrimanovic\/#breadcrumb\"},\"inLanguage\":\"bs-BA\",\"potentialAction\":[{\"@type\":\"ReadAction\",\"target\":[\"https:\/\/tuzlainfo.ba\/index.php\/istaknuto\/item\/229721-u-nedjelju-okupljanje-gradjana-zbog-ubistva-amre-kahrimanovic\/\"]}]},{\"@type\":\"ImageObject\",\"inLanguage\":\"bs-BA\",\"@id\":\"https:\/\/tuzlainfo.ba\/index.php\/istaknuto\/item\/229721-u-nedjelju-okupljanje-gradjana-zbog-ubistva-amre-kahrimanovic\/#primaryimage\",\"url\":\"https:\/\/tuzlainfo.ba\/wp-content\/uploads\/2024\/02\/amra-k.jpg\",\"contentUrl\":\"https:\/\/tuzlainfo.ba\/wp-content\/uploads\/2024\/02\/amra-k.jpg\",\"width\":960,\"height\":721},{\"@type\":\"BreadcrumbList\",\"@id\":\"https:\/\/tuzlainfo.ba\/index.php\/istaknuto\/item\/229721-u-nedjelju-okupljanje-gradjana-zbog-ubistva-amre-kahrimanovic\/#breadcrumb\",\"itemListElement\":[{\"@type\":\"ListItem\",\"position\":1,\"name\":\"Home\",\"item\":\"https:\/\/tuzlainfo.ba\/\"},{\"@type\":\"ListItem\",\"position\":2,\"name\":\"U nedjelju okupljanje gra\u0111ana zbog ubistva Amre Kahrimanovi\u0107\"}]},{\"@type\":\"WebSite\",\"@id\":\"https:\/\/tuzlainfo.ba\/#website\",\"url\":\"https:\/\/tuzlainfo.ba\/\",\"name\":\"TuzlaInfo.ba\",\"description\":\"Tuzla info, gradski informator - Tuzla na dlanu\",\"publisher\":{\"@id\":\"https:\/\/tuzlainfo.ba\/#organization\"},\"potentialAction\":[{\"@type\":\"SearchAction\",\"target\":{\"@type\":\"EntryPoint\",\"urlTemplate\":\"https:\/\/tuzlainfo.ba\/?s={search_term_string}\"},\"query-input\":{\"@type\":\"PropertyValueSpecification\",\"valueRequired\":true,\"valueName\":\"search_term_string\"}}],\"inLanguage\":\"bs-BA\"},{\"@type\":\"Organization\",\"@id\":\"https:\/\/tuzlainfo.ba\/#organization\",\"name\":\"TuzlaInfo.ba\",\"url\":\"https:\/\/tuzlainfo.ba\/\",\"logo\":{\"@type\":\"ImageObject\",\"inLanguage\":\"bs-BA\",\"@id\":\"https:\/\/tuzlainfo.ba\/#\/schema\/logo\/image\/\",\"url\":\"https:\/\/tuzlainfo.ba\/wp-content\/uploads\/2021\/03\/logo-ver-3-1.png\",\"contentUrl\":\"https:\/\/tuzlainfo.ba\/wp-content\/uploads\/2021\/03\/logo-ver-3-1.png\",\"width\":350,\"height\":95,\"caption\":\"TuzlaInfo.ba\"},\"image\":{\"@id\":\"https:\/\/tuzlainfo.ba\/#\/schema\/logo\/image\/\"},\"sameAs\":[\"https:\/\/www.facebook.com\/tuzlainfo.ba\/\"]},{\"@type\":\"Person\",\"@id\":\"https:\/\/tuzlainfo.ba\/#\/schema\/person\/46cad4c57790cbc50781edd14870825a\",\"name\":\"Tuzla Info\",\"image\":{\"@type\":\"ImageObject\",\"inLanguage\":\"bs-BA\",\"@id\":\"https:\/\/tuzlainfo.ba\/#\/schema\/person\/image\/\",\"url\":\"https:\/\/tuzlainfo.ba\/wp-content\/litespeed\/avatar\/b6c453a6c38e3654f2e4416c643fc25c.jpg?ver=1777656712\",\"contentUrl\":\"https:\/\/tuzlainfo.ba\/wp-content\/litespeed\/avatar\/b6c453a6c38e3654f2e4416c643fc25c.jpg?ver=1777656712\",\"caption\":\"Tuzla Info\"}}]}<\/script>\n<!-- \/ Yoast SEO plugin. -->","yoast_head_json":{"title":"U nedjelju okupljanje gra\u0111ana zbog ubistva Amre Kahrimanovi\u0107 - TuzlaInfo.ba","robots":{"index":"index","follow":"follow","max-snippet":"max-snippet:-1","max-image-preview":"max-image-preview:large","max-video-preview":"max-video-preview:-1"},"canonical":"https:\/\/tuzlainfo.ba\/index.php\/istaknuto\/item\/229721-u-nedjelju-okupljanje-gradjana-zbog-ubistva-amre-kahrimanovic\/","og_locale":"bs_BA","og_type":"article","og_title":"U nedjelju okupljanje gra\u0111ana zbog ubistva Amre Kahrimanovi\u0107 - TuzlaInfo.ba","og_description":"Grupa gra\u0111ana na dru\u0161tvenim mre\u017eama pozvala je na okupljanje u znak sje\u0107anja na Amru Kahrimanovi\u0107.&hellip;","og_url":"https:\/\/tuzlainfo.ba\/index.php\/istaknuto\/item\/229721-u-nedjelju-okupljanje-gradjana-zbog-ubistva-amre-kahrimanovic\/","og_site_name":"TuzlaInfo.ba","article_publisher":"https:\/\/www.facebook.com\/tuzlainfo.ba\/","article_published_time":"2024-02-09T20:03:30+00:00","og_image":[{"width":960,"height":721,"url":"https:\/\/tuzlainfo.ba\/wp-content\/uploads\/2024\/02\/amra-k.jpg","type":"image\/jpeg"}],"author":"Tuzla Info","twitter_card":"summary_large_image","twitter_misc":{"Written by":"Tuzla Info","Est. reading time":"1 minuta"},"schema":{"@context":"https:\/\/schema.org","@graph":[{"@type":"Article","@id":"https:\/\/tuzlainfo.ba\/index.php\/istaknuto\/item\/229721-u-nedjelju-okupljanje-gradjana-zbog-ubistva-amre-kahrimanovic\/#article","isPartOf":{"@id":"https:\/\/tuzlainfo.ba\/index.php\/istaknuto\/item\/229721-u-nedjelju-okupljanje-gradjana-zbog-ubistva-amre-kahrimanovic\/"},"author":{"name":"Tuzla Info","@id":"https:\/\/tuzlainfo.ba\/#\/schema\/person\/46cad4c57790cbc50781edd14870825a"},"headline":"U nedjelju okupljanje gra\u0111ana zbog ubistva Amre Kahrimanovi\u0107","datePublished":"2024-02-09T20:03:30+00:00","dateModified":"2024-02-09T20:03:30+00:00","mainEntityOfPage":{"@id":"https:\/\/tuzlainfo.ba\/index.php\/istaknuto\/item\/229721-u-nedjelju-okupljanje-gradjana-zbog-ubistva-amre-kahrimanovic\/"},"wordCount":214,"publisher":{"@id":"https:\/\/tuzlainfo.ba\/#organization"},"image":{"@id":"https:\/\/tuzlainfo.ba\/index.php\/istaknuto\/item\/229721-u-nedjelju-okupljanje-gradjana-zbog-ubistva-amre-kahrimanovic\/#primaryimage"},"thumbnailUrl":"https:\/\/tuzlainfo.ba\/wp-content\/uploads\/2024\/02\/amra-k.jpg","keywords":["amra kahrimanovi\u0107","tuzla"],"articleSection":["Istaknuto","Novosti"],"inLanguage":"bs-BA"},{"@type":"WebPage","@id":"https:\/\/tuzlainfo.ba\/index.php\/istaknuto\/item\/229721-u-nedjelju-okupljanje-gradjana-zbog-ubistva-amre-kahrimanovic\/","url":"https:\/\/tuzlainfo.ba\/index.php\/istaknuto\/item\/229721-u-nedjelju-okupljanje-gradjana-zbog-ubistva-amre-kahrimanovic\/","name":"U nedjelju okupljanje gra\u0111ana zbog ubistva Amre Kahrimanovi\u0107 - TuzlaInfo.ba","isPartOf":{"@id":"https:\/\/tuzlainfo.ba\/#website"},"primaryImageOfPage":{"@id":"https:\/\/tuzlainfo.ba\/index.php\/istaknuto\/item\/229721-u-nedjelju-okupljanje-gradjana-zbog-ubistva-amre-kahrimanovic\/#primaryimage"},"image":{"@id":"https:\/\/tuzlainfo.ba\/index.php\/istaknuto\/item\/229721-u-nedjelju-okupljanje-gradjana-zbog-ubistva-amre-kahrimanovic\/#primaryimage"},"thumbnailUrl":"https:\/\/tuzlainfo.ba\/wp-content\/uploads\/2024\/02\/amra-k.jpg","datePublished":"2024-02-09T20:03:30+00:00","dateModified":"2024-02-09T20:03:30+00:00","breadcrumb":{"@id":"https:\/\/tuzlainfo.ba\/index.php\/istaknuto\/item\/229721-u-nedjelju-okupljanje-gradjana-zbog-ubistva-amre-kahrimanovic\/#breadcrumb"},"inLanguage":"bs-BA","potentialAction":[{"@type":"ReadAction","target":["https:\/\/tuzlainfo.ba\/index.php\/istaknuto\/item\/229721-u-nedjelju-okupljanje-gradjana-zbog-ubistva-amre-kahrimanovic\/"]}]},{"@type":"ImageObject","inLanguage":"bs-BA","@id":"https:\/\/tuzlainfo.ba\/index.php\/istaknuto\/item\/229721-u-nedjelju-okupljanje-gradjana-zbog-ubistva-amre-kahrimanovic\/#primaryimage","url":"https:\/\/tuzlainfo.ba\/wp-content\/uploads\/2024\/02\/amra-k.jpg","contentUrl":"https:\/\/tuzlainfo.ba\/wp-content\/uploads\/2024\/02\/amra-k.jpg","width":960,"height":721},{"@type":"BreadcrumbList","@id":"https:\/\/tuzlainfo.ba\/index.php\/istaknuto\/item\/229721-u-nedjelju-okupljanje-gradjana-zbog-ubistva-amre-kahrimanovic\/#breadcrumb","itemListElement":[{"@type":"ListItem","position":1,"name":"Home","item":"https:\/\/tuzlainfo.ba\/"},{"@type":"ListItem","position":2,"name":"U nedjelju okupljanje gra\u0111ana zbog ubistva Amre Kahrimanovi\u0107"}]},{"@type":"WebSite","@id":"https:\/\/tuzlainfo.ba\/#website","url":"https:\/\/tuzlainfo.ba\/","name":"TuzlaInfo.ba","description":"Tuzla info, gradski informator - Tuzla na dlanu","publisher":{"@id":"https:\/\/tuzlainfo.ba\/#organization"},"potentialAction":[{"@type":"SearchAction","target":{"@type":"EntryPoint","urlTemplate":"https:\/\/tuzlainfo.ba\/?s={search_term_string}"},"query-input":{"@type":"PropertyValueSpecification","valueRequired":true,"valueName":"search_term_string"}}],"inLanguage":"bs-BA"},{"@type":"Organization","@id":"https:\/\/tuzlainfo.ba\/#organization","name":"TuzlaInfo.ba","url":"https:\/\/tuzlainfo.ba\/","logo":{"@type":"ImageObject","inLanguage":"bs-BA","@id":"https:\/\/tuzlainfo.ba\/#\/schema\/logo\/image\/","url":"https:\/\/tuzlainfo.ba\/wp-content\/uploads\/2021\/03\/logo-ver-3-1.png","contentUrl":"https:\/\/tuzlainfo.ba\/wp-content\/uploads\/2021\/03\/logo-ver-3-1.png","width":350,"height":95,"caption":"TuzlaInfo.ba"},"image":{"@id":"https:\/\/tuzlainfo.ba\/#\/schema\/logo\/image\/"},"sameAs":["https:\/\/www.facebook.com\/tuzlainfo.ba\/"]},{"@type":"Person","@id":"https:\/\/tuzlainfo.ba\/#\/schema\/person\/46cad4c57790cbc50781edd14870825a","name":"Tuzla Info","image":{"@type":"ImageObject","inLanguage":"bs-BA","@id":"https:\/\/tuzlainfo.ba\/#\/schema\/person\/image\/","url":"https:\/\/tuzlainfo.ba\/wp-content\/litespeed\/avatar\/b6c453a6c38e3654f2e4416c643fc25c.jpg?ver=1777656712","contentUrl":"https:\/\/tuzlainfo.ba\/wp-content\/litespeed\/avatar\/b6c453a6c38e3654f2e4416c643fc25c.jpg?ver=1777656712","caption":"Tuzla Info"}}]}},"_links":{"self":[{"href":"https:\/\/tuzlainfo.ba\/index.php\/wp-json\/wp\/v2\/posts\/229721"}],"collection":[{"href":"https:\/\/tuzlainfo.ba\/index.php\/wp-json\/wp\/v2\/posts"}],"about":[{"href":"https:\/\/tuzlainfo.ba\/index.php\/wp-json\/wp\/v2\/types\/post"}],"author":[{"embeddable":true,"href":"https:\/\/tuzlainfo.ba\/index.php\/wp-json\/wp\/v2\/users\/4"}],"replies":[{"embeddable":true,"href":"https:\/\/tuzlainfo.ba\/index.php\/wp-json\/wp\/v2\/comments?post=229721"}],"version-history":[{"count":1,"href":"https:\/\/tuzlainfo.ba\/index.php\/wp-json\/wp\/v2\/posts\/229721\/revisions"}],"predecessor-version":[{"id":229723,"href":"https:\/\/tuzlainfo.ba\/index.php\/wp-json\/wp\/v2\/posts\/229721\/revisions\/229723"}],"wp:featuredmedia":[{"embeddable":true,"href":"https:\/\/tuzlainfo.ba\/index.php\/wp-json\/wp\/v2\/media\/229722"}],"wp:attachment":[{"href":"https:\/\/tuzlainfo.ba\/index.php\/wp-json\/wp\/v2\/media?parent=229721"}],"wp:term":[{"taxonomy":"category","embeddable":true,"href":"https:\/\/tuzlainfo.ba\/index.php\/wp-json\/wp\/v2\/categories?post=229721"},{"taxonomy":"post_tag","embeddable":true,"href":"https:\/\/tuzlainfo.ba\/index.php\/wp-json\/wp\/v2\/tags?post=229721"}],"curies":[{"name":"wp","href":"https:\/\/api.w.org\/{rel}","templated":true}]}}