{"id":229698,"date":"2024-02-09T15:34:04","date_gmt":"2024-02-09T14:34:04","guid":{"rendered":"https:\/\/tuzlainfo.ba\/?p=229698"},"modified":"2024-02-09T15:16:28","modified_gmt":"2024-02-09T14:16:28","slug":"sutra-ispracaj-i-dzenaza-amri-karhimanovic","status":"publish","type":"post","link":"https:\/\/tuzlainfo.ba\/index.php\/istaknuto\/item\/229698-sutra-ispracaj-i-dzenaza-amri-karhimanovic\/","title":{"rendered":"Sutra ispra\u0107aj i d\u017eenaza Amri Karhimanovi\u0107"},"content":{"rendered":"<p>Objavljen je datum ispra\u0107aja i d\u017eenaze Amre Kahrimanovi\u0107. Posljednji ispra\u0107aj bit \u0107e obavljen sutra od 14 do 14:30 sati ispred Komemorativnog centra Tuzla.<\/p>\n<p>Ukop \u0107e biti obavljen na mezarju Bukov\u010di\u0107i.<\/p>\n<p>Podsje\u0107amo, Amru je u srijedu nave\u010der ubio Elvis \u0106ustendil, policijski slu\u017ebenik Uprave policije MUP-a TK, koji je predat u nadle\u017enost Tu\u017eila\u0161tva TK.<\/p>\n","protected":false},"excerpt":{"rendered":"<p>Objavljen je datum ispra\u0107aja i d\u017eenaze Amre Kahrimanovi\u0107. Posljednji ispra\u0107aj bit \u0107e obavljen sutra od&hellip;<\/p>\n","protected":false},"author":4,"featured_media":229699,"comment_status":"closed","ping_status":"closed","sticky":false,"template":"","format":"standard","meta":{"_acf_changed":false,"footnotes":""},"categories":[304,12],"tags":[9583,1453,42],"acf":[],"yoast_head":"<!-- This site is optimized with the Yoast SEO plugin v23.5 - https:\/\/yoast.com\/wordpress\/plugins\/seo\/ -->\n<title>Sutra ispra\u0107aj i d\u017eenaza Amri Karhimanovi\u0107 - TuzlaInfo.ba<\/title>\n<meta name=\"robots\" content=\"index, follow, max-snippet:-1, max-image-preview:large, max-video-preview:-1\" \/>\n<link rel=\"canonical\" href=\"https:\/\/tuzlainfo.ba\/index.php\/istaknuto\/item\/229698-sutra-ispracaj-i-dzenaza-amri-karhimanovic\/\" \/>\n<meta property=\"og:locale\" content=\"bs_BA\" \/>\n<meta property=\"og:type\" content=\"article\" \/>\n<meta property=\"og:title\" content=\"Sutra ispra\u0107aj i d\u017eenaza Amri Karhimanovi\u0107 - TuzlaInfo.ba\" \/>\n<meta property=\"og:description\" content=\"Objavljen je datum ispra\u0107aja i d\u017eenaze Amre Kahrimanovi\u0107. Posljednji ispra\u0107aj bit \u0107e obavljen sutra od&hellip;\" \/>\n<meta property=\"og:url\" content=\"https:\/\/tuzlainfo.ba\/index.php\/istaknuto\/item\/229698-sutra-ispracaj-i-dzenaza-amri-karhimanovic\/\" \/>\n<meta property=\"og:site_name\" content=\"TuzlaInfo.ba\" \/>\n<meta property=\"article:publisher\" content=\"https:\/\/www.facebook.com\/tuzlainfo.ba\/\" \/>\n<meta property=\"article:published_time\" content=\"2024-02-09T14:34:04+00:00\" \/>\n<meta property=\"article:modified_time\" content=\"2024-02-09T14:16:28+00:00\" \/>\n<meta property=\"og:image\" content=\"https:\/\/tuzlainfo.ba\/wp-content\/uploads\/2024\/02\/viber_image_2024-02-09_14-28-14-060.jpg\" \/>\n\t<meta property=\"og:image:width\" content=\"1080\" \/>\n\t<meta property=\"og:image:height\" content=\"849\" \/>\n\t<meta property=\"og:image:type\" content=\"image\/jpeg\" \/>\n<meta name=\"author\" content=\"Tuzla Info\" \/>\n<meta name=\"twitter:card\" content=\"summary_large_image\" \/>\n<meta name=\"twitter:label1\" content=\"Written by\" \/>\n\t<meta name=\"twitter:data1\" content=\"Tuzla Info\" \/>\n\t<meta name=\"twitter:label2\" content=\"Est. reading time\" \/>\n\t<meta name=\"twitter:data2\" content=\"1 minuta\" \/>\n<script type=\"application\/ld+json\" class=\"yoast-schema-graph\">{\"@context\":\"https:\/\/schema.org\",\"@graph\":[{\"@type\":\"Article\",\"@id\":\"https:\/\/tuzlainfo.ba\/index.php\/istaknuto\/item\/229698-sutra-ispracaj-i-dzenaza-amri-karhimanovic\/#article\",\"isPartOf\":{\"@id\":\"https:\/\/tuzlainfo.ba\/index.php\/istaknuto\/item\/229698-sutra-ispracaj-i-dzenaza-amri-karhimanovic\/\"},\"author\":{\"name\":\"Tuzla Info\",\"@id\":\"https:\/\/tuzlainfo.ba\/#\/schema\/person\/46cad4c57790cbc50781edd14870825a\"},\"headline\":\"Sutra ispra\u0107aj i d\u017eenaza Amri Karhimanovi\u0107\",\"datePublished\":\"2024-02-09T14:34:04+00:00\",\"dateModified\":\"2024-02-09T14:16:28+00:00\",\"mainEntityOfPage\":{\"@id\":\"https:\/\/tuzlainfo.ba\/index.php\/istaknuto\/item\/229698-sutra-ispracaj-i-dzenaza-amri-karhimanovic\/\"},\"wordCount\":69,\"publisher\":{\"@id\":\"https:\/\/tuzlainfo.ba\/#organization\"},\"image\":{\"@id\":\"https:\/\/tuzlainfo.ba\/index.php\/istaknuto\/item\/229698-sutra-ispracaj-i-dzenaza-amri-karhimanovic\/#primaryimage\"},\"thumbnailUrl\":\"https:\/\/tuzlainfo.ba\/wp-content\/uploads\/2024\/02\/viber_image_2024-02-09_14-28-14-060.jpg\",\"keywords\":[\"amra kahrimanovi\u0107\",\"d\u017eenaza\",\"tuzla\"],\"articleSection\":[\"Istaknuto\",\"Novosti\"],\"inLanguage\":\"bs-BA\"},{\"@type\":\"WebPage\",\"@id\":\"https:\/\/tuzlainfo.ba\/index.php\/istaknuto\/item\/229698-sutra-ispracaj-i-dzenaza-amri-karhimanovic\/\",\"url\":\"https:\/\/tuzlainfo.ba\/index.php\/istaknuto\/item\/229698-sutra-ispracaj-i-dzenaza-amri-karhimanovic\/\",\"name\":\"Sutra ispra\u0107aj i d\u017eenaza Amri Karhimanovi\u0107 - TuzlaInfo.ba\",\"isPartOf\":{\"@id\":\"https:\/\/tuzlainfo.ba\/#website\"},\"primaryImageOfPage\":{\"@id\":\"https:\/\/tuzlainfo.ba\/index.php\/istaknuto\/item\/229698-sutra-ispracaj-i-dzenaza-amri-karhimanovic\/#primaryimage\"},\"image\":{\"@id\":\"https:\/\/tuzlainfo.ba\/index.php\/istaknuto\/item\/229698-sutra-ispracaj-i-dzenaza-amri-karhimanovic\/#primaryimage\"},\"thumbnailUrl\":\"https:\/\/tuzlainfo.ba\/wp-content\/uploads\/2024\/02\/viber_image_2024-02-09_14-28-14-060.jpg\",\"datePublished\":\"2024-02-09T14:34:04+00:00\",\"dateModified\":\"2024-02-09T14:16:28+00:00\",\"breadcrumb\":{\"@id\":\"https:\/\/tuzlainfo.ba\/index.php\/istaknuto\/item\/229698-sutra-ispracaj-i-dzenaza-amri-karhimanovic\/#breadcrumb\"},\"inLanguage\":\"bs-BA\",\"potentialAction\":[{\"@type\":\"ReadAction\",\"target\":[\"https:\/\/tuzlainfo.ba\/index.php\/istaknuto\/item\/229698-sutra-ispracaj-i-dzenaza-amri-karhimanovic\/\"]}]},{\"@type\":\"ImageObject\",\"inLanguage\":\"bs-BA\",\"@id\":\"https:\/\/tuzlainfo.ba\/index.php\/istaknuto\/item\/229698-sutra-ispracaj-i-dzenaza-amri-karhimanovic\/#primaryimage\",\"url\":\"https:\/\/tuzlainfo.ba\/wp-content\/uploads\/2024\/02\/viber_image_2024-02-09_14-28-14-060.jpg\",\"contentUrl\":\"https:\/\/tuzlainfo.ba\/wp-content\/uploads\/2024\/02\/viber_image_2024-02-09_14-28-14-060.jpg\",\"width\":1080,\"height\":849},{\"@type\":\"BreadcrumbList\",\"@id\":\"https:\/\/tuzlainfo.ba\/index.php\/istaknuto\/item\/229698-sutra-ispracaj-i-dzenaza-amri-karhimanovic\/#breadcrumb\",\"itemListElement\":[{\"@type\":\"ListItem\",\"position\":1,\"name\":\"Home\",\"item\":\"https:\/\/tuzlainfo.ba\/\"},{\"@type\":\"ListItem\",\"position\":2,\"name\":\"Sutra ispra\u0107aj i d\u017eenaza Amri Karhimanovi\u0107\"}]},{\"@type\":\"WebSite\",\"@id\":\"https:\/\/tuzlainfo.ba\/#website\",\"url\":\"https:\/\/tuzlainfo.ba\/\",\"name\":\"TuzlaInfo.ba\",\"description\":\"Tuzla info, gradski informator - Tuzla na dlanu\",\"publisher\":{\"@id\":\"https:\/\/tuzlainfo.ba\/#organization\"},\"potentialAction\":[{\"@type\":\"SearchAction\",\"target\":{\"@type\":\"EntryPoint\",\"urlTemplate\":\"https:\/\/tuzlainfo.ba\/?s={search_term_string}\"},\"query-input\":{\"@type\":\"PropertyValueSpecification\",\"valueRequired\":true,\"valueName\":\"search_term_string\"}}],\"inLanguage\":\"bs-BA\"},{\"@type\":\"Organization\",\"@id\":\"https:\/\/tuzlainfo.ba\/#organization\",\"name\":\"TuzlaInfo.ba\",\"url\":\"https:\/\/tuzlainfo.ba\/\",\"logo\":{\"@type\":\"ImageObject\",\"inLanguage\":\"bs-BA\",\"@id\":\"https:\/\/tuzlainfo.ba\/#\/schema\/logo\/image\/\",\"url\":\"https:\/\/tuzlainfo.ba\/wp-content\/uploads\/2021\/03\/logo-ver-3-1.png\",\"contentUrl\":\"https:\/\/tuzlainfo.ba\/wp-content\/uploads\/2021\/03\/logo-ver-3-1.png\",\"width\":350,\"height\":95,\"caption\":\"TuzlaInfo.ba\"},\"image\":{\"@id\":\"https:\/\/tuzlainfo.ba\/#\/schema\/logo\/image\/\"},\"sameAs\":[\"https:\/\/www.facebook.com\/tuzlainfo.ba\/\"]},{\"@type\":\"Person\",\"@id\":\"https:\/\/tuzlainfo.ba\/#\/schema\/person\/46cad4c57790cbc50781edd14870825a\",\"name\":\"Tuzla Info\",\"image\":{\"@type\":\"ImageObject\",\"inLanguage\":\"bs-BA\",\"@id\":\"https:\/\/tuzlainfo.ba\/#\/schema\/person\/image\/\",\"url\":\"https:\/\/tuzlainfo.ba\/wp-content\/litespeed\/avatar\/b6c453a6c38e3654f2e4416c643fc25c.jpg?ver=1777656712\",\"contentUrl\":\"https:\/\/tuzlainfo.ba\/wp-content\/litespeed\/avatar\/b6c453a6c38e3654f2e4416c643fc25c.jpg?ver=1777656712\",\"caption\":\"Tuzla Info\"}}]}<\/script>\n<!-- \/ Yoast SEO plugin. -->","yoast_head_json":{"title":"Sutra ispra\u0107aj i d\u017eenaza Amri Karhimanovi\u0107 - TuzlaInfo.ba","robots":{"index":"index","follow":"follow","max-snippet":"max-snippet:-1","max-image-preview":"max-image-preview:large","max-video-preview":"max-video-preview:-1"},"canonical":"https:\/\/tuzlainfo.ba\/index.php\/istaknuto\/item\/229698-sutra-ispracaj-i-dzenaza-amri-karhimanovic\/","og_locale":"bs_BA","og_type":"article","og_title":"Sutra ispra\u0107aj i d\u017eenaza Amri Karhimanovi\u0107 - TuzlaInfo.ba","og_description":"Objavljen je datum ispra\u0107aja i d\u017eenaze Amre Kahrimanovi\u0107. Posljednji ispra\u0107aj bit \u0107e obavljen sutra od&hellip;","og_url":"https:\/\/tuzlainfo.ba\/index.php\/istaknuto\/item\/229698-sutra-ispracaj-i-dzenaza-amri-karhimanovic\/","og_site_name":"TuzlaInfo.ba","article_publisher":"https:\/\/www.facebook.com\/tuzlainfo.ba\/","article_published_time":"2024-02-09T14:34:04+00:00","article_modified_time":"2024-02-09T14:16:28+00:00","og_image":[{"width":1080,"height":849,"url":"https:\/\/tuzlainfo.ba\/wp-content\/uploads\/2024\/02\/viber_image_2024-02-09_14-28-14-060.jpg","type":"image\/jpeg"}],"author":"Tuzla Info","twitter_card":"summary_large_image","twitter_misc":{"Written by":"Tuzla Info","Est. reading time":"1 minuta"},"schema":{"@context":"https:\/\/schema.org","@graph":[{"@type":"Article","@id":"https:\/\/tuzlainfo.ba\/index.php\/istaknuto\/item\/229698-sutra-ispracaj-i-dzenaza-amri-karhimanovic\/#article","isPartOf":{"@id":"https:\/\/tuzlainfo.ba\/index.php\/istaknuto\/item\/229698-sutra-ispracaj-i-dzenaza-amri-karhimanovic\/"},"author":{"name":"Tuzla Info","@id":"https:\/\/tuzlainfo.ba\/#\/schema\/person\/46cad4c57790cbc50781edd14870825a"},"headline":"Sutra ispra\u0107aj i d\u017eenaza Amri Karhimanovi\u0107","datePublished":"2024-02-09T14:34:04+00:00","dateModified":"2024-02-09T14:16:28+00:00","mainEntityOfPage":{"@id":"https:\/\/tuzlainfo.ba\/index.php\/istaknuto\/item\/229698-sutra-ispracaj-i-dzenaza-amri-karhimanovic\/"},"wordCount":69,"publisher":{"@id":"https:\/\/tuzlainfo.ba\/#organization"},"image":{"@id":"https:\/\/tuzlainfo.ba\/index.php\/istaknuto\/item\/229698-sutra-ispracaj-i-dzenaza-amri-karhimanovic\/#primaryimage"},"thumbnailUrl":"https:\/\/tuzlainfo.ba\/wp-content\/uploads\/2024\/02\/viber_image_2024-02-09_14-28-14-060.jpg","keywords":["amra kahrimanovi\u0107","d\u017eenaza","tuzla"],"articleSection":["Istaknuto","Novosti"],"inLanguage":"bs-BA"},{"@type":"WebPage","@id":"https:\/\/tuzlainfo.ba\/index.php\/istaknuto\/item\/229698-sutra-ispracaj-i-dzenaza-amri-karhimanovic\/","url":"https:\/\/tuzlainfo.ba\/index.php\/istaknuto\/item\/229698-sutra-ispracaj-i-dzenaza-amri-karhimanovic\/","name":"Sutra ispra\u0107aj i d\u017eenaza Amri Karhimanovi\u0107 - TuzlaInfo.ba","isPartOf":{"@id":"https:\/\/tuzlainfo.ba\/#website"},"primaryImageOfPage":{"@id":"https:\/\/tuzlainfo.ba\/index.php\/istaknuto\/item\/229698-sutra-ispracaj-i-dzenaza-amri-karhimanovic\/#primaryimage"},"image":{"@id":"https:\/\/tuzlainfo.ba\/index.php\/istaknuto\/item\/229698-sutra-ispracaj-i-dzenaza-amri-karhimanovic\/#primaryimage"},"thumbnailUrl":"https:\/\/tuzlainfo.ba\/wp-content\/uploads\/2024\/02\/viber_image_2024-02-09_14-28-14-060.jpg","datePublished":"2024-02-09T14:34:04+00:00","dateModified":"2024-02-09T14:16:28+00:00","breadcrumb":{"@id":"https:\/\/tuzlainfo.ba\/index.php\/istaknuto\/item\/229698-sutra-ispracaj-i-dzenaza-amri-karhimanovic\/#breadcrumb"},"inLanguage":"bs-BA","potentialAction":[{"@type":"ReadAction","target":["https:\/\/tuzlainfo.ba\/index.php\/istaknuto\/item\/229698-sutra-ispracaj-i-dzenaza-amri-karhimanovic\/"]}]},{"@type":"ImageObject","inLanguage":"bs-BA","@id":"https:\/\/tuzlainfo.ba\/index.php\/istaknuto\/item\/229698-sutra-ispracaj-i-dzenaza-amri-karhimanovic\/#primaryimage","url":"https:\/\/tuzlainfo.ba\/wp-content\/uploads\/2024\/02\/viber_image_2024-02-09_14-28-14-060.jpg","contentUrl":"https:\/\/tuzlainfo.ba\/wp-content\/uploads\/2024\/02\/viber_image_2024-02-09_14-28-14-060.jpg","width":1080,"height":849},{"@type":"BreadcrumbList","@id":"https:\/\/tuzlainfo.ba\/index.php\/istaknuto\/item\/229698-sutra-ispracaj-i-dzenaza-amri-karhimanovic\/#breadcrumb","itemListElement":[{"@type":"ListItem","position":1,"name":"Home","item":"https:\/\/tuzlainfo.ba\/"},{"@type":"ListItem","position":2,"name":"Sutra ispra\u0107aj i d\u017eenaza Amri Karhimanovi\u0107"}]},{"@type":"WebSite","@id":"https:\/\/tuzlainfo.ba\/#website","url":"https:\/\/tuzlainfo.ba\/","name":"TuzlaInfo.ba","description":"Tuzla info, gradski informator - Tuzla na dlanu","publisher":{"@id":"https:\/\/tuzlainfo.ba\/#organization"},"potentialAction":[{"@type":"SearchAction","target":{"@type":"EntryPoint","urlTemplate":"https:\/\/tuzlainfo.ba\/?s={search_term_string}"},"query-input":{"@type":"PropertyValueSpecification","valueRequired":true,"valueName":"search_term_string"}}],"inLanguage":"bs-BA"},{"@type":"Organization","@id":"https:\/\/tuzlainfo.ba\/#organization","name":"TuzlaInfo.ba","url":"https:\/\/tuzlainfo.ba\/","logo":{"@type":"ImageObject","inLanguage":"bs-BA","@id":"https:\/\/tuzlainfo.ba\/#\/schema\/logo\/image\/","url":"https:\/\/tuzlainfo.ba\/wp-content\/uploads\/2021\/03\/logo-ver-3-1.png","contentUrl":"https:\/\/tuzlainfo.ba\/wp-content\/uploads\/2021\/03\/logo-ver-3-1.png","width":350,"height":95,"caption":"TuzlaInfo.ba"},"image":{"@id":"https:\/\/tuzlainfo.ba\/#\/schema\/logo\/image\/"},"sameAs":["https:\/\/www.facebook.com\/tuzlainfo.ba\/"]},{"@type":"Person","@id":"https:\/\/tuzlainfo.ba\/#\/schema\/person\/46cad4c57790cbc50781edd14870825a","name":"Tuzla Info","image":{"@type":"ImageObject","inLanguage":"bs-BA","@id":"https:\/\/tuzlainfo.ba\/#\/schema\/person\/image\/","url":"https:\/\/tuzlainfo.ba\/wp-content\/litespeed\/avatar\/b6c453a6c38e3654f2e4416c643fc25c.jpg?ver=1777656712","contentUrl":"https:\/\/tuzlainfo.ba\/wp-content\/litespeed\/avatar\/b6c453a6c38e3654f2e4416c643fc25c.jpg?ver=1777656712","caption":"Tuzla Info"}}]}},"_links":{"self":[{"href":"https:\/\/tuzlainfo.ba\/index.php\/wp-json\/wp\/v2\/posts\/229698"}],"collection":[{"href":"https:\/\/tuzlainfo.ba\/index.php\/wp-json\/wp\/v2\/posts"}],"about":[{"href":"https:\/\/tuzlainfo.ba\/index.php\/wp-json\/wp\/v2\/types\/post"}],"author":[{"embeddable":true,"href":"https:\/\/tuzlainfo.ba\/index.php\/wp-json\/wp\/v2\/users\/4"}],"replies":[{"embeddable":true,"href":"https:\/\/tuzlainfo.ba\/index.php\/wp-json\/wp\/v2\/comments?post=229698"}],"version-history":[{"count":1,"href":"https:\/\/tuzlainfo.ba\/index.php\/wp-json\/wp\/v2\/posts\/229698\/revisions"}],"predecessor-version":[{"id":229700,"href":"https:\/\/tuzlainfo.ba\/index.php\/wp-json\/wp\/v2\/posts\/229698\/revisions\/229700"}],"wp:featuredmedia":[{"embeddable":true,"href":"https:\/\/tuzlainfo.ba\/index.php\/wp-json\/wp\/v2\/media\/229699"}],"wp:attachment":[{"href":"https:\/\/tuzlainfo.ba\/index.php\/wp-json\/wp\/v2\/media?parent=229698"}],"wp:term":[{"taxonomy":"category","embeddable":true,"href":"https:\/\/tuzlainfo.ba\/index.php\/wp-json\/wp\/v2\/categories?post=229698"},{"taxonomy":"post_tag","embeddable":true,"href":"https:\/\/tuzlainfo.ba\/index.php\/wp-json\/wp\/v2\/tags?post=229698"}],"curies":[{"name":"wp","href":"https:\/\/api.w.org\/{rel}","templated":true}]}}