{"id":229275,"date":"2024-02-05T20:03:20","date_gmt":"2024-02-05T19:03:20","guid":{"rendered":"https:\/\/tuzlainfo.ba\/?p=229275"},"modified":"2024-02-05T20:03:20","modified_gmt":"2024-02-05T19:03:20","slug":"sanja-vulic-psovala-pred-sudom-bih-pa-od-mup-a-ks-dobila-prekrsajni-nalog","status":"publish","type":"post","link":"https:\/\/tuzlainfo.ba\/index.php\/bosna-i-hercegovina\/item\/229275-sanja-vulic-psovala-pred-sudom-bih-pa-od-mup-a-ks-dobila-prekrsajni-nalog\/","title":{"rendered":"Sanja Vuli\u0107 psovala pred Sudom BIH, pa od MUP-a KS dobila prekr\u0161ajni nalog"},"content":{"rendered":"<p>Povodom nedoli\u010dnog pona\u0161anja zastupnice u Parlamentu Bosne i Hercegovine Sanje Vuli\u0107 prilikom dana\u0161njeg dolaska pred Sud Bosne i Hercegovine na ro\u010di\u0161te u predmetu koji se vodi protiv Milorada Dodika, ministar MUP-a KS Admir Katica uputio je saop\u0107enje.<\/p>\n<p>&#8211; Psovke, uvrede, vrije\u0111anje institucija Bosne i Hercegovine i gra\u0111ana ne\u0107emo tolerisati. Pratimo, nadziremo i kontroli\u0161emo svaki dolazak, ali ne dozvoljavamo udar na na\u0161e instutucije i prelazak &#8220;crvene linije&#8221;. Zastupnica u Parlamentu BiH Sanja Vuli\u0107 pokazala je danas elementarno nepo\u0161tivanje institucija ove zemlje, na\u0161ih gra\u0111ana, bahatost i nekulturu.<\/p>\n<p>Pripadnici MUP-a Kantona Sarajevo utvrdili su danas naru\u0161avanje javnog reda i mira naro\u010dito drskim pona\u0161anjem, grubim vrije\u0111anjem drugog lica ili drugim bezobzirnim pona\u0161anjem, zbog \u010dega \u0107e Sanji Vuli\u0107 biti uru\u010den prekr\u0161ajni nalog za koji je predvi\u0111ena kazna u iznosu od 200 do 600 KM. Ovo je poruka svima koji ne po\u0161tuju zakone ove zemlje da \u0107e policija MUP-a Kantona Sarajevo spremno djelovati i omogu\u0107iti svima da u\u017eivaju zakonom zagarantovana prava, ali i snose posljedice za kr\u0161enje istih &#8211; navodi se u saop\u0107enju ministra Katice.<\/p>\n<p>Podsje\u0107amo, <strong>Sanja Vuli\u0107, \u0161efica Kluba zastupnika SNSD-a u Zastupni\u010dkom domu Parlamentarne skup\u0161tine Bosne i Hercegovine, danas se ispred Suda BiH prije i u toku ro\u010di\u0161ta njenom strana\u010dkom \u0161efu Miloradu Dodiku, najbla\u017ee re\u010deno nedoli\u010dno pona\u0161ala.<\/strong><\/p>\n<p>&#8211; Sljede\u0107i put \u0107emo dovesti 5.000 ljudi, je&#8230; li vam mamu, vidjet \u0107ete &#8211; psovala je Vuli\u0107 obra\u0107aju\u0107i se direktno u jednu od medijskih kamera, a potom je nastavila govoriti o malteretiranju Srba, o ameri\u010dkom ambasadoru u BiH, me\u0111unarodnoj zajednici koja mrzi Srbe i tome sli\u010dno.<\/p>\n<p>Vuli\u0107 je ne\u0161to kasnije ipak u\u0161la u sudnicu da bi potom iza\u0161la ispred zgrade, tokom ro\u010di\u0161ta, i nastavila psovati. Vikala je glasno da je svi \u010duju, spominju\u0107i sutkinju Senu Uzunovi\u0107, kao i ameri\u010dkog ambasadora u Bosni i Hercegovini Michaela Murphyja.<\/p>\n","protected":false},"excerpt":{"rendered":"<p>Povodom nedoli\u010dnog pona\u0161anja zastupnice u Parlamentu Bosne i Hercegovine Sanje Vuli\u0107 prilikom dana\u0161njeg dolaska pred&hellip;<\/p>\n","protected":false},"author":2,"featured_media":168267,"comment_status":"closed","ping_status":"closed","sticky":false,"template":"","format":"standard","meta":{"_acf_changed":false,"footnotes":""},"categories":[291],"tags":[3894,1625,726],"acf":[],"yoast_head":"<!-- This site is optimized with the Yoast SEO plugin v23.5 - https:\/\/yoast.com\/wordpress\/plugins\/seo\/ -->\n<title>Sanja Vuli\u0107 psovala pred Sudom BIH, pa od MUP-a KS dobila prekr\u0161ajni nalog - TuzlaInfo.ba<\/title>\n<meta name=\"robots\" content=\"index, follow, max-snippet:-1, max-image-preview:large, max-video-preview:-1\" \/>\n<link rel=\"canonical\" href=\"https:\/\/tuzlainfo.ba\/index.php\/bosna-i-hercegovina\/item\/229275-sanja-vulic-psovala-pred-sudom-bih-pa-od-mup-a-ks-dobila-prekrsajni-nalog\/\" \/>\n<meta property=\"og:locale\" content=\"bs_BA\" \/>\n<meta property=\"og:type\" content=\"article\" \/>\n<meta property=\"og:title\" content=\"Sanja Vuli\u0107 psovala pred Sudom BIH, pa od MUP-a KS dobila prekr\u0161ajni nalog - TuzlaInfo.ba\" \/>\n<meta property=\"og:description\" content=\"Povodom nedoli\u010dnog pona\u0161anja zastupnice u Parlamentu Bosne i Hercegovine Sanje Vuli\u0107 prilikom dana\u0161njeg dolaska pred&hellip;\" \/>\n<meta property=\"og:url\" content=\"https:\/\/tuzlainfo.ba\/index.php\/bosna-i-hercegovina\/item\/229275-sanja-vulic-psovala-pred-sudom-bih-pa-od-mup-a-ks-dobila-prekrsajni-nalog\/\" \/>\n<meta property=\"og:site_name\" content=\"TuzlaInfo.ba\" \/>\n<meta property=\"article:publisher\" content=\"https:\/\/www.facebook.com\/tuzlainfo.ba\/\" \/>\n<meta property=\"article:published_time\" content=\"2024-02-05T19:03:20+00:00\" \/>\n<meta property=\"og:image\" content=\"https:\/\/tuzlainfo.ba\/wp-content\/uploads\/2022\/04\/0204_sanja_vulic.jpg\" \/>\n\t<meta property=\"og:image:width\" content=\"1000\" \/>\n\t<meta property=\"og:image:height\" content=\"693\" \/>\n\t<meta property=\"og:image:type\" content=\"image\/jpeg\" \/>\n<meta name=\"author\" content=\"nedim\" \/>\n<meta name=\"twitter:card\" content=\"summary_large_image\" \/>\n<meta name=\"twitter:label1\" content=\"Written by\" \/>\n\t<meta name=\"twitter:data1\" content=\"nedim\" \/>\n\t<meta name=\"twitter:label2\" content=\"Est. reading time\" \/>\n\t<meta name=\"twitter:data2\" content=\"2 minute\" \/>\n<script type=\"application\/ld+json\" class=\"yoast-schema-graph\">{\"@context\":\"https:\/\/schema.org\",\"@graph\":[{\"@type\":\"Article\",\"@id\":\"https:\/\/tuzlainfo.ba\/index.php\/bosna-i-hercegovina\/item\/229275-sanja-vulic-psovala-pred-sudom-bih-pa-od-mup-a-ks-dobila-prekrsajni-nalog\/#article\",\"isPartOf\":{\"@id\":\"https:\/\/tuzlainfo.ba\/index.php\/bosna-i-hercegovina\/item\/229275-sanja-vulic-psovala-pred-sudom-bih-pa-od-mup-a-ks-dobila-prekrsajni-nalog\/\"},\"author\":{\"name\":\"nedim\",\"@id\":\"https:\/\/tuzlainfo.ba\/#\/schema\/person\/f434e20dc27ea133923aab08451b7f7f\"},\"headline\":\"Sanja Vuli\u0107 psovala pred Sudom BIH, pa od MUP-a KS dobila prekr\u0161ajni nalog\",\"datePublished\":\"2024-02-05T19:03:20+00:00\",\"dateModified\":\"2024-02-05T19:03:20+00:00\",\"mainEntityOfPage\":{\"@id\":\"https:\/\/tuzlainfo.ba\/index.php\/bosna-i-hercegovina\/item\/229275-sanja-vulic-psovala-pred-sudom-bih-pa-od-mup-a-ks-dobila-prekrsajni-nalog\/\"},\"wordCount\":350,\"publisher\":{\"@id\":\"https:\/\/tuzlainfo.ba\/#organization\"},\"image\":{\"@id\":\"https:\/\/tuzlainfo.ba\/index.php\/bosna-i-hercegovina\/item\/229275-sanja-vulic-psovala-pred-sudom-bih-pa-od-mup-a-ks-dobila-prekrsajni-nalog\/#primaryimage\"},\"thumbnailUrl\":\"https:\/\/tuzlainfo.ba\/wp-content\/uploads\/2022\/04\/0204_sanja_vulic.jpg\",\"keywords\":[\"mup ks\",\"sanja vuli\u0107\",\"sud bih\"],\"articleSection\":[\"Bosna i Hercegovina\"],\"inLanguage\":\"bs-BA\"},{\"@type\":\"WebPage\",\"@id\":\"https:\/\/tuzlainfo.ba\/index.php\/bosna-i-hercegovina\/item\/229275-sanja-vulic-psovala-pred-sudom-bih-pa-od-mup-a-ks-dobila-prekrsajni-nalog\/\",\"url\":\"https:\/\/tuzlainfo.ba\/index.php\/bosna-i-hercegovina\/item\/229275-sanja-vulic-psovala-pred-sudom-bih-pa-od-mup-a-ks-dobila-prekrsajni-nalog\/\",\"name\":\"Sanja Vuli\u0107 psovala pred Sudom BIH, pa od MUP-a KS dobila prekr\u0161ajni nalog - TuzlaInfo.ba\",\"isPartOf\":{\"@id\":\"https:\/\/tuzlainfo.ba\/#website\"},\"primaryImageOfPage\":{\"@id\":\"https:\/\/tuzlainfo.ba\/index.php\/bosna-i-hercegovina\/item\/229275-sanja-vulic-psovala-pred-sudom-bih-pa-od-mup-a-ks-dobila-prekrsajni-nalog\/#primaryimage\"},\"image\":{\"@id\":\"https:\/\/tuzlainfo.ba\/index.php\/bosna-i-hercegovina\/item\/229275-sanja-vulic-psovala-pred-sudom-bih-pa-od-mup-a-ks-dobila-prekrsajni-nalog\/#primaryimage\"},\"thumbnailUrl\":\"https:\/\/tuzlainfo.ba\/wp-content\/uploads\/2022\/04\/0204_sanja_vulic.jpg\",\"datePublished\":\"2024-02-05T19:03:20+00:00\",\"dateModified\":\"2024-02-05T19:03:20+00:00\",\"breadcrumb\":{\"@id\":\"https:\/\/tuzlainfo.ba\/index.php\/bosna-i-hercegovina\/item\/229275-sanja-vulic-psovala-pred-sudom-bih-pa-od-mup-a-ks-dobila-prekrsajni-nalog\/#breadcrumb\"},\"inLanguage\":\"bs-BA\",\"potentialAction\":[{\"@type\":\"ReadAction\",\"target\":[\"https:\/\/tuzlainfo.ba\/index.php\/bosna-i-hercegovina\/item\/229275-sanja-vulic-psovala-pred-sudom-bih-pa-od-mup-a-ks-dobila-prekrsajni-nalog\/\"]}]},{\"@type\":\"ImageObject\",\"inLanguage\":\"bs-BA\",\"@id\":\"https:\/\/tuzlainfo.ba\/index.php\/bosna-i-hercegovina\/item\/229275-sanja-vulic-psovala-pred-sudom-bih-pa-od-mup-a-ks-dobila-prekrsajni-nalog\/#primaryimage\",\"url\":\"https:\/\/tuzlainfo.ba\/wp-content\/uploads\/2022\/04\/0204_sanja_vulic.jpg\",\"contentUrl\":\"https:\/\/tuzlainfo.ba\/wp-content\/uploads\/2022\/04\/0204_sanja_vulic.jpg\",\"width\":1000,\"height\":693},{\"@type\":\"BreadcrumbList\",\"@id\":\"https:\/\/tuzlainfo.ba\/index.php\/bosna-i-hercegovina\/item\/229275-sanja-vulic-psovala-pred-sudom-bih-pa-od-mup-a-ks-dobila-prekrsajni-nalog\/#breadcrumb\",\"itemListElement\":[{\"@type\":\"ListItem\",\"position\":1,\"name\":\"Home\",\"item\":\"https:\/\/tuzlainfo.ba\/\"},{\"@type\":\"ListItem\",\"position\":2,\"name\":\"Sanja Vuli\u0107 psovala pred Sudom BIH, pa od MUP-a KS dobila prekr\u0161ajni nalog\"}]},{\"@type\":\"WebSite\",\"@id\":\"https:\/\/tuzlainfo.ba\/#website\",\"url\":\"https:\/\/tuzlainfo.ba\/\",\"name\":\"TuzlaInfo.ba\",\"description\":\"Tuzla info, gradski informator - Tuzla na dlanu\",\"publisher\":{\"@id\":\"https:\/\/tuzlainfo.ba\/#organization\"},\"potentialAction\":[{\"@type\":\"SearchAction\",\"target\":{\"@type\":\"EntryPoint\",\"urlTemplate\":\"https:\/\/tuzlainfo.ba\/?s={search_term_string}\"},\"query-input\":{\"@type\":\"PropertyValueSpecification\",\"valueRequired\":true,\"valueName\":\"search_term_string\"}}],\"inLanguage\":\"bs-BA\"},{\"@type\":\"Organization\",\"@id\":\"https:\/\/tuzlainfo.ba\/#organization\",\"name\":\"TuzlaInfo.ba\",\"url\":\"https:\/\/tuzlainfo.ba\/\",\"logo\":{\"@type\":\"ImageObject\",\"inLanguage\":\"bs-BA\",\"@id\":\"https:\/\/tuzlainfo.ba\/#\/schema\/logo\/image\/\",\"url\":\"https:\/\/tuzlainfo.ba\/wp-content\/uploads\/2021\/03\/logo-ver-3-1.png\",\"contentUrl\":\"https:\/\/tuzlainfo.ba\/wp-content\/uploads\/2021\/03\/logo-ver-3-1.png\",\"width\":350,\"height\":95,\"caption\":\"TuzlaInfo.ba\"},\"image\":{\"@id\":\"https:\/\/tuzlainfo.ba\/#\/schema\/logo\/image\/\"},\"sameAs\":[\"https:\/\/www.facebook.com\/tuzlainfo.ba\/\"]},{\"@type\":\"Person\",\"@id\":\"https:\/\/tuzlainfo.ba\/#\/schema\/person\/f434e20dc27ea133923aab08451b7f7f\",\"name\":\"nedim\",\"image\":{\"@type\":\"ImageObject\",\"inLanguage\":\"bs-BA\",\"@id\":\"https:\/\/tuzlainfo.ba\/#\/schema\/person\/image\/\",\"url\":\"https:\/\/tuzlainfo.ba\/wp-content\/litespeed\/avatar\/aabad687af24844af817603ac1cbdc4f.jpg?ver=1777306975\",\"contentUrl\":\"https:\/\/tuzlainfo.ba\/wp-content\/litespeed\/avatar\/aabad687af24844af817603ac1cbdc4f.jpg?ver=1777306975\",\"caption\":\"nedim\"},\"description\":\"Tuzlainfo.ba pratite na dru\u0161tvenim mre\u017eama: Facebook, Instagram i Youtube. Svoje pri\u010de, upite i fotografije \u0161aljite na na\u0161u e-mail adresu.\"}]}<\/script>\n<!-- \/ Yoast SEO plugin. -->","yoast_head_json":{"title":"Sanja Vuli\u0107 psovala pred Sudom BIH, pa od MUP-a KS dobila prekr\u0161ajni nalog - TuzlaInfo.ba","robots":{"index":"index","follow":"follow","max-snippet":"max-snippet:-1","max-image-preview":"max-image-preview:large","max-video-preview":"max-video-preview:-1"},"canonical":"https:\/\/tuzlainfo.ba\/index.php\/bosna-i-hercegovina\/item\/229275-sanja-vulic-psovala-pred-sudom-bih-pa-od-mup-a-ks-dobila-prekrsajni-nalog\/","og_locale":"bs_BA","og_type":"article","og_title":"Sanja Vuli\u0107 psovala pred Sudom BIH, pa od MUP-a KS dobila prekr\u0161ajni nalog - TuzlaInfo.ba","og_description":"Povodom nedoli\u010dnog pona\u0161anja zastupnice u Parlamentu Bosne i Hercegovine Sanje Vuli\u0107 prilikom dana\u0161njeg dolaska pred&hellip;","og_url":"https:\/\/tuzlainfo.ba\/index.php\/bosna-i-hercegovina\/item\/229275-sanja-vulic-psovala-pred-sudom-bih-pa-od-mup-a-ks-dobila-prekrsajni-nalog\/","og_site_name":"TuzlaInfo.ba","article_publisher":"https:\/\/www.facebook.com\/tuzlainfo.ba\/","article_published_time":"2024-02-05T19:03:20+00:00","og_image":[{"width":1000,"height":693,"url":"https:\/\/tuzlainfo.ba\/wp-content\/uploads\/2022\/04\/0204_sanja_vulic.jpg","type":"image\/jpeg"}],"author":"nedim","twitter_card":"summary_large_image","twitter_misc":{"Written by":"nedim","Est. reading time":"2 minute"},"schema":{"@context":"https:\/\/schema.org","@graph":[{"@type":"Article","@id":"https:\/\/tuzlainfo.ba\/index.php\/bosna-i-hercegovina\/item\/229275-sanja-vulic-psovala-pred-sudom-bih-pa-od-mup-a-ks-dobila-prekrsajni-nalog\/#article","isPartOf":{"@id":"https:\/\/tuzlainfo.ba\/index.php\/bosna-i-hercegovina\/item\/229275-sanja-vulic-psovala-pred-sudom-bih-pa-od-mup-a-ks-dobila-prekrsajni-nalog\/"},"author":{"name":"nedim","@id":"https:\/\/tuzlainfo.ba\/#\/schema\/person\/f434e20dc27ea133923aab08451b7f7f"},"headline":"Sanja Vuli\u0107 psovala pred Sudom BIH, pa od MUP-a KS dobila prekr\u0161ajni nalog","datePublished":"2024-02-05T19:03:20+00:00","dateModified":"2024-02-05T19:03:20+00:00","mainEntityOfPage":{"@id":"https:\/\/tuzlainfo.ba\/index.php\/bosna-i-hercegovina\/item\/229275-sanja-vulic-psovala-pred-sudom-bih-pa-od-mup-a-ks-dobila-prekrsajni-nalog\/"},"wordCount":350,"publisher":{"@id":"https:\/\/tuzlainfo.ba\/#organization"},"image":{"@id":"https:\/\/tuzlainfo.ba\/index.php\/bosna-i-hercegovina\/item\/229275-sanja-vulic-psovala-pred-sudom-bih-pa-od-mup-a-ks-dobila-prekrsajni-nalog\/#primaryimage"},"thumbnailUrl":"https:\/\/tuzlainfo.ba\/wp-content\/uploads\/2022\/04\/0204_sanja_vulic.jpg","keywords":["mup ks","sanja vuli\u0107","sud bih"],"articleSection":["Bosna i Hercegovina"],"inLanguage":"bs-BA"},{"@type":"WebPage","@id":"https:\/\/tuzlainfo.ba\/index.php\/bosna-i-hercegovina\/item\/229275-sanja-vulic-psovala-pred-sudom-bih-pa-od-mup-a-ks-dobila-prekrsajni-nalog\/","url":"https:\/\/tuzlainfo.ba\/index.php\/bosna-i-hercegovina\/item\/229275-sanja-vulic-psovala-pred-sudom-bih-pa-od-mup-a-ks-dobila-prekrsajni-nalog\/","name":"Sanja Vuli\u0107 psovala pred Sudom BIH, pa od MUP-a KS dobila prekr\u0161ajni nalog - TuzlaInfo.ba","isPartOf":{"@id":"https:\/\/tuzlainfo.ba\/#website"},"primaryImageOfPage":{"@id":"https:\/\/tuzlainfo.ba\/index.php\/bosna-i-hercegovina\/item\/229275-sanja-vulic-psovala-pred-sudom-bih-pa-od-mup-a-ks-dobila-prekrsajni-nalog\/#primaryimage"},"image":{"@id":"https:\/\/tuzlainfo.ba\/index.php\/bosna-i-hercegovina\/item\/229275-sanja-vulic-psovala-pred-sudom-bih-pa-od-mup-a-ks-dobila-prekrsajni-nalog\/#primaryimage"},"thumbnailUrl":"https:\/\/tuzlainfo.ba\/wp-content\/uploads\/2022\/04\/0204_sanja_vulic.jpg","datePublished":"2024-02-05T19:03:20+00:00","dateModified":"2024-02-05T19:03:20+00:00","breadcrumb":{"@id":"https:\/\/tuzlainfo.ba\/index.php\/bosna-i-hercegovina\/item\/229275-sanja-vulic-psovala-pred-sudom-bih-pa-od-mup-a-ks-dobila-prekrsajni-nalog\/#breadcrumb"},"inLanguage":"bs-BA","potentialAction":[{"@type":"ReadAction","target":["https:\/\/tuzlainfo.ba\/index.php\/bosna-i-hercegovina\/item\/229275-sanja-vulic-psovala-pred-sudom-bih-pa-od-mup-a-ks-dobila-prekrsajni-nalog\/"]}]},{"@type":"ImageObject","inLanguage":"bs-BA","@id":"https:\/\/tuzlainfo.ba\/index.php\/bosna-i-hercegovina\/item\/229275-sanja-vulic-psovala-pred-sudom-bih-pa-od-mup-a-ks-dobila-prekrsajni-nalog\/#primaryimage","url":"https:\/\/tuzlainfo.ba\/wp-content\/uploads\/2022\/04\/0204_sanja_vulic.jpg","contentUrl":"https:\/\/tuzlainfo.ba\/wp-content\/uploads\/2022\/04\/0204_sanja_vulic.jpg","width":1000,"height":693},{"@type":"BreadcrumbList","@id":"https:\/\/tuzlainfo.ba\/index.php\/bosna-i-hercegovina\/item\/229275-sanja-vulic-psovala-pred-sudom-bih-pa-od-mup-a-ks-dobila-prekrsajni-nalog\/#breadcrumb","itemListElement":[{"@type":"ListItem","position":1,"name":"Home","item":"https:\/\/tuzlainfo.ba\/"},{"@type":"ListItem","position":2,"name":"Sanja Vuli\u0107 psovala pred Sudom BIH, pa od MUP-a KS dobila prekr\u0161ajni nalog"}]},{"@type":"WebSite","@id":"https:\/\/tuzlainfo.ba\/#website","url":"https:\/\/tuzlainfo.ba\/","name":"TuzlaInfo.ba","description":"Tuzla info, gradski informator - Tuzla na dlanu","publisher":{"@id":"https:\/\/tuzlainfo.ba\/#organization"},"potentialAction":[{"@type":"SearchAction","target":{"@type":"EntryPoint","urlTemplate":"https:\/\/tuzlainfo.ba\/?s={search_term_string}"},"query-input":{"@type":"PropertyValueSpecification","valueRequired":true,"valueName":"search_term_string"}}],"inLanguage":"bs-BA"},{"@type":"Organization","@id":"https:\/\/tuzlainfo.ba\/#organization","name":"TuzlaInfo.ba","url":"https:\/\/tuzlainfo.ba\/","logo":{"@type":"ImageObject","inLanguage":"bs-BA","@id":"https:\/\/tuzlainfo.ba\/#\/schema\/logo\/image\/","url":"https:\/\/tuzlainfo.ba\/wp-content\/uploads\/2021\/03\/logo-ver-3-1.png","contentUrl":"https:\/\/tuzlainfo.ba\/wp-content\/uploads\/2021\/03\/logo-ver-3-1.png","width":350,"height":95,"caption":"TuzlaInfo.ba"},"image":{"@id":"https:\/\/tuzlainfo.ba\/#\/schema\/logo\/image\/"},"sameAs":["https:\/\/www.facebook.com\/tuzlainfo.ba\/"]},{"@type":"Person","@id":"https:\/\/tuzlainfo.ba\/#\/schema\/person\/f434e20dc27ea133923aab08451b7f7f","name":"nedim","image":{"@type":"ImageObject","inLanguage":"bs-BA","@id":"https:\/\/tuzlainfo.ba\/#\/schema\/person\/image\/","url":"https:\/\/tuzlainfo.ba\/wp-content\/litespeed\/avatar\/aabad687af24844af817603ac1cbdc4f.jpg?ver=1777306975","contentUrl":"https:\/\/tuzlainfo.ba\/wp-content\/litespeed\/avatar\/aabad687af24844af817603ac1cbdc4f.jpg?ver=1777306975","caption":"nedim"},"description":"Tuzlainfo.ba pratite na dru\u0161tvenim mre\u017eama: Facebook, Instagram i Youtube. Svoje pri\u010de, upite i fotografije \u0161aljite na na\u0161u e-mail adresu."}]}},"_links":{"self":[{"href":"https:\/\/tuzlainfo.ba\/index.php\/wp-json\/wp\/v2\/posts\/229275"}],"collection":[{"href":"https:\/\/tuzlainfo.ba\/index.php\/wp-json\/wp\/v2\/posts"}],"about":[{"href":"https:\/\/tuzlainfo.ba\/index.php\/wp-json\/wp\/v2\/types\/post"}],"author":[{"embeddable":true,"href":"https:\/\/tuzlainfo.ba\/index.php\/wp-json\/wp\/v2\/users\/2"}],"replies":[{"embeddable":true,"href":"https:\/\/tuzlainfo.ba\/index.php\/wp-json\/wp\/v2\/comments?post=229275"}],"version-history":[{"count":1,"href":"https:\/\/tuzlainfo.ba\/index.php\/wp-json\/wp\/v2\/posts\/229275\/revisions"}],"predecessor-version":[{"id":229276,"href":"https:\/\/tuzlainfo.ba\/index.php\/wp-json\/wp\/v2\/posts\/229275\/revisions\/229276"}],"wp:featuredmedia":[{"embeddable":true,"href":"https:\/\/tuzlainfo.ba\/index.php\/wp-json\/wp\/v2\/media\/168267"}],"wp:attachment":[{"href":"https:\/\/tuzlainfo.ba\/index.php\/wp-json\/wp\/v2\/media?parent=229275"}],"wp:term":[{"taxonomy":"category","embeddable":true,"href":"https:\/\/tuzlainfo.ba\/index.php\/wp-json\/wp\/v2\/categories?post=229275"},{"taxonomy":"post_tag","embeddable":true,"href":"https:\/\/tuzlainfo.ba\/index.php\/wp-json\/wp\/v2\/tags?post=229275"}],"curies":[{"name":"wp","href":"https:\/\/api.w.org\/{rel}","templated":true}]}}