{"id":229123,"date":"2024-02-03T21:29:00","date_gmt":"2024-02-03T20:29:00","guid":{"rendered":"https:\/\/tuzlainfo.ba\/?p=229123"},"modified":"2024-02-03T20:50:07","modified_gmt":"2024-02-03T19:50:07","slug":"sasa-kovacevic-8-marta-pjeva-u-mejdanu-ulaznice-kostaju-od-20-do-100-km","status":"publish","type":"post","link":"https:\/\/tuzlainfo.ba\/index.php\/najava-dogadaja-2\/item\/229123-sasa-kovacevic-8-marta-pjeva-u-mejdanu-ulaznice-kostaju-od-20-do-100-km\/","title":{"rendered":"Sa\u0161a Kova\u010devi\u0107 8. marta pjeva u Mejdanu, ulaznice ko\u0161taju od 20 do 100 KM"},"content":{"rendered":"<p>Sa\u0161a Kova\u010devi\u0107 jedna od najve\u0107ih regionalnih zvijezda nastupit \u0107e u dvorani Mejdan u Tuzli u petak 8.marta od 20 sati, o \u010demu smo ve\u0107 ranije pisali.<\/p>\n<p>Jedan od najzna\u010dajnijih predstavnike nove generacije pop muzike i \u010dovjek \u010dije pjesme i znaju i vole svi, \u0107e nakon odlaganja koncerta zbog korona virusa (trebao biti odr\u017ean 08. marta 2020 godine) napokon gostovati u Tuzli.<\/p>\n<p>Tuzlaci \u0107e tako imati priliku da u\u017eivaju u vrhunskom \u0161ou programu koji Sa\u0161a specijalno sprema za njih, ali i da zajedno sa njim zapjevaju \u201eKa\u017ee\u0161 ne\u201c, \u201eNo\u0107na ikona\u201c, \u201eTemperatura\u201c, \u201eIdemo do mene\u201c, \u201e\u017divim da te volim\u201c, \u201eJo\u0161 ti se nadam\u201c, \u201eSlu\u010dajno\u201c, \u201eLapsus\u201c&#8230;<\/p>\n<p>Sa\u0161a ovaj put u Mejdan ne dolazi sam, jedan od njegovih gostiju je i Emelin \u010diji hit \u201eNe pla\u010di majko\u201c ovih dana pjevu\u0161e svi, te Lejla Zahirovi\u0107 koja se nakon u\u0107e\u0161\u0107a u \u201eZvezdama Granda\u201c i kra\u0107e muzi\u010dke pauze vra\u0107a na velika vrata sa pjesmom \u201eJorgovan\u201c. Te ve\u010deri sa publikom \u0107e se dru\u017eiti i sve popularnija ekipa iz Collapse banda, zna\u010di bi\u0107e sigurno \u201eDjevoja\u010dko ve\u010de\u201c.<\/p>\n<p><img fetchpriority=\"high\" decoding=\"async\" class=\"alignnone wp-image-229124 size-full\" src=\"https:\/\/tuzlainfo.ba\/wp-content\/uploads\/2024\/02\/0302_sasa_kovacevic.jpg\" alt=\"\" width=\"850\" height=\"370\" srcset=\"https:\/\/tuzlainfo.ba\/wp-content\/uploads\/2024\/02\/0302_sasa_kovacevic.jpg 850w, https:\/\/tuzlainfo.ba\/wp-content\/uploads\/2024\/02\/0302_sasa_kovacevic-300x131.jpg 300w, https:\/\/tuzlainfo.ba\/wp-content\/uploads\/2024\/02\/0302_sasa_kovacevic-768x334.jpg 768w, https:\/\/tuzlainfo.ba\/wp-content\/uploads\/2024\/02\/0302_sasa_kovacevic-585x255.jpg 585w, https:\/\/tuzlainfo.ba\/wp-content\/uploads\/2024\/02\/0302_sasa_kovacevic-150x65.jpg 150w, https:\/\/tuzlainfo.ba\/wp-content\/uploads\/2024\/02\/0302_sasa_kovacevic-500x218.jpg 500w\" sizes=\"(max-width: 850px) 100vw, 850px\" \/><\/p>\n<p>Drage dame, ali i ostali, ovo je jedinstvena prilika da provedete Dan \u017eena na najbolji na\u010din &#8230; uz pjesmu i dobru atmosferu koja je zagarantovana!<\/p>\n<p>Karte za ovaj fenomenalni koncert su ve\u0107 u prodaji i mogu se\u00a0 po cijenanama od 20 KM za parter, 25 KM za tribine, 50 KM za VIP i 100 KM za VIP Exlusive kupiti u Tuzli u CD \u0161opu \u201eSejo i Vili\u201c te CD \u0161opu \u201eMido\u201c na Korzou, u restoranu Terminal (do marketa Crvena jabuka), caffeu Allegro, te online na <a href=\"https:\/\/www.kupikartu.ba\/karte\/event\/6430\/saa-kovaevi-mejdan-tuzla\">kupikartu.ba<\/a>.<\/p>\n","protected":false},"excerpt":{"rendered":"<p>Sa\u0161a Kova\u010devi\u0107 jedna od najve\u0107ih regionalnih zvijezda nastupit \u0107e u dvorani Mejdan u Tuzli u&hellip;<\/p>\n","protected":false},"author":2,"featured_media":227836,"comment_status":"closed","ping_status":"closed","sticky":false,"template":"","format":"standard","meta":{"_acf_changed":false,"footnotes":""},"categories":[304,11],"tags":[9414,679],"acf":[],"yoast_head":"<!-- This site is optimized with the Yoast SEO plugin v23.5 - https:\/\/yoast.com\/wordpress\/plugins\/seo\/ -->\n<title>Sa\u0161a Kova\u010devi\u0107 8. marta pjeva u Mejdanu, ulaznice ko\u0161taju od 20 do 100 KM - TuzlaInfo.ba<\/title>\n<meta name=\"robots\" content=\"index, follow, max-snippet:-1, max-image-preview:large, max-video-preview:-1\" \/>\n<link rel=\"canonical\" href=\"https:\/\/tuzlainfo.ba\/index.php\/najava-dogadaja-2\/item\/229123-sasa-kovacevic-8-marta-pjeva-u-mejdanu-ulaznice-kostaju-od-20-do-100-km\/\" \/>\n<meta property=\"og:locale\" content=\"bs_BA\" \/>\n<meta property=\"og:type\" content=\"article\" \/>\n<meta property=\"og:title\" content=\"Sa\u0161a Kova\u010devi\u0107 8. marta pjeva u Mejdanu, ulaznice ko\u0161taju od 20 do 100 KM - TuzlaInfo.ba\" \/>\n<meta property=\"og:description\" content=\"Sa\u0161a Kova\u010devi\u0107 jedna od najve\u0107ih regionalnih zvijezda nastupit \u0107e u dvorani Mejdan u Tuzli u&hellip;\" \/>\n<meta property=\"og:url\" content=\"https:\/\/tuzlainfo.ba\/index.php\/najava-dogadaja-2\/item\/229123-sasa-kovacevic-8-marta-pjeva-u-mejdanu-ulaznice-kostaju-od-20-do-100-km\/\" \/>\n<meta property=\"og:site_name\" content=\"TuzlaInfo.ba\" \/>\n<meta property=\"article:publisher\" content=\"https:\/\/www.facebook.com\/tuzlainfo.ba\/\" \/>\n<meta property=\"article:published_time\" content=\"2024-02-03T20:29:00+00:00\" \/>\n<meta property=\"article:modified_time\" content=\"2024-02-03T19:50:07+00:00\" \/>\n<meta property=\"og:image\" content=\"https:\/\/tuzlainfo.ba\/wp-content\/uploads\/2024\/01\/1701_sasa_kovacevic.jpg\" \/>\n\t<meta property=\"og:image:width\" content=\"800\" \/>\n\t<meta property=\"og:image:height\" content=\"545\" \/>\n\t<meta property=\"og:image:type\" content=\"image\/jpeg\" \/>\n<meta name=\"author\" content=\"nedim\" \/>\n<meta name=\"twitter:card\" content=\"summary_large_image\" \/>\n<meta name=\"twitter:label1\" content=\"Written by\" \/>\n\t<meta name=\"twitter:data1\" content=\"nedim\" \/>\n\t<meta name=\"twitter:label2\" content=\"Est. reading time\" \/>\n\t<meta name=\"twitter:data2\" content=\"2 minute\" \/>\n<script type=\"application\/ld+json\" class=\"yoast-schema-graph\">{\"@context\":\"https:\/\/schema.org\",\"@graph\":[{\"@type\":\"Article\",\"@id\":\"https:\/\/tuzlainfo.ba\/index.php\/najava-dogadaja-2\/item\/229123-sasa-kovacevic-8-marta-pjeva-u-mejdanu-ulaznice-kostaju-od-20-do-100-km\/#article\",\"isPartOf\":{\"@id\":\"https:\/\/tuzlainfo.ba\/index.php\/najava-dogadaja-2\/item\/229123-sasa-kovacevic-8-marta-pjeva-u-mejdanu-ulaznice-kostaju-od-20-do-100-km\/\"},\"author\":{\"name\":\"nedim\",\"@id\":\"https:\/\/tuzlainfo.ba\/#\/schema\/person\/f434e20dc27ea133923aab08451b7f7f\"},\"headline\":\"Sa\u0161a Kova\u010devi\u0107 8. marta pjeva u Mejdanu, ulaznice ko\u0161taju od 20 do 100 KM\",\"datePublished\":\"2024-02-03T20:29:00+00:00\",\"dateModified\":\"2024-02-03T19:50:07+00:00\",\"mainEntityOfPage\":{\"@id\":\"https:\/\/tuzlainfo.ba\/index.php\/najava-dogadaja-2\/item\/229123-sasa-kovacevic-8-marta-pjeva-u-mejdanu-ulaznice-kostaju-od-20-do-100-km\/\"},\"wordCount\":285,\"publisher\":{\"@id\":\"https:\/\/tuzlainfo.ba\/#organization\"},\"image\":{\"@id\":\"https:\/\/tuzlainfo.ba\/index.php\/najava-dogadaja-2\/item\/229123-sasa-kovacevic-8-marta-pjeva-u-mejdanu-ulaznice-kostaju-od-20-do-100-km\/#primaryimage\"},\"thumbnailUrl\":\"https:\/\/tuzlainfo.ba\/wp-content\/uploads\/2024\/01\/1701_sasa_kovacevic.jpg\",\"keywords\":[\"sa\u0161a kova\u010devi\u0107\",\"skpc mejdan\"],\"articleSection\":[\"Istaknuto\",\"Najave i doga\u0111aji\"],\"inLanguage\":\"bs-BA\"},{\"@type\":\"WebPage\",\"@id\":\"https:\/\/tuzlainfo.ba\/index.php\/najava-dogadaja-2\/item\/229123-sasa-kovacevic-8-marta-pjeva-u-mejdanu-ulaznice-kostaju-od-20-do-100-km\/\",\"url\":\"https:\/\/tuzlainfo.ba\/index.php\/najava-dogadaja-2\/item\/229123-sasa-kovacevic-8-marta-pjeva-u-mejdanu-ulaznice-kostaju-od-20-do-100-km\/\",\"name\":\"Sa\u0161a Kova\u010devi\u0107 8. marta pjeva u Mejdanu, ulaznice ko\u0161taju od 20 do 100 KM - TuzlaInfo.ba\",\"isPartOf\":{\"@id\":\"https:\/\/tuzlainfo.ba\/#website\"},\"primaryImageOfPage\":{\"@id\":\"https:\/\/tuzlainfo.ba\/index.php\/najava-dogadaja-2\/item\/229123-sasa-kovacevic-8-marta-pjeva-u-mejdanu-ulaznice-kostaju-od-20-do-100-km\/#primaryimage\"},\"image\":{\"@id\":\"https:\/\/tuzlainfo.ba\/index.php\/najava-dogadaja-2\/item\/229123-sasa-kovacevic-8-marta-pjeva-u-mejdanu-ulaznice-kostaju-od-20-do-100-km\/#primaryimage\"},\"thumbnailUrl\":\"https:\/\/tuzlainfo.ba\/wp-content\/uploads\/2024\/01\/1701_sasa_kovacevic.jpg\",\"datePublished\":\"2024-02-03T20:29:00+00:00\",\"dateModified\":\"2024-02-03T19:50:07+00:00\",\"breadcrumb\":{\"@id\":\"https:\/\/tuzlainfo.ba\/index.php\/najava-dogadaja-2\/item\/229123-sasa-kovacevic-8-marta-pjeva-u-mejdanu-ulaznice-kostaju-od-20-do-100-km\/#breadcrumb\"},\"inLanguage\":\"bs-BA\",\"potentialAction\":[{\"@type\":\"ReadAction\",\"target\":[\"https:\/\/tuzlainfo.ba\/index.php\/najava-dogadaja-2\/item\/229123-sasa-kovacevic-8-marta-pjeva-u-mejdanu-ulaznice-kostaju-od-20-do-100-km\/\"]}]},{\"@type\":\"ImageObject\",\"inLanguage\":\"bs-BA\",\"@id\":\"https:\/\/tuzlainfo.ba\/index.php\/najava-dogadaja-2\/item\/229123-sasa-kovacevic-8-marta-pjeva-u-mejdanu-ulaznice-kostaju-od-20-do-100-km\/#primaryimage\",\"url\":\"https:\/\/tuzlainfo.ba\/wp-content\/uploads\/2024\/01\/1701_sasa_kovacevic.jpg\",\"contentUrl\":\"https:\/\/tuzlainfo.ba\/wp-content\/uploads\/2024\/01\/1701_sasa_kovacevic.jpg\",\"width\":800,\"height\":545},{\"@type\":\"BreadcrumbList\",\"@id\":\"https:\/\/tuzlainfo.ba\/index.php\/najava-dogadaja-2\/item\/229123-sasa-kovacevic-8-marta-pjeva-u-mejdanu-ulaznice-kostaju-od-20-do-100-km\/#breadcrumb\",\"itemListElement\":[{\"@type\":\"ListItem\",\"position\":1,\"name\":\"Home\",\"item\":\"https:\/\/tuzlainfo.ba\/\"},{\"@type\":\"ListItem\",\"position\":2,\"name\":\"Sa\u0161a Kova\u010devi\u0107 8. marta pjeva u Mejdanu, ulaznice ko\u0161taju od 20 do 100 KM\"}]},{\"@type\":\"WebSite\",\"@id\":\"https:\/\/tuzlainfo.ba\/#website\",\"url\":\"https:\/\/tuzlainfo.ba\/\",\"name\":\"TuzlaInfo.ba\",\"description\":\"Tuzla info, gradski informator - Tuzla na dlanu\",\"publisher\":{\"@id\":\"https:\/\/tuzlainfo.ba\/#organization\"},\"potentialAction\":[{\"@type\":\"SearchAction\",\"target\":{\"@type\":\"EntryPoint\",\"urlTemplate\":\"https:\/\/tuzlainfo.ba\/?s={search_term_string}\"},\"query-input\":{\"@type\":\"PropertyValueSpecification\",\"valueRequired\":true,\"valueName\":\"search_term_string\"}}],\"inLanguage\":\"bs-BA\"},{\"@type\":\"Organization\",\"@id\":\"https:\/\/tuzlainfo.ba\/#organization\",\"name\":\"TuzlaInfo.ba\",\"url\":\"https:\/\/tuzlainfo.ba\/\",\"logo\":{\"@type\":\"ImageObject\",\"inLanguage\":\"bs-BA\",\"@id\":\"https:\/\/tuzlainfo.ba\/#\/schema\/logo\/image\/\",\"url\":\"https:\/\/tuzlainfo.ba\/wp-content\/uploads\/2021\/03\/logo-ver-3-1.png\",\"contentUrl\":\"https:\/\/tuzlainfo.ba\/wp-content\/uploads\/2021\/03\/logo-ver-3-1.png\",\"width\":350,\"height\":95,\"caption\":\"TuzlaInfo.ba\"},\"image\":{\"@id\":\"https:\/\/tuzlainfo.ba\/#\/schema\/logo\/image\/\"},\"sameAs\":[\"https:\/\/www.facebook.com\/tuzlainfo.ba\/\"]},{\"@type\":\"Person\",\"@id\":\"https:\/\/tuzlainfo.ba\/#\/schema\/person\/f434e20dc27ea133923aab08451b7f7f\",\"name\":\"nedim\",\"image\":{\"@type\":\"ImageObject\",\"inLanguage\":\"bs-BA\",\"@id\":\"https:\/\/tuzlainfo.ba\/#\/schema\/person\/image\/\",\"url\":\"https:\/\/tuzlainfo.ba\/wp-content\/litespeed\/avatar\/aabad687af24844af817603ac1cbdc4f.jpg?ver=1777306975\",\"contentUrl\":\"https:\/\/tuzlainfo.ba\/wp-content\/litespeed\/avatar\/aabad687af24844af817603ac1cbdc4f.jpg?ver=1777306975\",\"caption\":\"nedim\"},\"description\":\"Tuzlainfo.ba pratite na dru\u0161tvenim mre\u017eama: Facebook, Instagram i Youtube. Svoje pri\u010de, upite i fotografije \u0161aljite na na\u0161u e-mail adresu.\"}]}<\/script>\n<!-- \/ Yoast SEO plugin. -->","yoast_head_json":{"title":"Sa\u0161a Kova\u010devi\u0107 8. marta pjeva u Mejdanu, ulaznice ko\u0161taju od 20 do 100 KM - TuzlaInfo.ba","robots":{"index":"index","follow":"follow","max-snippet":"max-snippet:-1","max-image-preview":"max-image-preview:large","max-video-preview":"max-video-preview:-1"},"canonical":"https:\/\/tuzlainfo.ba\/index.php\/najava-dogadaja-2\/item\/229123-sasa-kovacevic-8-marta-pjeva-u-mejdanu-ulaznice-kostaju-od-20-do-100-km\/","og_locale":"bs_BA","og_type":"article","og_title":"Sa\u0161a Kova\u010devi\u0107 8. marta pjeva u Mejdanu, ulaznice ko\u0161taju od 20 do 100 KM - TuzlaInfo.ba","og_description":"Sa\u0161a Kova\u010devi\u0107 jedna od najve\u0107ih regionalnih zvijezda nastupit \u0107e u dvorani Mejdan u Tuzli u&hellip;","og_url":"https:\/\/tuzlainfo.ba\/index.php\/najava-dogadaja-2\/item\/229123-sasa-kovacevic-8-marta-pjeva-u-mejdanu-ulaznice-kostaju-od-20-do-100-km\/","og_site_name":"TuzlaInfo.ba","article_publisher":"https:\/\/www.facebook.com\/tuzlainfo.ba\/","article_published_time":"2024-02-03T20:29:00+00:00","article_modified_time":"2024-02-03T19:50:07+00:00","og_image":[{"width":800,"height":545,"url":"https:\/\/tuzlainfo.ba\/wp-content\/uploads\/2024\/01\/1701_sasa_kovacevic.jpg","type":"image\/jpeg"}],"author":"nedim","twitter_card":"summary_large_image","twitter_misc":{"Written by":"nedim","Est. reading time":"2 minute"},"schema":{"@context":"https:\/\/schema.org","@graph":[{"@type":"Article","@id":"https:\/\/tuzlainfo.ba\/index.php\/najava-dogadaja-2\/item\/229123-sasa-kovacevic-8-marta-pjeva-u-mejdanu-ulaznice-kostaju-od-20-do-100-km\/#article","isPartOf":{"@id":"https:\/\/tuzlainfo.ba\/index.php\/najava-dogadaja-2\/item\/229123-sasa-kovacevic-8-marta-pjeva-u-mejdanu-ulaznice-kostaju-od-20-do-100-km\/"},"author":{"name":"nedim","@id":"https:\/\/tuzlainfo.ba\/#\/schema\/person\/f434e20dc27ea133923aab08451b7f7f"},"headline":"Sa\u0161a Kova\u010devi\u0107 8. marta pjeva u Mejdanu, ulaznice ko\u0161taju od 20 do 100 KM","datePublished":"2024-02-03T20:29:00+00:00","dateModified":"2024-02-03T19:50:07+00:00","mainEntityOfPage":{"@id":"https:\/\/tuzlainfo.ba\/index.php\/najava-dogadaja-2\/item\/229123-sasa-kovacevic-8-marta-pjeva-u-mejdanu-ulaznice-kostaju-od-20-do-100-km\/"},"wordCount":285,"publisher":{"@id":"https:\/\/tuzlainfo.ba\/#organization"},"image":{"@id":"https:\/\/tuzlainfo.ba\/index.php\/najava-dogadaja-2\/item\/229123-sasa-kovacevic-8-marta-pjeva-u-mejdanu-ulaznice-kostaju-od-20-do-100-km\/#primaryimage"},"thumbnailUrl":"https:\/\/tuzlainfo.ba\/wp-content\/uploads\/2024\/01\/1701_sasa_kovacevic.jpg","keywords":["sa\u0161a kova\u010devi\u0107","skpc mejdan"],"articleSection":["Istaknuto","Najave i doga\u0111aji"],"inLanguage":"bs-BA"},{"@type":"WebPage","@id":"https:\/\/tuzlainfo.ba\/index.php\/najava-dogadaja-2\/item\/229123-sasa-kovacevic-8-marta-pjeva-u-mejdanu-ulaznice-kostaju-od-20-do-100-km\/","url":"https:\/\/tuzlainfo.ba\/index.php\/najava-dogadaja-2\/item\/229123-sasa-kovacevic-8-marta-pjeva-u-mejdanu-ulaznice-kostaju-od-20-do-100-km\/","name":"Sa\u0161a Kova\u010devi\u0107 8. marta pjeva u Mejdanu, ulaznice ko\u0161taju od 20 do 100 KM - TuzlaInfo.ba","isPartOf":{"@id":"https:\/\/tuzlainfo.ba\/#website"},"primaryImageOfPage":{"@id":"https:\/\/tuzlainfo.ba\/index.php\/najava-dogadaja-2\/item\/229123-sasa-kovacevic-8-marta-pjeva-u-mejdanu-ulaznice-kostaju-od-20-do-100-km\/#primaryimage"},"image":{"@id":"https:\/\/tuzlainfo.ba\/index.php\/najava-dogadaja-2\/item\/229123-sasa-kovacevic-8-marta-pjeva-u-mejdanu-ulaznice-kostaju-od-20-do-100-km\/#primaryimage"},"thumbnailUrl":"https:\/\/tuzlainfo.ba\/wp-content\/uploads\/2024\/01\/1701_sasa_kovacevic.jpg","datePublished":"2024-02-03T20:29:00+00:00","dateModified":"2024-02-03T19:50:07+00:00","breadcrumb":{"@id":"https:\/\/tuzlainfo.ba\/index.php\/najava-dogadaja-2\/item\/229123-sasa-kovacevic-8-marta-pjeva-u-mejdanu-ulaznice-kostaju-od-20-do-100-km\/#breadcrumb"},"inLanguage":"bs-BA","potentialAction":[{"@type":"ReadAction","target":["https:\/\/tuzlainfo.ba\/index.php\/najava-dogadaja-2\/item\/229123-sasa-kovacevic-8-marta-pjeva-u-mejdanu-ulaznice-kostaju-od-20-do-100-km\/"]}]},{"@type":"ImageObject","inLanguage":"bs-BA","@id":"https:\/\/tuzlainfo.ba\/index.php\/najava-dogadaja-2\/item\/229123-sasa-kovacevic-8-marta-pjeva-u-mejdanu-ulaznice-kostaju-od-20-do-100-km\/#primaryimage","url":"https:\/\/tuzlainfo.ba\/wp-content\/uploads\/2024\/01\/1701_sasa_kovacevic.jpg","contentUrl":"https:\/\/tuzlainfo.ba\/wp-content\/uploads\/2024\/01\/1701_sasa_kovacevic.jpg","width":800,"height":545},{"@type":"BreadcrumbList","@id":"https:\/\/tuzlainfo.ba\/index.php\/najava-dogadaja-2\/item\/229123-sasa-kovacevic-8-marta-pjeva-u-mejdanu-ulaznice-kostaju-od-20-do-100-km\/#breadcrumb","itemListElement":[{"@type":"ListItem","position":1,"name":"Home","item":"https:\/\/tuzlainfo.ba\/"},{"@type":"ListItem","position":2,"name":"Sa\u0161a Kova\u010devi\u0107 8. marta pjeva u Mejdanu, ulaznice ko\u0161taju od 20 do 100 KM"}]},{"@type":"WebSite","@id":"https:\/\/tuzlainfo.ba\/#website","url":"https:\/\/tuzlainfo.ba\/","name":"TuzlaInfo.ba","description":"Tuzla info, gradski informator - Tuzla na dlanu","publisher":{"@id":"https:\/\/tuzlainfo.ba\/#organization"},"potentialAction":[{"@type":"SearchAction","target":{"@type":"EntryPoint","urlTemplate":"https:\/\/tuzlainfo.ba\/?s={search_term_string}"},"query-input":{"@type":"PropertyValueSpecification","valueRequired":true,"valueName":"search_term_string"}}],"inLanguage":"bs-BA"},{"@type":"Organization","@id":"https:\/\/tuzlainfo.ba\/#organization","name":"TuzlaInfo.ba","url":"https:\/\/tuzlainfo.ba\/","logo":{"@type":"ImageObject","inLanguage":"bs-BA","@id":"https:\/\/tuzlainfo.ba\/#\/schema\/logo\/image\/","url":"https:\/\/tuzlainfo.ba\/wp-content\/uploads\/2021\/03\/logo-ver-3-1.png","contentUrl":"https:\/\/tuzlainfo.ba\/wp-content\/uploads\/2021\/03\/logo-ver-3-1.png","width":350,"height":95,"caption":"TuzlaInfo.ba"},"image":{"@id":"https:\/\/tuzlainfo.ba\/#\/schema\/logo\/image\/"},"sameAs":["https:\/\/www.facebook.com\/tuzlainfo.ba\/"]},{"@type":"Person","@id":"https:\/\/tuzlainfo.ba\/#\/schema\/person\/f434e20dc27ea133923aab08451b7f7f","name":"nedim","image":{"@type":"ImageObject","inLanguage":"bs-BA","@id":"https:\/\/tuzlainfo.ba\/#\/schema\/person\/image\/","url":"https:\/\/tuzlainfo.ba\/wp-content\/litespeed\/avatar\/aabad687af24844af817603ac1cbdc4f.jpg?ver=1777306975","contentUrl":"https:\/\/tuzlainfo.ba\/wp-content\/litespeed\/avatar\/aabad687af24844af817603ac1cbdc4f.jpg?ver=1777306975","caption":"nedim"},"description":"Tuzlainfo.ba pratite na dru\u0161tvenim mre\u017eama: Facebook, Instagram i Youtube. Svoje pri\u010de, upite i fotografije \u0161aljite na na\u0161u e-mail adresu."}]}},"_links":{"self":[{"href":"https:\/\/tuzlainfo.ba\/index.php\/wp-json\/wp\/v2\/posts\/229123"}],"collection":[{"href":"https:\/\/tuzlainfo.ba\/index.php\/wp-json\/wp\/v2\/posts"}],"about":[{"href":"https:\/\/tuzlainfo.ba\/index.php\/wp-json\/wp\/v2\/types\/post"}],"author":[{"embeddable":true,"href":"https:\/\/tuzlainfo.ba\/index.php\/wp-json\/wp\/v2\/users\/2"}],"replies":[{"embeddable":true,"href":"https:\/\/tuzlainfo.ba\/index.php\/wp-json\/wp\/v2\/comments?post=229123"}],"version-history":[{"count":1,"href":"https:\/\/tuzlainfo.ba\/index.php\/wp-json\/wp\/v2\/posts\/229123\/revisions"}],"predecessor-version":[{"id":229125,"href":"https:\/\/tuzlainfo.ba\/index.php\/wp-json\/wp\/v2\/posts\/229123\/revisions\/229125"}],"wp:featuredmedia":[{"embeddable":true,"href":"https:\/\/tuzlainfo.ba\/index.php\/wp-json\/wp\/v2\/media\/227836"}],"wp:attachment":[{"href":"https:\/\/tuzlainfo.ba\/index.php\/wp-json\/wp\/v2\/media?parent=229123"}],"wp:term":[{"taxonomy":"category","embeddable":true,"href":"https:\/\/tuzlainfo.ba\/index.php\/wp-json\/wp\/v2\/categories?post=229123"},{"taxonomy":"post_tag","embeddable":true,"href":"https:\/\/tuzlainfo.ba\/index.php\/wp-json\/wp\/v2\/tags?post=229123"}],"curies":[{"name":"wp","href":"https:\/\/api.w.org\/{rel}","templated":true}]}}