{"id":228955,"date":"2024-02-01T19:16:22","date_gmt":"2024-02-01T18:16:22","guid":{"rendered":"https:\/\/tuzlainfo.ba\/?p=228955"},"modified":"2024-02-01T19:16:22","modified_gmt":"2024-02-01T18:16:22","slug":"neocekivana-odluka-biden-proglasio-sankcije-protiv-izraelskih-doseljenika-na-zapadnoj-obali","status":"publish","type":"post","link":"https:\/\/tuzlainfo.ba\/index.php\/clanci\/sa-svih-strana\/item\/228955-neocekivana-odluka-biden-proglasio-sankcije-protiv-izraelskih-doseljenika-na-zapadnoj-obali\/","title":{"rendered":"(Ne)o\u010dekivana odluka: Biden proglasio sankcije protiv izraelskih doseljenika na Zapadnoj obali"},"content":{"rendered":"<p>U izvr\u0161noj uredbi objavljenoj ve\u010deras, Biden je najavio da \u0107e SAD uvesti sankcije protiv izraelskih doseljenika na Zapadnoj obali, navode\u0107i &#8220;nepodno\u0161ljive razine&#8221; nasilja.<\/p>\n<div id=\"text\" class=\"break-words mt-3 text-lg lg:text-xl space-y-4 mb-3 leading-6 md:leading-8 dark:text-gray-200\">\n<p>Stotine Palestinaca ubile su snage sigurnosti i doseljenici \u0161irom okupirane Zapadne obale od po\u010detka izraelskog napada na Pojas Gaze, prema podacima Ujedinjenih naroda.<\/p>\n<p>Nasilje je odvojeno od izraelskog vojnog napada na Gazu, gdje se broj poginulih pribli\u017eava 27.000 Palestinaca.<\/p>\n<p>U obavijesti Kongresu, Biden je rekao da akcije izraelskih ekstremisti\u010dkih naseljenika &#8220;predstavljaju neuobi\u010dajenu i vanrednu prijetnju nacionalnoj sigurnosti i vanjskoj politici Sjedinjenih Ameir\u010dkih Dr\u017eava&#8221; i proglasio je vanredno stanje kako bi se to rije\u0161ilo.<\/p>\n<p>&#8220;Ja, Joseph R. Biden Jr., predsjednik Sjedinjenih Ameri\u010dkih Dr\u017eava, smatram da je situacija na Zapadnoj obali, posebno visoka razina nasilja ekstremisti\u010dkih doseljenika, prisilnog raseljavanja ljudi i sela te uni\u0161tavanja imovine, dosegnula nepodno\u0161ljive razine i predstavlja ozbiljna prijetnja miru, sigurnosti i stabilnosti Zapadne obale i Gaze, Izraela i \u0161ire regije Bliskog istoka\u201d, stoji u nalogu.<\/p>\n<p>Isti\u010de se da te radnje podrivaju vanjskopoliti\u010dke ciljeve Sjedinjenih Dr\u017eava, uklju\u010duju\u0107i odr\u017eivost dvodr\u017eavnog rje\u0161enja i osiguravanje da Izraelci i Palestinci mogu posti\u0107i jednake mjere sigurnosti, prosperiteta i slobode.<\/p>\n<p>&#8220;Oni tako\u0111er potkopavaju sigurnost Izraela i imaju potencijal dovesti do \u0161ire regionalne destabilizacije diljem Bliskog istoka, prijete\u0107i osoblju i interesima Sjedinjenih Ameri\u010dkih Dr\u017eava&#8221;, stoji u odluci.<\/p>\n<\/div>\n<div class=\"lg:max-w-2xl lg:mx-auto mt-3 text-lg md:text-xl mb-3 leading-6 md:leading-8 dark:text-gray-200\">\n<p>U izjavi nakon objave sankcija protiv izraelskih doseljenika, Jake Sullivan, savjetnik za nacionalnu sigurnost, rekao je da &#8220;rekordan&#8221; skok nasilja izraelskih doseljenika na okupiranoj Zapadnoj obali &#8220;predstavlja ozbiljnu prijetnju miru, sigurnosti i stabilnosti u Zapadnoj obali, Izraelu i regiji Bliskog istoka te ugro\u017eava nacionalnu sigurnost i vanjskopoliti\u010dke interese Sjedinjenih Dr\u017eava\u201d.<\/p>\n<p>Rekao je da izvr\u0161na uredba dopu\u0161ta SAD-u nametanje finansijskih sankcija protiv onih za koje smatra da su usmjeravali ili sudjelovali u \u010dinovima nasilja protiv civila, kao i protiv onih koji su ih htjeli istjerati iz njihovih domova, uni\u0161tili imovinu ili sudjelovali u &#8220;teroristi\u010dkim aktivnostima&#8221; na Zapadnoj obali.<\/p>\n<p>&#8220;Dana\u0161nje akcije nastoje promicati mir i sigurnost za Izraelce i Palestince podjednako&#8221;, rekao je Sullivan.<\/p>\n<p>U decembru je State Department uveo zabranu putovanja nekim doseljenicima.<\/p>\n<p>Izraelski list Haaretz sugerisao je da je potez sankcionisanja izraelskih doseljenika bez presedana, nazivaju\u0107i ga &#8220;uvjerljivo najkaznenijom mjerom koju je ameri\u010dka vlada ikada poduzela protiv izraelskih gra\u0111ana&#8221;.<\/p>\n<p>O\u010dekuje se da \u0107e \u010detvorica Izraelaca biti sankcionisana novom odlukom, prema nekoliko medijskih izvje\u0161taja, a o\u010dekuje se da \u0107e ih vi\u0161e biti ka\u017enjeno u budu\u0107nosti. Time se tim pojedincima onemogu\u0107uje anga\u017eman u ameri\u010dkom financijskom sistemu i pristup njihovoj imovini i imovini u SAD-u te im se zabranjuje putovanje u SAD.<\/p>\n<\/div>\n","protected":false},"excerpt":{"rendered":"<p>U izvr\u0161noj uredbi objavljenoj ve\u010deras, Biden je najavio da \u0107e SAD uvesti sankcije protiv izraelskih&hellip;<\/p>\n","protected":false},"author":2,"featured_media":139286,"comment_status":"closed","ping_status":"closed","sticky":false,"template":"","format":"standard","meta":{"_acf_changed":false,"footnotes":""},"categories":[16],"tags":[921,1533],"acf":[],"yoast_head":"<!-- This site is optimized with the Yoast SEO plugin v23.5 - https:\/\/yoast.com\/wordpress\/plugins\/seo\/ -->\n<title>(Ne)o\u010dekivana odluka: Biden proglasio sankcije protiv izraelskih doseljenika na Zapadnoj obali - TuzlaInfo.ba<\/title>\n<meta name=\"robots\" content=\"index, follow, max-snippet:-1, max-image-preview:large, max-video-preview:-1\" \/>\n<link rel=\"canonical\" href=\"https:\/\/tuzlainfo.ba\/index.php\/clanci\/sa-svih-strana\/item\/228955-neocekivana-odluka-biden-proglasio-sankcije-protiv-izraelskih-doseljenika-na-zapadnoj-obali\/\" \/>\n<meta property=\"og:locale\" content=\"bs_BA\" \/>\n<meta property=\"og:type\" content=\"article\" \/>\n<meta property=\"og:title\" content=\"(Ne)o\u010dekivana odluka: Biden proglasio sankcije protiv izraelskih doseljenika na Zapadnoj obali - TuzlaInfo.ba\" \/>\n<meta property=\"og:description\" content=\"U izvr\u0161noj uredbi objavljenoj ve\u010deras, Biden je najavio da \u0107e SAD uvesti sankcije protiv izraelskih&hellip;\" \/>\n<meta property=\"og:url\" content=\"https:\/\/tuzlainfo.ba\/index.php\/clanci\/sa-svih-strana\/item\/228955-neocekivana-odluka-biden-proglasio-sankcije-protiv-izraelskih-doseljenika-na-zapadnoj-obali\/\" \/>\n<meta property=\"og:site_name\" content=\"TuzlaInfo.ba\" \/>\n<meta property=\"article:publisher\" content=\"https:\/\/www.facebook.com\/tuzlainfo.ba\/\" \/>\n<meta property=\"article:published_time\" content=\"2024-02-01T18:16:22+00:00\" \/>\n<meta property=\"og:image\" content=\"https:\/\/tuzlainfo.ba\/wp-content\/uploads\/2021\/06\/1006_joe_biden.jpg\" \/>\n\t<meta property=\"og:image:width\" content=\"1229\" \/>\n\t<meta property=\"og:image:height\" content=\"881\" \/>\n\t<meta property=\"og:image:type\" content=\"image\/jpeg\" \/>\n<meta name=\"author\" content=\"nedim\" \/>\n<meta name=\"twitter:card\" content=\"summary_large_image\" \/>\n<meta name=\"twitter:label1\" content=\"Written by\" \/>\n\t<meta name=\"twitter:data1\" content=\"nedim\" \/>\n<script type=\"application\/ld+json\" class=\"yoast-schema-graph\">{\"@context\":\"https:\/\/schema.org\",\"@graph\":[{\"@type\":\"Article\",\"@id\":\"https:\/\/tuzlainfo.ba\/index.php\/clanci\/sa-svih-strana\/item\/228955-neocekivana-odluka-biden-proglasio-sankcije-protiv-izraelskih-doseljenika-na-zapadnoj-obali\/#article\",\"isPartOf\":{\"@id\":\"https:\/\/tuzlainfo.ba\/index.php\/clanci\/sa-svih-strana\/item\/228955-neocekivana-odluka-biden-proglasio-sankcije-protiv-izraelskih-doseljenika-na-zapadnoj-obali\/\"},\"author\":{\"name\":\"nedim\",\"@id\":\"https:\/\/tuzlainfo.ba\/#\/schema\/person\/f434e20dc27ea133923aab08451b7f7f\"},\"headline\":\"(Ne)o\u010dekivana odluka: Biden proglasio sankcije protiv izraelskih doseljenika na Zapadnoj obali\",\"datePublished\":\"2024-02-01T18:16:22+00:00\",\"dateModified\":\"2024-02-01T18:16:22+00:00\",\"mainEntityOfPage\":{\"@id\":\"https:\/\/tuzlainfo.ba\/index.php\/clanci\/sa-svih-strana\/item\/228955-neocekivana-odluka-biden-proglasio-sankcije-protiv-izraelskih-doseljenika-na-zapadnoj-obali\/\"},\"wordCount\":464,\"publisher\":{\"@id\":\"https:\/\/tuzlainfo.ba\/#organization\"},\"image\":{\"@id\":\"https:\/\/tuzlainfo.ba\/index.php\/clanci\/sa-svih-strana\/item\/228955-neocekivana-odluka-biden-proglasio-sankcije-protiv-izraelskih-doseljenika-na-zapadnoj-obali\/#primaryimage\"},\"thumbnailUrl\":\"https:\/\/tuzlainfo.ba\/wp-content\/uploads\/2021\/06\/1006_joe_biden.jpg\",\"keywords\":[\"izrael\",\"joe biden\"],\"articleSection\":[\"Sa svih strana\"],\"inLanguage\":\"bs-BA\"},{\"@type\":\"WebPage\",\"@id\":\"https:\/\/tuzlainfo.ba\/index.php\/clanci\/sa-svih-strana\/item\/228955-neocekivana-odluka-biden-proglasio-sankcije-protiv-izraelskih-doseljenika-na-zapadnoj-obali\/\",\"url\":\"https:\/\/tuzlainfo.ba\/index.php\/clanci\/sa-svih-strana\/item\/228955-neocekivana-odluka-biden-proglasio-sankcije-protiv-izraelskih-doseljenika-na-zapadnoj-obali\/\",\"name\":\"(Ne)o\u010dekivana odluka: Biden proglasio sankcije protiv izraelskih doseljenika na Zapadnoj obali - TuzlaInfo.ba\",\"isPartOf\":{\"@id\":\"https:\/\/tuzlainfo.ba\/#website\"},\"primaryImageOfPage\":{\"@id\":\"https:\/\/tuzlainfo.ba\/index.php\/clanci\/sa-svih-strana\/item\/228955-neocekivana-odluka-biden-proglasio-sankcije-protiv-izraelskih-doseljenika-na-zapadnoj-obali\/#primaryimage\"},\"image\":{\"@id\":\"https:\/\/tuzlainfo.ba\/index.php\/clanci\/sa-svih-strana\/item\/228955-neocekivana-odluka-biden-proglasio-sankcije-protiv-izraelskih-doseljenika-na-zapadnoj-obali\/#primaryimage\"},\"thumbnailUrl\":\"https:\/\/tuzlainfo.ba\/wp-content\/uploads\/2021\/06\/1006_joe_biden.jpg\",\"datePublished\":\"2024-02-01T18:16:22+00:00\",\"dateModified\":\"2024-02-01T18:16:22+00:00\",\"breadcrumb\":{\"@id\":\"https:\/\/tuzlainfo.ba\/index.php\/clanci\/sa-svih-strana\/item\/228955-neocekivana-odluka-biden-proglasio-sankcije-protiv-izraelskih-doseljenika-na-zapadnoj-obali\/#breadcrumb\"},\"inLanguage\":\"bs-BA\",\"potentialAction\":[{\"@type\":\"ReadAction\",\"target\":[\"https:\/\/tuzlainfo.ba\/index.php\/clanci\/sa-svih-strana\/item\/228955-neocekivana-odluka-biden-proglasio-sankcije-protiv-izraelskih-doseljenika-na-zapadnoj-obali\/\"]}]},{\"@type\":\"ImageObject\",\"inLanguage\":\"bs-BA\",\"@id\":\"https:\/\/tuzlainfo.ba\/index.php\/clanci\/sa-svih-strana\/item\/228955-neocekivana-odluka-biden-proglasio-sankcije-protiv-izraelskih-doseljenika-na-zapadnoj-obali\/#primaryimage\",\"url\":\"https:\/\/tuzlainfo.ba\/wp-content\/uploads\/2021\/06\/1006_joe_biden.jpg\",\"contentUrl\":\"https:\/\/tuzlainfo.ba\/wp-content\/uploads\/2021\/06\/1006_joe_biden.jpg\",\"width\":1229,\"height\":881},{\"@type\":\"BreadcrumbList\",\"@id\":\"https:\/\/tuzlainfo.ba\/index.php\/clanci\/sa-svih-strana\/item\/228955-neocekivana-odluka-biden-proglasio-sankcije-protiv-izraelskih-doseljenika-na-zapadnoj-obali\/#breadcrumb\",\"itemListElement\":[{\"@type\":\"ListItem\",\"position\":1,\"name\":\"Home\",\"item\":\"https:\/\/tuzlainfo.ba\/\"},{\"@type\":\"ListItem\",\"position\":2,\"name\":\"(Ne)o\u010dekivana odluka: Biden proglasio sankcije protiv izraelskih doseljenika na Zapadnoj obali\"}]},{\"@type\":\"WebSite\",\"@id\":\"https:\/\/tuzlainfo.ba\/#website\",\"url\":\"https:\/\/tuzlainfo.ba\/\",\"name\":\"TuzlaInfo.ba\",\"description\":\"Tuzla info, gradski informator - Tuzla na dlanu\",\"publisher\":{\"@id\":\"https:\/\/tuzlainfo.ba\/#organization\"},\"potentialAction\":[{\"@type\":\"SearchAction\",\"target\":{\"@type\":\"EntryPoint\",\"urlTemplate\":\"https:\/\/tuzlainfo.ba\/?s={search_term_string}\"},\"query-input\":{\"@type\":\"PropertyValueSpecification\",\"valueRequired\":true,\"valueName\":\"search_term_string\"}}],\"inLanguage\":\"bs-BA\"},{\"@type\":\"Organization\",\"@id\":\"https:\/\/tuzlainfo.ba\/#organization\",\"name\":\"TuzlaInfo.ba\",\"url\":\"https:\/\/tuzlainfo.ba\/\",\"logo\":{\"@type\":\"ImageObject\",\"inLanguage\":\"bs-BA\",\"@id\":\"https:\/\/tuzlainfo.ba\/#\/schema\/logo\/image\/\",\"url\":\"https:\/\/tuzlainfo.ba\/wp-content\/uploads\/2021\/03\/logo-ver-3-1.png\",\"contentUrl\":\"https:\/\/tuzlainfo.ba\/wp-content\/uploads\/2021\/03\/logo-ver-3-1.png\",\"width\":350,\"height\":95,\"caption\":\"TuzlaInfo.ba\"},\"image\":{\"@id\":\"https:\/\/tuzlainfo.ba\/#\/schema\/logo\/image\/\"},\"sameAs\":[\"https:\/\/www.facebook.com\/tuzlainfo.ba\/\"]},{\"@type\":\"Person\",\"@id\":\"https:\/\/tuzlainfo.ba\/#\/schema\/person\/f434e20dc27ea133923aab08451b7f7f\",\"name\":\"nedim\",\"image\":{\"@type\":\"ImageObject\",\"inLanguage\":\"bs-BA\",\"@id\":\"https:\/\/tuzlainfo.ba\/#\/schema\/person\/image\/\",\"url\":\"https:\/\/tuzlainfo.ba\/wp-content\/litespeed\/avatar\/aabad687af24844af817603ac1cbdc4f.jpg?ver=1777306975\",\"contentUrl\":\"https:\/\/tuzlainfo.ba\/wp-content\/litespeed\/avatar\/aabad687af24844af817603ac1cbdc4f.jpg?ver=1777306975\",\"caption\":\"nedim\"},\"description\":\"Tuzlainfo.ba pratite na dru\u0161tvenim mre\u017eama: Facebook, Instagram i Youtube. Svoje pri\u010de, upite i fotografije \u0161aljite na na\u0161u e-mail adresu.\"}]}<\/script>\n<!-- \/ Yoast SEO plugin. -->","yoast_head_json":{"title":"(Ne)o\u010dekivana odluka: Biden proglasio sankcije protiv izraelskih doseljenika na Zapadnoj obali - TuzlaInfo.ba","robots":{"index":"index","follow":"follow","max-snippet":"max-snippet:-1","max-image-preview":"max-image-preview:large","max-video-preview":"max-video-preview:-1"},"canonical":"https:\/\/tuzlainfo.ba\/index.php\/clanci\/sa-svih-strana\/item\/228955-neocekivana-odluka-biden-proglasio-sankcije-protiv-izraelskih-doseljenika-na-zapadnoj-obali\/","og_locale":"bs_BA","og_type":"article","og_title":"(Ne)o\u010dekivana odluka: Biden proglasio sankcije protiv izraelskih doseljenika na Zapadnoj obali - TuzlaInfo.ba","og_description":"U izvr\u0161noj uredbi objavljenoj ve\u010deras, Biden je najavio da \u0107e SAD uvesti sankcije protiv izraelskih&hellip;","og_url":"https:\/\/tuzlainfo.ba\/index.php\/clanci\/sa-svih-strana\/item\/228955-neocekivana-odluka-biden-proglasio-sankcije-protiv-izraelskih-doseljenika-na-zapadnoj-obali\/","og_site_name":"TuzlaInfo.ba","article_publisher":"https:\/\/www.facebook.com\/tuzlainfo.ba\/","article_published_time":"2024-02-01T18:16:22+00:00","og_image":[{"width":1229,"height":881,"url":"https:\/\/tuzlainfo.ba\/wp-content\/uploads\/2021\/06\/1006_joe_biden.jpg","type":"image\/jpeg"}],"author":"nedim","twitter_card":"summary_large_image","twitter_misc":{"Written by":"nedim"},"schema":{"@context":"https:\/\/schema.org","@graph":[{"@type":"Article","@id":"https:\/\/tuzlainfo.ba\/index.php\/clanci\/sa-svih-strana\/item\/228955-neocekivana-odluka-biden-proglasio-sankcije-protiv-izraelskih-doseljenika-na-zapadnoj-obali\/#article","isPartOf":{"@id":"https:\/\/tuzlainfo.ba\/index.php\/clanci\/sa-svih-strana\/item\/228955-neocekivana-odluka-biden-proglasio-sankcije-protiv-izraelskih-doseljenika-na-zapadnoj-obali\/"},"author":{"name":"nedim","@id":"https:\/\/tuzlainfo.ba\/#\/schema\/person\/f434e20dc27ea133923aab08451b7f7f"},"headline":"(Ne)o\u010dekivana odluka: Biden proglasio sankcije protiv izraelskih doseljenika na Zapadnoj obali","datePublished":"2024-02-01T18:16:22+00:00","dateModified":"2024-02-01T18:16:22+00:00","mainEntityOfPage":{"@id":"https:\/\/tuzlainfo.ba\/index.php\/clanci\/sa-svih-strana\/item\/228955-neocekivana-odluka-biden-proglasio-sankcije-protiv-izraelskih-doseljenika-na-zapadnoj-obali\/"},"wordCount":464,"publisher":{"@id":"https:\/\/tuzlainfo.ba\/#organization"},"image":{"@id":"https:\/\/tuzlainfo.ba\/index.php\/clanci\/sa-svih-strana\/item\/228955-neocekivana-odluka-biden-proglasio-sankcije-protiv-izraelskih-doseljenika-na-zapadnoj-obali\/#primaryimage"},"thumbnailUrl":"https:\/\/tuzlainfo.ba\/wp-content\/uploads\/2021\/06\/1006_joe_biden.jpg","keywords":["izrael","joe biden"],"articleSection":["Sa svih strana"],"inLanguage":"bs-BA"},{"@type":"WebPage","@id":"https:\/\/tuzlainfo.ba\/index.php\/clanci\/sa-svih-strana\/item\/228955-neocekivana-odluka-biden-proglasio-sankcije-protiv-izraelskih-doseljenika-na-zapadnoj-obali\/","url":"https:\/\/tuzlainfo.ba\/index.php\/clanci\/sa-svih-strana\/item\/228955-neocekivana-odluka-biden-proglasio-sankcije-protiv-izraelskih-doseljenika-na-zapadnoj-obali\/","name":"(Ne)o\u010dekivana odluka: Biden proglasio sankcije protiv izraelskih doseljenika na Zapadnoj obali - TuzlaInfo.ba","isPartOf":{"@id":"https:\/\/tuzlainfo.ba\/#website"},"primaryImageOfPage":{"@id":"https:\/\/tuzlainfo.ba\/index.php\/clanci\/sa-svih-strana\/item\/228955-neocekivana-odluka-biden-proglasio-sankcije-protiv-izraelskih-doseljenika-na-zapadnoj-obali\/#primaryimage"},"image":{"@id":"https:\/\/tuzlainfo.ba\/index.php\/clanci\/sa-svih-strana\/item\/228955-neocekivana-odluka-biden-proglasio-sankcije-protiv-izraelskih-doseljenika-na-zapadnoj-obali\/#primaryimage"},"thumbnailUrl":"https:\/\/tuzlainfo.ba\/wp-content\/uploads\/2021\/06\/1006_joe_biden.jpg","datePublished":"2024-02-01T18:16:22+00:00","dateModified":"2024-02-01T18:16:22+00:00","breadcrumb":{"@id":"https:\/\/tuzlainfo.ba\/index.php\/clanci\/sa-svih-strana\/item\/228955-neocekivana-odluka-biden-proglasio-sankcije-protiv-izraelskih-doseljenika-na-zapadnoj-obali\/#breadcrumb"},"inLanguage":"bs-BA","potentialAction":[{"@type":"ReadAction","target":["https:\/\/tuzlainfo.ba\/index.php\/clanci\/sa-svih-strana\/item\/228955-neocekivana-odluka-biden-proglasio-sankcije-protiv-izraelskih-doseljenika-na-zapadnoj-obali\/"]}]},{"@type":"ImageObject","inLanguage":"bs-BA","@id":"https:\/\/tuzlainfo.ba\/index.php\/clanci\/sa-svih-strana\/item\/228955-neocekivana-odluka-biden-proglasio-sankcije-protiv-izraelskih-doseljenika-na-zapadnoj-obali\/#primaryimage","url":"https:\/\/tuzlainfo.ba\/wp-content\/uploads\/2021\/06\/1006_joe_biden.jpg","contentUrl":"https:\/\/tuzlainfo.ba\/wp-content\/uploads\/2021\/06\/1006_joe_biden.jpg","width":1229,"height":881},{"@type":"BreadcrumbList","@id":"https:\/\/tuzlainfo.ba\/index.php\/clanci\/sa-svih-strana\/item\/228955-neocekivana-odluka-biden-proglasio-sankcije-protiv-izraelskih-doseljenika-na-zapadnoj-obali\/#breadcrumb","itemListElement":[{"@type":"ListItem","position":1,"name":"Home","item":"https:\/\/tuzlainfo.ba\/"},{"@type":"ListItem","position":2,"name":"(Ne)o\u010dekivana odluka: Biden proglasio sankcije protiv izraelskih doseljenika na Zapadnoj obali"}]},{"@type":"WebSite","@id":"https:\/\/tuzlainfo.ba\/#website","url":"https:\/\/tuzlainfo.ba\/","name":"TuzlaInfo.ba","description":"Tuzla info, gradski informator - Tuzla na dlanu","publisher":{"@id":"https:\/\/tuzlainfo.ba\/#organization"},"potentialAction":[{"@type":"SearchAction","target":{"@type":"EntryPoint","urlTemplate":"https:\/\/tuzlainfo.ba\/?s={search_term_string}"},"query-input":{"@type":"PropertyValueSpecification","valueRequired":true,"valueName":"search_term_string"}}],"inLanguage":"bs-BA"},{"@type":"Organization","@id":"https:\/\/tuzlainfo.ba\/#organization","name":"TuzlaInfo.ba","url":"https:\/\/tuzlainfo.ba\/","logo":{"@type":"ImageObject","inLanguage":"bs-BA","@id":"https:\/\/tuzlainfo.ba\/#\/schema\/logo\/image\/","url":"https:\/\/tuzlainfo.ba\/wp-content\/uploads\/2021\/03\/logo-ver-3-1.png","contentUrl":"https:\/\/tuzlainfo.ba\/wp-content\/uploads\/2021\/03\/logo-ver-3-1.png","width":350,"height":95,"caption":"TuzlaInfo.ba"},"image":{"@id":"https:\/\/tuzlainfo.ba\/#\/schema\/logo\/image\/"},"sameAs":["https:\/\/www.facebook.com\/tuzlainfo.ba\/"]},{"@type":"Person","@id":"https:\/\/tuzlainfo.ba\/#\/schema\/person\/f434e20dc27ea133923aab08451b7f7f","name":"nedim","image":{"@type":"ImageObject","inLanguage":"bs-BA","@id":"https:\/\/tuzlainfo.ba\/#\/schema\/person\/image\/","url":"https:\/\/tuzlainfo.ba\/wp-content\/litespeed\/avatar\/aabad687af24844af817603ac1cbdc4f.jpg?ver=1777306975","contentUrl":"https:\/\/tuzlainfo.ba\/wp-content\/litespeed\/avatar\/aabad687af24844af817603ac1cbdc4f.jpg?ver=1777306975","caption":"nedim"},"description":"Tuzlainfo.ba pratite na dru\u0161tvenim mre\u017eama: Facebook, Instagram i Youtube. Svoje pri\u010de, upite i fotografije \u0161aljite na na\u0161u e-mail adresu."}]}},"_links":{"self":[{"href":"https:\/\/tuzlainfo.ba\/index.php\/wp-json\/wp\/v2\/posts\/228955"}],"collection":[{"href":"https:\/\/tuzlainfo.ba\/index.php\/wp-json\/wp\/v2\/posts"}],"about":[{"href":"https:\/\/tuzlainfo.ba\/index.php\/wp-json\/wp\/v2\/types\/post"}],"author":[{"embeddable":true,"href":"https:\/\/tuzlainfo.ba\/index.php\/wp-json\/wp\/v2\/users\/2"}],"replies":[{"embeddable":true,"href":"https:\/\/tuzlainfo.ba\/index.php\/wp-json\/wp\/v2\/comments?post=228955"}],"version-history":[{"count":1,"href":"https:\/\/tuzlainfo.ba\/index.php\/wp-json\/wp\/v2\/posts\/228955\/revisions"}],"predecessor-version":[{"id":228959,"href":"https:\/\/tuzlainfo.ba\/index.php\/wp-json\/wp\/v2\/posts\/228955\/revisions\/228959"}],"wp:featuredmedia":[{"embeddable":true,"href":"https:\/\/tuzlainfo.ba\/index.php\/wp-json\/wp\/v2\/media\/139286"}],"wp:attachment":[{"href":"https:\/\/tuzlainfo.ba\/index.php\/wp-json\/wp\/v2\/media?parent=228955"}],"wp:term":[{"taxonomy":"category","embeddable":true,"href":"https:\/\/tuzlainfo.ba\/index.php\/wp-json\/wp\/v2\/categories?post=228955"},{"taxonomy":"post_tag","embeddable":true,"href":"https:\/\/tuzlainfo.ba\/index.php\/wp-json\/wp\/v2\/tags?post=228955"}],"curies":[{"name":"wp","href":"https:\/\/api.w.org\/{rel}","templated":true}]}}