{"id":228936,"date":"2024-02-01T15:03:24","date_gmt":"2024-02-01T14:03:24","guid":{"rendered":"https:\/\/tuzlainfo.ba\/?p=228936"},"modified":"2024-02-01T15:03:24","modified_gmt":"2024-02-01T14:03:24","slug":"brat-pretucenog-povratnika-u-visegrad-udaren-je-pistoljem-napravili-su-mu-sacekusu","status":"publish","type":"post","link":"https:\/\/tuzlainfo.ba\/index.php\/bosna-i-hercegovina\/item\/228936-brat-pretucenog-povratnika-u-visegrad-udaren-je-pistoljem-napravili-su-mu-sacekusu\/","title":{"rendered":"Brat pretu\u010denog povratnika u Vi\u0161egrad: &#8220;Udaren je pi\u0161toljem, napravili su mu sa\u010deku\u0161u&#8221;"},"content":{"rendered":"<div class=\"single-intro\">\n<p>U napadu koji se u utorak nave\u010der desio u Vi\u0161egradu brutalno je pretu\u010den Bahrudin Gu\u0161o, povratnik u naselje Drinsko.<\/p>\n<\/div>\n<div class=\"single-text\">\n<p>Zbog zadobijenih povreda u predjelu glave najprije je prevezen u vi\u0161egradski Dom zdravlja, odakle je preba\u010den u Urgentni centar Kantonalne bolnice u Gora\u017edu, a potom u Klini\u010dki centar Univerziteta u Sarajevu, gdje se trenutno nalazi na lije\u010denju.<\/p>\n<p>Kako je potvrdio njegov brat Fahrudin, te\u0161ke tjelesne povrede nanio mu je voza\u010d na\u010delnika Vi\u0161egrada Marko Simeunovi\u0107.<\/p>\n<p>Incident se dogodio ispred sve\u010dane sale na Bikavcu gdje se odr\u017eavala ve\u010der za privrednike kojoj je prisustvovao i Bahrudin.<\/p>\n<p>&#8211; Znam da ih je na\u010delnik op\u0107ine pozvao na ve\u010deru privrednika u restoran Bikavac, me\u0111utim mom bratu koji je predsjednik Mjesne zajednice Drinsko napravili su sa\u010deku\u0161u na izlazu iz restorana a napolju ga je do\u010dekao na\u010delnikov voza\u010d Marko Simeunovi\u0107 i udario ga pi\u0161toljem. Da li je slu\u017ebeni pi\u0161tolj ili ne ja ne znam, me\u0111utim postoje ljudi koji su to vidjeli, postoji videonadzor i mi \u0107emo sve to tra\u017eiti &#8211; naveo je Fahrudin Gu\u0161o.<\/p>\n<p>Nada se da \u0107e policija istragu provesti kako treba te tvrdi da ni\u0161ta ne\u0107e prepustiti slu\u010daju.<\/p>\n<p>&#8211; Mi ovo ne\u0107emo pustiti i \u017eelio bih \u010duti da nam na\u010delnik ka\u017ee razlog napada jer je na\u010delnikov voza\u010d to u\u010dinio. Sve \u0161to sam \u010duo o tome je da je ura\u0111eno iz nacionalnih razloga. Vjerujem da \u0107e policija raditi svoj posao, ako ne budu oni, ima me\u0111unarodna policija. Mi se nismo upla\u0161ili, ja sam dva brata izgubio &#8216;92. godine, ali nas ima jo\u0161 bra\u0107e, ne\u0107emo pustiti ovo. Nisu nas upla\u0161ili &#8211; kazao je Gu\u0161o.<\/p>\n<p>Podsjetio je da se njegov brat Bahrudin u Drinsko vratio iz Austrije uz napomenu da je vi\u0161e puta pozivan na sastanke kod na\u010delnika op\u0107ine Vi\u0161egrad te da je uvijek zagovarao pomirenje i zajedni\u010dki \u017eivot.<\/p>\n<p>Policijski slu\u017ebenici Policijske stanice Vi\u0161egrad identifikovali su osobu iz Vi\u0161egrada koja se sumnji\u010di da je 30. januara 2024. godine oko 23.45 sati nanio te\u0161ke tjelesne povrede osobi G.B. iz Vi\u0161egrada.<\/p>\n<p>&#8211; Policijsku stanicu Vi\u0161egrad obavijestio je de\u017eurni ljekar Doma zdravlja Vi\u0161egrad da je u njihovu slu\u017ebu pristupila osoba G.B. sa povredama koje je po njegovoj prijavi zadobio 30.01.2024. godine oko 23.45 \u010dasova od strane njemu nepoznate osobe ispred salona u mjestu Bikavac, op\u0161tina Vi\u0161egrad. O doga\u0111aju je obavije\u0161ten de\u017eurni tu\u017eilac Okru\u017enog javnog tu\u017eila\u0161tva Isto\u010dno Sarajevo koji je doga\u0111aj kvalifikovao kao krivi\u010dno djelo &#8220;Te\u0161ke tjelesne povrede&#8221; te ovlastio policijske lsu\u017ebenike da preduzmu sve mjere i radnje u cilju dokumentovanja i dokazivanja navedenog krivi\u010dnog djela.<\/p>\n<p>Policijski slu\u017ebenici su 31. januara identifikovali i prona\u0161li osobu M.S. iz Vi\u0161egrada nad kojim je u slu\u017ebenim prostorijama Policijske stanice Vi\u0161egrad izvr\u0161ena kriminalisti\u010dka obrada. Dalji rad je u toku, naveli su iz PU Fo\u010da, pi\u0161u Vijesti.ba-<\/p>\n<\/div>\n","protected":false},"excerpt":{"rendered":"<p>U napadu koji se u utorak nave\u010der desio u Vi\u0161egradu brutalno je pretu\u010den Bahrudin Gu\u0161o, povratnik u naselje Drinsko. Zbog zadobijenih povreda u predjelu glave najprije je prevezen u vi\u0161egradski Dom zdravlja, odakle je preba\u010den u Urgentni centar Kantonalne bolnice u Gora\u017edu, a potom u Klini\u010dki centar Univerziteta u Sarajevu, gdje se trenutno nalazi na [&hellip;]<\/p>\n","protected":false},"author":2,"featured_media":147670,"comment_status":"closed","ping_status":"closed","sticky":false,"template":"","format":"standard","meta":{"footnotes":""},"categories":[291],"tags":[417,4857,444],"class_list":["post-228936","post","type-post","status-publish","format-standard","has-post-thumbnail","hentry","category-bosna-i-hercegovina","tag-crna-hronika","tag-napad-na-povratnike","tag-visegrad"],"yoast_head":"<!-- This site is optimized with the Yoast SEO plugin v28.3 - https:\/\/yoast.com\/product\/yoast-seo-wordpress\/ -->\n<title>Brat pretu\u010denog povratnika u Vi\u0161egrad: &quot;Udaren je pi\u0161toljem, napravili su mu sa\u010deku\u0161u&quot;<\/title>\n<meta name=\"robots\" content=\"index, follow, max-snippet:-1, max-image-preview:large, max-video-preview:-1\" \/>\n<link rel=\"canonical\" href=\"https:\/\/tuzlainfo.ba\/index.php\/bosna-i-hercegovina\/item\/228936-brat-pretucenog-povratnika-u-visegrad-udaren-je-pistoljem-napravili-su-mu-sacekusu\/\" \/>\n<meta property=\"og:locale\" content=\"bs_BA\" \/>\n<meta property=\"og:type\" content=\"article\" \/>\n<meta property=\"og:title\" content=\"Brat pretu\u010denog povratnika u Vi\u0161egrad: &quot;Udaren je pi\u0161toljem, napravili su mu sa\u010deku\u0161u&quot;\" \/>\n<meta property=\"og:description\" content=\"U napadu koji se u utorak nave\u010der desio u Vi\u0161egradu brutalno je pretu\u010den Bahrudin Gu\u0161o, povratnik u naselje Drinsko. Zbog zadobijenih povreda u predjelu glave najprije je prevezen u vi\u0161egradski Dom zdravlja, odakle je preba\u010den u Urgentni centar Kantonalne bolnice u Gora\u017edu, a potom u Klini\u010dki centar Univerziteta u Sarajevu, gdje se trenutno nalazi na [&hellip;]\" \/>\n<meta property=\"og:url\" content=\"https:\/\/tuzlainfo.ba\/index.php\/bosna-i-hercegovina\/item\/228936-brat-pretucenog-povratnika-u-visegrad-udaren-je-pistoljem-napravili-su-mu-sacekusu\/\" \/>\n<meta property=\"og:site_name\" content=\"TuzlaInfo.ba\" \/>\n<meta property=\"article:publisher\" content=\"https:\/\/www.facebook.com\/tuzlainfo.ba\/\" \/>\n<meta property=\"article:published_time\" content=\"2024-02-01T14:03:24+00:00\" \/>\n<meta property=\"og:image\" content=\"https:\/\/tuzlainfo.ba\/wp-content\/uploads\/2021\/09\/1209_rs_policija.jpg\" \/>\n\t<meta property=\"og:image:width\" content=\"800\" \/>\n\t<meta property=\"og:image:height\" content=\"399\" \/>\n\t<meta property=\"og:image:type\" content=\"image\/jpeg\" \/>\n<meta name=\"author\" content=\"nedim\" \/>\n<meta name=\"twitter:card\" content=\"summary_large_image\" \/>\n<meta name=\"twitter:label1\" content=\"Written by\" \/>\n\t<meta name=\"twitter:data1\" content=\"nedim\" \/>\n\t<meta name=\"twitter:label2\" content=\"Est. reading time\" \/>\n\t<meta name=\"twitter:data2\" content=\"3 minute\" \/>\n<script type=\"application\/ld+json\" class=\"yoast-schema-graph\">{\"@context\":\"https:\\\/\\\/schema.org\",\"@graph\":[{\"@type\":\"Article\",\"@id\":\"https:\\\/\\\/tuzlainfo.ba\\\/index.php\\\/bosna-i-hercegovina\\\/item\\\/228936-brat-pretucenog-povratnika-u-visegrad-udaren-je-pistoljem-napravili-su-mu-sacekusu\\\/#article\",\"isPartOf\":{\"@id\":\"https:\\\/\\\/tuzlainfo.ba\\\/index.php\\\/bosna-i-hercegovina\\\/item\\\/228936-brat-pretucenog-povratnika-u-visegrad-udaren-je-pistoljem-napravili-su-mu-sacekusu\\\/\"},\"author\":{\"name\":\"nedim\",\"@id\":\"https:\\\/\\\/tuzlainfo.ba\\\/#\\\/schema\\\/person\\\/f434e20dc27ea133923aab08451b7f7f\"},\"headline\":\"Brat pretu\u010denog povratnika u Vi\u0161egrad: &#8220;Udaren je pi\u0161toljem, napravili su mu sa\u010deku\u0161u&#8221;\",\"datePublished\":\"2024-02-01T14:03:24+00:00\",\"mainEntityOfPage\":{\"@id\":\"https:\\\/\\\/tuzlainfo.ba\\\/index.php\\\/bosna-i-hercegovina\\\/item\\\/228936-brat-pretucenog-povratnika-u-visegrad-udaren-je-pistoljem-napravili-su-mu-sacekusu\\\/\"},\"wordCount\":535,\"publisher\":{\"@id\":\"https:\\\/\\\/tuzlainfo.ba\\\/#organization\"},\"image\":{\"@id\":\"https:\\\/\\\/tuzlainfo.ba\\\/index.php\\\/bosna-i-hercegovina\\\/item\\\/228936-brat-pretucenog-povratnika-u-visegrad-udaren-je-pistoljem-napravili-su-mu-sacekusu\\\/#primaryimage\"},\"thumbnailUrl\":\"https:\\\/\\\/tuzlainfo.ba\\\/wp-content\\\/uploads\\\/2021\\\/09\\\/1209_rs_policija.jpg\",\"keywords\":[\"crna hronika\",\"napad na povratnike\",\"vi\u0161egrad\"],\"articleSection\":[\"Bosna i Hercegovina\"],\"inLanguage\":\"bs-BA\",\"copyrightYear\":\"2024\",\"copyrightHolder\":{\"@id\":\"https:\\\/\\\/tuzlainfo.ba\\\/#organization\"}},{\"@type\":\"WebPage\",\"@id\":\"https:\\\/\\\/tuzlainfo.ba\\\/index.php\\\/bosna-i-hercegovina\\\/item\\\/228936-brat-pretucenog-povratnika-u-visegrad-udaren-je-pistoljem-napravili-su-mu-sacekusu\\\/\",\"url\":\"https:\\\/\\\/tuzlainfo.ba\\\/index.php\\\/bosna-i-hercegovina\\\/item\\\/228936-brat-pretucenog-povratnika-u-visegrad-udaren-je-pistoljem-napravili-su-mu-sacekusu\\\/\",\"name\":\"Brat pretu\u010denog povratnika u Vi\u0161egrad: \\\"Udaren je pi\u0161toljem, napravili su mu sa\u010deku\u0161u\\\"\",\"isPartOf\":{\"@id\":\"https:\\\/\\\/tuzlainfo.ba\\\/#website\"},\"primaryImageOfPage\":{\"@id\":\"https:\\\/\\\/tuzlainfo.ba\\\/index.php\\\/bosna-i-hercegovina\\\/item\\\/228936-brat-pretucenog-povratnika-u-visegrad-udaren-je-pistoljem-napravili-su-mu-sacekusu\\\/#primaryimage\"},\"image\":{\"@id\":\"https:\\\/\\\/tuzlainfo.ba\\\/index.php\\\/bosna-i-hercegovina\\\/item\\\/228936-brat-pretucenog-povratnika-u-visegrad-udaren-je-pistoljem-napravili-su-mu-sacekusu\\\/#primaryimage\"},\"thumbnailUrl\":\"https:\\\/\\\/tuzlainfo.ba\\\/wp-content\\\/uploads\\\/2021\\\/09\\\/1209_rs_policija.jpg\",\"datePublished\":\"2024-02-01T14:03:24+00:00\",\"breadcrumb\":{\"@id\":\"https:\\\/\\\/tuzlainfo.ba\\\/index.php\\\/bosna-i-hercegovina\\\/item\\\/228936-brat-pretucenog-povratnika-u-visegrad-udaren-je-pistoljem-napravili-su-mu-sacekusu\\\/#breadcrumb\"},\"inLanguage\":\"bs-BA\",\"potentialAction\":[{\"@type\":\"ReadAction\",\"target\":[\"https:\\\/\\\/tuzlainfo.ba\\\/index.php\\\/bosna-i-hercegovina\\\/item\\\/228936-brat-pretucenog-povratnika-u-visegrad-udaren-je-pistoljem-napravili-su-mu-sacekusu\\\/\"]}]},{\"@type\":\"ImageObject\",\"inLanguage\":\"bs-BA\",\"@id\":\"https:\\\/\\\/tuzlainfo.ba\\\/index.php\\\/bosna-i-hercegovina\\\/item\\\/228936-brat-pretucenog-povratnika-u-visegrad-udaren-je-pistoljem-napravili-su-mu-sacekusu\\\/#primaryimage\",\"url\":\"https:\\\/\\\/tuzlainfo.ba\\\/wp-content\\\/uploads\\\/2021\\\/09\\\/1209_rs_policija.jpg\",\"contentUrl\":\"https:\\\/\\\/tuzlainfo.ba\\\/wp-content\\\/uploads\\\/2021\\\/09\\\/1209_rs_policija.jpg\",\"width\":800,\"height\":399},{\"@type\":\"BreadcrumbList\",\"@id\":\"https:\\\/\\\/tuzlainfo.ba\\\/index.php\\\/bosna-i-hercegovina\\\/item\\\/228936-brat-pretucenog-povratnika-u-visegrad-udaren-je-pistoljem-napravili-su-mu-sacekusu\\\/#breadcrumb\",\"itemListElement\":[{\"@type\":\"ListItem\",\"position\":1,\"name\":\"Home\",\"item\":\"https:\\\/\\\/tuzlainfo.ba\\\/\"},{\"@type\":\"ListItem\",\"position\":2,\"name\":\"Brat pretu\u010denog povratnika u Vi\u0161egrad: &#8220;Udaren je pi\u0161toljem, napravili su mu sa\u010deku\u0161u&#8221;\"}]},{\"@type\":\"WebSite\",\"@id\":\"https:\\\/\\\/tuzlainfo.ba\\\/#website\",\"url\":\"https:\\\/\\\/tuzlainfo.ba\\\/\",\"name\":\"TuzlaInfo.ba\",\"description\":\"Tuzla info, gradski informator - Tuzla na dlanu\",\"publisher\":{\"@id\":\"https:\\\/\\\/tuzlainfo.ba\\\/#organization\"},\"potentialAction\":[{\"@type\":\"SearchAction\",\"target\":{\"@type\":\"EntryPoint\",\"urlTemplate\":\"https:\\\/\\\/tuzlainfo.ba\\\/?s={search_term_string}\"},\"query-input\":{\"@type\":\"PropertyValueSpecification\",\"valueRequired\":true,\"valueName\":\"search_term_string\"}}],\"inLanguage\":\"bs-BA\"},{\"@type\":\"Organization\",\"@id\":\"https:\\\/\\\/tuzlainfo.ba\\\/#organization\",\"name\":\"TuzlaInfo.ba\",\"url\":\"https:\\\/\\\/tuzlainfo.ba\\\/\",\"logo\":{\"@type\":\"ImageObject\",\"inLanguage\":\"bs-BA\",\"@id\":\"https:\\\/\\\/tuzlainfo.ba\\\/#\\\/schema\\\/logo\\\/image\\\/\",\"url\":\"https:\\\/\\\/tuzlainfo.ba\\\/wp-content\\\/uploads\\\/2021\\\/03\\\/logo-ver-3-1.png\",\"contentUrl\":\"https:\\\/\\\/tuzlainfo.ba\\\/wp-content\\\/uploads\\\/2021\\\/03\\\/logo-ver-3-1.png\",\"width\":350,\"height\":95,\"caption\":\"TuzlaInfo.ba\"},\"image\":{\"@id\":\"https:\\\/\\\/tuzlainfo.ba\\\/#\\\/schema\\\/logo\\\/image\\\/\"},\"sameAs\":[\"https:\\\/\\\/www.facebook.com\\\/tuzlainfo.ba\\\/\"]},{\"@type\":\"Person\",\"@id\":\"https:\\\/\\\/tuzlainfo.ba\\\/#\\\/schema\\\/person\\\/f434e20dc27ea133923aab08451b7f7f\",\"name\":\"nedim\",\"image\":{\"@type\":\"ImageObject\",\"inLanguage\":\"bs-BA\",\"@id\":\"https:\\\/\\\/secure.gravatar.com\\\/avatar\\\/5b928a2e7e70a54208d2eb6c1edcb75a5350d6ae97d5f0a701203d456823f6f3?s=96&d=mm&r=g\",\"url\":\"https:\\\/\\\/secure.gravatar.com\\\/avatar\\\/5b928a2e7e70a54208d2eb6c1edcb75a5350d6ae97d5f0a701203d456823f6f3?s=96&d=mm&r=g\",\"contentUrl\":\"https:\\\/\\\/secure.gravatar.com\\\/avatar\\\/5b928a2e7e70a54208d2eb6c1edcb75a5350d6ae97d5f0a701203d456823f6f3?s=96&d=mm&r=g\",\"caption\":\"nedim\"},\"description\":\"Tuzlainfo.ba pratite na dru\u0161tvenim mre\u017eama: Facebook, Instagram i Youtube. Svoje pri\u010de, upite i fotografije \u0161aljite na na\u0161u e-mail adresu.\"}]}<\/script>\n<!-- \/ Yoast SEO plugin. -->","yoast_head_json":{"title":"Brat pretu\u010denog povratnika u Vi\u0161egrad: \"Udaren je pi\u0161toljem, napravili su mu sa\u010deku\u0161u\"","robots":{"index":"index","follow":"follow","max-snippet":"max-snippet:-1","max-image-preview":"max-image-preview:large","max-video-preview":"max-video-preview:-1"},"canonical":"https:\/\/tuzlainfo.ba\/index.php\/bosna-i-hercegovina\/item\/228936-brat-pretucenog-povratnika-u-visegrad-udaren-je-pistoljem-napravili-su-mu-sacekusu\/","og_locale":"bs_BA","og_type":"article","og_title":"Brat pretu\u010denog povratnika u Vi\u0161egrad: \"Udaren je pi\u0161toljem, napravili su mu sa\u010deku\u0161u\"","og_description":"U napadu koji se u utorak nave\u010der desio u Vi\u0161egradu brutalno je pretu\u010den Bahrudin Gu\u0161o, povratnik u naselje Drinsko. Zbog zadobijenih povreda u predjelu glave najprije je prevezen u vi\u0161egradski Dom zdravlja, odakle je preba\u010den u Urgentni centar Kantonalne bolnice u Gora\u017edu, a potom u Klini\u010dki centar Univerziteta u Sarajevu, gdje se trenutno nalazi na [&hellip;]","og_url":"https:\/\/tuzlainfo.ba\/index.php\/bosna-i-hercegovina\/item\/228936-brat-pretucenog-povratnika-u-visegrad-udaren-je-pistoljem-napravili-su-mu-sacekusu\/","og_site_name":"TuzlaInfo.ba","article_publisher":"https:\/\/www.facebook.com\/tuzlainfo.ba\/","article_published_time":"2024-02-01T14:03:24+00:00","og_image":[{"width":800,"height":399,"url":"https:\/\/tuzlainfo.ba\/wp-content\/uploads\/2021\/09\/1209_rs_policija.jpg","type":"image\/jpeg"}],"author":"nedim","twitter_card":"summary_large_image","twitter_misc":{"Written by":"nedim","Est. reading time":"3 minute"},"schema":{"@context":"https:\/\/schema.org","@graph":[{"@type":"Article","@id":"https:\/\/tuzlainfo.ba\/index.php\/bosna-i-hercegovina\/item\/228936-brat-pretucenog-povratnika-u-visegrad-udaren-je-pistoljem-napravili-su-mu-sacekusu\/#article","isPartOf":{"@id":"https:\/\/tuzlainfo.ba\/index.php\/bosna-i-hercegovina\/item\/228936-brat-pretucenog-povratnika-u-visegrad-udaren-je-pistoljem-napravili-su-mu-sacekusu\/"},"author":{"name":"nedim","@id":"https:\/\/tuzlainfo.ba\/#\/schema\/person\/f434e20dc27ea133923aab08451b7f7f"},"headline":"Brat pretu\u010denog povratnika u Vi\u0161egrad: &#8220;Udaren je pi\u0161toljem, napravili su mu sa\u010deku\u0161u&#8221;","datePublished":"2024-02-01T14:03:24+00:00","mainEntityOfPage":{"@id":"https:\/\/tuzlainfo.ba\/index.php\/bosna-i-hercegovina\/item\/228936-brat-pretucenog-povratnika-u-visegrad-udaren-je-pistoljem-napravili-su-mu-sacekusu\/"},"wordCount":535,"publisher":{"@id":"https:\/\/tuzlainfo.ba\/#organization"},"image":{"@id":"https:\/\/tuzlainfo.ba\/index.php\/bosna-i-hercegovina\/item\/228936-brat-pretucenog-povratnika-u-visegrad-udaren-je-pistoljem-napravili-su-mu-sacekusu\/#primaryimage"},"thumbnailUrl":"https:\/\/tuzlainfo.ba\/wp-content\/uploads\/2021\/09\/1209_rs_policija.jpg","keywords":["crna hronika","napad na povratnike","vi\u0161egrad"],"articleSection":["Bosna i Hercegovina"],"inLanguage":"bs-BA","copyrightYear":"2024","copyrightHolder":{"@id":"https:\/\/tuzlainfo.ba\/#organization"}},{"@type":"WebPage","@id":"https:\/\/tuzlainfo.ba\/index.php\/bosna-i-hercegovina\/item\/228936-brat-pretucenog-povratnika-u-visegrad-udaren-je-pistoljem-napravili-su-mu-sacekusu\/","url":"https:\/\/tuzlainfo.ba\/index.php\/bosna-i-hercegovina\/item\/228936-brat-pretucenog-povratnika-u-visegrad-udaren-je-pistoljem-napravili-su-mu-sacekusu\/","name":"Brat pretu\u010denog povratnika u Vi\u0161egrad: \"Udaren je pi\u0161toljem, napravili su mu sa\u010deku\u0161u\"","isPartOf":{"@id":"https:\/\/tuzlainfo.ba\/#website"},"primaryImageOfPage":{"@id":"https:\/\/tuzlainfo.ba\/index.php\/bosna-i-hercegovina\/item\/228936-brat-pretucenog-povratnika-u-visegrad-udaren-je-pistoljem-napravili-su-mu-sacekusu\/#primaryimage"},"image":{"@id":"https:\/\/tuzlainfo.ba\/index.php\/bosna-i-hercegovina\/item\/228936-brat-pretucenog-povratnika-u-visegrad-udaren-je-pistoljem-napravili-su-mu-sacekusu\/#primaryimage"},"thumbnailUrl":"https:\/\/tuzlainfo.ba\/wp-content\/uploads\/2021\/09\/1209_rs_policija.jpg","datePublished":"2024-02-01T14:03:24+00:00","breadcrumb":{"@id":"https:\/\/tuzlainfo.ba\/index.php\/bosna-i-hercegovina\/item\/228936-brat-pretucenog-povratnika-u-visegrad-udaren-je-pistoljem-napravili-su-mu-sacekusu\/#breadcrumb"},"inLanguage":"bs-BA","potentialAction":[{"@type":"ReadAction","target":["https:\/\/tuzlainfo.ba\/index.php\/bosna-i-hercegovina\/item\/228936-brat-pretucenog-povratnika-u-visegrad-udaren-je-pistoljem-napravili-su-mu-sacekusu\/"]}]},{"@type":"ImageObject","inLanguage":"bs-BA","@id":"https:\/\/tuzlainfo.ba\/index.php\/bosna-i-hercegovina\/item\/228936-brat-pretucenog-povratnika-u-visegrad-udaren-je-pistoljem-napravili-su-mu-sacekusu\/#primaryimage","url":"https:\/\/tuzlainfo.ba\/wp-content\/uploads\/2021\/09\/1209_rs_policija.jpg","contentUrl":"https:\/\/tuzlainfo.ba\/wp-content\/uploads\/2021\/09\/1209_rs_policija.jpg","width":800,"height":399},{"@type":"BreadcrumbList","@id":"https:\/\/tuzlainfo.ba\/index.php\/bosna-i-hercegovina\/item\/228936-brat-pretucenog-povratnika-u-visegrad-udaren-je-pistoljem-napravili-su-mu-sacekusu\/#breadcrumb","itemListElement":[{"@type":"ListItem","position":1,"name":"Home","item":"https:\/\/tuzlainfo.ba\/"},{"@type":"ListItem","position":2,"name":"Brat pretu\u010denog povratnika u Vi\u0161egrad: &#8220;Udaren je pi\u0161toljem, napravili su mu sa\u010deku\u0161u&#8221;"}]},{"@type":"WebSite","@id":"https:\/\/tuzlainfo.ba\/#website","url":"https:\/\/tuzlainfo.ba\/","name":"TuzlaInfo.ba","description":"Tuzla info, gradski informator - Tuzla na dlanu","publisher":{"@id":"https:\/\/tuzlainfo.ba\/#organization"},"potentialAction":[{"@type":"SearchAction","target":{"@type":"EntryPoint","urlTemplate":"https:\/\/tuzlainfo.ba\/?s={search_term_string}"},"query-input":{"@type":"PropertyValueSpecification","valueRequired":true,"valueName":"search_term_string"}}],"inLanguage":"bs-BA"},{"@type":"Organization","@id":"https:\/\/tuzlainfo.ba\/#organization","name":"TuzlaInfo.ba","url":"https:\/\/tuzlainfo.ba\/","logo":{"@type":"ImageObject","inLanguage":"bs-BA","@id":"https:\/\/tuzlainfo.ba\/#\/schema\/logo\/image\/","url":"https:\/\/tuzlainfo.ba\/wp-content\/uploads\/2021\/03\/logo-ver-3-1.png","contentUrl":"https:\/\/tuzlainfo.ba\/wp-content\/uploads\/2021\/03\/logo-ver-3-1.png","width":350,"height":95,"caption":"TuzlaInfo.ba"},"image":{"@id":"https:\/\/tuzlainfo.ba\/#\/schema\/logo\/image\/"},"sameAs":["https:\/\/www.facebook.com\/tuzlainfo.ba\/"]},{"@type":"Person","@id":"https:\/\/tuzlainfo.ba\/#\/schema\/person\/f434e20dc27ea133923aab08451b7f7f","name":"nedim","image":{"@type":"ImageObject","inLanguage":"bs-BA","@id":"https:\/\/secure.gravatar.com\/avatar\/5b928a2e7e70a54208d2eb6c1edcb75a5350d6ae97d5f0a701203d456823f6f3?s=96&d=mm&r=g","url":"https:\/\/secure.gravatar.com\/avatar\/5b928a2e7e70a54208d2eb6c1edcb75a5350d6ae97d5f0a701203d456823f6f3?s=96&d=mm&r=g","contentUrl":"https:\/\/secure.gravatar.com\/avatar\/5b928a2e7e70a54208d2eb6c1edcb75a5350d6ae97d5f0a701203d456823f6f3?s=96&d=mm&r=g","caption":"nedim"},"description":"Tuzlainfo.ba pratite na dru\u0161tvenim mre\u017eama: Facebook, Instagram i Youtube. Svoje pri\u010de, upite i fotografije \u0161aljite na na\u0161u e-mail adresu."}]}},"_links":{"self":[{"href":"https:\/\/tuzlainfo.ba\/index.php\/wp-json\/wp\/v2\/posts\/228936","targetHints":{"allow":["GET"]}}],"collection":[{"href":"https:\/\/tuzlainfo.ba\/index.php\/wp-json\/wp\/v2\/posts"}],"about":[{"href":"https:\/\/tuzlainfo.ba\/index.php\/wp-json\/wp\/v2\/types\/post"}],"author":[{"embeddable":true,"href":"https:\/\/tuzlainfo.ba\/index.php\/wp-json\/wp\/v2\/users\/2"}],"replies":[{"embeddable":true,"href":"https:\/\/tuzlainfo.ba\/index.php\/wp-json\/wp\/v2\/comments?post=228936"}],"version-history":[{"count":1,"href":"https:\/\/tuzlainfo.ba\/index.php\/wp-json\/wp\/v2\/posts\/228936\/revisions"}],"predecessor-version":[{"id":228937,"href":"https:\/\/tuzlainfo.ba\/index.php\/wp-json\/wp\/v2\/posts\/228936\/revisions\/228937"}],"wp:featuredmedia":[{"embeddable":true,"href":"https:\/\/tuzlainfo.ba\/index.php\/wp-json\/wp\/v2\/media\/147670"}],"wp:attachment":[{"href":"https:\/\/tuzlainfo.ba\/index.php\/wp-json\/wp\/v2\/media?parent=228936"}],"wp:term":[{"taxonomy":"category","embeddable":true,"href":"https:\/\/tuzlainfo.ba\/index.php\/wp-json\/wp\/v2\/categories?post=228936"},{"taxonomy":"post_tag","embeddable":true,"href":"https:\/\/tuzlainfo.ba\/index.php\/wp-json\/wp\/v2\/tags?post=228936"}],"curies":[{"name":"wp","href":"https:\/\/api.w.org\/{rel}","templated":true}]}}