{"id":228834,"date":"2024-01-31T21:05:36","date_gmt":"2024-01-31T20:05:36","guid":{"rendered":"https:\/\/tuzlainfo.ba\/?p=228834"},"modified":"2024-01-31T15:25:35","modified_gmt":"2024-01-31T14:25:35","slug":"zele-52-posto-prosjecne-plate-sta-znaci-povecanje-penzija-od-5-posto","status":"publish","type":"post","link":"https:\/\/tuzlainfo.ba\/index.php\/bosna-i-hercegovina\/item\/228834-zele-52-posto-prosjecne-plate-sta-znaci-povecanje-penzija-od-5-posto\/","title":{"rendered":"\u017dele 52 posto prosje\u010dne plate:  \u0160ta zna\u010di pove\u0107anje penzija od 5 posto?"},"content":{"rendered":"<p>Penzionerima u Federaciji BiH penzije \u0107e biti pove\u0107ane 5 posto. Rije\u010d je o akontativnom pove\u0107anju za 2024. godinu koje se, ina\u010de, de\u0161ava na godi\u0161njem nivou, a u skladu sa podacima vezanim za rast BDP-a i indeksa potro\u0161a\u010dkih cijena u prethodnoj godini. Kada se spomene pove\u0107anje penzija, zvu\u010di kao pozitivna i ohrabruju\u0107a vijest, no kada se zagrebe ispod povr\u0161ine, 5 posto zna\u010di tek oko 30 maraka pove\u0107anja. Tako \u0107e najni\u017ea penzija u februaru, umjesto 538 konvertibilnih maraka, iznositi 564.<\/p>\n<p>U udru\u017eenjima penzionera smatraju da su politi\u010dki lideri ostali nijemi na njihove apele za adekvatnijim mjerama socijalne za\u0161tite. Politi\u010dari se, ka\u017eu, pozivaju na zakone \u010dije izmjene je lako donijeti ukoliko postoji volja.<\/p>\n<p>\u201cNama trebaju pod hitno izmjene zakona o PIO-u koje \u0107e omogu\u0107iti vanredno uskla\u0111ivanje penzija sa rastom inflacije, sa ekonomskim poreme\u0107ajem\u201d, ka\u017ee Haso Halilovi\u0107, predsjednik Saveza penzionera TK-a.<\/p>\n<p>Nadle\u017eni su i ranije najavljivali vanredno uskla\u0111ivanje, ali penzioneri, pou\u010deni dosada\u0161njim iskustvima, ne vjeruju dok se ne desi. Izborna godina bi mogla prevagnuti u njihovu korist, smatraju analiti\u010dari.<\/p>\n<p>\u201cHo\u0107e li do toga do\u0107i, jo\u0161 ne znamo, nema najava, ali izborna je godina, ne bi nas iznenadilo da se to desi. To se mo\u017ee o\u010dekivati, to je stvar politi\u010dke volje i prihoda, kako se budu ostvarivali po osnovu bud\u017eeta\u201d, obja\u0161njava ekonomski analiti\u010dar Admir \u010cavali\u0107.<\/p>\n<p>Iako u godinama i nerijetko lo\u0161em zdravstvenom stanju, penzioneri u Tuzli svoja prava su tra\u017eili i na ulicama. I ponovo \u0107e, najavljuju. Zahtjevi koji se odnose na 52 posto prosje\u010dne plate, sigurniju zdravstvenu za\u0161titu, ali i cjelokupan bolji polo\u017eaj penzionera u dru\u0161tvu stoje pod upitnikom \u2013 a da niko iko od nadle\u017enih na njih odgovorio.<\/p>\n<p>\u201cMi imamo tiranski odnos vlasti prema svim ugro\u017eenim kategorijama, radnicima, socijalnim slu\u010dajevima, i mi se moramo se boriti da bismo to rije\u0161ili. Ako vlast vodi uli\u010darsku politiku, onda rje\u0161enja treba tra\u017eiti na ulici\u201d, poru\u010duje Vehid Jahi\u0107, predsjednik Stranke penzionera Tuzla.<\/p>\n<p>Nadaju se da \u0107e se politi\u010dki lideri uhvatiti u ko\u0161tac s izazovima socijalne pravde i pru\u017eiti konkretna rje\u0161enja koja \u0107e osigurati dostojanstven i siguran \u017eivot za one koji su svoj radni vijek posvetili izgradnji dru\u0161tva. Jo\u0161 nije kasno da politi\u010dari poka\u017eu odlu\u010dnost u rje\u0161avanju problema i vrate povjerenje gra\u0111ana koje iz dana u dan gube, pi\u0161e federalna.ba.<\/p>\n","protected":false},"excerpt":{"rendered":"<p>Penzionerima u Federaciji BiH penzije \u0107e biti pove\u0107ane 5 posto. Rije\u010d je o akontativnom pove\u0107anju&hellip;<\/p>\n","protected":false},"author":2,"featured_media":154483,"comment_status":"closed","ping_status":"closed","sticky":false,"template":"","format":"standard","meta":{"_acf_changed":false,"footnotes":""},"categories":[291,304],"tags":[1657,1885,9511],"acf":[],"yoast_head":"<!-- This site is optimized with the Yoast SEO plugin v23.5 - https:\/\/yoast.com\/wordpress\/plugins\/seo\/ -->\n<title>\u017dele 52 posto prosje\u010dne plate: \u0160ta zna\u010di pove\u0107anje penzija od 5 posto? - TuzlaInfo.ba<\/title>\n<meta name=\"robots\" content=\"index, follow, max-snippet:-1, max-image-preview:large, max-video-preview:-1\" \/>\n<link rel=\"canonical\" href=\"https:\/\/tuzlainfo.ba\/index.php\/bosna-i-hercegovina\/item\/228834-zele-52-posto-prosjecne-plate-sta-znaci-povecanje-penzija-od-5-posto\/\" \/>\n<meta property=\"og:locale\" content=\"bs_BA\" \/>\n<meta property=\"og:type\" content=\"article\" \/>\n<meta property=\"og:title\" content=\"\u017dele 52 posto prosje\u010dne plate: \u0160ta zna\u010di pove\u0107anje penzija od 5 posto? - TuzlaInfo.ba\" \/>\n<meta property=\"og:description\" content=\"Penzionerima u Federaciji BiH penzije \u0107e biti pove\u0107ane 5 posto. Rije\u010d je o akontativnom pove\u0107anju&hellip;\" \/>\n<meta property=\"og:url\" content=\"https:\/\/tuzlainfo.ba\/index.php\/bosna-i-hercegovina\/item\/228834-zele-52-posto-prosjecne-plate-sta-znaci-povecanje-penzija-od-5-posto\/\" \/>\n<meta property=\"og:site_name\" content=\"TuzlaInfo.ba\" \/>\n<meta property=\"article:publisher\" content=\"https:\/\/www.facebook.com\/tuzlainfo.ba\/\" \/>\n<meta property=\"article:published_time\" content=\"2024-01-31T20:05:36+00:00\" \/>\n<meta property=\"article:modified_time\" content=\"2024-01-31T14:25:35+00:00\" \/>\n<meta property=\"og:image\" content=\"https:\/\/tuzlainfo.ba\/wp-content\/uploads\/2021\/11\/1511_penzioneri-protesti.jpg\" \/>\n\t<meta property=\"og:image:width\" content=\"1013\" \/>\n\t<meta property=\"og:image:height\" content=\"566\" \/>\n\t<meta property=\"og:image:type\" content=\"image\/jpeg\" \/>\n<meta name=\"author\" content=\"nedim\" \/>\n<meta name=\"twitter:card\" content=\"summary_large_image\" \/>\n<meta name=\"twitter:label1\" content=\"Written by\" \/>\n\t<meta name=\"twitter:data1\" content=\"nedim\" \/>\n\t<meta name=\"twitter:label2\" content=\"Est. reading time\" \/>\n\t<meta name=\"twitter:data2\" content=\"2 minute\" \/>\n<script type=\"application\/ld+json\" class=\"yoast-schema-graph\">{\"@context\":\"https:\/\/schema.org\",\"@graph\":[{\"@type\":\"Article\",\"@id\":\"https:\/\/tuzlainfo.ba\/index.php\/bosna-i-hercegovina\/item\/228834-zele-52-posto-prosjecne-plate-sta-znaci-povecanje-penzija-od-5-posto\/#article\",\"isPartOf\":{\"@id\":\"https:\/\/tuzlainfo.ba\/index.php\/bosna-i-hercegovina\/item\/228834-zele-52-posto-prosjecne-plate-sta-znaci-povecanje-penzija-od-5-posto\/\"},\"author\":{\"name\":\"nedim\",\"@id\":\"https:\/\/tuzlainfo.ba\/#\/schema\/person\/f434e20dc27ea133923aab08451b7f7f\"},\"headline\":\"\u017dele 52 posto prosje\u010dne plate: \u0160ta zna\u010di pove\u0107anje penzija od 5 posto?\",\"datePublished\":\"2024-01-31T20:05:36+00:00\",\"dateModified\":\"2024-01-31T14:25:35+00:00\",\"mainEntityOfPage\":{\"@id\":\"https:\/\/tuzlainfo.ba\/index.php\/bosna-i-hercegovina\/item\/228834-zele-52-posto-prosjecne-plate-sta-znaci-povecanje-penzija-od-5-posto\/\"},\"wordCount\":429,\"publisher\":{\"@id\":\"https:\/\/tuzlainfo.ba\/#organization\"},\"image\":{\"@id\":\"https:\/\/tuzlainfo.ba\/index.php\/bosna-i-hercegovina\/item\/228834-zele-52-posto-prosjecne-plate-sta-znaci-povecanje-penzija-od-5-posto\/#primaryimage\"},\"thumbnailUrl\":\"https:\/\/tuzlainfo.ba\/wp-content\/uploads\/2021\/11\/1511_penzioneri-protesti.jpg\",\"keywords\":[\"penzije\",\"penzioneri\",\"pove\u0107anje penzije\"],\"articleSection\":[\"Bosna i Hercegovina\",\"Istaknuto\"],\"inLanguage\":\"bs-BA\"},{\"@type\":\"WebPage\",\"@id\":\"https:\/\/tuzlainfo.ba\/index.php\/bosna-i-hercegovina\/item\/228834-zele-52-posto-prosjecne-plate-sta-znaci-povecanje-penzija-od-5-posto\/\",\"url\":\"https:\/\/tuzlainfo.ba\/index.php\/bosna-i-hercegovina\/item\/228834-zele-52-posto-prosjecne-plate-sta-znaci-povecanje-penzija-od-5-posto\/\",\"name\":\"\u017dele 52 posto prosje\u010dne plate: \u0160ta zna\u010di pove\u0107anje penzija od 5 posto? - TuzlaInfo.ba\",\"isPartOf\":{\"@id\":\"https:\/\/tuzlainfo.ba\/#website\"},\"primaryImageOfPage\":{\"@id\":\"https:\/\/tuzlainfo.ba\/index.php\/bosna-i-hercegovina\/item\/228834-zele-52-posto-prosjecne-plate-sta-znaci-povecanje-penzija-od-5-posto\/#primaryimage\"},\"image\":{\"@id\":\"https:\/\/tuzlainfo.ba\/index.php\/bosna-i-hercegovina\/item\/228834-zele-52-posto-prosjecne-plate-sta-znaci-povecanje-penzija-od-5-posto\/#primaryimage\"},\"thumbnailUrl\":\"https:\/\/tuzlainfo.ba\/wp-content\/uploads\/2021\/11\/1511_penzioneri-protesti.jpg\",\"datePublished\":\"2024-01-31T20:05:36+00:00\",\"dateModified\":\"2024-01-31T14:25:35+00:00\",\"breadcrumb\":{\"@id\":\"https:\/\/tuzlainfo.ba\/index.php\/bosna-i-hercegovina\/item\/228834-zele-52-posto-prosjecne-plate-sta-znaci-povecanje-penzija-od-5-posto\/#breadcrumb\"},\"inLanguage\":\"bs-BA\",\"potentialAction\":[{\"@type\":\"ReadAction\",\"target\":[\"https:\/\/tuzlainfo.ba\/index.php\/bosna-i-hercegovina\/item\/228834-zele-52-posto-prosjecne-plate-sta-znaci-povecanje-penzija-od-5-posto\/\"]}]},{\"@type\":\"ImageObject\",\"inLanguage\":\"bs-BA\",\"@id\":\"https:\/\/tuzlainfo.ba\/index.php\/bosna-i-hercegovina\/item\/228834-zele-52-posto-prosjecne-plate-sta-znaci-povecanje-penzija-od-5-posto\/#primaryimage\",\"url\":\"https:\/\/tuzlainfo.ba\/wp-content\/uploads\/2021\/11\/1511_penzioneri-protesti.jpg\",\"contentUrl\":\"https:\/\/tuzlainfo.ba\/wp-content\/uploads\/2021\/11\/1511_penzioneri-protesti.jpg\",\"width\":1013,\"height\":566,\"caption\":\"Foto: Klix.ba\"},{\"@type\":\"BreadcrumbList\",\"@id\":\"https:\/\/tuzlainfo.ba\/index.php\/bosna-i-hercegovina\/item\/228834-zele-52-posto-prosjecne-plate-sta-znaci-povecanje-penzija-od-5-posto\/#breadcrumb\",\"itemListElement\":[{\"@type\":\"ListItem\",\"position\":1,\"name\":\"Home\",\"item\":\"https:\/\/tuzlainfo.ba\/\"},{\"@type\":\"ListItem\",\"position\":2,\"name\":\"\u017dele 52 posto prosje\u010dne plate: \u0160ta zna\u010di pove\u0107anje penzija od 5 posto?\"}]},{\"@type\":\"WebSite\",\"@id\":\"https:\/\/tuzlainfo.ba\/#website\",\"url\":\"https:\/\/tuzlainfo.ba\/\",\"name\":\"TuzlaInfo.ba\",\"description\":\"Tuzla info, gradski informator - Tuzla na dlanu\",\"publisher\":{\"@id\":\"https:\/\/tuzlainfo.ba\/#organization\"},\"potentialAction\":[{\"@type\":\"SearchAction\",\"target\":{\"@type\":\"EntryPoint\",\"urlTemplate\":\"https:\/\/tuzlainfo.ba\/?s={search_term_string}\"},\"query-input\":{\"@type\":\"PropertyValueSpecification\",\"valueRequired\":true,\"valueName\":\"search_term_string\"}}],\"inLanguage\":\"bs-BA\"},{\"@type\":\"Organization\",\"@id\":\"https:\/\/tuzlainfo.ba\/#organization\",\"name\":\"TuzlaInfo.ba\",\"url\":\"https:\/\/tuzlainfo.ba\/\",\"logo\":{\"@type\":\"ImageObject\",\"inLanguage\":\"bs-BA\",\"@id\":\"https:\/\/tuzlainfo.ba\/#\/schema\/logo\/image\/\",\"url\":\"https:\/\/tuzlainfo.ba\/wp-content\/uploads\/2021\/03\/logo-ver-3-1.png\",\"contentUrl\":\"https:\/\/tuzlainfo.ba\/wp-content\/uploads\/2021\/03\/logo-ver-3-1.png\",\"width\":350,\"height\":95,\"caption\":\"TuzlaInfo.ba\"},\"image\":{\"@id\":\"https:\/\/tuzlainfo.ba\/#\/schema\/logo\/image\/\"},\"sameAs\":[\"https:\/\/www.facebook.com\/tuzlainfo.ba\/\"]},{\"@type\":\"Person\",\"@id\":\"https:\/\/tuzlainfo.ba\/#\/schema\/person\/f434e20dc27ea133923aab08451b7f7f\",\"name\":\"nedim\",\"image\":{\"@type\":\"ImageObject\",\"inLanguage\":\"bs-BA\",\"@id\":\"https:\/\/tuzlainfo.ba\/#\/schema\/person\/image\/\",\"url\":\"https:\/\/tuzlainfo.ba\/wp-content\/litespeed\/avatar\/aabad687af24844af817603ac1cbdc4f.jpg?ver=1777306975\",\"contentUrl\":\"https:\/\/tuzlainfo.ba\/wp-content\/litespeed\/avatar\/aabad687af24844af817603ac1cbdc4f.jpg?ver=1777306975\",\"caption\":\"nedim\"},\"description\":\"Tuzlainfo.ba pratite na dru\u0161tvenim mre\u017eama: Facebook, Instagram i Youtube. Svoje pri\u010de, upite i fotografije \u0161aljite na na\u0161u e-mail adresu.\"}]}<\/script>\n<!-- \/ Yoast SEO plugin. -->","yoast_head_json":{"title":"\u017dele 52 posto prosje\u010dne plate: \u0160ta zna\u010di pove\u0107anje penzija od 5 posto? - TuzlaInfo.ba","robots":{"index":"index","follow":"follow","max-snippet":"max-snippet:-1","max-image-preview":"max-image-preview:large","max-video-preview":"max-video-preview:-1"},"canonical":"https:\/\/tuzlainfo.ba\/index.php\/bosna-i-hercegovina\/item\/228834-zele-52-posto-prosjecne-plate-sta-znaci-povecanje-penzija-od-5-posto\/","og_locale":"bs_BA","og_type":"article","og_title":"\u017dele 52 posto prosje\u010dne plate: \u0160ta zna\u010di pove\u0107anje penzija od 5 posto? - TuzlaInfo.ba","og_description":"Penzionerima u Federaciji BiH penzije \u0107e biti pove\u0107ane 5 posto. Rije\u010d je o akontativnom pove\u0107anju&hellip;","og_url":"https:\/\/tuzlainfo.ba\/index.php\/bosna-i-hercegovina\/item\/228834-zele-52-posto-prosjecne-plate-sta-znaci-povecanje-penzija-od-5-posto\/","og_site_name":"TuzlaInfo.ba","article_publisher":"https:\/\/www.facebook.com\/tuzlainfo.ba\/","article_published_time":"2024-01-31T20:05:36+00:00","article_modified_time":"2024-01-31T14:25:35+00:00","og_image":[{"width":1013,"height":566,"url":"https:\/\/tuzlainfo.ba\/wp-content\/uploads\/2021\/11\/1511_penzioneri-protesti.jpg","type":"image\/jpeg"}],"author":"nedim","twitter_card":"summary_large_image","twitter_misc":{"Written by":"nedim","Est. reading time":"2 minute"},"schema":{"@context":"https:\/\/schema.org","@graph":[{"@type":"Article","@id":"https:\/\/tuzlainfo.ba\/index.php\/bosna-i-hercegovina\/item\/228834-zele-52-posto-prosjecne-plate-sta-znaci-povecanje-penzija-od-5-posto\/#article","isPartOf":{"@id":"https:\/\/tuzlainfo.ba\/index.php\/bosna-i-hercegovina\/item\/228834-zele-52-posto-prosjecne-plate-sta-znaci-povecanje-penzija-od-5-posto\/"},"author":{"name":"nedim","@id":"https:\/\/tuzlainfo.ba\/#\/schema\/person\/f434e20dc27ea133923aab08451b7f7f"},"headline":"\u017dele 52 posto prosje\u010dne plate: \u0160ta zna\u010di pove\u0107anje penzija od 5 posto?","datePublished":"2024-01-31T20:05:36+00:00","dateModified":"2024-01-31T14:25:35+00:00","mainEntityOfPage":{"@id":"https:\/\/tuzlainfo.ba\/index.php\/bosna-i-hercegovina\/item\/228834-zele-52-posto-prosjecne-plate-sta-znaci-povecanje-penzija-od-5-posto\/"},"wordCount":429,"publisher":{"@id":"https:\/\/tuzlainfo.ba\/#organization"},"image":{"@id":"https:\/\/tuzlainfo.ba\/index.php\/bosna-i-hercegovina\/item\/228834-zele-52-posto-prosjecne-plate-sta-znaci-povecanje-penzija-od-5-posto\/#primaryimage"},"thumbnailUrl":"https:\/\/tuzlainfo.ba\/wp-content\/uploads\/2021\/11\/1511_penzioneri-protesti.jpg","keywords":["penzije","penzioneri","pove\u0107anje penzije"],"articleSection":["Bosna i Hercegovina","Istaknuto"],"inLanguage":"bs-BA"},{"@type":"WebPage","@id":"https:\/\/tuzlainfo.ba\/index.php\/bosna-i-hercegovina\/item\/228834-zele-52-posto-prosjecne-plate-sta-znaci-povecanje-penzija-od-5-posto\/","url":"https:\/\/tuzlainfo.ba\/index.php\/bosna-i-hercegovina\/item\/228834-zele-52-posto-prosjecne-plate-sta-znaci-povecanje-penzija-od-5-posto\/","name":"\u017dele 52 posto prosje\u010dne plate: \u0160ta zna\u010di pove\u0107anje penzija od 5 posto? - TuzlaInfo.ba","isPartOf":{"@id":"https:\/\/tuzlainfo.ba\/#website"},"primaryImageOfPage":{"@id":"https:\/\/tuzlainfo.ba\/index.php\/bosna-i-hercegovina\/item\/228834-zele-52-posto-prosjecne-plate-sta-znaci-povecanje-penzija-od-5-posto\/#primaryimage"},"image":{"@id":"https:\/\/tuzlainfo.ba\/index.php\/bosna-i-hercegovina\/item\/228834-zele-52-posto-prosjecne-plate-sta-znaci-povecanje-penzija-od-5-posto\/#primaryimage"},"thumbnailUrl":"https:\/\/tuzlainfo.ba\/wp-content\/uploads\/2021\/11\/1511_penzioneri-protesti.jpg","datePublished":"2024-01-31T20:05:36+00:00","dateModified":"2024-01-31T14:25:35+00:00","breadcrumb":{"@id":"https:\/\/tuzlainfo.ba\/index.php\/bosna-i-hercegovina\/item\/228834-zele-52-posto-prosjecne-plate-sta-znaci-povecanje-penzija-od-5-posto\/#breadcrumb"},"inLanguage":"bs-BA","potentialAction":[{"@type":"ReadAction","target":["https:\/\/tuzlainfo.ba\/index.php\/bosna-i-hercegovina\/item\/228834-zele-52-posto-prosjecne-plate-sta-znaci-povecanje-penzija-od-5-posto\/"]}]},{"@type":"ImageObject","inLanguage":"bs-BA","@id":"https:\/\/tuzlainfo.ba\/index.php\/bosna-i-hercegovina\/item\/228834-zele-52-posto-prosjecne-plate-sta-znaci-povecanje-penzija-od-5-posto\/#primaryimage","url":"https:\/\/tuzlainfo.ba\/wp-content\/uploads\/2021\/11\/1511_penzioneri-protesti.jpg","contentUrl":"https:\/\/tuzlainfo.ba\/wp-content\/uploads\/2021\/11\/1511_penzioneri-protesti.jpg","width":1013,"height":566,"caption":"Foto: Klix.ba"},{"@type":"BreadcrumbList","@id":"https:\/\/tuzlainfo.ba\/index.php\/bosna-i-hercegovina\/item\/228834-zele-52-posto-prosjecne-plate-sta-znaci-povecanje-penzija-od-5-posto\/#breadcrumb","itemListElement":[{"@type":"ListItem","position":1,"name":"Home","item":"https:\/\/tuzlainfo.ba\/"},{"@type":"ListItem","position":2,"name":"\u017dele 52 posto prosje\u010dne plate: \u0160ta zna\u010di pove\u0107anje penzija od 5 posto?"}]},{"@type":"WebSite","@id":"https:\/\/tuzlainfo.ba\/#website","url":"https:\/\/tuzlainfo.ba\/","name":"TuzlaInfo.ba","description":"Tuzla info, gradski informator - Tuzla na dlanu","publisher":{"@id":"https:\/\/tuzlainfo.ba\/#organization"},"potentialAction":[{"@type":"SearchAction","target":{"@type":"EntryPoint","urlTemplate":"https:\/\/tuzlainfo.ba\/?s={search_term_string}"},"query-input":{"@type":"PropertyValueSpecification","valueRequired":true,"valueName":"search_term_string"}}],"inLanguage":"bs-BA"},{"@type":"Organization","@id":"https:\/\/tuzlainfo.ba\/#organization","name":"TuzlaInfo.ba","url":"https:\/\/tuzlainfo.ba\/","logo":{"@type":"ImageObject","inLanguage":"bs-BA","@id":"https:\/\/tuzlainfo.ba\/#\/schema\/logo\/image\/","url":"https:\/\/tuzlainfo.ba\/wp-content\/uploads\/2021\/03\/logo-ver-3-1.png","contentUrl":"https:\/\/tuzlainfo.ba\/wp-content\/uploads\/2021\/03\/logo-ver-3-1.png","width":350,"height":95,"caption":"TuzlaInfo.ba"},"image":{"@id":"https:\/\/tuzlainfo.ba\/#\/schema\/logo\/image\/"},"sameAs":["https:\/\/www.facebook.com\/tuzlainfo.ba\/"]},{"@type":"Person","@id":"https:\/\/tuzlainfo.ba\/#\/schema\/person\/f434e20dc27ea133923aab08451b7f7f","name":"nedim","image":{"@type":"ImageObject","inLanguage":"bs-BA","@id":"https:\/\/tuzlainfo.ba\/#\/schema\/person\/image\/","url":"https:\/\/tuzlainfo.ba\/wp-content\/litespeed\/avatar\/aabad687af24844af817603ac1cbdc4f.jpg?ver=1777306975","contentUrl":"https:\/\/tuzlainfo.ba\/wp-content\/litespeed\/avatar\/aabad687af24844af817603ac1cbdc4f.jpg?ver=1777306975","caption":"nedim"},"description":"Tuzlainfo.ba pratite na dru\u0161tvenim mre\u017eama: Facebook, Instagram i Youtube. Svoje pri\u010de, upite i fotografije \u0161aljite na na\u0161u e-mail adresu."}]}},"_links":{"self":[{"href":"https:\/\/tuzlainfo.ba\/index.php\/wp-json\/wp\/v2\/posts\/228834"}],"collection":[{"href":"https:\/\/tuzlainfo.ba\/index.php\/wp-json\/wp\/v2\/posts"}],"about":[{"href":"https:\/\/tuzlainfo.ba\/index.php\/wp-json\/wp\/v2\/types\/post"}],"author":[{"embeddable":true,"href":"https:\/\/tuzlainfo.ba\/index.php\/wp-json\/wp\/v2\/users\/2"}],"replies":[{"embeddable":true,"href":"https:\/\/tuzlainfo.ba\/index.php\/wp-json\/wp\/v2\/comments?post=228834"}],"version-history":[{"count":1,"href":"https:\/\/tuzlainfo.ba\/index.php\/wp-json\/wp\/v2\/posts\/228834\/revisions"}],"predecessor-version":[{"id":228835,"href":"https:\/\/tuzlainfo.ba\/index.php\/wp-json\/wp\/v2\/posts\/228834\/revisions\/228835"}],"wp:featuredmedia":[{"embeddable":true,"href":"https:\/\/tuzlainfo.ba\/index.php\/wp-json\/wp\/v2\/media\/154483"}],"wp:attachment":[{"href":"https:\/\/tuzlainfo.ba\/index.php\/wp-json\/wp\/v2\/media?parent=228834"}],"wp:term":[{"taxonomy":"category","embeddable":true,"href":"https:\/\/tuzlainfo.ba\/index.php\/wp-json\/wp\/v2\/categories?post=228834"},{"taxonomy":"post_tag","embeddable":true,"href":"https:\/\/tuzlainfo.ba\/index.php\/wp-json\/wp\/v2\/tags?post=228834"}],"curies":[{"name":"wp","href":"https:\/\/api.w.org\/{rel}","templated":true}]}}