{"id":228625,"date":"2024-01-29T09:18:58","date_gmt":"2024-01-29T08:18:58","guid":{"rendered":"https:\/\/tuzlainfo.ba\/?p=228625"},"modified":"2024-01-29T09:18:58","modified_gmt":"2024-01-29T08:18:58","slug":"alma-colo-saopstila-cime-ce-se-baviti-nakon-politike-od-iduce-sedmice-novi-posao","status":"publish","type":"post","link":"https:\/\/tuzlainfo.ba\/index.php\/bosna-i-hercegovina\/item\/228625-alma-colo-saopstila-cime-ce-se-baviti-nakon-politike-od-iduce-sedmice-novi-posao\/","title":{"rendered":"Alma \u010colo saop\u0161tila \u010dime \u0107e se baviti nakon politike: Od idu\u0107e sedmice novi posao"},"content":{"rendered":"<p>Biv\u0161a zastupnica SDA u Parlamentarnoj skup\u0161tini BiH Alma \u010colo, nakon \u0161to je napustila politiku, bavit \u0107e se advokaturom.<\/p>\n<p>&#8220;\u010covjek ne mo\u017ee upravljati svojim \u017eivotom, pa ni svojom profesionalnom karijerom. Mo\u017ee se truditi da to sve ide u nekom \u017eeljenom pravcu, ali nema garancije da \u0107e to tako i biti. Kada se nakon niza godina osvrne unazad vidi da je skoro sve ono \u0161to se de\u0161avalo u \u017eivotu imalo neki svoj smisao. Imalo svoje &#8220;za\u0161to&#8221; i svoje &#8220;zato&#8221;.<\/p>\n<p>Ponosna sam zbog svih poslova koje sam radila u punom kapacitetu, onako kako sam smatrala da je ispravno i najbolje.<\/p>\n<p>Ponosna sam na posao tu\u017eioca i zamjenika tu\u017eioca, pravnog savjetnika \u010dlana Predsjedni\u0161tva BiH, \u010dlanice Komiteta za pravna pitanja i ljudska prava Vije\u0107a Evrope, predsjedavaju\u0107e BH delegacije u Vije\u0107u Evrope, predsjedavaju\u0107e Ustavno-pravne komisije Parlamentarne skup\u0161tine BiH, izvr\u0161ne direktorice za pravne poslove, sekretara privrednog dru\u0161tva, stru\u010dne saradnice u republi\u010dkim organima uprave SR BiH i R BiH\u2026<\/p>\n<p>Od idu\u0107e sedmice novi posao. Advokat. Advokatima je zabranjeno da se reklamiraju. Samo ka\u017eem da po\u010dinjem, uz Bo\u017eiju pomo\u0107&#8221;, kazala je \u010colo.<\/p>\n","protected":false},"excerpt":{"rendered":"<p>Biv\u0161a zastupnica SDA u Parlamentarnoj skup\u0161tini BiH Alma \u010colo, nakon \u0161to je napustila politiku, bavit \u0107e se advokaturom. &#8220;\u010covjek ne mo\u017ee upravljati svojim \u017eivotom, pa ni svojom profesionalnom karijerom. Mo\u017ee se truditi da to sve ide u nekom \u017eeljenom pravcu, ali nema garancije da \u0107e to tako i biti. Kada se nakon niza godina osvrne [&hellip;]<\/p>\n","protected":false},"author":3,"featured_media":181040,"comment_status":"closed","ping_status":"closed","sticky":false,"template":"","format":"standard","meta":{"footnotes":""},"categories":[291],"tags":[5261],"class_list":["post-228625","post","type-post","status-publish","format-standard","has-post-thumbnail","hentry","category-bosna-i-hercegovina","tag-alma-colo"],"yoast_head":"<!-- This site is optimized with the Yoast SEO plugin v28.3 - https:\/\/yoast.com\/product\/yoast-seo-wordpress\/ -->\n<title>Alma \u010colo saop\u0161tila \u010dime \u0107e se baviti nakon politike: Od idu\u0107e sedmice novi posao<\/title>\n<meta name=\"robots\" content=\"index, follow, max-snippet:-1, max-image-preview:large, max-video-preview:-1\" \/>\n<link rel=\"canonical\" href=\"https:\/\/tuzlainfo.ba\/index.php\/bosna-i-hercegovina\/item\/228625-alma-colo-saopstila-cime-ce-se-baviti-nakon-politike-od-iduce-sedmice-novi-posao\/\" \/>\n<meta property=\"og:locale\" content=\"bs_BA\" \/>\n<meta property=\"og:type\" content=\"article\" \/>\n<meta property=\"og:title\" content=\"Alma \u010colo saop\u0161tila \u010dime \u0107e se baviti nakon politike: Od idu\u0107e sedmice novi posao\" \/>\n<meta property=\"og:description\" content=\"Biv\u0161a zastupnica SDA u Parlamentarnoj skup\u0161tini BiH Alma \u010colo, nakon \u0161to je napustila politiku, bavit \u0107e se advokaturom. &#8220;\u010covjek ne mo\u017ee upravljati svojim \u017eivotom, pa ni svojom profesionalnom karijerom. Mo\u017ee se truditi da to sve ide u nekom \u017eeljenom pravcu, ali nema garancije da \u0107e to tako i biti. Kada se nakon niza godina osvrne [&hellip;]\" \/>\n<meta property=\"og:url\" content=\"https:\/\/tuzlainfo.ba\/index.php\/bosna-i-hercegovina\/item\/228625-alma-colo-saopstila-cime-ce-se-baviti-nakon-politike-od-iduce-sedmice-novi-posao\/\" \/>\n<meta property=\"og:site_name\" content=\"TuzlaInfo.ba\" \/>\n<meta property=\"article:publisher\" content=\"https:\/\/www.facebook.com\/tuzlainfo.ba\/\" \/>\n<meta property=\"article:published_time\" content=\"2024-01-29T08:18:58+00:00\" \/>\n<meta property=\"og:image\" content=\"https:\/\/tuzlainfo.ba\/wp-content\/uploads\/2022\/08\/1208_alma_colo.jpg\" \/>\n\t<meta property=\"og:image:width\" content=\"800\" \/>\n\t<meta property=\"og:image:height\" content=\"540\" \/>\n\t<meta property=\"og:image:type\" content=\"image\/jpeg\" \/>\n<meta name=\"author\" content=\"admin2\" \/>\n<meta name=\"twitter:card\" content=\"summary_large_image\" \/>\n<meta name=\"twitter:label1\" content=\"Written by\" \/>\n\t<meta name=\"twitter:data1\" content=\"admin2\" \/>\n\t<meta name=\"twitter:label2\" content=\"Est. reading time\" \/>\n\t<meta name=\"twitter:data2\" content=\"1 minuta\" \/>\n<script type=\"application\/ld+json\" class=\"yoast-schema-graph\">{\"@context\":\"https:\\\/\\\/schema.org\",\"@graph\":[{\"@type\":\"Article\",\"@id\":\"https:\\\/\\\/tuzlainfo.ba\\\/index.php\\\/bosna-i-hercegovina\\\/item\\\/228625-alma-colo-saopstila-cime-ce-se-baviti-nakon-politike-od-iduce-sedmice-novi-posao\\\/#article\",\"isPartOf\":{\"@id\":\"https:\\\/\\\/tuzlainfo.ba\\\/index.php\\\/bosna-i-hercegovina\\\/item\\\/228625-alma-colo-saopstila-cime-ce-se-baviti-nakon-politike-od-iduce-sedmice-novi-posao\\\/\"},\"author\":{\"name\":\"admin2\",\"@id\":\"https:\\\/\\\/tuzlainfo.ba\\\/#\\\/schema\\\/person\\\/f4ebe4fff27e68efb65fa7e18f8af372\"},\"headline\":\"Alma \u010colo saop\u0161tila \u010dime \u0107e se baviti nakon politike: Od idu\u0107e sedmice novi posao\",\"datePublished\":\"2024-01-29T08:18:58+00:00\",\"mainEntityOfPage\":{\"@id\":\"https:\\\/\\\/tuzlainfo.ba\\\/index.php\\\/bosna-i-hercegovina\\\/item\\\/228625-alma-colo-saopstila-cime-ce-se-baviti-nakon-politike-od-iduce-sedmice-novi-posao\\\/\"},\"wordCount\":211,\"publisher\":{\"@id\":\"https:\\\/\\\/tuzlainfo.ba\\\/#organization\"},\"image\":{\"@id\":\"https:\\\/\\\/tuzlainfo.ba\\\/index.php\\\/bosna-i-hercegovina\\\/item\\\/228625-alma-colo-saopstila-cime-ce-se-baviti-nakon-politike-od-iduce-sedmice-novi-posao\\\/#primaryimage\"},\"thumbnailUrl\":\"https:\\\/\\\/tuzlainfo.ba\\\/wp-content\\\/uploads\\\/2022\\\/08\\\/1208_alma_colo.jpg\",\"keywords\":[\"alma \u010dolo\"],\"articleSection\":[\"Bosna i Hercegovina\"],\"inLanguage\":\"bs-BA\",\"copyrightYear\":\"2024\",\"copyrightHolder\":{\"@id\":\"https:\\\/\\\/tuzlainfo.ba\\\/#organization\"}},{\"@type\":\"WebPage\",\"@id\":\"https:\\\/\\\/tuzlainfo.ba\\\/index.php\\\/bosna-i-hercegovina\\\/item\\\/228625-alma-colo-saopstila-cime-ce-se-baviti-nakon-politike-od-iduce-sedmice-novi-posao\\\/\",\"url\":\"https:\\\/\\\/tuzlainfo.ba\\\/index.php\\\/bosna-i-hercegovina\\\/item\\\/228625-alma-colo-saopstila-cime-ce-se-baviti-nakon-politike-od-iduce-sedmice-novi-posao\\\/\",\"name\":\"Alma \u010colo saop\u0161tila \u010dime \u0107e se baviti nakon politike: Od idu\u0107e sedmice novi posao\",\"isPartOf\":{\"@id\":\"https:\\\/\\\/tuzlainfo.ba\\\/#website\"},\"primaryImageOfPage\":{\"@id\":\"https:\\\/\\\/tuzlainfo.ba\\\/index.php\\\/bosna-i-hercegovina\\\/item\\\/228625-alma-colo-saopstila-cime-ce-se-baviti-nakon-politike-od-iduce-sedmice-novi-posao\\\/#primaryimage\"},\"image\":{\"@id\":\"https:\\\/\\\/tuzlainfo.ba\\\/index.php\\\/bosna-i-hercegovina\\\/item\\\/228625-alma-colo-saopstila-cime-ce-se-baviti-nakon-politike-od-iduce-sedmice-novi-posao\\\/#primaryimage\"},\"thumbnailUrl\":\"https:\\\/\\\/tuzlainfo.ba\\\/wp-content\\\/uploads\\\/2022\\\/08\\\/1208_alma_colo.jpg\",\"datePublished\":\"2024-01-29T08:18:58+00:00\",\"breadcrumb\":{\"@id\":\"https:\\\/\\\/tuzlainfo.ba\\\/index.php\\\/bosna-i-hercegovina\\\/item\\\/228625-alma-colo-saopstila-cime-ce-se-baviti-nakon-politike-od-iduce-sedmice-novi-posao\\\/#breadcrumb\"},\"inLanguage\":\"bs-BA\",\"potentialAction\":[{\"@type\":\"ReadAction\",\"target\":[\"https:\\\/\\\/tuzlainfo.ba\\\/index.php\\\/bosna-i-hercegovina\\\/item\\\/228625-alma-colo-saopstila-cime-ce-se-baviti-nakon-politike-od-iduce-sedmice-novi-posao\\\/\"]}]},{\"@type\":\"ImageObject\",\"inLanguage\":\"bs-BA\",\"@id\":\"https:\\\/\\\/tuzlainfo.ba\\\/index.php\\\/bosna-i-hercegovina\\\/item\\\/228625-alma-colo-saopstila-cime-ce-se-baviti-nakon-politike-od-iduce-sedmice-novi-posao\\\/#primaryimage\",\"url\":\"https:\\\/\\\/tuzlainfo.ba\\\/wp-content\\\/uploads\\\/2022\\\/08\\\/1208_alma_colo.jpg\",\"contentUrl\":\"https:\\\/\\\/tuzlainfo.ba\\\/wp-content\\\/uploads\\\/2022\\\/08\\\/1208_alma_colo.jpg\",\"width\":800,\"height\":540},{\"@type\":\"BreadcrumbList\",\"@id\":\"https:\\\/\\\/tuzlainfo.ba\\\/index.php\\\/bosna-i-hercegovina\\\/item\\\/228625-alma-colo-saopstila-cime-ce-se-baviti-nakon-politike-od-iduce-sedmice-novi-posao\\\/#breadcrumb\",\"itemListElement\":[{\"@type\":\"ListItem\",\"position\":1,\"name\":\"Home\",\"item\":\"https:\\\/\\\/tuzlainfo.ba\\\/\"},{\"@type\":\"ListItem\",\"position\":2,\"name\":\"Alma \u010colo saop\u0161tila \u010dime \u0107e se baviti nakon politike: Od idu\u0107e sedmice novi posao\"}]},{\"@type\":\"WebSite\",\"@id\":\"https:\\\/\\\/tuzlainfo.ba\\\/#website\",\"url\":\"https:\\\/\\\/tuzlainfo.ba\\\/\",\"name\":\"TuzlaInfo.ba\",\"description\":\"Tuzla info, gradski informator - Tuzla na dlanu\",\"publisher\":{\"@id\":\"https:\\\/\\\/tuzlainfo.ba\\\/#organization\"},\"potentialAction\":[{\"@type\":\"SearchAction\",\"target\":{\"@type\":\"EntryPoint\",\"urlTemplate\":\"https:\\\/\\\/tuzlainfo.ba\\\/?s={search_term_string}\"},\"query-input\":{\"@type\":\"PropertyValueSpecification\",\"valueRequired\":true,\"valueName\":\"search_term_string\"}}],\"inLanguage\":\"bs-BA\"},{\"@type\":\"Organization\",\"@id\":\"https:\\\/\\\/tuzlainfo.ba\\\/#organization\",\"name\":\"TuzlaInfo.ba\",\"url\":\"https:\\\/\\\/tuzlainfo.ba\\\/\",\"logo\":{\"@type\":\"ImageObject\",\"inLanguage\":\"bs-BA\",\"@id\":\"https:\\\/\\\/tuzlainfo.ba\\\/#\\\/schema\\\/logo\\\/image\\\/\",\"url\":\"https:\\\/\\\/tuzlainfo.ba\\\/wp-content\\\/uploads\\\/2021\\\/03\\\/logo-ver-3-1.png\",\"contentUrl\":\"https:\\\/\\\/tuzlainfo.ba\\\/wp-content\\\/uploads\\\/2021\\\/03\\\/logo-ver-3-1.png\",\"width\":350,\"height\":95,\"caption\":\"TuzlaInfo.ba\"},\"image\":{\"@id\":\"https:\\\/\\\/tuzlainfo.ba\\\/#\\\/schema\\\/logo\\\/image\\\/\"},\"sameAs\":[\"https:\\\/\\\/www.facebook.com\\\/tuzlainfo.ba\\\/\"]},{\"@type\":\"Person\",\"@id\":\"https:\\\/\\\/tuzlainfo.ba\\\/#\\\/schema\\\/person\\\/f4ebe4fff27e68efb65fa7e18f8af372\",\"name\":\"admin2\",\"image\":{\"@type\":\"ImageObject\",\"inLanguage\":\"bs-BA\",\"@id\":\"https:\\\/\\\/secure.gravatar.com\\\/avatar\\\/6474d9b45292367fa11d981175d83642ccdae059a6b7eabe5fed313d54ead5cb?s=96&d=mm&r=g\",\"url\":\"https:\\\/\\\/secure.gravatar.com\\\/avatar\\\/6474d9b45292367fa11d981175d83642ccdae059a6b7eabe5fed313d54ead5cb?s=96&d=mm&r=g\",\"contentUrl\":\"https:\\\/\\\/secure.gravatar.com\\\/avatar\\\/6474d9b45292367fa11d981175d83642ccdae059a6b7eabe5fed313d54ead5cb?s=96&d=mm&r=g\",\"caption\":\"admin2\"},\"description\":\"Tuzlainfo.ba pratite na dru\u0161tvenim mre\u017eama: Facebook, Instagram i Youtube. Svoje pri\u010de, upite i fotografije \u0161aljite na na\u0161u e-mail adresu.\",\"sameAs\":[\"admin\"]}]}<\/script>\n<!-- \/ Yoast SEO plugin. -->","yoast_head_json":{"title":"Alma \u010colo saop\u0161tila \u010dime \u0107e se baviti nakon politike: Od idu\u0107e sedmice novi posao","robots":{"index":"index","follow":"follow","max-snippet":"max-snippet:-1","max-image-preview":"max-image-preview:large","max-video-preview":"max-video-preview:-1"},"canonical":"https:\/\/tuzlainfo.ba\/index.php\/bosna-i-hercegovina\/item\/228625-alma-colo-saopstila-cime-ce-se-baviti-nakon-politike-od-iduce-sedmice-novi-posao\/","og_locale":"bs_BA","og_type":"article","og_title":"Alma \u010colo saop\u0161tila \u010dime \u0107e se baviti nakon politike: Od idu\u0107e sedmice novi posao","og_description":"Biv\u0161a zastupnica SDA u Parlamentarnoj skup\u0161tini BiH Alma \u010colo, nakon \u0161to je napustila politiku, bavit \u0107e se advokaturom. &#8220;\u010covjek ne mo\u017ee upravljati svojim \u017eivotom, pa ni svojom profesionalnom karijerom. Mo\u017ee se truditi da to sve ide u nekom \u017eeljenom pravcu, ali nema garancije da \u0107e to tako i biti. Kada se nakon niza godina osvrne [&hellip;]","og_url":"https:\/\/tuzlainfo.ba\/index.php\/bosna-i-hercegovina\/item\/228625-alma-colo-saopstila-cime-ce-se-baviti-nakon-politike-od-iduce-sedmice-novi-posao\/","og_site_name":"TuzlaInfo.ba","article_publisher":"https:\/\/www.facebook.com\/tuzlainfo.ba\/","article_published_time":"2024-01-29T08:18:58+00:00","og_image":[{"width":800,"height":540,"url":"https:\/\/tuzlainfo.ba\/wp-content\/uploads\/2022\/08\/1208_alma_colo.jpg","type":"image\/jpeg"}],"author":"admin2","twitter_card":"summary_large_image","twitter_misc":{"Written by":"admin2","Est. reading time":"1 minuta"},"schema":{"@context":"https:\/\/schema.org","@graph":[{"@type":"Article","@id":"https:\/\/tuzlainfo.ba\/index.php\/bosna-i-hercegovina\/item\/228625-alma-colo-saopstila-cime-ce-se-baviti-nakon-politike-od-iduce-sedmice-novi-posao\/#article","isPartOf":{"@id":"https:\/\/tuzlainfo.ba\/index.php\/bosna-i-hercegovina\/item\/228625-alma-colo-saopstila-cime-ce-se-baviti-nakon-politike-od-iduce-sedmice-novi-posao\/"},"author":{"name":"admin2","@id":"https:\/\/tuzlainfo.ba\/#\/schema\/person\/f4ebe4fff27e68efb65fa7e18f8af372"},"headline":"Alma \u010colo saop\u0161tila \u010dime \u0107e se baviti nakon politike: Od idu\u0107e sedmice novi posao","datePublished":"2024-01-29T08:18:58+00:00","mainEntityOfPage":{"@id":"https:\/\/tuzlainfo.ba\/index.php\/bosna-i-hercegovina\/item\/228625-alma-colo-saopstila-cime-ce-se-baviti-nakon-politike-od-iduce-sedmice-novi-posao\/"},"wordCount":211,"publisher":{"@id":"https:\/\/tuzlainfo.ba\/#organization"},"image":{"@id":"https:\/\/tuzlainfo.ba\/index.php\/bosna-i-hercegovina\/item\/228625-alma-colo-saopstila-cime-ce-se-baviti-nakon-politike-od-iduce-sedmice-novi-posao\/#primaryimage"},"thumbnailUrl":"https:\/\/tuzlainfo.ba\/wp-content\/uploads\/2022\/08\/1208_alma_colo.jpg","keywords":["alma \u010dolo"],"articleSection":["Bosna i Hercegovina"],"inLanguage":"bs-BA","copyrightYear":"2024","copyrightHolder":{"@id":"https:\/\/tuzlainfo.ba\/#organization"}},{"@type":"WebPage","@id":"https:\/\/tuzlainfo.ba\/index.php\/bosna-i-hercegovina\/item\/228625-alma-colo-saopstila-cime-ce-se-baviti-nakon-politike-od-iduce-sedmice-novi-posao\/","url":"https:\/\/tuzlainfo.ba\/index.php\/bosna-i-hercegovina\/item\/228625-alma-colo-saopstila-cime-ce-se-baviti-nakon-politike-od-iduce-sedmice-novi-posao\/","name":"Alma \u010colo saop\u0161tila \u010dime \u0107e se baviti nakon politike: Od idu\u0107e sedmice novi posao","isPartOf":{"@id":"https:\/\/tuzlainfo.ba\/#website"},"primaryImageOfPage":{"@id":"https:\/\/tuzlainfo.ba\/index.php\/bosna-i-hercegovina\/item\/228625-alma-colo-saopstila-cime-ce-se-baviti-nakon-politike-od-iduce-sedmice-novi-posao\/#primaryimage"},"image":{"@id":"https:\/\/tuzlainfo.ba\/index.php\/bosna-i-hercegovina\/item\/228625-alma-colo-saopstila-cime-ce-se-baviti-nakon-politike-od-iduce-sedmice-novi-posao\/#primaryimage"},"thumbnailUrl":"https:\/\/tuzlainfo.ba\/wp-content\/uploads\/2022\/08\/1208_alma_colo.jpg","datePublished":"2024-01-29T08:18:58+00:00","breadcrumb":{"@id":"https:\/\/tuzlainfo.ba\/index.php\/bosna-i-hercegovina\/item\/228625-alma-colo-saopstila-cime-ce-se-baviti-nakon-politike-od-iduce-sedmice-novi-posao\/#breadcrumb"},"inLanguage":"bs-BA","potentialAction":[{"@type":"ReadAction","target":["https:\/\/tuzlainfo.ba\/index.php\/bosna-i-hercegovina\/item\/228625-alma-colo-saopstila-cime-ce-se-baviti-nakon-politike-od-iduce-sedmice-novi-posao\/"]}]},{"@type":"ImageObject","inLanguage":"bs-BA","@id":"https:\/\/tuzlainfo.ba\/index.php\/bosna-i-hercegovina\/item\/228625-alma-colo-saopstila-cime-ce-se-baviti-nakon-politike-od-iduce-sedmice-novi-posao\/#primaryimage","url":"https:\/\/tuzlainfo.ba\/wp-content\/uploads\/2022\/08\/1208_alma_colo.jpg","contentUrl":"https:\/\/tuzlainfo.ba\/wp-content\/uploads\/2022\/08\/1208_alma_colo.jpg","width":800,"height":540},{"@type":"BreadcrumbList","@id":"https:\/\/tuzlainfo.ba\/index.php\/bosna-i-hercegovina\/item\/228625-alma-colo-saopstila-cime-ce-se-baviti-nakon-politike-od-iduce-sedmice-novi-posao\/#breadcrumb","itemListElement":[{"@type":"ListItem","position":1,"name":"Home","item":"https:\/\/tuzlainfo.ba\/"},{"@type":"ListItem","position":2,"name":"Alma \u010colo saop\u0161tila \u010dime \u0107e se baviti nakon politike: Od idu\u0107e sedmice novi posao"}]},{"@type":"WebSite","@id":"https:\/\/tuzlainfo.ba\/#website","url":"https:\/\/tuzlainfo.ba\/","name":"TuzlaInfo.ba","description":"Tuzla info, gradski informator - Tuzla na dlanu","publisher":{"@id":"https:\/\/tuzlainfo.ba\/#organization"},"potentialAction":[{"@type":"SearchAction","target":{"@type":"EntryPoint","urlTemplate":"https:\/\/tuzlainfo.ba\/?s={search_term_string}"},"query-input":{"@type":"PropertyValueSpecification","valueRequired":true,"valueName":"search_term_string"}}],"inLanguage":"bs-BA"},{"@type":"Organization","@id":"https:\/\/tuzlainfo.ba\/#organization","name":"TuzlaInfo.ba","url":"https:\/\/tuzlainfo.ba\/","logo":{"@type":"ImageObject","inLanguage":"bs-BA","@id":"https:\/\/tuzlainfo.ba\/#\/schema\/logo\/image\/","url":"https:\/\/tuzlainfo.ba\/wp-content\/uploads\/2021\/03\/logo-ver-3-1.png","contentUrl":"https:\/\/tuzlainfo.ba\/wp-content\/uploads\/2021\/03\/logo-ver-3-1.png","width":350,"height":95,"caption":"TuzlaInfo.ba"},"image":{"@id":"https:\/\/tuzlainfo.ba\/#\/schema\/logo\/image\/"},"sameAs":["https:\/\/www.facebook.com\/tuzlainfo.ba\/"]},{"@type":"Person","@id":"https:\/\/tuzlainfo.ba\/#\/schema\/person\/f4ebe4fff27e68efb65fa7e18f8af372","name":"admin2","image":{"@type":"ImageObject","inLanguage":"bs-BA","@id":"https:\/\/secure.gravatar.com\/avatar\/6474d9b45292367fa11d981175d83642ccdae059a6b7eabe5fed313d54ead5cb?s=96&d=mm&r=g","url":"https:\/\/secure.gravatar.com\/avatar\/6474d9b45292367fa11d981175d83642ccdae059a6b7eabe5fed313d54ead5cb?s=96&d=mm&r=g","contentUrl":"https:\/\/secure.gravatar.com\/avatar\/6474d9b45292367fa11d981175d83642ccdae059a6b7eabe5fed313d54ead5cb?s=96&d=mm&r=g","caption":"admin2"},"description":"Tuzlainfo.ba pratite na dru\u0161tvenim mre\u017eama: Facebook, Instagram i Youtube. Svoje pri\u010de, upite i fotografije \u0161aljite na na\u0161u e-mail adresu.","sameAs":["admin"]}]}},"_links":{"self":[{"href":"https:\/\/tuzlainfo.ba\/index.php\/wp-json\/wp\/v2\/posts\/228625","targetHints":{"allow":["GET"]}}],"collection":[{"href":"https:\/\/tuzlainfo.ba\/index.php\/wp-json\/wp\/v2\/posts"}],"about":[{"href":"https:\/\/tuzlainfo.ba\/index.php\/wp-json\/wp\/v2\/types\/post"}],"author":[{"embeddable":true,"href":"https:\/\/tuzlainfo.ba\/index.php\/wp-json\/wp\/v2\/users\/3"}],"replies":[{"embeddable":true,"href":"https:\/\/tuzlainfo.ba\/index.php\/wp-json\/wp\/v2\/comments?post=228625"}],"version-history":[{"count":1,"href":"https:\/\/tuzlainfo.ba\/index.php\/wp-json\/wp\/v2\/posts\/228625\/revisions"}],"predecessor-version":[{"id":228626,"href":"https:\/\/tuzlainfo.ba\/index.php\/wp-json\/wp\/v2\/posts\/228625\/revisions\/228626"}],"wp:featuredmedia":[{"embeddable":true,"href":"https:\/\/tuzlainfo.ba\/index.php\/wp-json\/wp\/v2\/media\/181040"}],"wp:attachment":[{"href":"https:\/\/tuzlainfo.ba\/index.php\/wp-json\/wp\/v2\/media?parent=228625"}],"wp:term":[{"taxonomy":"category","embeddable":true,"href":"https:\/\/tuzlainfo.ba\/index.php\/wp-json\/wp\/v2\/categories?post=228625"},{"taxonomy":"post_tag","embeddable":true,"href":"https:\/\/tuzlainfo.ba\/index.php\/wp-json\/wp\/v2\/tags?post=228625"}],"curies":[{"name":"wp","href":"https:\/\/api.w.org\/{rel}","templated":true}]}}