{"id":228606,"date":"2024-01-28T22:16:37","date_gmt":"2024-01-28T21:16:37","guid":{"rendered":"https:\/\/tuzlainfo.ba\/?p=228606"},"modified":"2024-01-28T22:17:29","modified_gmt":"2024-01-28T21:17:29","slug":"oglasio-se-i-biden-svi-ocekuju-americki-odgovor-na-smrtonosni-napad-na-americku-bazu-u-jordanu","status":"publish","type":"post","link":"https:\/\/tuzlainfo.ba\/index.php\/clanci\/sa-svih-strana\/item\/228606-oglasio-se-i-biden-svi-ocekuju-americki-odgovor-na-smrtonosni-napad-na-americku-bazu-u-jordanu\/","title":{"rendered":"Oglasio se i Biden: Svi o\u010dekuju ameri\u010dki odgovor na smrtonosni napad na ameri\u010dku bazu u Jordanu"},"content":{"rendered":"<div class=\"single-intro\">Klju\u010dno pitanja nakon dana\u0161njeg smrtonosnog napada na ameri\u010dku bazu je kako \u0107e Washington odgovoriti.<\/div>\n<div class=\"inarticle-banner\"><\/div>\n<div class=\"single-text\">\n<p>Broj vojnika ranjenih u napadu na ameri\u010dku bazu u Jordanu porastao je na vi\u0161e od 30 i vjerovatno \u0107e jo\u0161 rasti, dok su tri poginula.<\/p>\n<p>&#8220;Znamo da su to izvele radikalne militantne grupe koje podr\u017eava Iran i djeluju u Siriji i Iraku&#8221;, rekao je predsjednik Biden i dodao: &#8220;Nema sumnje &#8211; sve krivce \u0107emo pozvati na odgovornost u vrijeme i na na\u010din koji sami odaberemo.&#8221;<\/p>\n<p>Najnoviji napad dolazi u trenutku kada se nasilje pro\u0161irilo Bliskim istokom nakon rata u Gazi, u \u0161to su uklju\u010dene frakcije koje podr\u017eava Iran.<\/p>\n<p>Amerika &#8220;mora poslati jasnu poruku \u0161irim svijeta da se napadi na na\u0161e snage ne\u0107e tolerisati&#8221;, poru\u010dio je predsjednik ameri\u010dkog Kongresa Mike Johnson i dodao da Amerika mora poslati kristalno jasnu poruku.<\/p>\n<p>Penzionisani general ameri\u010dke vojske Wesley Clark, na dru\u0161tvenoj mre\u017ei X ustvrdio je da bi Amerika trebala odgovoriti na napad u Jordanu udarom na iranske mete.<\/p>\n<p>&#8220;Amerika bi trebala prestati govoriti &#8216;mi ne \u017eelimo eskalaciju&#8217;. Njima je to poziv da nas napadnu. Prestanite zvati na\u0161e udare &#8220;odgovorom&#8221;. To je reaktivno. Treba uni\u0161titi njihove vojne kapacitete i udariti na izvor: Iran&#8221;, objavio je Clark na X-u, nekada\u0161njem Twitteru.<\/p>\n<\/div>\n","protected":false},"excerpt":{"rendered":"<p>Klju\u010dno pitanja nakon dana\u0161njeg smrtonosnog napada na ameri\u010dku bazu je kako \u0107e Washington odgovoriti. Broj&hellip;<\/p>\n","protected":false},"author":2,"featured_media":164667,"comment_status":"closed","ping_status":"closed","sticky":false,"template":"","format":"standard","meta":{"_acf_changed":false,"footnotes":""},"categories":[16],"tags":[8829,1533],"acf":[],"yoast_head":"<!-- This site is optimized with the Yoast SEO plugin v23.5 - https:\/\/yoast.com\/wordpress\/plugins\/seo\/ -->\n<title>Oglasio se i Biden: Svi o\u010dekuju ameri\u010dki odgovor na smrtonosni napad na ameri\u010dku bazu u Jordanu - TuzlaInfo.ba<\/title>\n<meta name=\"robots\" content=\"index, follow, max-snippet:-1, max-image-preview:large, max-video-preview:-1\" \/>\n<link rel=\"canonical\" href=\"https:\/\/tuzlainfo.ba\/index.php\/clanci\/sa-svih-strana\/item\/228606-oglasio-se-i-biden-svi-ocekuju-americki-odgovor-na-smrtonosni-napad-na-americku-bazu-u-jordanu\/\" \/>\n<meta property=\"og:locale\" content=\"bs_BA\" \/>\n<meta property=\"og:type\" content=\"article\" \/>\n<meta property=\"og:title\" content=\"Oglasio se i Biden: Svi o\u010dekuju ameri\u010dki odgovor na smrtonosni napad na ameri\u010dku bazu u Jordanu - TuzlaInfo.ba\" \/>\n<meta property=\"og:description\" content=\"Klju\u010dno pitanja nakon dana\u0161njeg smrtonosnog napada na ameri\u010dku bazu je kako \u0107e Washington odgovoriti. Broj&hellip;\" \/>\n<meta property=\"og:url\" content=\"https:\/\/tuzlainfo.ba\/index.php\/clanci\/sa-svih-strana\/item\/228606-oglasio-se-i-biden-svi-ocekuju-americki-odgovor-na-smrtonosni-napad-na-americku-bazu-u-jordanu\/\" \/>\n<meta property=\"og:site_name\" content=\"TuzlaInfo.ba\" \/>\n<meta property=\"article:publisher\" content=\"https:\/\/www.facebook.com\/tuzlainfo.ba\/\" \/>\n<meta property=\"article:published_time\" content=\"2024-01-28T21:16:37+00:00\" \/>\n<meta property=\"article:modified_time\" content=\"2024-01-28T21:17:29+00:00\" \/>\n<meta property=\"og:image\" content=\"https:\/\/tuzlainfo.ba\/wp-content\/uploads\/2022\/02\/2202_biden.jpg\" \/>\n\t<meta property=\"og:image:width\" content=\"1125\" \/>\n\t<meta property=\"og:image:height\" content=\"750\" \/>\n\t<meta property=\"og:image:type\" content=\"image\/jpeg\" \/>\n<meta name=\"author\" content=\"nedim\" \/>\n<meta name=\"twitter:card\" content=\"summary_large_image\" \/>\n<meta name=\"twitter:label1\" content=\"Written by\" \/>\n\t<meta name=\"twitter:data1\" content=\"nedim\" \/>\n\t<meta name=\"twitter:label2\" content=\"Est. reading time\" \/>\n\t<meta name=\"twitter:data2\" content=\"2 minute\" \/>\n<script type=\"application\/ld+json\" class=\"yoast-schema-graph\">{\"@context\":\"https:\/\/schema.org\",\"@graph\":[{\"@type\":\"Article\",\"@id\":\"https:\/\/tuzlainfo.ba\/index.php\/clanci\/sa-svih-strana\/item\/228606-oglasio-se-i-biden-svi-ocekuju-americki-odgovor-na-smrtonosni-napad-na-americku-bazu-u-jordanu\/#article\",\"isPartOf\":{\"@id\":\"https:\/\/tuzlainfo.ba\/index.php\/clanci\/sa-svih-strana\/item\/228606-oglasio-se-i-biden-svi-ocekuju-americki-odgovor-na-smrtonosni-napad-na-americku-bazu-u-jordanu\/\"},\"author\":{\"name\":\"nedim\",\"@id\":\"https:\/\/tuzlainfo.ba\/#\/schema\/person\/f434e20dc27ea133923aab08451b7f7f\"},\"headline\":\"Oglasio se i Biden: Svi o\u010dekuju ameri\u010dki odgovor na smrtonosni napad na ameri\u010dku bazu u Jordanu\",\"datePublished\":\"2024-01-28T21:16:37+00:00\",\"dateModified\":\"2024-01-28T21:17:29+00:00\",\"mainEntityOfPage\":{\"@id\":\"https:\/\/tuzlainfo.ba\/index.php\/clanci\/sa-svih-strana\/item\/228606-oglasio-se-i-biden-svi-ocekuju-americki-odgovor-na-smrtonosni-napad-na-americku-bazu-u-jordanu\/\"},\"wordCount\":237,\"publisher\":{\"@id\":\"https:\/\/tuzlainfo.ba\/#organization\"},\"image\":{\"@id\":\"https:\/\/tuzlainfo.ba\/index.php\/clanci\/sa-svih-strana\/item\/228606-oglasio-se-i-biden-svi-ocekuju-americki-odgovor-na-smrtonosni-napad-na-americku-bazu-u-jordanu\/#primaryimage\"},\"thumbnailUrl\":\"https:\/\/tuzlainfo.ba\/wp-content\/uploads\/2022\/02\/2202_biden.jpg\",\"keywords\":[\"ameri\u010dka vojska\",\"joe biden\"],\"articleSection\":[\"Sa svih strana\"],\"inLanguage\":\"bs-BA\"},{\"@type\":\"WebPage\",\"@id\":\"https:\/\/tuzlainfo.ba\/index.php\/clanci\/sa-svih-strana\/item\/228606-oglasio-se-i-biden-svi-ocekuju-americki-odgovor-na-smrtonosni-napad-na-americku-bazu-u-jordanu\/\",\"url\":\"https:\/\/tuzlainfo.ba\/index.php\/clanci\/sa-svih-strana\/item\/228606-oglasio-se-i-biden-svi-ocekuju-americki-odgovor-na-smrtonosni-napad-na-americku-bazu-u-jordanu\/\",\"name\":\"Oglasio se i Biden: Svi o\u010dekuju ameri\u010dki odgovor na smrtonosni napad na ameri\u010dku bazu u Jordanu - TuzlaInfo.ba\",\"isPartOf\":{\"@id\":\"https:\/\/tuzlainfo.ba\/#website\"},\"primaryImageOfPage\":{\"@id\":\"https:\/\/tuzlainfo.ba\/index.php\/clanci\/sa-svih-strana\/item\/228606-oglasio-se-i-biden-svi-ocekuju-americki-odgovor-na-smrtonosni-napad-na-americku-bazu-u-jordanu\/#primaryimage\"},\"image\":{\"@id\":\"https:\/\/tuzlainfo.ba\/index.php\/clanci\/sa-svih-strana\/item\/228606-oglasio-se-i-biden-svi-ocekuju-americki-odgovor-na-smrtonosni-napad-na-americku-bazu-u-jordanu\/#primaryimage\"},\"thumbnailUrl\":\"https:\/\/tuzlainfo.ba\/wp-content\/uploads\/2022\/02\/2202_biden.jpg\",\"datePublished\":\"2024-01-28T21:16:37+00:00\",\"dateModified\":\"2024-01-28T21:17:29+00:00\",\"breadcrumb\":{\"@id\":\"https:\/\/tuzlainfo.ba\/index.php\/clanci\/sa-svih-strana\/item\/228606-oglasio-se-i-biden-svi-ocekuju-americki-odgovor-na-smrtonosni-napad-na-americku-bazu-u-jordanu\/#breadcrumb\"},\"inLanguage\":\"bs-BA\",\"potentialAction\":[{\"@type\":\"ReadAction\",\"target\":[\"https:\/\/tuzlainfo.ba\/index.php\/clanci\/sa-svih-strana\/item\/228606-oglasio-se-i-biden-svi-ocekuju-americki-odgovor-na-smrtonosni-napad-na-americku-bazu-u-jordanu\/\"]}]},{\"@type\":\"ImageObject\",\"inLanguage\":\"bs-BA\",\"@id\":\"https:\/\/tuzlainfo.ba\/index.php\/clanci\/sa-svih-strana\/item\/228606-oglasio-se-i-biden-svi-ocekuju-americki-odgovor-na-smrtonosni-napad-na-americku-bazu-u-jordanu\/#primaryimage\",\"url\":\"https:\/\/tuzlainfo.ba\/wp-content\/uploads\/2022\/02\/2202_biden.jpg\",\"contentUrl\":\"https:\/\/tuzlainfo.ba\/wp-content\/uploads\/2022\/02\/2202_biden.jpg\",\"width\":1125,\"height\":750},{\"@type\":\"BreadcrumbList\",\"@id\":\"https:\/\/tuzlainfo.ba\/index.php\/clanci\/sa-svih-strana\/item\/228606-oglasio-se-i-biden-svi-ocekuju-americki-odgovor-na-smrtonosni-napad-na-americku-bazu-u-jordanu\/#breadcrumb\",\"itemListElement\":[{\"@type\":\"ListItem\",\"position\":1,\"name\":\"Home\",\"item\":\"https:\/\/tuzlainfo.ba\/\"},{\"@type\":\"ListItem\",\"position\":2,\"name\":\"Oglasio se i Biden: Svi o\u010dekuju ameri\u010dki odgovor na smrtonosni napad na ameri\u010dku bazu u Jordanu\"}]},{\"@type\":\"WebSite\",\"@id\":\"https:\/\/tuzlainfo.ba\/#website\",\"url\":\"https:\/\/tuzlainfo.ba\/\",\"name\":\"TuzlaInfo.ba\",\"description\":\"Tuzla info, gradski informator - Tuzla na dlanu\",\"publisher\":{\"@id\":\"https:\/\/tuzlainfo.ba\/#organization\"},\"potentialAction\":[{\"@type\":\"SearchAction\",\"target\":{\"@type\":\"EntryPoint\",\"urlTemplate\":\"https:\/\/tuzlainfo.ba\/?s={search_term_string}\"},\"query-input\":{\"@type\":\"PropertyValueSpecification\",\"valueRequired\":true,\"valueName\":\"search_term_string\"}}],\"inLanguage\":\"bs-BA\"},{\"@type\":\"Organization\",\"@id\":\"https:\/\/tuzlainfo.ba\/#organization\",\"name\":\"TuzlaInfo.ba\",\"url\":\"https:\/\/tuzlainfo.ba\/\",\"logo\":{\"@type\":\"ImageObject\",\"inLanguage\":\"bs-BA\",\"@id\":\"https:\/\/tuzlainfo.ba\/#\/schema\/logo\/image\/\",\"url\":\"https:\/\/tuzlainfo.ba\/wp-content\/uploads\/2021\/03\/logo-ver-3-1.png\",\"contentUrl\":\"https:\/\/tuzlainfo.ba\/wp-content\/uploads\/2021\/03\/logo-ver-3-1.png\",\"width\":350,\"height\":95,\"caption\":\"TuzlaInfo.ba\"},\"image\":{\"@id\":\"https:\/\/tuzlainfo.ba\/#\/schema\/logo\/image\/\"},\"sameAs\":[\"https:\/\/www.facebook.com\/tuzlainfo.ba\/\"]},{\"@type\":\"Person\",\"@id\":\"https:\/\/tuzlainfo.ba\/#\/schema\/person\/f434e20dc27ea133923aab08451b7f7f\",\"name\":\"nedim\",\"image\":{\"@type\":\"ImageObject\",\"inLanguage\":\"bs-BA\",\"@id\":\"https:\/\/tuzlainfo.ba\/#\/schema\/person\/image\/\",\"url\":\"https:\/\/tuzlainfo.ba\/wp-content\/litespeed\/avatar\/aabad687af24844af817603ac1cbdc4f.jpg?ver=1777306975\",\"contentUrl\":\"https:\/\/tuzlainfo.ba\/wp-content\/litespeed\/avatar\/aabad687af24844af817603ac1cbdc4f.jpg?ver=1777306975\",\"caption\":\"nedim\"},\"description\":\"Tuzlainfo.ba pratite na dru\u0161tvenim mre\u017eama: Facebook, Instagram i Youtube. Svoje pri\u010de, upite i fotografije \u0161aljite na na\u0161u e-mail adresu.\"}]}<\/script>\n<!-- \/ Yoast SEO plugin. -->","yoast_head_json":{"title":"Oglasio se i Biden: Svi o\u010dekuju ameri\u010dki odgovor na smrtonosni napad na ameri\u010dku bazu u Jordanu - TuzlaInfo.ba","robots":{"index":"index","follow":"follow","max-snippet":"max-snippet:-1","max-image-preview":"max-image-preview:large","max-video-preview":"max-video-preview:-1"},"canonical":"https:\/\/tuzlainfo.ba\/index.php\/clanci\/sa-svih-strana\/item\/228606-oglasio-se-i-biden-svi-ocekuju-americki-odgovor-na-smrtonosni-napad-na-americku-bazu-u-jordanu\/","og_locale":"bs_BA","og_type":"article","og_title":"Oglasio se i Biden: Svi o\u010dekuju ameri\u010dki odgovor na smrtonosni napad na ameri\u010dku bazu u Jordanu - TuzlaInfo.ba","og_description":"Klju\u010dno pitanja nakon dana\u0161njeg smrtonosnog napada na ameri\u010dku bazu je kako \u0107e Washington odgovoriti. Broj&hellip;","og_url":"https:\/\/tuzlainfo.ba\/index.php\/clanci\/sa-svih-strana\/item\/228606-oglasio-se-i-biden-svi-ocekuju-americki-odgovor-na-smrtonosni-napad-na-americku-bazu-u-jordanu\/","og_site_name":"TuzlaInfo.ba","article_publisher":"https:\/\/www.facebook.com\/tuzlainfo.ba\/","article_published_time":"2024-01-28T21:16:37+00:00","article_modified_time":"2024-01-28T21:17:29+00:00","og_image":[{"width":1125,"height":750,"url":"https:\/\/tuzlainfo.ba\/wp-content\/uploads\/2022\/02\/2202_biden.jpg","type":"image\/jpeg"}],"author":"nedim","twitter_card":"summary_large_image","twitter_misc":{"Written by":"nedim","Est. reading time":"2 minute"},"schema":{"@context":"https:\/\/schema.org","@graph":[{"@type":"Article","@id":"https:\/\/tuzlainfo.ba\/index.php\/clanci\/sa-svih-strana\/item\/228606-oglasio-se-i-biden-svi-ocekuju-americki-odgovor-na-smrtonosni-napad-na-americku-bazu-u-jordanu\/#article","isPartOf":{"@id":"https:\/\/tuzlainfo.ba\/index.php\/clanci\/sa-svih-strana\/item\/228606-oglasio-se-i-biden-svi-ocekuju-americki-odgovor-na-smrtonosni-napad-na-americku-bazu-u-jordanu\/"},"author":{"name":"nedim","@id":"https:\/\/tuzlainfo.ba\/#\/schema\/person\/f434e20dc27ea133923aab08451b7f7f"},"headline":"Oglasio se i Biden: Svi o\u010dekuju ameri\u010dki odgovor na smrtonosni napad na ameri\u010dku bazu u Jordanu","datePublished":"2024-01-28T21:16:37+00:00","dateModified":"2024-01-28T21:17:29+00:00","mainEntityOfPage":{"@id":"https:\/\/tuzlainfo.ba\/index.php\/clanci\/sa-svih-strana\/item\/228606-oglasio-se-i-biden-svi-ocekuju-americki-odgovor-na-smrtonosni-napad-na-americku-bazu-u-jordanu\/"},"wordCount":237,"publisher":{"@id":"https:\/\/tuzlainfo.ba\/#organization"},"image":{"@id":"https:\/\/tuzlainfo.ba\/index.php\/clanci\/sa-svih-strana\/item\/228606-oglasio-se-i-biden-svi-ocekuju-americki-odgovor-na-smrtonosni-napad-na-americku-bazu-u-jordanu\/#primaryimage"},"thumbnailUrl":"https:\/\/tuzlainfo.ba\/wp-content\/uploads\/2022\/02\/2202_biden.jpg","keywords":["ameri\u010dka vojska","joe biden"],"articleSection":["Sa svih strana"],"inLanguage":"bs-BA"},{"@type":"WebPage","@id":"https:\/\/tuzlainfo.ba\/index.php\/clanci\/sa-svih-strana\/item\/228606-oglasio-se-i-biden-svi-ocekuju-americki-odgovor-na-smrtonosni-napad-na-americku-bazu-u-jordanu\/","url":"https:\/\/tuzlainfo.ba\/index.php\/clanci\/sa-svih-strana\/item\/228606-oglasio-se-i-biden-svi-ocekuju-americki-odgovor-na-smrtonosni-napad-na-americku-bazu-u-jordanu\/","name":"Oglasio se i Biden: Svi o\u010dekuju ameri\u010dki odgovor na smrtonosni napad na ameri\u010dku bazu u Jordanu - TuzlaInfo.ba","isPartOf":{"@id":"https:\/\/tuzlainfo.ba\/#website"},"primaryImageOfPage":{"@id":"https:\/\/tuzlainfo.ba\/index.php\/clanci\/sa-svih-strana\/item\/228606-oglasio-se-i-biden-svi-ocekuju-americki-odgovor-na-smrtonosni-napad-na-americku-bazu-u-jordanu\/#primaryimage"},"image":{"@id":"https:\/\/tuzlainfo.ba\/index.php\/clanci\/sa-svih-strana\/item\/228606-oglasio-se-i-biden-svi-ocekuju-americki-odgovor-na-smrtonosni-napad-na-americku-bazu-u-jordanu\/#primaryimage"},"thumbnailUrl":"https:\/\/tuzlainfo.ba\/wp-content\/uploads\/2022\/02\/2202_biden.jpg","datePublished":"2024-01-28T21:16:37+00:00","dateModified":"2024-01-28T21:17:29+00:00","breadcrumb":{"@id":"https:\/\/tuzlainfo.ba\/index.php\/clanci\/sa-svih-strana\/item\/228606-oglasio-se-i-biden-svi-ocekuju-americki-odgovor-na-smrtonosni-napad-na-americku-bazu-u-jordanu\/#breadcrumb"},"inLanguage":"bs-BA","potentialAction":[{"@type":"ReadAction","target":["https:\/\/tuzlainfo.ba\/index.php\/clanci\/sa-svih-strana\/item\/228606-oglasio-se-i-biden-svi-ocekuju-americki-odgovor-na-smrtonosni-napad-na-americku-bazu-u-jordanu\/"]}]},{"@type":"ImageObject","inLanguage":"bs-BA","@id":"https:\/\/tuzlainfo.ba\/index.php\/clanci\/sa-svih-strana\/item\/228606-oglasio-se-i-biden-svi-ocekuju-americki-odgovor-na-smrtonosni-napad-na-americku-bazu-u-jordanu\/#primaryimage","url":"https:\/\/tuzlainfo.ba\/wp-content\/uploads\/2022\/02\/2202_biden.jpg","contentUrl":"https:\/\/tuzlainfo.ba\/wp-content\/uploads\/2022\/02\/2202_biden.jpg","width":1125,"height":750},{"@type":"BreadcrumbList","@id":"https:\/\/tuzlainfo.ba\/index.php\/clanci\/sa-svih-strana\/item\/228606-oglasio-se-i-biden-svi-ocekuju-americki-odgovor-na-smrtonosni-napad-na-americku-bazu-u-jordanu\/#breadcrumb","itemListElement":[{"@type":"ListItem","position":1,"name":"Home","item":"https:\/\/tuzlainfo.ba\/"},{"@type":"ListItem","position":2,"name":"Oglasio se i Biden: Svi o\u010dekuju ameri\u010dki odgovor na smrtonosni napad na ameri\u010dku bazu u Jordanu"}]},{"@type":"WebSite","@id":"https:\/\/tuzlainfo.ba\/#website","url":"https:\/\/tuzlainfo.ba\/","name":"TuzlaInfo.ba","description":"Tuzla info, gradski informator - Tuzla na dlanu","publisher":{"@id":"https:\/\/tuzlainfo.ba\/#organization"},"potentialAction":[{"@type":"SearchAction","target":{"@type":"EntryPoint","urlTemplate":"https:\/\/tuzlainfo.ba\/?s={search_term_string}"},"query-input":{"@type":"PropertyValueSpecification","valueRequired":true,"valueName":"search_term_string"}}],"inLanguage":"bs-BA"},{"@type":"Organization","@id":"https:\/\/tuzlainfo.ba\/#organization","name":"TuzlaInfo.ba","url":"https:\/\/tuzlainfo.ba\/","logo":{"@type":"ImageObject","inLanguage":"bs-BA","@id":"https:\/\/tuzlainfo.ba\/#\/schema\/logo\/image\/","url":"https:\/\/tuzlainfo.ba\/wp-content\/uploads\/2021\/03\/logo-ver-3-1.png","contentUrl":"https:\/\/tuzlainfo.ba\/wp-content\/uploads\/2021\/03\/logo-ver-3-1.png","width":350,"height":95,"caption":"TuzlaInfo.ba"},"image":{"@id":"https:\/\/tuzlainfo.ba\/#\/schema\/logo\/image\/"},"sameAs":["https:\/\/www.facebook.com\/tuzlainfo.ba\/"]},{"@type":"Person","@id":"https:\/\/tuzlainfo.ba\/#\/schema\/person\/f434e20dc27ea133923aab08451b7f7f","name":"nedim","image":{"@type":"ImageObject","inLanguage":"bs-BA","@id":"https:\/\/tuzlainfo.ba\/#\/schema\/person\/image\/","url":"https:\/\/tuzlainfo.ba\/wp-content\/litespeed\/avatar\/aabad687af24844af817603ac1cbdc4f.jpg?ver=1777306975","contentUrl":"https:\/\/tuzlainfo.ba\/wp-content\/litespeed\/avatar\/aabad687af24844af817603ac1cbdc4f.jpg?ver=1777306975","caption":"nedim"},"description":"Tuzlainfo.ba pratite na dru\u0161tvenim mre\u017eama: Facebook, Instagram i Youtube. Svoje pri\u010de, upite i fotografije \u0161aljite na na\u0161u e-mail adresu."}]}},"_links":{"self":[{"href":"https:\/\/tuzlainfo.ba\/index.php\/wp-json\/wp\/v2\/posts\/228606"}],"collection":[{"href":"https:\/\/tuzlainfo.ba\/index.php\/wp-json\/wp\/v2\/posts"}],"about":[{"href":"https:\/\/tuzlainfo.ba\/index.php\/wp-json\/wp\/v2\/types\/post"}],"author":[{"embeddable":true,"href":"https:\/\/tuzlainfo.ba\/index.php\/wp-json\/wp\/v2\/users\/2"}],"replies":[{"embeddable":true,"href":"https:\/\/tuzlainfo.ba\/index.php\/wp-json\/wp\/v2\/comments?post=228606"}],"version-history":[{"count":2,"href":"https:\/\/tuzlainfo.ba\/index.php\/wp-json\/wp\/v2\/posts\/228606\/revisions"}],"predecessor-version":[{"id":228608,"href":"https:\/\/tuzlainfo.ba\/index.php\/wp-json\/wp\/v2\/posts\/228606\/revisions\/228608"}],"wp:featuredmedia":[{"embeddable":true,"href":"https:\/\/tuzlainfo.ba\/index.php\/wp-json\/wp\/v2\/media\/164667"}],"wp:attachment":[{"href":"https:\/\/tuzlainfo.ba\/index.php\/wp-json\/wp\/v2\/media?parent=228606"}],"wp:term":[{"taxonomy":"category","embeddable":true,"href":"https:\/\/tuzlainfo.ba\/index.php\/wp-json\/wp\/v2\/categories?post=228606"},{"taxonomy":"post_tag","embeddable":true,"href":"https:\/\/tuzlainfo.ba\/index.php\/wp-json\/wp\/v2\/tags?post=228606"}],"curies":[{"name":"wp","href":"https:\/\/api.w.org\/{rel}","templated":true}]}}