{"id":228346,"date":"2024-01-25T17:03:27","date_gmt":"2024-01-25T16:03:27","guid":{"rendered":"https:\/\/tuzlainfo.ba\/?p=228346"},"modified":"2024-01-25T14:10:10","modified_gmt":"2024-01-25T13:10:10","slug":"u-ponedjeljak-pocinje-nastava-u-tuzlanskom-kantonu","status":"publish","type":"post","link":"https:\/\/tuzlainfo.ba\/index.php\/istaknuto\/item\/228346-u-ponedjeljak-pocinje-nastava-u-tuzlanskom-kantonu\/","title":{"rendered":"U ponedjeljak po\u010dinje nastava u Tuzlanskom kantonu"},"content":{"rendered":"<p>Nastava u drugom polugodi\u0161tu \u0161kolske 2023\/24. godine za u\u010denike osnovnih i srednjih \u0161kola, prema \u0161kolskim kalendarima, po\u010dinje u razli\u010dito vrijeme po kantonima u Federaciji BiH.\u00a0Prema informacijama za Fenu iz resornog federalnog ministarstva, u ponedjeljak, 29. januara nastava po\u010dinje za u\u010denike osnovnih i srednjih \u0161kola Unsko-sansko, Tuzlanskog, Bosansko-podrinjskog kantona Gora\u017ede i Kantona Sarajevo.<\/p>\n<p>&nbsp;<\/p>\n<p>U Zeni\u010dko-dobojskom kantona nastava u drugom polugodi\u0161tu je po\u010dela 22. januara, dok je u Posavskom kantonu i Kantonu 10 nastava u drugom polugodi\u0161tu po\u010dela 15. januara.<\/p>\n<p>U Srednjobosanskom kantonu po\u010detak drugog polugodi\u0161ta za \u0161kole koje izvode nastavu na bosanskom jeziku bio je 24. januara, a za \u0161kole koje izvode nastavu na hrvatskom jeziku po\u010detak drugog polugodi\u0161ta je bio 8. januara.<\/p>\n<p>Za osnovce i srednjo\u0161kolce Hercegova\u010dko-neretvanskog kantona po\u010detak drugog polugodi\u0161ta bio je 22. januara za \u0161kole koje izvode nastavu na bosanskom jeziku, a za \u0161kole koje izvode nastavu na hrvatskom jeziku po\u010detak drugog polugodi\u0161ta je bio 8. januara.<\/p>\n<p>U Zapadnohercegova\u010dkom kantonu nastava u drugom polugodi\u0161tu je po\u010dela 8. januara.<\/p>\n<p>Na podru\u010dju Federacije BiH u \u0161kolskoj 2023\/2024. godini ima ukupno 166.986 u\u010denika osnovnih \u0161kola, dok je 70.429 u\u010denika srednjih \u0161kola.<\/p>\n<p>Federalna ministrica obrazovanja i nauke Jasna Durakovi\u0107 za\u017eeljela je, ranije ovog mjeseca, sretan i uspje\u0161an po\u010detak nastave u drugom polugodi\u0161tu za sve u\u010denike i nastavnike, stru\u010dne saradnike i druge zaposlene u oblasti obrazovanja.<\/p>\n","protected":false},"excerpt":{"rendered":"<p>Nastava u drugom polugodi\u0161tu \u0161kolske 2023\/24. godine za u\u010denike osnovnih i srednjih \u0161kola, prema \u0161kolskim kalendarima, po\u010dinje u razli\u010dito vrijeme po kantonima u Federaciji BiH.\u00a0Prema informacijama za Fenu iz resornog federalnog ministarstva, u ponedjeljak, 29. januara nastava po\u010dinje za u\u010denike osnovnih i srednjih \u0161kola Unsko-sansko, Tuzlanskog, Bosansko-podrinjskog kantona Gora\u017ede i Kantona Sarajevo. &nbsp; U Zeni\u010dko-dobojskom [&hellip;]<\/p>\n","protected":false},"author":4,"featured_media":173601,"comment_status":"closed","ping_status":"closed","sticky":false,"template":"","format":"standard","meta":{"footnotes":""},"categories":[304,12],"tags":[2165,637,360],"class_list":["post-228346","post","type-post","status-publish","format-standard","has-post-thumbnail","hentry","category-istaknuto","category-novosti","tag-nastava","tag-skola","tag-tuzlanski-kanton"],"yoast_head":"<!-- This site is optimized with the Yoast SEO plugin v28.3 - https:\/\/yoast.com\/product\/yoast-seo-wordpress\/ -->\n<title>U ponedjeljak po\u010dinje nastava u Tuzlanskom kantonu<\/title>\n<meta name=\"robots\" content=\"index, follow, max-snippet:-1, max-image-preview:large, max-video-preview:-1\" \/>\n<link rel=\"canonical\" href=\"https:\/\/tuzlainfo.ba\/index.php\/istaknuto\/item\/228346-u-ponedjeljak-pocinje-nastava-u-tuzlanskom-kantonu\/\" \/>\n<meta property=\"og:locale\" content=\"bs_BA\" \/>\n<meta property=\"og:type\" content=\"article\" \/>\n<meta property=\"og:title\" content=\"U ponedjeljak po\u010dinje nastava u Tuzlanskom kantonu\" \/>\n<meta property=\"og:description\" content=\"Nastava u drugom polugodi\u0161tu \u0161kolske 2023\/24. godine za u\u010denike osnovnih i srednjih \u0161kola, prema \u0161kolskim kalendarima, po\u010dinje u razli\u010dito vrijeme po kantonima u Federaciji BiH.\u00a0Prema informacijama za Fenu iz resornog federalnog ministarstva, u ponedjeljak, 29. januara nastava po\u010dinje za u\u010denike osnovnih i srednjih \u0161kola Unsko-sansko, Tuzlanskog, Bosansko-podrinjskog kantona Gora\u017ede i Kantona Sarajevo. &nbsp; U Zeni\u010dko-dobojskom [&hellip;]\" \/>\n<meta property=\"og:url\" content=\"https:\/\/tuzlainfo.ba\/index.php\/istaknuto\/item\/228346-u-ponedjeljak-pocinje-nastava-u-tuzlanskom-kantonu\/\" \/>\n<meta property=\"og:site_name\" content=\"TuzlaInfo.ba\" \/>\n<meta property=\"article:publisher\" content=\"https:\/\/www.facebook.com\/tuzlainfo.ba\/\" \/>\n<meta property=\"article:published_time\" content=\"2024-01-25T16:03:27+00:00\" \/>\n<meta property=\"og:image\" content=\"https:\/\/tuzlainfo.ba\/wp-content\/uploads\/2022\/05\/2805_skola_fizika.jpg\" \/>\n\t<meta property=\"og:image:width\" content=\"1000\" \/>\n\t<meta property=\"og:image:height\" content=\"574\" \/>\n\t<meta property=\"og:image:type\" content=\"image\/jpeg\" \/>\n<meta name=\"author\" content=\"Tuzla Info\" \/>\n<meta name=\"twitter:card\" content=\"summary_large_image\" \/>\n<meta name=\"twitter:label1\" content=\"Written by\" \/>\n\t<meta name=\"twitter:data1\" content=\"Tuzla Info\" \/>\n\t<meta name=\"twitter:label2\" content=\"Est. reading time\" \/>\n\t<meta name=\"twitter:data2\" content=\"2 minute\" \/>\n<script type=\"application\/ld+json\" class=\"yoast-schema-graph\">{\"@context\":\"https:\\\/\\\/schema.org\",\"@graph\":[{\"@type\":\"Article\",\"@id\":\"https:\\\/\\\/tuzlainfo.ba\\\/index.php\\\/istaknuto\\\/item\\\/228346-u-ponedjeljak-pocinje-nastava-u-tuzlanskom-kantonu\\\/#article\",\"isPartOf\":{\"@id\":\"https:\\\/\\\/tuzlainfo.ba\\\/index.php\\\/istaknuto\\\/item\\\/228346-u-ponedjeljak-pocinje-nastava-u-tuzlanskom-kantonu\\\/\"},\"author\":{\"name\":\"Tuzla Info\",\"@id\":\"https:\\\/\\\/tuzlainfo.ba\\\/#\\\/schema\\\/person\\\/46cad4c57790cbc50781edd14870825a\"},\"headline\":\"U ponedjeljak po\u010dinje nastava u Tuzlanskom kantonu\",\"datePublished\":\"2024-01-25T16:03:27+00:00\",\"mainEntityOfPage\":{\"@id\":\"https:\\\/\\\/tuzlainfo.ba\\\/index.php\\\/istaknuto\\\/item\\\/228346-u-ponedjeljak-pocinje-nastava-u-tuzlanskom-kantonu\\\/\"},\"wordCount\":244,\"publisher\":{\"@id\":\"https:\\\/\\\/tuzlainfo.ba\\\/#organization\"},\"image\":{\"@id\":\"https:\\\/\\\/tuzlainfo.ba\\\/index.php\\\/istaknuto\\\/item\\\/228346-u-ponedjeljak-pocinje-nastava-u-tuzlanskom-kantonu\\\/#primaryimage\"},\"thumbnailUrl\":\"https:\\\/\\\/tuzlainfo.ba\\\/wp-content\\\/uploads\\\/2022\\\/05\\\/2805_skola_fizika.jpg\",\"keywords\":[\"nastava\",\"\u0161kola\",\"tuzlanski kanton\"],\"articleSection\":[\"Istaknuto\",\"Novosti\"],\"inLanguage\":\"bs-BA\",\"copyrightYear\":\"2024\",\"copyrightHolder\":{\"@id\":\"https:\\\/\\\/tuzlainfo.ba\\\/#organization\"}},{\"@type\":\"WebPage\",\"@id\":\"https:\\\/\\\/tuzlainfo.ba\\\/index.php\\\/istaknuto\\\/item\\\/228346-u-ponedjeljak-pocinje-nastava-u-tuzlanskom-kantonu\\\/\",\"url\":\"https:\\\/\\\/tuzlainfo.ba\\\/index.php\\\/istaknuto\\\/item\\\/228346-u-ponedjeljak-pocinje-nastava-u-tuzlanskom-kantonu\\\/\",\"name\":\"U ponedjeljak po\u010dinje nastava u Tuzlanskom kantonu\",\"isPartOf\":{\"@id\":\"https:\\\/\\\/tuzlainfo.ba\\\/#website\"},\"primaryImageOfPage\":{\"@id\":\"https:\\\/\\\/tuzlainfo.ba\\\/index.php\\\/istaknuto\\\/item\\\/228346-u-ponedjeljak-pocinje-nastava-u-tuzlanskom-kantonu\\\/#primaryimage\"},\"image\":{\"@id\":\"https:\\\/\\\/tuzlainfo.ba\\\/index.php\\\/istaknuto\\\/item\\\/228346-u-ponedjeljak-pocinje-nastava-u-tuzlanskom-kantonu\\\/#primaryimage\"},\"thumbnailUrl\":\"https:\\\/\\\/tuzlainfo.ba\\\/wp-content\\\/uploads\\\/2022\\\/05\\\/2805_skola_fizika.jpg\",\"datePublished\":\"2024-01-25T16:03:27+00:00\",\"breadcrumb\":{\"@id\":\"https:\\\/\\\/tuzlainfo.ba\\\/index.php\\\/istaknuto\\\/item\\\/228346-u-ponedjeljak-pocinje-nastava-u-tuzlanskom-kantonu\\\/#breadcrumb\"},\"inLanguage\":\"bs-BA\",\"potentialAction\":[{\"@type\":\"ReadAction\",\"target\":[\"https:\\\/\\\/tuzlainfo.ba\\\/index.php\\\/istaknuto\\\/item\\\/228346-u-ponedjeljak-pocinje-nastava-u-tuzlanskom-kantonu\\\/\"]}]},{\"@type\":\"ImageObject\",\"inLanguage\":\"bs-BA\",\"@id\":\"https:\\\/\\\/tuzlainfo.ba\\\/index.php\\\/istaknuto\\\/item\\\/228346-u-ponedjeljak-pocinje-nastava-u-tuzlanskom-kantonu\\\/#primaryimage\",\"url\":\"https:\\\/\\\/tuzlainfo.ba\\\/wp-content\\\/uploads\\\/2022\\\/05\\\/2805_skola_fizika.jpg\",\"contentUrl\":\"https:\\\/\\\/tuzlainfo.ba\\\/wp-content\\\/uploads\\\/2022\\\/05\\\/2805_skola_fizika.jpg\",\"width\":1000,\"height\":574},{\"@type\":\"BreadcrumbList\",\"@id\":\"https:\\\/\\\/tuzlainfo.ba\\\/index.php\\\/istaknuto\\\/item\\\/228346-u-ponedjeljak-pocinje-nastava-u-tuzlanskom-kantonu\\\/#breadcrumb\",\"itemListElement\":[{\"@type\":\"ListItem\",\"position\":1,\"name\":\"Home\",\"item\":\"https:\\\/\\\/tuzlainfo.ba\\\/\"},{\"@type\":\"ListItem\",\"position\":2,\"name\":\"U ponedjeljak po\u010dinje nastava u Tuzlanskom kantonu\"}]},{\"@type\":\"WebSite\",\"@id\":\"https:\\\/\\\/tuzlainfo.ba\\\/#website\",\"url\":\"https:\\\/\\\/tuzlainfo.ba\\\/\",\"name\":\"TuzlaInfo.ba\",\"description\":\"Tuzla info, gradski informator - Tuzla na dlanu\",\"publisher\":{\"@id\":\"https:\\\/\\\/tuzlainfo.ba\\\/#organization\"},\"potentialAction\":[{\"@type\":\"SearchAction\",\"target\":{\"@type\":\"EntryPoint\",\"urlTemplate\":\"https:\\\/\\\/tuzlainfo.ba\\\/?s={search_term_string}\"},\"query-input\":{\"@type\":\"PropertyValueSpecification\",\"valueRequired\":true,\"valueName\":\"search_term_string\"}}],\"inLanguage\":\"bs-BA\"},{\"@type\":\"Organization\",\"@id\":\"https:\\\/\\\/tuzlainfo.ba\\\/#organization\",\"name\":\"TuzlaInfo.ba\",\"url\":\"https:\\\/\\\/tuzlainfo.ba\\\/\",\"logo\":{\"@type\":\"ImageObject\",\"inLanguage\":\"bs-BA\",\"@id\":\"https:\\\/\\\/tuzlainfo.ba\\\/#\\\/schema\\\/logo\\\/image\\\/\",\"url\":\"https:\\\/\\\/tuzlainfo.ba\\\/wp-content\\\/uploads\\\/2021\\\/03\\\/logo-ver-3-1.png\",\"contentUrl\":\"https:\\\/\\\/tuzlainfo.ba\\\/wp-content\\\/uploads\\\/2021\\\/03\\\/logo-ver-3-1.png\",\"width\":350,\"height\":95,\"caption\":\"TuzlaInfo.ba\"},\"image\":{\"@id\":\"https:\\\/\\\/tuzlainfo.ba\\\/#\\\/schema\\\/logo\\\/image\\\/\"},\"sameAs\":[\"https:\\\/\\\/www.facebook.com\\\/tuzlainfo.ba\\\/\"]},{\"@type\":\"Person\",\"@id\":\"https:\\\/\\\/tuzlainfo.ba\\\/#\\\/schema\\\/person\\\/46cad4c57790cbc50781edd14870825a\",\"name\":\"Tuzla Info\",\"image\":{\"@type\":\"ImageObject\",\"inLanguage\":\"bs-BA\",\"@id\":\"https:\\\/\\\/secure.gravatar.com\\\/avatar\\\/e980921b00fa2e552723a2386544734ce6885d2b2304ccca3f45186f9ca4031d?s=96&d=mm&r=g\",\"url\":\"https:\\\/\\\/secure.gravatar.com\\\/avatar\\\/e980921b00fa2e552723a2386544734ce6885d2b2304ccca3f45186f9ca4031d?s=96&d=mm&r=g\",\"contentUrl\":\"https:\\\/\\\/secure.gravatar.com\\\/avatar\\\/e980921b00fa2e552723a2386544734ce6885d2b2304ccca3f45186f9ca4031d?s=96&d=mm&r=g\",\"caption\":\"Tuzla Info\"}}]}<\/script>\n<!-- \/ Yoast SEO plugin. -->","yoast_head_json":{"title":"U ponedjeljak po\u010dinje nastava u Tuzlanskom kantonu","robots":{"index":"index","follow":"follow","max-snippet":"max-snippet:-1","max-image-preview":"max-image-preview:large","max-video-preview":"max-video-preview:-1"},"canonical":"https:\/\/tuzlainfo.ba\/index.php\/istaknuto\/item\/228346-u-ponedjeljak-pocinje-nastava-u-tuzlanskom-kantonu\/","og_locale":"bs_BA","og_type":"article","og_title":"U ponedjeljak po\u010dinje nastava u Tuzlanskom kantonu","og_description":"Nastava u drugom polugodi\u0161tu \u0161kolske 2023\/24. godine za u\u010denike osnovnih i srednjih \u0161kola, prema \u0161kolskim kalendarima, po\u010dinje u razli\u010dito vrijeme po kantonima u Federaciji BiH.\u00a0Prema informacijama za Fenu iz resornog federalnog ministarstva, u ponedjeljak, 29. januara nastava po\u010dinje za u\u010denike osnovnih i srednjih \u0161kola Unsko-sansko, Tuzlanskog, Bosansko-podrinjskog kantona Gora\u017ede i Kantona Sarajevo. &nbsp; U Zeni\u010dko-dobojskom [&hellip;]","og_url":"https:\/\/tuzlainfo.ba\/index.php\/istaknuto\/item\/228346-u-ponedjeljak-pocinje-nastava-u-tuzlanskom-kantonu\/","og_site_name":"TuzlaInfo.ba","article_publisher":"https:\/\/www.facebook.com\/tuzlainfo.ba\/","article_published_time":"2024-01-25T16:03:27+00:00","og_image":[{"width":1000,"height":574,"url":"https:\/\/tuzlainfo.ba\/wp-content\/uploads\/2022\/05\/2805_skola_fizika.jpg","type":"image\/jpeg"}],"author":"Tuzla Info","twitter_card":"summary_large_image","twitter_misc":{"Written by":"Tuzla Info","Est. reading time":"2 minute"},"schema":{"@context":"https:\/\/schema.org","@graph":[{"@type":"Article","@id":"https:\/\/tuzlainfo.ba\/index.php\/istaknuto\/item\/228346-u-ponedjeljak-pocinje-nastava-u-tuzlanskom-kantonu\/#article","isPartOf":{"@id":"https:\/\/tuzlainfo.ba\/index.php\/istaknuto\/item\/228346-u-ponedjeljak-pocinje-nastava-u-tuzlanskom-kantonu\/"},"author":{"name":"Tuzla Info","@id":"https:\/\/tuzlainfo.ba\/#\/schema\/person\/46cad4c57790cbc50781edd14870825a"},"headline":"U ponedjeljak po\u010dinje nastava u Tuzlanskom kantonu","datePublished":"2024-01-25T16:03:27+00:00","mainEntityOfPage":{"@id":"https:\/\/tuzlainfo.ba\/index.php\/istaknuto\/item\/228346-u-ponedjeljak-pocinje-nastava-u-tuzlanskom-kantonu\/"},"wordCount":244,"publisher":{"@id":"https:\/\/tuzlainfo.ba\/#organization"},"image":{"@id":"https:\/\/tuzlainfo.ba\/index.php\/istaknuto\/item\/228346-u-ponedjeljak-pocinje-nastava-u-tuzlanskom-kantonu\/#primaryimage"},"thumbnailUrl":"https:\/\/tuzlainfo.ba\/wp-content\/uploads\/2022\/05\/2805_skola_fizika.jpg","keywords":["nastava","\u0161kola","tuzlanski kanton"],"articleSection":["Istaknuto","Novosti"],"inLanguage":"bs-BA","copyrightYear":"2024","copyrightHolder":{"@id":"https:\/\/tuzlainfo.ba\/#organization"}},{"@type":"WebPage","@id":"https:\/\/tuzlainfo.ba\/index.php\/istaknuto\/item\/228346-u-ponedjeljak-pocinje-nastava-u-tuzlanskom-kantonu\/","url":"https:\/\/tuzlainfo.ba\/index.php\/istaknuto\/item\/228346-u-ponedjeljak-pocinje-nastava-u-tuzlanskom-kantonu\/","name":"U ponedjeljak po\u010dinje nastava u Tuzlanskom kantonu","isPartOf":{"@id":"https:\/\/tuzlainfo.ba\/#website"},"primaryImageOfPage":{"@id":"https:\/\/tuzlainfo.ba\/index.php\/istaknuto\/item\/228346-u-ponedjeljak-pocinje-nastava-u-tuzlanskom-kantonu\/#primaryimage"},"image":{"@id":"https:\/\/tuzlainfo.ba\/index.php\/istaknuto\/item\/228346-u-ponedjeljak-pocinje-nastava-u-tuzlanskom-kantonu\/#primaryimage"},"thumbnailUrl":"https:\/\/tuzlainfo.ba\/wp-content\/uploads\/2022\/05\/2805_skola_fizika.jpg","datePublished":"2024-01-25T16:03:27+00:00","breadcrumb":{"@id":"https:\/\/tuzlainfo.ba\/index.php\/istaknuto\/item\/228346-u-ponedjeljak-pocinje-nastava-u-tuzlanskom-kantonu\/#breadcrumb"},"inLanguage":"bs-BA","potentialAction":[{"@type":"ReadAction","target":["https:\/\/tuzlainfo.ba\/index.php\/istaknuto\/item\/228346-u-ponedjeljak-pocinje-nastava-u-tuzlanskom-kantonu\/"]}]},{"@type":"ImageObject","inLanguage":"bs-BA","@id":"https:\/\/tuzlainfo.ba\/index.php\/istaknuto\/item\/228346-u-ponedjeljak-pocinje-nastava-u-tuzlanskom-kantonu\/#primaryimage","url":"https:\/\/tuzlainfo.ba\/wp-content\/uploads\/2022\/05\/2805_skola_fizika.jpg","contentUrl":"https:\/\/tuzlainfo.ba\/wp-content\/uploads\/2022\/05\/2805_skola_fizika.jpg","width":1000,"height":574},{"@type":"BreadcrumbList","@id":"https:\/\/tuzlainfo.ba\/index.php\/istaknuto\/item\/228346-u-ponedjeljak-pocinje-nastava-u-tuzlanskom-kantonu\/#breadcrumb","itemListElement":[{"@type":"ListItem","position":1,"name":"Home","item":"https:\/\/tuzlainfo.ba\/"},{"@type":"ListItem","position":2,"name":"U ponedjeljak po\u010dinje nastava u Tuzlanskom kantonu"}]},{"@type":"WebSite","@id":"https:\/\/tuzlainfo.ba\/#website","url":"https:\/\/tuzlainfo.ba\/","name":"TuzlaInfo.ba","description":"Tuzla info, gradski informator - Tuzla na dlanu","publisher":{"@id":"https:\/\/tuzlainfo.ba\/#organization"},"potentialAction":[{"@type":"SearchAction","target":{"@type":"EntryPoint","urlTemplate":"https:\/\/tuzlainfo.ba\/?s={search_term_string}"},"query-input":{"@type":"PropertyValueSpecification","valueRequired":true,"valueName":"search_term_string"}}],"inLanguage":"bs-BA"},{"@type":"Organization","@id":"https:\/\/tuzlainfo.ba\/#organization","name":"TuzlaInfo.ba","url":"https:\/\/tuzlainfo.ba\/","logo":{"@type":"ImageObject","inLanguage":"bs-BA","@id":"https:\/\/tuzlainfo.ba\/#\/schema\/logo\/image\/","url":"https:\/\/tuzlainfo.ba\/wp-content\/uploads\/2021\/03\/logo-ver-3-1.png","contentUrl":"https:\/\/tuzlainfo.ba\/wp-content\/uploads\/2021\/03\/logo-ver-3-1.png","width":350,"height":95,"caption":"TuzlaInfo.ba"},"image":{"@id":"https:\/\/tuzlainfo.ba\/#\/schema\/logo\/image\/"},"sameAs":["https:\/\/www.facebook.com\/tuzlainfo.ba\/"]},{"@type":"Person","@id":"https:\/\/tuzlainfo.ba\/#\/schema\/person\/46cad4c57790cbc50781edd14870825a","name":"Tuzla Info","image":{"@type":"ImageObject","inLanguage":"bs-BA","@id":"https:\/\/secure.gravatar.com\/avatar\/e980921b00fa2e552723a2386544734ce6885d2b2304ccca3f45186f9ca4031d?s=96&d=mm&r=g","url":"https:\/\/secure.gravatar.com\/avatar\/e980921b00fa2e552723a2386544734ce6885d2b2304ccca3f45186f9ca4031d?s=96&d=mm&r=g","contentUrl":"https:\/\/secure.gravatar.com\/avatar\/e980921b00fa2e552723a2386544734ce6885d2b2304ccca3f45186f9ca4031d?s=96&d=mm&r=g","caption":"Tuzla Info"}}]}},"_links":{"self":[{"href":"https:\/\/tuzlainfo.ba\/index.php\/wp-json\/wp\/v2\/posts\/228346","targetHints":{"allow":["GET"]}}],"collection":[{"href":"https:\/\/tuzlainfo.ba\/index.php\/wp-json\/wp\/v2\/posts"}],"about":[{"href":"https:\/\/tuzlainfo.ba\/index.php\/wp-json\/wp\/v2\/types\/post"}],"author":[{"embeddable":true,"href":"https:\/\/tuzlainfo.ba\/index.php\/wp-json\/wp\/v2\/users\/4"}],"replies":[{"embeddable":true,"href":"https:\/\/tuzlainfo.ba\/index.php\/wp-json\/wp\/v2\/comments?post=228346"}],"version-history":[{"count":1,"href":"https:\/\/tuzlainfo.ba\/index.php\/wp-json\/wp\/v2\/posts\/228346\/revisions"}],"predecessor-version":[{"id":228347,"href":"https:\/\/tuzlainfo.ba\/index.php\/wp-json\/wp\/v2\/posts\/228346\/revisions\/228347"}],"wp:featuredmedia":[{"embeddable":true,"href":"https:\/\/tuzlainfo.ba\/index.php\/wp-json\/wp\/v2\/media\/173601"}],"wp:attachment":[{"href":"https:\/\/tuzlainfo.ba\/index.php\/wp-json\/wp\/v2\/media?parent=228346"}],"wp:term":[{"taxonomy":"category","embeddable":true,"href":"https:\/\/tuzlainfo.ba\/index.php\/wp-json\/wp\/v2\/categories?post=228346"},{"taxonomy":"post_tag","embeddable":true,"href":"https:\/\/tuzlainfo.ba\/index.php\/wp-json\/wp\/v2\/tags?post=228346"}],"curies":[{"name":"wp","href":"https:\/\/api.w.org\/{rel}","templated":true}]}}