{"id":228282,"date":"2024-01-24T11:30:01","date_gmt":"2024-01-24T10:30:01","guid":{"rendered":"https:\/\/tuzlainfo.ba\/?p=228282"},"modified":"2024-01-24T09:40:52","modified_gmt":"2024-01-24T08:40:52","slug":"sud-bih-izricanje-prvostepene-presude-za-zlocine-na-podrucju-visegrada-5-marta","status":"publish","type":"post","link":"https:\/\/tuzlainfo.ba\/index.php\/bosna-i-hercegovina\/item\/228282-sud-bih-izricanje-prvostepene-presude-za-zlocine-na-podrucju-visegrada-5-marta\/","title":{"rendered":"Sud BiH: Izricanje prvostepene presude za zlo\u010dine na podru\u010dju Vi\u0161egrada 5. marta"},"content":{"rendered":"<p>Sud Bosne i Hercegovine zakazao je za 5. mart izricanje prvostepene presude Milomiru \u0110uri\u010di\u0107u i Vukadinu Spasojevi\u0107u, koji su optu\u017eeni za zlo\u010din protiv \u010dovje\u010dnosti po\u010dinjen na podru\u010dju Vi\u0161egrada.<\/p>\n<p>Izricanje presude zakazano je nakon \u0161to je odbrana Spasojevi\u0107a iznijela zavr\u0161nu rije\u010d, u kojoj je zatra\u017eila osloba\u0111aju\u0107u presudu, navode\u0107i da Tu\u017eila\u0161tvo nije van razumne sumnje dokazalo da je optu\u017eeni tjerao zato\u010denike i zato\u010denice na seksualne odnose, kao i da je ne\u010dovje\u010dno postupao prema zatvorenim civilima, javlja <a href=\"https:\/\/detektor.ba\/2024\/01\/23\/djuricic-i-spasojevic-presuda-za-zlocine-u-uzamnici-5-marta\/\">Detektor<\/a>.<\/p>\n<p>Spasojevi\u0107 je sa Milomirom \u0110uri\u010di\u0107em optu\u017een za progon bo\u0161nja\u010dkih civila \u2013 zatvaranjem, nano\u0161enjem te\u0161kih tjelesnih i psihi\u010dkih povreda, seksualnim zlostavljanjem i drugim ne\u010dovje\u010dnim djelima po\u010dinjenim u logoru &#8220;Uzamnica&#8221; 1992. i 1993. godine. \u0110uri\u010di\u0107 je optu\u017een u svojstvu upravnika &#8220;Uzamnice&#8221;, a Spasojevi\u0107 u svojstvu razvodnika stra\u017ee.<\/p>\n<p>Branilac Petko Pavlovi\u0107 naveo je da se ne mo\u017ee pokloniti vjera svjedokinjama SV-2 i SV-3, jer neke navode optu\u017enice nisu potvrdile, a u vezi s nekim su bile konfuzne i neuvjerljive.<\/p>\n<p>&#8220;Svjedokinja SV-3 ne sje\u0107a se nijednog detalja\u2026 Ovoj konfuznoj pri\u010di ne mo\u017ee se dati sudsko povjerenje&#8221;, kazao je Pavlovi\u0107.<\/p>\n<p>Dodao je da ovoj svjedokinji Sud nije povjerovao ni na su\u0111enju Goranu Popovi\u0107u, koji je oslobo\u0111en optu\u017ebi. Branilac je analizirao iskaze SV-3 od 1994. do su\u0111enja, ocijeniv\u0161i da je njeno sje\u0107anje &#8220;evoluiralo&#8221;. Rekao je da se ova svjedokinja na su\u0111enju nije sje\u0107ala seksualnog zlostavljanja, ve\u0107 da je potvr\u0111ivala ono na \u0161ta je podsje\u0107alo Tu\u017eila\u0161tvo.<\/p>\n<p>&#8220;Pitam sebe i vas, da li se takvi doga\u0111aji tako lako zaboravljaju&#8221;, kazao je Pavlovi\u0107.<\/p>\n<p>Svjedokinja SV-2, kako je naveo, ranije je navodila da su optu\u017eeni i Goran Popovi\u0107 tjerali jednog zato\u010denika da ima seksualne odnose s njom, a da je na su\u0111enju izostavila Popovi\u0107a jer je saznala da je oslobo\u0111en.<\/p>\n<p>Pavlovi\u0107 je za svjedoka Adema Berberovi\u0107a naveo da je pokazao izuzetnu pristrasnost na su\u0111enju, ali da je na kraju rekao: &#8220;Mi\u0107o mi je spasao \u017eivot. Hvala ti, Mi\u0107o, od mene.&#8221;<\/p>\n<p>Odbrana je navela da za vi\u0161e ta\u010daka optu\u017enice nije saslu\u0161an nijedan svjedok, osim \u0161to su pro\u010ditani odre\u0111eni iskazi na kojima se ne mo\u017ee zasnivati presuda. Branilac je kazao da nijednim dokazom nije potvr\u0111eno da je Spasojevi\u0107 nekoga dovezao u &#8220;Uzamnicu&#8221;, kao i da nije omogu\u0107avao ulazak Milanu Luki\u0107u, koji je u Ha\u0161kom tribunalu osu\u0111en na do\u017eivotnu kaznu zatvora za zlo\u010dine u Vi\u0161egradu.<\/p>\n<p>&#8220;Milana nije dovodio Vukadin Spasojevi\u0107. Nije ga on mogao sprije\u010diti&#8221;, rekao je Pavlovi\u0107.<\/p>\n<p>Su\u0111enje u ovom predmetu po\u010delo je u martu 2022. godine.<\/p>\n<p>&nbsp;<\/p>\n","protected":false},"excerpt":{"rendered":"<p>Sud Bosne i Hercegovine zakazao je za 5. mart izricanje prvostepene presude Milomiru \u0110uri\u010di\u0107u i&hellip;<\/p>\n","protected":false},"author":3,"featured_media":65436,"comment_status":"closed","ping_status":"closed","sticky":false,"template":"","format":"standard","meta":{"_acf_changed":false,"footnotes":""},"categories":[291],"tags":[9455,726],"acf":[],"yoast_head":"<!-- This site is optimized with the Yoast SEO plugin v23.5 - https:\/\/yoast.com\/wordpress\/plugins\/seo\/ -->\n<title>Sud BiH: Izricanje prvostepene presude za zlo\u010dine na podru\u010dju Vi\u0161egrada 5. marta - TuzlaInfo.ba<\/title>\n<meta name=\"robots\" content=\"index, follow, max-snippet:-1, max-image-preview:large, max-video-preview:-1\" \/>\n<link rel=\"canonical\" href=\"https:\/\/tuzlainfo.ba\/index.php\/bosna-i-hercegovina\/item\/228282-sud-bih-izricanje-prvostepene-presude-za-zlocine-na-podrucju-visegrada-5-marta\/\" \/>\n<meta property=\"og:locale\" content=\"bs_BA\" \/>\n<meta property=\"og:type\" content=\"article\" \/>\n<meta property=\"og:title\" content=\"Sud BiH: Izricanje prvostepene presude za zlo\u010dine na podru\u010dju Vi\u0161egrada 5. marta - TuzlaInfo.ba\" \/>\n<meta property=\"og:description\" content=\"Sud Bosne i Hercegovine zakazao je za 5. mart izricanje prvostepene presude Milomiru \u0110uri\u010di\u0107u i&hellip;\" \/>\n<meta property=\"og:url\" content=\"https:\/\/tuzlainfo.ba\/index.php\/bosna-i-hercegovina\/item\/228282-sud-bih-izricanje-prvostepene-presude-za-zlocine-na-podrucju-visegrada-5-marta\/\" \/>\n<meta property=\"og:site_name\" content=\"TuzlaInfo.ba\" \/>\n<meta property=\"article:publisher\" content=\"https:\/\/www.facebook.com\/tuzlainfo.ba\/\" \/>\n<meta property=\"article:published_time\" content=\"2024-01-24T10:30:01+00:00\" \/>\n<meta property=\"article:modified_time\" content=\"2024-01-24T08:40:52+00:00\" \/>\n<meta property=\"og:image\" content=\"https:\/\/tuzlainfo.ba\/wp-content\/uploads\/2018\/11\/sadrzaj_2018_20181101_1211_sud_bih.jpg\" \/>\n\t<meta property=\"og:image:width\" content=\"770\" \/>\n\t<meta property=\"og:image:height\" content=\"431\" \/>\n\t<meta property=\"og:image:type\" content=\"image\/jpeg\" \/>\n<meta name=\"author\" content=\"admin2\" \/>\n<meta name=\"twitter:card\" content=\"summary_large_image\" \/>\n<meta name=\"twitter:label1\" content=\"Written by\" \/>\n\t<meta name=\"twitter:data1\" content=\"admin2\" \/>\n\t<meta name=\"twitter:label2\" content=\"Est. reading time\" \/>\n\t<meta name=\"twitter:data2\" content=\"3 minute\" \/>\n<script type=\"application\/ld+json\" class=\"yoast-schema-graph\">{\"@context\":\"https:\/\/schema.org\",\"@graph\":[{\"@type\":\"Article\",\"@id\":\"https:\/\/tuzlainfo.ba\/index.php\/bosna-i-hercegovina\/item\/228282-sud-bih-izricanje-prvostepene-presude-za-zlocine-na-podrucju-visegrada-5-marta\/#article\",\"isPartOf\":{\"@id\":\"https:\/\/tuzlainfo.ba\/index.php\/bosna-i-hercegovina\/item\/228282-sud-bih-izricanje-prvostepene-presude-za-zlocine-na-podrucju-visegrada-5-marta\/\"},\"author\":{\"name\":\"admin2\",\"@id\":\"https:\/\/tuzlainfo.ba\/#\/schema\/person\/f4ebe4fff27e68efb65fa7e18f8af372\"},\"headline\":\"Sud BiH: Izricanje prvostepene presude za zlo\u010dine na podru\u010dju Vi\u0161egrada 5. marta\",\"datePublished\":\"2024-01-24T10:30:01+00:00\",\"dateModified\":\"2024-01-24T08:40:52+00:00\",\"mainEntityOfPage\":{\"@id\":\"https:\/\/tuzlainfo.ba\/index.php\/bosna-i-hercegovina\/item\/228282-sud-bih-izricanje-prvostepene-presude-za-zlocine-na-podrucju-visegrada-5-marta\/\"},\"wordCount\":481,\"publisher\":{\"@id\":\"https:\/\/tuzlainfo.ba\/#organization\"},\"image\":{\"@id\":\"https:\/\/tuzlainfo.ba\/index.php\/bosna-i-hercegovina\/item\/228282-sud-bih-izricanje-prvostepene-presude-za-zlocine-na-podrucju-visegrada-5-marta\/#primaryimage\"},\"thumbnailUrl\":\"https:\/\/tuzlainfo.ba\/wp-content\/uploads\/2018\/11\/sadrzaj_2018_20181101_1211_sud_bih.jpg\",\"keywords\":[\"izricanje presude\",\"sud bih\"],\"articleSection\":[\"Bosna i Hercegovina\"],\"inLanguage\":\"bs-BA\"},{\"@type\":\"WebPage\",\"@id\":\"https:\/\/tuzlainfo.ba\/index.php\/bosna-i-hercegovina\/item\/228282-sud-bih-izricanje-prvostepene-presude-za-zlocine-na-podrucju-visegrada-5-marta\/\",\"url\":\"https:\/\/tuzlainfo.ba\/index.php\/bosna-i-hercegovina\/item\/228282-sud-bih-izricanje-prvostepene-presude-za-zlocine-na-podrucju-visegrada-5-marta\/\",\"name\":\"Sud BiH: Izricanje prvostepene presude za zlo\u010dine na podru\u010dju Vi\u0161egrada 5. marta - TuzlaInfo.ba\",\"isPartOf\":{\"@id\":\"https:\/\/tuzlainfo.ba\/#website\"},\"primaryImageOfPage\":{\"@id\":\"https:\/\/tuzlainfo.ba\/index.php\/bosna-i-hercegovina\/item\/228282-sud-bih-izricanje-prvostepene-presude-za-zlocine-na-podrucju-visegrada-5-marta\/#primaryimage\"},\"image\":{\"@id\":\"https:\/\/tuzlainfo.ba\/index.php\/bosna-i-hercegovina\/item\/228282-sud-bih-izricanje-prvostepene-presude-za-zlocine-na-podrucju-visegrada-5-marta\/#primaryimage\"},\"thumbnailUrl\":\"https:\/\/tuzlainfo.ba\/wp-content\/uploads\/2018\/11\/sadrzaj_2018_20181101_1211_sud_bih.jpg\",\"datePublished\":\"2024-01-24T10:30:01+00:00\",\"dateModified\":\"2024-01-24T08:40:52+00:00\",\"breadcrumb\":{\"@id\":\"https:\/\/tuzlainfo.ba\/index.php\/bosna-i-hercegovina\/item\/228282-sud-bih-izricanje-prvostepene-presude-za-zlocine-na-podrucju-visegrada-5-marta\/#breadcrumb\"},\"inLanguage\":\"bs-BA\",\"potentialAction\":[{\"@type\":\"ReadAction\",\"target\":[\"https:\/\/tuzlainfo.ba\/index.php\/bosna-i-hercegovina\/item\/228282-sud-bih-izricanje-prvostepene-presude-za-zlocine-na-podrucju-visegrada-5-marta\/\"]}]},{\"@type\":\"ImageObject\",\"inLanguage\":\"bs-BA\",\"@id\":\"https:\/\/tuzlainfo.ba\/index.php\/bosna-i-hercegovina\/item\/228282-sud-bih-izricanje-prvostepene-presude-za-zlocine-na-podrucju-visegrada-5-marta\/#primaryimage\",\"url\":\"https:\/\/tuzlainfo.ba\/wp-content\/uploads\/2018\/11\/sadrzaj_2018_20181101_1211_sud_bih.jpg\",\"contentUrl\":\"https:\/\/tuzlainfo.ba\/wp-content\/uploads\/2018\/11\/sadrzaj_2018_20181101_1211_sud_bih.jpg\",\"width\":770,\"height\":431,\"caption\":\"1211 sud bih\"},{\"@type\":\"BreadcrumbList\",\"@id\":\"https:\/\/tuzlainfo.ba\/index.php\/bosna-i-hercegovina\/item\/228282-sud-bih-izricanje-prvostepene-presude-za-zlocine-na-podrucju-visegrada-5-marta\/#breadcrumb\",\"itemListElement\":[{\"@type\":\"ListItem\",\"position\":1,\"name\":\"Home\",\"item\":\"https:\/\/tuzlainfo.ba\/\"},{\"@type\":\"ListItem\",\"position\":2,\"name\":\"Sud BiH: Izricanje prvostepene presude za zlo\u010dine na podru\u010dju Vi\u0161egrada 5. marta\"}]},{\"@type\":\"WebSite\",\"@id\":\"https:\/\/tuzlainfo.ba\/#website\",\"url\":\"https:\/\/tuzlainfo.ba\/\",\"name\":\"TuzlaInfo.ba\",\"description\":\"Tuzla info, gradski informator - Tuzla na dlanu\",\"publisher\":{\"@id\":\"https:\/\/tuzlainfo.ba\/#organization\"},\"potentialAction\":[{\"@type\":\"SearchAction\",\"target\":{\"@type\":\"EntryPoint\",\"urlTemplate\":\"https:\/\/tuzlainfo.ba\/?s={search_term_string}\"},\"query-input\":{\"@type\":\"PropertyValueSpecification\",\"valueRequired\":true,\"valueName\":\"search_term_string\"}}],\"inLanguage\":\"bs-BA\"},{\"@type\":\"Organization\",\"@id\":\"https:\/\/tuzlainfo.ba\/#organization\",\"name\":\"TuzlaInfo.ba\",\"url\":\"https:\/\/tuzlainfo.ba\/\",\"logo\":{\"@type\":\"ImageObject\",\"inLanguage\":\"bs-BA\",\"@id\":\"https:\/\/tuzlainfo.ba\/#\/schema\/logo\/image\/\",\"url\":\"https:\/\/tuzlainfo.ba\/wp-content\/uploads\/2021\/03\/logo-ver-3-1.png\",\"contentUrl\":\"https:\/\/tuzlainfo.ba\/wp-content\/uploads\/2021\/03\/logo-ver-3-1.png\",\"width\":350,\"height\":95,\"caption\":\"TuzlaInfo.ba\"},\"image\":{\"@id\":\"https:\/\/tuzlainfo.ba\/#\/schema\/logo\/image\/\"},\"sameAs\":[\"https:\/\/www.facebook.com\/tuzlainfo.ba\/\"]},{\"@type\":\"Person\",\"@id\":\"https:\/\/tuzlainfo.ba\/#\/schema\/person\/f4ebe4fff27e68efb65fa7e18f8af372\",\"name\":\"admin2\",\"image\":{\"@type\":\"ImageObject\",\"inLanguage\":\"bs-BA\",\"@id\":\"https:\/\/tuzlainfo.ba\/#\/schema\/person\/image\/\",\"url\":\"https:\/\/tuzlainfo.ba\/wp-content\/litespeed\/avatar\/8219eeb9a43cff2d096e773737736f62.jpg?ver=1777309398\",\"contentUrl\":\"https:\/\/tuzlainfo.ba\/wp-content\/litespeed\/avatar\/8219eeb9a43cff2d096e773737736f62.jpg?ver=1777309398\",\"caption\":\"admin2\"},\"description\":\"Tuzlainfo.ba pratite na dru\u0161tvenim mre\u017eama: Facebook, Instagram i Youtube. Svoje pri\u010de, upite i fotografije \u0161aljite na na\u0161u e-mail adresu.\",\"sameAs\":[\"admin\"]}]}<\/script>\n<!-- \/ Yoast SEO plugin. -->","yoast_head_json":{"title":"Sud BiH: Izricanje prvostepene presude za zlo\u010dine na podru\u010dju Vi\u0161egrada 5. marta - TuzlaInfo.ba","robots":{"index":"index","follow":"follow","max-snippet":"max-snippet:-1","max-image-preview":"max-image-preview:large","max-video-preview":"max-video-preview:-1"},"canonical":"https:\/\/tuzlainfo.ba\/index.php\/bosna-i-hercegovina\/item\/228282-sud-bih-izricanje-prvostepene-presude-za-zlocine-na-podrucju-visegrada-5-marta\/","og_locale":"bs_BA","og_type":"article","og_title":"Sud BiH: Izricanje prvostepene presude za zlo\u010dine na podru\u010dju Vi\u0161egrada 5. marta - TuzlaInfo.ba","og_description":"Sud Bosne i Hercegovine zakazao je za 5. mart izricanje prvostepene presude Milomiru \u0110uri\u010di\u0107u i&hellip;","og_url":"https:\/\/tuzlainfo.ba\/index.php\/bosna-i-hercegovina\/item\/228282-sud-bih-izricanje-prvostepene-presude-za-zlocine-na-podrucju-visegrada-5-marta\/","og_site_name":"TuzlaInfo.ba","article_publisher":"https:\/\/www.facebook.com\/tuzlainfo.ba\/","article_published_time":"2024-01-24T10:30:01+00:00","article_modified_time":"2024-01-24T08:40:52+00:00","og_image":[{"width":770,"height":431,"url":"https:\/\/tuzlainfo.ba\/wp-content\/uploads\/2018\/11\/sadrzaj_2018_20181101_1211_sud_bih.jpg","type":"image\/jpeg"}],"author":"admin2","twitter_card":"summary_large_image","twitter_misc":{"Written by":"admin2","Est. reading time":"3 minute"},"schema":{"@context":"https:\/\/schema.org","@graph":[{"@type":"Article","@id":"https:\/\/tuzlainfo.ba\/index.php\/bosna-i-hercegovina\/item\/228282-sud-bih-izricanje-prvostepene-presude-za-zlocine-na-podrucju-visegrada-5-marta\/#article","isPartOf":{"@id":"https:\/\/tuzlainfo.ba\/index.php\/bosna-i-hercegovina\/item\/228282-sud-bih-izricanje-prvostepene-presude-za-zlocine-na-podrucju-visegrada-5-marta\/"},"author":{"name":"admin2","@id":"https:\/\/tuzlainfo.ba\/#\/schema\/person\/f4ebe4fff27e68efb65fa7e18f8af372"},"headline":"Sud BiH: Izricanje prvostepene presude za zlo\u010dine na podru\u010dju Vi\u0161egrada 5. marta","datePublished":"2024-01-24T10:30:01+00:00","dateModified":"2024-01-24T08:40:52+00:00","mainEntityOfPage":{"@id":"https:\/\/tuzlainfo.ba\/index.php\/bosna-i-hercegovina\/item\/228282-sud-bih-izricanje-prvostepene-presude-za-zlocine-na-podrucju-visegrada-5-marta\/"},"wordCount":481,"publisher":{"@id":"https:\/\/tuzlainfo.ba\/#organization"},"image":{"@id":"https:\/\/tuzlainfo.ba\/index.php\/bosna-i-hercegovina\/item\/228282-sud-bih-izricanje-prvostepene-presude-za-zlocine-na-podrucju-visegrada-5-marta\/#primaryimage"},"thumbnailUrl":"https:\/\/tuzlainfo.ba\/wp-content\/uploads\/2018\/11\/sadrzaj_2018_20181101_1211_sud_bih.jpg","keywords":["izricanje presude","sud bih"],"articleSection":["Bosna i Hercegovina"],"inLanguage":"bs-BA"},{"@type":"WebPage","@id":"https:\/\/tuzlainfo.ba\/index.php\/bosna-i-hercegovina\/item\/228282-sud-bih-izricanje-prvostepene-presude-za-zlocine-na-podrucju-visegrada-5-marta\/","url":"https:\/\/tuzlainfo.ba\/index.php\/bosna-i-hercegovina\/item\/228282-sud-bih-izricanje-prvostepene-presude-za-zlocine-na-podrucju-visegrada-5-marta\/","name":"Sud BiH: Izricanje prvostepene presude za zlo\u010dine na podru\u010dju Vi\u0161egrada 5. marta - TuzlaInfo.ba","isPartOf":{"@id":"https:\/\/tuzlainfo.ba\/#website"},"primaryImageOfPage":{"@id":"https:\/\/tuzlainfo.ba\/index.php\/bosna-i-hercegovina\/item\/228282-sud-bih-izricanje-prvostepene-presude-za-zlocine-na-podrucju-visegrada-5-marta\/#primaryimage"},"image":{"@id":"https:\/\/tuzlainfo.ba\/index.php\/bosna-i-hercegovina\/item\/228282-sud-bih-izricanje-prvostepene-presude-za-zlocine-na-podrucju-visegrada-5-marta\/#primaryimage"},"thumbnailUrl":"https:\/\/tuzlainfo.ba\/wp-content\/uploads\/2018\/11\/sadrzaj_2018_20181101_1211_sud_bih.jpg","datePublished":"2024-01-24T10:30:01+00:00","dateModified":"2024-01-24T08:40:52+00:00","breadcrumb":{"@id":"https:\/\/tuzlainfo.ba\/index.php\/bosna-i-hercegovina\/item\/228282-sud-bih-izricanje-prvostepene-presude-za-zlocine-na-podrucju-visegrada-5-marta\/#breadcrumb"},"inLanguage":"bs-BA","potentialAction":[{"@type":"ReadAction","target":["https:\/\/tuzlainfo.ba\/index.php\/bosna-i-hercegovina\/item\/228282-sud-bih-izricanje-prvostepene-presude-za-zlocine-na-podrucju-visegrada-5-marta\/"]}]},{"@type":"ImageObject","inLanguage":"bs-BA","@id":"https:\/\/tuzlainfo.ba\/index.php\/bosna-i-hercegovina\/item\/228282-sud-bih-izricanje-prvostepene-presude-za-zlocine-na-podrucju-visegrada-5-marta\/#primaryimage","url":"https:\/\/tuzlainfo.ba\/wp-content\/uploads\/2018\/11\/sadrzaj_2018_20181101_1211_sud_bih.jpg","contentUrl":"https:\/\/tuzlainfo.ba\/wp-content\/uploads\/2018\/11\/sadrzaj_2018_20181101_1211_sud_bih.jpg","width":770,"height":431,"caption":"1211 sud bih"},{"@type":"BreadcrumbList","@id":"https:\/\/tuzlainfo.ba\/index.php\/bosna-i-hercegovina\/item\/228282-sud-bih-izricanje-prvostepene-presude-za-zlocine-na-podrucju-visegrada-5-marta\/#breadcrumb","itemListElement":[{"@type":"ListItem","position":1,"name":"Home","item":"https:\/\/tuzlainfo.ba\/"},{"@type":"ListItem","position":2,"name":"Sud BiH: Izricanje prvostepene presude za zlo\u010dine na podru\u010dju Vi\u0161egrada 5. marta"}]},{"@type":"WebSite","@id":"https:\/\/tuzlainfo.ba\/#website","url":"https:\/\/tuzlainfo.ba\/","name":"TuzlaInfo.ba","description":"Tuzla info, gradski informator - Tuzla na dlanu","publisher":{"@id":"https:\/\/tuzlainfo.ba\/#organization"},"potentialAction":[{"@type":"SearchAction","target":{"@type":"EntryPoint","urlTemplate":"https:\/\/tuzlainfo.ba\/?s={search_term_string}"},"query-input":{"@type":"PropertyValueSpecification","valueRequired":true,"valueName":"search_term_string"}}],"inLanguage":"bs-BA"},{"@type":"Organization","@id":"https:\/\/tuzlainfo.ba\/#organization","name":"TuzlaInfo.ba","url":"https:\/\/tuzlainfo.ba\/","logo":{"@type":"ImageObject","inLanguage":"bs-BA","@id":"https:\/\/tuzlainfo.ba\/#\/schema\/logo\/image\/","url":"https:\/\/tuzlainfo.ba\/wp-content\/uploads\/2021\/03\/logo-ver-3-1.png","contentUrl":"https:\/\/tuzlainfo.ba\/wp-content\/uploads\/2021\/03\/logo-ver-3-1.png","width":350,"height":95,"caption":"TuzlaInfo.ba"},"image":{"@id":"https:\/\/tuzlainfo.ba\/#\/schema\/logo\/image\/"},"sameAs":["https:\/\/www.facebook.com\/tuzlainfo.ba\/"]},{"@type":"Person","@id":"https:\/\/tuzlainfo.ba\/#\/schema\/person\/f4ebe4fff27e68efb65fa7e18f8af372","name":"admin2","image":{"@type":"ImageObject","inLanguage":"bs-BA","@id":"https:\/\/tuzlainfo.ba\/#\/schema\/person\/image\/","url":"https:\/\/tuzlainfo.ba\/wp-content\/litespeed\/avatar\/8219eeb9a43cff2d096e773737736f62.jpg?ver=1777309398","contentUrl":"https:\/\/tuzlainfo.ba\/wp-content\/litespeed\/avatar\/8219eeb9a43cff2d096e773737736f62.jpg?ver=1777309398","caption":"admin2"},"description":"Tuzlainfo.ba pratite na dru\u0161tvenim mre\u017eama: Facebook, Instagram i Youtube. Svoje pri\u010de, upite i fotografije \u0161aljite na na\u0161u e-mail adresu.","sameAs":["admin"]}]}},"_links":{"self":[{"href":"https:\/\/tuzlainfo.ba\/index.php\/wp-json\/wp\/v2\/posts\/228282"}],"collection":[{"href":"https:\/\/tuzlainfo.ba\/index.php\/wp-json\/wp\/v2\/posts"}],"about":[{"href":"https:\/\/tuzlainfo.ba\/index.php\/wp-json\/wp\/v2\/types\/post"}],"author":[{"embeddable":true,"href":"https:\/\/tuzlainfo.ba\/index.php\/wp-json\/wp\/v2\/users\/3"}],"replies":[{"embeddable":true,"href":"https:\/\/tuzlainfo.ba\/index.php\/wp-json\/wp\/v2\/comments?post=228282"}],"version-history":[{"count":1,"href":"https:\/\/tuzlainfo.ba\/index.php\/wp-json\/wp\/v2\/posts\/228282\/revisions"}],"predecessor-version":[{"id":228283,"href":"https:\/\/tuzlainfo.ba\/index.php\/wp-json\/wp\/v2\/posts\/228282\/revisions\/228283"}],"wp:featuredmedia":[{"embeddable":true,"href":"https:\/\/tuzlainfo.ba\/index.php\/wp-json\/wp\/v2\/media\/65436"}],"wp:attachment":[{"href":"https:\/\/tuzlainfo.ba\/index.php\/wp-json\/wp\/v2\/media?parent=228282"}],"wp:term":[{"taxonomy":"category","embeddable":true,"href":"https:\/\/tuzlainfo.ba\/index.php\/wp-json\/wp\/v2\/categories?post=228282"},{"taxonomy":"post_tag","embeddable":true,"href":"https:\/\/tuzlainfo.ba\/index.php\/wp-json\/wp\/v2\/tags?post=228282"}],"curies":[{"name":"wp","href":"https:\/\/api.w.org\/{rel}","templated":true}]}}