{"id":228234,"date":"2024-01-23T21:05:46","date_gmt":"2024-01-23T20:05:46","guid":{"rendered":"https:\/\/tuzlainfo.ba\/?p=228234"},"modified":"2024-01-23T17:52:22","modified_gmt":"2024-01-23T16:52:22","slug":"mladi-web-dizajneri-iz-tuzle-ne-naplacuju-svoje-usluge-udruzenjima-zele-doprinijeti-zajednici","status":"publish","type":"post","link":"https:\/\/tuzlainfo.ba\/index.php\/istaknuto\/item\/228234-mladi-web-dizajneri-iz-tuzle-ne-naplacuju-svoje-usluge-udruzenjima-zele-doprinijeti-zajednici\/","title":{"rendered":"Mladi web dizajneri iz Tuzle ne napla\u0107uju svoje usluge udru\u017eenjima, \u017eele doprinijeti zajednici"},"content":{"rendered":"<p>Dru\u0161tvenim mre\u017eama \u0161iri se informacija o mladi\u0107ima iz Tuzle, koji usluge web dizajna ne napla\u0107uju udru\u017eenjima, nevladinim organizacijama i sli\u010dnim organizacijama, \u017eele\u0107i na taj na\u010din doprinijeti zajednici.<\/p>\n<p>Naime, iz Udru\u017eenja \u017eena &#8220;\u017denska vizija&#8221; iz Tuzle, na svojoj Facebook stranici su podijelili pri\u010du o neobi\u010dnom sastanku sa dvojicom mladi\u0107a, web dizajnera, koji su se prijavili na oglas Udru\u017eenja \u017eena &#8220;\u017denska vizija&#8221;, \u017eele\u0107i u\u010destvovati u njihovom projektu, na na\u010din da im pomognu oko web dizajna.<\/p>\n<p>Kako stoji u objavi, nakon \u0161to je \u010dlanica Udru\u017eenja mladi\u0107e pitala koliko \u0107e ko\u0161tati usluga, oni su rekli da ne\u0107e ko\u0161tati ni\u0161ta, obrazol\u017eiv\u0161i to \u017eeljom da doprinesu zajednici.<\/p>\n<p>Istakli su da su na isti na\u010din pomogli i drugim udru\u017eenjima.<\/p>\n<p><a href=\"https:\/\/iframe%20src=https:\/\/www.facebook.com\/plugins\/post.php?href=https%3A%2F%2Fwww.facebook.com%2Fzenskavizija%2Fposts%2Fpfbid0Whs8T5cdNDWPkhrbxZgBaESPiszERQLRyvkj4UsRefxsbrcmzsf8KfAEZeYHdj3Kl&amp;show_text=true&amp;width=500%20width=500%20height=250%20style=border:none;overflow:hidden%20scrolling=no%20frameborder=0%20allowfullscreen=true%20allow=autoplay;%20clipboard-write;%20encrypted-media;%20picture-in-picture;%20web-share\/iframe\">https:\/\/<iframe style=\"border: none; overflow: hidden;\" src=\"https:\/\/www.facebook.com\/plugins\/post.php?href=https%3A%2F%2Fwww.facebook.com%2Fzenskavizija%2Fposts%2Fpfbid0Whs8T5cdNDWPkhrbxZgBaESPiszERQLRyvkj4UsRefxsbrcmzsf8KfAEZeYHdj3Kl&amp;show_text=true&amp;width=500\" width=\"500\" height=\"250\" frameborder=\"0\" scrolling=\"no\" allowfullscreen=\"allowfullscreen\"><\/iframe><\/a><\/p>\n<div dir=\"auto\">&#8220;To su momci koji ostavljaju bez daha svojom pame\u0107u, prosu\u0111ivanjem i spremno\u0161\u0107u da budu dobar primjer mladima .<\/div>\n<div dir=\"auto\">Sigurna sam da \u0107e se o njima jo\u0161 pisati i pri\u010dati, jer su svijetla ta\u010dka ovoga dru\u0161tva. Nada su da ima \u0161anse za BiH&#8221; &#8211; stoji u objavi Udru\u017eenja &#8220;\u017denska vizija&#8221;. \/Tuzlainfo\/<\/div>\n<div dir=\"auto\"><\/div>\n<div dir=\"auto\"><\/div>\n<p>&nbsp;<\/p>\n","protected":false},"excerpt":{"rendered":"<p>Dru\u0161tvenim mre\u017eama \u0161iri se informacija o mladi\u0107ima iz Tuzle, koji usluge web dizajna ne napla\u0107uju&hellip;<\/p>\n","protected":false},"author":4,"featured_media":228242,"comment_status":"closed","ping_status":"closed","sticky":false,"template":"","format":"standard","meta":{"_acf_changed":false,"footnotes":""},"categories":[304,12,1],"tags":[42,3322],"acf":[],"yoast_head":"<!-- This site is optimized with the Yoast SEO plugin v23.5 - https:\/\/yoast.com\/wordpress\/plugins\/seo\/ -->\n<title>Mladi web dizajneri iz Tuzle ne napla\u0107uju svoje usluge udru\u017eenjima, \u017eele doprinijeti zajednici - TuzlaInfo.ba<\/title>\n<meta name=\"robots\" content=\"index, follow, max-snippet:-1, max-image-preview:large, max-video-preview:-1\" \/>\n<link rel=\"canonical\" href=\"https:\/\/tuzlainfo.ba\/index.php\/istaknuto\/item\/228234-mladi-web-dizajneri-iz-tuzle-ne-naplacuju-svoje-usluge-udruzenjima-zele-doprinijeti-zajednici\/\" \/>\n<meta property=\"og:locale\" content=\"bs_BA\" \/>\n<meta property=\"og:type\" content=\"article\" \/>\n<meta property=\"og:title\" content=\"Mladi web dizajneri iz Tuzle ne napla\u0107uju svoje usluge udru\u017eenjima, \u017eele doprinijeti zajednici - TuzlaInfo.ba\" \/>\n<meta property=\"og:description\" content=\"Dru\u0161tvenim mre\u017eama \u0161iri se informacija o mladi\u0107ima iz Tuzle, koji usluge web dizajna ne napla\u0107uju&hellip;\" \/>\n<meta property=\"og:url\" content=\"https:\/\/tuzlainfo.ba\/index.php\/istaknuto\/item\/228234-mladi-web-dizajneri-iz-tuzle-ne-naplacuju-svoje-usluge-udruzenjima-zele-doprinijeti-zajednici\/\" \/>\n<meta property=\"og:site_name\" content=\"TuzlaInfo.ba\" \/>\n<meta property=\"article:publisher\" content=\"https:\/\/www.facebook.com\/tuzlainfo.ba\/\" \/>\n<meta property=\"article:published_time\" content=\"2024-01-23T20:05:46+00:00\" \/>\n<meta property=\"article:modified_time\" content=\"2024-01-23T16:52:22+00:00\" \/>\n<meta property=\"og:image\" content=\"https:\/\/tuzlainfo.ba\/wp-content\/uploads\/2024\/01\/zenska-vizija.jpg\" \/>\n\t<meta property=\"og:image:width\" content=\"2040\" \/>\n\t<meta property=\"og:image:height\" content=\"1148\" \/>\n\t<meta property=\"og:image:type\" content=\"image\/jpeg\" \/>\n<meta name=\"author\" content=\"Tuzla Info\" \/>\n<meta name=\"twitter:card\" content=\"summary_large_image\" \/>\n<meta name=\"twitter:label1\" content=\"Written by\" \/>\n\t<meta name=\"twitter:data1\" content=\"Tuzla Info\" \/>\n\t<meta name=\"twitter:label2\" content=\"Est. reading time\" \/>\n\t<meta name=\"twitter:data2\" content=\"1 minuta\" \/>\n<script type=\"application\/ld+json\" class=\"yoast-schema-graph\">{\"@context\":\"https:\/\/schema.org\",\"@graph\":[{\"@type\":\"Article\",\"@id\":\"https:\/\/tuzlainfo.ba\/index.php\/istaknuto\/item\/228234-mladi-web-dizajneri-iz-tuzle-ne-naplacuju-svoje-usluge-udruzenjima-zele-doprinijeti-zajednici\/#article\",\"isPartOf\":{\"@id\":\"https:\/\/tuzlainfo.ba\/index.php\/istaknuto\/item\/228234-mladi-web-dizajneri-iz-tuzle-ne-naplacuju-svoje-usluge-udruzenjima-zele-doprinijeti-zajednici\/\"},\"author\":{\"name\":\"Tuzla Info\",\"@id\":\"https:\/\/tuzlainfo.ba\/#\/schema\/person\/46cad4c57790cbc50781edd14870825a\"},\"headline\":\"Mladi web dizajneri iz Tuzle ne napla\u0107uju svoje usluge udru\u017eenjima, \u017eele doprinijeti zajednici\",\"datePublished\":\"2024-01-23T20:05:46+00:00\",\"dateModified\":\"2024-01-23T16:52:22+00:00\",\"mainEntityOfPage\":{\"@id\":\"https:\/\/tuzlainfo.ba\/index.php\/istaknuto\/item\/228234-mladi-web-dizajneri-iz-tuzle-ne-naplacuju-svoje-usluge-udruzenjima-zele-doprinijeti-zajednici\/\"},\"wordCount\":211,\"publisher\":{\"@id\":\"https:\/\/tuzlainfo.ba\/#organization\"},\"image\":{\"@id\":\"https:\/\/tuzlainfo.ba\/index.php\/istaknuto\/item\/228234-mladi-web-dizajneri-iz-tuzle-ne-naplacuju-svoje-usluge-udruzenjima-zele-doprinijeti-zajednici\/#primaryimage\"},\"thumbnailUrl\":\"https:\/\/tuzlainfo.ba\/wp-content\/uploads\/2024\/01\/zenska-vizija.jpg\",\"keywords\":[\"tuzla\",\"Udru\u017eenje \u017denska vizija\"],\"articleSection\":[\"Istaknuto\",\"Novosti\",\"Uncategorized\"],\"inLanguage\":\"bs-BA\"},{\"@type\":\"WebPage\",\"@id\":\"https:\/\/tuzlainfo.ba\/index.php\/istaknuto\/item\/228234-mladi-web-dizajneri-iz-tuzle-ne-naplacuju-svoje-usluge-udruzenjima-zele-doprinijeti-zajednici\/\",\"url\":\"https:\/\/tuzlainfo.ba\/index.php\/istaknuto\/item\/228234-mladi-web-dizajneri-iz-tuzle-ne-naplacuju-svoje-usluge-udruzenjima-zele-doprinijeti-zajednici\/\",\"name\":\"Mladi web dizajneri iz Tuzle ne napla\u0107uju svoje usluge udru\u017eenjima, \u017eele doprinijeti zajednici - TuzlaInfo.ba\",\"isPartOf\":{\"@id\":\"https:\/\/tuzlainfo.ba\/#website\"},\"primaryImageOfPage\":{\"@id\":\"https:\/\/tuzlainfo.ba\/index.php\/istaknuto\/item\/228234-mladi-web-dizajneri-iz-tuzle-ne-naplacuju-svoje-usluge-udruzenjima-zele-doprinijeti-zajednici\/#primaryimage\"},\"image\":{\"@id\":\"https:\/\/tuzlainfo.ba\/index.php\/istaknuto\/item\/228234-mladi-web-dizajneri-iz-tuzle-ne-naplacuju-svoje-usluge-udruzenjima-zele-doprinijeti-zajednici\/#primaryimage\"},\"thumbnailUrl\":\"https:\/\/tuzlainfo.ba\/wp-content\/uploads\/2024\/01\/zenska-vizija.jpg\",\"datePublished\":\"2024-01-23T20:05:46+00:00\",\"dateModified\":\"2024-01-23T16:52:22+00:00\",\"breadcrumb\":{\"@id\":\"https:\/\/tuzlainfo.ba\/index.php\/istaknuto\/item\/228234-mladi-web-dizajneri-iz-tuzle-ne-naplacuju-svoje-usluge-udruzenjima-zele-doprinijeti-zajednici\/#breadcrumb\"},\"inLanguage\":\"bs-BA\",\"potentialAction\":[{\"@type\":\"ReadAction\",\"target\":[\"https:\/\/tuzlainfo.ba\/index.php\/istaknuto\/item\/228234-mladi-web-dizajneri-iz-tuzle-ne-naplacuju-svoje-usluge-udruzenjima-zele-doprinijeti-zajednici\/\"]}]},{\"@type\":\"ImageObject\",\"inLanguage\":\"bs-BA\",\"@id\":\"https:\/\/tuzlainfo.ba\/index.php\/istaknuto\/item\/228234-mladi-web-dizajneri-iz-tuzle-ne-naplacuju-svoje-usluge-udruzenjima-zele-doprinijeti-zajednici\/#primaryimage\",\"url\":\"https:\/\/tuzlainfo.ba\/wp-content\/uploads\/2024\/01\/zenska-vizija.jpg\",\"contentUrl\":\"https:\/\/tuzlainfo.ba\/wp-content\/uploads\/2024\/01\/zenska-vizija.jpg\",\"width\":2040,\"height\":1148},{\"@type\":\"BreadcrumbList\",\"@id\":\"https:\/\/tuzlainfo.ba\/index.php\/istaknuto\/item\/228234-mladi-web-dizajneri-iz-tuzle-ne-naplacuju-svoje-usluge-udruzenjima-zele-doprinijeti-zajednici\/#breadcrumb\",\"itemListElement\":[{\"@type\":\"ListItem\",\"position\":1,\"name\":\"Home\",\"item\":\"https:\/\/tuzlainfo.ba\/\"},{\"@type\":\"ListItem\",\"position\":2,\"name\":\"Mladi web dizajneri iz Tuzle ne napla\u0107uju svoje usluge udru\u017eenjima, \u017eele doprinijeti zajednici\"}]},{\"@type\":\"WebSite\",\"@id\":\"https:\/\/tuzlainfo.ba\/#website\",\"url\":\"https:\/\/tuzlainfo.ba\/\",\"name\":\"TuzlaInfo.ba\",\"description\":\"Tuzla info, gradski informator - Tuzla na dlanu\",\"publisher\":{\"@id\":\"https:\/\/tuzlainfo.ba\/#organization\"},\"potentialAction\":[{\"@type\":\"SearchAction\",\"target\":{\"@type\":\"EntryPoint\",\"urlTemplate\":\"https:\/\/tuzlainfo.ba\/?s={search_term_string}\"},\"query-input\":{\"@type\":\"PropertyValueSpecification\",\"valueRequired\":true,\"valueName\":\"search_term_string\"}}],\"inLanguage\":\"bs-BA\"},{\"@type\":\"Organization\",\"@id\":\"https:\/\/tuzlainfo.ba\/#organization\",\"name\":\"TuzlaInfo.ba\",\"url\":\"https:\/\/tuzlainfo.ba\/\",\"logo\":{\"@type\":\"ImageObject\",\"inLanguage\":\"bs-BA\",\"@id\":\"https:\/\/tuzlainfo.ba\/#\/schema\/logo\/image\/\",\"url\":\"https:\/\/tuzlainfo.ba\/wp-content\/uploads\/2021\/03\/logo-ver-3-1.png\",\"contentUrl\":\"https:\/\/tuzlainfo.ba\/wp-content\/uploads\/2021\/03\/logo-ver-3-1.png\",\"width\":350,\"height\":95,\"caption\":\"TuzlaInfo.ba\"},\"image\":{\"@id\":\"https:\/\/tuzlainfo.ba\/#\/schema\/logo\/image\/\"},\"sameAs\":[\"https:\/\/www.facebook.com\/tuzlainfo.ba\/\"]},{\"@type\":\"Person\",\"@id\":\"https:\/\/tuzlainfo.ba\/#\/schema\/person\/46cad4c57790cbc50781edd14870825a\",\"name\":\"Tuzla Info\",\"image\":{\"@type\":\"ImageObject\",\"inLanguage\":\"bs-BA\",\"@id\":\"https:\/\/tuzlainfo.ba\/#\/schema\/person\/image\/\",\"url\":\"https:\/\/tuzlainfo.ba\/wp-content\/litespeed\/avatar\/b6c453a6c38e3654f2e4416c643fc25c.jpg?ver=1777051911\",\"contentUrl\":\"https:\/\/tuzlainfo.ba\/wp-content\/litespeed\/avatar\/b6c453a6c38e3654f2e4416c643fc25c.jpg?ver=1777051911\",\"caption\":\"Tuzla Info\"}}]}<\/script>\n<!-- \/ Yoast SEO plugin. -->","yoast_head_json":{"title":"Mladi web dizajneri iz Tuzle ne napla\u0107uju svoje usluge udru\u017eenjima, \u017eele doprinijeti zajednici - TuzlaInfo.ba","robots":{"index":"index","follow":"follow","max-snippet":"max-snippet:-1","max-image-preview":"max-image-preview:large","max-video-preview":"max-video-preview:-1"},"canonical":"https:\/\/tuzlainfo.ba\/index.php\/istaknuto\/item\/228234-mladi-web-dizajneri-iz-tuzle-ne-naplacuju-svoje-usluge-udruzenjima-zele-doprinijeti-zajednici\/","og_locale":"bs_BA","og_type":"article","og_title":"Mladi web dizajneri iz Tuzle ne napla\u0107uju svoje usluge udru\u017eenjima, \u017eele doprinijeti zajednici - TuzlaInfo.ba","og_description":"Dru\u0161tvenim mre\u017eama \u0161iri se informacija o mladi\u0107ima iz Tuzle, koji usluge web dizajna ne napla\u0107uju&hellip;","og_url":"https:\/\/tuzlainfo.ba\/index.php\/istaknuto\/item\/228234-mladi-web-dizajneri-iz-tuzle-ne-naplacuju-svoje-usluge-udruzenjima-zele-doprinijeti-zajednici\/","og_site_name":"TuzlaInfo.ba","article_publisher":"https:\/\/www.facebook.com\/tuzlainfo.ba\/","article_published_time":"2024-01-23T20:05:46+00:00","article_modified_time":"2024-01-23T16:52:22+00:00","og_image":[{"width":2040,"height":1148,"url":"https:\/\/tuzlainfo.ba\/wp-content\/uploads\/2024\/01\/zenska-vizija.jpg","type":"image\/jpeg"}],"author":"Tuzla Info","twitter_card":"summary_large_image","twitter_misc":{"Written by":"Tuzla Info","Est. reading time":"1 minuta"},"schema":{"@context":"https:\/\/schema.org","@graph":[{"@type":"Article","@id":"https:\/\/tuzlainfo.ba\/index.php\/istaknuto\/item\/228234-mladi-web-dizajneri-iz-tuzle-ne-naplacuju-svoje-usluge-udruzenjima-zele-doprinijeti-zajednici\/#article","isPartOf":{"@id":"https:\/\/tuzlainfo.ba\/index.php\/istaknuto\/item\/228234-mladi-web-dizajneri-iz-tuzle-ne-naplacuju-svoje-usluge-udruzenjima-zele-doprinijeti-zajednici\/"},"author":{"name":"Tuzla Info","@id":"https:\/\/tuzlainfo.ba\/#\/schema\/person\/46cad4c57790cbc50781edd14870825a"},"headline":"Mladi web dizajneri iz Tuzle ne napla\u0107uju svoje usluge udru\u017eenjima, \u017eele doprinijeti zajednici","datePublished":"2024-01-23T20:05:46+00:00","dateModified":"2024-01-23T16:52:22+00:00","mainEntityOfPage":{"@id":"https:\/\/tuzlainfo.ba\/index.php\/istaknuto\/item\/228234-mladi-web-dizajneri-iz-tuzle-ne-naplacuju-svoje-usluge-udruzenjima-zele-doprinijeti-zajednici\/"},"wordCount":211,"publisher":{"@id":"https:\/\/tuzlainfo.ba\/#organization"},"image":{"@id":"https:\/\/tuzlainfo.ba\/index.php\/istaknuto\/item\/228234-mladi-web-dizajneri-iz-tuzle-ne-naplacuju-svoje-usluge-udruzenjima-zele-doprinijeti-zajednici\/#primaryimage"},"thumbnailUrl":"https:\/\/tuzlainfo.ba\/wp-content\/uploads\/2024\/01\/zenska-vizija.jpg","keywords":["tuzla","Udru\u017eenje \u017denska vizija"],"articleSection":["Istaknuto","Novosti","Uncategorized"],"inLanguage":"bs-BA"},{"@type":"WebPage","@id":"https:\/\/tuzlainfo.ba\/index.php\/istaknuto\/item\/228234-mladi-web-dizajneri-iz-tuzle-ne-naplacuju-svoje-usluge-udruzenjima-zele-doprinijeti-zajednici\/","url":"https:\/\/tuzlainfo.ba\/index.php\/istaknuto\/item\/228234-mladi-web-dizajneri-iz-tuzle-ne-naplacuju-svoje-usluge-udruzenjima-zele-doprinijeti-zajednici\/","name":"Mladi web dizajneri iz Tuzle ne napla\u0107uju svoje usluge udru\u017eenjima, \u017eele doprinijeti zajednici - TuzlaInfo.ba","isPartOf":{"@id":"https:\/\/tuzlainfo.ba\/#website"},"primaryImageOfPage":{"@id":"https:\/\/tuzlainfo.ba\/index.php\/istaknuto\/item\/228234-mladi-web-dizajneri-iz-tuzle-ne-naplacuju-svoje-usluge-udruzenjima-zele-doprinijeti-zajednici\/#primaryimage"},"image":{"@id":"https:\/\/tuzlainfo.ba\/index.php\/istaknuto\/item\/228234-mladi-web-dizajneri-iz-tuzle-ne-naplacuju-svoje-usluge-udruzenjima-zele-doprinijeti-zajednici\/#primaryimage"},"thumbnailUrl":"https:\/\/tuzlainfo.ba\/wp-content\/uploads\/2024\/01\/zenska-vizija.jpg","datePublished":"2024-01-23T20:05:46+00:00","dateModified":"2024-01-23T16:52:22+00:00","breadcrumb":{"@id":"https:\/\/tuzlainfo.ba\/index.php\/istaknuto\/item\/228234-mladi-web-dizajneri-iz-tuzle-ne-naplacuju-svoje-usluge-udruzenjima-zele-doprinijeti-zajednici\/#breadcrumb"},"inLanguage":"bs-BA","potentialAction":[{"@type":"ReadAction","target":["https:\/\/tuzlainfo.ba\/index.php\/istaknuto\/item\/228234-mladi-web-dizajneri-iz-tuzle-ne-naplacuju-svoje-usluge-udruzenjima-zele-doprinijeti-zajednici\/"]}]},{"@type":"ImageObject","inLanguage":"bs-BA","@id":"https:\/\/tuzlainfo.ba\/index.php\/istaknuto\/item\/228234-mladi-web-dizajneri-iz-tuzle-ne-naplacuju-svoje-usluge-udruzenjima-zele-doprinijeti-zajednici\/#primaryimage","url":"https:\/\/tuzlainfo.ba\/wp-content\/uploads\/2024\/01\/zenska-vizija.jpg","contentUrl":"https:\/\/tuzlainfo.ba\/wp-content\/uploads\/2024\/01\/zenska-vizija.jpg","width":2040,"height":1148},{"@type":"BreadcrumbList","@id":"https:\/\/tuzlainfo.ba\/index.php\/istaknuto\/item\/228234-mladi-web-dizajneri-iz-tuzle-ne-naplacuju-svoje-usluge-udruzenjima-zele-doprinijeti-zajednici\/#breadcrumb","itemListElement":[{"@type":"ListItem","position":1,"name":"Home","item":"https:\/\/tuzlainfo.ba\/"},{"@type":"ListItem","position":2,"name":"Mladi web dizajneri iz Tuzle ne napla\u0107uju svoje usluge udru\u017eenjima, \u017eele doprinijeti zajednici"}]},{"@type":"WebSite","@id":"https:\/\/tuzlainfo.ba\/#website","url":"https:\/\/tuzlainfo.ba\/","name":"TuzlaInfo.ba","description":"Tuzla info, gradski informator - Tuzla na dlanu","publisher":{"@id":"https:\/\/tuzlainfo.ba\/#organization"},"potentialAction":[{"@type":"SearchAction","target":{"@type":"EntryPoint","urlTemplate":"https:\/\/tuzlainfo.ba\/?s={search_term_string}"},"query-input":{"@type":"PropertyValueSpecification","valueRequired":true,"valueName":"search_term_string"}}],"inLanguage":"bs-BA"},{"@type":"Organization","@id":"https:\/\/tuzlainfo.ba\/#organization","name":"TuzlaInfo.ba","url":"https:\/\/tuzlainfo.ba\/","logo":{"@type":"ImageObject","inLanguage":"bs-BA","@id":"https:\/\/tuzlainfo.ba\/#\/schema\/logo\/image\/","url":"https:\/\/tuzlainfo.ba\/wp-content\/uploads\/2021\/03\/logo-ver-3-1.png","contentUrl":"https:\/\/tuzlainfo.ba\/wp-content\/uploads\/2021\/03\/logo-ver-3-1.png","width":350,"height":95,"caption":"TuzlaInfo.ba"},"image":{"@id":"https:\/\/tuzlainfo.ba\/#\/schema\/logo\/image\/"},"sameAs":["https:\/\/www.facebook.com\/tuzlainfo.ba\/"]},{"@type":"Person","@id":"https:\/\/tuzlainfo.ba\/#\/schema\/person\/46cad4c57790cbc50781edd14870825a","name":"Tuzla Info","image":{"@type":"ImageObject","inLanguage":"bs-BA","@id":"https:\/\/tuzlainfo.ba\/#\/schema\/person\/image\/","url":"https:\/\/tuzlainfo.ba\/wp-content\/litespeed\/avatar\/b6c453a6c38e3654f2e4416c643fc25c.jpg?ver=1777051911","contentUrl":"https:\/\/tuzlainfo.ba\/wp-content\/litespeed\/avatar\/b6c453a6c38e3654f2e4416c643fc25c.jpg?ver=1777051911","caption":"Tuzla Info"}}]}},"_links":{"self":[{"href":"https:\/\/tuzlainfo.ba\/index.php\/wp-json\/wp\/v2\/posts\/228234"}],"collection":[{"href":"https:\/\/tuzlainfo.ba\/index.php\/wp-json\/wp\/v2\/posts"}],"about":[{"href":"https:\/\/tuzlainfo.ba\/index.php\/wp-json\/wp\/v2\/types\/post"}],"author":[{"embeddable":true,"href":"https:\/\/tuzlainfo.ba\/index.php\/wp-json\/wp\/v2\/users\/4"}],"replies":[{"embeddable":true,"href":"https:\/\/tuzlainfo.ba\/index.php\/wp-json\/wp\/v2\/comments?post=228234"}],"version-history":[{"count":1,"href":"https:\/\/tuzlainfo.ba\/index.php\/wp-json\/wp\/v2\/posts\/228234\/revisions"}],"predecessor-version":[{"id":228243,"href":"https:\/\/tuzlainfo.ba\/index.php\/wp-json\/wp\/v2\/posts\/228234\/revisions\/228243"}],"wp:featuredmedia":[{"embeddable":true,"href":"https:\/\/tuzlainfo.ba\/index.php\/wp-json\/wp\/v2\/media\/228242"}],"wp:attachment":[{"href":"https:\/\/tuzlainfo.ba\/index.php\/wp-json\/wp\/v2\/media?parent=228234"}],"wp:term":[{"taxonomy":"category","embeddable":true,"href":"https:\/\/tuzlainfo.ba\/index.php\/wp-json\/wp\/v2\/categories?post=228234"},{"taxonomy":"post_tag","embeddable":true,"href":"https:\/\/tuzlainfo.ba\/index.php\/wp-json\/wp\/v2\/tags?post=228234"}],"curies":[{"name":"wp","href":"https:\/\/api.w.org\/{rel}","templated":true}]}}