{"id":228166,"date":"2024-01-22T21:04:52","date_gmt":"2024-01-22T20:04:52","guid":{"rendered":"https:\/\/tuzlainfo.ba\/?p=228166"},"modified":"2024-01-22T18:56:48","modified_gmt":"2024-01-22T17:56:48","slug":"u-bih-i-dalje-traje-nestasica-lijekova-za-jedan-djeciji-sirup-nema-zamjene","status":"publish","type":"post","link":"https:\/\/tuzlainfo.ba\/index.php\/istaknuto\/item\/228166-u-bih-i-dalje-traje-nestasica-lijekova-za-jedan-djeciji-sirup-nema-zamjene\/","title":{"rendered":"U BiH i dalje traje nesta\u0161ica lijekova, za jedan dje\u010diji sirup nema zamjene"},"content":{"rendered":"<p>Stanje s nesta\u0161icom lijekova na tr\u017ei\u0161tu Bosne i Hercegovine mijenja se iz dana u dana, trenuta\u010dno nema adekvatne zamjene za dje\u010dji sirup Ospen 750, antibiotik iz grupe penicilina, dok su se neki od 25 lijekova koji su bili deficitarni, kako je objavila Agencija za lijekova BiH, pojavili na tr\u017ei\u0161tu.<\/p>\n<p>&#8211; U posljednjih nekoliko dana pristigle su odre\u0111ene koli\u010dine lijekova koje su do sada bile u defekturi, a isto tako pojavljuje se defektura nekih lijekova koje smo imali &#8211; kazao je Feni Marin Crnogorac, predsjednik Komore magistara farmacije Federacije BiH.<\/p>\n<p>Dodaje kako nije problem samo u nedostatku antibiotika, nego se nesta\u0161ice pojavljuju i kod drugih grupa lijekova.<\/p>\n<p>Me\u0111utim, napominje, ve\u0107i broj ovih lijekova ima adekvatnu zamjenu tj. radi se o generi\u010dki istovjetnom lijeku drugog tvorni\u010dkog naziva pa tako zasada nema ve\u0107ih problema u opskrbi lijekovima na\u0161ih pacijenata.<\/p>\n<p>&#8211; Trenutno nemamo adekvatnu zamjenu za dje\u010dji sirup Ospen 750 \u0161to mi se u ovom trenutku \u010dini kao ve\u0107i problem \u2013 rekao je Crnogorac.<\/p>\n<p>Na pitanje \u0161to mo\u017eemo o\u010dekivati do kraja godine, tj. s kojim bi se problemima sve mogli suo\u010diti prilikom opskrbe lijekovima, odgovara kako se to mo\u017ee samo naga\u0111ati, podsjetiv\u0161i da je Europska komisija donijela odluku o zabrani izvoza 250 molekula lijekova iz EU-a.<\/p>\n<p>&#8211; Kakve posljedice \u0107e to imati za BiH, ne mo\u017eemo predvidjeti. Na\u0161 problem je taj da od razdoblja kad se odre\u0111eni lijek registrira u EU do registracije u BiH pro\u0111e 800 dana. U zadnjih pet godina na tr\u017ei\u0161te BiH nije do\u0161ao nijedan inovativni lijek. Vi\u0161e je razloga za to, a jedan je i taj da bi lijek do\u0161ao na esencijalnu listu treba pro\u0107i 13 tendera u BiH &#8211;\u00a0isti\u010de predsjednik Komore magistara farmacije Federacije BiH.<\/p>\n<p>Sve \u017eupanije u Federaciji BiH imaju svoju esencijalnu listu i ona se razlikuje od \u017eupanije do \u017eupanije. Tako\u0111er svoju listu lijekova ima RS kao i Br\u010dko distrikt. Kao posljedica svih ovih problema velike strane farmaceutske kompanije pokazuje sve manje interesa za tr\u017ei\u0161te BiH, rekao je Crnogorac, zaklju\u010div\u0161i da je dobro \u0161to doma\u0107i proizvo\u0111a\u010di mogu zadovoljiti ve\u0107i dio potreba stanovni\u0161tva lijekovima u BiH, negdje oko 70 posto.<\/p>\n","protected":false},"excerpt":{"rendered":"<p>Stanje s nesta\u0161icom lijekova na tr\u017ei\u0161tu Bosne i Hercegovine mijenja se iz dana u dana,&hellip;<\/p>\n","protected":false},"author":4,"featured_media":74578,"comment_status":"closed","ping_status":"closed","sticky":false,"template":"","format":"standard","meta":{"_acf_changed":false,"footnotes":""},"categories":[291,304,1],"tags":[706,28,4955],"acf":[],"yoast_head":"<!-- This site is optimized with the Yoast SEO plugin v23.5 - https:\/\/yoast.com\/wordpress\/plugins\/seo\/ -->\n<title>U BiH i dalje traje nesta\u0161ica lijekova, za jedan dje\u010diji sirup nema zamjene - TuzlaInfo.ba<\/title>\n<meta name=\"robots\" content=\"index, follow, max-snippet:-1, max-image-preview:large, max-video-preview:-1\" \/>\n<link rel=\"canonical\" href=\"https:\/\/tuzlainfo.ba\/index.php\/istaknuto\/item\/228166-u-bih-i-dalje-traje-nestasica-lijekova-za-jedan-djeciji-sirup-nema-zamjene\/\" \/>\n<meta property=\"og:locale\" content=\"bs_BA\" \/>\n<meta property=\"og:type\" content=\"article\" \/>\n<meta property=\"og:title\" content=\"U BiH i dalje traje nesta\u0161ica lijekova, za jedan dje\u010diji sirup nema zamjene - TuzlaInfo.ba\" \/>\n<meta property=\"og:description\" content=\"Stanje s nesta\u0161icom lijekova na tr\u017ei\u0161tu Bosne i Hercegovine mijenja se iz dana u dana,&hellip;\" \/>\n<meta property=\"og:url\" content=\"https:\/\/tuzlainfo.ba\/index.php\/istaknuto\/item\/228166-u-bih-i-dalje-traje-nestasica-lijekova-za-jedan-djeciji-sirup-nema-zamjene\/\" \/>\n<meta property=\"og:site_name\" content=\"TuzlaInfo.ba\" \/>\n<meta property=\"article:publisher\" content=\"https:\/\/www.facebook.com\/tuzlainfo.ba\/\" \/>\n<meta property=\"article:published_time\" content=\"2024-01-22T20:04:52+00:00\" \/>\n<meta property=\"article:modified_time\" content=\"2024-01-22T17:56:48+00:00\" \/>\n<meta property=\"og:image\" content=\"https:\/\/tuzlainfo.ba\/wp-content\/uploads\/2019\/11\/sadrzaj_2019_20191101_0611_lijekovi.jpg\" \/>\n\t<meta property=\"og:image:width\" content=\"770\" \/>\n\t<meta property=\"og:image:height\" content=\"512\" \/>\n\t<meta property=\"og:image:type\" content=\"image\/jpeg\" \/>\n<meta name=\"author\" content=\"Tuzla Info\" \/>\n<meta name=\"twitter:card\" content=\"summary_large_image\" \/>\n<meta name=\"twitter:label1\" content=\"Written by\" \/>\n\t<meta name=\"twitter:data1\" content=\"Tuzla Info\" \/>\n\t<meta name=\"twitter:label2\" content=\"Est. reading time\" \/>\n\t<meta name=\"twitter:data2\" content=\"2 minute\" \/>\n<script type=\"application\/ld+json\" class=\"yoast-schema-graph\">{\"@context\":\"https:\/\/schema.org\",\"@graph\":[{\"@type\":\"Article\",\"@id\":\"https:\/\/tuzlainfo.ba\/index.php\/istaknuto\/item\/228166-u-bih-i-dalje-traje-nestasica-lijekova-za-jedan-djeciji-sirup-nema-zamjene\/#article\",\"isPartOf\":{\"@id\":\"https:\/\/tuzlainfo.ba\/index.php\/istaknuto\/item\/228166-u-bih-i-dalje-traje-nestasica-lijekova-za-jedan-djeciji-sirup-nema-zamjene\/\"},\"author\":{\"name\":\"Tuzla Info\",\"@id\":\"https:\/\/tuzlainfo.ba\/#\/schema\/person\/46cad4c57790cbc50781edd14870825a\"},\"headline\":\"U BiH i dalje traje nesta\u0161ica lijekova, za jedan dje\u010diji sirup nema zamjene\",\"datePublished\":\"2024-01-22T20:04:52+00:00\",\"dateModified\":\"2024-01-22T17:56:48+00:00\",\"mainEntityOfPage\":{\"@id\":\"https:\/\/tuzlainfo.ba\/index.php\/istaknuto\/item\/228166-u-bih-i-dalje-traje-nestasica-lijekova-za-jedan-djeciji-sirup-nema-zamjene\/\"},\"wordCount\":395,\"publisher\":{\"@id\":\"https:\/\/tuzlainfo.ba\/#organization\"},\"image\":{\"@id\":\"https:\/\/tuzlainfo.ba\/index.php\/istaknuto\/item\/228166-u-bih-i-dalje-traje-nestasica-lijekova-za-jedan-djeciji-sirup-nema-zamjene\/#primaryimage\"},\"thumbnailUrl\":\"https:\/\/tuzlainfo.ba\/wp-content\/uploads\/2019\/11\/sadrzaj_2019_20191101_0611_lijekovi.jpg\",\"keywords\":[\"bih\",\"lijekovi\",\"nesta\u0161ica\"],\"articleSection\":[\"Bosna i Hercegovina\",\"Istaknuto\",\"Uncategorized\"],\"inLanguage\":\"bs-BA\"},{\"@type\":\"WebPage\",\"@id\":\"https:\/\/tuzlainfo.ba\/index.php\/istaknuto\/item\/228166-u-bih-i-dalje-traje-nestasica-lijekova-za-jedan-djeciji-sirup-nema-zamjene\/\",\"url\":\"https:\/\/tuzlainfo.ba\/index.php\/istaknuto\/item\/228166-u-bih-i-dalje-traje-nestasica-lijekova-za-jedan-djeciji-sirup-nema-zamjene\/\",\"name\":\"U BiH i dalje traje nesta\u0161ica lijekova, za jedan dje\u010diji sirup nema zamjene - TuzlaInfo.ba\",\"isPartOf\":{\"@id\":\"https:\/\/tuzlainfo.ba\/#website\"},\"primaryImageOfPage\":{\"@id\":\"https:\/\/tuzlainfo.ba\/index.php\/istaknuto\/item\/228166-u-bih-i-dalje-traje-nestasica-lijekova-za-jedan-djeciji-sirup-nema-zamjene\/#primaryimage\"},\"image\":{\"@id\":\"https:\/\/tuzlainfo.ba\/index.php\/istaknuto\/item\/228166-u-bih-i-dalje-traje-nestasica-lijekova-za-jedan-djeciji-sirup-nema-zamjene\/#primaryimage\"},\"thumbnailUrl\":\"https:\/\/tuzlainfo.ba\/wp-content\/uploads\/2019\/11\/sadrzaj_2019_20191101_0611_lijekovi.jpg\",\"datePublished\":\"2024-01-22T20:04:52+00:00\",\"dateModified\":\"2024-01-22T17:56:48+00:00\",\"breadcrumb\":{\"@id\":\"https:\/\/tuzlainfo.ba\/index.php\/istaknuto\/item\/228166-u-bih-i-dalje-traje-nestasica-lijekova-za-jedan-djeciji-sirup-nema-zamjene\/#breadcrumb\"},\"inLanguage\":\"bs-BA\",\"potentialAction\":[{\"@type\":\"ReadAction\",\"target\":[\"https:\/\/tuzlainfo.ba\/index.php\/istaknuto\/item\/228166-u-bih-i-dalje-traje-nestasica-lijekova-za-jedan-djeciji-sirup-nema-zamjene\/\"]}]},{\"@type\":\"ImageObject\",\"inLanguage\":\"bs-BA\",\"@id\":\"https:\/\/tuzlainfo.ba\/index.php\/istaknuto\/item\/228166-u-bih-i-dalje-traje-nestasica-lijekova-za-jedan-djeciji-sirup-nema-zamjene\/#primaryimage\",\"url\":\"https:\/\/tuzlainfo.ba\/wp-content\/uploads\/2019\/11\/sadrzaj_2019_20191101_0611_lijekovi.jpg\",\"contentUrl\":\"https:\/\/tuzlainfo.ba\/wp-content\/uploads\/2019\/11\/sadrzaj_2019_20191101_0611_lijekovi.jpg\",\"width\":770,\"height\":512,\"caption\":\"Foto: Ilustracija\"},{\"@type\":\"BreadcrumbList\",\"@id\":\"https:\/\/tuzlainfo.ba\/index.php\/istaknuto\/item\/228166-u-bih-i-dalje-traje-nestasica-lijekova-za-jedan-djeciji-sirup-nema-zamjene\/#breadcrumb\",\"itemListElement\":[{\"@type\":\"ListItem\",\"position\":1,\"name\":\"Home\",\"item\":\"https:\/\/tuzlainfo.ba\/\"},{\"@type\":\"ListItem\",\"position\":2,\"name\":\"U BiH i dalje traje nesta\u0161ica lijekova, za jedan dje\u010diji sirup nema zamjene\"}]},{\"@type\":\"WebSite\",\"@id\":\"https:\/\/tuzlainfo.ba\/#website\",\"url\":\"https:\/\/tuzlainfo.ba\/\",\"name\":\"TuzlaInfo.ba\",\"description\":\"Tuzla info, gradski informator - Tuzla na dlanu\",\"publisher\":{\"@id\":\"https:\/\/tuzlainfo.ba\/#organization\"},\"potentialAction\":[{\"@type\":\"SearchAction\",\"target\":{\"@type\":\"EntryPoint\",\"urlTemplate\":\"https:\/\/tuzlainfo.ba\/?s={search_term_string}\"},\"query-input\":{\"@type\":\"PropertyValueSpecification\",\"valueRequired\":true,\"valueName\":\"search_term_string\"}}],\"inLanguage\":\"bs-BA\"},{\"@type\":\"Organization\",\"@id\":\"https:\/\/tuzlainfo.ba\/#organization\",\"name\":\"TuzlaInfo.ba\",\"url\":\"https:\/\/tuzlainfo.ba\/\",\"logo\":{\"@type\":\"ImageObject\",\"inLanguage\":\"bs-BA\",\"@id\":\"https:\/\/tuzlainfo.ba\/#\/schema\/logo\/image\/\",\"url\":\"https:\/\/tuzlainfo.ba\/wp-content\/uploads\/2021\/03\/logo-ver-3-1.png\",\"contentUrl\":\"https:\/\/tuzlainfo.ba\/wp-content\/uploads\/2021\/03\/logo-ver-3-1.png\",\"width\":350,\"height\":95,\"caption\":\"TuzlaInfo.ba\"},\"image\":{\"@id\":\"https:\/\/tuzlainfo.ba\/#\/schema\/logo\/image\/\"},\"sameAs\":[\"https:\/\/www.facebook.com\/tuzlainfo.ba\/\"]},{\"@type\":\"Person\",\"@id\":\"https:\/\/tuzlainfo.ba\/#\/schema\/person\/46cad4c57790cbc50781edd14870825a\",\"name\":\"Tuzla Info\",\"image\":{\"@type\":\"ImageObject\",\"inLanguage\":\"bs-BA\",\"@id\":\"https:\/\/tuzlainfo.ba\/#\/schema\/person\/image\/\",\"url\":\"https:\/\/tuzlainfo.ba\/wp-content\/litespeed\/avatar\/b6c453a6c38e3654f2e4416c643fc25c.jpg?ver=1777051911\",\"contentUrl\":\"https:\/\/tuzlainfo.ba\/wp-content\/litespeed\/avatar\/b6c453a6c38e3654f2e4416c643fc25c.jpg?ver=1777051911\",\"caption\":\"Tuzla Info\"}}]}<\/script>\n<!-- \/ Yoast SEO plugin. -->","yoast_head_json":{"title":"U BiH i dalje traje nesta\u0161ica lijekova, za jedan dje\u010diji sirup nema zamjene - TuzlaInfo.ba","robots":{"index":"index","follow":"follow","max-snippet":"max-snippet:-1","max-image-preview":"max-image-preview:large","max-video-preview":"max-video-preview:-1"},"canonical":"https:\/\/tuzlainfo.ba\/index.php\/istaknuto\/item\/228166-u-bih-i-dalje-traje-nestasica-lijekova-za-jedan-djeciji-sirup-nema-zamjene\/","og_locale":"bs_BA","og_type":"article","og_title":"U BiH i dalje traje nesta\u0161ica lijekova, za jedan dje\u010diji sirup nema zamjene - TuzlaInfo.ba","og_description":"Stanje s nesta\u0161icom lijekova na tr\u017ei\u0161tu Bosne i Hercegovine mijenja se iz dana u dana,&hellip;","og_url":"https:\/\/tuzlainfo.ba\/index.php\/istaknuto\/item\/228166-u-bih-i-dalje-traje-nestasica-lijekova-za-jedan-djeciji-sirup-nema-zamjene\/","og_site_name":"TuzlaInfo.ba","article_publisher":"https:\/\/www.facebook.com\/tuzlainfo.ba\/","article_published_time":"2024-01-22T20:04:52+00:00","article_modified_time":"2024-01-22T17:56:48+00:00","og_image":[{"width":770,"height":512,"url":"https:\/\/tuzlainfo.ba\/wp-content\/uploads\/2019\/11\/sadrzaj_2019_20191101_0611_lijekovi.jpg","type":"image\/jpeg"}],"author":"Tuzla Info","twitter_card":"summary_large_image","twitter_misc":{"Written by":"Tuzla Info","Est. reading time":"2 minute"},"schema":{"@context":"https:\/\/schema.org","@graph":[{"@type":"Article","@id":"https:\/\/tuzlainfo.ba\/index.php\/istaknuto\/item\/228166-u-bih-i-dalje-traje-nestasica-lijekova-za-jedan-djeciji-sirup-nema-zamjene\/#article","isPartOf":{"@id":"https:\/\/tuzlainfo.ba\/index.php\/istaknuto\/item\/228166-u-bih-i-dalje-traje-nestasica-lijekova-za-jedan-djeciji-sirup-nema-zamjene\/"},"author":{"name":"Tuzla Info","@id":"https:\/\/tuzlainfo.ba\/#\/schema\/person\/46cad4c57790cbc50781edd14870825a"},"headline":"U BiH i dalje traje nesta\u0161ica lijekova, za jedan dje\u010diji sirup nema zamjene","datePublished":"2024-01-22T20:04:52+00:00","dateModified":"2024-01-22T17:56:48+00:00","mainEntityOfPage":{"@id":"https:\/\/tuzlainfo.ba\/index.php\/istaknuto\/item\/228166-u-bih-i-dalje-traje-nestasica-lijekova-za-jedan-djeciji-sirup-nema-zamjene\/"},"wordCount":395,"publisher":{"@id":"https:\/\/tuzlainfo.ba\/#organization"},"image":{"@id":"https:\/\/tuzlainfo.ba\/index.php\/istaknuto\/item\/228166-u-bih-i-dalje-traje-nestasica-lijekova-za-jedan-djeciji-sirup-nema-zamjene\/#primaryimage"},"thumbnailUrl":"https:\/\/tuzlainfo.ba\/wp-content\/uploads\/2019\/11\/sadrzaj_2019_20191101_0611_lijekovi.jpg","keywords":["bih","lijekovi","nesta\u0161ica"],"articleSection":["Bosna i Hercegovina","Istaknuto","Uncategorized"],"inLanguage":"bs-BA"},{"@type":"WebPage","@id":"https:\/\/tuzlainfo.ba\/index.php\/istaknuto\/item\/228166-u-bih-i-dalje-traje-nestasica-lijekova-za-jedan-djeciji-sirup-nema-zamjene\/","url":"https:\/\/tuzlainfo.ba\/index.php\/istaknuto\/item\/228166-u-bih-i-dalje-traje-nestasica-lijekova-za-jedan-djeciji-sirup-nema-zamjene\/","name":"U BiH i dalje traje nesta\u0161ica lijekova, za jedan dje\u010diji sirup nema zamjene - TuzlaInfo.ba","isPartOf":{"@id":"https:\/\/tuzlainfo.ba\/#website"},"primaryImageOfPage":{"@id":"https:\/\/tuzlainfo.ba\/index.php\/istaknuto\/item\/228166-u-bih-i-dalje-traje-nestasica-lijekova-za-jedan-djeciji-sirup-nema-zamjene\/#primaryimage"},"image":{"@id":"https:\/\/tuzlainfo.ba\/index.php\/istaknuto\/item\/228166-u-bih-i-dalje-traje-nestasica-lijekova-za-jedan-djeciji-sirup-nema-zamjene\/#primaryimage"},"thumbnailUrl":"https:\/\/tuzlainfo.ba\/wp-content\/uploads\/2019\/11\/sadrzaj_2019_20191101_0611_lijekovi.jpg","datePublished":"2024-01-22T20:04:52+00:00","dateModified":"2024-01-22T17:56:48+00:00","breadcrumb":{"@id":"https:\/\/tuzlainfo.ba\/index.php\/istaknuto\/item\/228166-u-bih-i-dalje-traje-nestasica-lijekova-za-jedan-djeciji-sirup-nema-zamjene\/#breadcrumb"},"inLanguage":"bs-BA","potentialAction":[{"@type":"ReadAction","target":["https:\/\/tuzlainfo.ba\/index.php\/istaknuto\/item\/228166-u-bih-i-dalje-traje-nestasica-lijekova-za-jedan-djeciji-sirup-nema-zamjene\/"]}]},{"@type":"ImageObject","inLanguage":"bs-BA","@id":"https:\/\/tuzlainfo.ba\/index.php\/istaknuto\/item\/228166-u-bih-i-dalje-traje-nestasica-lijekova-za-jedan-djeciji-sirup-nema-zamjene\/#primaryimage","url":"https:\/\/tuzlainfo.ba\/wp-content\/uploads\/2019\/11\/sadrzaj_2019_20191101_0611_lijekovi.jpg","contentUrl":"https:\/\/tuzlainfo.ba\/wp-content\/uploads\/2019\/11\/sadrzaj_2019_20191101_0611_lijekovi.jpg","width":770,"height":512,"caption":"Foto: Ilustracija"},{"@type":"BreadcrumbList","@id":"https:\/\/tuzlainfo.ba\/index.php\/istaknuto\/item\/228166-u-bih-i-dalje-traje-nestasica-lijekova-za-jedan-djeciji-sirup-nema-zamjene\/#breadcrumb","itemListElement":[{"@type":"ListItem","position":1,"name":"Home","item":"https:\/\/tuzlainfo.ba\/"},{"@type":"ListItem","position":2,"name":"U BiH i dalje traje nesta\u0161ica lijekova, za jedan dje\u010diji sirup nema zamjene"}]},{"@type":"WebSite","@id":"https:\/\/tuzlainfo.ba\/#website","url":"https:\/\/tuzlainfo.ba\/","name":"TuzlaInfo.ba","description":"Tuzla info, gradski informator - Tuzla na dlanu","publisher":{"@id":"https:\/\/tuzlainfo.ba\/#organization"},"potentialAction":[{"@type":"SearchAction","target":{"@type":"EntryPoint","urlTemplate":"https:\/\/tuzlainfo.ba\/?s={search_term_string}"},"query-input":{"@type":"PropertyValueSpecification","valueRequired":true,"valueName":"search_term_string"}}],"inLanguage":"bs-BA"},{"@type":"Organization","@id":"https:\/\/tuzlainfo.ba\/#organization","name":"TuzlaInfo.ba","url":"https:\/\/tuzlainfo.ba\/","logo":{"@type":"ImageObject","inLanguage":"bs-BA","@id":"https:\/\/tuzlainfo.ba\/#\/schema\/logo\/image\/","url":"https:\/\/tuzlainfo.ba\/wp-content\/uploads\/2021\/03\/logo-ver-3-1.png","contentUrl":"https:\/\/tuzlainfo.ba\/wp-content\/uploads\/2021\/03\/logo-ver-3-1.png","width":350,"height":95,"caption":"TuzlaInfo.ba"},"image":{"@id":"https:\/\/tuzlainfo.ba\/#\/schema\/logo\/image\/"},"sameAs":["https:\/\/www.facebook.com\/tuzlainfo.ba\/"]},{"@type":"Person","@id":"https:\/\/tuzlainfo.ba\/#\/schema\/person\/46cad4c57790cbc50781edd14870825a","name":"Tuzla Info","image":{"@type":"ImageObject","inLanguage":"bs-BA","@id":"https:\/\/tuzlainfo.ba\/#\/schema\/person\/image\/","url":"https:\/\/tuzlainfo.ba\/wp-content\/litespeed\/avatar\/b6c453a6c38e3654f2e4416c643fc25c.jpg?ver=1777051911","contentUrl":"https:\/\/tuzlainfo.ba\/wp-content\/litespeed\/avatar\/b6c453a6c38e3654f2e4416c643fc25c.jpg?ver=1777051911","caption":"Tuzla Info"}}]}},"_links":{"self":[{"href":"https:\/\/tuzlainfo.ba\/index.php\/wp-json\/wp\/v2\/posts\/228166"}],"collection":[{"href":"https:\/\/tuzlainfo.ba\/index.php\/wp-json\/wp\/v2\/posts"}],"about":[{"href":"https:\/\/tuzlainfo.ba\/index.php\/wp-json\/wp\/v2\/types\/post"}],"author":[{"embeddable":true,"href":"https:\/\/tuzlainfo.ba\/index.php\/wp-json\/wp\/v2\/users\/4"}],"replies":[{"embeddable":true,"href":"https:\/\/tuzlainfo.ba\/index.php\/wp-json\/wp\/v2\/comments?post=228166"}],"version-history":[{"count":2,"href":"https:\/\/tuzlainfo.ba\/index.php\/wp-json\/wp\/v2\/posts\/228166\/revisions"}],"predecessor-version":[{"id":228168,"href":"https:\/\/tuzlainfo.ba\/index.php\/wp-json\/wp\/v2\/posts\/228166\/revisions\/228168"}],"wp:featuredmedia":[{"embeddable":true,"href":"https:\/\/tuzlainfo.ba\/index.php\/wp-json\/wp\/v2\/media\/74578"}],"wp:attachment":[{"href":"https:\/\/tuzlainfo.ba\/index.php\/wp-json\/wp\/v2\/media?parent=228166"}],"wp:term":[{"taxonomy":"category","embeddable":true,"href":"https:\/\/tuzlainfo.ba\/index.php\/wp-json\/wp\/v2\/categories?post=228166"},{"taxonomy":"post_tag","embeddable":true,"href":"https:\/\/tuzlainfo.ba\/index.php\/wp-json\/wp\/v2\/tags?post=228166"}],"curies":[{"name":"wp","href":"https:\/\/api.w.org\/{rel}","templated":true}]}}